{"id":75111,"date":"2026-03-12T16:50:29","date_gmt":"2026-03-12T22:50:29","guid":{"rendered":"https:\/\/www.bbmnoticias.com\/labravaradiofm\/2026\/03\/12\/seleccion-de-iran-responde-a-las-amenazas-de-donald-trump-para-no-asistir-a-la-copa-del-mundo-2026\/"},"modified":"2026-03-12T16:50:49","modified_gmt":"2026-03-12T22:50:49","slug":"seleccion-de-iran-responde-a-las-amenazas-de-donald-trump-para-no-asistir-a-la-copa-del-mundo-2026","status":"publish","type":"post","link":"https:\/\/www.bbmnoticias.com\/labravaradiofm\/2026\/03\/12\/seleccion-de-iran-responde-a-las-amenazas-de-donald-trump-para-no-asistir-a-la-copa-del-mundo-2026\/","title":{"rendered":"Selecci\u00f3n de Ir\u00e1n responde a las amenazas de Donald Trump para no asistir a la Copa del Mundo 2026"},"content":{"rendered":"<div style=\"margin-top: 0px; margin-bottom: 0px;\" class=\"sharethis-inline-share-buttons\" ><\/div>\n<p>Este jueves 12 de marzo, la <strong>Selecci\u00f3n de Ir\u00e1n<\/strong> public\u00f3 un comunicado en su cuenta de <strong>Instagram<\/strong>, donde responde a las \u201camenazas\u201d de Donald Trump tras darse a conocer que la selecci\u00f3n nacional iran\u00ed&nbsp;no asistir\u00e1 a la Copa del Mundo que se organizara en Canad\u00e1, <strong>Estados Unidos<\/strong> y M\u00e9xico.<\/p>\n\n\n\n<p>\u201cLa Copa del Mundo es un hist\u00f3rico evento internacional y su organizador es FIFA no un pa\u00eds en particular. La Selecci\u00f3n Nacional de Ir\u00e1n se gan\u00f3 su clasificaci\u00f3n con fuerza y esfuerzo en una serie de victorias decisivas ganadas con la valent\u00eda de los hijos de Ir\u00e1n por eso fue uno de los primeros equipos en calificar al torneo\u201d, dice el comunicado de Ir\u00e1n.<\/p>\n\n\n\n<p>Adem\u00e1s recalcan que nadie puede excluir a la<strong> Selecci\u00f3n de Ir\u00e1n<\/strong> de la Copa del Mundo y que en ese caso, el \u00fanico equipo que debe ser expulsado debe ser el \u201canfitri\u00f3n\u201d que no puede garantizar la seguridad de los equipos que est\u00e1n participando en un evento global como lo es la <strong>Copa del Mundo.<\/strong><\/p>\n","protected":false},"excerpt":{"rendered":"<p>Este jueves 12 de marzo, la Selecci\u00f3n de Ir\u00e1n public\u00f3 un comunicado en su cuenta de Instagram, donde responde a las \u201camenazas\u201d de Donald Trump tras darse a conocer que la selecci\u00f3n nacional iran\u00ed&nbsp;no asistir\u00e1 a la Copa del Mundo que se organizara en Canad\u00e1, Estados Unidos y M\u00e9xico. \u201cLa Copa del Mundo es un [&hellip;]<\/p>\n","protected":false},"author":15,"featured_media":75113,"comment_status":"closed","ping_status":"open","sticky":false,"template":"","format":"standard","meta":{"footnotes":""},"categories":[21,2],"tags":[],"class_list":{"0":"post-75111","1":"post","2":"type-post","3":"status-publish","4":"format-standard","5":"has-post-thumbnail","7":"category-deportes","8":"category-oaxaca"},"yoast_head":"<!-- This site is optimized with the Yoast SEO plugin v27.4 - https:\/\/yoast.com\/product\/yoast-seo-wordpress\/ -->\n<title>Selecci\u00f3n de Ir\u00e1n responde a las amenazas de Donald Trump para no asistir a la Copa del Mundo 2026 - LA BRAVA RADIO<\/title>\n<meta name=\"robots\" content=\"index, follow, max-snippet:-1, max-image-preview:large, max-video-preview:-1\" \/>\n<link rel=\"canonical\" href=\"https:\/\/www.bbmnoticias.com\/seleccion-de-iran-responde-a-las-amenazas-de-donald-trump-para-no-asistir-a-la-copa-del-mundo-2026\/\" \/>\n<meta property=\"og:locale\" content=\"es_MX\" \/>\n<meta property=\"og:type\" content=\"article\" \/>\n<meta property=\"og:title\" content=\"Selecci\u00f3n de Ir\u00e1n responde a las amenazas de Donald Trump para no asistir a la Copa del Mundo 2026 - LA BRAVA RADIO\" \/>\n<meta property=\"og:description\" content=\"Este jueves 12 de marzo, la Selecci\u00f3n de Ir\u00e1n public\u00f3 un comunicado en su cuenta de Instagram, donde responde a las \u201camenazas\u201d de Donald Trump tras darse a conocer que la selecci\u00f3n nacional iran\u00ed&nbsp;no asistir\u00e1 a la Copa del Mundo que se organizara en Canad\u00e1, Estados Unidos y M\u00e9xico. \u201cLa Copa del Mundo es un [&hellip;]\" \/>\n<meta property=\"og:url\" content=\"https:\/\/www.bbmnoticias.com\/seleccion-de-iran-responde-a-las-amenazas-de-donald-trump-para-no-asistir-a-la-copa-del-mundo-2026\/\" \/>\n<meta property=\"og:site_name\" content=\"LA BRAVA RADIO\" \/>\n<meta property=\"article:published_time\" content=\"2026-03-12T22:50:29+00:00\" \/>\n<meta property=\"article:modified_time\" content=\"2026-03-12T22:50:49+00:00\" \/>\n<meta property=\"og:image\" content=\"https:\/\/www.bbmnoticias.com\/labravaradiofm\/wp-content\/uploads\/sites\/5\/2026\/03\/545515.jpg\" \/>\n\t<meta property=\"og:image:width\" content=\"1081\" \/>\n\t<meta property=\"og:image:height\" content=\"679\" \/>\n\t<meta property=\"og:image:type\" content=\"image\/jpeg\" \/>\n<meta name=\"author\" content=\"El Heraldo\" \/>\n<meta name=\"twitter:card\" content=\"summary_large_image\" \/>\n<meta name=\"twitter:label1\" content=\"Escrito por\" \/>\n\t<meta name=\"twitter:data1\" content=\"El Heraldo\" \/>\n\t<meta name=\"twitter:label2\" content=\"Tiempo de lectura\" \/>\n\t<meta name=\"twitter:data2\" content=\"1 minuto\" \/>\n<script type=\"application\/ld+json\" class=\"yoast-schema-graph\">{\"@context\":\"https:\\\/\\\/schema.org\",\"@graph\":[{\"@type\":\"Article\",\"@id\":\"https:\\\/\\\/www.bbmnoticias.com\\\/seleccion-de-iran-responde-a-las-amenazas-de-donald-trump-para-no-asistir-a-la-copa-del-mundo-2026\\\/#article\",\"isPartOf\":{\"@id\":\"https:\\\/\\\/www.bbmnoticias.com\\\/labravaradiofm\\\/2026\\\/03\\\/12\\\/seleccion-de-iran-responde-a-las-amenazas-de-donald-trump-para-no-asistir-a-la-copa-del-mundo-2026\\\/\"},\"author\":{\"name\":\"El Heraldo\",\"@id\":\"https:\\\/\\\/www.bbmnoticias.com\\\/labravaradiofm\\\/#\\\/schema\\\/person\\\/78ff63fb371c799850071f4b5feb0b7a\"},\"headline\":\"Selecci\u00f3n de Ir\u00e1n responde a las amenazas de Donald Trump para no asistir a la Copa del Mundo 2026\",\"datePublished\":\"2026-03-12T22:50:29+00:00\",\"dateModified\":\"2026-03-12T22:50:49+00:00\",\"mainEntityOfPage\":{\"@id\":\"https:\\\/\\\/www.bbmnoticias.com\\\/labravaradiofm\\\/2026\\\/03\\\/12\\\/seleccion-de-iran-responde-a-las-amenazas-de-donald-trump-para-no-asistir-a-la-copa-del-mundo-2026\\\/\"},\"wordCount\":206,\"image\":{\"@id\":\"https:\\\/\\\/www.bbmnoticias.com\\\/seleccion-de-iran-responde-a-las-amenazas-de-donald-trump-para-no-asistir-a-la-copa-del-mundo-2026\\\/#primaryimage\"},\"thumbnailUrl\":\"https:\\\/\\\/www.bbmnoticias.com\\\/labravaradiofm\\\/wp-content\\\/uploads\\\/sites\\\/5\\\/2026\\\/03\\\/545515.jpg\",\"articleSection\":[\"DEPORTES\",\"LOCAL\"],\"inLanguage\":\"es\"},{\"@type\":\"WebPage\",\"@id\":\"https:\\\/\\\/www.bbmnoticias.com\\\/labravaradiofm\\\/2026\\\/03\\\/12\\\/seleccion-de-iran-responde-a-las-amenazas-de-donald-trump-para-no-asistir-a-la-copa-del-mundo-2026\\\/\",\"url\":\"https:\\\/\\\/www.bbmnoticias.com\\\/seleccion-de-iran-responde-a-las-amenazas-de-donald-trump-para-no-asistir-a-la-copa-del-mundo-2026\\\/\",\"name\":\"Selecci\u00f3n de Ir\u00e1n responde a las amenazas de Donald Trump para no asistir a la Copa del Mundo 2026 - LA BRAVA RADIO\",\"isPartOf\":{\"@id\":\"https:\\\/\\\/www.bbmnoticias.com\\\/labravaradiofm\\\/#website\"},\"primaryImageOfPage\":{\"@id\":\"https:\\\/\\\/www.bbmnoticias.com\\\/seleccion-de-iran-responde-a-las-amenazas-de-donald-trump-para-no-asistir-a-la-copa-del-mundo-2026\\\/#primaryimage\"},\"image\":{\"@id\":\"https:\\\/\\\/www.bbmnoticias.com\\\/seleccion-de-iran-responde-a-las-amenazas-de-donald-trump-para-no-asistir-a-la-copa-del-mundo-2026\\\/#primaryimage\"},\"thumbnailUrl\":\"https:\\\/\\\/www.bbmnoticias.com\\\/labravaradiofm\\\/wp-content\\\/uploads\\\/sites\\\/5\\\/2026\\\/03\\\/545515.jpg\",\"datePublished\":\"2026-03-12T22:50:29+00:00\",\"dateModified\":\"2026-03-12T22:50:49+00:00\",\"author\":{\"@id\":\"https:\\\/\\\/www.bbmnoticias.com\\\/labravaradiofm\\\/#\\\/schema\\\/person\\\/78ff63fb371c799850071f4b5feb0b7a\"},\"breadcrumb\":{\"@id\":\"https:\\\/\\\/www.bbmnoticias.com\\\/seleccion-de-iran-responde-a-las-amenazas-de-donald-trump-para-no-asistir-a-la-copa-del-mundo-2026\\\/#breadcrumb\"},\"inLanguage\":\"es\",\"potentialAction\":[{\"@type\":\"ReadAction\",\"target\":[\"https:\\\/\\\/www.bbmnoticias.com\\\/seleccion-de-iran-responde-a-las-amenazas-de-donald-trump-para-no-asistir-a-la-copa-del-mundo-2026\\\/\"]}]},{\"@type\":\"ImageObject\",\"inLanguage\":\"es\",\"@id\":\"https:\\\/\\\/www.bbmnoticias.com\\\/seleccion-de-iran-responde-a-las-amenazas-de-donald-trump-para-no-asistir-a-la-copa-del-mundo-2026\\\/#primaryimage\",\"url\":\"https:\\\/\\\/www.bbmnoticias.com\\\/labravaradiofm\\\/wp-content\\\/uploads\\\/sites\\\/5\\\/2026\\\/03\\\/545515.jpg\",\"contentUrl\":\"https:\\\/\\\/www.bbmnoticias.com\\\/labravaradiofm\\\/wp-content\\\/uploads\\\/sites\\\/5\\\/2026\\\/03\\\/545515.jpg\",\"width\":1081,\"height\":679},{\"@type\":\"BreadcrumbList\",\"@id\":\"https:\\\/\\\/www.bbmnoticias.com\\\/seleccion-de-iran-responde-a-las-amenazas-de-donald-trump-para-no-asistir-a-la-copa-del-mundo-2026\\\/#breadcrumb\",\"itemListElement\":[{\"@type\":\"ListItem\",\"position\":1,\"name\":\"Inicio\",\"item\":\"https:\\\/\\\/www.bbmnoticias.com\\\/labravaradiofm\\\/\"},{\"@type\":\"ListItem\",\"position\":2,\"name\":\"Selecci\u00f3n de Ir\u00e1n responde a las amenazas de Donald Trump para no asistir a la Copa del Mundo 2026\"}]},{\"@type\":\"WebSite\",\"@id\":\"https:\\\/\\\/www.bbmnoticias.com\\\/labravaradiofm\\\/#website\",\"url\":\"https:\\\/\\\/www.bbmnoticias.com\\\/labravaradiofm\\\/\",\"name\":\"LA BRAVA RADIO\",\"description\":\"Empresa productora de medios, Radiodifusi\u00f3n, Noticias, tendencias y todo lo que necesitas saber de la pol\u00edtica mexicana e internacional; entretenimiento, espect\u00e1culos, salud y mucho m\u00e1s.\",\"potentialAction\":[{\"@type\":\"SearchAction\",\"target\":{\"@type\":\"EntryPoint\",\"urlTemplate\":\"https:\\\/\\\/www.bbmnoticias.com\\\/labravaradiofm\\\/?s={search_term_string}\"},\"query-input\":{\"@type\":\"PropertyValueSpecification\",\"valueRequired\":true,\"valueName\":\"search_term_string\"}}],\"inLanguage\":\"es\"},{\"@type\":\"Person\",\"@id\":\"https:\\\/\\\/www.bbmnoticias.com\\\/labravaradiofm\\\/#\\\/schema\\\/person\\\/78ff63fb371c799850071f4b5feb0b7a\",\"name\":\"El Heraldo\",\"image\":{\"@type\":\"ImageObject\",\"inLanguage\":\"es\",\"@id\":\"https:\\\/\\\/secure.gravatar.com\\\/avatar\\\/463017be041288b5a196814ef7242bd62699b857f306e4b5b61b533e8a87f404?s=96&d=mm&r=g\",\"url\":\"https:\\\/\\\/secure.gravatar.com\\\/avatar\\\/463017be041288b5a196814ef7242bd62699b857f306e4b5b61b533e8a87f404?s=96&d=mm&r=g\",\"contentUrl\":\"https:\\\/\\\/secure.gravatar.com\\\/avatar\\\/463017be041288b5a196814ef7242bd62699b857f306e4b5b61b533e8a87f404?s=96&d=mm&r=g\",\"caption\":\"El Heraldo\"},\"url\":\"https:\\\/\\\/www.bbmnoticias.com\\\/labravaradiofm\\\/author\\\/heraldo\\\/\"}]}<\/script>\n<!-- \/ Yoast SEO plugin. -->","yoast_head_json":{"title":"Selecci\u00f3n de Ir\u00e1n responde a las amenazas de Donald Trump para no asistir a la Copa del Mundo 2026 - LA BRAVA RADIO","robots":{"index":"index","follow":"follow","max-snippet":"max-snippet:-1","max-image-preview":"max-image-preview:large","max-video-preview":"max-video-preview:-1"},"canonical":"https:\/\/www.bbmnoticias.com\/seleccion-de-iran-responde-a-las-amenazas-de-donald-trump-para-no-asistir-a-la-copa-del-mundo-2026\/","og_locale":"es_MX","og_type":"article","og_title":"Selecci\u00f3n de Ir\u00e1n responde a las amenazas de Donald Trump para no asistir a la Copa del Mundo 2026 - LA BRAVA RADIO","og_description":"Este jueves 12 de marzo, la Selecci\u00f3n de Ir\u00e1n public\u00f3 un comunicado en su cuenta de Instagram, donde responde a las \u201camenazas\u201d de Donald Trump tras darse a conocer que la selecci\u00f3n nacional iran\u00ed&nbsp;no asistir\u00e1 a la Copa del Mundo que se organizara en Canad\u00e1, Estados Unidos y M\u00e9xico. \u201cLa Copa del Mundo es un [&hellip;]","og_url":"https:\/\/www.bbmnoticias.com\/seleccion-de-iran-responde-a-las-amenazas-de-donald-trump-para-no-asistir-a-la-copa-del-mundo-2026\/","og_site_name":"LA BRAVA RADIO","article_published_time":"2026-03-12T22:50:29+00:00","article_modified_time":"2026-03-12T22:50:49+00:00","og_image":[{"width":1081,"height":679,"url":"https:\/\/www.bbmnoticias.com\/labravaradiofm\/wp-content\/uploads\/sites\/5\/2026\/03\/545515.jpg","type":"image\/jpeg"}],"author":"El Heraldo","twitter_card":"summary_large_image","twitter_misc":{"Escrito por":"El Heraldo","Tiempo de lectura":"1 minuto"},"schema":{"@context":"https:\/\/schema.org","@graph":[{"@type":"Article","@id":"https:\/\/www.bbmnoticias.com\/seleccion-de-iran-responde-a-las-amenazas-de-donald-trump-para-no-asistir-a-la-copa-del-mundo-2026\/#article","isPartOf":{"@id":"https:\/\/www.bbmnoticias.com\/labravaradiofm\/2026\/03\/12\/seleccion-de-iran-responde-a-las-amenazas-de-donald-trump-para-no-asistir-a-la-copa-del-mundo-2026\/"},"author":{"name":"El Heraldo","@id":"https:\/\/www.bbmnoticias.com\/labravaradiofm\/#\/schema\/person\/78ff63fb371c799850071f4b5feb0b7a"},"headline":"Selecci\u00f3n de Ir\u00e1n responde a las amenazas de Donald Trump para no asistir a la Copa del Mundo 2026","datePublished":"2026-03-12T22:50:29+00:00","dateModified":"2026-03-12T22:50:49+00:00","mainEntityOfPage":{"@id":"https:\/\/www.bbmnoticias.com\/labravaradiofm\/2026\/03\/12\/seleccion-de-iran-responde-a-las-amenazas-de-donald-trump-para-no-asistir-a-la-copa-del-mundo-2026\/"},"wordCount":206,"image":{"@id":"https:\/\/www.bbmnoticias.com\/seleccion-de-iran-responde-a-las-amenazas-de-donald-trump-para-no-asistir-a-la-copa-del-mundo-2026\/#primaryimage"},"thumbnailUrl":"https:\/\/www.bbmnoticias.com\/labravaradiofm\/wp-content\/uploads\/sites\/5\/2026\/03\/545515.jpg","articleSection":["DEPORTES","LOCAL"],"inLanguage":"es"},{"@type":"WebPage","@id":"https:\/\/www.bbmnoticias.com\/labravaradiofm\/2026\/03\/12\/seleccion-de-iran-responde-a-las-amenazas-de-donald-trump-para-no-asistir-a-la-copa-del-mundo-2026\/","url":"https:\/\/www.bbmnoticias.com\/seleccion-de-iran-responde-a-las-amenazas-de-donald-trump-para-no-asistir-a-la-copa-del-mundo-2026\/","name":"Selecci\u00f3n de Ir\u00e1n responde a las amenazas de Donald Trump para no asistir a la Copa del Mundo 2026 - LA BRAVA RADIO","isPartOf":{"@id":"https:\/\/www.bbmnoticias.com\/labravaradiofm\/#website"},"primaryImageOfPage":{"@id":"https:\/\/www.bbmnoticias.com\/seleccion-de-iran-responde-a-las-amenazas-de-donald-trump-para-no-asistir-a-la-copa-del-mundo-2026\/#primaryimage"},"image":{"@id":"https:\/\/www.bbmnoticias.com\/seleccion-de-iran-responde-a-las-amenazas-de-donald-trump-para-no-asistir-a-la-copa-del-mundo-2026\/#primaryimage"},"thumbnailUrl":"https:\/\/www.bbmnoticias.com\/labravaradiofm\/wp-content\/uploads\/sites\/5\/2026\/03\/545515.jpg","datePublished":"2026-03-12T22:50:29+00:00","dateModified":"2026-03-12T22:50:49+00:00","author":{"@id":"https:\/\/www.bbmnoticias.com\/labravaradiofm\/#\/schema\/person\/78ff63fb371c799850071f4b5feb0b7a"},"breadcrumb":{"@id":"https:\/\/www.bbmnoticias.com\/seleccion-de-iran-responde-a-las-amenazas-de-donald-trump-para-no-asistir-a-la-copa-del-mundo-2026\/#breadcrumb"},"inLanguage":"es","potentialAction":[{"@type":"ReadAction","target":["https:\/\/www.bbmnoticias.com\/seleccion-de-iran-responde-a-las-amenazas-de-donald-trump-para-no-asistir-a-la-copa-del-mundo-2026\/"]}]},{"@type":"ImageObject","inLanguage":"es","@id":"https:\/\/www.bbmnoticias.com\/seleccion-de-iran-responde-a-las-amenazas-de-donald-trump-para-no-asistir-a-la-copa-del-mundo-2026\/#primaryimage","url":"https:\/\/www.bbmnoticias.com\/labravaradiofm\/wp-content\/uploads\/sites\/5\/2026\/03\/545515.jpg","contentUrl":"https:\/\/www.bbmnoticias.com\/labravaradiofm\/wp-content\/uploads\/sites\/5\/2026\/03\/545515.jpg","width":1081,"height":679},{"@type":"BreadcrumbList","@id":"https:\/\/www.bbmnoticias.com\/seleccion-de-iran-responde-a-las-amenazas-de-donald-trump-para-no-asistir-a-la-copa-del-mundo-2026\/#breadcrumb","itemListElement":[{"@type":"ListItem","position":1,"name":"Inicio","item":"https:\/\/www.bbmnoticias.com\/labravaradiofm\/"},{"@type":"ListItem","position":2,"name":"Selecci\u00f3n de Ir\u00e1n responde a las amenazas de Donald Trump para no asistir a la Copa del Mundo 2026"}]},{"@type":"WebSite","@id":"https:\/\/www.bbmnoticias.com\/labravaradiofm\/#website","url":"https:\/\/www.bbmnoticias.com\/labravaradiofm\/","name":"LA BRAVA RADIO","description":"Empresa productora de medios, Radiodifusi\u00f3n, Noticias, tendencias y todo lo que necesitas saber de la pol\u00edtica mexicana e internacional; entretenimiento, espect\u00e1culos, salud y mucho m\u00e1s.","potentialAction":[{"@type":"SearchAction","target":{"@type":"EntryPoint","urlTemplate":"https:\/\/www.bbmnoticias.com\/labravaradiofm\/?s={search_term_string}"},"query-input":{"@type":"PropertyValueSpecification","valueRequired":true,"valueName":"search_term_string"}}],"inLanguage":"es"},{"@type":"Person","@id":"https:\/\/www.bbmnoticias.com\/labravaradiofm\/#\/schema\/person\/78ff63fb371c799850071f4b5feb0b7a","name":"El Heraldo","image":{"@type":"ImageObject","inLanguage":"es","@id":"https:\/\/secure.gravatar.com\/avatar\/463017be041288b5a196814ef7242bd62699b857f306e4b5b61b533e8a87f404?s=96&d=mm&r=g","url":"https:\/\/secure.gravatar.com\/avatar\/463017be041288b5a196814ef7242bd62699b857f306e4b5b61b533e8a87f404?s=96&d=mm&r=g","contentUrl":"https:\/\/secure.gravatar.com\/avatar\/463017be041288b5a196814ef7242bd62699b857f306e4b5b61b533e8a87f404?s=96&d=mm&r=g","caption":"El Heraldo"},"url":"https:\/\/www.bbmnoticias.com\/labravaradiofm\/author\/heraldo\/"}]}},"_links":{"self":[{"href":"https:\/\/www.bbmnoticias.com\/labravaradiofm\/wp-json\/wp\/v2\/posts\/75111","targetHints":{"allow":["GET"]}}],"collection":[{"href":"https:\/\/www.bbmnoticias.com\/labravaradiofm\/wp-json\/wp\/v2\/posts"}],"about":[{"href":"https:\/\/www.bbmnoticias.com\/labravaradiofm\/wp-json\/wp\/v2\/types\/post"}],"author":[{"embeddable":true,"href":"https:\/\/www.bbmnoticias.com\/labravaradiofm\/wp-json\/wp\/v2\/users\/15"}],"replies":[{"embeddable":true,"href":"https:\/\/www.bbmnoticias.com\/labravaradiofm\/wp-json\/wp\/v2\/comments?post=75111"}],"version-history":[{"count":1,"href":"https:\/\/www.bbmnoticias.com\/labravaradiofm\/wp-json\/wp\/v2\/posts\/75111\/revisions"}],"predecessor-version":[{"id":75112,"href":"https:\/\/www.bbmnoticias.com\/labravaradiofm\/wp-json\/wp\/v2\/posts\/75111\/revisions\/75112"}],"wp:featuredmedia":[{"embeddable":true,"href":"https:\/\/www.bbmnoticias.com\/labravaradiofm\/wp-json\/wp\/v2\/media\/75113"}],"wp:attachment":[{"href":"https:\/\/www.bbmnoticias.com\/labravaradiofm\/wp-json\/wp\/v2\/media?parent=75111"}],"wp:term":[{"taxonomy":"category","embeddable":true,"href":"https:\/\/www.bbmnoticias.com\/labravaradiofm\/wp-json\/wp\/v2\/categories?post=75111"},{"taxonomy":"post_tag","embeddable":true,"href":"https:\/\/www.bbmnoticias.com\/labravaradiofm\/wp-json\/wp\/v2\/tags?post=75111"}],"curies":[{"name":"wp","href":"https:\/\/api.w.org\/{rel}","templated":true}]}}