{"id":7511,"date":"2021-12-20T17:45:43","date_gmt":"2021-12-20T23:45:43","guid":{"rendered":"https:\/\/www.bbmnoticias.com\/labravaradiofm\/?p=7511"},"modified":"2021-12-20T17:45:45","modified_gmt":"2021-12-20T23:45:45","slug":"ascienden-a-23-los-casos-de-variante-omicron-en-mexico","status":"publish","type":"post","link":"https:\/\/www.bbmnoticias.com\/labravaradiofm\/2021\/12\/20\/ascienden-a-23-los-casos-de-variante-omicron-en-mexico\/","title":{"rendered":"Ascienden a 23 los casos de variante \u00f3micron en M\u00e9xico"},"content":{"rendered":"<div style=\"margin-top: 0px; margin-bottom: 0px;\" class=\"sharethis-inline-share-buttons\" ><\/div>\n<p>A casi 20 d\u00edas de que \u00f3micron llegara a M\u00e9xico, la base de datos GISAID (Global Initiative on Sharing All Influenza Data) reporta que existen 23 casos de esta variante del coronavirus en territorio nacional. La plataforma fue creada para monitorear casos de influenza alrededor del mundo; sin embargo, tambi\u00e9n se utiliza para rastrear casos de covid-19, sobre todo de la nueva variante.<\/p>\n\n\n\n<p>De acuerdo con el mapa, los casos se encuentran en Ciudad de M\u00e9xico con 16 casos, Estado de M\u00e9xico con seis, y Tamaulipas con uno. Los datos enviados a GISAD son proporcionados por el Instituto Nacional de Medicina Gen\u00f3mica, quien a su vez recibe informaci\u00f3n de laboratorios como Salud Digna y Ari\u00f3n Gen\u00e9tica. Desde el 20 de diciembre de 2021, alrededor de 77 pa\u00edses compartieron con GISAD 17 mil 253 secuencias del genoma de \u00f3micron con una velocidad sin precedentes desde la recolecci\u00f3n de muestras hasta hacer que estos datos quedar\u00e1n en la base de datos en algunos casos en menos de 24 horas. <\/p>\n\n\n\n<p>Entre las personas detectadas con \u00f3micron en el pa\u00eds se encuentra el primer caso, el de un hombre extranjero de 51 a\u00f1os, vacunado con ambas dosis de Pfizer, quien adem\u00e1s se intern\u00f3 en el Hospital \u00c1ngeles Lomas presentando s\u00edntomas leves. Actualmente ya est\u00e1 dado de alta. Los casos reci\u00e9n notificados est\u00e1n bajo vigilancia m\u00e9dica y en cuarentena. Se ha detectado que del linaje de inter\u00e9s B.1.1.529, como se denomin\u00f3 \u00f3micron, todos los positivos son descendientes BA.1. La variante B.1.1.529 tiene como descendientes BA.1 y BA.2. En las \u00faltimas semanas se han analizado casos sospechosos en Sinaloa, Quintana Roo, Coahuila, Tamaulipas, Jalisco y Ciudad de M\u00e9xico. Por su parte, autoridades federales iniciaron un proceso de rastreo de casos de sus familiares, amigos y colegas de trabajo, con los que interactuaron luego de regresar de un viaje del extranjero para descartar o bien confirmar una posible transmisi\u00f3n dentro del territorio mexicano; es decir, determinar si se trata de un caso importado o ya hay transmisi\u00f3n comunitaria. <\/p>\n","protected":false},"excerpt":{"rendered":"<p>A casi 20 d\u00edas de que \u00f3micron llegara a M\u00e9xico, la base de datos GISAID (Global Initiative on Sharing All Influenza Data) reporta que existen 23 casos de esta variante del coronavirus en territorio nacional. La plataforma fue creada para monitorear casos de influenza alrededor del mundo; sin embargo, tambi\u00e9n se utiliza para rastrear casos [&hellip;]<\/p>\n","protected":false},"author":9,"featured_media":7513,"comment_status":"closed","ping_status":"closed","sticky":false,"template":"","format":"standard","meta":{"footnotes":""},"categories":[19],"tags":[],"class_list":{"0":"post-7511","1":"post","2":"type-post","3":"status-publish","4":"format-standard","5":"has-post-thumbnail","7":"category-nacional"},"yoast_head":"<!-- This site is optimized with the Yoast SEO plugin v27.4 - https:\/\/yoast.com\/product\/yoast-seo-wordpress\/ -->\n<title>Ascienden a 23 los casos de variante \u00f3micron en M\u00e9xico - LA BRAVA RADIO<\/title>\n<meta name=\"robots\" content=\"index, follow, max-snippet:-1, max-image-preview:large, max-video-preview:-1\" \/>\n<link rel=\"canonical\" href=\"https:\/\/www.bbmnoticias.com\/labravaradiofm\/2021\/12\/20\/ascienden-a-23-los-casos-de-variante-omicron-en-mexico\/\" \/>\n<meta property=\"og:locale\" content=\"es_MX\" \/>\n<meta property=\"og:type\" content=\"article\" \/>\n<meta property=\"og:title\" content=\"Ascienden a 23 los casos de variante \u00f3micron en M\u00e9xico - LA BRAVA RADIO\" \/>\n<meta property=\"og:description\" content=\"A casi 20 d\u00edas de que \u00f3micron llegara a M\u00e9xico, la base de datos GISAID (Global Initiative on Sharing All Influenza Data) reporta que existen 23 casos de esta variante del coronavirus en territorio nacional. La plataforma fue creada para monitorear casos de influenza alrededor del mundo; sin embargo, tambi\u00e9n se utiliza para rastrear casos [&hellip;]\" \/>\n<meta property=\"og:url\" content=\"https:\/\/www.bbmnoticias.com\/labravaradiofm\/2021\/12\/20\/ascienden-a-23-los-casos-de-variante-omicron-en-mexico\/\" \/>\n<meta property=\"og:site_name\" content=\"LA BRAVA RADIO\" \/>\n<meta property=\"article:published_time\" content=\"2021-12-20T23:45:43+00:00\" \/>\n<meta property=\"article:modified_time\" content=\"2021-12-20T23:45:45+00:00\" \/>\n<meta property=\"og:image\" content=\"https:\/\/www.bbmnoticias.com\/labravaradiofm\/wp-content\/uploads\/sites\/5\/2021\/12\/n20122021-2.jpeg\" \/>\n\t<meta property=\"og:image:width\" content=\"958\" \/>\n\t<meta property=\"og:image:height\" content=\"596\" \/>\n\t<meta property=\"og:image:type\" content=\"image\/jpeg\" \/>\n<meta name=\"author\" content=\"Milenio\" \/>\n<meta name=\"twitter:card\" content=\"summary_large_image\" \/>\n<meta name=\"twitter:label1\" content=\"Escrito por\" \/>\n\t<meta name=\"twitter:data1\" content=\"Milenio\" \/>\n\t<meta name=\"twitter:label2\" content=\"Tiempo de lectura\" \/>\n\t<meta name=\"twitter:data2\" content=\"2 minutos\" \/>\n<script type=\"application\/ld+json\" class=\"yoast-schema-graph\">{\"@context\":\"https:\\\/\\\/schema.org\",\"@graph\":[{\"@type\":\"Article\",\"@id\":\"https:\\\/\\\/www.bbmnoticias.com\\\/labravaradiofm\\\/2021\\\/12\\\/20\\\/ascienden-a-23-los-casos-de-variante-omicron-en-mexico\\\/#article\",\"isPartOf\":{\"@id\":\"https:\\\/\\\/www.bbmnoticias.com\\\/labravaradiofm\\\/2021\\\/12\\\/20\\\/ascienden-a-23-los-casos-de-variante-omicron-en-mexico\\\/\"},\"author\":{\"name\":\"Milenio\",\"@id\":\"https:\\\/\\\/www.bbmnoticias.com\\\/labravaradiofm\\\/#\\\/schema\\\/person\\\/721d0cdff27d6c6be0b7dfbd566fedd1\"},\"headline\":\"Ascienden a 23 los casos de variante \u00f3micron en M\u00e9xico\",\"datePublished\":\"2021-12-20T23:45:43+00:00\",\"dateModified\":\"2021-12-20T23:45:45+00:00\",\"mainEntityOfPage\":{\"@id\":\"https:\\\/\\\/www.bbmnoticias.com\\\/labravaradiofm\\\/2021\\\/12\\\/20\\\/ascienden-a-23-los-casos-de-variante-omicron-en-mexico\\\/\"},\"wordCount\":354,\"image\":{\"@id\":\"https:\\\/\\\/www.bbmnoticias.com\\\/labravaradiofm\\\/2021\\\/12\\\/20\\\/ascienden-a-23-los-casos-de-variante-omicron-en-mexico\\\/#primaryimage\"},\"thumbnailUrl\":\"https:\\\/\\\/www.bbmnoticias.com\\\/labravaradiofm\\\/wp-content\\\/uploads\\\/sites\\\/5\\\/2021\\\/12\\\/n20122021-2.jpeg\",\"articleSection\":[\"NACIONAL\"],\"inLanguage\":\"es\"},{\"@type\":\"WebPage\",\"@id\":\"https:\\\/\\\/www.bbmnoticias.com\\\/labravaradiofm\\\/2021\\\/12\\\/20\\\/ascienden-a-23-los-casos-de-variante-omicron-en-mexico\\\/\",\"url\":\"https:\\\/\\\/www.bbmnoticias.com\\\/labravaradiofm\\\/2021\\\/12\\\/20\\\/ascienden-a-23-los-casos-de-variante-omicron-en-mexico\\\/\",\"name\":\"Ascienden a 23 los casos de variante \u00f3micron en M\u00e9xico - LA BRAVA RADIO\",\"isPartOf\":{\"@id\":\"https:\\\/\\\/www.bbmnoticias.com\\\/labravaradiofm\\\/#website\"},\"primaryImageOfPage\":{\"@id\":\"https:\\\/\\\/www.bbmnoticias.com\\\/labravaradiofm\\\/2021\\\/12\\\/20\\\/ascienden-a-23-los-casos-de-variante-omicron-en-mexico\\\/#primaryimage\"},\"image\":{\"@id\":\"https:\\\/\\\/www.bbmnoticias.com\\\/labravaradiofm\\\/2021\\\/12\\\/20\\\/ascienden-a-23-los-casos-de-variante-omicron-en-mexico\\\/#primaryimage\"},\"thumbnailUrl\":\"https:\\\/\\\/www.bbmnoticias.com\\\/labravaradiofm\\\/wp-content\\\/uploads\\\/sites\\\/5\\\/2021\\\/12\\\/n20122021-2.jpeg\",\"datePublished\":\"2021-12-20T23:45:43+00:00\",\"dateModified\":\"2021-12-20T23:45:45+00:00\",\"author\":{\"@id\":\"https:\\\/\\\/www.bbmnoticias.com\\\/labravaradiofm\\\/#\\\/schema\\\/person\\\/721d0cdff27d6c6be0b7dfbd566fedd1\"},\"breadcrumb\":{\"@id\":\"https:\\\/\\\/www.bbmnoticias.com\\\/labravaradiofm\\\/2021\\\/12\\\/20\\\/ascienden-a-23-los-casos-de-variante-omicron-en-mexico\\\/#breadcrumb\"},\"inLanguage\":\"es\",\"potentialAction\":[{\"@type\":\"ReadAction\",\"target\":[\"https:\\\/\\\/www.bbmnoticias.com\\\/labravaradiofm\\\/2021\\\/12\\\/20\\\/ascienden-a-23-los-casos-de-variante-omicron-en-mexico\\\/\"]}]},{\"@type\":\"ImageObject\",\"inLanguage\":\"es\",\"@id\":\"https:\\\/\\\/www.bbmnoticias.com\\\/labravaradiofm\\\/2021\\\/12\\\/20\\\/ascienden-a-23-los-casos-de-variante-omicron-en-mexico\\\/#primaryimage\",\"url\":\"https:\\\/\\\/www.bbmnoticias.com\\\/labravaradiofm\\\/wp-content\\\/uploads\\\/sites\\\/5\\\/2021\\\/12\\\/n20122021-2.jpeg\",\"contentUrl\":\"https:\\\/\\\/www.bbmnoticias.com\\\/labravaradiofm\\\/wp-content\\\/uploads\\\/sites\\\/5\\\/2021\\\/12\\\/n20122021-2.jpeg\",\"width\":958,\"height\":596},{\"@type\":\"BreadcrumbList\",\"@id\":\"https:\\\/\\\/www.bbmnoticias.com\\\/labravaradiofm\\\/2021\\\/12\\\/20\\\/ascienden-a-23-los-casos-de-variante-omicron-en-mexico\\\/#breadcrumb\",\"itemListElement\":[{\"@type\":\"ListItem\",\"position\":1,\"name\":\"Inicio\",\"item\":\"https:\\\/\\\/www.bbmnoticias.com\\\/labravaradiofm\\\/\"},{\"@type\":\"ListItem\",\"position\":2,\"name\":\"Ascienden a 23 los casos de variante \u00f3micron en M\u00e9xico\"}]},{\"@type\":\"WebSite\",\"@id\":\"https:\\\/\\\/www.bbmnoticias.com\\\/labravaradiofm\\\/#website\",\"url\":\"https:\\\/\\\/www.bbmnoticias.com\\\/labravaradiofm\\\/\",\"name\":\"LA BRAVA RADIO\",\"description\":\"Empresa productora de medios, Radiodifusi\u00f3n, Noticias, tendencias y todo lo que necesitas saber de la pol\u00edtica mexicana e internacional; entretenimiento, espect\u00e1culos, salud y mucho m\u00e1s.\",\"potentialAction\":[{\"@type\":\"SearchAction\",\"target\":{\"@type\":\"EntryPoint\",\"urlTemplate\":\"https:\\\/\\\/www.bbmnoticias.com\\\/labravaradiofm\\\/?s={search_term_string}\"},\"query-input\":{\"@type\":\"PropertyValueSpecification\",\"valueRequired\":true,\"valueName\":\"search_term_string\"}}],\"inLanguage\":\"es\"},{\"@type\":\"Person\",\"@id\":\"https:\\\/\\\/www.bbmnoticias.com\\\/labravaradiofm\\\/#\\\/schema\\\/person\\\/721d0cdff27d6c6be0b7dfbd566fedd1\",\"name\":\"Milenio\",\"image\":{\"@type\":\"ImageObject\",\"inLanguage\":\"es\",\"@id\":\"https:\\\/\\\/secure.gravatar.com\\\/avatar\\\/cc78c90822baf77761fc8dc7e5a764bdbe7760545b0e1698cf9eff8a1818736c?s=96&d=mm&r=g\",\"url\":\"https:\\\/\\\/secure.gravatar.com\\\/avatar\\\/cc78c90822baf77761fc8dc7e5a764bdbe7760545b0e1698cf9eff8a1818736c?s=96&d=mm&r=g\",\"contentUrl\":\"https:\\\/\\\/secure.gravatar.com\\\/avatar\\\/cc78c90822baf77761fc8dc7e5a764bdbe7760545b0e1698cf9eff8a1818736c?s=96&d=mm&r=g\",\"caption\":\"Milenio\"},\"url\":\"https:\\\/\\\/www.bbmnoticias.com\\\/labravaradiofm\\\/author\\\/milenio\\\/\"}]}<\/script>\n<!-- \/ Yoast SEO plugin. -->","yoast_head_json":{"title":"Ascienden a 23 los casos de variante \u00f3micron en M\u00e9xico - LA BRAVA RADIO","robots":{"index":"index","follow":"follow","max-snippet":"max-snippet:-1","max-image-preview":"max-image-preview:large","max-video-preview":"max-video-preview:-1"},"canonical":"https:\/\/www.bbmnoticias.com\/labravaradiofm\/2021\/12\/20\/ascienden-a-23-los-casos-de-variante-omicron-en-mexico\/","og_locale":"es_MX","og_type":"article","og_title":"Ascienden a 23 los casos de variante \u00f3micron en M\u00e9xico - LA BRAVA RADIO","og_description":"A casi 20 d\u00edas de que \u00f3micron llegara a M\u00e9xico, la base de datos GISAID (Global Initiative on Sharing All Influenza Data) reporta que existen 23 casos de esta variante del coronavirus en territorio nacional. La plataforma fue creada para monitorear casos de influenza alrededor del mundo; sin embargo, tambi\u00e9n se utiliza para rastrear casos [&hellip;]","og_url":"https:\/\/www.bbmnoticias.com\/labravaradiofm\/2021\/12\/20\/ascienden-a-23-los-casos-de-variante-omicron-en-mexico\/","og_site_name":"LA BRAVA RADIO","article_published_time":"2021-12-20T23:45:43+00:00","article_modified_time":"2021-12-20T23:45:45+00:00","og_image":[{"width":958,"height":596,"url":"https:\/\/www.bbmnoticias.com\/labravaradiofm\/wp-content\/uploads\/sites\/5\/2021\/12\/n20122021-2.jpeg","type":"image\/jpeg"}],"author":"Milenio","twitter_card":"summary_large_image","twitter_misc":{"Escrito por":"Milenio","Tiempo de lectura":"2 minutos"},"schema":{"@context":"https:\/\/schema.org","@graph":[{"@type":"Article","@id":"https:\/\/www.bbmnoticias.com\/labravaradiofm\/2021\/12\/20\/ascienden-a-23-los-casos-de-variante-omicron-en-mexico\/#article","isPartOf":{"@id":"https:\/\/www.bbmnoticias.com\/labravaradiofm\/2021\/12\/20\/ascienden-a-23-los-casos-de-variante-omicron-en-mexico\/"},"author":{"name":"Milenio","@id":"https:\/\/www.bbmnoticias.com\/labravaradiofm\/#\/schema\/person\/721d0cdff27d6c6be0b7dfbd566fedd1"},"headline":"Ascienden a 23 los casos de variante \u00f3micron en M\u00e9xico","datePublished":"2021-12-20T23:45:43+00:00","dateModified":"2021-12-20T23:45:45+00:00","mainEntityOfPage":{"@id":"https:\/\/www.bbmnoticias.com\/labravaradiofm\/2021\/12\/20\/ascienden-a-23-los-casos-de-variante-omicron-en-mexico\/"},"wordCount":354,"image":{"@id":"https:\/\/www.bbmnoticias.com\/labravaradiofm\/2021\/12\/20\/ascienden-a-23-los-casos-de-variante-omicron-en-mexico\/#primaryimage"},"thumbnailUrl":"https:\/\/www.bbmnoticias.com\/labravaradiofm\/wp-content\/uploads\/sites\/5\/2021\/12\/n20122021-2.jpeg","articleSection":["NACIONAL"],"inLanguage":"es"},{"@type":"WebPage","@id":"https:\/\/www.bbmnoticias.com\/labravaradiofm\/2021\/12\/20\/ascienden-a-23-los-casos-de-variante-omicron-en-mexico\/","url":"https:\/\/www.bbmnoticias.com\/labravaradiofm\/2021\/12\/20\/ascienden-a-23-los-casos-de-variante-omicron-en-mexico\/","name":"Ascienden a 23 los casos de variante \u00f3micron en M\u00e9xico - LA BRAVA RADIO","isPartOf":{"@id":"https:\/\/www.bbmnoticias.com\/labravaradiofm\/#website"},"primaryImageOfPage":{"@id":"https:\/\/www.bbmnoticias.com\/labravaradiofm\/2021\/12\/20\/ascienden-a-23-los-casos-de-variante-omicron-en-mexico\/#primaryimage"},"image":{"@id":"https:\/\/www.bbmnoticias.com\/labravaradiofm\/2021\/12\/20\/ascienden-a-23-los-casos-de-variante-omicron-en-mexico\/#primaryimage"},"thumbnailUrl":"https:\/\/www.bbmnoticias.com\/labravaradiofm\/wp-content\/uploads\/sites\/5\/2021\/12\/n20122021-2.jpeg","datePublished":"2021-12-20T23:45:43+00:00","dateModified":"2021-12-20T23:45:45+00:00","author":{"@id":"https:\/\/www.bbmnoticias.com\/labravaradiofm\/#\/schema\/person\/721d0cdff27d6c6be0b7dfbd566fedd1"},"breadcrumb":{"@id":"https:\/\/www.bbmnoticias.com\/labravaradiofm\/2021\/12\/20\/ascienden-a-23-los-casos-de-variante-omicron-en-mexico\/#breadcrumb"},"inLanguage":"es","potentialAction":[{"@type":"ReadAction","target":["https:\/\/www.bbmnoticias.com\/labravaradiofm\/2021\/12\/20\/ascienden-a-23-los-casos-de-variante-omicron-en-mexico\/"]}]},{"@type":"ImageObject","inLanguage":"es","@id":"https:\/\/www.bbmnoticias.com\/labravaradiofm\/2021\/12\/20\/ascienden-a-23-los-casos-de-variante-omicron-en-mexico\/#primaryimage","url":"https:\/\/www.bbmnoticias.com\/labravaradiofm\/wp-content\/uploads\/sites\/5\/2021\/12\/n20122021-2.jpeg","contentUrl":"https:\/\/www.bbmnoticias.com\/labravaradiofm\/wp-content\/uploads\/sites\/5\/2021\/12\/n20122021-2.jpeg","width":958,"height":596},{"@type":"BreadcrumbList","@id":"https:\/\/www.bbmnoticias.com\/labravaradiofm\/2021\/12\/20\/ascienden-a-23-los-casos-de-variante-omicron-en-mexico\/#breadcrumb","itemListElement":[{"@type":"ListItem","position":1,"name":"Inicio","item":"https:\/\/www.bbmnoticias.com\/labravaradiofm\/"},{"@type":"ListItem","position":2,"name":"Ascienden a 23 los casos de variante \u00f3micron en M\u00e9xico"}]},{"@type":"WebSite","@id":"https:\/\/www.bbmnoticias.com\/labravaradiofm\/#website","url":"https:\/\/www.bbmnoticias.com\/labravaradiofm\/","name":"LA BRAVA RADIO","description":"Empresa productora de medios, Radiodifusi\u00f3n, Noticias, tendencias y todo lo que necesitas saber de la pol\u00edtica mexicana e internacional; entretenimiento, espect\u00e1culos, salud y mucho m\u00e1s.","potentialAction":[{"@type":"SearchAction","target":{"@type":"EntryPoint","urlTemplate":"https:\/\/www.bbmnoticias.com\/labravaradiofm\/?s={search_term_string}"},"query-input":{"@type":"PropertyValueSpecification","valueRequired":true,"valueName":"search_term_string"}}],"inLanguage":"es"},{"@type":"Person","@id":"https:\/\/www.bbmnoticias.com\/labravaradiofm\/#\/schema\/person\/721d0cdff27d6c6be0b7dfbd566fedd1","name":"Milenio","image":{"@type":"ImageObject","inLanguage":"es","@id":"https:\/\/secure.gravatar.com\/avatar\/cc78c90822baf77761fc8dc7e5a764bdbe7760545b0e1698cf9eff8a1818736c?s=96&d=mm&r=g","url":"https:\/\/secure.gravatar.com\/avatar\/cc78c90822baf77761fc8dc7e5a764bdbe7760545b0e1698cf9eff8a1818736c?s=96&d=mm&r=g","contentUrl":"https:\/\/secure.gravatar.com\/avatar\/cc78c90822baf77761fc8dc7e5a764bdbe7760545b0e1698cf9eff8a1818736c?s=96&d=mm&r=g","caption":"Milenio"},"url":"https:\/\/www.bbmnoticias.com\/labravaradiofm\/author\/milenio\/"}]}},"_links":{"self":[{"href":"https:\/\/www.bbmnoticias.com\/labravaradiofm\/wp-json\/wp\/v2\/posts\/7511","targetHints":{"allow":["GET"]}}],"collection":[{"href":"https:\/\/www.bbmnoticias.com\/labravaradiofm\/wp-json\/wp\/v2\/posts"}],"about":[{"href":"https:\/\/www.bbmnoticias.com\/labravaradiofm\/wp-json\/wp\/v2\/types\/post"}],"author":[{"embeddable":true,"href":"https:\/\/www.bbmnoticias.com\/labravaradiofm\/wp-json\/wp\/v2\/users\/9"}],"replies":[{"embeddable":true,"href":"https:\/\/www.bbmnoticias.com\/labravaradiofm\/wp-json\/wp\/v2\/comments?post=7511"}],"version-history":[{"count":0,"href":"https:\/\/www.bbmnoticias.com\/labravaradiofm\/wp-json\/wp\/v2\/posts\/7511\/revisions"}],"wp:featuredmedia":[{"embeddable":true,"href":"https:\/\/www.bbmnoticias.com\/labravaradiofm\/wp-json\/wp\/v2\/media\/7513"}],"wp:attachment":[{"href":"https:\/\/www.bbmnoticias.com\/labravaradiofm\/wp-json\/wp\/v2\/media?parent=7511"}],"wp:term":[{"taxonomy":"category","embeddable":true,"href":"https:\/\/www.bbmnoticias.com\/labravaradiofm\/wp-json\/wp\/v2\/categories?post=7511"},{"taxonomy":"post_tag","embeddable":true,"href":"https:\/\/www.bbmnoticias.com\/labravaradiofm\/wp-json\/wp\/v2\/tags?post=7511"}],"curies":[{"name":"wp","href":"https:\/\/api.w.org\/{rel}","templated":true}]}}