{"id":75107,"date":"2026-03-12T16:02:00","date_gmt":"2026-03-12T22:02:00","guid":{"rendered":"https:\/\/www.bbmnoticias.com\/labravaradiofm\/2026\/03\/12\/ajuste-de-cuentas-tras-fracaso-en-la-reforma-electoral-flojitos-y-cooperando-el-plan-b-de-sheinbaum-ebrard-y-el-pt-en-oaxaca-pedro-botero\/"},"modified":"2026-03-12T16:02:09","modified_gmt":"2026-03-12T22:02:09","slug":"ajuste-de-cuentas-tras-fracaso-en-la-reforma-electoral-flojitos-y-cooperando-el-plan-b-de-sheinbaum-ebrard-y-el-pt-en-oaxaca-pedro-botero","status":"publish","type":"post","link":"https:\/\/www.bbmnoticias.com\/labravaradiofm\/2026\/03\/12\/ajuste-de-cuentas-tras-fracaso-en-la-reforma-electoral-flojitos-y-cooperando-el-plan-b-de-sheinbaum-ebrard-y-el-pt-en-oaxaca-pedro-botero\/","title":{"rendered":"Ajuste de cuentas tras fracaso en la Reforma Electoral.\u00a0* \u201cFlojitos y cooperando\u201d\u00a0*El Plan B de Sheinbaum.\u00a0\u00a0*Ebrard y el PT en Oaxaca &#8211; Pedro Botero"},"content":{"rendered":"<div style=\"margin-top: 0px; margin-bottom: 0px;\" class=\"sharethis-inline-share-buttons\" ><\/div>\n<p>Una vez consumada la <strong>traici\u00f3n<\/strong> por parte del <strong>PT y del PVEM<\/strong> en la C\u00e1mara de Diputados para reventar la iniciativa de Reforma Electoral en la cara de <strong>la Presidenta Claudia Sheinbaum<\/strong>, los partidos sat\u00e9lites aliados convenencieros del poder en turno <strong>intentan lavarse la cara<\/strong> aprobando con <strong>extrema rapidez<\/strong> el perfil m\u00e1s id\u00f3neo para Palacio Nacional en la dirigencia de la Auditor\u00eda Superior de la Federaci\u00f3n<strong>\u2026&nbsp; \u00a1pero no fue suficiente!&nbsp;<\/strong>&nbsp;<\/p>\n\n\n\n<p>Hoy por la ma\u00f1ana, se reuni\u00f3 la Presidenta <strong>Sheinbaum en Palacio Nacional con los coordinadores parlamentarios de MORENA en las C\u00e1maras de Diputados y Senadores; por parte del PVEM ,Manuel Velasco y Arturo Escobar; del PT, Alberto Anaya, Reginaldo Sandoval, Geovanna Ba\u00f1uelos, y Benjam\u00edn Robles<\/strong> quien llevaba a cuestas sus recientes <strong>traiciones<\/strong> en contra de <strong>AMLO, la Presidenta Sheinbaum, y al Gobernador Salom\u00f3n Jara<\/strong>, as\u00ed como los votos de \u00e9l y su esposa en contra de la Reforma Electoral.&nbsp;&nbsp;<\/p>\n\n\n\n<p>Todos estos personajes que encabezaron la <strong>traici\u00f3n<\/strong> en San L\u00e1zaro, tienen una amplia <strong>colecci\u00f3n de expedientes<\/strong> que son suficiente motivo para que retomen una actitud <strong>humilde<\/strong> y <strong>colaborativa<\/strong> con la 4T; ahora con el cambio de la Presidenta <strong>hacia el \u201cPlan B\u201d,<\/strong> la premisa es clara <strong>\u201cflojitos y cooperando\u201d,<\/strong> quedaron como vulgares traidores, registre este dato, porque todav\u00eda faltan m\u00e1s traidores en Oaxaca.&nbsp;&nbsp;<\/p>\n\n\n\n<p>En los siguientes d\u00edas, toda esa lista de <strong>traidores<\/strong> tendr\u00e1 que <strong>tragar sapos, entripado<\/strong>, y poner <strong>la cara de endejos&nbsp;<\/strong> ante el <strong>pueblo<\/strong> que han <strong>traicionado<\/strong>, y ante <strong>MORENA<\/strong>, y finalmente tendr\u00e1n que <strong>corregir<\/strong> el sentido de sus votos traicioneros por uno colaborativo. Con esa consideraci\u00f3n queda <strong>m\u00e1s que claro que los diputados federales del PT y del PVEM de Oaxaca ya est\u00e1n m\u00e1s quemados que un biuce recalentado. Por supuesto, no hablo de los biuces del Rey de Oros<\/strong> <strong>\u2026 all\u00ed son hu\u00e9rfanos\u2026 no tienen mauser\u2026de lujo. \u00a1Salud!&nbsp;<\/strong>&nbsp;<\/p>\n\n\n\n<p><strong>Anota en la lista de traidores a los siguientes Diputados federales del PT y PVEM por Oaxaca:&nbsp;<\/strong>&nbsp;<\/p>\n\n\n\n<p><strong>Margarita Garcia Garcia. PT.<\/strong>&nbsp;<\/p>\n\n\n\n<p><strong>Alejandro Lopez Hernandez. PT.<\/strong>&nbsp;<\/p>\n\n\n\n<p><strong>MArivel Martinez Ruiz. PT (Esposa de Benjam\u00edn Robles).<\/strong>&nbsp;<\/p>\n\n\n\n<p><strong>Benjam\u00edn Robles. PT.&nbsp;<\/strong>&nbsp;<\/p>\n\n\n\n<p><strong>Alejandro Avil\u00e9s \u00c1lvarez. PVEM<\/strong>&nbsp;<\/p>\n\n\n\n<p><strong>Julio Javier Scherer Parey\u00f3n. PVEM (Hijo de Julio Scherer Ibarra ex Consejero Jur\u00eddico de AMLO, y promotor del libro \u201cNi perd\u00f3n, ni olvido\u201d, en clara traici\u00f3n a Andr\u00e9s Manuel L\u00f3pez Obrador).&nbsp;<\/strong>&nbsp;<\/p>\n\n\n\n<p>Estos personajes hoy ante los ojos de todas y todos los oaxaque\u00f1os quedan <strong>exhibidos<\/strong>, <strong>porque no son nada sin MORENA<\/strong>, se aprovechan del movimiento de la Cuarta Transformaci\u00f3n para sobrevivir en sus ambiciones pol\u00edticas, y necesidades urgentes y permanentes de fuero constitucional. <strong>\u00a1Ah\u00ed est\u00e1n, son tan c\u00ednicos que buscar\u00e1n nuevas posiciones pol\u00edticas, pero est\u00e1 presente la memoria de los oaxaque\u00f1os!.<\/strong>&nbsp;<\/p>\n\n\n\n<p><strong>En esta coyuntura de la traici\u00f3n<\/strong>, en Palacio de Gobierno de Oaxaca, con toda seguridad el <strong>Gobernador Salom\u00f3n Jara evaluar\u00e1 con lupa<\/strong> el actuar de estos personajes porque sus <strong>traiciones y amagues ya no tienen cabida en Oaxaca, \u00a1ya estuvo suave!&nbsp;<\/strong>&nbsp;<\/p>\n\n\n\n<p><strong>El Plan B de Sheinbaum.&nbsp;<\/strong>&nbsp;<\/p>\n\n\n\n<p><strong>El llamado Plan \u201cB\u201d tras el rev\u00e9s sufrido en la primera iniciativa de Reforma Electoral<\/strong>, va cargado de una serie de cambios constitucionales entre los que destacan:&nbsp;&nbsp;<\/p>\n\n\n\n<p><strong>Reducci\u00f3n de presupuesto e integrantes de Congresos locales<\/strong>&nbsp;<\/p>\n\n\n\n<p><strong>Reducci\u00f3n de presupuesto e integrantes de ayuntamientos<\/strong>&nbsp;<\/p>\n\n\n\n<p><strong>Cambio de fecha de revocaci\u00f3n de mandato<\/strong>&nbsp;<\/p>\n\n\n\n<p><strong>Cambio de fecha de elecci\u00f3n de jueces federales<\/strong>&nbsp;<\/p>\n\n\n\n<p><strong>Inclusi\u00f3n de temas electorales en consulta popular<\/strong>&nbsp;<\/p>\n\n\n\n<p><strong>Reducci\u00f3n de salario de los consejeros del INE y todo el personal.&nbsp;<\/strong>&nbsp;<\/p>\n\n\n\n<p><strong>La tijera sobre el presupuesto y n\u00famero de integrantes de diferentes estructuras pol\u00edtico administrativas,<\/strong> llevar\u00e1 a un debate m\u00e1s <strong>terso<\/strong> y <strong>colaborativo<\/strong> despu\u00e9s de la <strong>\u201cle\u00edda de cartilla\u201d <\/strong>que le dieron a las y los <strong>diputados del PVEM y del PT<\/strong> que armaron la revuelta contra la Reforma Electoral.&nbsp;&nbsp;<\/p>\n\n\n\n<p><strong>En Oaxaca, el mensaje es con doble carga para los diputados federales mencionados del PVEM y del PT<\/strong>, \u00a1no se <strong>tolerar\u00e1n m\u00e1s traiciones<\/strong>!, no les queda otra m\u00e1s que cooperar, y dicho sea de paso, <strong>aguantar vara con el descontento popular<\/strong> que ya lo manifest\u00f3 en <strong>mantas, memes, y comentarios<\/strong> en puentes y avenidas de Oaxaca y su Zona Metropolitana, ya nos est\u00e1n llegando reportes del interior del estado donde tambi\u00e9n hay reacciones similares en todas las regiones.&nbsp;&nbsp;<\/p>\n\n\n\n<p><strong>El r\u00edo est\u00e1 revuelto pero no se avizora ganancia de pescadores<\/strong>, porque todos de alguna manera contribuyen a <strong>revolotear las aguas<\/strong>; con esta consideraci\u00f3n hay que pegarle un ojo a la negociaci\u00f3n del T-MEC, porque ahora corresponde al <strong>Secretario de Econom\u00eda, Marcelo Ebrard <\/strong>hacer un trabajo impecable, conciliar con extrema lealtad y humildad la participaci\u00f3n de amplios sectores pol\u00edticos, econ\u00f3micos y productivos involucrados en la vital relaci\u00f3n comercial de M\u00e9xico con Estados Unidos y Canad\u00e1, \u00a1<strong>Mucho cuidado Secretario, lo estamos observando desde Oaxaca!.&nbsp;<\/strong>&nbsp;<\/p>\n\n\n\n<p><strong>Por cierto, Marchelo\u2026 en Oaxaca (no sabemos si tambi\u00e9n en otros estados), est\u00e1 muy cerca de los PETISTAS, al menos en Salina Cruz, se dej\u00f3 apapachar por el presidente municipal Daniel M\u00e9ndez, y con los que ser\u00e1n candidatos del PT en otros municipios. \u00a1OJO!<\/strong>&nbsp;<\/p>\n\n\n\n<p><strong>&#8211;\u201cEl gorshdo\u2026\u00bfestar\u00e1 en dos y tres pistas traicionando a la presidenta Claudia?<\/strong>&nbsp;<\/p>\n\n\n\n<p><strong>La designaci\u00f3n de la coordinadora electoral de MORENA en Oaxaca<\/strong> para la elecci\u00f3n intermedia 2027, <strong>ser\u00e1 el tamiz y catapulta de la eventual<\/strong> candidatura de la aspirante a gobernadora por MORENA, ya les pasamos los nombres y s\u00f3lo resta esperar para atestiguar el desenlace determinante<strong>.&nbsp;<\/strong>&nbsp;<\/p>\n\n\n\n<p>Para recordar la lista que en esta edici\u00f3n les presentamos, est\u00e1 integrada de la siguiente manera y en ese orden de importancia de acuerdo con sus posibilidades reales:&nbsp;<\/p>\n\n\n\n<p><strong>Senadora. Susana Harp Iturribar\u00eda.<\/strong>&nbsp;<\/p>\n\n\n\n<p><strong>Ivette Mor\u00e1n de Murat.&nbsp;<\/strong>&nbsp;<\/p>\n\n\n\n<p><strong>Saymi Pineda Velasco, Secretaria de Turismo.&nbsp;<\/strong>&nbsp;<\/p>\n\n\n\n<p><strong>Vilma Mart\u00ednez Cort\u00e9s, Secretaria del Bienestar.<\/strong>&nbsp;<\/p>\n\n\n\n<p><strong>Diputada Federal, Mariana Ben\u00edtez Tiburcio.&nbsp;<\/strong>&nbsp;<\/p>\n\n\n\n<p><strong>Senadora, Laura Estrada Maura.&nbsp;&nbsp;<\/strong>&nbsp;<\/p>\n\n\n\n<p>Por hoy es tocho. Recuerden, cuando el B\u00faho canta el indio muere. Pd.- <strong>\u00a1\u00a1\u00a1Buen ajedrecista!!!&#8230;<\/strong> Quien en manda y gobierna en Oaxaca, <strong>que es Salom\u00f3n Jara<\/strong>, result\u00f3 un <strong>buen jugador de ajedrez pol\u00edtico.<\/strong> El mandatario sabe muy bien que el 2028 est\u00e1 aun <strong>lejano<\/strong>. Y pueden pasar muchas cosas. <strong>Antes est\u00e1 la aduana del 2027<\/strong>.&nbsp; Para el 2028 falta mucho y <strong>tiene pocas opciones<\/strong>. Se ponen de acuerdo o se dan con todo. Me refiero a las damitas. <strong>Mientras tanto, \u201cel delf\u00edn\u201d continua en su recorrido<\/strong> por tierra en las 8 regiones <strong>manteniendo la ventaja que le brinda su estructura. Por si se ofrece.&nbsp; Fin de semana de tacos de tu\u00e9tano y mollejas al carb\u00f3n en el restaurante Casa Mar de la gasolinera Dos Oc\u00e9anos en Salina Cruz. Botella de vino para bajar el colesterol.&nbsp;<\/strong>&nbsp;<\/p>\n\n\n\n<p class=\"has-text-align-center\"><strong>Esc\u00fachanos de 06:00 a 07:00 horas y de 21:00 a 22:00 horas en el 106.5 FM Heraldo Istmo y 97.7 Fm Heraldo Oaxaca.\u00a0 BBM Noticias y Heraldo Interoce\u00e1nico.\u00a0\u00a0<\/strong>\u00a0<br><strong>X \/ Twitter @buho_botero<\/strong>\u00a0<br><strong>@bbmnoticias1\u00a0<\/strong>\u00a0<br><strong>Facebook Pedro Botero y Bbmnoticias Oaxaca.\u00a0<\/strong>\u00a0<br><a href=\"http:\/\/www.elheraldodemexico.com\" target=\"_blank\" rel=\"noreferrer noopener\"><strong>www.elheraldodemexico.com<\/strong><\/a><strong>\u00a0<\/strong>\u00a0<br><a href=\"http:\/\/www.bbmnoticias.com\" target=\"_blank\" rel=\"noreferrer noopener\"><strong>www.bbmnoticias.com<\/strong><\/a>\u00a0<br><a href=\"http:\/\/www.labravaradiofm.com\" target=\"_blank\" rel=\"noreferrer noopener\"><strong>www.labravaradiofm.com<\/strong><\/a><strong>\u00a0<\/strong>\u00a0<\/p>\n","protected":false},"excerpt":{"rendered":"<p>Una vez consumada la traici\u00f3n por parte del PT y del PVEM en la C\u00e1mara de Diputados para reventar la iniciativa de Reforma Electoral en la cara de la Presidenta Claudia Sheinbaum, los partidos sat\u00e9lites aliados convenencieros del poder en turno intentan lavarse la cara aprobando con extrema rapidez el perfil m\u00e1s id\u00f3neo para Palacio [&hellip;]<\/p>\n","protected":false},"author":18,"featured_media":75110,"comment_status":"closed","ping_status":"open","sticky":false,"template":"","format":"standard","meta":{"footnotes":""},"categories":[950,2,22],"tags":[],"class_list":{"0":"post-75107","1":"post","2":"type-post","3":"status-publish","4":"format-standard","5":"has-post-thumbnail","7":"category-el-canto-del-buho","8":"category-oaxaca","9":"category-opinion"},"yoast_head":"<!-- This site is optimized with the Yoast SEO plugin v27.4 - https:\/\/yoast.com\/product\/yoast-seo-wordpress\/ -->\n<title>Ajuste de cuentas tras fracaso en la Reforma Electoral.\u00a0* \u201cFlojitos y cooperando\u201d\u00a0*El Plan B de Sheinbaum.\u00a0\u00a0*Ebrard y el PT en Oaxaca - Pedro Botero - LA BRAVA RADIO<\/title>\n<meta name=\"robots\" content=\"index, follow, max-snippet:-1, max-image-preview:large, max-video-preview:-1\" \/>\n<link rel=\"canonical\" href=\"https:\/\/www.bbmnoticias.com\/ajuste-de-cuentas-tras-fracaso-en-la-reforma-electoral-flojitos-y-cooperando-el-plan-b-de-sheinbaum-ebrard-y-el-pt-en-oaxaca-pedro-botero\/\" \/>\n<meta property=\"og:locale\" content=\"es_MX\" \/>\n<meta property=\"og:type\" content=\"article\" \/>\n<meta property=\"og:title\" content=\"Ajuste de cuentas tras fracaso en la Reforma Electoral.\u00a0* \u201cFlojitos y cooperando\u201d\u00a0*El Plan B de Sheinbaum.\u00a0\u00a0*Ebrard y el PT en Oaxaca - Pedro Botero - LA BRAVA RADIO\" \/>\n<meta property=\"og:description\" content=\"Una vez consumada la traici\u00f3n por parte del PT y del PVEM en la C\u00e1mara de Diputados para reventar la iniciativa de Reforma Electoral en la cara de la Presidenta Claudia Sheinbaum, los partidos sat\u00e9lites aliados convenencieros del poder en turno intentan lavarse la cara aprobando con extrema rapidez el perfil m\u00e1s id\u00f3neo para Palacio [&hellip;]\" \/>\n<meta property=\"og:url\" content=\"https:\/\/www.bbmnoticias.com\/ajuste-de-cuentas-tras-fracaso-en-la-reforma-electoral-flojitos-y-cooperando-el-plan-b-de-sheinbaum-ebrard-y-el-pt-en-oaxaca-pedro-botero\/\" \/>\n<meta property=\"og:site_name\" content=\"LA BRAVA RADIO\" \/>\n<meta property=\"article:published_time\" content=\"2026-03-12T22:02:00+00:00\" \/>\n<meta property=\"article:modified_time\" content=\"2026-03-12T22:02:09+00:00\" \/>\n<meta property=\"og:image\" content=\"https:\/\/www.bbmnoticias.com\/labravaradiofm\/wp-content\/uploads\/sites\/5\/2026\/03\/elcanto12032026.jpg\" \/>\n\t<meta property=\"og:image:width\" content=\"750\" \/>\n\t<meta property=\"og:image:height\" content=\"415\" \/>\n\t<meta property=\"og:image:type\" content=\"image\/jpeg\" \/>\n<meta name=\"author\" content=\"Pedro Botero\" \/>\n<meta name=\"twitter:card\" content=\"summary_large_image\" \/>\n<meta name=\"twitter:label1\" content=\"Escrito por\" \/>\n\t<meta name=\"twitter:data1\" content=\"Pedro Botero\" \/>\n\t<meta name=\"twitter:label2\" content=\"Tiempo de lectura\" \/>\n\t<meta name=\"twitter:data2\" content=\"6 minutos\" \/>\n<script type=\"application\/ld+json\" class=\"yoast-schema-graph\">{\"@context\":\"https:\\\/\\\/schema.org\",\"@graph\":[{\"@type\":\"Article\",\"@id\":\"https:\\\/\\\/www.bbmnoticias.com\\\/ajuste-de-cuentas-tras-fracaso-en-la-reforma-electoral-flojitos-y-cooperando-el-plan-b-de-sheinbaum-ebrard-y-el-pt-en-oaxaca-pedro-botero\\\/#article\",\"isPartOf\":{\"@id\":\"https:\\\/\\\/www.bbmnoticias.com\\\/labravaradiofm\\\/2026\\\/03\\\/12\\\/ajuste-de-cuentas-tras-fracaso-en-la-reforma-electoral-flojitos-y-cooperando-el-plan-b-de-sheinbaum-ebrard-y-el-pt-en-oaxaca-pedro-botero\\\/\"},\"author\":{\"name\":\"Pedro Botero\",\"@id\":\"https:\\\/\\\/www.bbmnoticias.com\\\/labravaradiofm\\\/#\\\/schema\\\/person\\\/b1f24ff43a407a5f7093af0d867e2717\"},\"headline\":\"Ajuste de cuentas tras fracaso en la Reforma Electoral.\u00a0* \u201cFlojitos y cooperando\u201d\u00a0*El Plan B de Sheinbaum.\u00a0\u00a0*Ebrard y el PT en Oaxaca &#8211; Pedro Botero\",\"datePublished\":\"2026-03-12T22:02:00+00:00\",\"dateModified\":\"2026-03-12T22:02:09+00:00\",\"mainEntityOfPage\":{\"@id\":\"https:\\\/\\\/www.bbmnoticias.com\\\/labravaradiofm\\\/2026\\\/03\\\/12\\\/ajuste-de-cuentas-tras-fracaso-en-la-reforma-electoral-flojitos-y-cooperando-el-plan-b-de-sheinbaum-ebrard-y-el-pt-en-oaxaca-pedro-botero\\\/\"},\"wordCount\":1273,\"image\":{\"@id\":\"https:\\\/\\\/www.bbmnoticias.com\\\/ajuste-de-cuentas-tras-fracaso-en-la-reforma-electoral-flojitos-y-cooperando-el-plan-b-de-sheinbaum-ebrard-y-el-pt-en-oaxaca-pedro-botero\\\/#primaryimage\"},\"thumbnailUrl\":\"https:\\\/\\\/www.bbmnoticias.com\\\/labravaradiofm\\\/wp-content\\\/uploads\\\/sites\\\/5\\\/2026\\\/03\\\/elcanto12032026.jpg\",\"articleSection\":[\"EL CANTO DEL B\u00daHO\",\"LOCAL\",\"OPINI\u00d3N\"],\"inLanguage\":\"es\"},{\"@type\":\"WebPage\",\"@id\":\"https:\\\/\\\/www.bbmnoticias.com\\\/labravaradiofm\\\/2026\\\/03\\\/12\\\/ajuste-de-cuentas-tras-fracaso-en-la-reforma-electoral-flojitos-y-cooperando-el-plan-b-de-sheinbaum-ebrard-y-el-pt-en-oaxaca-pedro-botero\\\/\",\"url\":\"https:\\\/\\\/www.bbmnoticias.com\\\/ajuste-de-cuentas-tras-fracaso-en-la-reforma-electoral-flojitos-y-cooperando-el-plan-b-de-sheinbaum-ebrard-y-el-pt-en-oaxaca-pedro-botero\\\/\",\"name\":\"Ajuste de cuentas tras fracaso en la Reforma Electoral.\u00a0* \u201cFlojitos y cooperando\u201d\u00a0*El Plan B de Sheinbaum.\u00a0\u00a0*Ebrard y el PT en Oaxaca - Pedro Botero - LA BRAVA RADIO\",\"isPartOf\":{\"@id\":\"https:\\\/\\\/www.bbmnoticias.com\\\/labravaradiofm\\\/#website\"},\"primaryImageOfPage\":{\"@id\":\"https:\\\/\\\/www.bbmnoticias.com\\\/ajuste-de-cuentas-tras-fracaso-en-la-reforma-electoral-flojitos-y-cooperando-el-plan-b-de-sheinbaum-ebrard-y-el-pt-en-oaxaca-pedro-botero\\\/#primaryimage\"},\"image\":{\"@id\":\"https:\\\/\\\/www.bbmnoticias.com\\\/ajuste-de-cuentas-tras-fracaso-en-la-reforma-electoral-flojitos-y-cooperando-el-plan-b-de-sheinbaum-ebrard-y-el-pt-en-oaxaca-pedro-botero\\\/#primaryimage\"},\"thumbnailUrl\":\"https:\\\/\\\/www.bbmnoticias.com\\\/labravaradiofm\\\/wp-content\\\/uploads\\\/sites\\\/5\\\/2026\\\/03\\\/elcanto12032026.jpg\",\"datePublished\":\"2026-03-12T22:02:00+00:00\",\"dateModified\":\"2026-03-12T22:02:09+00:00\",\"author\":{\"@id\":\"https:\\\/\\\/www.bbmnoticias.com\\\/labravaradiofm\\\/#\\\/schema\\\/person\\\/b1f24ff43a407a5f7093af0d867e2717\"},\"breadcrumb\":{\"@id\":\"https:\\\/\\\/www.bbmnoticias.com\\\/ajuste-de-cuentas-tras-fracaso-en-la-reforma-electoral-flojitos-y-cooperando-el-plan-b-de-sheinbaum-ebrard-y-el-pt-en-oaxaca-pedro-botero\\\/#breadcrumb\"},\"inLanguage\":\"es\",\"potentialAction\":[{\"@type\":\"ReadAction\",\"target\":[\"https:\\\/\\\/www.bbmnoticias.com\\\/ajuste-de-cuentas-tras-fracaso-en-la-reforma-electoral-flojitos-y-cooperando-el-plan-b-de-sheinbaum-ebrard-y-el-pt-en-oaxaca-pedro-botero\\\/\"]}]},{\"@type\":\"ImageObject\",\"inLanguage\":\"es\",\"@id\":\"https:\\\/\\\/www.bbmnoticias.com\\\/ajuste-de-cuentas-tras-fracaso-en-la-reforma-electoral-flojitos-y-cooperando-el-plan-b-de-sheinbaum-ebrard-y-el-pt-en-oaxaca-pedro-botero\\\/#primaryimage\",\"url\":\"https:\\\/\\\/www.bbmnoticias.com\\\/labravaradiofm\\\/wp-content\\\/uploads\\\/sites\\\/5\\\/2026\\\/03\\\/elcanto12032026.jpg\",\"contentUrl\":\"https:\\\/\\\/www.bbmnoticias.com\\\/labravaradiofm\\\/wp-content\\\/uploads\\\/sites\\\/5\\\/2026\\\/03\\\/elcanto12032026.jpg\",\"width\":750,\"height\":415},{\"@type\":\"BreadcrumbList\",\"@id\":\"https:\\\/\\\/www.bbmnoticias.com\\\/ajuste-de-cuentas-tras-fracaso-en-la-reforma-electoral-flojitos-y-cooperando-el-plan-b-de-sheinbaum-ebrard-y-el-pt-en-oaxaca-pedro-botero\\\/#breadcrumb\",\"itemListElement\":[{\"@type\":\"ListItem\",\"position\":1,\"name\":\"Inicio\",\"item\":\"https:\\\/\\\/www.bbmnoticias.com\\\/labravaradiofm\\\/\"},{\"@type\":\"ListItem\",\"position\":2,\"name\":\"Ajuste de cuentas tras fracaso en la Reforma Electoral.\u00a0* \u201cFlojitos y cooperando\u201d\u00a0*El Plan B de Sheinbaum.\u00a0\u00a0*Ebrard y el PT en Oaxaca &#8211; Pedro Botero\"}]},{\"@type\":\"WebSite\",\"@id\":\"https:\\\/\\\/www.bbmnoticias.com\\\/labravaradiofm\\\/#website\",\"url\":\"https:\\\/\\\/www.bbmnoticias.com\\\/labravaradiofm\\\/\",\"name\":\"LA BRAVA RADIO\",\"description\":\"Empresa productora de medios, Radiodifusi\u00f3n, Noticias, tendencias y todo lo que necesitas saber de la pol\u00edtica mexicana e internacional; entretenimiento, espect\u00e1culos, salud y mucho m\u00e1s.\",\"potentialAction\":[{\"@type\":\"SearchAction\",\"target\":{\"@type\":\"EntryPoint\",\"urlTemplate\":\"https:\\\/\\\/www.bbmnoticias.com\\\/labravaradiofm\\\/?s={search_term_string}\"},\"query-input\":{\"@type\":\"PropertyValueSpecification\",\"valueRequired\":true,\"valueName\":\"search_term_string\"}}],\"inLanguage\":\"es\"},{\"@type\":\"Person\",\"@id\":\"https:\\\/\\\/www.bbmnoticias.com\\\/labravaradiofm\\\/#\\\/schema\\\/person\\\/b1f24ff43a407a5f7093af0d867e2717\",\"name\":\"Pedro Botero\",\"image\":{\"@type\":\"ImageObject\",\"inLanguage\":\"es\",\"@id\":\"https:\\\/\\\/secure.gravatar.com\\\/avatar\\\/3e1604f74223697b158b4f0509f030050c1609806bd1c24b9ac5d9759b30b353?s=96&d=mm&r=g\",\"url\":\"https:\\\/\\\/secure.gravatar.com\\\/avatar\\\/3e1604f74223697b158b4f0509f030050c1609806bd1c24b9ac5d9759b30b353?s=96&d=mm&r=g\",\"contentUrl\":\"https:\\\/\\\/secure.gravatar.com\\\/avatar\\\/3e1604f74223697b158b4f0509f030050c1609806bd1c24b9ac5d9759b30b353?s=96&d=mm&r=g\",\"caption\":\"Pedro Botero\"},\"sameAs\":[\"http:\\\/\\\/www.bbmnoticias.com\"],\"url\":\"https:\\\/\\\/www.bbmnoticias.com\\\/labravaradiofm\\\/author\\\/pedrobotero\\\/\"}]}<\/script>\n<!-- \/ Yoast SEO plugin. -->","yoast_head_json":{"title":"Ajuste de cuentas tras fracaso en la Reforma Electoral.\u00a0* \u201cFlojitos y cooperando\u201d\u00a0*El Plan B de Sheinbaum.\u00a0\u00a0*Ebrard y el PT en Oaxaca - Pedro Botero - LA BRAVA RADIO","robots":{"index":"index","follow":"follow","max-snippet":"max-snippet:-1","max-image-preview":"max-image-preview:large","max-video-preview":"max-video-preview:-1"},"canonical":"https:\/\/www.bbmnoticias.com\/ajuste-de-cuentas-tras-fracaso-en-la-reforma-electoral-flojitos-y-cooperando-el-plan-b-de-sheinbaum-ebrard-y-el-pt-en-oaxaca-pedro-botero\/","og_locale":"es_MX","og_type":"article","og_title":"Ajuste de cuentas tras fracaso en la Reforma Electoral.\u00a0* \u201cFlojitos y cooperando\u201d\u00a0*El Plan B de Sheinbaum.\u00a0\u00a0*Ebrard y el PT en Oaxaca - Pedro Botero - LA BRAVA RADIO","og_description":"Una vez consumada la traici\u00f3n por parte del PT y del PVEM en la C\u00e1mara de Diputados para reventar la iniciativa de Reforma Electoral en la cara de la Presidenta Claudia Sheinbaum, los partidos sat\u00e9lites aliados convenencieros del poder en turno intentan lavarse la cara aprobando con extrema rapidez el perfil m\u00e1s id\u00f3neo para Palacio [&hellip;]","og_url":"https:\/\/www.bbmnoticias.com\/ajuste-de-cuentas-tras-fracaso-en-la-reforma-electoral-flojitos-y-cooperando-el-plan-b-de-sheinbaum-ebrard-y-el-pt-en-oaxaca-pedro-botero\/","og_site_name":"LA BRAVA RADIO","article_published_time":"2026-03-12T22:02:00+00:00","article_modified_time":"2026-03-12T22:02:09+00:00","og_image":[{"width":750,"height":415,"url":"https:\/\/www.bbmnoticias.com\/labravaradiofm\/wp-content\/uploads\/sites\/5\/2026\/03\/elcanto12032026.jpg","type":"image\/jpeg"}],"author":"Pedro Botero","twitter_card":"summary_large_image","twitter_misc":{"Escrito por":"Pedro Botero","Tiempo de lectura":"6 minutos"},"schema":{"@context":"https:\/\/schema.org","@graph":[{"@type":"Article","@id":"https:\/\/www.bbmnoticias.com\/ajuste-de-cuentas-tras-fracaso-en-la-reforma-electoral-flojitos-y-cooperando-el-plan-b-de-sheinbaum-ebrard-y-el-pt-en-oaxaca-pedro-botero\/#article","isPartOf":{"@id":"https:\/\/www.bbmnoticias.com\/labravaradiofm\/2026\/03\/12\/ajuste-de-cuentas-tras-fracaso-en-la-reforma-electoral-flojitos-y-cooperando-el-plan-b-de-sheinbaum-ebrard-y-el-pt-en-oaxaca-pedro-botero\/"},"author":{"name":"Pedro Botero","@id":"https:\/\/www.bbmnoticias.com\/labravaradiofm\/#\/schema\/person\/b1f24ff43a407a5f7093af0d867e2717"},"headline":"Ajuste de cuentas tras fracaso en la Reforma Electoral.\u00a0* \u201cFlojitos y cooperando\u201d\u00a0*El Plan B de Sheinbaum.\u00a0\u00a0*Ebrard y el PT en Oaxaca &#8211; Pedro Botero","datePublished":"2026-03-12T22:02:00+00:00","dateModified":"2026-03-12T22:02:09+00:00","mainEntityOfPage":{"@id":"https:\/\/www.bbmnoticias.com\/labravaradiofm\/2026\/03\/12\/ajuste-de-cuentas-tras-fracaso-en-la-reforma-electoral-flojitos-y-cooperando-el-plan-b-de-sheinbaum-ebrard-y-el-pt-en-oaxaca-pedro-botero\/"},"wordCount":1273,"image":{"@id":"https:\/\/www.bbmnoticias.com\/ajuste-de-cuentas-tras-fracaso-en-la-reforma-electoral-flojitos-y-cooperando-el-plan-b-de-sheinbaum-ebrard-y-el-pt-en-oaxaca-pedro-botero\/#primaryimage"},"thumbnailUrl":"https:\/\/www.bbmnoticias.com\/labravaradiofm\/wp-content\/uploads\/sites\/5\/2026\/03\/elcanto12032026.jpg","articleSection":["EL CANTO DEL B\u00daHO","LOCAL","OPINI\u00d3N"],"inLanguage":"es"},{"@type":"WebPage","@id":"https:\/\/www.bbmnoticias.com\/labravaradiofm\/2026\/03\/12\/ajuste-de-cuentas-tras-fracaso-en-la-reforma-electoral-flojitos-y-cooperando-el-plan-b-de-sheinbaum-ebrard-y-el-pt-en-oaxaca-pedro-botero\/","url":"https:\/\/www.bbmnoticias.com\/ajuste-de-cuentas-tras-fracaso-en-la-reforma-electoral-flojitos-y-cooperando-el-plan-b-de-sheinbaum-ebrard-y-el-pt-en-oaxaca-pedro-botero\/","name":"Ajuste de cuentas tras fracaso en la Reforma Electoral.\u00a0* \u201cFlojitos y cooperando\u201d\u00a0*El Plan B de Sheinbaum.\u00a0\u00a0*Ebrard y el PT en Oaxaca - Pedro Botero - LA BRAVA RADIO","isPartOf":{"@id":"https:\/\/www.bbmnoticias.com\/labravaradiofm\/#website"},"primaryImageOfPage":{"@id":"https:\/\/www.bbmnoticias.com\/ajuste-de-cuentas-tras-fracaso-en-la-reforma-electoral-flojitos-y-cooperando-el-plan-b-de-sheinbaum-ebrard-y-el-pt-en-oaxaca-pedro-botero\/#primaryimage"},"image":{"@id":"https:\/\/www.bbmnoticias.com\/ajuste-de-cuentas-tras-fracaso-en-la-reforma-electoral-flojitos-y-cooperando-el-plan-b-de-sheinbaum-ebrard-y-el-pt-en-oaxaca-pedro-botero\/#primaryimage"},"thumbnailUrl":"https:\/\/www.bbmnoticias.com\/labravaradiofm\/wp-content\/uploads\/sites\/5\/2026\/03\/elcanto12032026.jpg","datePublished":"2026-03-12T22:02:00+00:00","dateModified":"2026-03-12T22:02:09+00:00","author":{"@id":"https:\/\/www.bbmnoticias.com\/labravaradiofm\/#\/schema\/person\/b1f24ff43a407a5f7093af0d867e2717"},"breadcrumb":{"@id":"https:\/\/www.bbmnoticias.com\/ajuste-de-cuentas-tras-fracaso-en-la-reforma-electoral-flojitos-y-cooperando-el-plan-b-de-sheinbaum-ebrard-y-el-pt-en-oaxaca-pedro-botero\/#breadcrumb"},"inLanguage":"es","potentialAction":[{"@type":"ReadAction","target":["https:\/\/www.bbmnoticias.com\/ajuste-de-cuentas-tras-fracaso-en-la-reforma-electoral-flojitos-y-cooperando-el-plan-b-de-sheinbaum-ebrard-y-el-pt-en-oaxaca-pedro-botero\/"]}]},{"@type":"ImageObject","inLanguage":"es","@id":"https:\/\/www.bbmnoticias.com\/ajuste-de-cuentas-tras-fracaso-en-la-reforma-electoral-flojitos-y-cooperando-el-plan-b-de-sheinbaum-ebrard-y-el-pt-en-oaxaca-pedro-botero\/#primaryimage","url":"https:\/\/www.bbmnoticias.com\/labravaradiofm\/wp-content\/uploads\/sites\/5\/2026\/03\/elcanto12032026.jpg","contentUrl":"https:\/\/www.bbmnoticias.com\/labravaradiofm\/wp-content\/uploads\/sites\/5\/2026\/03\/elcanto12032026.jpg","width":750,"height":415},{"@type":"BreadcrumbList","@id":"https:\/\/www.bbmnoticias.com\/ajuste-de-cuentas-tras-fracaso-en-la-reforma-electoral-flojitos-y-cooperando-el-plan-b-de-sheinbaum-ebrard-y-el-pt-en-oaxaca-pedro-botero\/#breadcrumb","itemListElement":[{"@type":"ListItem","position":1,"name":"Inicio","item":"https:\/\/www.bbmnoticias.com\/labravaradiofm\/"},{"@type":"ListItem","position":2,"name":"Ajuste de cuentas tras fracaso en la Reforma Electoral.\u00a0* \u201cFlojitos y cooperando\u201d\u00a0*El Plan B de Sheinbaum.\u00a0\u00a0*Ebrard y el PT en Oaxaca &#8211; Pedro Botero"}]},{"@type":"WebSite","@id":"https:\/\/www.bbmnoticias.com\/labravaradiofm\/#website","url":"https:\/\/www.bbmnoticias.com\/labravaradiofm\/","name":"LA BRAVA RADIO","description":"Empresa productora de medios, Radiodifusi\u00f3n, Noticias, tendencias y todo lo que necesitas saber de la pol\u00edtica mexicana e internacional; entretenimiento, espect\u00e1culos, salud y mucho m\u00e1s.","potentialAction":[{"@type":"SearchAction","target":{"@type":"EntryPoint","urlTemplate":"https:\/\/www.bbmnoticias.com\/labravaradiofm\/?s={search_term_string}"},"query-input":{"@type":"PropertyValueSpecification","valueRequired":true,"valueName":"search_term_string"}}],"inLanguage":"es"},{"@type":"Person","@id":"https:\/\/www.bbmnoticias.com\/labravaradiofm\/#\/schema\/person\/b1f24ff43a407a5f7093af0d867e2717","name":"Pedro Botero","image":{"@type":"ImageObject","inLanguage":"es","@id":"https:\/\/secure.gravatar.com\/avatar\/3e1604f74223697b158b4f0509f030050c1609806bd1c24b9ac5d9759b30b353?s=96&d=mm&r=g","url":"https:\/\/secure.gravatar.com\/avatar\/3e1604f74223697b158b4f0509f030050c1609806bd1c24b9ac5d9759b30b353?s=96&d=mm&r=g","contentUrl":"https:\/\/secure.gravatar.com\/avatar\/3e1604f74223697b158b4f0509f030050c1609806bd1c24b9ac5d9759b30b353?s=96&d=mm&r=g","caption":"Pedro Botero"},"sameAs":["http:\/\/www.bbmnoticias.com"],"url":"https:\/\/www.bbmnoticias.com\/labravaradiofm\/author\/pedrobotero\/"}]}},"_links":{"self":[{"href":"https:\/\/www.bbmnoticias.com\/labravaradiofm\/wp-json\/wp\/v2\/posts\/75107","targetHints":{"allow":["GET"]}}],"collection":[{"href":"https:\/\/www.bbmnoticias.com\/labravaradiofm\/wp-json\/wp\/v2\/posts"}],"about":[{"href":"https:\/\/www.bbmnoticias.com\/labravaradiofm\/wp-json\/wp\/v2\/types\/post"}],"author":[{"embeddable":true,"href":"https:\/\/www.bbmnoticias.com\/labravaradiofm\/wp-json\/wp\/v2\/users\/18"}],"replies":[{"embeddable":true,"href":"https:\/\/www.bbmnoticias.com\/labravaradiofm\/wp-json\/wp\/v2\/comments?post=75107"}],"version-history":[{"count":1,"href":"https:\/\/www.bbmnoticias.com\/labravaradiofm\/wp-json\/wp\/v2\/posts\/75107\/revisions"}],"predecessor-version":[{"id":75108,"href":"https:\/\/www.bbmnoticias.com\/labravaradiofm\/wp-json\/wp\/v2\/posts\/75107\/revisions\/75108"}],"wp:featuredmedia":[{"embeddable":true,"href":"https:\/\/www.bbmnoticias.com\/labravaradiofm\/wp-json\/wp\/v2\/media\/75110"}],"wp:attachment":[{"href":"https:\/\/www.bbmnoticias.com\/labravaradiofm\/wp-json\/wp\/v2\/media?parent=75107"}],"wp:term":[{"taxonomy":"category","embeddable":true,"href":"https:\/\/www.bbmnoticias.com\/labravaradiofm\/wp-json\/wp\/v2\/categories?post=75107"},{"taxonomy":"post_tag","embeddable":true,"href":"https:\/\/www.bbmnoticias.com\/labravaradiofm\/wp-json\/wp\/v2\/tags?post=75107"}],"curies":[{"name":"wp","href":"https:\/\/api.w.org\/{rel}","templated":true}]}}