{"id":75098,"date":"2026-03-12T13:14:44","date_gmt":"2026-03-12T19:14:44","guid":{"rendered":"https:\/\/www.bbmnoticias.com\/labravaradiofm\/2026\/03\/12\/samuel-n-uno-de-los-fugitivos-mas-buscados-por-el-fbi-detenido-por-mecanismos-de-cooperacion-internacional-harfuch\/"},"modified":"2026-03-12T13:14:59","modified_gmt":"2026-03-12T19:14:59","slug":"samuel-n-uno-de-los-fugitivos-mas-buscados-por-el-fbi-detenido-por-mecanismos-de-cooperacion-internacional-harfuch","status":"publish","type":"post","link":"https:\/\/www.bbmnoticias.com\/labravaradiofm\/2026\/03\/12\/samuel-n-uno-de-los-fugitivos-mas-buscados-por-el-fbi-detenido-por-mecanismos-de-cooperacion-internacional-harfuch\/","title":{"rendered":"Samuel &#8216;N&#8217;, uno de los fugitivos m\u00e1s buscados por el FBI, detenido por mecanismos de cooperaci\u00f3n internacional: Harfuch"},"content":{"rendered":"<div style=\"margin-top: 0px; margin-bottom: 0px;\" class=\"sharethis-inline-share-buttons\" ><\/div>\n<p><strong>Samuel &#8216;N&#8217;<\/strong>, uno de los fugitivos m\u00e1s buscados por el&nbsp;<strong>Bur\u00f3<\/strong> <strong>Federal<\/strong> <strong>de<\/strong> <strong>Investigaciones<\/strong> (FBI, por sus siglas en ingl\u00e9s), fue detenido en <strong>Culiac\u00e1n<\/strong>,&nbsp;<strong>Sinaloa<\/strong> en seguimiento a&nbsp;trabajos de investigaci\u00f3n y como parte de los mecanismos de cooperaci\u00f3n internacional, destac\u00f3 el secretario de <strong>Seguridad<\/strong> y <strong>Protecci\u00f3n<\/strong> <strong>Ciudadana<\/strong>, <strong>Omar<\/strong> <strong>Garc\u00eda<\/strong> <strong>Harfuch<\/strong>.<\/p>\n\n\n\n<p>Mediante un breve texto compartido en su cuenta de X, el funcionario federal abund\u00f3 que la detenci\u00f3n fue realizada por elementos de la <strong>Secretar\u00eda<\/strong> <strong>de<\/strong> <strong>Marina<\/strong> (Semar), <strong>Fiscal\u00eda General de la<\/strong> <strong>Rep\u00fablica<\/strong> (FGR), <strong>Guardia Nacional<\/strong> (GN) y la dependencia a su cargo.<\/p>\n\n\n\n<p>Asimismo, en el operativo particip\u00f3 personal del <strong>Instituto<\/strong> <strong>Nacional<\/strong> de<strong> Migraci\u00f3n<\/strong>, en labores de coordinaci\u00f3n para la identificaci\u00f3n y aseguramiento del individuo.<\/p>\n\n\n\n<p>El detenido era buscado por autoridades estadounidenses y figuraba en la lista de fugitivos prioritarios del <strong>FBI<\/strong> en <strong>Washington<\/strong>, por lo que se ofrec\u00eda una recompensa de un mill\u00f3n de d\u00f3lares a quien proporcionara informaci\u00f3n que condujera a su captura.<\/p>\n\n\n\n<p>Hasta el momento, las autoridades no han informado sobre los delitos espec\u00edficos que se le imputan ni sobre el proceso legal que seguir\u00e1 tras su detenci\u00f3n.<\/p>\n\n\n\n<p>La captura se enmarca en las acciones de cooperaci\u00f3n bilateral entre <strong>M\u00e9xico<\/strong> y <strong>Estados<\/strong> <strong>Unidos<\/strong> para la localizaci\u00f3n de personas requeridas por autoridades internacionales.<\/p>\n","protected":false},"excerpt":{"rendered":"<p>Samuel &#8216;N&#8217;, uno de los fugitivos m\u00e1s buscados por el&nbsp;Bur\u00f3 Federal de Investigaciones (FBI, por sus siglas en ingl\u00e9s), fue detenido en Culiac\u00e1n,&nbsp;Sinaloa en seguimiento a&nbsp;trabajos de investigaci\u00f3n y como parte de los mecanismos de cooperaci\u00f3n internacional, destac\u00f3 el secretario de Seguridad y Protecci\u00f3n Ciudadana, Omar Garc\u00eda Harfuch. Mediante un breve texto compartido en su [&hellip;]<\/p>\n","protected":false},"author":2,"featured_media":75100,"comment_status":"closed","ping_status":"open","sticky":false,"template":"","format":"standard","meta":{"footnotes":""},"categories":[2,19],"tags":[],"class_list":{"0":"post-75098","1":"post","2":"type-post","3":"status-publish","4":"format-standard","5":"has-post-thumbnail","7":"category-oaxaca","8":"category-nacional"},"yoast_head":"<!-- This site is optimized with the Yoast SEO plugin v27.4 - https:\/\/yoast.com\/product\/yoast-seo-wordpress\/ -->\n<title>Samuel &#039;N&#039;, uno de los fugitivos m\u00e1s buscados por el FBI, detenido por mecanismos de cooperaci\u00f3n internacional: Harfuch - LA BRAVA RADIO<\/title>\n<meta name=\"robots\" content=\"index, follow, max-snippet:-1, max-image-preview:large, max-video-preview:-1\" \/>\n<link rel=\"canonical\" href=\"https:\/\/www.bbmnoticias.com\/samuel-n-uno-de-los-fugitivos-mas-buscados-por-el-fbi-detenido-por-mecanismos-de-cooperacion-internacional-harfuch\/\" \/>\n<meta property=\"og:locale\" content=\"es_MX\" \/>\n<meta property=\"og:type\" content=\"article\" \/>\n<meta property=\"og:title\" content=\"Samuel &#039;N&#039;, uno de los fugitivos m\u00e1s buscados por el FBI, detenido por mecanismos de cooperaci\u00f3n internacional: Harfuch - LA BRAVA RADIO\" \/>\n<meta property=\"og:description\" content=\"Samuel &#8216;N&#8217;, uno de los fugitivos m\u00e1s buscados por el&nbsp;Bur\u00f3 Federal de Investigaciones (FBI, por sus siglas en ingl\u00e9s), fue detenido en Culiac\u00e1n,&nbsp;Sinaloa en seguimiento a&nbsp;trabajos de investigaci\u00f3n y como parte de los mecanismos de cooperaci\u00f3n internacional, destac\u00f3 el secretario de Seguridad y Protecci\u00f3n Ciudadana, Omar Garc\u00eda Harfuch. Mediante un breve texto compartido en su [&hellip;]\" \/>\n<meta property=\"og:url\" content=\"https:\/\/www.bbmnoticias.com\/samuel-n-uno-de-los-fugitivos-mas-buscados-por-el-fbi-detenido-por-mecanismos-de-cooperacion-internacional-harfuch\/\" \/>\n<meta property=\"og:site_name\" content=\"LA BRAVA RADIO\" \/>\n<meta property=\"article:published_time\" content=\"2026-03-12T19:14:44+00:00\" \/>\n<meta property=\"article:modified_time\" content=\"2026-03-12T19:14:59+00:00\" \/>\n<meta name=\"author\" content=\"Staff\" \/>\n<meta name=\"twitter:card\" content=\"summary_large_image\" \/>\n<meta name=\"twitter:label1\" content=\"Escrito por\" \/>\n\t<meta name=\"twitter:data1\" content=\"Staff\" \/>\n\t<meta name=\"twitter:label2\" content=\"Tiempo de lectura\" \/>\n\t<meta name=\"twitter:data2\" content=\"1 minuto\" \/>\n<script type=\"application\/ld+json\" class=\"yoast-schema-graph\">{\"@context\":\"https:\\\/\\\/schema.org\",\"@graph\":[{\"@type\":\"Article\",\"@id\":\"https:\\\/\\\/www.bbmnoticias.com\\\/samuel-n-uno-de-los-fugitivos-mas-buscados-por-el-fbi-detenido-por-mecanismos-de-cooperacion-internacional-harfuch\\\/#article\",\"isPartOf\":{\"@id\":\"https:\\\/\\\/www.bbmnoticias.com\\\/labravaradiofm\\\/2026\\\/03\\\/12\\\/samuel-n-uno-de-los-fugitivos-mas-buscados-por-el-fbi-detenido-por-mecanismos-de-cooperacion-internacional-harfuch\\\/\"},\"author\":{\"name\":\"Staff\",\"@id\":\"https:\\\/\\\/www.bbmnoticias.com\\\/labravaradiofm\\\/#\\\/schema\\\/person\\\/68a9e9036ef3c5b55aeb2b71dc8bab45\"},\"headline\":\"Samuel &#8216;N&#8217;, uno de los fugitivos m\u00e1s buscados por el FBI, detenido por mecanismos de cooperaci\u00f3n internacional: Harfuch\",\"datePublished\":\"2026-03-12T19:14:44+00:00\",\"dateModified\":\"2026-03-12T19:14:59+00:00\",\"mainEntityOfPage\":{\"@id\":\"https:\\\/\\\/www.bbmnoticias.com\\\/labravaradiofm\\\/2026\\\/03\\\/12\\\/samuel-n-uno-de-los-fugitivos-mas-buscados-por-el-fbi-detenido-por-mecanismos-de-cooperacion-internacional-harfuch\\\/\"},\"wordCount\":251,\"image\":{\"@id\":\"https:\\\/\\\/www.bbmnoticias.com\\\/samuel-n-uno-de-los-fugitivos-mas-buscados-por-el-fbi-detenido-por-mecanismos-de-cooperacion-internacional-harfuch\\\/#primaryimage\"},\"thumbnailUrl\":\"https:\\\/\\\/www.bbmnoticias.com\\\/labravaradiofm\\\/wp-content\\\/uploads\\\/sites\\\/5\\\/2026\\\/03\\\/f848x477-1257745_1315548_5050.jpeg\",\"articleSection\":[\"LOCAL\",\"NACIONAL\"],\"inLanguage\":\"es\"},{\"@type\":\"WebPage\",\"@id\":\"https:\\\/\\\/www.bbmnoticias.com\\\/labravaradiofm\\\/2026\\\/03\\\/12\\\/samuel-n-uno-de-los-fugitivos-mas-buscados-por-el-fbi-detenido-por-mecanismos-de-cooperacion-internacional-harfuch\\\/\",\"url\":\"https:\\\/\\\/www.bbmnoticias.com\\\/samuel-n-uno-de-los-fugitivos-mas-buscados-por-el-fbi-detenido-por-mecanismos-de-cooperacion-internacional-harfuch\\\/\",\"name\":\"Samuel 'N', uno de los fugitivos m\u00e1s buscados por el FBI, detenido por mecanismos de cooperaci\u00f3n internacional: Harfuch - LA BRAVA RADIO\",\"isPartOf\":{\"@id\":\"https:\\\/\\\/www.bbmnoticias.com\\\/labravaradiofm\\\/#website\"},\"primaryImageOfPage\":{\"@id\":\"https:\\\/\\\/www.bbmnoticias.com\\\/samuel-n-uno-de-los-fugitivos-mas-buscados-por-el-fbi-detenido-por-mecanismos-de-cooperacion-internacional-harfuch\\\/#primaryimage\"},\"image\":{\"@id\":\"https:\\\/\\\/www.bbmnoticias.com\\\/samuel-n-uno-de-los-fugitivos-mas-buscados-por-el-fbi-detenido-por-mecanismos-de-cooperacion-internacional-harfuch\\\/#primaryimage\"},\"thumbnailUrl\":\"https:\\\/\\\/www.bbmnoticias.com\\\/labravaradiofm\\\/wp-content\\\/uploads\\\/sites\\\/5\\\/2026\\\/03\\\/f848x477-1257745_1315548_5050.jpeg\",\"datePublished\":\"2026-03-12T19:14:44+00:00\",\"dateModified\":\"2026-03-12T19:14:59+00:00\",\"author\":{\"@id\":\"https:\\\/\\\/www.bbmnoticias.com\\\/labravaradiofm\\\/#\\\/schema\\\/person\\\/68a9e9036ef3c5b55aeb2b71dc8bab45\"},\"breadcrumb\":{\"@id\":\"https:\\\/\\\/www.bbmnoticias.com\\\/samuel-n-uno-de-los-fugitivos-mas-buscados-por-el-fbi-detenido-por-mecanismos-de-cooperacion-internacional-harfuch\\\/#breadcrumb\"},\"inLanguage\":\"es\",\"potentialAction\":[{\"@type\":\"ReadAction\",\"target\":[\"https:\\\/\\\/www.bbmnoticias.com\\\/samuel-n-uno-de-los-fugitivos-mas-buscados-por-el-fbi-detenido-por-mecanismos-de-cooperacion-internacional-harfuch\\\/\"]}]},{\"@type\":\"ImageObject\",\"inLanguage\":\"es\",\"@id\":\"https:\\\/\\\/www.bbmnoticias.com\\\/samuel-n-uno-de-los-fugitivos-mas-buscados-por-el-fbi-detenido-por-mecanismos-de-cooperacion-internacional-harfuch\\\/#primaryimage\",\"url\":\"https:\\\/\\\/www.bbmnoticias.com\\\/labravaradiofm\\\/wp-content\\\/uploads\\\/sites\\\/5\\\/2026\\\/03\\\/f848x477-1257745_1315548_5050.jpeg\",\"contentUrl\":\"https:\\\/\\\/www.bbmnoticias.com\\\/labravaradiofm\\\/wp-content\\\/uploads\\\/sites\\\/5\\\/2026\\\/03\\\/f848x477-1257745_1315548_5050.jpeg\",\"width\":848,\"height\":477},{\"@type\":\"BreadcrumbList\",\"@id\":\"https:\\\/\\\/www.bbmnoticias.com\\\/samuel-n-uno-de-los-fugitivos-mas-buscados-por-el-fbi-detenido-por-mecanismos-de-cooperacion-internacional-harfuch\\\/#breadcrumb\",\"itemListElement\":[{\"@type\":\"ListItem\",\"position\":1,\"name\":\"Inicio\",\"item\":\"https:\\\/\\\/www.bbmnoticias.com\\\/labravaradiofm\\\/\"},{\"@type\":\"ListItem\",\"position\":2,\"name\":\"Samuel &#8216;N&#8217;, uno de los fugitivos m\u00e1s buscados por el FBI, detenido por mecanismos de cooperaci\u00f3n internacional: Harfuch\"}]},{\"@type\":\"WebSite\",\"@id\":\"https:\\\/\\\/www.bbmnoticias.com\\\/labravaradiofm\\\/#website\",\"url\":\"https:\\\/\\\/www.bbmnoticias.com\\\/labravaradiofm\\\/\",\"name\":\"LA BRAVA RADIO\",\"description\":\"Empresa productora de medios, Radiodifusi\u00f3n, Noticias, tendencias y todo lo que necesitas saber de la pol\u00edtica mexicana e internacional; entretenimiento, espect\u00e1culos, salud y mucho m\u00e1s.\",\"potentialAction\":[{\"@type\":\"SearchAction\",\"target\":{\"@type\":\"EntryPoint\",\"urlTemplate\":\"https:\\\/\\\/www.bbmnoticias.com\\\/labravaradiofm\\\/?s={search_term_string}\"},\"query-input\":{\"@type\":\"PropertyValueSpecification\",\"valueRequired\":true,\"valueName\":\"search_term_string\"}}],\"inLanguage\":\"es\"},{\"@type\":\"Person\",\"@id\":\"https:\\\/\\\/www.bbmnoticias.com\\\/labravaradiofm\\\/#\\\/schema\\\/person\\\/68a9e9036ef3c5b55aeb2b71dc8bab45\",\"name\":\"Staff\",\"image\":{\"@type\":\"ImageObject\",\"inLanguage\":\"es\",\"@id\":\"https:\\\/\\\/secure.gravatar.com\\\/avatar\\\/fdd21ad66fd8b98c407f9dee5b5e588cfe7f0d8579ec20fa6527cd59bab7f0f0?s=96&d=mm&r=g\",\"url\":\"https:\\\/\\\/secure.gravatar.com\\\/avatar\\\/fdd21ad66fd8b98c407f9dee5b5e588cfe7f0d8579ec20fa6527cd59bab7f0f0?s=96&d=mm&r=g\",\"contentUrl\":\"https:\\\/\\\/secure.gravatar.com\\\/avatar\\\/fdd21ad66fd8b98c407f9dee5b5e588cfe7f0d8579ec20fa6527cd59bab7f0f0?s=96&d=mm&r=g\",\"caption\":\"Staff\"},\"url\":\"https:\\\/\\\/www.bbmnoticias.com\\\/labravaradiofm\\\/author\\\/redaccion\\\/\"}]}<\/script>\n<!-- \/ Yoast SEO plugin. -->","yoast_head_json":{"title":"Samuel 'N', uno de los fugitivos m\u00e1s buscados por el FBI, detenido por mecanismos de cooperaci\u00f3n internacional: Harfuch - LA BRAVA RADIO","robots":{"index":"index","follow":"follow","max-snippet":"max-snippet:-1","max-image-preview":"max-image-preview:large","max-video-preview":"max-video-preview:-1"},"canonical":"https:\/\/www.bbmnoticias.com\/samuel-n-uno-de-los-fugitivos-mas-buscados-por-el-fbi-detenido-por-mecanismos-de-cooperacion-internacional-harfuch\/","og_locale":"es_MX","og_type":"article","og_title":"Samuel 'N', uno de los fugitivos m\u00e1s buscados por el FBI, detenido por mecanismos de cooperaci\u00f3n internacional: Harfuch - LA BRAVA RADIO","og_description":"Samuel &#8216;N&#8217;, uno de los fugitivos m\u00e1s buscados por el&nbsp;Bur\u00f3 Federal de Investigaciones (FBI, por sus siglas en ingl\u00e9s), fue detenido en Culiac\u00e1n,&nbsp;Sinaloa en seguimiento a&nbsp;trabajos de investigaci\u00f3n y como parte de los mecanismos de cooperaci\u00f3n internacional, destac\u00f3 el secretario de Seguridad y Protecci\u00f3n Ciudadana, Omar Garc\u00eda Harfuch. Mediante un breve texto compartido en su [&hellip;]","og_url":"https:\/\/www.bbmnoticias.com\/samuel-n-uno-de-los-fugitivos-mas-buscados-por-el-fbi-detenido-por-mecanismos-de-cooperacion-internacional-harfuch\/","og_site_name":"LA BRAVA RADIO","article_published_time":"2026-03-12T19:14:44+00:00","article_modified_time":"2026-03-12T19:14:59+00:00","author":"Staff","twitter_card":"summary_large_image","twitter_misc":{"Escrito por":"Staff","Tiempo de lectura":"1 minuto"},"schema":{"@context":"https:\/\/schema.org","@graph":[{"@type":"Article","@id":"https:\/\/www.bbmnoticias.com\/samuel-n-uno-de-los-fugitivos-mas-buscados-por-el-fbi-detenido-por-mecanismos-de-cooperacion-internacional-harfuch\/#article","isPartOf":{"@id":"https:\/\/www.bbmnoticias.com\/labravaradiofm\/2026\/03\/12\/samuel-n-uno-de-los-fugitivos-mas-buscados-por-el-fbi-detenido-por-mecanismos-de-cooperacion-internacional-harfuch\/"},"author":{"name":"Staff","@id":"https:\/\/www.bbmnoticias.com\/labravaradiofm\/#\/schema\/person\/68a9e9036ef3c5b55aeb2b71dc8bab45"},"headline":"Samuel &#8216;N&#8217;, uno de los fugitivos m\u00e1s buscados por el FBI, detenido por mecanismos de cooperaci\u00f3n internacional: Harfuch","datePublished":"2026-03-12T19:14:44+00:00","dateModified":"2026-03-12T19:14:59+00:00","mainEntityOfPage":{"@id":"https:\/\/www.bbmnoticias.com\/labravaradiofm\/2026\/03\/12\/samuel-n-uno-de-los-fugitivos-mas-buscados-por-el-fbi-detenido-por-mecanismos-de-cooperacion-internacional-harfuch\/"},"wordCount":251,"image":{"@id":"https:\/\/www.bbmnoticias.com\/samuel-n-uno-de-los-fugitivos-mas-buscados-por-el-fbi-detenido-por-mecanismos-de-cooperacion-internacional-harfuch\/#primaryimage"},"thumbnailUrl":"https:\/\/www.bbmnoticias.com\/labravaradiofm\/wp-content\/uploads\/sites\/5\/2026\/03\/f848x477-1257745_1315548_5050.jpeg","articleSection":["LOCAL","NACIONAL"],"inLanguage":"es"},{"@type":"WebPage","@id":"https:\/\/www.bbmnoticias.com\/labravaradiofm\/2026\/03\/12\/samuel-n-uno-de-los-fugitivos-mas-buscados-por-el-fbi-detenido-por-mecanismos-de-cooperacion-internacional-harfuch\/","url":"https:\/\/www.bbmnoticias.com\/samuel-n-uno-de-los-fugitivos-mas-buscados-por-el-fbi-detenido-por-mecanismos-de-cooperacion-internacional-harfuch\/","name":"Samuel 'N', uno de los fugitivos m\u00e1s buscados por el FBI, detenido por mecanismos de cooperaci\u00f3n internacional: Harfuch - LA BRAVA RADIO","isPartOf":{"@id":"https:\/\/www.bbmnoticias.com\/labravaradiofm\/#website"},"primaryImageOfPage":{"@id":"https:\/\/www.bbmnoticias.com\/samuel-n-uno-de-los-fugitivos-mas-buscados-por-el-fbi-detenido-por-mecanismos-de-cooperacion-internacional-harfuch\/#primaryimage"},"image":{"@id":"https:\/\/www.bbmnoticias.com\/samuel-n-uno-de-los-fugitivos-mas-buscados-por-el-fbi-detenido-por-mecanismos-de-cooperacion-internacional-harfuch\/#primaryimage"},"thumbnailUrl":"https:\/\/www.bbmnoticias.com\/labravaradiofm\/wp-content\/uploads\/sites\/5\/2026\/03\/f848x477-1257745_1315548_5050.jpeg","datePublished":"2026-03-12T19:14:44+00:00","dateModified":"2026-03-12T19:14:59+00:00","author":{"@id":"https:\/\/www.bbmnoticias.com\/labravaradiofm\/#\/schema\/person\/68a9e9036ef3c5b55aeb2b71dc8bab45"},"breadcrumb":{"@id":"https:\/\/www.bbmnoticias.com\/samuel-n-uno-de-los-fugitivos-mas-buscados-por-el-fbi-detenido-por-mecanismos-de-cooperacion-internacional-harfuch\/#breadcrumb"},"inLanguage":"es","potentialAction":[{"@type":"ReadAction","target":["https:\/\/www.bbmnoticias.com\/samuel-n-uno-de-los-fugitivos-mas-buscados-por-el-fbi-detenido-por-mecanismos-de-cooperacion-internacional-harfuch\/"]}]},{"@type":"ImageObject","inLanguage":"es","@id":"https:\/\/www.bbmnoticias.com\/samuel-n-uno-de-los-fugitivos-mas-buscados-por-el-fbi-detenido-por-mecanismos-de-cooperacion-internacional-harfuch\/#primaryimage","url":"https:\/\/www.bbmnoticias.com\/labravaradiofm\/wp-content\/uploads\/sites\/5\/2026\/03\/f848x477-1257745_1315548_5050.jpeg","contentUrl":"https:\/\/www.bbmnoticias.com\/labravaradiofm\/wp-content\/uploads\/sites\/5\/2026\/03\/f848x477-1257745_1315548_5050.jpeg","width":848,"height":477},{"@type":"BreadcrumbList","@id":"https:\/\/www.bbmnoticias.com\/samuel-n-uno-de-los-fugitivos-mas-buscados-por-el-fbi-detenido-por-mecanismos-de-cooperacion-internacional-harfuch\/#breadcrumb","itemListElement":[{"@type":"ListItem","position":1,"name":"Inicio","item":"https:\/\/www.bbmnoticias.com\/labravaradiofm\/"},{"@type":"ListItem","position":2,"name":"Samuel &#8216;N&#8217;, uno de los fugitivos m\u00e1s buscados por el FBI, detenido por mecanismos de cooperaci\u00f3n internacional: Harfuch"}]},{"@type":"WebSite","@id":"https:\/\/www.bbmnoticias.com\/labravaradiofm\/#website","url":"https:\/\/www.bbmnoticias.com\/labravaradiofm\/","name":"LA BRAVA RADIO","description":"Empresa productora de medios, Radiodifusi\u00f3n, Noticias, tendencias y todo lo que necesitas saber de la pol\u00edtica mexicana e internacional; entretenimiento, espect\u00e1culos, salud y mucho m\u00e1s.","potentialAction":[{"@type":"SearchAction","target":{"@type":"EntryPoint","urlTemplate":"https:\/\/www.bbmnoticias.com\/labravaradiofm\/?s={search_term_string}"},"query-input":{"@type":"PropertyValueSpecification","valueRequired":true,"valueName":"search_term_string"}}],"inLanguage":"es"},{"@type":"Person","@id":"https:\/\/www.bbmnoticias.com\/labravaradiofm\/#\/schema\/person\/68a9e9036ef3c5b55aeb2b71dc8bab45","name":"Staff","image":{"@type":"ImageObject","inLanguage":"es","@id":"https:\/\/secure.gravatar.com\/avatar\/fdd21ad66fd8b98c407f9dee5b5e588cfe7f0d8579ec20fa6527cd59bab7f0f0?s=96&d=mm&r=g","url":"https:\/\/secure.gravatar.com\/avatar\/fdd21ad66fd8b98c407f9dee5b5e588cfe7f0d8579ec20fa6527cd59bab7f0f0?s=96&d=mm&r=g","contentUrl":"https:\/\/secure.gravatar.com\/avatar\/fdd21ad66fd8b98c407f9dee5b5e588cfe7f0d8579ec20fa6527cd59bab7f0f0?s=96&d=mm&r=g","caption":"Staff"},"url":"https:\/\/www.bbmnoticias.com\/labravaradiofm\/author\/redaccion\/"}]}},"_links":{"self":[{"href":"https:\/\/www.bbmnoticias.com\/labravaradiofm\/wp-json\/wp\/v2\/posts\/75098","targetHints":{"allow":["GET"]}}],"collection":[{"href":"https:\/\/www.bbmnoticias.com\/labravaradiofm\/wp-json\/wp\/v2\/posts"}],"about":[{"href":"https:\/\/www.bbmnoticias.com\/labravaradiofm\/wp-json\/wp\/v2\/types\/post"}],"author":[{"embeddable":true,"href":"https:\/\/www.bbmnoticias.com\/labravaradiofm\/wp-json\/wp\/v2\/users\/2"}],"replies":[{"embeddable":true,"href":"https:\/\/www.bbmnoticias.com\/labravaradiofm\/wp-json\/wp\/v2\/comments?post=75098"}],"version-history":[{"count":1,"href":"https:\/\/www.bbmnoticias.com\/labravaradiofm\/wp-json\/wp\/v2\/posts\/75098\/revisions"}],"predecessor-version":[{"id":75099,"href":"https:\/\/www.bbmnoticias.com\/labravaradiofm\/wp-json\/wp\/v2\/posts\/75098\/revisions\/75099"}],"wp:featuredmedia":[{"embeddable":true,"href":"https:\/\/www.bbmnoticias.com\/labravaradiofm\/wp-json\/wp\/v2\/media\/75100"}],"wp:attachment":[{"href":"https:\/\/www.bbmnoticias.com\/labravaradiofm\/wp-json\/wp\/v2\/media?parent=75098"}],"wp:term":[{"taxonomy":"category","embeddable":true,"href":"https:\/\/www.bbmnoticias.com\/labravaradiofm\/wp-json\/wp\/v2\/categories?post=75098"},{"taxonomy":"post_tag","embeddable":true,"href":"https:\/\/www.bbmnoticias.com\/labravaradiofm\/wp-json\/wp\/v2\/tags?post=75098"}],"curies":[{"name":"wp","href":"https:\/\/api.w.org\/{rel}","templated":true}]}}