{"id":75095,"date":"2026-03-12T13:04:36","date_gmt":"2026-03-12T19:04:36","guid":{"rendered":"https:\/\/www.bbmnoticias.com\/labravaradiofm\/2026\/03\/12\/productoras-y-productores-de-las-ocho-regiones-llegan-a-la-capital-con-la-expo-acuicola-inaugurada-por-salomon-jara-y-ray-chagoya\/"},"modified":"2026-03-12T13:04:43","modified_gmt":"2026-03-12T19:04:43","slug":"productoras-y-productores-de-las-ocho-regiones-llegan-a-la-capital-con-la-expo-acuicola-inaugurada-por-salomon-jara-y-ray-chagoya","status":"publish","type":"post","link":"https:\/\/www.bbmnoticias.com\/labravaradiofm\/2026\/03\/12\/productoras-y-productores-de-las-ocho-regiones-llegan-a-la-capital-con-la-expo-acuicola-inaugurada-por-salomon-jara-y-ray-chagoya\/","title":{"rendered":"Productoras y productores de las ocho regiones llegan a la capital con la Expo Acu\u00edcola inaugurada por Salom\u00f3n Jara y Ray Chagoya"},"content":{"rendered":"<div style=\"margin-top: 0px; margin-bottom: 0px;\" class=\"sharethis-inline-share-buttons\" ><\/div>\n<p>Oaxaca de Ju\u00e1rez, Oax.\u2013 Oaxaca de Ju\u00e1rez fue sede de la Expo Acu\u00edcola y Pesquera \u2013 Tianguis de Cuaresma 2026, un espacio que reuni\u00f3 a productoras y productores de las ocho regiones del estado para acercar pescados y mariscos de origen oaxaque\u00f1o a las familias de la capital.<\/p>\n\n\n\n<p>Durante la inauguraci\u00f3n, el presidente municipal Ray Chagoya destac\u00f3 que la capital del estado es un punto de encuentro donde se reconoce el trabajo de quienes producen alimentos y sostienen la econom\u00eda de diversas comunidades.<\/p>\n\n\n\n<p>El evento cont\u00f3 con la presencia del gobernador del estado Salom\u00f3n Jara Cruz, as\u00ed como del secretario de Fomento Agroalimentario y Desarrollo Rural, V\u00edctor L\u00f3pez Leyva, adem\u00e1s de representantes del sector acu\u00edcola y pesquero.<\/p>\n\n\n\n<p>En su mensaje, el presidente municipal subray\u00f3 que este tipo de iniciativas fortalecen los canales de comercializaci\u00f3n y permiten que las y los productores conecten directamente con las familias de Oaxaca de Ju\u00e1rez, especialmente en la temporada de Cuaresma, cuando aumenta el consumo de pescados y mariscos.<\/p>\n\n\n\n<p>Asimismo, reiter\u00f3 la disposici\u00f3n del Gobierno Municipal para seguir sumando esfuerzos con el Gobierno del Estado y con los sectores productivos, a fin de que la capital contin\u00fae siendo un espacio donde el trabajo del campo, del mar y de las comunidades encuentre oportunidades de desarrollo y mercado.<\/p>\n\n\n\n<p>La Expo Acu\u00edcola y Pesquera \u2013 Tianguis de Cuaresma 2026 promueve el consumo de productos locales y fortalece la econom\u00eda regional, al tiempo que acerca alimentos frescos y de calidad a las familias oaxaque\u00f1as.<\/p>\n","protected":false},"excerpt":{"rendered":"<p>Oaxaca de Ju\u00e1rez, Oax.\u2013 Oaxaca de Ju\u00e1rez fue sede de la Expo Acu\u00edcola y Pesquera \u2013 Tianguis de Cuaresma 2026, un espacio que reuni\u00f3 a productoras y productores de las ocho regiones del estado para acercar pescados y mariscos de origen oaxaque\u00f1o a las familias de la capital. Durante la inauguraci\u00f3n, el presidente municipal Ray [&hellip;]<\/p>\n","protected":false},"author":2,"featured_media":75097,"comment_status":"closed","ping_status":"open","sticky":false,"template":"","format":"standard","meta":{"footnotes":""},"categories":[2],"tags":[],"class_list":{"0":"post-75095","1":"post","2":"type-post","3":"status-publish","4":"format-standard","5":"has-post-thumbnail","7":"category-oaxaca"},"yoast_head":"<!-- This site is optimized with the Yoast SEO plugin v27.4 - https:\/\/yoast.com\/product\/yoast-seo-wordpress\/ -->\n<title>Productoras y productores de las ocho regiones llegan a la capital con la Expo Acu\u00edcola inaugurada por Salom\u00f3n Jara y Ray Chagoya - LA BRAVA RADIO<\/title>\n<meta name=\"robots\" content=\"index, follow, max-snippet:-1, max-image-preview:large, max-video-preview:-1\" \/>\n<link rel=\"canonical\" href=\"https:\/\/www.bbmnoticias.com\/productoras-y-productores-de-las-ocho-regiones-llegan-a-la-capital-con-la-expo-acuicola-inaugurada-por-salomon-jara-y-ray-chagoya\/\" \/>\n<meta property=\"og:locale\" content=\"es_MX\" \/>\n<meta property=\"og:type\" content=\"article\" \/>\n<meta property=\"og:title\" content=\"Productoras y productores de las ocho regiones llegan a la capital con la Expo Acu\u00edcola inaugurada por Salom\u00f3n Jara y Ray Chagoya - LA BRAVA RADIO\" \/>\n<meta property=\"og:description\" content=\"Oaxaca de Ju\u00e1rez, Oax.\u2013 Oaxaca de Ju\u00e1rez fue sede de la Expo Acu\u00edcola y Pesquera \u2013 Tianguis de Cuaresma 2026, un espacio que reuni\u00f3 a productoras y productores de las ocho regiones del estado para acercar pescados y mariscos de origen oaxaque\u00f1o a las familias de la capital. Durante la inauguraci\u00f3n, el presidente municipal Ray [&hellip;]\" \/>\n<meta property=\"og:url\" content=\"https:\/\/www.bbmnoticias.com\/productoras-y-productores-de-las-ocho-regiones-llegan-a-la-capital-con-la-expo-acuicola-inaugurada-por-salomon-jara-y-ray-chagoya\/\" \/>\n<meta property=\"og:site_name\" content=\"LA BRAVA RADIO\" \/>\n<meta property=\"article:published_time\" content=\"2026-03-12T19:04:36+00:00\" \/>\n<meta property=\"article:modified_time\" content=\"2026-03-12T19:04:43+00:00\" \/>\n<meta property=\"og:image\" content=\"https:\/\/www.bbmnoticias.com\/labravaradiofm\/wp-content\/uploads\/sites\/5\/2026\/03\/ray_chagoya-2.jpg\" \/>\n\t<meta property=\"og:image:width\" content=\"800\" \/>\n\t<meta property=\"og:image:height\" content=\"533\" \/>\n\t<meta property=\"og:image:type\" content=\"image\/jpeg\" \/>\n<meta name=\"author\" content=\"Staff\" \/>\n<meta name=\"twitter:card\" content=\"summary_large_image\" \/>\n<meta name=\"twitter:label1\" content=\"Escrito por\" \/>\n\t<meta name=\"twitter:data1\" content=\"Staff\" \/>\n\t<meta name=\"twitter:label2\" content=\"Tiempo de lectura\" \/>\n\t<meta name=\"twitter:data2\" content=\"1 minuto\" \/>\n<script type=\"application\/ld+json\" class=\"yoast-schema-graph\">{\"@context\":\"https:\\\/\\\/schema.org\",\"@graph\":[{\"@type\":\"Article\",\"@id\":\"https:\\\/\\\/www.bbmnoticias.com\\\/productoras-y-productores-de-las-ocho-regiones-llegan-a-la-capital-con-la-expo-acuicola-inaugurada-por-salomon-jara-y-ray-chagoya\\\/#article\",\"isPartOf\":{\"@id\":\"https:\\\/\\\/www.bbmnoticias.com\\\/labravaradiofm\\\/2026\\\/03\\\/12\\\/productoras-y-productores-de-las-ocho-regiones-llegan-a-la-capital-con-la-expo-acuicola-inaugurada-por-salomon-jara-y-ray-chagoya\\\/\"},\"author\":{\"name\":\"Staff\",\"@id\":\"https:\\\/\\\/www.bbmnoticias.com\\\/labravaradiofm\\\/#\\\/schema\\\/person\\\/68a9e9036ef3c5b55aeb2b71dc8bab45\"},\"headline\":\"Productoras y productores de las ocho regiones llegan a la capital con la Expo Acu\u00edcola inaugurada por Salom\u00f3n Jara y Ray Chagoya\",\"datePublished\":\"2026-03-12T19:04:36+00:00\",\"dateModified\":\"2026-03-12T19:04:43+00:00\",\"mainEntityOfPage\":{\"@id\":\"https:\\\/\\\/www.bbmnoticias.com\\\/labravaradiofm\\\/2026\\\/03\\\/12\\\/productoras-y-productores-de-las-ocho-regiones-llegan-a-la-capital-con-la-expo-acuicola-inaugurada-por-salomon-jara-y-ray-chagoya\\\/\"},\"wordCount\":284,\"image\":{\"@id\":\"https:\\\/\\\/www.bbmnoticias.com\\\/productoras-y-productores-de-las-ocho-regiones-llegan-a-la-capital-con-la-expo-acuicola-inaugurada-por-salomon-jara-y-ray-chagoya\\\/#primaryimage\"},\"thumbnailUrl\":\"https:\\\/\\\/www.bbmnoticias.com\\\/labravaradiofm\\\/wp-content\\\/uploads\\\/sites\\\/5\\\/2026\\\/03\\\/ray_chagoya-2.jpg\",\"articleSection\":[\"LOCAL\"],\"inLanguage\":\"es\"},{\"@type\":\"WebPage\",\"@id\":\"https:\\\/\\\/www.bbmnoticias.com\\\/labravaradiofm\\\/2026\\\/03\\\/12\\\/productoras-y-productores-de-las-ocho-regiones-llegan-a-la-capital-con-la-expo-acuicola-inaugurada-por-salomon-jara-y-ray-chagoya\\\/\",\"url\":\"https:\\\/\\\/www.bbmnoticias.com\\\/productoras-y-productores-de-las-ocho-regiones-llegan-a-la-capital-con-la-expo-acuicola-inaugurada-por-salomon-jara-y-ray-chagoya\\\/\",\"name\":\"Productoras y productores de las ocho regiones llegan a la capital con la Expo Acu\u00edcola inaugurada por Salom\u00f3n Jara y Ray Chagoya - LA BRAVA RADIO\",\"isPartOf\":{\"@id\":\"https:\\\/\\\/www.bbmnoticias.com\\\/labravaradiofm\\\/#website\"},\"primaryImageOfPage\":{\"@id\":\"https:\\\/\\\/www.bbmnoticias.com\\\/productoras-y-productores-de-las-ocho-regiones-llegan-a-la-capital-con-la-expo-acuicola-inaugurada-por-salomon-jara-y-ray-chagoya\\\/#primaryimage\"},\"image\":{\"@id\":\"https:\\\/\\\/www.bbmnoticias.com\\\/productoras-y-productores-de-las-ocho-regiones-llegan-a-la-capital-con-la-expo-acuicola-inaugurada-por-salomon-jara-y-ray-chagoya\\\/#primaryimage\"},\"thumbnailUrl\":\"https:\\\/\\\/www.bbmnoticias.com\\\/labravaradiofm\\\/wp-content\\\/uploads\\\/sites\\\/5\\\/2026\\\/03\\\/ray_chagoya-2.jpg\",\"datePublished\":\"2026-03-12T19:04:36+00:00\",\"dateModified\":\"2026-03-12T19:04:43+00:00\",\"author\":{\"@id\":\"https:\\\/\\\/www.bbmnoticias.com\\\/labravaradiofm\\\/#\\\/schema\\\/person\\\/68a9e9036ef3c5b55aeb2b71dc8bab45\"},\"breadcrumb\":{\"@id\":\"https:\\\/\\\/www.bbmnoticias.com\\\/productoras-y-productores-de-las-ocho-regiones-llegan-a-la-capital-con-la-expo-acuicola-inaugurada-por-salomon-jara-y-ray-chagoya\\\/#breadcrumb\"},\"inLanguage\":\"es\",\"potentialAction\":[{\"@type\":\"ReadAction\",\"target\":[\"https:\\\/\\\/www.bbmnoticias.com\\\/productoras-y-productores-de-las-ocho-regiones-llegan-a-la-capital-con-la-expo-acuicola-inaugurada-por-salomon-jara-y-ray-chagoya\\\/\"]}]},{\"@type\":\"ImageObject\",\"inLanguage\":\"es\",\"@id\":\"https:\\\/\\\/www.bbmnoticias.com\\\/productoras-y-productores-de-las-ocho-regiones-llegan-a-la-capital-con-la-expo-acuicola-inaugurada-por-salomon-jara-y-ray-chagoya\\\/#primaryimage\",\"url\":\"https:\\\/\\\/www.bbmnoticias.com\\\/labravaradiofm\\\/wp-content\\\/uploads\\\/sites\\\/5\\\/2026\\\/03\\\/ray_chagoya-2.jpg\",\"contentUrl\":\"https:\\\/\\\/www.bbmnoticias.com\\\/labravaradiofm\\\/wp-content\\\/uploads\\\/sites\\\/5\\\/2026\\\/03\\\/ray_chagoya-2.jpg\",\"width\":800,\"height\":533},{\"@type\":\"BreadcrumbList\",\"@id\":\"https:\\\/\\\/www.bbmnoticias.com\\\/productoras-y-productores-de-las-ocho-regiones-llegan-a-la-capital-con-la-expo-acuicola-inaugurada-por-salomon-jara-y-ray-chagoya\\\/#breadcrumb\",\"itemListElement\":[{\"@type\":\"ListItem\",\"position\":1,\"name\":\"Inicio\",\"item\":\"https:\\\/\\\/www.bbmnoticias.com\\\/labravaradiofm\\\/\"},{\"@type\":\"ListItem\",\"position\":2,\"name\":\"Productoras y productores de las ocho regiones llegan a la capital con la Expo Acu\u00edcola inaugurada por Salom\u00f3n Jara y Ray Chagoya\"}]},{\"@type\":\"WebSite\",\"@id\":\"https:\\\/\\\/www.bbmnoticias.com\\\/labravaradiofm\\\/#website\",\"url\":\"https:\\\/\\\/www.bbmnoticias.com\\\/labravaradiofm\\\/\",\"name\":\"LA BRAVA RADIO\",\"description\":\"Empresa productora de medios, Radiodifusi\u00f3n, Noticias, tendencias y todo lo que necesitas saber de la pol\u00edtica mexicana e internacional; entretenimiento, espect\u00e1culos, salud y mucho m\u00e1s.\",\"potentialAction\":[{\"@type\":\"SearchAction\",\"target\":{\"@type\":\"EntryPoint\",\"urlTemplate\":\"https:\\\/\\\/www.bbmnoticias.com\\\/labravaradiofm\\\/?s={search_term_string}\"},\"query-input\":{\"@type\":\"PropertyValueSpecification\",\"valueRequired\":true,\"valueName\":\"search_term_string\"}}],\"inLanguage\":\"es\"},{\"@type\":\"Person\",\"@id\":\"https:\\\/\\\/www.bbmnoticias.com\\\/labravaradiofm\\\/#\\\/schema\\\/person\\\/68a9e9036ef3c5b55aeb2b71dc8bab45\",\"name\":\"Staff\",\"image\":{\"@type\":\"ImageObject\",\"inLanguage\":\"es\",\"@id\":\"https:\\\/\\\/secure.gravatar.com\\\/avatar\\\/fdd21ad66fd8b98c407f9dee5b5e588cfe7f0d8579ec20fa6527cd59bab7f0f0?s=96&d=mm&r=g\",\"url\":\"https:\\\/\\\/secure.gravatar.com\\\/avatar\\\/fdd21ad66fd8b98c407f9dee5b5e588cfe7f0d8579ec20fa6527cd59bab7f0f0?s=96&d=mm&r=g\",\"contentUrl\":\"https:\\\/\\\/secure.gravatar.com\\\/avatar\\\/fdd21ad66fd8b98c407f9dee5b5e588cfe7f0d8579ec20fa6527cd59bab7f0f0?s=96&d=mm&r=g\",\"caption\":\"Staff\"},\"url\":\"https:\\\/\\\/www.bbmnoticias.com\\\/labravaradiofm\\\/author\\\/redaccion\\\/\"}]}<\/script>\n<!-- \/ Yoast SEO plugin. -->","yoast_head_json":{"title":"Productoras y productores de las ocho regiones llegan a la capital con la Expo Acu\u00edcola inaugurada por Salom\u00f3n Jara y Ray Chagoya - LA BRAVA RADIO","robots":{"index":"index","follow":"follow","max-snippet":"max-snippet:-1","max-image-preview":"max-image-preview:large","max-video-preview":"max-video-preview:-1"},"canonical":"https:\/\/www.bbmnoticias.com\/productoras-y-productores-de-las-ocho-regiones-llegan-a-la-capital-con-la-expo-acuicola-inaugurada-por-salomon-jara-y-ray-chagoya\/","og_locale":"es_MX","og_type":"article","og_title":"Productoras y productores de las ocho regiones llegan a la capital con la Expo Acu\u00edcola inaugurada por Salom\u00f3n Jara y Ray Chagoya - LA BRAVA RADIO","og_description":"Oaxaca de Ju\u00e1rez, Oax.\u2013 Oaxaca de Ju\u00e1rez fue sede de la Expo Acu\u00edcola y Pesquera \u2013 Tianguis de Cuaresma 2026, un espacio que reuni\u00f3 a productoras y productores de las ocho regiones del estado para acercar pescados y mariscos de origen oaxaque\u00f1o a las familias de la capital. Durante la inauguraci\u00f3n, el presidente municipal Ray [&hellip;]","og_url":"https:\/\/www.bbmnoticias.com\/productoras-y-productores-de-las-ocho-regiones-llegan-a-la-capital-con-la-expo-acuicola-inaugurada-por-salomon-jara-y-ray-chagoya\/","og_site_name":"LA BRAVA RADIO","article_published_time":"2026-03-12T19:04:36+00:00","article_modified_time":"2026-03-12T19:04:43+00:00","og_image":[{"width":800,"height":533,"url":"https:\/\/www.bbmnoticias.com\/labravaradiofm\/wp-content\/uploads\/sites\/5\/2026\/03\/ray_chagoya-2.jpg","type":"image\/jpeg"}],"author":"Staff","twitter_card":"summary_large_image","twitter_misc":{"Escrito por":"Staff","Tiempo de lectura":"1 minuto"},"schema":{"@context":"https:\/\/schema.org","@graph":[{"@type":"Article","@id":"https:\/\/www.bbmnoticias.com\/productoras-y-productores-de-las-ocho-regiones-llegan-a-la-capital-con-la-expo-acuicola-inaugurada-por-salomon-jara-y-ray-chagoya\/#article","isPartOf":{"@id":"https:\/\/www.bbmnoticias.com\/labravaradiofm\/2026\/03\/12\/productoras-y-productores-de-las-ocho-regiones-llegan-a-la-capital-con-la-expo-acuicola-inaugurada-por-salomon-jara-y-ray-chagoya\/"},"author":{"name":"Staff","@id":"https:\/\/www.bbmnoticias.com\/labravaradiofm\/#\/schema\/person\/68a9e9036ef3c5b55aeb2b71dc8bab45"},"headline":"Productoras y productores de las ocho regiones llegan a la capital con la Expo Acu\u00edcola inaugurada por Salom\u00f3n Jara y Ray Chagoya","datePublished":"2026-03-12T19:04:36+00:00","dateModified":"2026-03-12T19:04:43+00:00","mainEntityOfPage":{"@id":"https:\/\/www.bbmnoticias.com\/labravaradiofm\/2026\/03\/12\/productoras-y-productores-de-las-ocho-regiones-llegan-a-la-capital-con-la-expo-acuicola-inaugurada-por-salomon-jara-y-ray-chagoya\/"},"wordCount":284,"image":{"@id":"https:\/\/www.bbmnoticias.com\/productoras-y-productores-de-las-ocho-regiones-llegan-a-la-capital-con-la-expo-acuicola-inaugurada-por-salomon-jara-y-ray-chagoya\/#primaryimage"},"thumbnailUrl":"https:\/\/www.bbmnoticias.com\/labravaradiofm\/wp-content\/uploads\/sites\/5\/2026\/03\/ray_chagoya-2.jpg","articleSection":["LOCAL"],"inLanguage":"es"},{"@type":"WebPage","@id":"https:\/\/www.bbmnoticias.com\/labravaradiofm\/2026\/03\/12\/productoras-y-productores-de-las-ocho-regiones-llegan-a-la-capital-con-la-expo-acuicola-inaugurada-por-salomon-jara-y-ray-chagoya\/","url":"https:\/\/www.bbmnoticias.com\/productoras-y-productores-de-las-ocho-regiones-llegan-a-la-capital-con-la-expo-acuicola-inaugurada-por-salomon-jara-y-ray-chagoya\/","name":"Productoras y productores de las ocho regiones llegan a la capital con la Expo Acu\u00edcola inaugurada por Salom\u00f3n Jara y Ray Chagoya - LA BRAVA RADIO","isPartOf":{"@id":"https:\/\/www.bbmnoticias.com\/labravaradiofm\/#website"},"primaryImageOfPage":{"@id":"https:\/\/www.bbmnoticias.com\/productoras-y-productores-de-las-ocho-regiones-llegan-a-la-capital-con-la-expo-acuicola-inaugurada-por-salomon-jara-y-ray-chagoya\/#primaryimage"},"image":{"@id":"https:\/\/www.bbmnoticias.com\/productoras-y-productores-de-las-ocho-regiones-llegan-a-la-capital-con-la-expo-acuicola-inaugurada-por-salomon-jara-y-ray-chagoya\/#primaryimage"},"thumbnailUrl":"https:\/\/www.bbmnoticias.com\/labravaradiofm\/wp-content\/uploads\/sites\/5\/2026\/03\/ray_chagoya-2.jpg","datePublished":"2026-03-12T19:04:36+00:00","dateModified":"2026-03-12T19:04:43+00:00","author":{"@id":"https:\/\/www.bbmnoticias.com\/labravaradiofm\/#\/schema\/person\/68a9e9036ef3c5b55aeb2b71dc8bab45"},"breadcrumb":{"@id":"https:\/\/www.bbmnoticias.com\/productoras-y-productores-de-las-ocho-regiones-llegan-a-la-capital-con-la-expo-acuicola-inaugurada-por-salomon-jara-y-ray-chagoya\/#breadcrumb"},"inLanguage":"es","potentialAction":[{"@type":"ReadAction","target":["https:\/\/www.bbmnoticias.com\/productoras-y-productores-de-las-ocho-regiones-llegan-a-la-capital-con-la-expo-acuicola-inaugurada-por-salomon-jara-y-ray-chagoya\/"]}]},{"@type":"ImageObject","inLanguage":"es","@id":"https:\/\/www.bbmnoticias.com\/productoras-y-productores-de-las-ocho-regiones-llegan-a-la-capital-con-la-expo-acuicola-inaugurada-por-salomon-jara-y-ray-chagoya\/#primaryimage","url":"https:\/\/www.bbmnoticias.com\/labravaradiofm\/wp-content\/uploads\/sites\/5\/2026\/03\/ray_chagoya-2.jpg","contentUrl":"https:\/\/www.bbmnoticias.com\/labravaradiofm\/wp-content\/uploads\/sites\/5\/2026\/03\/ray_chagoya-2.jpg","width":800,"height":533},{"@type":"BreadcrumbList","@id":"https:\/\/www.bbmnoticias.com\/productoras-y-productores-de-las-ocho-regiones-llegan-a-la-capital-con-la-expo-acuicola-inaugurada-por-salomon-jara-y-ray-chagoya\/#breadcrumb","itemListElement":[{"@type":"ListItem","position":1,"name":"Inicio","item":"https:\/\/www.bbmnoticias.com\/labravaradiofm\/"},{"@type":"ListItem","position":2,"name":"Productoras y productores de las ocho regiones llegan a la capital con la Expo Acu\u00edcola inaugurada por Salom\u00f3n Jara y Ray Chagoya"}]},{"@type":"WebSite","@id":"https:\/\/www.bbmnoticias.com\/labravaradiofm\/#website","url":"https:\/\/www.bbmnoticias.com\/labravaradiofm\/","name":"LA BRAVA RADIO","description":"Empresa productora de medios, Radiodifusi\u00f3n, Noticias, tendencias y todo lo que necesitas saber de la pol\u00edtica mexicana e internacional; entretenimiento, espect\u00e1culos, salud y mucho m\u00e1s.","potentialAction":[{"@type":"SearchAction","target":{"@type":"EntryPoint","urlTemplate":"https:\/\/www.bbmnoticias.com\/labravaradiofm\/?s={search_term_string}"},"query-input":{"@type":"PropertyValueSpecification","valueRequired":true,"valueName":"search_term_string"}}],"inLanguage":"es"},{"@type":"Person","@id":"https:\/\/www.bbmnoticias.com\/labravaradiofm\/#\/schema\/person\/68a9e9036ef3c5b55aeb2b71dc8bab45","name":"Staff","image":{"@type":"ImageObject","inLanguage":"es","@id":"https:\/\/secure.gravatar.com\/avatar\/fdd21ad66fd8b98c407f9dee5b5e588cfe7f0d8579ec20fa6527cd59bab7f0f0?s=96&d=mm&r=g","url":"https:\/\/secure.gravatar.com\/avatar\/fdd21ad66fd8b98c407f9dee5b5e588cfe7f0d8579ec20fa6527cd59bab7f0f0?s=96&d=mm&r=g","contentUrl":"https:\/\/secure.gravatar.com\/avatar\/fdd21ad66fd8b98c407f9dee5b5e588cfe7f0d8579ec20fa6527cd59bab7f0f0?s=96&d=mm&r=g","caption":"Staff"},"url":"https:\/\/www.bbmnoticias.com\/labravaradiofm\/author\/redaccion\/"}]}},"_links":{"self":[{"href":"https:\/\/www.bbmnoticias.com\/labravaradiofm\/wp-json\/wp\/v2\/posts\/75095","targetHints":{"allow":["GET"]}}],"collection":[{"href":"https:\/\/www.bbmnoticias.com\/labravaradiofm\/wp-json\/wp\/v2\/posts"}],"about":[{"href":"https:\/\/www.bbmnoticias.com\/labravaradiofm\/wp-json\/wp\/v2\/types\/post"}],"author":[{"embeddable":true,"href":"https:\/\/www.bbmnoticias.com\/labravaradiofm\/wp-json\/wp\/v2\/users\/2"}],"replies":[{"embeddable":true,"href":"https:\/\/www.bbmnoticias.com\/labravaradiofm\/wp-json\/wp\/v2\/comments?post=75095"}],"version-history":[{"count":1,"href":"https:\/\/www.bbmnoticias.com\/labravaradiofm\/wp-json\/wp\/v2\/posts\/75095\/revisions"}],"predecessor-version":[{"id":75096,"href":"https:\/\/www.bbmnoticias.com\/labravaradiofm\/wp-json\/wp\/v2\/posts\/75095\/revisions\/75096"}],"wp:featuredmedia":[{"embeddable":true,"href":"https:\/\/www.bbmnoticias.com\/labravaradiofm\/wp-json\/wp\/v2\/media\/75097"}],"wp:attachment":[{"href":"https:\/\/www.bbmnoticias.com\/labravaradiofm\/wp-json\/wp\/v2\/media?parent=75095"}],"wp:term":[{"taxonomy":"category","embeddable":true,"href":"https:\/\/www.bbmnoticias.com\/labravaradiofm\/wp-json\/wp\/v2\/categories?post=75095"},{"taxonomy":"post_tag","embeddable":true,"href":"https:\/\/www.bbmnoticias.com\/labravaradiofm\/wp-json\/wp\/v2\/tags?post=75095"}],"curies":[{"name":"wp","href":"https:\/\/api.w.org\/{rel}","templated":true}]}}