{"id":75086,"date":"2026-03-12T11:04:58","date_gmt":"2026-03-12T17:04:58","guid":{"rendered":"https:\/\/www.bbmnoticias.com\/labravaradiofm\/2026\/03\/12\/fortalece-imss-oaxaca-acciones-de-vacunacion-y-prevencion-contra-sarampion\/"},"modified":"2026-03-12T11:05:04","modified_gmt":"2026-03-12T17:05:04","slug":"fortalece-imss-oaxaca-acciones-de-vacunacion-y-prevencion-contra-sarampion","status":"publish","type":"post","link":"https:\/\/www.bbmnoticias.com\/labravaradiofm\/2026\/03\/12\/fortalece-imss-oaxaca-acciones-de-vacunacion-y-prevencion-contra-sarampion\/","title":{"rendered":"Fortalece IMSS Oaxaca acciones de vacunaci\u00f3n y prevenci\u00f3n contra sarampi\u00f3n"},"content":{"rendered":"<div style=\"margin-top: 0px; margin-bottom: 0px;\" class=\"sharethis-inline-share-buttons\" ><\/div>\n<p>El Instituto Mexicano del Seguro Social (IMSS) en Oaxaca refuerza las acciones de prevenci\u00f3n, vigilancia epidemiol\u00f3gica y vacunaci\u00f3n contra el sarampi\u00f3n, mediante una estrategia que integra la participaci\u00f3n de Unidades de Medicina Familiar (UMF), Hospitales, Unidades M\u00e9dicas Rurales (UMR) y Hospitales Rurales.<\/p>\n\n\n\n<p>El coordinador de Informaci\u00f3n y An\u00e1lisis Estrat\u00e9gico adscrito a la Jefatura de Servicios de Prestaciones M\u00e9dicas, Daniel Antonio Hern\u00e1ndez, dijo que a trav\u00e9s de su red de servicios de salud, el Instituto mantiene activa la vigilancia epidemiol\u00f3gica para la detecci\u00f3n oportuna de casos sospechosos, as\u00ed como el fortalecimiento de campa\u00f1as de vacunaci\u00f3n dirigidas principalmente a ni\u00f1as y ni\u00f1os.<\/p>\n\n\n\n<p>Como parte de estas acciones, personal m\u00e9dico, de Enfermer\u00eda y Promotores de salud realizan actividades extramuros en comunidades, escuelas y espacios p\u00fablicos, con el objetivo de acercar los servicios de vacunaci\u00f3n, revisar Cartillas Nacionales de Salud y brindar informaci\u00f3n preventiva directamente a la poblaci\u00f3n.<\/p>\n\n\n\n<p>Daniel Hern\u00e1ndez, mencion\u00f3 que las brigadas recorren localidades urbanas y rurales para aplicar vacunas pendientes, orientar a madres y padres de familia sobre la importancia de completar los esquemas de vacunaci\u00f3n y promover medidas de prevenci\u00f3n ante enfermedades prevenibles.<\/p>\n\n\n\n<p>El Instituto record\u00f3 que la vacuna triple viral, que protege contra sarampi\u00f3n, rub\u00e9ola y parotiditis, es segura, gratuita y se encuentra disponible en las unidades m\u00e9dicas del IMSS. Por ello, se invita a madres, padres y tutores a revisar la Cartilla Nacional de Salud de ni\u00f1as y ni\u00f1os, y acudir a su unidad m\u00e9dica correspondiente para completar los esquemas de vacunaci\u00f3n.<\/p>\n\n\n\n<p>Con estas acciones, el IMSS refrenda su compromiso con la protecci\u00f3n de la salud p\u00fablica mediante estrategias de prevenci\u00f3n, atenci\u00f3n m\u00e9dica y trabajo comunitario en beneficio de la poblaci\u00f3n.<\/p>\n","protected":false},"excerpt":{"rendered":"<p>El Instituto Mexicano del Seguro Social (IMSS) en Oaxaca refuerza las acciones de prevenci\u00f3n, vigilancia epidemiol\u00f3gica y vacunaci\u00f3n contra el sarampi\u00f3n, mediante una estrategia que integra la participaci\u00f3n de Unidades de Medicina Familiar (UMF), Hospitales, Unidades M\u00e9dicas Rurales (UMR) y Hospitales Rurales. El coordinador de Informaci\u00f3n y An\u00e1lisis Estrat\u00e9gico adscrito a la Jefatura de Servicios [&hellip;]<\/p>\n","protected":false},"author":2,"featured_media":75088,"comment_status":"closed","ping_status":"open","sticky":false,"template":"","format":"standard","meta":{"footnotes":""},"categories":[2],"tags":[],"class_list":{"0":"post-75086","1":"post","2":"type-post","3":"status-publish","4":"format-standard","5":"has-post-thumbnail","7":"category-oaxaca"},"yoast_head":"<!-- This site is optimized with the Yoast SEO plugin v27.4 - https:\/\/yoast.com\/product\/yoast-seo-wordpress\/ -->\n<title>Fortalece IMSS Oaxaca acciones de vacunaci\u00f3n y prevenci\u00f3n contra sarampi\u00f3n - LA BRAVA RADIO<\/title>\n<meta name=\"robots\" content=\"index, follow, max-snippet:-1, max-image-preview:large, max-video-preview:-1\" \/>\n<link rel=\"canonical\" href=\"https:\/\/www.bbmnoticias.com\/fortalece-imss-oaxaca-acciones-de-vacunacion-y-prevencion-contra-sarampion\/\" \/>\n<meta property=\"og:locale\" content=\"es_MX\" \/>\n<meta property=\"og:type\" content=\"article\" \/>\n<meta property=\"og:title\" content=\"Fortalece IMSS Oaxaca acciones de vacunaci\u00f3n y prevenci\u00f3n contra sarampi\u00f3n - LA BRAVA RADIO\" \/>\n<meta property=\"og:description\" content=\"El Instituto Mexicano del Seguro Social (IMSS) en Oaxaca refuerza las acciones de prevenci\u00f3n, vigilancia epidemiol\u00f3gica y vacunaci\u00f3n contra el sarampi\u00f3n, mediante una estrategia que integra la participaci\u00f3n de Unidades de Medicina Familiar (UMF), Hospitales, Unidades M\u00e9dicas Rurales (UMR) y Hospitales Rurales. El coordinador de Informaci\u00f3n y An\u00e1lisis Estrat\u00e9gico adscrito a la Jefatura de Servicios [&hellip;]\" \/>\n<meta property=\"og:url\" content=\"https:\/\/www.bbmnoticias.com\/fortalece-imss-oaxaca-acciones-de-vacunacion-y-prevencion-contra-sarampion\/\" \/>\n<meta property=\"og:site_name\" content=\"LA BRAVA RADIO\" \/>\n<meta property=\"article:published_time\" content=\"2026-03-12T17:04:58+00:00\" \/>\n<meta property=\"article:modified_time\" content=\"2026-03-12T17:05:04+00:00\" \/>\n<meta property=\"og:image\" content=\"https:\/\/www.bbmnoticias.com\/labravaradiofm\/wp-content\/uploads\/sites\/5\/2026\/03\/Fortalece-IMSS-Oaxaca-acciones-de-vacunacion-y-prevencion-contra-sarampion.jpg\" \/>\n\t<meta property=\"og:image:width\" content=\"1920\" \/>\n\t<meta property=\"og:image:height\" content=\"1440\" \/>\n\t<meta property=\"og:image:type\" content=\"image\/jpeg\" \/>\n<meta name=\"author\" content=\"Staff\" \/>\n<meta name=\"twitter:card\" content=\"summary_large_image\" \/>\n<meta name=\"twitter:label1\" content=\"Escrito por\" \/>\n\t<meta name=\"twitter:data1\" content=\"Staff\" \/>\n\t<meta name=\"twitter:label2\" content=\"Tiempo de lectura\" \/>\n\t<meta name=\"twitter:data2\" content=\"2 minutos\" \/>\n<script type=\"application\/ld+json\" class=\"yoast-schema-graph\">{\"@context\":\"https:\\\/\\\/schema.org\",\"@graph\":[{\"@type\":\"Article\",\"@id\":\"https:\\\/\\\/www.bbmnoticias.com\\\/fortalece-imss-oaxaca-acciones-de-vacunacion-y-prevencion-contra-sarampion\\\/#article\",\"isPartOf\":{\"@id\":\"https:\\\/\\\/www.bbmnoticias.com\\\/labravaradiofm\\\/2026\\\/03\\\/12\\\/fortalece-imss-oaxaca-acciones-de-vacunacion-y-prevencion-contra-sarampion\\\/\"},\"author\":{\"name\":\"Staff\",\"@id\":\"https:\\\/\\\/www.bbmnoticias.com\\\/labravaradiofm\\\/#\\\/schema\\\/person\\\/68a9e9036ef3c5b55aeb2b71dc8bab45\"},\"headline\":\"Fortalece IMSS Oaxaca acciones de vacunaci\u00f3n y prevenci\u00f3n contra sarampi\u00f3n\",\"datePublished\":\"2026-03-12T17:04:58+00:00\",\"dateModified\":\"2026-03-12T17:05:04+00:00\",\"mainEntityOfPage\":{\"@id\":\"https:\\\/\\\/www.bbmnoticias.com\\\/labravaradiofm\\\/2026\\\/03\\\/12\\\/fortalece-imss-oaxaca-acciones-de-vacunacion-y-prevencion-contra-sarampion\\\/\"},\"wordCount\":326,\"image\":{\"@id\":\"https:\\\/\\\/www.bbmnoticias.com\\\/fortalece-imss-oaxaca-acciones-de-vacunacion-y-prevencion-contra-sarampion\\\/#primaryimage\"},\"thumbnailUrl\":\"https:\\\/\\\/www.bbmnoticias.com\\\/labravaradiofm\\\/wp-content\\\/uploads\\\/sites\\\/5\\\/2026\\\/03\\\/Fortalece-IMSS-Oaxaca-acciones-de-vacunacion-y-prevencion-contra-sarampion.jpg\",\"articleSection\":[\"LOCAL\"],\"inLanguage\":\"es\"},{\"@type\":\"WebPage\",\"@id\":\"https:\\\/\\\/www.bbmnoticias.com\\\/labravaradiofm\\\/2026\\\/03\\\/12\\\/fortalece-imss-oaxaca-acciones-de-vacunacion-y-prevencion-contra-sarampion\\\/\",\"url\":\"https:\\\/\\\/www.bbmnoticias.com\\\/fortalece-imss-oaxaca-acciones-de-vacunacion-y-prevencion-contra-sarampion\\\/\",\"name\":\"Fortalece IMSS Oaxaca acciones de vacunaci\u00f3n y prevenci\u00f3n contra sarampi\u00f3n - LA BRAVA RADIO\",\"isPartOf\":{\"@id\":\"https:\\\/\\\/www.bbmnoticias.com\\\/labravaradiofm\\\/#website\"},\"primaryImageOfPage\":{\"@id\":\"https:\\\/\\\/www.bbmnoticias.com\\\/fortalece-imss-oaxaca-acciones-de-vacunacion-y-prevencion-contra-sarampion\\\/#primaryimage\"},\"image\":{\"@id\":\"https:\\\/\\\/www.bbmnoticias.com\\\/fortalece-imss-oaxaca-acciones-de-vacunacion-y-prevencion-contra-sarampion\\\/#primaryimage\"},\"thumbnailUrl\":\"https:\\\/\\\/www.bbmnoticias.com\\\/labravaradiofm\\\/wp-content\\\/uploads\\\/sites\\\/5\\\/2026\\\/03\\\/Fortalece-IMSS-Oaxaca-acciones-de-vacunacion-y-prevencion-contra-sarampion.jpg\",\"datePublished\":\"2026-03-12T17:04:58+00:00\",\"dateModified\":\"2026-03-12T17:05:04+00:00\",\"author\":{\"@id\":\"https:\\\/\\\/www.bbmnoticias.com\\\/labravaradiofm\\\/#\\\/schema\\\/person\\\/68a9e9036ef3c5b55aeb2b71dc8bab45\"},\"breadcrumb\":{\"@id\":\"https:\\\/\\\/www.bbmnoticias.com\\\/fortalece-imss-oaxaca-acciones-de-vacunacion-y-prevencion-contra-sarampion\\\/#breadcrumb\"},\"inLanguage\":\"es\",\"potentialAction\":[{\"@type\":\"ReadAction\",\"target\":[\"https:\\\/\\\/www.bbmnoticias.com\\\/fortalece-imss-oaxaca-acciones-de-vacunacion-y-prevencion-contra-sarampion\\\/\"]}]},{\"@type\":\"ImageObject\",\"inLanguage\":\"es\",\"@id\":\"https:\\\/\\\/www.bbmnoticias.com\\\/fortalece-imss-oaxaca-acciones-de-vacunacion-y-prevencion-contra-sarampion\\\/#primaryimage\",\"url\":\"https:\\\/\\\/www.bbmnoticias.com\\\/labravaradiofm\\\/wp-content\\\/uploads\\\/sites\\\/5\\\/2026\\\/03\\\/Fortalece-IMSS-Oaxaca-acciones-de-vacunacion-y-prevencion-contra-sarampion.jpg\",\"contentUrl\":\"https:\\\/\\\/www.bbmnoticias.com\\\/labravaradiofm\\\/wp-content\\\/uploads\\\/sites\\\/5\\\/2026\\\/03\\\/Fortalece-IMSS-Oaxaca-acciones-de-vacunacion-y-prevencion-contra-sarampion.jpg\",\"width\":1920,\"height\":1440},{\"@type\":\"BreadcrumbList\",\"@id\":\"https:\\\/\\\/www.bbmnoticias.com\\\/fortalece-imss-oaxaca-acciones-de-vacunacion-y-prevencion-contra-sarampion\\\/#breadcrumb\",\"itemListElement\":[{\"@type\":\"ListItem\",\"position\":1,\"name\":\"Inicio\",\"item\":\"https:\\\/\\\/www.bbmnoticias.com\\\/labravaradiofm\\\/\"},{\"@type\":\"ListItem\",\"position\":2,\"name\":\"Fortalece IMSS Oaxaca acciones de vacunaci\u00f3n y prevenci\u00f3n contra sarampi\u00f3n\"}]},{\"@type\":\"WebSite\",\"@id\":\"https:\\\/\\\/www.bbmnoticias.com\\\/labravaradiofm\\\/#website\",\"url\":\"https:\\\/\\\/www.bbmnoticias.com\\\/labravaradiofm\\\/\",\"name\":\"LA BRAVA RADIO\",\"description\":\"Empresa productora de medios, Radiodifusi\u00f3n, Noticias, tendencias y todo lo que necesitas saber de la pol\u00edtica mexicana e internacional; entretenimiento, espect\u00e1culos, salud y mucho m\u00e1s.\",\"potentialAction\":[{\"@type\":\"SearchAction\",\"target\":{\"@type\":\"EntryPoint\",\"urlTemplate\":\"https:\\\/\\\/www.bbmnoticias.com\\\/labravaradiofm\\\/?s={search_term_string}\"},\"query-input\":{\"@type\":\"PropertyValueSpecification\",\"valueRequired\":true,\"valueName\":\"search_term_string\"}}],\"inLanguage\":\"es\"},{\"@type\":\"Person\",\"@id\":\"https:\\\/\\\/www.bbmnoticias.com\\\/labravaradiofm\\\/#\\\/schema\\\/person\\\/68a9e9036ef3c5b55aeb2b71dc8bab45\",\"name\":\"Staff\",\"image\":{\"@type\":\"ImageObject\",\"inLanguage\":\"es\",\"@id\":\"https:\\\/\\\/secure.gravatar.com\\\/avatar\\\/fdd21ad66fd8b98c407f9dee5b5e588cfe7f0d8579ec20fa6527cd59bab7f0f0?s=96&d=mm&r=g\",\"url\":\"https:\\\/\\\/secure.gravatar.com\\\/avatar\\\/fdd21ad66fd8b98c407f9dee5b5e588cfe7f0d8579ec20fa6527cd59bab7f0f0?s=96&d=mm&r=g\",\"contentUrl\":\"https:\\\/\\\/secure.gravatar.com\\\/avatar\\\/fdd21ad66fd8b98c407f9dee5b5e588cfe7f0d8579ec20fa6527cd59bab7f0f0?s=96&d=mm&r=g\",\"caption\":\"Staff\"},\"url\":\"https:\\\/\\\/www.bbmnoticias.com\\\/labravaradiofm\\\/author\\\/redaccion\\\/\"}]}<\/script>\n<!-- \/ Yoast SEO plugin. -->","yoast_head_json":{"title":"Fortalece IMSS Oaxaca acciones de vacunaci\u00f3n y prevenci\u00f3n contra sarampi\u00f3n - LA BRAVA RADIO","robots":{"index":"index","follow":"follow","max-snippet":"max-snippet:-1","max-image-preview":"max-image-preview:large","max-video-preview":"max-video-preview:-1"},"canonical":"https:\/\/www.bbmnoticias.com\/fortalece-imss-oaxaca-acciones-de-vacunacion-y-prevencion-contra-sarampion\/","og_locale":"es_MX","og_type":"article","og_title":"Fortalece IMSS Oaxaca acciones de vacunaci\u00f3n y prevenci\u00f3n contra sarampi\u00f3n - LA BRAVA RADIO","og_description":"El Instituto Mexicano del Seguro Social (IMSS) en Oaxaca refuerza las acciones de prevenci\u00f3n, vigilancia epidemiol\u00f3gica y vacunaci\u00f3n contra el sarampi\u00f3n, mediante una estrategia que integra la participaci\u00f3n de Unidades de Medicina Familiar (UMF), Hospitales, Unidades M\u00e9dicas Rurales (UMR) y Hospitales Rurales. El coordinador de Informaci\u00f3n y An\u00e1lisis Estrat\u00e9gico adscrito a la Jefatura de Servicios [&hellip;]","og_url":"https:\/\/www.bbmnoticias.com\/fortalece-imss-oaxaca-acciones-de-vacunacion-y-prevencion-contra-sarampion\/","og_site_name":"LA BRAVA RADIO","article_published_time":"2026-03-12T17:04:58+00:00","article_modified_time":"2026-03-12T17:05:04+00:00","og_image":[{"width":1920,"height":1440,"url":"https:\/\/www.bbmnoticias.com\/labravaradiofm\/wp-content\/uploads\/sites\/5\/2026\/03\/Fortalece-IMSS-Oaxaca-acciones-de-vacunacion-y-prevencion-contra-sarampion.jpg","type":"image\/jpeg"}],"author":"Staff","twitter_card":"summary_large_image","twitter_misc":{"Escrito por":"Staff","Tiempo de lectura":"2 minutos"},"schema":{"@context":"https:\/\/schema.org","@graph":[{"@type":"Article","@id":"https:\/\/www.bbmnoticias.com\/fortalece-imss-oaxaca-acciones-de-vacunacion-y-prevencion-contra-sarampion\/#article","isPartOf":{"@id":"https:\/\/www.bbmnoticias.com\/labravaradiofm\/2026\/03\/12\/fortalece-imss-oaxaca-acciones-de-vacunacion-y-prevencion-contra-sarampion\/"},"author":{"name":"Staff","@id":"https:\/\/www.bbmnoticias.com\/labravaradiofm\/#\/schema\/person\/68a9e9036ef3c5b55aeb2b71dc8bab45"},"headline":"Fortalece IMSS Oaxaca acciones de vacunaci\u00f3n y prevenci\u00f3n contra sarampi\u00f3n","datePublished":"2026-03-12T17:04:58+00:00","dateModified":"2026-03-12T17:05:04+00:00","mainEntityOfPage":{"@id":"https:\/\/www.bbmnoticias.com\/labravaradiofm\/2026\/03\/12\/fortalece-imss-oaxaca-acciones-de-vacunacion-y-prevencion-contra-sarampion\/"},"wordCount":326,"image":{"@id":"https:\/\/www.bbmnoticias.com\/fortalece-imss-oaxaca-acciones-de-vacunacion-y-prevencion-contra-sarampion\/#primaryimage"},"thumbnailUrl":"https:\/\/www.bbmnoticias.com\/labravaradiofm\/wp-content\/uploads\/sites\/5\/2026\/03\/Fortalece-IMSS-Oaxaca-acciones-de-vacunacion-y-prevencion-contra-sarampion.jpg","articleSection":["LOCAL"],"inLanguage":"es"},{"@type":"WebPage","@id":"https:\/\/www.bbmnoticias.com\/labravaradiofm\/2026\/03\/12\/fortalece-imss-oaxaca-acciones-de-vacunacion-y-prevencion-contra-sarampion\/","url":"https:\/\/www.bbmnoticias.com\/fortalece-imss-oaxaca-acciones-de-vacunacion-y-prevencion-contra-sarampion\/","name":"Fortalece IMSS Oaxaca acciones de vacunaci\u00f3n y prevenci\u00f3n contra sarampi\u00f3n - LA BRAVA RADIO","isPartOf":{"@id":"https:\/\/www.bbmnoticias.com\/labravaradiofm\/#website"},"primaryImageOfPage":{"@id":"https:\/\/www.bbmnoticias.com\/fortalece-imss-oaxaca-acciones-de-vacunacion-y-prevencion-contra-sarampion\/#primaryimage"},"image":{"@id":"https:\/\/www.bbmnoticias.com\/fortalece-imss-oaxaca-acciones-de-vacunacion-y-prevencion-contra-sarampion\/#primaryimage"},"thumbnailUrl":"https:\/\/www.bbmnoticias.com\/labravaradiofm\/wp-content\/uploads\/sites\/5\/2026\/03\/Fortalece-IMSS-Oaxaca-acciones-de-vacunacion-y-prevencion-contra-sarampion.jpg","datePublished":"2026-03-12T17:04:58+00:00","dateModified":"2026-03-12T17:05:04+00:00","author":{"@id":"https:\/\/www.bbmnoticias.com\/labravaradiofm\/#\/schema\/person\/68a9e9036ef3c5b55aeb2b71dc8bab45"},"breadcrumb":{"@id":"https:\/\/www.bbmnoticias.com\/fortalece-imss-oaxaca-acciones-de-vacunacion-y-prevencion-contra-sarampion\/#breadcrumb"},"inLanguage":"es","potentialAction":[{"@type":"ReadAction","target":["https:\/\/www.bbmnoticias.com\/fortalece-imss-oaxaca-acciones-de-vacunacion-y-prevencion-contra-sarampion\/"]}]},{"@type":"ImageObject","inLanguage":"es","@id":"https:\/\/www.bbmnoticias.com\/fortalece-imss-oaxaca-acciones-de-vacunacion-y-prevencion-contra-sarampion\/#primaryimage","url":"https:\/\/www.bbmnoticias.com\/labravaradiofm\/wp-content\/uploads\/sites\/5\/2026\/03\/Fortalece-IMSS-Oaxaca-acciones-de-vacunacion-y-prevencion-contra-sarampion.jpg","contentUrl":"https:\/\/www.bbmnoticias.com\/labravaradiofm\/wp-content\/uploads\/sites\/5\/2026\/03\/Fortalece-IMSS-Oaxaca-acciones-de-vacunacion-y-prevencion-contra-sarampion.jpg","width":1920,"height":1440},{"@type":"BreadcrumbList","@id":"https:\/\/www.bbmnoticias.com\/fortalece-imss-oaxaca-acciones-de-vacunacion-y-prevencion-contra-sarampion\/#breadcrumb","itemListElement":[{"@type":"ListItem","position":1,"name":"Inicio","item":"https:\/\/www.bbmnoticias.com\/labravaradiofm\/"},{"@type":"ListItem","position":2,"name":"Fortalece IMSS Oaxaca acciones de vacunaci\u00f3n y prevenci\u00f3n contra sarampi\u00f3n"}]},{"@type":"WebSite","@id":"https:\/\/www.bbmnoticias.com\/labravaradiofm\/#website","url":"https:\/\/www.bbmnoticias.com\/labravaradiofm\/","name":"LA BRAVA RADIO","description":"Empresa productora de medios, Radiodifusi\u00f3n, Noticias, tendencias y todo lo que necesitas saber de la pol\u00edtica mexicana e internacional; entretenimiento, espect\u00e1culos, salud y mucho m\u00e1s.","potentialAction":[{"@type":"SearchAction","target":{"@type":"EntryPoint","urlTemplate":"https:\/\/www.bbmnoticias.com\/labravaradiofm\/?s={search_term_string}"},"query-input":{"@type":"PropertyValueSpecification","valueRequired":true,"valueName":"search_term_string"}}],"inLanguage":"es"},{"@type":"Person","@id":"https:\/\/www.bbmnoticias.com\/labravaradiofm\/#\/schema\/person\/68a9e9036ef3c5b55aeb2b71dc8bab45","name":"Staff","image":{"@type":"ImageObject","inLanguage":"es","@id":"https:\/\/secure.gravatar.com\/avatar\/fdd21ad66fd8b98c407f9dee5b5e588cfe7f0d8579ec20fa6527cd59bab7f0f0?s=96&d=mm&r=g","url":"https:\/\/secure.gravatar.com\/avatar\/fdd21ad66fd8b98c407f9dee5b5e588cfe7f0d8579ec20fa6527cd59bab7f0f0?s=96&d=mm&r=g","contentUrl":"https:\/\/secure.gravatar.com\/avatar\/fdd21ad66fd8b98c407f9dee5b5e588cfe7f0d8579ec20fa6527cd59bab7f0f0?s=96&d=mm&r=g","caption":"Staff"},"url":"https:\/\/www.bbmnoticias.com\/labravaradiofm\/author\/redaccion\/"}]}},"_links":{"self":[{"href":"https:\/\/www.bbmnoticias.com\/labravaradiofm\/wp-json\/wp\/v2\/posts\/75086","targetHints":{"allow":["GET"]}}],"collection":[{"href":"https:\/\/www.bbmnoticias.com\/labravaradiofm\/wp-json\/wp\/v2\/posts"}],"about":[{"href":"https:\/\/www.bbmnoticias.com\/labravaradiofm\/wp-json\/wp\/v2\/types\/post"}],"author":[{"embeddable":true,"href":"https:\/\/www.bbmnoticias.com\/labravaradiofm\/wp-json\/wp\/v2\/users\/2"}],"replies":[{"embeddable":true,"href":"https:\/\/www.bbmnoticias.com\/labravaradiofm\/wp-json\/wp\/v2\/comments?post=75086"}],"version-history":[{"count":1,"href":"https:\/\/www.bbmnoticias.com\/labravaradiofm\/wp-json\/wp\/v2\/posts\/75086\/revisions"}],"predecessor-version":[{"id":75087,"href":"https:\/\/www.bbmnoticias.com\/labravaradiofm\/wp-json\/wp\/v2\/posts\/75086\/revisions\/75087"}],"wp:featuredmedia":[{"embeddable":true,"href":"https:\/\/www.bbmnoticias.com\/labravaradiofm\/wp-json\/wp\/v2\/media\/75088"}],"wp:attachment":[{"href":"https:\/\/www.bbmnoticias.com\/labravaradiofm\/wp-json\/wp\/v2\/media?parent=75086"}],"wp:term":[{"taxonomy":"category","embeddable":true,"href":"https:\/\/www.bbmnoticias.com\/labravaradiofm\/wp-json\/wp\/v2\/categories?post=75086"},{"taxonomy":"post_tag","embeddable":true,"href":"https:\/\/www.bbmnoticias.com\/labravaradiofm\/wp-json\/wp\/v2\/tags?post=75086"}],"curies":[{"name":"wp","href":"https:\/\/api.w.org\/{rel}","templated":true}]}}