{"id":75083,"date":"2026-03-12T10:50:12","date_gmt":"2026-03-12T16:50:12","guid":{"rendered":"https:\/\/www.bbmnoticias.com\/labravaradiofm\/2026\/03\/12\/trump-advierte-a-seleccion-de-iran-no-es-apropiado-que-esten-por-su-seguridad\/"},"modified":"2026-03-12T10:50:19","modified_gmt":"2026-03-12T16:50:19","slug":"trump-advierte-a-seleccion-de-iran-no-es-apropiado-que-esten-por-su-seguridad","status":"publish","type":"post","link":"https:\/\/www.bbmnoticias.com\/labravaradiofm\/2026\/03\/12\/trump-advierte-a-seleccion-de-iran-no-es-apropiado-que-esten-por-su-seguridad\/","title":{"rendered":"Trump advierte a selecci\u00f3n de Ir\u00e1n: \u2018no es apropiado que est\u00e9n por su seguridad\u2019"},"content":{"rendered":"<div style=\"margin-top: 0px; margin-bottom: 0px;\" class=\"sharethis-inline-share-buttons\" ><\/div>\n<p>La tensi\u00f3n por la presencia de la selecci\u00f3n de Ir\u00e1n en el Mundial 2026 se mantiene. En esta ocasi\u00f3n, el presidente de Estados Unidos, Donald Trump, le envi\u00f3 un mensaje desde su red social, donde reitera que es bienvenida, pero le advierte que no es apropiado que est\u00e9n ah\u00ed por su seguridad.<\/p>\n\n\n\n<p>\u201cLa selecci\u00f3n nacional de futbol de Ir\u00e1n es bienvenida al Mundial, pero realmente no creo que sea apropiado que est\u00e9n ah\u00ed, por su propia seguridad\u201d, dijo Donadl Trump en su plataforma Truth Social.<\/p>\n\n\n\n<p>Este mi\u00e9rcoles, <strong>Gianni Infantino<\/strong>, presidente de la FIFA, reiter\u00f3 que, seg\u00fan Donald Trump, la selecci\u00f3n de Ir\u00e1n es bienvenida al Mundial 2026.<\/p>\n\n\n\n<p>\u201cDurante nuestra conversaci\u00f3n, el presidente Trump reiter\u00f3 que el equipo iran\u00ed es bienvenido, sin duda, para disputar el torneo en Estados Unidos\u201d, public\u00f3 Gianni Infantino en redes sociales. La Casa Blanca confirm\u00f3 el tono de la conversaci\u00f3n.<\/p>\n\n\n\n<p>Instantes previos, Ahmad Doyanmali, ministro de Deportes de Ir\u00e1n, puso en <strong>duda la participaci\u00f3n de su selecci\u00f3n en el Mundial 2026<\/strong>.<\/p>\n\n\n\n<p>\u201cSabiendo que este gobierno corrupto ha asesinado a nuestro l\u00edder, no se dan las condiciones para participar en la Copa del Mundo. Nuestros hijos (los jugadores de la selecci\u00f3n nacional) no est\u00e1n en absoluto seguros. Teniendo en cuenta las acciones perjudiciales que ellos (Estados Unidos) han llevado a cabo contra Ir\u00e1n, imponi\u00e9ndonos dos guerras en ocho o nueve meses y causando la muerte de varios miles de nuestros compatriotas, nos resulta imposible participar en este torneo\u201d, indic\u00f3 a la televisi\u00f3n iran\u00ed.<\/p>\n\n\n\n<p>Pep respalda su once inicial pese a la derrota ante el Real Madrid<\/p>\n\n\n\n<p>La selecci\u00f3n de Ir\u00e1n podr\u00eda tener consecuencias si es que decide no ir al Mundial 2026, entre ellas una multa y una posible expulsi\u00f3n de la FIFA.<\/p>\n","protected":false},"excerpt":{"rendered":"<p>La tensi\u00f3n por la presencia de la selecci\u00f3n de Ir\u00e1n en el Mundial 2026 se mantiene. En esta ocasi\u00f3n, el presidente de Estados Unidos, Donald Trump, le envi\u00f3 un mensaje desde su red social, donde reitera que es bienvenida, pero le advierte que no es apropiado que est\u00e9n ah\u00ed por su seguridad. \u201cLa selecci\u00f3n nacional [&hellip;]<\/p>\n","protected":false},"author":8,"featured_media":75085,"comment_status":"closed","ping_status":"open","sticky":false,"template":"","format":"standard","meta":{"footnotes":""},"categories":[948,2],"tags":[],"class_list":{"0":"post-75083","1":"post","2":"type-post","3":"status-publish","4":"format-standard","5":"has-post-thumbnail","7":"category-internacional","8":"category-oaxaca"},"yoast_head":"<!-- This site is optimized with the Yoast SEO plugin v27.4 - https:\/\/yoast.com\/product\/yoast-seo-wordpress\/ -->\n<title>Trump advierte a selecci\u00f3n de Ir\u00e1n: \u2018no es apropiado que est\u00e9n por su seguridad\u2019 - LA BRAVA RADIO<\/title>\n<meta name=\"robots\" content=\"index, follow, max-snippet:-1, max-image-preview:large, max-video-preview:-1\" \/>\n<link rel=\"canonical\" href=\"https:\/\/www.bbmnoticias.com\/trump-advierte-a-seleccion-de-iran-no-es-apropiado-que-esten-por-su-seguridad\/\" \/>\n<meta property=\"og:locale\" content=\"es_MX\" \/>\n<meta property=\"og:type\" content=\"article\" \/>\n<meta property=\"og:title\" content=\"Trump advierte a selecci\u00f3n de Ir\u00e1n: \u2018no es apropiado que est\u00e9n por su seguridad\u2019 - LA BRAVA RADIO\" \/>\n<meta property=\"og:description\" content=\"La tensi\u00f3n por la presencia de la selecci\u00f3n de Ir\u00e1n en el Mundial 2026 se mantiene. En esta ocasi\u00f3n, el presidente de Estados Unidos, Donald Trump, le envi\u00f3 un mensaje desde su red social, donde reitera que es bienvenida, pero le advierte que no es apropiado que est\u00e9n ah\u00ed por su seguridad. \u201cLa selecci\u00f3n nacional [&hellip;]\" \/>\n<meta property=\"og:url\" content=\"https:\/\/www.bbmnoticias.com\/trump-advierte-a-seleccion-de-iran-no-es-apropiado-que-esten-por-su-seguridad\/\" \/>\n<meta property=\"og:site_name\" content=\"LA BRAVA RADIO\" \/>\n<meta property=\"article:published_time\" content=\"2026-03-12T16:50:12+00:00\" \/>\n<meta property=\"article:modified_time\" content=\"2026-03-12T16:50:19+00:00\" \/>\n<meta property=\"og:image\" content=\"https:\/\/www.bbmnoticias.com\/labravaradiofm\/wp-content\/uploads\/sites\/5\/2026\/03\/69b2e1bd716c8.jpeg\" \/>\n\t<meta property=\"og:image:width\" content=\"813\" \/>\n\t<meta property=\"og:image:height\" content=\"542\" \/>\n\t<meta property=\"og:image:type\" content=\"image\/jpeg\" \/>\n<meta name=\"author\" content=\"Exc\u00e9lsior\" \/>\n<meta name=\"twitter:card\" content=\"summary_large_image\" \/>\n<meta name=\"twitter:label1\" content=\"Escrito por\" \/>\n\t<meta name=\"twitter:data1\" content=\"Exc\u00e9lsior\" \/>\n\t<meta name=\"twitter:label2\" content=\"Tiempo de lectura\" \/>\n\t<meta name=\"twitter:data2\" content=\"2 minutos\" \/>\n<script type=\"application\/ld+json\" class=\"yoast-schema-graph\">{\"@context\":\"https:\\\/\\\/schema.org\",\"@graph\":[{\"@type\":\"Article\",\"@id\":\"https:\\\/\\\/www.bbmnoticias.com\\\/trump-advierte-a-seleccion-de-iran-no-es-apropiado-que-esten-por-su-seguridad\\\/#article\",\"isPartOf\":{\"@id\":\"https:\\\/\\\/www.bbmnoticias.com\\\/labravaradiofm\\\/2026\\\/03\\\/12\\\/trump-advierte-a-seleccion-de-iran-no-es-apropiado-que-esten-por-su-seguridad\\\/\"},\"author\":{\"name\":\"Exc\u00e9lsior\",\"@id\":\"https:\\\/\\\/www.bbmnoticias.com\\\/labravaradiofm\\\/#\\\/schema\\\/person\\\/56f4677efb93d47930db8f58aa971b20\"},\"headline\":\"Trump advierte a selecci\u00f3n de Ir\u00e1n: \u2018no es apropiado que est\u00e9n por su seguridad\u2019\",\"datePublished\":\"2026-03-12T16:50:12+00:00\",\"dateModified\":\"2026-03-12T16:50:19+00:00\",\"mainEntityOfPage\":{\"@id\":\"https:\\\/\\\/www.bbmnoticias.com\\\/labravaradiofm\\\/2026\\\/03\\\/12\\\/trump-advierte-a-seleccion-de-iran-no-es-apropiado-que-esten-por-su-seguridad\\\/\"},\"wordCount\":326,\"image\":{\"@id\":\"https:\\\/\\\/www.bbmnoticias.com\\\/trump-advierte-a-seleccion-de-iran-no-es-apropiado-que-esten-por-su-seguridad\\\/#primaryimage\"},\"thumbnailUrl\":\"https:\\\/\\\/www.bbmnoticias.com\\\/labravaradiofm\\\/wp-content\\\/uploads\\\/sites\\\/5\\\/2026\\\/03\\\/69b2e1bd716c8.jpeg\",\"articleSection\":[\"INTERNACIONAL\",\"LOCAL\"],\"inLanguage\":\"es\"},{\"@type\":\"WebPage\",\"@id\":\"https:\\\/\\\/www.bbmnoticias.com\\\/labravaradiofm\\\/2026\\\/03\\\/12\\\/trump-advierte-a-seleccion-de-iran-no-es-apropiado-que-esten-por-su-seguridad\\\/\",\"url\":\"https:\\\/\\\/www.bbmnoticias.com\\\/trump-advierte-a-seleccion-de-iran-no-es-apropiado-que-esten-por-su-seguridad\\\/\",\"name\":\"Trump advierte a selecci\u00f3n de Ir\u00e1n: \u2018no es apropiado que est\u00e9n por su seguridad\u2019 - LA BRAVA RADIO\",\"isPartOf\":{\"@id\":\"https:\\\/\\\/www.bbmnoticias.com\\\/labravaradiofm\\\/#website\"},\"primaryImageOfPage\":{\"@id\":\"https:\\\/\\\/www.bbmnoticias.com\\\/trump-advierte-a-seleccion-de-iran-no-es-apropiado-que-esten-por-su-seguridad\\\/#primaryimage\"},\"image\":{\"@id\":\"https:\\\/\\\/www.bbmnoticias.com\\\/trump-advierte-a-seleccion-de-iran-no-es-apropiado-que-esten-por-su-seguridad\\\/#primaryimage\"},\"thumbnailUrl\":\"https:\\\/\\\/www.bbmnoticias.com\\\/labravaradiofm\\\/wp-content\\\/uploads\\\/sites\\\/5\\\/2026\\\/03\\\/69b2e1bd716c8.jpeg\",\"datePublished\":\"2026-03-12T16:50:12+00:00\",\"dateModified\":\"2026-03-12T16:50:19+00:00\",\"author\":{\"@id\":\"https:\\\/\\\/www.bbmnoticias.com\\\/labravaradiofm\\\/#\\\/schema\\\/person\\\/56f4677efb93d47930db8f58aa971b20\"},\"breadcrumb\":{\"@id\":\"https:\\\/\\\/www.bbmnoticias.com\\\/trump-advierte-a-seleccion-de-iran-no-es-apropiado-que-esten-por-su-seguridad\\\/#breadcrumb\"},\"inLanguage\":\"es\",\"potentialAction\":[{\"@type\":\"ReadAction\",\"target\":[\"https:\\\/\\\/www.bbmnoticias.com\\\/trump-advierte-a-seleccion-de-iran-no-es-apropiado-que-esten-por-su-seguridad\\\/\"]}]},{\"@type\":\"ImageObject\",\"inLanguage\":\"es\",\"@id\":\"https:\\\/\\\/www.bbmnoticias.com\\\/trump-advierte-a-seleccion-de-iran-no-es-apropiado-que-esten-por-su-seguridad\\\/#primaryimage\",\"url\":\"https:\\\/\\\/www.bbmnoticias.com\\\/labravaradiofm\\\/wp-content\\\/uploads\\\/sites\\\/5\\\/2026\\\/03\\\/69b2e1bd716c8.jpeg\",\"contentUrl\":\"https:\\\/\\\/www.bbmnoticias.com\\\/labravaradiofm\\\/wp-content\\\/uploads\\\/sites\\\/5\\\/2026\\\/03\\\/69b2e1bd716c8.jpeg\",\"width\":813,\"height\":542},{\"@type\":\"BreadcrumbList\",\"@id\":\"https:\\\/\\\/www.bbmnoticias.com\\\/trump-advierte-a-seleccion-de-iran-no-es-apropiado-que-esten-por-su-seguridad\\\/#breadcrumb\",\"itemListElement\":[{\"@type\":\"ListItem\",\"position\":1,\"name\":\"Inicio\",\"item\":\"https:\\\/\\\/www.bbmnoticias.com\\\/labravaradiofm\\\/\"},{\"@type\":\"ListItem\",\"position\":2,\"name\":\"Trump advierte a selecci\u00f3n de Ir\u00e1n: \u2018no es apropiado que est\u00e9n por su seguridad\u2019\"}]},{\"@type\":\"WebSite\",\"@id\":\"https:\\\/\\\/www.bbmnoticias.com\\\/labravaradiofm\\\/#website\",\"url\":\"https:\\\/\\\/www.bbmnoticias.com\\\/labravaradiofm\\\/\",\"name\":\"LA BRAVA RADIO\",\"description\":\"Empresa productora de medios, Radiodifusi\u00f3n, Noticias, tendencias y todo lo que necesitas saber de la pol\u00edtica mexicana e internacional; entretenimiento, espect\u00e1culos, salud y mucho m\u00e1s.\",\"potentialAction\":[{\"@type\":\"SearchAction\",\"target\":{\"@type\":\"EntryPoint\",\"urlTemplate\":\"https:\\\/\\\/www.bbmnoticias.com\\\/labravaradiofm\\\/?s={search_term_string}\"},\"query-input\":{\"@type\":\"PropertyValueSpecification\",\"valueRequired\":true,\"valueName\":\"search_term_string\"}}],\"inLanguage\":\"es\"},{\"@type\":\"Person\",\"@id\":\"https:\\\/\\\/www.bbmnoticias.com\\\/labravaradiofm\\\/#\\\/schema\\\/person\\\/56f4677efb93d47930db8f58aa971b20\",\"name\":\"Exc\u00e9lsior\",\"image\":{\"@type\":\"ImageObject\",\"inLanguage\":\"es\",\"@id\":\"https:\\\/\\\/secure.gravatar.com\\\/avatar\\\/497265c4dbe1cd0e2f3f1b19aba0f5779c7f95d09e139a5b83c1ecd47b4e780d?s=96&d=mm&r=g\",\"url\":\"https:\\\/\\\/secure.gravatar.com\\\/avatar\\\/497265c4dbe1cd0e2f3f1b19aba0f5779c7f95d09e139a5b83c1ecd47b4e780d?s=96&d=mm&r=g\",\"contentUrl\":\"https:\\\/\\\/secure.gravatar.com\\\/avatar\\\/497265c4dbe1cd0e2f3f1b19aba0f5779c7f95d09e139a5b83c1ecd47b4e780d?s=96&d=mm&r=g\",\"caption\":\"Exc\u00e9lsior\"},\"url\":\"https:\\\/\\\/www.bbmnoticias.com\\\/labravaradiofm\\\/author\\\/excelsior\\\/\"}]}<\/script>\n<!-- \/ Yoast SEO plugin. -->","yoast_head_json":{"title":"Trump advierte a selecci\u00f3n de Ir\u00e1n: \u2018no es apropiado que est\u00e9n por su seguridad\u2019 - LA BRAVA RADIO","robots":{"index":"index","follow":"follow","max-snippet":"max-snippet:-1","max-image-preview":"max-image-preview:large","max-video-preview":"max-video-preview:-1"},"canonical":"https:\/\/www.bbmnoticias.com\/trump-advierte-a-seleccion-de-iran-no-es-apropiado-que-esten-por-su-seguridad\/","og_locale":"es_MX","og_type":"article","og_title":"Trump advierte a selecci\u00f3n de Ir\u00e1n: \u2018no es apropiado que est\u00e9n por su seguridad\u2019 - LA BRAVA RADIO","og_description":"La tensi\u00f3n por la presencia de la selecci\u00f3n de Ir\u00e1n en el Mundial 2026 se mantiene. En esta ocasi\u00f3n, el presidente de Estados Unidos, Donald Trump, le envi\u00f3 un mensaje desde su red social, donde reitera que es bienvenida, pero le advierte que no es apropiado que est\u00e9n ah\u00ed por su seguridad. \u201cLa selecci\u00f3n nacional [&hellip;]","og_url":"https:\/\/www.bbmnoticias.com\/trump-advierte-a-seleccion-de-iran-no-es-apropiado-que-esten-por-su-seguridad\/","og_site_name":"LA BRAVA RADIO","article_published_time":"2026-03-12T16:50:12+00:00","article_modified_time":"2026-03-12T16:50:19+00:00","og_image":[{"width":813,"height":542,"url":"https:\/\/www.bbmnoticias.com\/labravaradiofm\/wp-content\/uploads\/sites\/5\/2026\/03\/69b2e1bd716c8.jpeg","type":"image\/jpeg"}],"author":"Exc\u00e9lsior","twitter_card":"summary_large_image","twitter_misc":{"Escrito por":"Exc\u00e9lsior","Tiempo de lectura":"2 minutos"},"schema":{"@context":"https:\/\/schema.org","@graph":[{"@type":"Article","@id":"https:\/\/www.bbmnoticias.com\/trump-advierte-a-seleccion-de-iran-no-es-apropiado-que-esten-por-su-seguridad\/#article","isPartOf":{"@id":"https:\/\/www.bbmnoticias.com\/labravaradiofm\/2026\/03\/12\/trump-advierte-a-seleccion-de-iran-no-es-apropiado-que-esten-por-su-seguridad\/"},"author":{"name":"Exc\u00e9lsior","@id":"https:\/\/www.bbmnoticias.com\/labravaradiofm\/#\/schema\/person\/56f4677efb93d47930db8f58aa971b20"},"headline":"Trump advierte a selecci\u00f3n de Ir\u00e1n: \u2018no es apropiado que est\u00e9n por su seguridad\u2019","datePublished":"2026-03-12T16:50:12+00:00","dateModified":"2026-03-12T16:50:19+00:00","mainEntityOfPage":{"@id":"https:\/\/www.bbmnoticias.com\/labravaradiofm\/2026\/03\/12\/trump-advierte-a-seleccion-de-iran-no-es-apropiado-que-esten-por-su-seguridad\/"},"wordCount":326,"image":{"@id":"https:\/\/www.bbmnoticias.com\/trump-advierte-a-seleccion-de-iran-no-es-apropiado-que-esten-por-su-seguridad\/#primaryimage"},"thumbnailUrl":"https:\/\/www.bbmnoticias.com\/labravaradiofm\/wp-content\/uploads\/sites\/5\/2026\/03\/69b2e1bd716c8.jpeg","articleSection":["INTERNACIONAL","LOCAL"],"inLanguage":"es"},{"@type":"WebPage","@id":"https:\/\/www.bbmnoticias.com\/labravaradiofm\/2026\/03\/12\/trump-advierte-a-seleccion-de-iran-no-es-apropiado-que-esten-por-su-seguridad\/","url":"https:\/\/www.bbmnoticias.com\/trump-advierte-a-seleccion-de-iran-no-es-apropiado-que-esten-por-su-seguridad\/","name":"Trump advierte a selecci\u00f3n de Ir\u00e1n: \u2018no es apropiado que est\u00e9n por su seguridad\u2019 - LA BRAVA RADIO","isPartOf":{"@id":"https:\/\/www.bbmnoticias.com\/labravaradiofm\/#website"},"primaryImageOfPage":{"@id":"https:\/\/www.bbmnoticias.com\/trump-advierte-a-seleccion-de-iran-no-es-apropiado-que-esten-por-su-seguridad\/#primaryimage"},"image":{"@id":"https:\/\/www.bbmnoticias.com\/trump-advierte-a-seleccion-de-iran-no-es-apropiado-que-esten-por-su-seguridad\/#primaryimage"},"thumbnailUrl":"https:\/\/www.bbmnoticias.com\/labravaradiofm\/wp-content\/uploads\/sites\/5\/2026\/03\/69b2e1bd716c8.jpeg","datePublished":"2026-03-12T16:50:12+00:00","dateModified":"2026-03-12T16:50:19+00:00","author":{"@id":"https:\/\/www.bbmnoticias.com\/labravaradiofm\/#\/schema\/person\/56f4677efb93d47930db8f58aa971b20"},"breadcrumb":{"@id":"https:\/\/www.bbmnoticias.com\/trump-advierte-a-seleccion-de-iran-no-es-apropiado-que-esten-por-su-seguridad\/#breadcrumb"},"inLanguage":"es","potentialAction":[{"@type":"ReadAction","target":["https:\/\/www.bbmnoticias.com\/trump-advierte-a-seleccion-de-iran-no-es-apropiado-que-esten-por-su-seguridad\/"]}]},{"@type":"ImageObject","inLanguage":"es","@id":"https:\/\/www.bbmnoticias.com\/trump-advierte-a-seleccion-de-iran-no-es-apropiado-que-esten-por-su-seguridad\/#primaryimage","url":"https:\/\/www.bbmnoticias.com\/labravaradiofm\/wp-content\/uploads\/sites\/5\/2026\/03\/69b2e1bd716c8.jpeg","contentUrl":"https:\/\/www.bbmnoticias.com\/labravaradiofm\/wp-content\/uploads\/sites\/5\/2026\/03\/69b2e1bd716c8.jpeg","width":813,"height":542},{"@type":"BreadcrumbList","@id":"https:\/\/www.bbmnoticias.com\/trump-advierte-a-seleccion-de-iran-no-es-apropiado-que-esten-por-su-seguridad\/#breadcrumb","itemListElement":[{"@type":"ListItem","position":1,"name":"Inicio","item":"https:\/\/www.bbmnoticias.com\/labravaradiofm\/"},{"@type":"ListItem","position":2,"name":"Trump advierte a selecci\u00f3n de Ir\u00e1n: \u2018no es apropiado que est\u00e9n por su seguridad\u2019"}]},{"@type":"WebSite","@id":"https:\/\/www.bbmnoticias.com\/labravaradiofm\/#website","url":"https:\/\/www.bbmnoticias.com\/labravaradiofm\/","name":"LA BRAVA RADIO","description":"Empresa productora de medios, Radiodifusi\u00f3n, Noticias, tendencias y todo lo que necesitas saber de la pol\u00edtica mexicana e internacional; entretenimiento, espect\u00e1culos, salud y mucho m\u00e1s.","potentialAction":[{"@type":"SearchAction","target":{"@type":"EntryPoint","urlTemplate":"https:\/\/www.bbmnoticias.com\/labravaradiofm\/?s={search_term_string}"},"query-input":{"@type":"PropertyValueSpecification","valueRequired":true,"valueName":"search_term_string"}}],"inLanguage":"es"},{"@type":"Person","@id":"https:\/\/www.bbmnoticias.com\/labravaradiofm\/#\/schema\/person\/56f4677efb93d47930db8f58aa971b20","name":"Exc\u00e9lsior","image":{"@type":"ImageObject","inLanguage":"es","@id":"https:\/\/secure.gravatar.com\/avatar\/497265c4dbe1cd0e2f3f1b19aba0f5779c7f95d09e139a5b83c1ecd47b4e780d?s=96&d=mm&r=g","url":"https:\/\/secure.gravatar.com\/avatar\/497265c4dbe1cd0e2f3f1b19aba0f5779c7f95d09e139a5b83c1ecd47b4e780d?s=96&d=mm&r=g","contentUrl":"https:\/\/secure.gravatar.com\/avatar\/497265c4dbe1cd0e2f3f1b19aba0f5779c7f95d09e139a5b83c1ecd47b4e780d?s=96&d=mm&r=g","caption":"Exc\u00e9lsior"},"url":"https:\/\/www.bbmnoticias.com\/labravaradiofm\/author\/excelsior\/"}]}},"_links":{"self":[{"href":"https:\/\/www.bbmnoticias.com\/labravaradiofm\/wp-json\/wp\/v2\/posts\/75083","targetHints":{"allow":["GET"]}}],"collection":[{"href":"https:\/\/www.bbmnoticias.com\/labravaradiofm\/wp-json\/wp\/v2\/posts"}],"about":[{"href":"https:\/\/www.bbmnoticias.com\/labravaradiofm\/wp-json\/wp\/v2\/types\/post"}],"author":[{"embeddable":true,"href":"https:\/\/www.bbmnoticias.com\/labravaradiofm\/wp-json\/wp\/v2\/users\/8"}],"replies":[{"embeddable":true,"href":"https:\/\/www.bbmnoticias.com\/labravaradiofm\/wp-json\/wp\/v2\/comments?post=75083"}],"version-history":[{"count":1,"href":"https:\/\/www.bbmnoticias.com\/labravaradiofm\/wp-json\/wp\/v2\/posts\/75083\/revisions"}],"predecessor-version":[{"id":75084,"href":"https:\/\/www.bbmnoticias.com\/labravaradiofm\/wp-json\/wp\/v2\/posts\/75083\/revisions\/75084"}],"wp:featuredmedia":[{"embeddable":true,"href":"https:\/\/www.bbmnoticias.com\/labravaradiofm\/wp-json\/wp\/v2\/media\/75085"}],"wp:attachment":[{"href":"https:\/\/www.bbmnoticias.com\/labravaradiofm\/wp-json\/wp\/v2\/media?parent=75083"}],"wp:term":[{"taxonomy":"category","embeddable":true,"href":"https:\/\/www.bbmnoticias.com\/labravaradiofm\/wp-json\/wp\/v2\/categories?post=75083"},{"taxonomy":"post_tag","embeddable":true,"href":"https:\/\/www.bbmnoticias.com\/labravaradiofm\/wp-json\/wp\/v2\/tags?post=75083"}],"curies":[{"name":"wp","href":"https:\/\/api.w.org\/{rel}","templated":true}]}}