{"id":75080,"date":"2026-03-12T10:40:02","date_gmt":"2026-03-12T16:40:02","guid":{"rendered":"https:\/\/www.bbmnoticias.com\/labravaradiofm\/2026\/03\/12\/en-que-consiste-el-plan-b-de-la-reforma-electoral-sheinbaum-lo-explica\/"},"modified":"2026-03-12T10:40:25","modified_gmt":"2026-03-12T16:40:25","slug":"en-que-consiste-el-plan-b-de-la-reforma-electoral-sheinbaum-lo-explica","status":"publish","type":"post","link":"https:\/\/www.bbmnoticias.com\/labravaradiofm\/2026\/03\/12\/en-que-consiste-el-plan-b-de-la-reforma-electoral-sheinbaum-lo-explica\/","title":{"rendered":"\u00bfEn qu\u00e9 consiste el plan B de la Reforma Electoral? Sheinbaum lo explica"},"content":{"rendered":"<div style=\"margin-top: 0px; margin-bottom: 0px;\" class=\"sharethis-inline-share-buttons\" ><\/div>\n<p>La Presidenta de M\u00e9xico, <strong>Claudia Sheinbaum Pardo<\/strong>, habl\u00f3 sobre la <strong>Reforma Electoral <\/strong>y la posible operaci\u00f3n de un <strong>plan B<\/strong>&nbsp;ya que la primera propuesta de la<strong> iniciativa no fue aprobada<\/strong> por los legisladores, la cual tiene como objetivo <strong>terminar<\/strong> con los <strong>privilegios<\/strong> de los <strong>partidos electorales<\/strong>.<\/p>\n\n\n\n<p>La jefa del Ejecutivo Federal record\u00f3 que la iniciativa de la Reforma Electoral puntualiza que al pueblo de M\u00e9xico le parece <strong>excesivo<\/strong> que se<strong> repitan funciones<\/strong> entre los <strong>OPLES<\/strong> y el <strong>INE<\/strong>, as\u00ed como que los <strong>consejeros<\/strong> sigan<strong> ganando m\u00e1s<\/strong>&nbsp;que la Presidenta, se\u00f1al\u00f3.<\/p>\n\n\n\n<p>Sheinbaum Pardo cuestion\u00f3 la <strong>negativa<\/strong> de los <strong>legisladores<\/strong> de <strong>oposici\u00f3n<\/strong> para aprobar la Reforma Electoral, y afirm\u00f3 que es un tema de ata\u00f1e a la <strong>poblaci\u00f3n<\/strong>, por lo cual plante\u00f3: \u201cNo se aprob\u00f3&nbsp;ayer, por qu\u00e9&nbsp;no le preguntamos a la gente, que se permita la <strong>consulta popular<\/strong>, alumnos temas electorales, eso es la <strong>democracia<\/strong>\u201d.<\/p>\n\n\n\n<h2 class=\"wp-block-heading\">\u00bfEn qu\u00e9 consiste el plan B de la Reforma Electoral?<\/h2>\n\n\n\n<p>Durante la Ma\u00f1anera del Pueblo de este jueves, <strong>Claudia Sheinbaum <\/strong>record\u00f3 que los \u00fanicos que votaron a favor de la iniciativa de la Reforma Electoral fueron los integrantes de <strong>MORENA<\/strong>, 10 del <strong>Partido Verde <\/strong>y uno del <strong>Partido del Trabajo<\/strong>, detall\u00f3.<\/p>\n\n\n\n<p>De manera que la Presidenta Sheinbaum explic\u00f3 que el plan B de la <strong>Reforma Electoral<\/strong> est\u00e1 compuesta por <strong>tres puntos principales<\/strong>, los cuales son:<\/p>\n\n\n\n<ol class=\"wp-block-list\">\n<li>Disminuir los privilegios que persisten en los Congresos locales.<\/li>\n\n\n\n<li>Disminuir los privilegios que persisten en municipios.<\/li>\n\n\n\n<li>Fortalecer la consulta popular.<\/li>\n<\/ol>\n\n\n\n<h2 class=\"wp-block-heading\">Sheinbaum no considera una derrota el rechazo de la Reforma Electoral<\/h2>\n\n\n\n<p>La presidenta Claudia Sheinbaum asegur\u00f3 que a pesar de que no fue aprobada la primera iniciativa de la Reforma Electoral, no represent\u00f3 un rev\u00e9s para su administraci\u00f3n: \u201cEl que no se haya aprobado<strong> no es una derrota<\/strong>, estoy muy <strong>satisfecha,<\/strong> la gente sabe que uno <strong>no est\u00e1 dispuesto <\/strong>a <strong>negociar<\/strong> todo\u201d.<\/p>\n\n\n\n<p>Sobre los ejes principales del plan B de la Reforma Electoral, la mandataria federal explic\u00f3: \u201cLa primera propuesta es poner un <strong>tope m\u00e1ximo <\/strong>a lo que deben <strong>destinarse<\/strong> a los<strong> congresos locales <\/strong>y al <strong>Senado<\/strong> de la <strong>Rep\u00fablica<\/strong>.<\/p>\n\n\n\n<p>El segundo objetivo es <strong>ampliar<\/strong> la<strong> consulta ciudadana<\/strong> en algunos<strong> temas electorales<\/strong> como el monto a los<strong> partidos pol\u00edticos<\/strong>. El tercero es que la <strong>revocaci\u00f3n de mandato<\/strong> pueda ser en el tercer o cuarto a\u00f1o, o sea que la gente&nbsp; solicite la revocaci\u00f3n de mandato\u201d, indic\u00f3.<\/p>\n","protected":false},"excerpt":{"rendered":"<p>La Presidenta de M\u00e9xico, Claudia Sheinbaum Pardo, habl\u00f3 sobre la Reforma Electoral y la posible operaci\u00f3n de un plan B&nbsp;ya que la primera propuesta de la iniciativa no fue aprobada por los legisladores, la cual tiene como objetivo terminar con los privilegios de los partidos electorales. La jefa del Ejecutivo Federal record\u00f3 que la iniciativa [&hellip;]<\/p>\n","protected":false},"author":15,"featured_media":75082,"comment_status":"closed","ping_status":"open","sticky":false,"template":"","format":"standard","meta":{"footnotes":""},"categories":[2,19],"tags":[],"class_list":{"0":"post-75080","1":"post","2":"type-post","3":"status-publish","4":"format-standard","5":"has-post-thumbnail","7":"category-oaxaca","8":"category-nacional"},"yoast_head":"<!-- This site is optimized with the Yoast SEO plugin v27.4 - https:\/\/yoast.com\/product\/yoast-seo-wordpress\/ -->\n<title>\u00bfEn qu\u00e9 consiste el plan B de la Reforma Electoral? Sheinbaum lo explica - LA BRAVA RADIO<\/title>\n<meta name=\"robots\" content=\"index, follow, max-snippet:-1, max-image-preview:large, max-video-preview:-1\" \/>\n<link rel=\"canonical\" href=\"https:\/\/www.bbmnoticias.com\/en-que-consiste-el-plan-b-de-la-reforma-electoral-sheinbaum-lo-explica\/\" \/>\n<meta property=\"og:locale\" content=\"es_MX\" \/>\n<meta property=\"og:type\" content=\"article\" \/>\n<meta property=\"og:title\" content=\"\u00bfEn qu\u00e9 consiste el plan B de la Reforma Electoral? Sheinbaum lo explica - LA BRAVA RADIO\" \/>\n<meta property=\"og:description\" content=\"La Presidenta de M\u00e9xico, Claudia Sheinbaum Pardo, habl\u00f3 sobre la Reforma Electoral y la posible operaci\u00f3n de un plan B&nbsp;ya que la primera propuesta de la iniciativa no fue aprobada por los legisladores, la cual tiene como objetivo terminar con los privilegios de los partidos electorales. La jefa del Ejecutivo Federal record\u00f3 que la iniciativa [&hellip;]\" \/>\n<meta property=\"og:url\" content=\"https:\/\/www.bbmnoticias.com\/en-que-consiste-el-plan-b-de-la-reforma-electoral-sheinbaum-lo-explica\/\" \/>\n<meta property=\"og:site_name\" content=\"LA BRAVA RADIO\" \/>\n<meta property=\"article:published_time\" content=\"2026-03-12T16:40:02+00:00\" \/>\n<meta property=\"article:modified_time\" content=\"2026-03-12T16:40:25+00:00\" \/>\n<meta property=\"og:image\" content=\"https:\/\/www.bbmnoticias.com\/labravaradiofm\/wp-content\/uploads\/sites\/5\/2026\/03\/f768x1-1257665_1257792_5050.jpg\" \/>\n\t<meta property=\"og:image:width\" content=\"768\" \/>\n\t<meta property=\"og:image:height\" content=\"429\" \/>\n\t<meta property=\"og:image:type\" content=\"image\/jpeg\" \/>\n<meta name=\"author\" content=\"El Heraldo\" \/>\n<meta name=\"twitter:card\" content=\"summary_large_image\" \/>\n<meta name=\"twitter:label1\" content=\"Escrito por\" \/>\n\t<meta name=\"twitter:data1\" content=\"El Heraldo\" \/>\n\t<meta name=\"twitter:label2\" content=\"Tiempo de lectura\" \/>\n\t<meta name=\"twitter:data2\" content=\"2 minutos\" \/>\n<script type=\"application\/ld+json\" class=\"yoast-schema-graph\">{\"@context\":\"https:\\\/\\\/schema.org\",\"@graph\":[{\"@type\":\"Article\",\"@id\":\"https:\\\/\\\/www.bbmnoticias.com\\\/en-que-consiste-el-plan-b-de-la-reforma-electoral-sheinbaum-lo-explica\\\/#article\",\"isPartOf\":{\"@id\":\"https:\\\/\\\/www.bbmnoticias.com\\\/labravaradiofm\\\/2026\\\/03\\\/12\\\/en-que-consiste-el-plan-b-de-la-reforma-electoral-sheinbaum-lo-explica\\\/\"},\"author\":{\"name\":\"El Heraldo\",\"@id\":\"https:\\\/\\\/www.bbmnoticias.com\\\/labravaradiofm\\\/#\\\/schema\\\/person\\\/78ff63fb371c799850071f4b5feb0b7a\"},\"headline\":\"\u00bfEn qu\u00e9 consiste el plan B de la Reforma Electoral? Sheinbaum lo explica\",\"datePublished\":\"2026-03-12T16:40:02+00:00\",\"dateModified\":\"2026-03-12T16:40:25+00:00\",\"mainEntityOfPage\":{\"@id\":\"https:\\\/\\\/www.bbmnoticias.com\\\/labravaradiofm\\\/2026\\\/03\\\/12\\\/en-que-consiste-el-plan-b-de-la-reforma-electoral-sheinbaum-lo-explica\\\/\"},\"wordCount\":421,\"image\":{\"@id\":\"https:\\\/\\\/www.bbmnoticias.com\\\/en-que-consiste-el-plan-b-de-la-reforma-electoral-sheinbaum-lo-explica\\\/#primaryimage\"},\"thumbnailUrl\":\"https:\\\/\\\/www.bbmnoticias.com\\\/labravaradiofm\\\/wp-content\\\/uploads\\\/sites\\\/5\\\/2026\\\/03\\\/f768x1-1257665_1257792_5050.jpg\",\"articleSection\":[\"LOCAL\",\"NACIONAL\"],\"inLanguage\":\"es\"},{\"@type\":\"WebPage\",\"@id\":\"https:\\\/\\\/www.bbmnoticias.com\\\/labravaradiofm\\\/2026\\\/03\\\/12\\\/en-que-consiste-el-plan-b-de-la-reforma-electoral-sheinbaum-lo-explica\\\/\",\"url\":\"https:\\\/\\\/www.bbmnoticias.com\\\/en-que-consiste-el-plan-b-de-la-reforma-electoral-sheinbaum-lo-explica\\\/\",\"name\":\"\u00bfEn qu\u00e9 consiste el plan B de la Reforma Electoral? Sheinbaum lo explica - LA BRAVA RADIO\",\"isPartOf\":{\"@id\":\"https:\\\/\\\/www.bbmnoticias.com\\\/labravaradiofm\\\/#website\"},\"primaryImageOfPage\":{\"@id\":\"https:\\\/\\\/www.bbmnoticias.com\\\/en-que-consiste-el-plan-b-de-la-reforma-electoral-sheinbaum-lo-explica\\\/#primaryimage\"},\"image\":{\"@id\":\"https:\\\/\\\/www.bbmnoticias.com\\\/en-que-consiste-el-plan-b-de-la-reforma-electoral-sheinbaum-lo-explica\\\/#primaryimage\"},\"thumbnailUrl\":\"https:\\\/\\\/www.bbmnoticias.com\\\/labravaradiofm\\\/wp-content\\\/uploads\\\/sites\\\/5\\\/2026\\\/03\\\/f768x1-1257665_1257792_5050.jpg\",\"datePublished\":\"2026-03-12T16:40:02+00:00\",\"dateModified\":\"2026-03-12T16:40:25+00:00\",\"author\":{\"@id\":\"https:\\\/\\\/www.bbmnoticias.com\\\/labravaradiofm\\\/#\\\/schema\\\/person\\\/78ff63fb371c799850071f4b5feb0b7a\"},\"breadcrumb\":{\"@id\":\"https:\\\/\\\/www.bbmnoticias.com\\\/en-que-consiste-el-plan-b-de-la-reforma-electoral-sheinbaum-lo-explica\\\/#breadcrumb\"},\"inLanguage\":\"es\",\"potentialAction\":[{\"@type\":\"ReadAction\",\"target\":[\"https:\\\/\\\/www.bbmnoticias.com\\\/en-que-consiste-el-plan-b-de-la-reforma-electoral-sheinbaum-lo-explica\\\/\"]}]},{\"@type\":\"ImageObject\",\"inLanguage\":\"es\",\"@id\":\"https:\\\/\\\/www.bbmnoticias.com\\\/en-que-consiste-el-plan-b-de-la-reforma-electoral-sheinbaum-lo-explica\\\/#primaryimage\",\"url\":\"https:\\\/\\\/www.bbmnoticias.com\\\/labravaradiofm\\\/wp-content\\\/uploads\\\/sites\\\/5\\\/2026\\\/03\\\/f768x1-1257665_1257792_5050.jpg\",\"contentUrl\":\"https:\\\/\\\/www.bbmnoticias.com\\\/labravaradiofm\\\/wp-content\\\/uploads\\\/sites\\\/5\\\/2026\\\/03\\\/f768x1-1257665_1257792_5050.jpg\",\"width\":768,\"height\":429},{\"@type\":\"BreadcrumbList\",\"@id\":\"https:\\\/\\\/www.bbmnoticias.com\\\/en-que-consiste-el-plan-b-de-la-reforma-electoral-sheinbaum-lo-explica\\\/#breadcrumb\",\"itemListElement\":[{\"@type\":\"ListItem\",\"position\":1,\"name\":\"Inicio\",\"item\":\"https:\\\/\\\/www.bbmnoticias.com\\\/labravaradiofm\\\/\"},{\"@type\":\"ListItem\",\"position\":2,\"name\":\"\u00bfEn qu\u00e9 consiste el plan B de la Reforma Electoral? Sheinbaum lo explica\"}]},{\"@type\":\"WebSite\",\"@id\":\"https:\\\/\\\/www.bbmnoticias.com\\\/labravaradiofm\\\/#website\",\"url\":\"https:\\\/\\\/www.bbmnoticias.com\\\/labravaradiofm\\\/\",\"name\":\"LA BRAVA RADIO\",\"description\":\"Empresa productora de medios, Radiodifusi\u00f3n, Noticias, tendencias y todo lo que necesitas saber de la pol\u00edtica mexicana e internacional; entretenimiento, espect\u00e1culos, salud y mucho m\u00e1s.\",\"potentialAction\":[{\"@type\":\"SearchAction\",\"target\":{\"@type\":\"EntryPoint\",\"urlTemplate\":\"https:\\\/\\\/www.bbmnoticias.com\\\/labravaradiofm\\\/?s={search_term_string}\"},\"query-input\":{\"@type\":\"PropertyValueSpecification\",\"valueRequired\":true,\"valueName\":\"search_term_string\"}}],\"inLanguage\":\"es\"},{\"@type\":\"Person\",\"@id\":\"https:\\\/\\\/www.bbmnoticias.com\\\/labravaradiofm\\\/#\\\/schema\\\/person\\\/78ff63fb371c799850071f4b5feb0b7a\",\"name\":\"El Heraldo\",\"image\":{\"@type\":\"ImageObject\",\"inLanguage\":\"es\",\"@id\":\"https:\\\/\\\/secure.gravatar.com\\\/avatar\\\/463017be041288b5a196814ef7242bd62699b857f306e4b5b61b533e8a87f404?s=96&d=mm&r=g\",\"url\":\"https:\\\/\\\/secure.gravatar.com\\\/avatar\\\/463017be041288b5a196814ef7242bd62699b857f306e4b5b61b533e8a87f404?s=96&d=mm&r=g\",\"contentUrl\":\"https:\\\/\\\/secure.gravatar.com\\\/avatar\\\/463017be041288b5a196814ef7242bd62699b857f306e4b5b61b533e8a87f404?s=96&d=mm&r=g\",\"caption\":\"El Heraldo\"},\"url\":\"https:\\\/\\\/www.bbmnoticias.com\\\/labravaradiofm\\\/author\\\/heraldo\\\/\"}]}<\/script>\n<!-- \/ Yoast SEO plugin. -->","yoast_head_json":{"title":"\u00bfEn qu\u00e9 consiste el plan B de la Reforma Electoral? Sheinbaum lo explica - LA BRAVA RADIO","robots":{"index":"index","follow":"follow","max-snippet":"max-snippet:-1","max-image-preview":"max-image-preview:large","max-video-preview":"max-video-preview:-1"},"canonical":"https:\/\/www.bbmnoticias.com\/en-que-consiste-el-plan-b-de-la-reforma-electoral-sheinbaum-lo-explica\/","og_locale":"es_MX","og_type":"article","og_title":"\u00bfEn qu\u00e9 consiste el plan B de la Reforma Electoral? Sheinbaum lo explica - LA BRAVA RADIO","og_description":"La Presidenta de M\u00e9xico, Claudia Sheinbaum Pardo, habl\u00f3 sobre la Reforma Electoral y la posible operaci\u00f3n de un plan B&nbsp;ya que la primera propuesta de la iniciativa no fue aprobada por los legisladores, la cual tiene como objetivo terminar con los privilegios de los partidos electorales. La jefa del Ejecutivo Federal record\u00f3 que la iniciativa [&hellip;]","og_url":"https:\/\/www.bbmnoticias.com\/en-que-consiste-el-plan-b-de-la-reforma-electoral-sheinbaum-lo-explica\/","og_site_name":"LA BRAVA RADIO","article_published_time":"2026-03-12T16:40:02+00:00","article_modified_time":"2026-03-12T16:40:25+00:00","og_image":[{"width":768,"height":429,"url":"https:\/\/www.bbmnoticias.com\/labravaradiofm\/wp-content\/uploads\/sites\/5\/2026\/03\/f768x1-1257665_1257792_5050.jpg","type":"image\/jpeg"}],"author":"El Heraldo","twitter_card":"summary_large_image","twitter_misc":{"Escrito por":"El Heraldo","Tiempo de lectura":"2 minutos"},"schema":{"@context":"https:\/\/schema.org","@graph":[{"@type":"Article","@id":"https:\/\/www.bbmnoticias.com\/en-que-consiste-el-plan-b-de-la-reforma-electoral-sheinbaum-lo-explica\/#article","isPartOf":{"@id":"https:\/\/www.bbmnoticias.com\/labravaradiofm\/2026\/03\/12\/en-que-consiste-el-plan-b-de-la-reforma-electoral-sheinbaum-lo-explica\/"},"author":{"name":"El Heraldo","@id":"https:\/\/www.bbmnoticias.com\/labravaradiofm\/#\/schema\/person\/78ff63fb371c799850071f4b5feb0b7a"},"headline":"\u00bfEn qu\u00e9 consiste el plan B de la Reforma Electoral? Sheinbaum lo explica","datePublished":"2026-03-12T16:40:02+00:00","dateModified":"2026-03-12T16:40:25+00:00","mainEntityOfPage":{"@id":"https:\/\/www.bbmnoticias.com\/labravaradiofm\/2026\/03\/12\/en-que-consiste-el-plan-b-de-la-reforma-electoral-sheinbaum-lo-explica\/"},"wordCount":421,"image":{"@id":"https:\/\/www.bbmnoticias.com\/en-que-consiste-el-plan-b-de-la-reforma-electoral-sheinbaum-lo-explica\/#primaryimage"},"thumbnailUrl":"https:\/\/www.bbmnoticias.com\/labravaradiofm\/wp-content\/uploads\/sites\/5\/2026\/03\/f768x1-1257665_1257792_5050.jpg","articleSection":["LOCAL","NACIONAL"],"inLanguage":"es"},{"@type":"WebPage","@id":"https:\/\/www.bbmnoticias.com\/labravaradiofm\/2026\/03\/12\/en-que-consiste-el-plan-b-de-la-reforma-electoral-sheinbaum-lo-explica\/","url":"https:\/\/www.bbmnoticias.com\/en-que-consiste-el-plan-b-de-la-reforma-electoral-sheinbaum-lo-explica\/","name":"\u00bfEn qu\u00e9 consiste el plan B de la Reforma Electoral? Sheinbaum lo explica - LA BRAVA RADIO","isPartOf":{"@id":"https:\/\/www.bbmnoticias.com\/labravaradiofm\/#website"},"primaryImageOfPage":{"@id":"https:\/\/www.bbmnoticias.com\/en-que-consiste-el-plan-b-de-la-reforma-electoral-sheinbaum-lo-explica\/#primaryimage"},"image":{"@id":"https:\/\/www.bbmnoticias.com\/en-que-consiste-el-plan-b-de-la-reforma-electoral-sheinbaum-lo-explica\/#primaryimage"},"thumbnailUrl":"https:\/\/www.bbmnoticias.com\/labravaradiofm\/wp-content\/uploads\/sites\/5\/2026\/03\/f768x1-1257665_1257792_5050.jpg","datePublished":"2026-03-12T16:40:02+00:00","dateModified":"2026-03-12T16:40:25+00:00","author":{"@id":"https:\/\/www.bbmnoticias.com\/labravaradiofm\/#\/schema\/person\/78ff63fb371c799850071f4b5feb0b7a"},"breadcrumb":{"@id":"https:\/\/www.bbmnoticias.com\/en-que-consiste-el-plan-b-de-la-reforma-electoral-sheinbaum-lo-explica\/#breadcrumb"},"inLanguage":"es","potentialAction":[{"@type":"ReadAction","target":["https:\/\/www.bbmnoticias.com\/en-que-consiste-el-plan-b-de-la-reforma-electoral-sheinbaum-lo-explica\/"]}]},{"@type":"ImageObject","inLanguage":"es","@id":"https:\/\/www.bbmnoticias.com\/en-que-consiste-el-plan-b-de-la-reforma-electoral-sheinbaum-lo-explica\/#primaryimage","url":"https:\/\/www.bbmnoticias.com\/labravaradiofm\/wp-content\/uploads\/sites\/5\/2026\/03\/f768x1-1257665_1257792_5050.jpg","contentUrl":"https:\/\/www.bbmnoticias.com\/labravaradiofm\/wp-content\/uploads\/sites\/5\/2026\/03\/f768x1-1257665_1257792_5050.jpg","width":768,"height":429},{"@type":"BreadcrumbList","@id":"https:\/\/www.bbmnoticias.com\/en-que-consiste-el-plan-b-de-la-reforma-electoral-sheinbaum-lo-explica\/#breadcrumb","itemListElement":[{"@type":"ListItem","position":1,"name":"Inicio","item":"https:\/\/www.bbmnoticias.com\/labravaradiofm\/"},{"@type":"ListItem","position":2,"name":"\u00bfEn qu\u00e9 consiste el plan B de la Reforma Electoral? Sheinbaum lo explica"}]},{"@type":"WebSite","@id":"https:\/\/www.bbmnoticias.com\/labravaradiofm\/#website","url":"https:\/\/www.bbmnoticias.com\/labravaradiofm\/","name":"LA BRAVA RADIO","description":"Empresa productora de medios, Radiodifusi\u00f3n, Noticias, tendencias y todo lo que necesitas saber de la pol\u00edtica mexicana e internacional; entretenimiento, espect\u00e1culos, salud y mucho m\u00e1s.","potentialAction":[{"@type":"SearchAction","target":{"@type":"EntryPoint","urlTemplate":"https:\/\/www.bbmnoticias.com\/labravaradiofm\/?s={search_term_string}"},"query-input":{"@type":"PropertyValueSpecification","valueRequired":true,"valueName":"search_term_string"}}],"inLanguage":"es"},{"@type":"Person","@id":"https:\/\/www.bbmnoticias.com\/labravaradiofm\/#\/schema\/person\/78ff63fb371c799850071f4b5feb0b7a","name":"El Heraldo","image":{"@type":"ImageObject","inLanguage":"es","@id":"https:\/\/secure.gravatar.com\/avatar\/463017be041288b5a196814ef7242bd62699b857f306e4b5b61b533e8a87f404?s=96&d=mm&r=g","url":"https:\/\/secure.gravatar.com\/avatar\/463017be041288b5a196814ef7242bd62699b857f306e4b5b61b533e8a87f404?s=96&d=mm&r=g","contentUrl":"https:\/\/secure.gravatar.com\/avatar\/463017be041288b5a196814ef7242bd62699b857f306e4b5b61b533e8a87f404?s=96&d=mm&r=g","caption":"El Heraldo"},"url":"https:\/\/www.bbmnoticias.com\/labravaradiofm\/author\/heraldo\/"}]}},"_links":{"self":[{"href":"https:\/\/www.bbmnoticias.com\/labravaradiofm\/wp-json\/wp\/v2\/posts\/75080","targetHints":{"allow":["GET"]}}],"collection":[{"href":"https:\/\/www.bbmnoticias.com\/labravaradiofm\/wp-json\/wp\/v2\/posts"}],"about":[{"href":"https:\/\/www.bbmnoticias.com\/labravaradiofm\/wp-json\/wp\/v2\/types\/post"}],"author":[{"embeddable":true,"href":"https:\/\/www.bbmnoticias.com\/labravaradiofm\/wp-json\/wp\/v2\/users\/15"}],"replies":[{"embeddable":true,"href":"https:\/\/www.bbmnoticias.com\/labravaradiofm\/wp-json\/wp\/v2\/comments?post=75080"}],"version-history":[{"count":1,"href":"https:\/\/www.bbmnoticias.com\/labravaradiofm\/wp-json\/wp\/v2\/posts\/75080\/revisions"}],"predecessor-version":[{"id":75081,"href":"https:\/\/www.bbmnoticias.com\/labravaradiofm\/wp-json\/wp\/v2\/posts\/75080\/revisions\/75081"}],"wp:featuredmedia":[{"embeddable":true,"href":"https:\/\/www.bbmnoticias.com\/labravaradiofm\/wp-json\/wp\/v2\/media\/75082"}],"wp:attachment":[{"href":"https:\/\/www.bbmnoticias.com\/labravaradiofm\/wp-json\/wp\/v2\/media?parent=75080"}],"wp:term":[{"taxonomy":"category","embeddable":true,"href":"https:\/\/www.bbmnoticias.com\/labravaradiofm\/wp-json\/wp\/v2\/categories?post=75080"},{"taxonomy":"post_tag","embeddable":true,"href":"https:\/\/www.bbmnoticias.com\/labravaradiofm\/wp-json\/wp\/v2\/tags?post=75080"}],"curies":[{"name":"wp","href":"https:\/\/api.w.org\/{rel}","templated":true}]}}