{"id":7507,"date":"2021-12-20T16:52:27","date_gmt":"2021-12-20T22:52:27","guid":{"rendered":"https:\/\/www.bbmnoticias.com\/labravaradiofm\/?p=7507"},"modified":"2021-12-20T16:52:28","modified_gmt":"2021-12-20T22:52:28","slug":"investigan-causas-de-incendio-de-tres-autobuses-de-la-linea-sur-en-el-interior-de-su-corralon","status":"publish","type":"post","link":"https:\/\/www.bbmnoticias.com\/labravaradiofm\/2021\/12\/20\/investigan-causas-de-incendio-de-tres-autobuses-de-la-linea-sur-en-el-interior-de-su-corralon\/","title":{"rendered":"Investigan causas de incendio de tres autobuses de la l\u00ednea Sur en el interior de su corral\u00f3n"},"content":{"rendered":"<div style=\"margin-top: 0px; margin-bottom: 0px;\" class=\"sharethis-inline-share-buttons\" ><\/div>\n<p>Juchit\u00e1n de Zaragoza, Oaxaca. Sin conocerse a\u00fan las causas que origin\u00f3 el incendio, tres autobuses de la l\u00ednea Sur ardieron en llamas la madrugada de este lunes cuando se encontraban en el corral\u00f3n de dicha empresa ubicado a un costado de la carretera Juchit\u00e1n &#8211; El Espinal.<\/p>\n\n\n\n<p>El fuego logr\u00f3 ser controlado por personal de Bomberos del municipio, sin embargo, no se logr\u00f3 rescatar a las unidades.<\/p>\n\n\n\n<p>El vigilante del corral\u00f3n fue quien dio parte a las autoridades y solicit\u00f3 el apoyo de bomberos al ver que el fuego se estaba saliendo de control.<\/p>\n\n\n\n<p>Autoridades ministeriales abrieron una carpeta de investigaci\u00f3n sobre lo ocurrido para conocer las causas que provocaron el incendio.<\/p>\n","protected":false},"excerpt":{"rendered":"<p>Juchit\u00e1n de Zaragoza, Oaxaca. Sin conocerse a\u00fan las causas que origin\u00f3 el incendio, tres autobuses de la l\u00ednea Sur ardieron en llamas la madrugada de este lunes cuando se encontraban en el corral\u00f3n de dicha empresa ubicado a un costado de la carretera Juchit\u00e1n &#8211; El Espinal. El fuego logr\u00f3 ser controlado por personal de [&hellip;]<\/p>\n","protected":false},"author":3,"featured_media":7508,"comment_status":"closed","ping_status":"closed","sticky":false,"template":"","format":"standard","meta":{"footnotes":""},"categories":[20],"tags":[],"class_list":{"0":"post-7507","1":"post","2":"type-post","3":"status-publish","4":"format-standard","5":"has-post-thumbnail","7":"category-policiaca"},"yoast_head":"<!-- This site is optimized with the Yoast SEO plugin v27.4 - https:\/\/yoast.com\/product\/yoast-seo-wordpress\/ -->\n<title>Investigan causas de incendio de tres autobuses de la l\u00ednea Sur en el interior de su corral\u00f3n - LA BRAVA RADIO<\/title>\n<meta name=\"robots\" content=\"index, follow, max-snippet:-1, max-image-preview:large, max-video-preview:-1\" \/>\n<link rel=\"canonical\" href=\"https:\/\/www.bbmnoticias.com\/labravaradiofm\/2021\/12\/20\/investigan-causas-de-incendio-de-tres-autobuses-de-la-linea-sur-en-el-interior-de-su-corralon\/\" \/>\n<meta property=\"og:locale\" content=\"es_MX\" \/>\n<meta property=\"og:type\" content=\"article\" \/>\n<meta property=\"og:title\" content=\"Investigan causas de incendio de tres autobuses de la l\u00ednea Sur en el interior de su corral\u00f3n - LA BRAVA RADIO\" \/>\n<meta property=\"og:description\" content=\"Juchit\u00e1n de Zaragoza, Oaxaca. Sin conocerse a\u00fan las causas que origin\u00f3 el incendio, tres autobuses de la l\u00ednea Sur ardieron en llamas la madrugada de este lunes cuando se encontraban en el corral\u00f3n de dicha empresa ubicado a un costado de la carretera Juchit\u00e1n &#8211; El Espinal. El fuego logr\u00f3 ser controlado por personal de [&hellip;]\" \/>\n<meta property=\"og:url\" content=\"https:\/\/www.bbmnoticias.com\/labravaradiofm\/2021\/12\/20\/investigan-causas-de-incendio-de-tres-autobuses-de-la-linea-sur-en-el-interior-de-su-corralon\/\" \/>\n<meta property=\"og:site_name\" content=\"LA BRAVA RADIO\" \/>\n<meta property=\"article:author\" content=\"https:\/\/www.facebook.com\/EdwinMeneses30\" \/>\n<meta property=\"article:published_time\" content=\"2021-12-20T22:52:27+00:00\" \/>\n<meta property=\"article:modified_time\" content=\"2021-12-20T22:52:28+00:00\" \/>\n<meta property=\"og:image\" content=\"https:\/\/www.bbmnoticias.com\/labravaradiofm\/wp-content\/uploads\/sites\/5\/2021\/12\/p20122021-1.jpg\" \/>\n\t<meta property=\"og:image:width\" content=\"960\" \/>\n\t<meta property=\"og:image:height\" content=\"720\" \/>\n\t<meta property=\"og:image:type\" content=\"image\/jpeg\" \/>\n<meta name=\"author\" content=\"Edwin MENESES\" \/>\n<meta name=\"twitter:card\" content=\"summary_large_image\" \/>\n<meta name=\"twitter:creator\" content=\"@https:\/\/twitter.com\/edwin_meneses81\" \/>\n<meta name=\"twitter:label1\" content=\"Escrito por\" \/>\n\t<meta name=\"twitter:data1\" content=\"Edwin MENESES\" \/>\n\t<meta name=\"twitter:label2\" content=\"Tiempo de lectura\" \/>\n\t<meta name=\"twitter:data2\" content=\"1 minuto\" \/>\n<script type=\"application\/ld+json\" class=\"yoast-schema-graph\">{\"@context\":\"https:\\\/\\\/schema.org\",\"@graph\":[{\"@type\":\"Article\",\"@id\":\"https:\\\/\\\/www.bbmnoticias.com\\\/labravaradiofm\\\/2021\\\/12\\\/20\\\/investigan-causas-de-incendio-de-tres-autobuses-de-la-linea-sur-en-el-interior-de-su-corralon\\\/#article\",\"isPartOf\":{\"@id\":\"https:\\\/\\\/www.bbmnoticias.com\\\/labravaradiofm\\\/2021\\\/12\\\/20\\\/investigan-causas-de-incendio-de-tres-autobuses-de-la-linea-sur-en-el-interior-de-su-corralon\\\/\"},\"author\":{\"name\":\"Edwin MENESES\",\"@id\":\"https:\\\/\\\/www.bbmnoticias.com\\\/labravaradiofm\\\/#\\\/schema\\\/person\\\/9b02a4c779df75b578b6413d0d44d6b6\"},\"headline\":\"Investigan causas de incendio de tres autobuses de la l\u00ednea Sur en el interior de su corral\u00f3n\",\"datePublished\":\"2021-12-20T22:52:27+00:00\",\"dateModified\":\"2021-12-20T22:52:28+00:00\",\"mainEntityOfPage\":{\"@id\":\"https:\\\/\\\/www.bbmnoticias.com\\\/labravaradiofm\\\/2021\\\/12\\\/20\\\/investigan-causas-de-incendio-de-tres-autobuses-de-la-linea-sur-en-el-interior-de-su-corralon\\\/\"},\"wordCount\":138,\"image\":{\"@id\":\"https:\\\/\\\/www.bbmnoticias.com\\\/labravaradiofm\\\/2021\\\/12\\\/20\\\/investigan-causas-de-incendio-de-tres-autobuses-de-la-linea-sur-en-el-interior-de-su-corralon\\\/#primaryimage\"},\"thumbnailUrl\":\"https:\\\/\\\/www.bbmnoticias.com\\\/labravaradiofm\\\/wp-content\\\/uploads\\\/sites\\\/5\\\/2021\\\/12\\\/p20122021-1.jpg\",\"articleSection\":[\"POLICIACA\"],\"inLanguage\":\"es\"},{\"@type\":\"WebPage\",\"@id\":\"https:\\\/\\\/www.bbmnoticias.com\\\/labravaradiofm\\\/2021\\\/12\\\/20\\\/investigan-causas-de-incendio-de-tres-autobuses-de-la-linea-sur-en-el-interior-de-su-corralon\\\/\",\"url\":\"https:\\\/\\\/www.bbmnoticias.com\\\/labravaradiofm\\\/2021\\\/12\\\/20\\\/investigan-causas-de-incendio-de-tres-autobuses-de-la-linea-sur-en-el-interior-de-su-corralon\\\/\",\"name\":\"Investigan causas de incendio de tres autobuses de la l\u00ednea Sur en el interior de su corral\u00f3n - LA BRAVA RADIO\",\"isPartOf\":{\"@id\":\"https:\\\/\\\/www.bbmnoticias.com\\\/labravaradiofm\\\/#website\"},\"primaryImageOfPage\":{\"@id\":\"https:\\\/\\\/www.bbmnoticias.com\\\/labravaradiofm\\\/2021\\\/12\\\/20\\\/investigan-causas-de-incendio-de-tres-autobuses-de-la-linea-sur-en-el-interior-de-su-corralon\\\/#primaryimage\"},\"image\":{\"@id\":\"https:\\\/\\\/www.bbmnoticias.com\\\/labravaradiofm\\\/2021\\\/12\\\/20\\\/investigan-causas-de-incendio-de-tres-autobuses-de-la-linea-sur-en-el-interior-de-su-corralon\\\/#primaryimage\"},\"thumbnailUrl\":\"https:\\\/\\\/www.bbmnoticias.com\\\/labravaradiofm\\\/wp-content\\\/uploads\\\/sites\\\/5\\\/2021\\\/12\\\/p20122021-1.jpg\",\"datePublished\":\"2021-12-20T22:52:27+00:00\",\"dateModified\":\"2021-12-20T22:52:28+00:00\",\"author\":{\"@id\":\"https:\\\/\\\/www.bbmnoticias.com\\\/labravaradiofm\\\/#\\\/schema\\\/person\\\/9b02a4c779df75b578b6413d0d44d6b6\"},\"breadcrumb\":{\"@id\":\"https:\\\/\\\/www.bbmnoticias.com\\\/labravaradiofm\\\/2021\\\/12\\\/20\\\/investigan-causas-de-incendio-de-tres-autobuses-de-la-linea-sur-en-el-interior-de-su-corralon\\\/#breadcrumb\"},\"inLanguage\":\"es\",\"potentialAction\":[{\"@type\":\"ReadAction\",\"target\":[\"https:\\\/\\\/www.bbmnoticias.com\\\/labravaradiofm\\\/2021\\\/12\\\/20\\\/investigan-causas-de-incendio-de-tres-autobuses-de-la-linea-sur-en-el-interior-de-su-corralon\\\/\"]}]},{\"@type\":\"ImageObject\",\"inLanguage\":\"es\",\"@id\":\"https:\\\/\\\/www.bbmnoticias.com\\\/labravaradiofm\\\/2021\\\/12\\\/20\\\/investigan-causas-de-incendio-de-tres-autobuses-de-la-linea-sur-en-el-interior-de-su-corralon\\\/#primaryimage\",\"url\":\"https:\\\/\\\/www.bbmnoticias.com\\\/labravaradiofm\\\/wp-content\\\/uploads\\\/sites\\\/5\\\/2021\\\/12\\\/p20122021-1.jpg\",\"contentUrl\":\"https:\\\/\\\/www.bbmnoticias.com\\\/labravaradiofm\\\/wp-content\\\/uploads\\\/sites\\\/5\\\/2021\\\/12\\\/p20122021-1.jpg\",\"width\":960,\"height\":720},{\"@type\":\"BreadcrumbList\",\"@id\":\"https:\\\/\\\/www.bbmnoticias.com\\\/labravaradiofm\\\/2021\\\/12\\\/20\\\/investigan-causas-de-incendio-de-tres-autobuses-de-la-linea-sur-en-el-interior-de-su-corralon\\\/#breadcrumb\",\"itemListElement\":[{\"@type\":\"ListItem\",\"position\":1,\"name\":\"Inicio\",\"item\":\"https:\\\/\\\/www.bbmnoticias.com\\\/labravaradiofm\\\/\"},{\"@type\":\"ListItem\",\"position\":2,\"name\":\"Investigan causas de incendio de tres autobuses de la l\u00ednea Sur en el interior de su corral\u00f3n\"}]},{\"@type\":\"WebSite\",\"@id\":\"https:\\\/\\\/www.bbmnoticias.com\\\/labravaradiofm\\\/#website\",\"url\":\"https:\\\/\\\/www.bbmnoticias.com\\\/labravaradiofm\\\/\",\"name\":\"LA BRAVA RADIO\",\"description\":\"Empresa productora de medios, Radiodifusi\u00f3n, Noticias, tendencias y todo lo que necesitas saber de la pol\u00edtica mexicana e internacional; entretenimiento, espect\u00e1culos, salud y mucho m\u00e1s.\",\"potentialAction\":[{\"@type\":\"SearchAction\",\"target\":{\"@type\":\"EntryPoint\",\"urlTemplate\":\"https:\\\/\\\/www.bbmnoticias.com\\\/labravaradiofm\\\/?s={search_term_string}\"},\"query-input\":{\"@type\":\"PropertyValueSpecification\",\"valueRequired\":true,\"valueName\":\"search_term_string\"}}],\"inLanguage\":\"es\"},{\"@type\":\"Person\",\"@id\":\"https:\\\/\\\/www.bbmnoticias.com\\\/labravaradiofm\\\/#\\\/schema\\\/person\\\/9b02a4c779df75b578b6413d0d44d6b6\",\"name\":\"Edwin MENESES\",\"image\":{\"@type\":\"ImageObject\",\"inLanguage\":\"es\",\"@id\":\"https:\\\/\\\/secure.gravatar.com\\\/avatar\\\/202a15439445248653d719ff745fa195bcc0553404b070fe317543754f253c4f?s=96&d=mm&r=g\",\"url\":\"https:\\\/\\\/secure.gravatar.com\\\/avatar\\\/202a15439445248653d719ff745fa195bcc0553404b070fe317543754f253c4f?s=96&d=mm&r=g\",\"contentUrl\":\"https:\\\/\\\/secure.gravatar.com\\\/avatar\\\/202a15439445248653d719ff745fa195bcc0553404b070fe317543754f253c4f?s=96&d=mm&r=g\",\"caption\":\"Edwin MENESES\"},\"sameAs\":[\"https:\\\/\\\/www.bbmnoticias.com\",\"https:\\\/\\\/www.facebook.com\\\/EdwinMeneses30\",\"https:\\\/\\\/x.com\\\/https:\\\/\\\/twitter.com\\\/edwin_meneses81\"],\"url\":\"https:\\\/\\\/www.bbmnoticias.com\\\/labravaradiofm\\\/author\\\/edwin\\\/\"}]}<\/script>\n<!-- \/ Yoast SEO plugin. -->","yoast_head_json":{"title":"Investigan causas de incendio de tres autobuses de la l\u00ednea Sur en el interior de su corral\u00f3n - LA BRAVA RADIO","robots":{"index":"index","follow":"follow","max-snippet":"max-snippet:-1","max-image-preview":"max-image-preview:large","max-video-preview":"max-video-preview:-1"},"canonical":"https:\/\/www.bbmnoticias.com\/labravaradiofm\/2021\/12\/20\/investigan-causas-de-incendio-de-tres-autobuses-de-la-linea-sur-en-el-interior-de-su-corralon\/","og_locale":"es_MX","og_type":"article","og_title":"Investigan causas de incendio de tres autobuses de la l\u00ednea Sur en el interior de su corral\u00f3n - LA BRAVA RADIO","og_description":"Juchit\u00e1n de Zaragoza, Oaxaca. Sin conocerse a\u00fan las causas que origin\u00f3 el incendio, tres autobuses de la l\u00ednea Sur ardieron en llamas la madrugada de este lunes cuando se encontraban en el corral\u00f3n de dicha empresa ubicado a un costado de la carretera Juchit\u00e1n &#8211; El Espinal. El fuego logr\u00f3 ser controlado por personal de [&hellip;]","og_url":"https:\/\/www.bbmnoticias.com\/labravaradiofm\/2021\/12\/20\/investigan-causas-de-incendio-de-tres-autobuses-de-la-linea-sur-en-el-interior-de-su-corralon\/","og_site_name":"LA BRAVA RADIO","article_author":"https:\/\/www.facebook.com\/EdwinMeneses30","article_published_time":"2021-12-20T22:52:27+00:00","article_modified_time":"2021-12-20T22:52:28+00:00","og_image":[{"width":960,"height":720,"url":"https:\/\/www.bbmnoticias.com\/labravaradiofm\/wp-content\/uploads\/sites\/5\/2021\/12\/p20122021-1.jpg","type":"image\/jpeg"}],"author":"Edwin MENESES","twitter_card":"summary_large_image","twitter_creator":"@https:\/\/twitter.com\/edwin_meneses81","twitter_misc":{"Escrito por":"Edwin MENESES","Tiempo de lectura":"1 minuto"},"schema":{"@context":"https:\/\/schema.org","@graph":[{"@type":"Article","@id":"https:\/\/www.bbmnoticias.com\/labravaradiofm\/2021\/12\/20\/investigan-causas-de-incendio-de-tres-autobuses-de-la-linea-sur-en-el-interior-de-su-corralon\/#article","isPartOf":{"@id":"https:\/\/www.bbmnoticias.com\/labravaradiofm\/2021\/12\/20\/investigan-causas-de-incendio-de-tres-autobuses-de-la-linea-sur-en-el-interior-de-su-corralon\/"},"author":{"name":"Edwin MENESES","@id":"https:\/\/www.bbmnoticias.com\/labravaradiofm\/#\/schema\/person\/9b02a4c779df75b578b6413d0d44d6b6"},"headline":"Investigan causas de incendio de tres autobuses de la l\u00ednea Sur en el interior de su corral\u00f3n","datePublished":"2021-12-20T22:52:27+00:00","dateModified":"2021-12-20T22:52:28+00:00","mainEntityOfPage":{"@id":"https:\/\/www.bbmnoticias.com\/labravaradiofm\/2021\/12\/20\/investigan-causas-de-incendio-de-tres-autobuses-de-la-linea-sur-en-el-interior-de-su-corralon\/"},"wordCount":138,"image":{"@id":"https:\/\/www.bbmnoticias.com\/labravaradiofm\/2021\/12\/20\/investigan-causas-de-incendio-de-tres-autobuses-de-la-linea-sur-en-el-interior-de-su-corralon\/#primaryimage"},"thumbnailUrl":"https:\/\/www.bbmnoticias.com\/labravaradiofm\/wp-content\/uploads\/sites\/5\/2021\/12\/p20122021-1.jpg","articleSection":["POLICIACA"],"inLanguage":"es"},{"@type":"WebPage","@id":"https:\/\/www.bbmnoticias.com\/labravaradiofm\/2021\/12\/20\/investigan-causas-de-incendio-de-tres-autobuses-de-la-linea-sur-en-el-interior-de-su-corralon\/","url":"https:\/\/www.bbmnoticias.com\/labravaradiofm\/2021\/12\/20\/investigan-causas-de-incendio-de-tres-autobuses-de-la-linea-sur-en-el-interior-de-su-corralon\/","name":"Investigan causas de incendio de tres autobuses de la l\u00ednea Sur en el interior de su corral\u00f3n - LA BRAVA RADIO","isPartOf":{"@id":"https:\/\/www.bbmnoticias.com\/labravaradiofm\/#website"},"primaryImageOfPage":{"@id":"https:\/\/www.bbmnoticias.com\/labravaradiofm\/2021\/12\/20\/investigan-causas-de-incendio-de-tres-autobuses-de-la-linea-sur-en-el-interior-de-su-corralon\/#primaryimage"},"image":{"@id":"https:\/\/www.bbmnoticias.com\/labravaradiofm\/2021\/12\/20\/investigan-causas-de-incendio-de-tres-autobuses-de-la-linea-sur-en-el-interior-de-su-corralon\/#primaryimage"},"thumbnailUrl":"https:\/\/www.bbmnoticias.com\/labravaradiofm\/wp-content\/uploads\/sites\/5\/2021\/12\/p20122021-1.jpg","datePublished":"2021-12-20T22:52:27+00:00","dateModified":"2021-12-20T22:52:28+00:00","author":{"@id":"https:\/\/www.bbmnoticias.com\/labravaradiofm\/#\/schema\/person\/9b02a4c779df75b578b6413d0d44d6b6"},"breadcrumb":{"@id":"https:\/\/www.bbmnoticias.com\/labravaradiofm\/2021\/12\/20\/investigan-causas-de-incendio-de-tres-autobuses-de-la-linea-sur-en-el-interior-de-su-corralon\/#breadcrumb"},"inLanguage":"es","potentialAction":[{"@type":"ReadAction","target":["https:\/\/www.bbmnoticias.com\/labravaradiofm\/2021\/12\/20\/investigan-causas-de-incendio-de-tres-autobuses-de-la-linea-sur-en-el-interior-de-su-corralon\/"]}]},{"@type":"ImageObject","inLanguage":"es","@id":"https:\/\/www.bbmnoticias.com\/labravaradiofm\/2021\/12\/20\/investigan-causas-de-incendio-de-tres-autobuses-de-la-linea-sur-en-el-interior-de-su-corralon\/#primaryimage","url":"https:\/\/www.bbmnoticias.com\/labravaradiofm\/wp-content\/uploads\/sites\/5\/2021\/12\/p20122021-1.jpg","contentUrl":"https:\/\/www.bbmnoticias.com\/labravaradiofm\/wp-content\/uploads\/sites\/5\/2021\/12\/p20122021-1.jpg","width":960,"height":720},{"@type":"BreadcrumbList","@id":"https:\/\/www.bbmnoticias.com\/labravaradiofm\/2021\/12\/20\/investigan-causas-de-incendio-de-tres-autobuses-de-la-linea-sur-en-el-interior-de-su-corralon\/#breadcrumb","itemListElement":[{"@type":"ListItem","position":1,"name":"Inicio","item":"https:\/\/www.bbmnoticias.com\/labravaradiofm\/"},{"@type":"ListItem","position":2,"name":"Investigan causas de incendio de tres autobuses de la l\u00ednea Sur en el interior de su corral\u00f3n"}]},{"@type":"WebSite","@id":"https:\/\/www.bbmnoticias.com\/labravaradiofm\/#website","url":"https:\/\/www.bbmnoticias.com\/labravaradiofm\/","name":"LA BRAVA RADIO","description":"Empresa productora de medios, Radiodifusi\u00f3n, Noticias, tendencias y todo lo que necesitas saber de la pol\u00edtica mexicana e internacional; entretenimiento, espect\u00e1culos, salud y mucho m\u00e1s.","potentialAction":[{"@type":"SearchAction","target":{"@type":"EntryPoint","urlTemplate":"https:\/\/www.bbmnoticias.com\/labravaradiofm\/?s={search_term_string}"},"query-input":{"@type":"PropertyValueSpecification","valueRequired":true,"valueName":"search_term_string"}}],"inLanguage":"es"},{"@type":"Person","@id":"https:\/\/www.bbmnoticias.com\/labravaradiofm\/#\/schema\/person\/9b02a4c779df75b578b6413d0d44d6b6","name":"Edwin MENESES","image":{"@type":"ImageObject","inLanguage":"es","@id":"https:\/\/secure.gravatar.com\/avatar\/202a15439445248653d719ff745fa195bcc0553404b070fe317543754f253c4f?s=96&d=mm&r=g","url":"https:\/\/secure.gravatar.com\/avatar\/202a15439445248653d719ff745fa195bcc0553404b070fe317543754f253c4f?s=96&d=mm&r=g","contentUrl":"https:\/\/secure.gravatar.com\/avatar\/202a15439445248653d719ff745fa195bcc0553404b070fe317543754f253c4f?s=96&d=mm&r=g","caption":"Edwin MENESES"},"sameAs":["https:\/\/www.bbmnoticias.com","https:\/\/www.facebook.com\/EdwinMeneses30","https:\/\/x.com\/https:\/\/twitter.com\/edwin_meneses81"],"url":"https:\/\/www.bbmnoticias.com\/labravaradiofm\/author\/edwin\/"}]}},"_links":{"self":[{"href":"https:\/\/www.bbmnoticias.com\/labravaradiofm\/wp-json\/wp\/v2\/posts\/7507","targetHints":{"allow":["GET"]}}],"collection":[{"href":"https:\/\/www.bbmnoticias.com\/labravaradiofm\/wp-json\/wp\/v2\/posts"}],"about":[{"href":"https:\/\/www.bbmnoticias.com\/labravaradiofm\/wp-json\/wp\/v2\/types\/post"}],"author":[{"embeddable":true,"href":"https:\/\/www.bbmnoticias.com\/labravaradiofm\/wp-json\/wp\/v2\/users\/3"}],"replies":[{"embeddable":true,"href":"https:\/\/www.bbmnoticias.com\/labravaradiofm\/wp-json\/wp\/v2\/comments?post=7507"}],"version-history":[{"count":0,"href":"https:\/\/www.bbmnoticias.com\/labravaradiofm\/wp-json\/wp\/v2\/posts\/7507\/revisions"}],"wp:featuredmedia":[{"embeddable":true,"href":"https:\/\/www.bbmnoticias.com\/labravaradiofm\/wp-json\/wp\/v2\/media\/7508"}],"wp:attachment":[{"href":"https:\/\/www.bbmnoticias.com\/labravaradiofm\/wp-json\/wp\/v2\/media?parent=7507"}],"wp:term":[{"taxonomy":"category","embeddable":true,"href":"https:\/\/www.bbmnoticias.com\/labravaradiofm\/wp-json\/wp\/v2\/categories?post=7507"},{"taxonomy":"post_tag","embeddable":true,"href":"https:\/\/www.bbmnoticias.com\/labravaradiofm\/wp-json\/wp\/v2\/tags?post=7507"}],"curies":[{"name":"wp","href":"https:\/\/api.w.org\/{rel}","templated":true}]}}