{"id":75011,"date":"2026-03-10T19:28:26","date_gmt":"2026-03-11T01:28:26","guid":{"rendered":"https:\/\/www.bbmnoticias.com\/labravaradiofm\/2026\/03\/10\/muere-ciclista-oaxaqueno-tras-competencia-de-conade-en-jalisco\/"},"modified":"2026-03-10T19:28:29","modified_gmt":"2026-03-11T01:28:29","slug":"muere-ciclista-oaxaqueno-tras-competencia-de-conade-en-jalisco","status":"publish","type":"post","link":"https:\/\/www.bbmnoticias.com\/labravaradiofm\/2026\/03\/10\/muere-ciclista-oaxaqueno-tras-competencia-de-conade-en-jalisco\/","title":{"rendered":"Muere ciclista Oaxaque\u00f1o tras competencia de CONADE en Jalisco"},"content":{"rendered":"<div style=\"margin-top: 0px; margin-bottom: 0px;\" class=\"sharethis-inline-share-buttons\" ><\/div>\n<p>El Ciclista Oaxaque\u00f1o H\u00e9ctor G. S. originario de Ocotl\u00e1n De Morelos falleci\u00f3 este domingo luego de concluir su participaci\u00f3n en la competencia clasificatoria de ciclismo de monta\u00f1a rumbo a la Olimpiada Nacional de la Comisi\u00f3n Nacional de Cultura F\u00edsica y Deporte (Conade) 2026, realizada en #Guadalajara, #Jalisco.<\/p>\n\n\n\n<p>De acuerdo con los reportes, al terminar la prueba comenz\u00f3 a sentirse mal, por lo que recibi\u00f3 atenci\u00f3n m\u00e9dica y durante su traslado present\u00f3 complicaciones que le costaron la vida.<\/p>\n\n\n\n<p>H\u00e9ctor ten\u00eda 20 a\u00f1os y tambi\u00e9n era estudiante de la Licenciatura en Entrenamiento Deportivo en la Universidad Aut\u00f3noma Benito Ju\u00e1rez de Oaxaca (UABJO).<\/p>\n\n\n\n<p>A trav\u00e9s de redes sociales, la comunidad universitaria, familiares, amistades y el gremio ciclista han compartido mensajes de despedida, record\u00e1ndolo por su pasi\u00f3n por la monta\u00f1a, su esp\u00edritu competitivo y el compa\u00f1erismo que dej\u00f3 dentro y fuera de las rutas. Descanse en paz<\/p>\n","protected":false},"excerpt":{"rendered":"<p>El Ciclista Oaxaque\u00f1o H\u00e9ctor G. S. originario de Ocotl\u00e1n De Morelos falleci\u00f3 este domingo luego de concluir su participaci\u00f3n en la competencia clasificatoria de ciclismo de monta\u00f1a rumbo a la Olimpiada Nacional de la Comisi\u00f3n Nacional de Cultura F\u00edsica y Deporte (Conade) 2026, realizada en #Guadalajara, #Jalisco. De acuerdo con los reportes, al terminar la [&hellip;]<\/p>\n","protected":false},"author":2,"featured_media":75013,"comment_status":"closed","ping_status":"open","sticky":false,"template":"","format":"standard","meta":{"footnotes":""},"categories":[21,2],"tags":[],"class_list":{"0":"post-75011","1":"post","2":"type-post","3":"status-publish","4":"format-standard","5":"has-post-thumbnail","7":"category-deportes","8":"category-oaxaca"},"yoast_head":"<!-- This site is optimized with the Yoast SEO plugin v27.4 - https:\/\/yoast.com\/product\/yoast-seo-wordpress\/ -->\n<title>Muere ciclista Oaxaque\u00f1o tras competencia de CONADE en Jalisco - LA BRAVA RADIO<\/title>\n<meta name=\"robots\" content=\"index, follow, max-snippet:-1, max-image-preview:large, max-video-preview:-1\" \/>\n<link rel=\"canonical\" href=\"https:\/\/www.bbmnoticias.com\/muere-ciclista-oaxaqueno-tras-competencia-de-conade-en-jalisco\/\" \/>\n<meta property=\"og:locale\" content=\"es_MX\" \/>\n<meta property=\"og:type\" content=\"article\" \/>\n<meta property=\"og:title\" content=\"Muere ciclista Oaxaque\u00f1o tras competencia de CONADE en Jalisco - LA BRAVA RADIO\" \/>\n<meta property=\"og:description\" content=\"El Ciclista Oaxaque\u00f1o H\u00e9ctor G. S. originario de Ocotl\u00e1n De Morelos falleci\u00f3 este domingo luego de concluir su participaci\u00f3n en la competencia clasificatoria de ciclismo de monta\u00f1a rumbo a la Olimpiada Nacional de la Comisi\u00f3n Nacional de Cultura F\u00edsica y Deporte (Conade) 2026, realizada en #Guadalajara, #Jalisco. De acuerdo con los reportes, al terminar la [&hellip;]\" \/>\n<meta property=\"og:url\" content=\"https:\/\/www.bbmnoticias.com\/muere-ciclista-oaxaqueno-tras-competencia-de-conade-en-jalisco\/\" \/>\n<meta property=\"og:site_name\" content=\"LA BRAVA RADIO\" \/>\n<meta property=\"article:published_time\" content=\"2026-03-11T01:28:26+00:00\" \/>\n<meta property=\"article:modified_time\" content=\"2026-03-11T01:28:29+00:00\" \/>\n<meta property=\"og:image\" content=\"https:\/\/www.bbmnoticias.com\/labravaradiofm\/wp-content\/uploads\/sites\/5\/2026\/03\/ciclista_oaxaca.jpg\" \/>\n\t<meta property=\"og:image:width\" content=\"800\" \/>\n\t<meta property=\"og:image:height\" content=\"450\" \/>\n\t<meta property=\"og:image:type\" content=\"image\/jpeg\" \/>\n<meta name=\"author\" content=\"Staff\" \/>\n<meta name=\"twitter:card\" content=\"summary_large_image\" \/>\n<meta name=\"twitter:label1\" content=\"Escrito por\" \/>\n\t<meta name=\"twitter:data1\" content=\"Staff\" \/>\n\t<meta name=\"twitter:label2\" content=\"Tiempo de lectura\" \/>\n\t<meta name=\"twitter:data2\" content=\"1 minuto\" \/>\n<script type=\"application\/ld+json\" class=\"yoast-schema-graph\">{\"@context\":\"https:\\\/\\\/schema.org\",\"@graph\":[{\"@type\":\"Article\",\"@id\":\"https:\\\/\\\/www.bbmnoticias.com\\\/muere-ciclista-oaxaqueno-tras-competencia-de-conade-en-jalisco\\\/#article\",\"isPartOf\":{\"@id\":\"https:\\\/\\\/www.bbmnoticias.com\\\/labravaradiofm\\\/2026\\\/03\\\/10\\\/muere-ciclista-oaxaqueno-tras-competencia-de-conade-en-jalisco\\\/\"},\"author\":{\"name\":\"Staff\",\"@id\":\"https:\\\/\\\/www.bbmnoticias.com\\\/labravaradiofm\\\/#\\\/schema\\\/person\\\/68a9e9036ef3c5b55aeb2b71dc8bab45\"},\"headline\":\"Muere ciclista Oaxaque\u00f1o tras competencia de CONADE en Jalisco\",\"datePublished\":\"2026-03-11T01:28:26+00:00\",\"dateModified\":\"2026-03-11T01:28:29+00:00\",\"mainEntityOfPage\":{\"@id\":\"https:\\\/\\\/www.bbmnoticias.com\\\/labravaradiofm\\\/2026\\\/03\\\/10\\\/muere-ciclista-oaxaqueno-tras-competencia-de-conade-en-jalisco\\\/\"},\"wordCount\":172,\"image\":{\"@id\":\"https:\\\/\\\/www.bbmnoticias.com\\\/muere-ciclista-oaxaqueno-tras-competencia-de-conade-en-jalisco\\\/#primaryimage\"},\"thumbnailUrl\":\"https:\\\/\\\/www.bbmnoticias.com\\\/labravaradiofm\\\/wp-content\\\/uploads\\\/sites\\\/5\\\/2026\\\/03\\\/ciclista_oaxaca.jpg\",\"articleSection\":[\"DEPORTES\",\"LOCAL\"],\"inLanguage\":\"es\"},{\"@type\":\"WebPage\",\"@id\":\"https:\\\/\\\/www.bbmnoticias.com\\\/labravaradiofm\\\/2026\\\/03\\\/10\\\/muere-ciclista-oaxaqueno-tras-competencia-de-conade-en-jalisco\\\/\",\"url\":\"https:\\\/\\\/www.bbmnoticias.com\\\/muere-ciclista-oaxaqueno-tras-competencia-de-conade-en-jalisco\\\/\",\"name\":\"Muere ciclista Oaxaque\u00f1o tras competencia de CONADE en Jalisco - LA BRAVA RADIO\",\"isPartOf\":{\"@id\":\"https:\\\/\\\/www.bbmnoticias.com\\\/labravaradiofm\\\/#website\"},\"primaryImageOfPage\":{\"@id\":\"https:\\\/\\\/www.bbmnoticias.com\\\/muere-ciclista-oaxaqueno-tras-competencia-de-conade-en-jalisco\\\/#primaryimage\"},\"image\":{\"@id\":\"https:\\\/\\\/www.bbmnoticias.com\\\/muere-ciclista-oaxaqueno-tras-competencia-de-conade-en-jalisco\\\/#primaryimage\"},\"thumbnailUrl\":\"https:\\\/\\\/www.bbmnoticias.com\\\/labravaradiofm\\\/wp-content\\\/uploads\\\/sites\\\/5\\\/2026\\\/03\\\/ciclista_oaxaca.jpg\",\"datePublished\":\"2026-03-11T01:28:26+00:00\",\"dateModified\":\"2026-03-11T01:28:29+00:00\",\"author\":{\"@id\":\"https:\\\/\\\/www.bbmnoticias.com\\\/labravaradiofm\\\/#\\\/schema\\\/person\\\/68a9e9036ef3c5b55aeb2b71dc8bab45\"},\"breadcrumb\":{\"@id\":\"https:\\\/\\\/www.bbmnoticias.com\\\/muere-ciclista-oaxaqueno-tras-competencia-de-conade-en-jalisco\\\/#breadcrumb\"},\"inLanguage\":\"es\",\"potentialAction\":[{\"@type\":\"ReadAction\",\"target\":[\"https:\\\/\\\/www.bbmnoticias.com\\\/muere-ciclista-oaxaqueno-tras-competencia-de-conade-en-jalisco\\\/\"]}]},{\"@type\":\"ImageObject\",\"inLanguage\":\"es\",\"@id\":\"https:\\\/\\\/www.bbmnoticias.com\\\/muere-ciclista-oaxaqueno-tras-competencia-de-conade-en-jalisco\\\/#primaryimage\",\"url\":\"https:\\\/\\\/www.bbmnoticias.com\\\/labravaradiofm\\\/wp-content\\\/uploads\\\/sites\\\/5\\\/2026\\\/03\\\/ciclista_oaxaca.jpg\",\"contentUrl\":\"https:\\\/\\\/www.bbmnoticias.com\\\/labravaradiofm\\\/wp-content\\\/uploads\\\/sites\\\/5\\\/2026\\\/03\\\/ciclista_oaxaca.jpg\",\"width\":800,\"height\":450},{\"@type\":\"BreadcrumbList\",\"@id\":\"https:\\\/\\\/www.bbmnoticias.com\\\/muere-ciclista-oaxaqueno-tras-competencia-de-conade-en-jalisco\\\/#breadcrumb\",\"itemListElement\":[{\"@type\":\"ListItem\",\"position\":1,\"name\":\"Inicio\",\"item\":\"https:\\\/\\\/www.bbmnoticias.com\\\/labravaradiofm\\\/\"},{\"@type\":\"ListItem\",\"position\":2,\"name\":\"Muere ciclista Oaxaque\u00f1o tras competencia de CONADE en Jalisco\"}]},{\"@type\":\"WebSite\",\"@id\":\"https:\\\/\\\/www.bbmnoticias.com\\\/labravaradiofm\\\/#website\",\"url\":\"https:\\\/\\\/www.bbmnoticias.com\\\/labravaradiofm\\\/\",\"name\":\"LA BRAVA RADIO\",\"description\":\"Empresa productora de medios, Radiodifusi\u00f3n, Noticias, tendencias y todo lo que necesitas saber de la pol\u00edtica mexicana e internacional; entretenimiento, espect\u00e1culos, salud y mucho m\u00e1s.\",\"potentialAction\":[{\"@type\":\"SearchAction\",\"target\":{\"@type\":\"EntryPoint\",\"urlTemplate\":\"https:\\\/\\\/www.bbmnoticias.com\\\/labravaradiofm\\\/?s={search_term_string}\"},\"query-input\":{\"@type\":\"PropertyValueSpecification\",\"valueRequired\":true,\"valueName\":\"search_term_string\"}}],\"inLanguage\":\"es\"},{\"@type\":\"Person\",\"@id\":\"https:\\\/\\\/www.bbmnoticias.com\\\/labravaradiofm\\\/#\\\/schema\\\/person\\\/68a9e9036ef3c5b55aeb2b71dc8bab45\",\"name\":\"Staff\",\"image\":{\"@type\":\"ImageObject\",\"inLanguage\":\"es\",\"@id\":\"https:\\\/\\\/secure.gravatar.com\\\/avatar\\\/fdd21ad66fd8b98c407f9dee5b5e588cfe7f0d8579ec20fa6527cd59bab7f0f0?s=96&d=mm&r=g\",\"url\":\"https:\\\/\\\/secure.gravatar.com\\\/avatar\\\/fdd21ad66fd8b98c407f9dee5b5e588cfe7f0d8579ec20fa6527cd59bab7f0f0?s=96&d=mm&r=g\",\"contentUrl\":\"https:\\\/\\\/secure.gravatar.com\\\/avatar\\\/fdd21ad66fd8b98c407f9dee5b5e588cfe7f0d8579ec20fa6527cd59bab7f0f0?s=96&d=mm&r=g\",\"caption\":\"Staff\"},\"url\":\"https:\\\/\\\/www.bbmnoticias.com\\\/labravaradiofm\\\/author\\\/redaccion\\\/\"}]}<\/script>\n<!-- \/ Yoast SEO plugin. -->","yoast_head_json":{"title":"Muere ciclista Oaxaque\u00f1o tras competencia de CONADE en Jalisco - LA BRAVA RADIO","robots":{"index":"index","follow":"follow","max-snippet":"max-snippet:-1","max-image-preview":"max-image-preview:large","max-video-preview":"max-video-preview:-1"},"canonical":"https:\/\/www.bbmnoticias.com\/muere-ciclista-oaxaqueno-tras-competencia-de-conade-en-jalisco\/","og_locale":"es_MX","og_type":"article","og_title":"Muere ciclista Oaxaque\u00f1o tras competencia de CONADE en Jalisco - LA BRAVA RADIO","og_description":"El Ciclista Oaxaque\u00f1o H\u00e9ctor G. S. originario de Ocotl\u00e1n De Morelos falleci\u00f3 este domingo luego de concluir su participaci\u00f3n en la competencia clasificatoria de ciclismo de monta\u00f1a rumbo a la Olimpiada Nacional de la Comisi\u00f3n Nacional de Cultura F\u00edsica y Deporte (Conade) 2026, realizada en #Guadalajara, #Jalisco. De acuerdo con los reportes, al terminar la [&hellip;]","og_url":"https:\/\/www.bbmnoticias.com\/muere-ciclista-oaxaqueno-tras-competencia-de-conade-en-jalisco\/","og_site_name":"LA BRAVA RADIO","article_published_time":"2026-03-11T01:28:26+00:00","article_modified_time":"2026-03-11T01:28:29+00:00","og_image":[{"width":800,"height":450,"url":"https:\/\/www.bbmnoticias.com\/labravaradiofm\/wp-content\/uploads\/sites\/5\/2026\/03\/ciclista_oaxaca.jpg","type":"image\/jpeg"}],"author":"Staff","twitter_card":"summary_large_image","twitter_misc":{"Escrito por":"Staff","Tiempo de lectura":"1 minuto"},"schema":{"@context":"https:\/\/schema.org","@graph":[{"@type":"Article","@id":"https:\/\/www.bbmnoticias.com\/muere-ciclista-oaxaqueno-tras-competencia-de-conade-en-jalisco\/#article","isPartOf":{"@id":"https:\/\/www.bbmnoticias.com\/labravaradiofm\/2026\/03\/10\/muere-ciclista-oaxaqueno-tras-competencia-de-conade-en-jalisco\/"},"author":{"name":"Staff","@id":"https:\/\/www.bbmnoticias.com\/labravaradiofm\/#\/schema\/person\/68a9e9036ef3c5b55aeb2b71dc8bab45"},"headline":"Muere ciclista Oaxaque\u00f1o tras competencia de CONADE en Jalisco","datePublished":"2026-03-11T01:28:26+00:00","dateModified":"2026-03-11T01:28:29+00:00","mainEntityOfPage":{"@id":"https:\/\/www.bbmnoticias.com\/labravaradiofm\/2026\/03\/10\/muere-ciclista-oaxaqueno-tras-competencia-de-conade-en-jalisco\/"},"wordCount":172,"image":{"@id":"https:\/\/www.bbmnoticias.com\/muere-ciclista-oaxaqueno-tras-competencia-de-conade-en-jalisco\/#primaryimage"},"thumbnailUrl":"https:\/\/www.bbmnoticias.com\/labravaradiofm\/wp-content\/uploads\/sites\/5\/2026\/03\/ciclista_oaxaca.jpg","articleSection":["DEPORTES","LOCAL"],"inLanguage":"es"},{"@type":"WebPage","@id":"https:\/\/www.bbmnoticias.com\/labravaradiofm\/2026\/03\/10\/muere-ciclista-oaxaqueno-tras-competencia-de-conade-en-jalisco\/","url":"https:\/\/www.bbmnoticias.com\/muere-ciclista-oaxaqueno-tras-competencia-de-conade-en-jalisco\/","name":"Muere ciclista Oaxaque\u00f1o tras competencia de CONADE en Jalisco - LA BRAVA RADIO","isPartOf":{"@id":"https:\/\/www.bbmnoticias.com\/labravaradiofm\/#website"},"primaryImageOfPage":{"@id":"https:\/\/www.bbmnoticias.com\/muere-ciclista-oaxaqueno-tras-competencia-de-conade-en-jalisco\/#primaryimage"},"image":{"@id":"https:\/\/www.bbmnoticias.com\/muere-ciclista-oaxaqueno-tras-competencia-de-conade-en-jalisco\/#primaryimage"},"thumbnailUrl":"https:\/\/www.bbmnoticias.com\/labravaradiofm\/wp-content\/uploads\/sites\/5\/2026\/03\/ciclista_oaxaca.jpg","datePublished":"2026-03-11T01:28:26+00:00","dateModified":"2026-03-11T01:28:29+00:00","author":{"@id":"https:\/\/www.bbmnoticias.com\/labravaradiofm\/#\/schema\/person\/68a9e9036ef3c5b55aeb2b71dc8bab45"},"breadcrumb":{"@id":"https:\/\/www.bbmnoticias.com\/muere-ciclista-oaxaqueno-tras-competencia-de-conade-en-jalisco\/#breadcrumb"},"inLanguage":"es","potentialAction":[{"@type":"ReadAction","target":["https:\/\/www.bbmnoticias.com\/muere-ciclista-oaxaqueno-tras-competencia-de-conade-en-jalisco\/"]}]},{"@type":"ImageObject","inLanguage":"es","@id":"https:\/\/www.bbmnoticias.com\/muere-ciclista-oaxaqueno-tras-competencia-de-conade-en-jalisco\/#primaryimage","url":"https:\/\/www.bbmnoticias.com\/labravaradiofm\/wp-content\/uploads\/sites\/5\/2026\/03\/ciclista_oaxaca.jpg","contentUrl":"https:\/\/www.bbmnoticias.com\/labravaradiofm\/wp-content\/uploads\/sites\/5\/2026\/03\/ciclista_oaxaca.jpg","width":800,"height":450},{"@type":"BreadcrumbList","@id":"https:\/\/www.bbmnoticias.com\/muere-ciclista-oaxaqueno-tras-competencia-de-conade-en-jalisco\/#breadcrumb","itemListElement":[{"@type":"ListItem","position":1,"name":"Inicio","item":"https:\/\/www.bbmnoticias.com\/labravaradiofm\/"},{"@type":"ListItem","position":2,"name":"Muere ciclista Oaxaque\u00f1o tras competencia de CONADE en Jalisco"}]},{"@type":"WebSite","@id":"https:\/\/www.bbmnoticias.com\/labravaradiofm\/#website","url":"https:\/\/www.bbmnoticias.com\/labravaradiofm\/","name":"LA BRAVA RADIO","description":"Empresa productora de medios, Radiodifusi\u00f3n, Noticias, tendencias y todo lo que necesitas saber de la pol\u00edtica mexicana e internacional; entretenimiento, espect\u00e1culos, salud y mucho m\u00e1s.","potentialAction":[{"@type":"SearchAction","target":{"@type":"EntryPoint","urlTemplate":"https:\/\/www.bbmnoticias.com\/labravaradiofm\/?s={search_term_string}"},"query-input":{"@type":"PropertyValueSpecification","valueRequired":true,"valueName":"search_term_string"}}],"inLanguage":"es"},{"@type":"Person","@id":"https:\/\/www.bbmnoticias.com\/labravaradiofm\/#\/schema\/person\/68a9e9036ef3c5b55aeb2b71dc8bab45","name":"Staff","image":{"@type":"ImageObject","inLanguage":"es","@id":"https:\/\/secure.gravatar.com\/avatar\/fdd21ad66fd8b98c407f9dee5b5e588cfe7f0d8579ec20fa6527cd59bab7f0f0?s=96&d=mm&r=g","url":"https:\/\/secure.gravatar.com\/avatar\/fdd21ad66fd8b98c407f9dee5b5e588cfe7f0d8579ec20fa6527cd59bab7f0f0?s=96&d=mm&r=g","contentUrl":"https:\/\/secure.gravatar.com\/avatar\/fdd21ad66fd8b98c407f9dee5b5e588cfe7f0d8579ec20fa6527cd59bab7f0f0?s=96&d=mm&r=g","caption":"Staff"},"url":"https:\/\/www.bbmnoticias.com\/labravaradiofm\/author\/redaccion\/"}]}},"_links":{"self":[{"href":"https:\/\/www.bbmnoticias.com\/labravaradiofm\/wp-json\/wp\/v2\/posts\/75011","targetHints":{"allow":["GET"]}}],"collection":[{"href":"https:\/\/www.bbmnoticias.com\/labravaradiofm\/wp-json\/wp\/v2\/posts"}],"about":[{"href":"https:\/\/www.bbmnoticias.com\/labravaradiofm\/wp-json\/wp\/v2\/types\/post"}],"author":[{"embeddable":true,"href":"https:\/\/www.bbmnoticias.com\/labravaradiofm\/wp-json\/wp\/v2\/users\/2"}],"replies":[{"embeddable":true,"href":"https:\/\/www.bbmnoticias.com\/labravaradiofm\/wp-json\/wp\/v2\/comments?post=75011"}],"version-history":[{"count":1,"href":"https:\/\/www.bbmnoticias.com\/labravaradiofm\/wp-json\/wp\/v2\/posts\/75011\/revisions"}],"predecessor-version":[{"id":75012,"href":"https:\/\/www.bbmnoticias.com\/labravaradiofm\/wp-json\/wp\/v2\/posts\/75011\/revisions\/75012"}],"wp:featuredmedia":[{"embeddable":true,"href":"https:\/\/www.bbmnoticias.com\/labravaradiofm\/wp-json\/wp\/v2\/media\/75013"}],"wp:attachment":[{"href":"https:\/\/www.bbmnoticias.com\/labravaradiofm\/wp-json\/wp\/v2\/media?parent=75011"}],"wp:term":[{"taxonomy":"category","embeddable":true,"href":"https:\/\/www.bbmnoticias.com\/labravaradiofm\/wp-json\/wp\/v2\/categories?post=75011"},{"taxonomy":"post_tag","embeddable":true,"href":"https:\/\/www.bbmnoticias.com\/labravaradiofm\/wp-json\/wp\/v2\/tags?post=75011"}],"curies":[{"name":"wp","href":"https:\/\/api.w.org\/{rel}","templated":true}]}}