{"id":75008,"date":"2026-03-10T18:58:44","date_gmt":"2026-03-11T00:58:44","guid":{"rendered":"https:\/\/www.bbmnoticias.com\/labravaradiofm\/2026\/03\/10\/eligen-a-aureliano-hernandez-palacios-como-nuevo-titular-de-la-asf\/"},"modified":"2026-03-10T18:58:48","modified_gmt":"2026-03-11T00:58:48","slug":"eligen-a-aureliano-hernandez-palacios-como-nuevo-titular-de-la-asf","status":"publish","type":"post","link":"https:\/\/www.bbmnoticias.com\/labravaradiofm\/2026\/03\/10\/eligen-a-aureliano-hernandez-palacios-como-nuevo-titular-de-la-asf\/","title":{"rendered":"Eligen a Aureliano Hern\u00e1ndez Palacios como nuevo titular de la ASF"},"content":{"rendered":"<div style=\"margin-top: 0px; margin-bottom: 0px;\" class=\"sharethis-inline-share-buttons\" ><\/div>\n<p>La <strong>C\u00e1mara de Diputados<\/strong> eligi\u00f3 a Aureliano Hern\u00e1ndez Palacios Cardel como nuevo titular de la Auditor\u00eda Superior de la Federaci\u00f3n (ASF) para el periodo 2026-2034, tras obtener el respaldo de las dos terceras partes de los <strong>legisladores <\/strong>mediante votaci\u00f3n por c\u00e9dula.<\/p>\n\n\n\n<p>La designaci\u00f3n se realiz\u00f3 luego de que la <strong>Comisi\u00f3n de Vigilancia de la ASF<\/strong> aprobara previamente la terna de aspirantes integrada por Hern\u00e1ndez Palacios Cardel, Elizabeth Barba Villaf\u00e1n y Luis Miguel Mart\u00ednez Anzures, quienes obtuvieron las mejores evaluaciones durante el proceso de selecci\u00f3n.<\/p>\n\n\n\n<p><strong>Hern\u00e1ndez Palacios Cardel<\/strong> recibi\u00f3 472 votos y asumir\u00e1, a partir del 15 de marzo, la responsabilidad de encabezar el \u00f3rgano encargado de fiscalizar el uso de los recursos p\u00fablicos federales durante los pr\u00f3ximos ocho a\u00f1os.<\/p>\n\n\n\n<p>Barba Villaf\u00e1n obtuvo 1 voto y Mart\u00ednez Anzures, un total de 6 votos; asimismo, hubo 19 c\u00e9lulas inutilizadas y 2 votos nulos.&nbsp;<\/p>\n\n\n\n<p>La persona seleccionada tom\u00f3 protesta, ante la mesa directiva encabezada por, Kenia L\u00f3pez Rabad\u00e1n, de inmediato en el pleno tras notificarle que resulto seleccionado.&nbsp;<\/p>\n\n\n\n<p>El pr\u00f3ximo auditor superior es economista, con licenciatura y maestr\u00eda en la materia, y hasta ahora se desempe\u00f1aba como Auditor Especial del Gasto Federalizado de la ASF, cargo que asumi\u00f3 en octubre de 2025 tras ser designado por el entonces titular del organismo, David Colmenares P\u00e1ramo.<\/p>\n\n\n\n<p>Desde esa posici\u00f3n estuvo a cargo de supervisar c\u00f3mo los gobiernos estatales y municipales ejercen los <strong>recursos transferidos <\/strong>por la federaci\u00f3n, una de las \u00e1reas estrat\u00e9gicas dentro del sistema de fiscalizaci\u00f3n del pa\u00eds.<\/p>\n\n\n\n<h2 class=\"wp-block-heading\">\u00bfQui\u00e9n es Aureliano Hern\u00e1ndez Palacios, nuevo auditor?<\/h2>\n\n\n\n<p>Proviene de una familia con tradici\u00f3n acad\u00e9mica y jur\u00eddica en <strong>Veracruz<\/strong>, toda vez es nieto del exrector de la Universidad Veracruzana y expresidente del Tribunal Superior de Justicia del estado, Aureliano Hern\u00e1ndez Palacios.&nbsp;<\/p>\n\n\n\n<p>Al fundamentar el dictamen, el presidente de la Comisi\u00f3n de Vigilancia de la Auditoria Superior de la Federaci\u00f3n (ASF), Javier Herrera Borunda asegur\u00f3 que el proceso de selecci\u00f3n fue resultado de un trabajo \u201cprofundo y a conciencia\u201d, basado en criterios t\u00e9cnicos y no en decisiones \u201cal vapor\u201d.&nbsp;<\/p>\n\n\n\n<p>Destac\u00f3 que las tres personas propuestas para encabezar la ASF representan los perfiles m\u00e1s s\u00f3lidos evaluados por todas las fuerzas pol\u00edticas, y que cumplen cualidades espec\u00edficas, entre ellas ser especialistas en fiscalizaci\u00f3n y administraci\u00f3n p\u00fablica, tener amplia experiencia en la revisi\u00f3n del gasto p\u00fablico y contar con una trayectoria profesional s\u00f3lida.<\/p>\n\n\n\n<p>Adem\u00e1s, dijo, deben poseer \u201cuna reputaci\u00f3n de integridad y plena imparcialidad\u201d.<\/p>\n\n\n\n<p>Subray\u00f3 que la fiscalizaci\u00f3n de los recursos p\u00fablicos es una de las funciones m\u00e1s relevantes del Poder Legislativo para garantizar la confianza entre el Estado y la ciudadan\u00eda.<\/p>\n\n\n\n<p>\u201cFiscalizar no es solo revisar cifras, es garantizar que cada peso que se utilice sea utilizado con legalidad, eficiencia y, sobre todo, en beneficio de la ciudadan\u00eda\u201d, expres\u00f3.<\/p>\n\n\n\n<p>Record\u00f3 que trabaj\u00f3 durante varias semanas para evaluar a los aspirantes, con el apoyo de especialistas y de la Asociaci\u00f3n Nacional de Universidades e Instituciones de Educaci\u00f3n Superior (<strong>ANUIES<\/strong>), que agrupa a m\u00e1s de 250 universidades del pa\u00eds.<\/p>\n\n\n\n<p>\u201cSi la fiscalizaci\u00f3n es fuerte y objetiva, el Estado es m\u00e1s transparente. Cuando la rendici\u00f3n de cuentas es efectiva, la democracia funciona y se fortalece\u201d, concluy\u00f3.<\/p>\n","protected":false},"excerpt":{"rendered":"<p>La C\u00e1mara de Diputados eligi\u00f3 a Aureliano Hern\u00e1ndez Palacios Cardel como nuevo titular de la Auditor\u00eda Superior de la Federaci\u00f3n (ASF) para el periodo 2026-2034, tras obtener el respaldo de las dos terceras partes de los legisladores mediante votaci\u00f3n por c\u00e9dula. La designaci\u00f3n se realiz\u00f3 luego de que la Comisi\u00f3n de Vigilancia de la ASF [&hellip;]<\/p>\n","protected":false},"author":15,"featured_media":75010,"comment_status":"closed","ping_status":"open","sticky":false,"template":"","format":"standard","meta":{"footnotes":""},"categories":[2,19],"tags":[],"class_list":{"0":"post-75008","1":"post","2":"type-post","3":"status-publish","4":"format-standard","5":"has-post-thumbnail","7":"category-oaxaca","8":"category-nacional"},"yoast_head":"<!-- This site is optimized with the Yoast SEO plugin v27.4 - https:\/\/yoast.com\/product\/yoast-seo-wordpress\/ -->\n<title>Eligen a Aureliano Hern\u00e1ndez Palacios como nuevo titular de la ASF - LA BRAVA RADIO<\/title>\n<meta name=\"robots\" content=\"index, follow, max-snippet:-1, max-image-preview:large, max-video-preview:-1\" \/>\n<link rel=\"canonical\" href=\"https:\/\/www.bbmnoticias.com\/eligen-a-aureliano-hernandez-palacios-como-nuevo-titular-de-la-asf\/\" \/>\n<meta property=\"og:locale\" content=\"es_MX\" \/>\n<meta property=\"og:type\" content=\"article\" \/>\n<meta property=\"og:title\" content=\"Eligen a Aureliano Hern\u00e1ndez Palacios como nuevo titular de la ASF - LA BRAVA RADIO\" \/>\n<meta property=\"og:description\" content=\"La C\u00e1mara de Diputados eligi\u00f3 a Aureliano Hern\u00e1ndez Palacios Cardel como nuevo titular de la Auditor\u00eda Superior de la Federaci\u00f3n (ASF) para el periodo 2026-2034, tras obtener el respaldo de las dos terceras partes de los legisladores mediante votaci\u00f3n por c\u00e9dula. La designaci\u00f3n se realiz\u00f3 luego de que la Comisi\u00f3n de Vigilancia de la ASF [&hellip;]\" \/>\n<meta property=\"og:url\" content=\"https:\/\/www.bbmnoticias.com\/eligen-a-aureliano-hernandez-palacios-como-nuevo-titular-de-la-asf\/\" \/>\n<meta property=\"og:site_name\" content=\"LA BRAVA RADIO\" \/>\n<meta property=\"article:published_time\" content=\"2026-03-11T00:58:44+00:00\" \/>\n<meta property=\"article:modified_time\" content=\"2026-03-11T00:58:48+00:00\" \/>\n<meta property=\"og:image\" content=\"https:\/\/www.bbmnoticias.com\/labravaradiofm\/wp-content\/uploads\/sites\/5\/2026\/03\/f768x1-1256805_1256932_5050.jpg\" \/>\n\t<meta property=\"og:image:width\" content=\"768\" \/>\n\t<meta property=\"og:image:height\" content=\"389\" \/>\n\t<meta property=\"og:image:type\" content=\"image\/jpeg\" \/>\n<meta name=\"author\" content=\"El Heraldo\" \/>\n<meta name=\"twitter:card\" content=\"summary_large_image\" \/>\n<meta name=\"twitter:label1\" content=\"Escrito por\" \/>\n\t<meta name=\"twitter:data1\" content=\"El Heraldo\" \/>\n\t<meta name=\"twitter:label2\" content=\"Tiempo de lectura\" \/>\n\t<meta name=\"twitter:data2\" content=\"3 minutos\" \/>\n<script type=\"application\/ld+json\" class=\"yoast-schema-graph\">{\"@context\":\"https:\\\/\\\/schema.org\",\"@graph\":[{\"@type\":\"Article\",\"@id\":\"https:\\\/\\\/www.bbmnoticias.com\\\/eligen-a-aureliano-hernandez-palacios-como-nuevo-titular-de-la-asf\\\/#article\",\"isPartOf\":{\"@id\":\"https:\\\/\\\/www.bbmnoticias.com\\\/labravaradiofm\\\/2026\\\/03\\\/10\\\/eligen-a-aureliano-hernandez-palacios-como-nuevo-titular-de-la-asf\\\/\"},\"author\":{\"name\":\"El Heraldo\",\"@id\":\"https:\\\/\\\/www.bbmnoticias.com\\\/labravaradiofm\\\/#\\\/schema\\\/person\\\/78ff63fb371c799850071f4b5feb0b7a\"},\"headline\":\"Eligen a Aureliano Hern\u00e1ndez Palacios como nuevo titular de la ASF\",\"datePublished\":\"2026-03-11T00:58:44+00:00\",\"dateModified\":\"2026-03-11T00:58:48+00:00\",\"mainEntityOfPage\":{\"@id\":\"https:\\\/\\\/www.bbmnoticias.com\\\/labravaradiofm\\\/2026\\\/03\\\/10\\\/eligen-a-aureliano-hernandez-palacios-como-nuevo-titular-de-la-asf\\\/\"},\"wordCount\":586,\"image\":{\"@id\":\"https:\\\/\\\/www.bbmnoticias.com\\\/eligen-a-aureliano-hernandez-palacios-como-nuevo-titular-de-la-asf\\\/#primaryimage\"},\"thumbnailUrl\":\"https:\\\/\\\/www.bbmnoticias.com\\\/labravaradiofm\\\/wp-content\\\/uploads\\\/sites\\\/5\\\/2026\\\/03\\\/f768x1-1256805_1256932_5050.jpg\",\"articleSection\":[\"LOCAL\",\"NACIONAL\"],\"inLanguage\":\"es\"},{\"@type\":\"WebPage\",\"@id\":\"https:\\\/\\\/www.bbmnoticias.com\\\/labravaradiofm\\\/2026\\\/03\\\/10\\\/eligen-a-aureliano-hernandez-palacios-como-nuevo-titular-de-la-asf\\\/\",\"url\":\"https:\\\/\\\/www.bbmnoticias.com\\\/eligen-a-aureliano-hernandez-palacios-como-nuevo-titular-de-la-asf\\\/\",\"name\":\"Eligen a Aureliano Hern\u00e1ndez Palacios como nuevo titular de la ASF - LA BRAVA RADIO\",\"isPartOf\":{\"@id\":\"https:\\\/\\\/www.bbmnoticias.com\\\/labravaradiofm\\\/#website\"},\"primaryImageOfPage\":{\"@id\":\"https:\\\/\\\/www.bbmnoticias.com\\\/eligen-a-aureliano-hernandez-palacios-como-nuevo-titular-de-la-asf\\\/#primaryimage\"},\"image\":{\"@id\":\"https:\\\/\\\/www.bbmnoticias.com\\\/eligen-a-aureliano-hernandez-palacios-como-nuevo-titular-de-la-asf\\\/#primaryimage\"},\"thumbnailUrl\":\"https:\\\/\\\/www.bbmnoticias.com\\\/labravaradiofm\\\/wp-content\\\/uploads\\\/sites\\\/5\\\/2026\\\/03\\\/f768x1-1256805_1256932_5050.jpg\",\"datePublished\":\"2026-03-11T00:58:44+00:00\",\"dateModified\":\"2026-03-11T00:58:48+00:00\",\"author\":{\"@id\":\"https:\\\/\\\/www.bbmnoticias.com\\\/labravaradiofm\\\/#\\\/schema\\\/person\\\/78ff63fb371c799850071f4b5feb0b7a\"},\"breadcrumb\":{\"@id\":\"https:\\\/\\\/www.bbmnoticias.com\\\/eligen-a-aureliano-hernandez-palacios-como-nuevo-titular-de-la-asf\\\/#breadcrumb\"},\"inLanguage\":\"es\",\"potentialAction\":[{\"@type\":\"ReadAction\",\"target\":[\"https:\\\/\\\/www.bbmnoticias.com\\\/eligen-a-aureliano-hernandez-palacios-como-nuevo-titular-de-la-asf\\\/\"]}]},{\"@type\":\"ImageObject\",\"inLanguage\":\"es\",\"@id\":\"https:\\\/\\\/www.bbmnoticias.com\\\/eligen-a-aureliano-hernandez-palacios-como-nuevo-titular-de-la-asf\\\/#primaryimage\",\"url\":\"https:\\\/\\\/www.bbmnoticias.com\\\/labravaradiofm\\\/wp-content\\\/uploads\\\/sites\\\/5\\\/2026\\\/03\\\/f768x1-1256805_1256932_5050.jpg\",\"contentUrl\":\"https:\\\/\\\/www.bbmnoticias.com\\\/labravaradiofm\\\/wp-content\\\/uploads\\\/sites\\\/5\\\/2026\\\/03\\\/f768x1-1256805_1256932_5050.jpg\",\"width\":768,\"height\":389},{\"@type\":\"BreadcrumbList\",\"@id\":\"https:\\\/\\\/www.bbmnoticias.com\\\/eligen-a-aureliano-hernandez-palacios-como-nuevo-titular-de-la-asf\\\/#breadcrumb\",\"itemListElement\":[{\"@type\":\"ListItem\",\"position\":1,\"name\":\"Inicio\",\"item\":\"https:\\\/\\\/www.bbmnoticias.com\\\/labravaradiofm\\\/\"},{\"@type\":\"ListItem\",\"position\":2,\"name\":\"Eligen a Aureliano Hern\u00e1ndez Palacios como nuevo titular de la ASF\"}]},{\"@type\":\"WebSite\",\"@id\":\"https:\\\/\\\/www.bbmnoticias.com\\\/labravaradiofm\\\/#website\",\"url\":\"https:\\\/\\\/www.bbmnoticias.com\\\/labravaradiofm\\\/\",\"name\":\"LA BRAVA RADIO\",\"description\":\"Empresa productora de medios, Radiodifusi\u00f3n, Noticias, tendencias y todo lo que necesitas saber de la pol\u00edtica mexicana e internacional; entretenimiento, espect\u00e1culos, salud y mucho m\u00e1s.\",\"potentialAction\":[{\"@type\":\"SearchAction\",\"target\":{\"@type\":\"EntryPoint\",\"urlTemplate\":\"https:\\\/\\\/www.bbmnoticias.com\\\/labravaradiofm\\\/?s={search_term_string}\"},\"query-input\":{\"@type\":\"PropertyValueSpecification\",\"valueRequired\":true,\"valueName\":\"search_term_string\"}}],\"inLanguage\":\"es\"},{\"@type\":\"Person\",\"@id\":\"https:\\\/\\\/www.bbmnoticias.com\\\/labravaradiofm\\\/#\\\/schema\\\/person\\\/78ff63fb371c799850071f4b5feb0b7a\",\"name\":\"El Heraldo\",\"image\":{\"@type\":\"ImageObject\",\"inLanguage\":\"es\",\"@id\":\"https:\\\/\\\/secure.gravatar.com\\\/avatar\\\/463017be041288b5a196814ef7242bd62699b857f306e4b5b61b533e8a87f404?s=96&d=mm&r=g\",\"url\":\"https:\\\/\\\/secure.gravatar.com\\\/avatar\\\/463017be041288b5a196814ef7242bd62699b857f306e4b5b61b533e8a87f404?s=96&d=mm&r=g\",\"contentUrl\":\"https:\\\/\\\/secure.gravatar.com\\\/avatar\\\/463017be041288b5a196814ef7242bd62699b857f306e4b5b61b533e8a87f404?s=96&d=mm&r=g\",\"caption\":\"El Heraldo\"},\"url\":\"https:\\\/\\\/www.bbmnoticias.com\\\/labravaradiofm\\\/author\\\/heraldo\\\/\"}]}<\/script>\n<!-- \/ Yoast SEO plugin. -->","yoast_head_json":{"title":"Eligen a Aureliano Hern\u00e1ndez Palacios como nuevo titular de la ASF - LA BRAVA RADIO","robots":{"index":"index","follow":"follow","max-snippet":"max-snippet:-1","max-image-preview":"max-image-preview:large","max-video-preview":"max-video-preview:-1"},"canonical":"https:\/\/www.bbmnoticias.com\/eligen-a-aureliano-hernandez-palacios-como-nuevo-titular-de-la-asf\/","og_locale":"es_MX","og_type":"article","og_title":"Eligen a Aureliano Hern\u00e1ndez Palacios como nuevo titular de la ASF - LA BRAVA RADIO","og_description":"La C\u00e1mara de Diputados eligi\u00f3 a Aureliano Hern\u00e1ndez Palacios Cardel como nuevo titular de la Auditor\u00eda Superior de la Federaci\u00f3n (ASF) para el periodo 2026-2034, tras obtener el respaldo de las dos terceras partes de los legisladores mediante votaci\u00f3n por c\u00e9dula. La designaci\u00f3n se realiz\u00f3 luego de que la Comisi\u00f3n de Vigilancia de la ASF [&hellip;]","og_url":"https:\/\/www.bbmnoticias.com\/eligen-a-aureliano-hernandez-palacios-como-nuevo-titular-de-la-asf\/","og_site_name":"LA BRAVA RADIO","article_published_time":"2026-03-11T00:58:44+00:00","article_modified_time":"2026-03-11T00:58:48+00:00","og_image":[{"width":768,"height":389,"url":"https:\/\/www.bbmnoticias.com\/labravaradiofm\/wp-content\/uploads\/sites\/5\/2026\/03\/f768x1-1256805_1256932_5050.jpg","type":"image\/jpeg"}],"author":"El Heraldo","twitter_card":"summary_large_image","twitter_misc":{"Escrito por":"El Heraldo","Tiempo de lectura":"3 minutos"},"schema":{"@context":"https:\/\/schema.org","@graph":[{"@type":"Article","@id":"https:\/\/www.bbmnoticias.com\/eligen-a-aureliano-hernandez-palacios-como-nuevo-titular-de-la-asf\/#article","isPartOf":{"@id":"https:\/\/www.bbmnoticias.com\/labravaradiofm\/2026\/03\/10\/eligen-a-aureliano-hernandez-palacios-como-nuevo-titular-de-la-asf\/"},"author":{"name":"El Heraldo","@id":"https:\/\/www.bbmnoticias.com\/labravaradiofm\/#\/schema\/person\/78ff63fb371c799850071f4b5feb0b7a"},"headline":"Eligen a Aureliano Hern\u00e1ndez Palacios como nuevo titular de la ASF","datePublished":"2026-03-11T00:58:44+00:00","dateModified":"2026-03-11T00:58:48+00:00","mainEntityOfPage":{"@id":"https:\/\/www.bbmnoticias.com\/labravaradiofm\/2026\/03\/10\/eligen-a-aureliano-hernandez-palacios-como-nuevo-titular-de-la-asf\/"},"wordCount":586,"image":{"@id":"https:\/\/www.bbmnoticias.com\/eligen-a-aureliano-hernandez-palacios-como-nuevo-titular-de-la-asf\/#primaryimage"},"thumbnailUrl":"https:\/\/www.bbmnoticias.com\/labravaradiofm\/wp-content\/uploads\/sites\/5\/2026\/03\/f768x1-1256805_1256932_5050.jpg","articleSection":["LOCAL","NACIONAL"],"inLanguage":"es"},{"@type":"WebPage","@id":"https:\/\/www.bbmnoticias.com\/labravaradiofm\/2026\/03\/10\/eligen-a-aureliano-hernandez-palacios-como-nuevo-titular-de-la-asf\/","url":"https:\/\/www.bbmnoticias.com\/eligen-a-aureliano-hernandez-palacios-como-nuevo-titular-de-la-asf\/","name":"Eligen a Aureliano Hern\u00e1ndez Palacios como nuevo titular de la ASF - LA BRAVA RADIO","isPartOf":{"@id":"https:\/\/www.bbmnoticias.com\/labravaradiofm\/#website"},"primaryImageOfPage":{"@id":"https:\/\/www.bbmnoticias.com\/eligen-a-aureliano-hernandez-palacios-como-nuevo-titular-de-la-asf\/#primaryimage"},"image":{"@id":"https:\/\/www.bbmnoticias.com\/eligen-a-aureliano-hernandez-palacios-como-nuevo-titular-de-la-asf\/#primaryimage"},"thumbnailUrl":"https:\/\/www.bbmnoticias.com\/labravaradiofm\/wp-content\/uploads\/sites\/5\/2026\/03\/f768x1-1256805_1256932_5050.jpg","datePublished":"2026-03-11T00:58:44+00:00","dateModified":"2026-03-11T00:58:48+00:00","author":{"@id":"https:\/\/www.bbmnoticias.com\/labravaradiofm\/#\/schema\/person\/78ff63fb371c799850071f4b5feb0b7a"},"breadcrumb":{"@id":"https:\/\/www.bbmnoticias.com\/eligen-a-aureliano-hernandez-palacios-como-nuevo-titular-de-la-asf\/#breadcrumb"},"inLanguage":"es","potentialAction":[{"@type":"ReadAction","target":["https:\/\/www.bbmnoticias.com\/eligen-a-aureliano-hernandez-palacios-como-nuevo-titular-de-la-asf\/"]}]},{"@type":"ImageObject","inLanguage":"es","@id":"https:\/\/www.bbmnoticias.com\/eligen-a-aureliano-hernandez-palacios-como-nuevo-titular-de-la-asf\/#primaryimage","url":"https:\/\/www.bbmnoticias.com\/labravaradiofm\/wp-content\/uploads\/sites\/5\/2026\/03\/f768x1-1256805_1256932_5050.jpg","contentUrl":"https:\/\/www.bbmnoticias.com\/labravaradiofm\/wp-content\/uploads\/sites\/5\/2026\/03\/f768x1-1256805_1256932_5050.jpg","width":768,"height":389},{"@type":"BreadcrumbList","@id":"https:\/\/www.bbmnoticias.com\/eligen-a-aureliano-hernandez-palacios-como-nuevo-titular-de-la-asf\/#breadcrumb","itemListElement":[{"@type":"ListItem","position":1,"name":"Inicio","item":"https:\/\/www.bbmnoticias.com\/labravaradiofm\/"},{"@type":"ListItem","position":2,"name":"Eligen a Aureliano Hern\u00e1ndez Palacios como nuevo titular de la ASF"}]},{"@type":"WebSite","@id":"https:\/\/www.bbmnoticias.com\/labravaradiofm\/#website","url":"https:\/\/www.bbmnoticias.com\/labravaradiofm\/","name":"LA BRAVA RADIO","description":"Empresa productora de medios, Radiodifusi\u00f3n, Noticias, tendencias y todo lo que necesitas saber de la pol\u00edtica mexicana e internacional; entretenimiento, espect\u00e1culos, salud y mucho m\u00e1s.","potentialAction":[{"@type":"SearchAction","target":{"@type":"EntryPoint","urlTemplate":"https:\/\/www.bbmnoticias.com\/labravaradiofm\/?s={search_term_string}"},"query-input":{"@type":"PropertyValueSpecification","valueRequired":true,"valueName":"search_term_string"}}],"inLanguage":"es"},{"@type":"Person","@id":"https:\/\/www.bbmnoticias.com\/labravaradiofm\/#\/schema\/person\/78ff63fb371c799850071f4b5feb0b7a","name":"El Heraldo","image":{"@type":"ImageObject","inLanguage":"es","@id":"https:\/\/secure.gravatar.com\/avatar\/463017be041288b5a196814ef7242bd62699b857f306e4b5b61b533e8a87f404?s=96&d=mm&r=g","url":"https:\/\/secure.gravatar.com\/avatar\/463017be041288b5a196814ef7242bd62699b857f306e4b5b61b533e8a87f404?s=96&d=mm&r=g","contentUrl":"https:\/\/secure.gravatar.com\/avatar\/463017be041288b5a196814ef7242bd62699b857f306e4b5b61b533e8a87f404?s=96&d=mm&r=g","caption":"El Heraldo"},"url":"https:\/\/www.bbmnoticias.com\/labravaradiofm\/author\/heraldo\/"}]}},"_links":{"self":[{"href":"https:\/\/www.bbmnoticias.com\/labravaradiofm\/wp-json\/wp\/v2\/posts\/75008","targetHints":{"allow":["GET"]}}],"collection":[{"href":"https:\/\/www.bbmnoticias.com\/labravaradiofm\/wp-json\/wp\/v2\/posts"}],"about":[{"href":"https:\/\/www.bbmnoticias.com\/labravaradiofm\/wp-json\/wp\/v2\/types\/post"}],"author":[{"embeddable":true,"href":"https:\/\/www.bbmnoticias.com\/labravaradiofm\/wp-json\/wp\/v2\/users\/15"}],"replies":[{"embeddable":true,"href":"https:\/\/www.bbmnoticias.com\/labravaradiofm\/wp-json\/wp\/v2\/comments?post=75008"}],"version-history":[{"count":1,"href":"https:\/\/www.bbmnoticias.com\/labravaradiofm\/wp-json\/wp\/v2\/posts\/75008\/revisions"}],"predecessor-version":[{"id":75009,"href":"https:\/\/www.bbmnoticias.com\/labravaradiofm\/wp-json\/wp\/v2\/posts\/75008\/revisions\/75009"}],"wp:featuredmedia":[{"embeddable":true,"href":"https:\/\/www.bbmnoticias.com\/labravaradiofm\/wp-json\/wp\/v2\/media\/75010"}],"wp:attachment":[{"href":"https:\/\/www.bbmnoticias.com\/labravaradiofm\/wp-json\/wp\/v2\/media?parent=75008"}],"wp:term":[{"taxonomy":"category","embeddable":true,"href":"https:\/\/www.bbmnoticias.com\/labravaradiofm\/wp-json\/wp\/v2\/categories?post=75008"},{"taxonomy":"post_tag","embeddable":true,"href":"https:\/\/www.bbmnoticias.com\/labravaradiofm\/wp-json\/wp\/v2\/tags?post=75008"}],"curies":[{"name":"wp","href":"https:\/\/api.w.org\/{rel}","templated":true}]}}