{"id":75002,"date":"2026-03-10T18:30:59","date_gmt":"2026-03-11T00:30:59","guid":{"rendered":"https:\/\/www.bbmnoticias.com\/labravaradiofm\/2026\/03\/10\/compromiso-cumplido-salomon-jara-da-luz-verde-a-163-proyectos-bienestar\/"},"modified":"2026-03-10T18:31:01","modified_gmt":"2026-03-11T00:31:01","slug":"compromiso-cumplido-salomon-jara-da-luz-verde-a-163-proyectos-bienestar","status":"publish","type":"post","link":"https:\/\/www.bbmnoticias.com\/labravaradiofm\/2026\/03\/10\/compromiso-cumplido-salomon-jara-da-luz-verde-a-163-proyectos-bienestar\/","title":{"rendered":"Compromiso cumplido: Salom\u00f3n Jara da luz verde a 163 proyectos bienestar"},"content":{"rendered":"<div style=\"margin-top: 0px; margin-bottom: 0px;\" class=\"sharethis-inline-share-buttons\" ><\/div>\n<p>Oaxaca de Ju\u00e1rez, Oax.-\u00a0En un acto hist\u00f3rico el Gobernador Salom\u00f3n Jara Cruz entreg\u00f3 de manera p\u00fablica en Palacio de Gobierno 163 oficios de autorizaci\u00f3n de recursos para proyectos de construcci\u00f3n de obras bienestar en comunidades de Oaxaca.<\/p>\n\n\n\n<p>Al dirigirse a las autoridades municipales, el Mandatario estatal remarc\u00f3 que esta acci\u00f3n garantiza la liberaci\u00f3n inmediata de recurso p\u00fablico, el cual asciende a m\u00e1s de 283 millones de pesos en beneficio de 66 demarcaciones.<\/p>\n\n\n\n<p>\u201cSon compromisos que nosotros efectuamos, no vemos color, a nuestro gobierno le interesa el bienestar de nuestro estado, Oaxaca tiene que salir adelante trabajando juntos, hoy nos re\u00fane este objetivo com\u00fan\u201d, afirm\u00f3.<\/p>\n\n\n\n<p>Jara Cruz se\u00f1al\u00f3 que la entrega de esta documentaci\u00f3n se enmarca en las estrategias Trabajo que Transforma tu Municipio y Atenci\u00f3n a 100 Municipios Territorios Bienestar, en las cuales se han concretado los compromisos que hoy son una realidad.<\/p>\n\n\n\n<p>Como acto simb\u00f3lico el Gobernador de Oaxaca entreg\u00f3 los oficios de autorizaci\u00f3n a los ediles: Adalberto Vel\u00e1zquez L\u00f3pez de la Heroica Villa de San Blas Atempa; Isidro C\u00e9sar Figueroa Jim\u00e9nez de la Heroica Ciudad de Miahuatl\u00e1n de Porfirio D\u00edaz; y Eder Mu\u00f1oz Pe\u00f1a de Villa de Tututepec de Melchor Ocampo.<\/p>\n\n\n\n<p>Por su parte el secretario de Finanzas, Farid Acevedo L\u00f3pez inform\u00f3 que a trav\u00e9s de este ejercicio de transparencia y coinversi\u00f3n las autoridades plantean de manera directa las necesidades de sus comunidades y agencias, lo que ha permitido la construcci\u00f3n de 77 aulas, 24 techados, 16 sanitarios entre otras obras.<\/p>\n\n\n\n<p>Asimismo, en representaci\u00f3n de las juventudes oaxaque\u00f1as la alumna Ami Atziri Cruz Hern\u00e1ndez agradeci\u00f3 al Mandatario Estatal la construcci\u00f3n de infraestructura educativa, la cual garantiza mejores condiciones para el desarrollo del alumnado.<\/p>\n","protected":false},"excerpt":{"rendered":"<p>Oaxaca de Ju\u00e1rez, Oax.-\u00a0En un acto hist\u00f3rico el Gobernador Salom\u00f3n Jara Cruz entreg\u00f3 de manera p\u00fablica en Palacio de Gobierno 163 oficios de autorizaci\u00f3n de recursos para proyectos de construcci\u00f3n de obras bienestar en comunidades de Oaxaca. Al dirigirse a las autoridades municipales, el Mandatario estatal remarc\u00f3 que esta acci\u00f3n garantiza la liberaci\u00f3n inmediata de [&hellip;]<\/p>\n","protected":false},"author":2,"featured_media":75004,"comment_status":"closed","ping_status":"open","sticky":false,"template":"","format":"standard","meta":{"footnotes":""},"categories":[2],"tags":[],"class_list":{"0":"post-75002","1":"post","2":"type-post","3":"status-publish","4":"format-standard","5":"has-post-thumbnail","7":"category-oaxaca"},"yoast_head":"<!-- This site is optimized with the Yoast SEO plugin v27.4 - https:\/\/yoast.com\/product\/yoast-seo-wordpress\/ -->\n<title>Compromiso cumplido: Salom\u00f3n Jara da luz verde a 163 proyectos bienestar - LA BRAVA RADIO<\/title>\n<meta name=\"robots\" content=\"index, follow, max-snippet:-1, max-image-preview:large, max-video-preview:-1\" \/>\n<link rel=\"canonical\" href=\"https:\/\/www.bbmnoticias.com\/compromiso-cumplido-salomon-jara-da-luz-verde-a-163-proyectos-bienestar\/\" \/>\n<meta property=\"og:locale\" content=\"es_MX\" \/>\n<meta property=\"og:type\" content=\"article\" \/>\n<meta property=\"og:title\" content=\"Compromiso cumplido: Salom\u00f3n Jara da luz verde a 163 proyectos bienestar - LA BRAVA RADIO\" \/>\n<meta property=\"og:description\" content=\"Oaxaca de Ju\u00e1rez, Oax.-\u00a0En un acto hist\u00f3rico el Gobernador Salom\u00f3n Jara Cruz entreg\u00f3 de manera p\u00fablica en Palacio de Gobierno 163 oficios de autorizaci\u00f3n de recursos para proyectos de construcci\u00f3n de obras bienestar en comunidades de Oaxaca. Al dirigirse a las autoridades municipales, el Mandatario estatal remarc\u00f3 que esta acci\u00f3n garantiza la liberaci\u00f3n inmediata de [&hellip;]\" \/>\n<meta property=\"og:url\" content=\"https:\/\/www.bbmnoticias.com\/compromiso-cumplido-salomon-jara-da-luz-verde-a-163-proyectos-bienestar\/\" \/>\n<meta property=\"og:site_name\" content=\"LA BRAVA RADIO\" \/>\n<meta property=\"article:published_time\" content=\"2026-03-11T00:30:59+00:00\" \/>\n<meta property=\"article:modified_time\" content=\"2026-03-11T00:31:01+00:00\" \/>\n<meta property=\"og:image\" content=\"https:\/\/www.bbmnoticias.com\/labravaradiofm\/wp-content\/uploads\/sites\/5\/2026\/03\/52366o.jpg\" \/>\n\t<meta property=\"og:image:width\" content=\"1012\" \/>\n\t<meta property=\"og:image:height\" content=\"675\" \/>\n\t<meta property=\"og:image:type\" content=\"image\/jpeg\" \/>\n<meta name=\"author\" content=\"Staff\" \/>\n<meta name=\"twitter:card\" content=\"summary_large_image\" \/>\n<meta name=\"twitter:label1\" content=\"Escrito por\" \/>\n\t<meta name=\"twitter:data1\" content=\"Staff\" \/>\n\t<meta name=\"twitter:label2\" content=\"Tiempo de lectura\" \/>\n\t<meta name=\"twitter:data2\" content=\"2 minutos\" \/>\n<script type=\"application\/ld+json\" class=\"yoast-schema-graph\">{\"@context\":\"https:\\\/\\\/schema.org\",\"@graph\":[{\"@type\":\"Article\",\"@id\":\"https:\\\/\\\/www.bbmnoticias.com\\\/compromiso-cumplido-salomon-jara-da-luz-verde-a-163-proyectos-bienestar\\\/#article\",\"isPartOf\":{\"@id\":\"https:\\\/\\\/www.bbmnoticias.com\\\/labravaradiofm\\\/2026\\\/03\\\/10\\\/compromiso-cumplido-salomon-jara-da-luz-verde-a-163-proyectos-bienestar\\\/\"},\"author\":{\"name\":\"Staff\",\"@id\":\"https:\\\/\\\/www.bbmnoticias.com\\\/labravaradiofm\\\/#\\\/schema\\\/person\\\/68a9e9036ef3c5b55aeb2b71dc8bab45\"},\"headline\":\"Compromiso cumplido: Salom\u00f3n Jara da luz verde a 163 proyectos bienestar\",\"datePublished\":\"2026-03-11T00:30:59+00:00\",\"dateModified\":\"2026-03-11T00:31:01+00:00\",\"mainEntityOfPage\":{\"@id\":\"https:\\\/\\\/www.bbmnoticias.com\\\/labravaradiofm\\\/2026\\\/03\\\/10\\\/compromiso-cumplido-salomon-jara-da-luz-verde-a-163-proyectos-bienestar\\\/\"},\"wordCount\":314,\"image\":{\"@id\":\"https:\\\/\\\/www.bbmnoticias.com\\\/compromiso-cumplido-salomon-jara-da-luz-verde-a-163-proyectos-bienestar\\\/#primaryimage\"},\"thumbnailUrl\":\"https:\\\/\\\/www.bbmnoticias.com\\\/labravaradiofm\\\/wp-content\\\/uploads\\\/sites\\\/5\\\/2026\\\/03\\\/52366o.jpg\",\"articleSection\":[\"LOCAL\"],\"inLanguage\":\"es\"},{\"@type\":\"WebPage\",\"@id\":\"https:\\\/\\\/www.bbmnoticias.com\\\/labravaradiofm\\\/2026\\\/03\\\/10\\\/compromiso-cumplido-salomon-jara-da-luz-verde-a-163-proyectos-bienestar\\\/\",\"url\":\"https:\\\/\\\/www.bbmnoticias.com\\\/compromiso-cumplido-salomon-jara-da-luz-verde-a-163-proyectos-bienestar\\\/\",\"name\":\"Compromiso cumplido: Salom\u00f3n Jara da luz verde a 163 proyectos bienestar - LA BRAVA RADIO\",\"isPartOf\":{\"@id\":\"https:\\\/\\\/www.bbmnoticias.com\\\/labravaradiofm\\\/#website\"},\"primaryImageOfPage\":{\"@id\":\"https:\\\/\\\/www.bbmnoticias.com\\\/compromiso-cumplido-salomon-jara-da-luz-verde-a-163-proyectos-bienestar\\\/#primaryimage\"},\"image\":{\"@id\":\"https:\\\/\\\/www.bbmnoticias.com\\\/compromiso-cumplido-salomon-jara-da-luz-verde-a-163-proyectos-bienestar\\\/#primaryimage\"},\"thumbnailUrl\":\"https:\\\/\\\/www.bbmnoticias.com\\\/labravaradiofm\\\/wp-content\\\/uploads\\\/sites\\\/5\\\/2026\\\/03\\\/52366o.jpg\",\"datePublished\":\"2026-03-11T00:30:59+00:00\",\"dateModified\":\"2026-03-11T00:31:01+00:00\",\"author\":{\"@id\":\"https:\\\/\\\/www.bbmnoticias.com\\\/labravaradiofm\\\/#\\\/schema\\\/person\\\/68a9e9036ef3c5b55aeb2b71dc8bab45\"},\"breadcrumb\":{\"@id\":\"https:\\\/\\\/www.bbmnoticias.com\\\/compromiso-cumplido-salomon-jara-da-luz-verde-a-163-proyectos-bienestar\\\/#breadcrumb\"},\"inLanguage\":\"es\",\"potentialAction\":[{\"@type\":\"ReadAction\",\"target\":[\"https:\\\/\\\/www.bbmnoticias.com\\\/compromiso-cumplido-salomon-jara-da-luz-verde-a-163-proyectos-bienestar\\\/\"]}]},{\"@type\":\"ImageObject\",\"inLanguage\":\"es\",\"@id\":\"https:\\\/\\\/www.bbmnoticias.com\\\/compromiso-cumplido-salomon-jara-da-luz-verde-a-163-proyectos-bienestar\\\/#primaryimage\",\"url\":\"https:\\\/\\\/www.bbmnoticias.com\\\/labravaradiofm\\\/wp-content\\\/uploads\\\/sites\\\/5\\\/2026\\\/03\\\/52366o.jpg\",\"contentUrl\":\"https:\\\/\\\/www.bbmnoticias.com\\\/labravaradiofm\\\/wp-content\\\/uploads\\\/sites\\\/5\\\/2026\\\/03\\\/52366o.jpg\",\"width\":1012,\"height\":675},{\"@type\":\"BreadcrumbList\",\"@id\":\"https:\\\/\\\/www.bbmnoticias.com\\\/compromiso-cumplido-salomon-jara-da-luz-verde-a-163-proyectos-bienestar\\\/#breadcrumb\",\"itemListElement\":[{\"@type\":\"ListItem\",\"position\":1,\"name\":\"Inicio\",\"item\":\"https:\\\/\\\/www.bbmnoticias.com\\\/labravaradiofm\\\/\"},{\"@type\":\"ListItem\",\"position\":2,\"name\":\"Compromiso cumplido: Salom\u00f3n Jara da luz verde a 163 proyectos bienestar\"}]},{\"@type\":\"WebSite\",\"@id\":\"https:\\\/\\\/www.bbmnoticias.com\\\/labravaradiofm\\\/#website\",\"url\":\"https:\\\/\\\/www.bbmnoticias.com\\\/labravaradiofm\\\/\",\"name\":\"LA BRAVA RADIO\",\"description\":\"Empresa productora de medios, Radiodifusi\u00f3n, Noticias, tendencias y todo lo que necesitas saber de la pol\u00edtica mexicana e internacional; entretenimiento, espect\u00e1culos, salud y mucho m\u00e1s.\",\"potentialAction\":[{\"@type\":\"SearchAction\",\"target\":{\"@type\":\"EntryPoint\",\"urlTemplate\":\"https:\\\/\\\/www.bbmnoticias.com\\\/labravaradiofm\\\/?s={search_term_string}\"},\"query-input\":{\"@type\":\"PropertyValueSpecification\",\"valueRequired\":true,\"valueName\":\"search_term_string\"}}],\"inLanguage\":\"es\"},{\"@type\":\"Person\",\"@id\":\"https:\\\/\\\/www.bbmnoticias.com\\\/labravaradiofm\\\/#\\\/schema\\\/person\\\/68a9e9036ef3c5b55aeb2b71dc8bab45\",\"name\":\"Staff\",\"image\":{\"@type\":\"ImageObject\",\"inLanguage\":\"es\",\"@id\":\"https:\\\/\\\/secure.gravatar.com\\\/avatar\\\/fdd21ad66fd8b98c407f9dee5b5e588cfe7f0d8579ec20fa6527cd59bab7f0f0?s=96&d=mm&r=g\",\"url\":\"https:\\\/\\\/secure.gravatar.com\\\/avatar\\\/fdd21ad66fd8b98c407f9dee5b5e588cfe7f0d8579ec20fa6527cd59bab7f0f0?s=96&d=mm&r=g\",\"contentUrl\":\"https:\\\/\\\/secure.gravatar.com\\\/avatar\\\/fdd21ad66fd8b98c407f9dee5b5e588cfe7f0d8579ec20fa6527cd59bab7f0f0?s=96&d=mm&r=g\",\"caption\":\"Staff\"},\"url\":\"https:\\\/\\\/www.bbmnoticias.com\\\/labravaradiofm\\\/author\\\/redaccion\\\/\"}]}<\/script>\n<!-- \/ Yoast SEO plugin. -->","yoast_head_json":{"title":"Compromiso cumplido: Salom\u00f3n Jara da luz verde a 163 proyectos bienestar - LA BRAVA RADIO","robots":{"index":"index","follow":"follow","max-snippet":"max-snippet:-1","max-image-preview":"max-image-preview:large","max-video-preview":"max-video-preview:-1"},"canonical":"https:\/\/www.bbmnoticias.com\/compromiso-cumplido-salomon-jara-da-luz-verde-a-163-proyectos-bienestar\/","og_locale":"es_MX","og_type":"article","og_title":"Compromiso cumplido: Salom\u00f3n Jara da luz verde a 163 proyectos bienestar - LA BRAVA RADIO","og_description":"Oaxaca de Ju\u00e1rez, Oax.-\u00a0En un acto hist\u00f3rico el Gobernador Salom\u00f3n Jara Cruz entreg\u00f3 de manera p\u00fablica en Palacio de Gobierno 163 oficios de autorizaci\u00f3n de recursos para proyectos de construcci\u00f3n de obras bienestar en comunidades de Oaxaca. Al dirigirse a las autoridades municipales, el Mandatario estatal remarc\u00f3 que esta acci\u00f3n garantiza la liberaci\u00f3n inmediata de [&hellip;]","og_url":"https:\/\/www.bbmnoticias.com\/compromiso-cumplido-salomon-jara-da-luz-verde-a-163-proyectos-bienestar\/","og_site_name":"LA BRAVA RADIO","article_published_time":"2026-03-11T00:30:59+00:00","article_modified_time":"2026-03-11T00:31:01+00:00","og_image":[{"width":1012,"height":675,"url":"https:\/\/www.bbmnoticias.com\/labravaradiofm\/wp-content\/uploads\/sites\/5\/2026\/03\/52366o.jpg","type":"image\/jpeg"}],"author":"Staff","twitter_card":"summary_large_image","twitter_misc":{"Escrito por":"Staff","Tiempo de lectura":"2 minutos"},"schema":{"@context":"https:\/\/schema.org","@graph":[{"@type":"Article","@id":"https:\/\/www.bbmnoticias.com\/compromiso-cumplido-salomon-jara-da-luz-verde-a-163-proyectos-bienestar\/#article","isPartOf":{"@id":"https:\/\/www.bbmnoticias.com\/labravaradiofm\/2026\/03\/10\/compromiso-cumplido-salomon-jara-da-luz-verde-a-163-proyectos-bienestar\/"},"author":{"name":"Staff","@id":"https:\/\/www.bbmnoticias.com\/labravaradiofm\/#\/schema\/person\/68a9e9036ef3c5b55aeb2b71dc8bab45"},"headline":"Compromiso cumplido: Salom\u00f3n Jara da luz verde a 163 proyectos bienestar","datePublished":"2026-03-11T00:30:59+00:00","dateModified":"2026-03-11T00:31:01+00:00","mainEntityOfPage":{"@id":"https:\/\/www.bbmnoticias.com\/labravaradiofm\/2026\/03\/10\/compromiso-cumplido-salomon-jara-da-luz-verde-a-163-proyectos-bienestar\/"},"wordCount":314,"image":{"@id":"https:\/\/www.bbmnoticias.com\/compromiso-cumplido-salomon-jara-da-luz-verde-a-163-proyectos-bienestar\/#primaryimage"},"thumbnailUrl":"https:\/\/www.bbmnoticias.com\/labravaradiofm\/wp-content\/uploads\/sites\/5\/2026\/03\/52366o.jpg","articleSection":["LOCAL"],"inLanguage":"es"},{"@type":"WebPage","@id":"https:\/\/www.bbmnoticias.com\/labravaradiofm\/2026\/03\/10\/compromiso-cumplido-salomon-jara-da-luz-verde-a-163-proyectos-bienestar\/","url":"https:\/\/www.bbmnoticias.com\/compromiso-cumplido-salomon-jara-da-luz-verde-a-163-proyectos-bienestar\/","name":"Compromiso cumplido: Salom\u00f3n Jara da luz verde a 163 proyectos bienestar - LA BRAVA RADIO","isPartOf":{"@id":"https:\/\/www.bbmnoticias.com\/labravaradiofm\/#website"},"primaryImageOfPage":{"@id":"https:\/\/www.bbmnoticias.com\/compromiso-cumplido-salomon-jara-da-luz-verde-a-163-proyectos-bienestar\/#primaryimage"},"image":{"@id":"https:\/\/www.bbmnoticias.com\/compromiso-cumplido-salomon-jara-da-luz-verde-a-163-proyectos-bienestar\/#primaryimage"},"thumbnailUrl":"https:\/\/www.bbmnoticias.com\/labravaradiofm\/wp-content\/uploads\/sites\/5\/2026\/03\/52366o.jpg","datePublished":"2026-03-11T00:30:59+00:00","dateModified":"2026-03-11T00:31:01+00:00","author":{"@id":"https:\/\/www.bbmnoticias.com\/labravaradiofm\/#\/schema\/person\/68a9e9036ef3c5b55aeb2b71dc8bab45"},"breadcrumb":{"@id":"https:\/\/www.bbmnoticias.com\/compromiso-cumplido-salomon-jara-da-luz-verde-a-163-proyectos-bienestar\/#breadcrumb"},"inLanguage":"es","potentialAction":[{"@type":"ReadAction","target":["https:\/\/www.bbmnoticias.com\/compromiso-cumplido-salomon-jara-da-luz-verde-a-163-proyectos-bienestar\/"]}]},{"@type":"ImageObject","inLanguage":"es","@id":"https:\/\/www.bbmnoticias.com\/compromiso-cumplido-salomon-jara-da-luz-verde-a-163-proyectos-bienestar\/#primaryimage","url":"https:\/\/www.bbmnoticias.com\/labravaradiofm\/wp-content\/uploads\/sites\/5\/2026\/03\/52366o.jpg","contentUrl":"https:\/\/www.bbmnoticias.com\/labravaradiofm\/wp-content\/uploads\/sites\/5\/2026\/03\/52366o.jpg","width":1012,"height":675},{"@type":"BreadcrumbList","@id":"https:\/\/www.bbmnoticias.com\/compromiso-cumplido-salomon-jara-da-luz-verde-a-163-proyectos-bienestar\/#breadcrumb","itemListElement":[{"@type":"ListItem","position":1,"name":"Inicio","item":"https:\/\/www.bbmnoticias.com\/labravaradiofm\/"},{"@type":"ListItem","position":2,"name":"Compromiso cumplido: Salom\u00f3n Jara da luz verde a 163 proyectos bienestar"}]},{"@type":"WebSite","@id":"https:\/\/www.bbmnoticias.com\/labravaradiofm\/#website","url":"https:\/\/www.bbmnoticias.com\/labravaradiofm\/","name":"LA BRAVA RADIO","description":"Empresa productora de medios, Radiodifusi\u00f3n, Noticias, tendencias y todo lo que necesitas saber de la pol\u00edtica mexicana e internacional; entretenimiento, espect\u00e1culos, salud y mucho m\u00e1s.","potentialAction":[{"@type":"SearchAction","target":{"@type":"EntryPoint","urlTemplate":"https:\/\/www.bbmnoticias.com\/labravaradiofm\/?s={search_term_string}"},"query-input":{"@type":"PropertyValueSpecification","valueRequired":true,"valueName":"search_term_string"}}],"inLanguage":"es"},{"@type":"Person","@id":"https:\/\/www.bbmnoticias.com\/labravaradiofm\/#\/schema\/person\/68a9e9036ef3c5b55aeb2b71dc8bab45","name":"Staff","image":{"@type":"ImageObject","inLanguage":"es","@id":"https:\/\/secure.gravatar.com\/avatar\/fdd21ad66fd8b98c407f9dee5b5e588cfe7f0d8579ec20fa6527cd59bab7f0f0?s=96&d=mm&r=g","url":"https:\/\/secure.gravatar.com\/avatar\/fdd21ad66fd8b98c407f9dee5b5e588cfe7f0d8579ec20fa6527cd59bab7f0f0?s=96&d=mm&r=g","contentUrl":"https:\/\/secure.gravatar.com\/avatar\/fdd21ad66fd8b98c407f9dee5b5e588cfe7f0d8579ec20fa6527cd59bab7f0f0?s=96&d=mm&r=g","caption":"Staff"},"url":"https:\/\/www.bbmnoticias.com\/labravaradiofm\/author\/redaccion\/"}]}},"_links":{"self":[{"href":"https:\/\/www.bbmnoticias.com\/labravaradiofm\/wp-json\/wp\/v2\/posts\/75002","targetHints":{"allow":["GET"]}}],"collection":[{"href":"https:\/\/www.bbmnoticias.com\/labravaradiofm\/wp-json\/wp\/v2\/posts"}],"about":[{"href":"https:\/\/www.bbmnoticias.com\/labravaradiofm\/wp-json\/wp\/v2\/types\/post"}],"author":[{"embeddable":true,"href":"https:\/\/www.bbmnoticias.com\/labravaradiofm\/wp-json\/wp\/v2\/users\/2"}],"replies":[{"embeddable":true,"href":"https:\/\/www.bbmnoticias.com\/labravaradiofm\/wp-json\/wp\/v2\/comments?post=75002"}],"version-history":[{"count":1,"href":"https:\/\/www.bbmnoticias.com\/labravaradiofm\/wp-json\/wp\/v2\/posts\/75002\/revisions"}],"predecessor-version":[{"id":75003,"href":"https:\/\/www.bbmnoticias.com\/labravaradiofm\/wp-json\/wp\/v2\/posts\/75002\/revisions\/75003"}],"wp:featuredmedia":[{"embeddable":true,"href":"https:\/\/www.bbmnoticias.com\/labravaradiofm\/wp-json\/wp\/v2\/media\/75004"}],"wp:attachment":[{"href":"https:\/\/www.bbmnoticias.com\/labravaradiofm\/wp-json\/wp\/v2\/media?parent=75002"}],"wp:term":[{"taxonomy":"category","embeddable":true,"href":"https:\/\/www.bbmnoticias.com\/labravaradiofm\/wp-json\/wp\/v2\/categories?post=75002"},{"taxonomy":"post_tag","embeddable":true,"href":"https:\/\/www.bbmnoticias.com\/labravaradiofm\/wp-json\/wp\/v2\/tags?post=75002"}],"curies":[{"name":"wp","href":"https:\/\/api.w.org\/{rel}","templated":true}]}}