{"id":74999,"date":"2026-03-10T17:35:09","date_gmt":"2026-03-10T23:35:09","guid":{"rendered":"https:\/\/www.bbmnoticias.com\/labravaradiofm\/2026\/03\/10\/muy-cerca-del-mercado-de-abasto-fue-detenido-un-hombre-con-arma-de-fuego\/"},"modified":"2026-03-10T17:35:35","modified_gmt":"2026-03-10T23:35:35","slug":"muy-cerca-del-mercado-de-abasto-fue-detenido-un-hombre-con-arma-de-fuego","status":"publish","type":"post","link":"https:\/\/www.bbmnoticias.com\/labravaradiofm\/2026\/03\/10\/muy-cerca-del-mercado-de-abasto-fue-detenido-un-hombre-con-arma-de-fuego\/","title":{"rendered":"Muy cerca del Mercado de Abasto fue detenido un hombre con arma de fuego"},"content":{"rendered":"<div style=\"margin-top: 0px; margin-bottom: 0px;\" class=\"sharethis-inline-share-buttons\" ><\/div>\n<p>Oaxaca de Ju\u00e1rez, Oax.- En la zona del Mercado de Abasto, polic\u00edas de Oaxaca de Ju\u00e1rez efectuaron la detenci\u00f3n de una persona al ser sorprendida en posesi\u00f3n de un arma de fuego y no contar con la licencia correspondiente.<\/p>\n\n\n\n<p>La Secretar\u00eda de Seguridad Vecinal dio a conocer que el lunes en la ma\u00f1ana, elementos de la Direcci\u00f3n de Proximidad Social realizaban un operativo de prevenci\u00f3n, disuasi\u00f3n y vigilancia.<\/p>\n\n\n\n<p>Al circular en la esquina de Cosijop\u00ed y Ilhuicamina, de la colonia Cosijoeza, observaron a dos personas en situaci\u00f3n de calle que bajaban bolsas de basura de una camioneta color gris.<\/p>\n\n\n\n<p>Al abordarlos e indicarles que comet\u00edan una falta c\u00edvica, indicaron que el propietario del veh\u00edculo se encontraba dentro de su local comercial, por lo cual trataron de buscarlo para darle recomendaciones y evitar esta situaci\u00f3n irregular.<\/p>\n\n\n\n<p>En ese momento, este sali\u00f3 para encararlos y en todo momento se mostr\u00f3 agresivo, observando los elementos que en la cintura, debajo del pantal\u00f3n, portaba un objeto similar a un arma de fuego.<\/p>\n\n\n\n<p>Debido a ello, lo controlaron y aseguraron el arma tipo rev\u00f3lver, al parecer calibre 38 especial, abastecida con 6 cartuchos \u00fatiles.<\/p>\n\n\n\n<p>La persona, quien se identific\u00f3 como P. S. L., en todo momento se mostr\u00f3 agresiva y dijo no contar con la licencia para la portaci\u00f3n del arma, por lo que fue detenido para quedar a disposici\u00f3n de la Fiscal\u00eda General de la Rep\u00fablica (FGR) para determinar su situaci\u00f3n jur\u00eddica.<\/p>\n","protected":false},"excerpt":{"rendered":"<p>Oaxaca de Ju\u00e1rez, Oax.- En la zona del Mercado de Abasto, polic\u00edas de Oaxaca de Ju\u00e1rez efectuaron la detenci\u00f3n de una persona al ser sorprendida en posesi\u00f3n de un arma de fuego y no contar con la licencia correspondiente. La Secretar\u00eda de Seguridad Vecinal dio a conocer que el lunes en la ma\u00f1ana, elementos de [&hellip;]<\/p>\n","protected":false},"author":2,"featured_media":75001,"comment_status":"closed","ping_status":"open","sticky":false,"template":"","format":"standard","meta":{"footnotes":""},"categories":[2,20],"tags":[],"class_list":{"0":"post-74999","1":"post","2":"type-post","3":"status-publish","4":"format-standard","5":"has-post-thumbnail","7":"category-oaxaca","8":"category-policiaca"},"yoast_head":"<!-- This site is optimized with the Yoast SEO plugin v27.4 - https:\/\/yoast.com\/product\/yoast-seo-wordpress\/ -->\n<title>Muy cerca del Mercado de Abasto fue detenido un hombre con arma de fuego - LA BRAVA RADIO<\/title>\n<meta name=\"robots\" content=\"index, follow, max-snippet:-1, max-image-preview:large, max-video-preview:-1\" \/>\n<link rel=\"canonical\" href=\"https:\/\/www.bbmnoticias.com\/muy-cerca-del-mercado-de-abasto-fue-detenido-un-hombre-con-arma-de-fuego\/\" \/>\n<meta property=\"og:locale\" content=\"es_MX\" \/>\n<meta property=\"og:type\" content=\"article\" \/>\n<meta property=\"og:title\" content=\"Muy cerca del Mercado de Abasto fue detenido un hombre con arma de fuego - LA BRAVA RADIO\" \/>\n<meta property=\"og:description\" content=\"Oaxaca de Ju\u00e1rez, Oax.- En la zona del Mercado de Abasto, polic\u00edas de Oaxaca de Ju\u00e1rez efectuaron la detenci\u00f3n de una persona al ser sorprendida en posesi\u00f3n de un arma de fuego y no contar con la licencia correspondiente. La Secretar\u00eda de Seguridad Vecinal dio a conocer que el lunes en la ma\u00f1ana, elementos de [&hellip;]\" \/>\n<meta property=\"og:url\" content=\"https:\/\/www.bbmnoticias.com\/muy-cerca-del-mercado-de-abasto-fue-detenido-un-hombre-con-arma-de-fuego\/\" \/>\n<meta property=\"og:site_name\" content=\"LA BRAVA RADIO\" \/>\n<meta property=\"article:published_time\" content=\"2026-03-10T23:35:09+00:00\" \/>\n<meta property=\"article:modified_time\" content=\"2026-03-10T23:35:35+00:00\" \/>\n<meta property=\"og:image\" content=\"https:\/\/www.bbmnoticias.com\/labravaradiofm\/wp-content\/uploads\/sites\/5\/2026\/03\/IMG-20260310-WA0009.jpg\" \/>\n\t<meta property=\"og:image:width\" content=\"498\" \/>\n\t<meta property=\"og:image:height\" content=\"498\" \/>\n\t<meta property=\"og:image:type\" content=\"image\/jpeg\" \/>\n<meta name=\"author\" content=\"Staff\" \/>\n<meta name=\"twitter:card\" content=\"summary_large_image\" \/>\n<meta name=\"twitter:label1\" content=\"Escrito por\" \/>\n\t<meta name=\"twitter:data1\" content=\"Staff\" \/>\n\t<meta name=\"twitter:label2\" content=\"Tiempo de lectura\" \/>\n\t<meta name=\"twitter:data2\" content=\"1 minuto\" \/>\n<script type=\"application\/ld+json\" class=\"yoast-schema-graph\">{\"@context\":\"https:\\\/\\\/schema.org\",\"@graph\":[{\"@type\":\"Article\",\"@id\":\"https:\\\/\\\/www.bbmnoticias.com\\\/muy-cerca-del-mercado-de-abasto-fue-detenido-un-hombre-con-arma-de-fuego\\\/#article\",\"isPartOf\":{\"@id\":\"https:\\\/\\\/www.bbmnoticias.com\\\/labravaradiofm\\\/2026\\\/03\\\/10\\\/muy-cerca-del-mercado-de-abasto-fue-detenido-un-hombre-con-arma-de-fuego\\\/\"},\"author\":{\"name\":\"Staff\",\"@id\":\"https:\\\/\\\/www.bbmnoticias.com\\\/labravaradiofm\\\/#\\\/schema\\\/person\\\/68a9e9036ef3c5b55aeb2b71dc8bab45\"},\"headline\":\"Muy cerca del Mercado de Abasto fue detenido un hombre con arma de fuego\",\"datePublished\":\"2026-03-10T23:35:09+00:00\",\"dateModified\":\"2026-03-10T23:35:35+00:00\",\"mainEntityOfPage\":{\"@id\":\"https:\\\/\\\/www.bbmnoticias.com\\\/labravaradiofm\\\/2026\\\/03\\\/10\\\/muy-cerca-del-mercado-de-abasto-fue-detenido-un-hombre-con-arma-de-fuego\\\/\"},\"wordCount\":274,\"image\":{\"@id\":\"https:\\\/\\\/www.bbmnoticias.com\\\/muy-cerca-del-mercado-de-abasto-fue-detenido-un-hombre-con-arma-de-fuego\\\/#primaryimage\"},\"thumbnailUrl\":\"https:\\\/\\\/www.bbmnoticias.com\\\/labravaradiofm\\\/wp-content\\\/uploads\\\/sites\\\/5\\\/2026\\\/03\\\/IMG-20260310-WA0009.jpg\",\"articleSection\":[\"LOCAL\",\"POLICIACA\"],\"inLanguage\":\"es\"},{\"@type\":\"WebPage\",\"@id\":\"https:\\\/\\\/www.bbmnoticias.com\\\/labravaradiofm\\\/2026\\\/03\\\/10\\\/muy-cerca-del-mercado-de-abasto-fue-detenido-un-hombre-con-arma-de-fuego\\\/\",\"url\":\"https:\\\/\\\/www.bbmnoticias.com\\\/muy-cerca-del-mercado-de-abasto-fue-detenido-un-hombre-con-arma-de-fuego\\\/\",\"name\":\"Muy cerca del Mercado de Abasto fue detenido un hombre con arma de fuego - LA BRAVA RADIO\",\"isPartOf\":{\"@id\":\"https:\\\/\\\/www.bbmnoticias.com\\\/labravaradiofm\\\/#website\"},\"primaryImageOfPage\":{\"@id\":\"https:\\\/\\\/www.bbmnoticias.com\\\/muy-cerca-del-mercado-de-abasto-fue-detenido-un-hombre-con-arma-de-fuego\\\/#primaryimage\"},\"image\":{\"@id\":\"https:\\\/\\\/www.bbmnoticias.com\\\/muy-cerca-del-mercado-de-abasto-fue-detenido-un-hombre-con-arma-de-fuego\\\/#primaryimage\"},\"thumbnailUrl\":\"https:\\\/\\\/www.bbmnoticias.com\\\/labravaradiofm\\\/wp-content\\\/uploads\\\/sites\\\/5\\\/2026\\\/03\\\/IMG-20260310-WA0009.jpg\",\"datePublished\":\"2026-03-10T23:35:09+00:00\",\"dateModified\":\"2026-03-10T23:35:35+00:00\",\"author\":{\"@id\":\"https:\\\/\\\/www.bbmnoticias.com\\\/labravaradiofm\\\/#\\\/schema\\\/person\\\/68a9e9036ef3c5b55aeb2b71dc8bab45\"},\"breadcrumb\":{\"@id\":\"https:\\\/\\\/www.bbmnoticias.com\\\/muy-cerca-del-mercado-de-abasto-fue-detenido-un-hombre-con-arma-de-fuego\\\/#breadcrumb\"},\"inLanguage\":\"es\",\"potentialAction\":[{\"@type\":\"ReadAction\",\"target\":[\"https:\\\/\\\/www.bbmnoticias.com\\\/muy-cerca-del-mercado-de-abasto-fue-detenido-un-hombre-con-arma-de-fuego\\\/\"]}]},{\"@type\":\"ImageObject\",\"inLanguage\":\"es\",\"@id\":\"https:\\\/\\\/www.bbmnoticias.com\\\/muy-cerca-del-mercado-de-abasto-fue-detenido-un-hombre-con-arma-de-fuego\\\/#primaryimage\",\"url\":\"https:\\\/\\\/www.bbmnoticias.com\\\/labravaradiofm\\\/wp-content\\\/uploads\\\/sites\\\/5\\\/2026\\\/03\\\/IMG-20260310-WA0009.jpg\",\"contentUrl\":\"https:\\\/\\\/www.bbmnoticias.com\\\/labravaradiofm\\\/wp-content\\\/uploads\\\/sites\\\/5\\\/2026\\\/03\\\/IMG-20260310-WA0009.jpg\",\"width\":498,\"height\":498},{\"@type\":\"BreadcrumbList\",\"@id\":\"https:\\\/\\\/www.bbmnoticias.com\\\/muy-cerca-del-mercado-de-abasto-fue-detenido-un-hombre-con-arma-de-fuego\\\/#breadcrumb\",\"itemListElement\":[{\"@type\":\"ListItem\",\"position\":1,\"name\":\"Inicio\",\"item\":\"https:\\\/\\\/www.bbmnoticias.com\\\/labravaradiofm\\\/\"},{\"@type\":\"ListItem\",\"position\":2,\"name\":\"Muy cerca del Mercado de Abasto fue detenido un hombre con arma de fuego\"}]},{\"@type\":\"WebSite\",\"@id\":\"https:\\\/\\\/www.bbmnoticias.com\\\/labravaradiofm\\\/#website\",\"url\":\"https:\\\/\\\/www.bbmnoticias.com\\\/labravaradiofm\\\/\",\"name\":\"LA BRAVA RADIO\",\"description\":\"Empresa productora de medios, Radiodifusi\u00f3n, Noticias, tendencias y todo lo que necesitas saber de la pol\u00edtica mexicana e internacional; entretenimiento, espect\u00e1culos, salud y mucho m\u00e1s.\",\"potentialAction\":[{\"@type\":\"SearchAction\",\"target\":{\"@type\":\"EntryPoint\",\"urlTemplate\":\"https:\\\/\\\/www.bbmnoticias.com\\\/labravaradiofm\\\/?s={search_term_string}\"},\"query-input\":{\"@type\":\"PropertyValueSpecification\",\"valueRequired\":true,\"valueName\":\"search_term_string\"}}],\"inLanguage\":\"es\"},{\"@type\":\"Person\",\"@id\":\"https:\\\/\\\/www.bbmnoticias.com\\\/labravaradiofm\\\/#\\\/schema\\\/person\\\/68a9e9036ef3c5b55aeb2b71dc8bab45\",\"name\":\"Staff\",\"image\":{\"@type\":\"ImageObject\",\"inLanguage\":\"es\",\"@id\":\"https:\\\/\\\/secure.gravatar.com\\\/avatar\\\/fdd21ad66fd8b98c407f9dee5b5e588cfe7f0d8579ec20fa6527cd59bab7f0f0?s=96&d=mm&r=g\",\"url\":\"https:\\\/\\\/secure.gravatar.com\\\/avatar\\\/fdd21ad66fd8b98c407f9dee5b5e588cfe7f0d8579ec20fa6527cd59bab7f0f0?s=96&d=mm&r=g\",\"contentUrl\":\"https:\\\/\\\/secure.gravatar.com\\\/avatar\\\/fdd21ad66fd8b98c407f9dee5b5e588cfe7f0d8579ec20fa6527cd59bab7f0f0?s=96&d=mm&r=g\",\"caption\":\"Staff\"},\"url\":\"https:\\\/\\\/www.bbmnoticias.com\\\/labravaradiofm\\\/author\\\/redaccion\\\/\"}]}<\/script>\n<!-- \/ Yoast SEO plugin. -->","yoast_head_json":{"title":"Muy cerca del Mercado de Abasto fue detenido un hombre con arma de fuego - LA BRAVA RADIO","robots":{"index":"index","follow":"follow","max-snippet":"max-snippet:-1","max-image-preview":"max-image-preview:large","max-video-preview":"max-video-preview:-1"},"canonical":"https:\/\/www.bbmnoticias.com\/muy-cerca-del-mercado-de-abasto-fue-detenido-un-hombre-con-arma-de-fuego\/","og_locale":"es_MX","og_type":"article","og_title":"Muy cerca del Mercado de Abasto fue detenido un hombre con arma de fuego - LA BRAVA RADIO","og_description":"Oaxaca de Ju\u00e1rez, Oax.- En la zona del Mercado de Abasto, polic\u00edas de Oaxaca de Ju\u00e1rez efectuaron la detenci\u00f3n de una persona al ser sorprendida en posesi\u00f3n de un arma de fuego y no contar con la licencia correspondiente. La Secretar\u00eda de Seguridad Vecinal dio a conocer que el lunes en la ma\u00f1ana, elementos de [&hellip;]","og_url":"https:\/\/www.bbmnoticias.com\/muy-cerca-del-mercado-de-abasto-fue-detenido-un-hombre-con-arma-de-fuego\/","og_site_name":"LA BRAVA RADIO","article_published_time":"2026-03-10T23:35:09+00:00","article_modified_time":"2026-03-10T23:35:35+00:00","og_image":[{"width":498,"height":498,"url":"https:\/\/www.bbmnoticias.com\/labravaradiofm\/wp-content\/uploads\/sites\/5\/2026\/03\/IMG-20260310-WA0009.jpg","type":"image\/jpeg"}],"author":"Staff","twitter_card":"summary_large_image","twitter_misc":{"Escrito por":"Staff","Tiempo de lectura":"1 minuto"},"schema":{"@context":"https:\/\/schema.org","@graph":[{"@type":"Article","@id":"https:\/\/www.bbmnoticias.com\/muy-cerca-del-mercado-de-abasto-fue-detenido-un-hombre-con-arma-de-fuego\/#article","isPartOf":{"@id":"https:\/\/www.bbmnoticias.com\/labravaradiofm\/2026\/03\/10\/muy-cerca-del-mercado-de-abasto-fue-detenido-un-hombre-con-arma-de-fuego\/"},"author":{"name":"Staff","@id":"https:\/\/www.bbmnoticias.com\/labravaradiofm\/#\/schema\/person\/68a9e9036ef3c5b55aeb2b71dc8bab45"},"headline":"Muy cerca del Mercado de Abasto fue detenido un hombre con arma de fuego","datePublished":"2026-03-10T23:35:09+00:00","dateModified":"2026-03-10T23:35:35+00:00","mainEntityOfPage":{"@id":"https:\/\/www.bbmnoticias.com\/labravaradiofm\/2026\/03\/10\/muy-cerca-del-mercado-de-abasto-fue-detenido-un-hombre-con-arma-de-fuego\/"},"wordCount":274,"image":{"@id":"https:\/\/www.bbmnoticias.com\/muy-cerca-del-mercado-de-abasto-fue-detenido-un-hombre-con-arma-de-fuego\/#primaryimage"},"thumbnailUrl":"https:\/\/www.bbmnoticias.com\/labravaradiofm\/wp-content\/uploads\/sites\/5\/2026\/03\/IMG-20260310-WA0009.jpg","articleSection":["LOCAL","POLICIACA"],"inLanguage":"es"},{"@type":"WebPage","@id":"https:\/\/www.bbmnoticias.com\/labravaradiofm\/2026\/03\/10\/muy-cerca-del-mercado-de-abasto-fue-detenido-un-hombre-con-arma-de-fuego\/","url":"https:\/\/www.bbmnoticias.com\/muy-cerca-del-mercado-de-abasto-fue-detenido-un-hombre-con-arma-de-fuego\/","name":"Muy cerca del Mercado de Abasto fue detenido un hombre con arma de fuego - LA BRAVA RADIO","isPartOf":{"@id":"https:\/\/www.bbmnoticias.com\/labravaradiofm\/#website"},"primaryImageOfPage":{"@id":"https:\/\/www.bbmnoticias.com\/muy-cerca-del-mercado-de-abasto-fue-detenido-un-hombre-con-arma-de-fuego\/#primaryimage"},"image":{"@id":"https:\/\/www.bbmnoticias.com\/muy-cerca-del-mercado-de-abasto-fue-detenido-un-hombre-con-arma-de-fuego\/#primaryimage"},"thumbnailUrl":"https:\/\/www.bbmnoticias.com\/labravaradiofm\/wp-content\/uploads\/sites\/5\/2026\/03\/IMG-20260310-WA0009.jpg","datePublished":"2026-03-10T23:35:09+00:00","dateModified":"2026-03-10T23:35:35+00:00","author":{"@id":"https:\/\/www.bbmnoticias.com\/labravaradiofm\/#\/schema\/person\/68a9e9036ef3c5b55aeb2b71dc8bab45"},"breadcrumb":{"@id":"https:\/\/www.bbmnoticias.com\/muy-cerca-del-mercado-de-abasto-fue-detenido-un-hombre-con-arma-de-fuego\/#breadcrumb"},"inLanguage":"es","potentialAction":[{"@type":"ReadAction","target":["https:\/\/www.bbmnoticias.com\/muy-cerca-del-mercado-de-abasto-fue-detenido-un-hombre-con-arma-de-fuego\/"]}]},{"@type":"ImageObject","inLanguage":"es","@id":"https:\/\/www.bbmnoticias.com\/muy-cerca-del-mercado-de-abasto-fue-detenido-un-hombre-con-arma-de-fuego\/#primaryimage","url":"https:\/\/www.bbmnoticias.com\/labravaradiofm\/wp-content\/uploads\/sites\/5\/2026\/03\/IMG-20260310-WA0009.jpg","contentUrl":"https:\/\/www.bbmnoticias.com\/labravaradiofm\/wp-content\/uploads\/sites\/5\/2026\/03\/IMG-20260310-WA0009.jpg","width":498,"height":498},{"@type":"BreadcrumbList","@id":"https:\/\/www.bbmnoticias.com\/muy-cerca-del-mercado-de-abasto-fue-detenido-un-hombre-con-arma-de-fuego\/#breadcrumb","itemListElement":[{"@type":"ListItem","position":1,"name":"Inicio","item":"https:\/\/www.bbmnoticias.com\/labravaradiofm\/"},{"@type":"ListItem","position":2,"name":"Muy cerca del Mercado de Abasto fue detenido un hombre con arma de fuego"}]},{"@type":"WebSite","@id":"https:\/\/www.bbmnoticias.com\/labravaradiofm\/#website","url":"https:\/\/www.bbmnoticias.com\/labravaradiofm\/","name":"LA BRAVA RADIO","description":"Empresa productora de medios, Radiodifusi\u00f3n, Noticias, tendencias y todo lo que necesitas saber de la pol\u00edtica mexicana e internacional; entretenimiento, espect\u00e1culos, salud y mucho m\u00e1s.","potentialAction":[{"@type":"SearchAction","target":{"@type":"EntryPoint","urlTemplate":"https:\/\/www.bbmnoticias.com\/labravaradiofm\/?s={search_term_string}"},"query-input":{"@type":"PropertyValueSpecification","valueRequired":true,"valueName":"search_term_string"}}],"inLanguage":"es"},{"@type":"Person","@id":"https:\/\/www.bbmnoticias.com\/labravaradiofm\/#\/schema\/person\/68a9e9036ef3c5b55aeb2b71dc8bab45","name":"Staff","image":{"@type":"ImageObject","inLanguage":"es","@id":"https:\/\/secure.gravatar.com\/avatar\/fdd21ad66fd8b98c407f9dee5b5e588cfe7f0d8579ec20fa6527cd59bab7f0f0?s=96&d=mm&r=g","url":"https:\/\/secure.gravatar.com\/avatar\/fdd21ad66fd8b98c407f9dee5b5e588cfe7f0d8579ec20fa6527cd59bab7f0f0?s=96&d=mm&r=g","contentUrl":"https:\/\/secure.gravatar.com\/avatar\/fdd21ad66fd8b98c407f9dee5b5e588cfe7f0d8579ec20fa6527cd59bab7f0f0?s=96&d=mm&r=g","caption":"Staff"},"url":"https:\/\/www.bbmnoticias.com\/labravaradiofm\/author\/redaccion\/"}]}},"_links":{"self":[{"href":"https:\/\/www.bbmnoticias.com\/labravaradiofm\/wp-json\/wp\/v2\/posts\/74999","targetHints":{"allow":["GET"]}}],"collection":[{"href":"https:\/\/www.bbmnoticias.com\/labravaradiofm\/wp-json\/wp\/v2\/posts"}],"about":[{"href":"https:\/\/www.bbmnoticias.com\/labravaradiofm\/wp-json\/wp\/v2\/types\/post"}],"author":[{"embeddable":true,"href":"https:\/\/www.bbmnoticias.com\/labravaradiofm\/wp-json\/wp\/v2\/users\/2"}],"replies":[{"embeddable":true,"href":"https:\/\/www.bbmnoticias.com\/labravaradiofm\/wp-json\/wp\/v2\/comments?post=74999"}],"version-history":[{"count":1,"href":"https:\/\/www.bbmnoticias.com\/labravaradiofm\/wp-json\/wp\/v2\/posts\/74999\/revisions"}],"predecessor-version":[{"id":75000,"href":"https:\/\/www.bbmnoticias.com\/labravaradiofm\/wp-json\/wp\/v2\/posts\/74999\/revisions\/75000"}],"wp:featuredmedia":[{"embeddable":true,"href":"https:\/\/www.bbmnoticias.com\/labravaradiofm\/wp-json\/wp\/v2\/media\/75001"}],"wp:attachment":[{"href":"https:\/\/www.bbmnoticias.com\/labravaradiofm\/wp-json\/wp\/v2\/media?parent=74999"}],"wp:term":[{"taxonomy":"category","embeddable":true,"href":"https:\/\/www.bbmnoticias.com\/labravaradiofm\/wp-json\/wp\/v2\/categories?post=74999"},{"taxonomy":"post_tag","embeddable":true,"href":"https:\/\/www.bbmnoticias.com\/labravaradiofm\/wp-json\/wp\/v2\/tags?post=74999"}],"curies":[{"name":"wp","href":"https:\/\/api.w.org\/{rel}","templated":true}]}}