{"id":74996,"date":"2026-03-10T15:53:16","date_gmt":"2026-03-10T21:53:16","guid":{"rendered":"https:\/\/www.bbmnoticias.com\/labravaradiofm\/2026\/03\/10\/prioriza-primavera-oaxaquena-abasto-de-medicinas-y-atencion-medica-en-el-territorio-estatal\/"},"modified":"2026-03-10T15:53:18","modified_gmt":"2026-03-10T21:53:18","slug":"prioriza-primavera-oaxaquena-abasto-de-medicinas-y-atencion-medica-en-el-territorio-estatal","status":"publish","type":"post","link":"https:\/\/www.bbmnoticias.com\/labravaradiofm\/2026\/03\/10\/prioriza-primavera-oaxaquena-abasto-de-medicinas-y-atencion-medica-en-el-territorio-estatal\/","title":{"rendered":"Prioriza Primavera Oaxaque\u00f1a abasto de medicinas y atenci\u00f3n m\u00e9dica en el territorio estatal"},"content":{"rendered":"<div style=\"margin-top: 0px; margin-bottom: 0px;\" class=\"sharethis-inline-share-buttons\" ><\/div>\n<p>Oaxaca de Ju\u00e1rez, Oax.-\u00a0El Gobernador Salom\u00f3n Jara Cruz anunci\u00f3 el arranque del proyecto \u201cAbasto, Verificaci\u00f3n y Control\u201d (AVC), con la finalidad de superar el 90 por ciento de abastecimiento f\u00e1rmaco durante este 2026 en las unidades m\u00e9dicas de primer nivel en la entidad.<\/p>\n\n\n\n<p>Durante la Conferencia de Prensa que se desarrolla en Palacio de Gobierno, el Mandatario estatal inform\u00f3 que esta estrategia interinstitucional entre la Federaci\u00f3n y Gobierno Estatal permiti\u00f3 que, durante este fin de semana, se abastecieron los 103 m\u00f3dulos m\u00e9dicos de la Sierra de Ju\u00e1rez, perteneciente a la Jurisdicci\u00f3n Sanitaria n\u00famero 6.<\/p>\n\n\n\n<p>En su participaci\u00f3n, el titular de Servicios de Salud de Oaxaca (SSO), Efr\u00e9n Emmanuel Jarqu\u00edn Gonz\u00e1lez detall\u00f3 que el 3 de marzo inici\u00f3 una conciliaci\u00f3n del consumo promedio mensual (Cpm) de cada unidad del sector, y el 4 de marzo se realiz\u00f3 un registro de productividad y abasteci\u00f3 urgentemente a zonas identificadas.<\/p>\n\n\n\n<p>Para el 17 de marzo se realizar\u00e1 el abasto con el Cpm real, y el 25 se evaluar\u00e1 la estrategia e identificar\u00e1 la necesidad de compra para surtir las claves faltantes. Por \u00faltimo, el resultado de este proyecto se dar\u00e1 a conocer el pr\u00f3ximo 1 de abril, donde se espera superar el 90 por ciento de abastecimiento en las unidades de salud.<\/p>\n\n\n\n<p>Adem\u00e1s, Jarqu\u00edn Gonz\u00e1lez calific\u00f3 esta estrategia como una reingenier\u00eda del abasto, ya que se reinicia la cadena desde la planeaci\u00f3n, analizar\u00e1 el suministro en base a existencias y necesidades, unificar\u00e1n criterios entre IMSS-Bienestar y SSO, identificar\u00e1n a los actores responsables de almacenes y optimizar\u00e1n el abasto de la mano con otras secretar\u00edas.<\/p>\n\n\n\n<p>Para la entrega de los medicamentos, se desarrollar\u00e1 una calendarizaci\u00f3n y digitalizaci\u00f3n en tiempo real, para poder observar y semaforizar cada una de las claves existentes en los centros de atenci\u00f3n que requieran de estos recursos.<\/p>\n\n\n\n<p>Respecto a la Caravana Estatal de Salud \u201cVe\u2019e tata\u201d, el funcionario destac\u00f3 que, del 2 al 7 de marzo se otorgaron mil 573 servicios de brigada fija y atendieron a 4 mil 825 personas de mil 764 familias, todo esto en m\u00e1s de 4 mil casas visitadas de 3 agencias y 18 colonias de Oaxaca de Ju\u00e1rez.<\/p>\n\n\n\n<p>En total acumulado, del 16 de febrero al 7 de marzo, este programa brind\u00f3 6 mil 492 servicios de brigada fija, atendi\u00f3 m\u00e1s de 8 mil 500 personas de 4 mil 113 familias, donde se visitaron m\u00e1s de 9 mil 200 viviendas de 10 agencias y 48 colonias de la capital.<\/p>\n\n\n\n<p>En materia de mastograf\u00edas, se realizaron 111 estudios en las localidades: Trinidad de Viguera, Pueblo Nuevo y Santa Rosa Panzacola.<\/p>\n","protected":false},"excerpt":{"rendered":"<p>Oaxaca de Ju\u00e1rez, Oax.-\u00a0El Gobernador Salom\u00f3n Jara Cruz anunci\u00f3 el arranque del proyecto \u201cAbasto, Verificaci\u00f3n y Control\u201d (AVC), con la finalidad de superar el 90 por ciento de abastecimiento f\u00e1rmaco durante este 2026 en las unidades m\u00e9dicas de primer nivel en la entidad. Durante la Conferencia de Prensa que se desarrolla en Palacio de Gobierno, [&hellip;]<\/p>\n","protected":false},"author":2,"featured_media":74998,"comment_status":"closed","ping_status":"open","sticky":false,"template":"","format":"standard","meta":{"footnotes":""},"categories":[2],"tags":[],"class_list":{"0":"post-74996","1":"post","2":"type-post","3":"status-publish","4":"format-standard","5":"has-post-thumbnail","7":"category-oaxaca"},"yoast_head":"<!-- This site is optimized with the Yoast SEO plugin v27.4 - https:\/\/yoast.com\/product\/yoast-seo-wordpress\/ -->\n<title>Prioriza Primavera Oaxaque\u00f1a abasto de medicinas y atenci\u00f3n m\u00e9dica en el territorio estatal - LA BRAVA RADIO<\/title>\n<meta name=\"robots\" content=\"index, follow, max-snippet:-1, max-image-preview:large, max-video-preview:-1\" \/>\n<link rel=\"canonical\" href=\"https:\/\/www.bbmnoticias.com\/prioriza-primavera-oaxaquena-abasto-de-medicinas-y-atencion-medica-en-el-territorio-estatal\/\" \/>\n<meta property=\"og:locale\" content=\"es_MX\" \/>\n<meta property=\"og:type\" content=\"article\" \/>\n<meta property=\"og:title\" content=\"Prioriza Primavera Oaxaque\u00f1a abasto de medicinas y atenci\u00f3n m\u00e9dica en el territorio estatal - LA BRAVA RADIO\" \/>\n<meta property=\"og:description\" content=\"Oaxaca de Ju\u00e1rez, Oax.-\u00a0El Gobernador Salom\u00f3n Jara Cruz anunci\u00f3 el arranque del proyecto \u201cAbasto, Verificaci\u00f3n y Control\u201d (AVC), con la finalidad de superar el 90 por ciento de abastecimiento f\u00e1rmaco durante este 2026 en las unidades m\u00e9dicas de primer nivel en la entidad. Durante la Conferencia de Prensa que se desarrolla en Palacio de Gobierno, [&hellip;]\" \/>\n<meta property=\"og:url\" content=\"https:\/\/www.bbmnoticias.com\/prioriza-primavera-oaxaquena-abasto-de-medicinas-y-atencion-medica-en-el-territorio-estatal\/\" \/>\n<meta property=\"og:site_name\" content=\"LA BRAVA RADIO\" \/>\n<meta property=\"article:published_time\" content=\"2026-03-10T21:53:16+00:00\" \/>\n<meta property=\"article:modified_time\" content=\"2026-03-10T21:53:18+00:00\" \/>\n<meta property=\"og:image\" content=\"https:\/\/www.bbmnoticias.com\/labravaradiofm\/wp-content\/uploads\/sites\/5\/2026\/03\/sjc_medicamentos.jpg\" \/>\n\t<meta property=\"og:image:width\" content=\"800\" \/>\n\t<meta property=\"og:image:height\" content=\"534\" \/>\n\t<meta property=\"og:image:type\" content=\"image\/jpeg\" \/>\n<meta name=\"author\" content=\"Staff\" \/>\n<meta name=\"twitter:card\" content=\"summary_large_image\" \/>\n<meta name=\"twitter:label1\" content=\"Escrito por\" \/>\n\t<meta name=\"twitter:data1\" content=\"Staff\" \/>\n\t<meta name=\"twitter:label2\" content=\"Tiempo de lectura\" \/>\n\t<meta name=\"twitter:data2\" content=\"2 minutos\" \/>\n<script type=\"application\/ld+json\" class=\"yoast-schema-graph\">{\"@context\":\"https:\\\/\\\/schema.org\",\"@graph\":[{\"@type\":\"Article\",\"@id\":\"https:\\\/\\\/www.bbmnoticias.com\\\/prioriza-primavera-oaxaquena-abasto-de-medicinas-y-atencion-medica-en-el-territorio-estatal\\\/#article\",\"isPartOf\":{\"@id\":\"https:\\\/\\\/www.bbmnoticias.com\\\/labravaradiofm\\\/2026\\\/03\\\/10\\\/prioriza-primavera-oaxaquena-abasto-de-medicinas-y-atencion-medica-en-el-territorio-estatal\\\/\"},\"author\":{\"name\":\"Staff\",\"@id\":\"https:\\\/\\\/www.bbmnoticias.com\\\/labravaradiofm\\\/#\\\/schema\\\/person\\\/68a9e9036ef3c5b55aeb2b71dc8bab45\"},\"headline\":\"Prioriza Primavera Oaxaque\u00f1a abasto de medicinas y atenci\u00f3n m\u00e9dica en el territorio estatal\",\"datePublished\":\"2026-03-10T21:53:16+00:00\",\"dateModified\":\"2026-03-10T21:53:18+00:00\",\"mainEntityOfPage\":{\"@id\":\"https:\\\/\\\/www.bbmnoticias.com\\\/labravaradiofm\\\/2026\\\/03\\\/10\\\/prioriza-primavera-oaxaquena-abasto-de-medicinas-y-atencion-medica-en-el-territorio-estatal\\\/\"},\"wordCount\":445,\"image\":{\"@id\":\"https:\\\/\\\/www.bbmnoticias.com\\\/prioriza-primavera-oaxaquena-abasto-de-medicinas-y-atencion-medica-en-el-territorio-estatal\\\/#primaryimage\"},\"thumbnailUrl\":\"https:\\\/\\\/www.bbmnoticias.com\\\/labravaradiofm\\\/wp-content\\\/uploads\\\/sites\\\/5\\\/2026\\\/03\\\/sjc_medicamentos.jpg\",\"articleSection\":[\"LOCAL\"],\"inLanguage\":\"es\"},{\"@type\":\"WebPage\",\"@id\":\"https:\\\/\\\/www.bbmnoticias.com\\\/labravaradiofm\\\/2026\\\/03\\\/10\\\/prioriza-primavera-oaxaquena-abasto-de-medicinas-y-atencion-medica-en-el-territorio-estatal\\\/\",\"url\":\"https:\\\/\\\/www.bbmnoticias.com\\\/prioriza-primavera-oaxaquena-abasto-de-medicinas-y-atencion-medica-en-el-territorio-estatal\\\/\",\"name\":\"Prioriza Primavera Oaxaque\u00f1a abasto de medicinas y atenci\u00f3n m\u00e9dica en el territorio estatal - LA BRAVA RADIO\",\"isPartOf\":{\"@id\":\"https:\\\/\\\/www.bbmnoticias.com\\\/labravaradiofm\\\/#website\"},\"primaryImageOfPage\":{\"@id\":\"https:\\\/\\\/www.bbmnoticias.com\\\/prioriza-primavera-oaxaquena-abasto-de-medicinas-y-atencion-medica-en-el-territorio-estatal\\\/#primaryimage\"},\"image\":{\"@id\":\"https:\\\/\\\/www.bbmnoticias.com\\\/prioriza-primavera-oaxaquena-abasto-de-medicinas-y-atencion-medica-en-el-territorio-estatal\\\/#primaryimage\"},\"thumbnailUrl\":\"https:\\\/\\\/www.bbmnoticias.com\\\/labravaradiofm\\\/wp-content\\\/uploads\\\/sites\\\/5\\\/2026\\\/03\\\/sjc_medicamentos.jpg\",\"datePublished\":\"2026-03-10T21:53:16+00:00\",\"dateModified\":\"2026-03-10T21:53:18+00:00\",\"author\":{\"@id\":\"https:\\\/\\\/www.bbmnoticias.com\\\/labravaradiofm\\\/#\\\/schema\\\/person\\\/68a9e9036ef3c5b55aeb2b71dc8bab45\"},\"breadcrumb\":{\"@id\":\"https:\\\/\\\/www.bbmnoticias.com\\\/prioriza-primavera-oaxaquena-abasto-de-medicinas-y-atencion-medica-en-el-territorio-estatal\\\/#breadcrumb\"},\"inLanguage\":\"es\",\"potentialAction\":[{\"@type\":\"ReadAction\",\"target\":[\"https:\\\/\\\/www.bbmnoticias.com\\\/prioriza-primavera-oaxaquena-abasto-de-medicinas-y-atencion-medica-en-el-territorio-estatal\\\/\"]}]},{\"@type\":\"ImageObject\",\"inLanguage\":\"es\",\"@id\":\"https:\\\/\\\/www.bbmnoticias.com\\\/prioriza-primavera-oaxaquena-abasto-de-medicinas-y-atencion-medica-en-el-territorio-estatal\\\/#primaryimage\",\"url\":\"https:\\\/\\\/www.bbmnoticias.com\\\/labravaradiofm\\\/wp-content\\\/uploads\\\/sites\\\/5\\\/2026\\\/03\\\/sjc_medicamentos.jpg\",\"contentUrl\":\"https:\\\/\\\/www.bbmnoticias.com\\\/labravaradiofm\\\/wp-content\\\/uploads\\\/sites\\\/5\\\/2026\\\/03\\\/sjc_medicamentos.jpg\",\"width\":800,\"height\":534},{\"@type\":\"BreadcrumbList\",\"@id\":\"https:\\\/\\\/www.bbmnoticias.com\\\/prioriza-primavera-oaxaquena-abasto-de-medicinas-y-atencion-medica-en-el-territorio-estatal\\\/#breadcrumb\",\"itemListElement\":[{\"@type\":\"ListItem\",\"position\":1,\"name\":\"Inicio\",\"item\":\"https:\\\/\\\/www.bbmnoticias.com\\\/labravaradiofm\\\/\"},{\"@type\":\"ListItem\",\"position\":2,\"name\":\"Prioriza Primavera Oaxaque\u00f1a abasto de medicinas y atenci\u00f3n m\u00e9dica en el territorio estatal\"}]},{\"@type\":\"WebSite\",\"@id\":\"https:\\\/\\\/www.bbmnoticias.com\\\/labravaradiofm\\\/#website\",\"url\":\"https:\\\/\\\/www.bbmnoticias.com\\\/labravaradiofm\\\/\",\"name\":\"LA BRAVA RADIO\",\"description\":\"Empresa productora de medios, Radiodifusi\u00f3n, Noticias, tendencias y todo lo que necesitas saber de la pol\u00edtica mexicana e internacional; entretenimiento, espect\u00e1culos, salud y mucho m\u00e1s.\",\"potentialAction\":[{\"@type\":\"SearchAction\",\"target\":{\"@type\":\"EntryPoint\",\"urlTemplate\":\"https:\\\/\\\/www.bbmnoticias.com\\\/labravaradiofm\\\/?s={search_term_string}\"},\"query-input\":{\"@type\":\"PropertyValueSpecification\",\"valueRequired\":true,\"valueName\":\"search_term_string\"}}],\"inLanguage\":\"es\"},{\"@type\":\"Person\",\"@id\":\"https:\\\/\\\/www.bbmnoticias.com\\\/labravaradiofm\\\/#\\\/schema\\\/person\\\/68a9e9036ef3c5b55aeb2b71dc8bab45\",\"name\":\"Staff\",\"image\":{\"@type\":\"ImageObject\",\"inLanguage\":\"es\",\"@id\":\"https:\\\/\\\/secure.gravatar.com\\\/avatar\\\/fdd21ad66fd8b98c407f9dee5b5e588cfe7f0d8579ec20fa6527cd59bab7f0f0?s=96&d=mm&r=g\",\"url\":\"https:\\\/\\\/secure.gravatar.com\\\/avatar\\\/fdd21ad66fd8b98c407f9dee5b5e588cfe7f0d8579ec20fa6527cd59bab7f0f0?s=96&d=mm&r=g\",\"contentUrl\":\"https:\\\/\\\/secure.gravatar.com\\\/avatar\\\/fdd21ad66fd8b98c407f9dee5b5e588cfe7f0d8579ec20fa6527cd59bab7f0f0?s=96&d=mm&r=g\",\"caption\":\"Staff\"},\"url\":\"https:\\\/\\\/www.bbmnoticias.com\\\/labravaradiofm\\\/author\\\/redaccion\\\/\"}]}<\/script>\n<!-- \/ Yoast SEO plugin. -->","yoast_head_json":{"title":"Prioriza Primavera Oaxaque\u00f1a abasto de medicinas y atenci\u00f3n m\u00e9dica en el territorio estatal - LA BRAVA RADIO","robots":{"index":"index","follow":"follow","max-snippet":"max-snippet:-1","max-image-preview":"max-image-preview:large","max-video-preview":"max-video-preview:-1"},"canonical":"https:\/\/www.bbmnoticias.com\/prioriza-primavera-oaxaquena-abasto-de-medicinas-y-atencion-medica-en-el-territorio-estatal\/","og_locale":"es_MX","og_type":"article","og_title":"Prioriza Primavera Oaxaque\u00f1a abasto de medicinas y atenci\u00f3n m\u00e9dica en el territorio estatal - LA BRAVA RADIO","og_description":"Oaxaca de Ju\u00e1rez, Oax.-\u00a0El Gobernador Salom\u00f3n Jara Cruz anunci\u00f3 el arranque del proyecto \u201cAbasto, Verificaci\u00f3n y Control\u201d (AVC), con la finalidad de superar el 90 por ciento de abastecimiento f\u00e1rmaco durante este 2026 en las unidades m\u00e9dicas de primer nivel en la entidad. Durante la Conferencia de Prensa que se desarrolla en Palacio de Gobierno, [&hellip;]","og_url":"https:\/\/www.bbmnoticias.com\/prioriza-primavera-oaxaquena-abasto-de-medicinas-y-atencion-medica-en-el-territorio-estatal\/","og_site_name":"LA BRAVA RADIO","article_published_time":"2026-03-10T21:53:16+00:00","article_modified_time":"2026-03-10T21:53:18+00:00","og_image":[{"width":800,"height":534,"url":"https:\/\/www.bbmnoticias.com\/labravaradiofm\/wp-content\/uploads\/sites\/5\/2026\/03\/sjc_medicamentos.jpg","type":"image\/jpeg"}],"author":"Staff","twitter_card":"summary_large_image","twitter_misc":{"Escrito por":"Staff","Tiempo de lectura":"2 minutos"},"schema":{"@context":"https:\/\/schema.org","@graph":[{"@type":"Article","@id":"https:\/\/www.bbmnoticias.com\/prioriza-primavera-oaxaquena-abasto-de-medicinas-y-atencion-medica-en-el-territorio-estatal\/#article","isPartOf":{"@id":"https:\/\/www.bbmnoticias.com\/labravaradiofm\/2026\/03\/10\/prioriza-primavera-oaxaquena-abasto-de-medicinas-y-atencion-medica-en-el-territorio-estatal\/"},"author":{"name":"Staff","@id":"https:\/\/www.bbmnoticias.com\/labravaradiofm\/#\/schema\/person\/68a9e9036ef3c5b55aeb2b71dc8bab45"},"headline":"Prioriza Primavera Oaxaque\u00f1a abasto de medicinas y atenci\u00f3n m\u00e9dica en el territorio estatal","datePublished":"2026-03-10T21:53:16+00:00","dateModified":"2026-03-10T21:53:18+00:00","mainEntityOfPage":{"@id":"https:\/\/www.bbmnoticias.com\/labravaradiofm\/2026\/03\/10\/prioriza-primavera-oaxaquena-abasto-de-medicinas-y-atencion-medica-en-el-territorio-estatal\/"},"wordCount":445,"image":{"@id":"https:\/\/www.bbmnoticias.com\/prioriza-primavera-oaxaquena-abasto-de-medicinas-y-atencion-medica-en-el-territorio-estatal\/#primaryimage"},"thumbnailUrl":"https:\/\/www.bbmnoticias.com\/labravaradiofm\/wp-content\/uploads\/sites\/5\/2026\/03\/sjc_medicamentos.jpg","articleSection":["LOCAL"],"inLanguage":"es"},{"@type":"WebPage","@id":"https:\/\/www.bbmnoticias.com\/labravaradiofm\/2026\/03\/10\/prioriza-primavera-oaxaquena-abasto-de-medicinas-y-atencion-medica-en-el-territorio-estatal\/","url":"https:\/\/www.bbmnoticias.com\/prioriza-primavera-oaxaquena-abasto-de-medicinas-y-atencion-medica-en-el-territorio-estatal\/","name":"Prioriza Primavera Oaxaque\u00f1a abasto de medicinas y atenci\u00f3n m\u00e9dica en el territorio estatal - LA BRAVA RADIO","isPartOf":{"@id":"https:\/\/www.bbmnoticias.com\/labravaradiofm\/#website"},"primaryImageOfPage":{"@id":"https:\/\/www.bbmnoticias.com\/prioriza-primavera-oaxaquena-abasto-de-medicinas-y-atencion-medica-en-el-territorio-estatal\/#primaryimage"},"image":{"@id":"https:\/\/www.bbmnoticias.com\/prioriza-primavera-oaxaquena-abasto-de-medicinas-y-atencion-medica-en-el-territorio-estatal\/#primaryimage"},"thumbnailUrl":"https:\/\/www.bbmnoticias.com\/labravaradiofm\/wp-content\/uploads\/sites\/5\/2026\/03\/sjc_medicamentos.jpg","datePublished":"2026-03-10T21:53:16+00:00","dateModified":"2026-03-10T21:53:18+00:00","author":{"@id":"https:\/\/www.bbmnoticias.com\/labravaradiofm\/#\/schema\/person\/68a9e9036ef3c5b55aeb2b71dc8bab45"},"breadcrumb":{"@id":"https:\/\/www.bbmnoticias.com\/prioriza-primavera-oaxaquena-abasto-de-medicinas-y-atencion-medica-en-el-territorio-estatal\/#breadcrumb"},"inLanguage":"es","potentialAction":[{"@type":"ReadAction","target":["https:\/\/www.bbmnoticias.com\/prioriza-primavera-oaxaquena-abasto-de-medicinas-y-atencion-medica-en-el-territorio-estatal\/"]}]},{"@type":"ImageObject","inLanguage":"es","@id":"https:\/\/www.bbmnoticias.com\/prioriza-primavera-oaxaquena-abasto-de-medicinas-y-atencion-medica-en-el-territorio-estatal\/#primaryimage","url":"https:\/\/www.bbmnoticias.com\/labravaradiofm\/wp-content\/uploads\/sites\/5\/2026\/03\/sjc_medicamentos.jpg","contentUrl":"https:\/\/www.bbmnoticias.com\/labravaradiofm\/wp-content\/uploads\/sites\/5\/2026\/03\/sjc_medicamentos.jpg","width":800,"height":534},{"@type":"BreadcrumbList","@id":"https:\/\/www.bbmnoticias.com\/prioriza-primavera-oaxaquena-abasto-de-medicinas-y-atencion-medica-en-el-territorio-estatal\/#breadcrumb","itemListElement":[{"@type":"ListItem","position":1,"name":"Inicio","item":"https:\/\/www.bbmnoticias.com\/labravaradiofm\/"},{"@type":"ListItem","position":2,"name":"Prioriza Primavera Oaxaque\u00f1a abasto de medicinas y atenci\u00f3n m\u00e9dica en el territorio estatal"}]},{"@type":"WebSite","@id":"https:\/\/www.bbmnoticias.com\/labravaradiofm\/#website","url":"https:\/\/www.bbmnoticias.com\/labravaradiofm\/","name":"LA BRAVA RADIO","description":"Empresa productora de medios, Radiodifusi\u00f3n, Noticias, tendencias y todo lo que necesitas saber de la pol\u00edtica mexicana e internacional; entretenimiento, espect\u00e1culos, salud y mucho m\u00e1s.","potentialAction":[{"@type":"SearchAction","target":{"@type":"EntryPoint","urlTemplate":"https:\/\/www.bbmnoticias.com\/labravaradiofm\/?s={search_term_string}"},"query-input":{"@type":"PropertyValueSpecification","valueRequired":true,"valueName":"search_term_string"}}],"inLanguage":"es"},{"@type":"Person","@id":"https:\/\/www.bbmnoticias.com\/labravaradiofm\/#\/schema\/person\/68a9e9036ef3c5b55aeb2b71dc8bab45","name":"Staff","image":{"@type":"ImageObject","inLanguage":"es","@id":"https:\/\/secure.gravatar.com\/avatar\/fdd21ad66fd8b98c407f9dee5b5e588cfe7f0d8579ec20fa6527cd59bab7f0f0?s=96&d=mm&r=g","url":"https:\/\/secure.gravatar.com\/avatar\/fdd21ad66fd8b98c407f9dee5b5e588cfe7f0d8579ec20fa6527cd59bab7f0f0?s=96&d=mm&r=g","contentUrl":"https:\/\/secure.gravatar.com\/avatar\/fdd21ad66fd8b98c407f9dee5b5e588cfe7f0d8579ec20fa6527cd59bab7f0f0?s=96&d=mm&r=g","caption":"Staff"},"url":"https:\/\/www.bbmnoticias.com\/labravaradiofm\/author\/redaccion\/"}]}},"_links":{"self":[{"href":"https:\/\/www.bbmnoticias.com\/labravaradiofm\/wp-json\/wp\/v2\/posts\/74996","targetHints":{"allow":["GET"]}}],"collection":[{"href":"https:\/\/www.bbmnoticias.com\/labravaradiofm\/wp-json\/wp\/v2\/posts"}],"about":[{"href":"https:\/\/www.bbmnoticias.com\/labravaradiofm\/wp-json\/wp\/v2\/types\/post"}],"author":[{"embeddable":true,"href":"https:\/\/www.bbmnoticias.com\/labravaradiofm\/wp-json\/wp\/v2\/users\/2"}],"replies":[{"embeddable":true,"href":"https:\/\/www.bbmnoticias.com\/labravaradiofm\/wp-json\/wp\/v2\/comments?post=74996"}],"version-history":[{"count":1,"href":"https:\/\/www.bbmnoticias.com\/labravaradiofm\/wp-json\/wp\/v2\/posts\/74996\/revisions"}],"predecessor-version":[{"id":74997,"href":"https:\/\/www.bbmnoticias.com\/labravaradiofm\/wp-json\/wp\/v2\/posts\/74996\/revisions\/74997"}],"wp:featuredmedia":[{"embeddable":true,"href":"https:\/\/www.bbmnoticias.com\/labravaradiofm\/wp-json\/wp\/v2\/media\/74998"}],"wp:attachment":[{"href":"https:\/\/www.bbmnoticias.com\/labravaradiofm\/wp-json\/wp\/v2\/media?parent=74996"}],"wp:term":[{"taxonomy":"category","embeddable":true,"href":"https:\/\/www.bbmnoticias.com\/labravaradiofm\/wp-json\/wp\/v2\/categories?post=74996"},{"taxonomy":"post_tag","embeddable":true,"href":"https:\/\/www.bbmnoticias.com\/labravaradiofm\/wp-json\/wp\/v2\/tags?post=74996"}],"curies":[{"name":"wp","href":"https:\/\/api.w.org\/{rel}","templated":true}]}}