{"id":74981,"date":"2026-03-10T12:36:10","date_gmt":"2026-03-10T18:36:10","guid":{"rendered":"https:\/\/www.bbmnoticias.com\/labravaradiofm\/2026\/03\/10\/aprueban-terna-de-candidatos-a-la-auditoria-superior-de-la-federacion-david-colmenares-queda-fuera\/"},"modified":"2026-03-10T12:36:14","modified_gmt":"2026-03-10T18:36:14","slug":"aprueban-terna-de-candidatos-a-la-auditoria-superior-de-la-federacion-david-colmenares-queda-fuera","status":"publish","type":"post","link":"https:\/\/www.bbmnoticias.com\/labravaradiofm\/2026\/03\/10\/aprueban-terna-de-candidatos-a-la-auditoria-superior-de-la-federacion-david-colmenares-queda-fuera\/","title":{"rendered":"Aprueban terna de candidatos a la Auditor\u00eda Superior de la Federaci\u00f3n; David Colmenares queda fuera"},"content":{"rendered":"<div style=\"margin-top: 0px; margin-bottom: 0px;\" class=\"sharethis-inline-share-buttons\" ><\/div>\n<p><em>Ciudad de M\u00e9xico<\/em>. La Comisi\u00f3n de Vigilancia aprob\u00f3 esta ma\u00f1ana por unanimidad la terna de candidatos a titular de la Auditor\u00eda Superior de la Federaci\u00f3n (ASF) y el primer promedio es Aureliano Hern\u00e1ndez Palacios Cardel, una pieza del auditor saliente David Colmenares, quien no fue incluido en la propuesta. La terna se envi\u00f3 al pleno.<\/p>\n\n\n\n<p>Palacios Cardel es de Veracruz, es hijo de Fernando Aureliano Hern\u00e1ndez Palacios, quien fue secretario particular de la presidenta Claudia Sheinbaum cuando ella fue jefa de gobierno capitalino.<\/p>\n\n\n\n<p>Antes, Hern\u00e1ndez Palacios fue jefe delegacional encargado de despacho en Tlalpan, cuando Sheinbaum busc\u00f3 la jefatura de gobierno de la Ciudad.<\/p>\n\n\n\n<p>Palacios Cardel es adem\u00e1s nieto del ex rector de la Universidad Veracruzana, Aureliano Hern\u00e1ndez Palacios.<\/p>\n\n\n\n<p>En segundo lugar, est\u00e1 Elizabeth Villaf\u00e1n, quien es contadora p\u00fablica y abogada y es funcionaria p\u00fablica en la fiscal\u00eda General de la Rep\u00fablica.<\/p>\n\n\n\n<p>El tercer candidato mejor evaluado es Luis Miguel Mart\u00ednez Anzures, titular del Instituto Nacional de Administraci\u00f3n P\u00fablica.&nbsp;<\/p>\n\n\n\n<p>Se trata de \u201cla mejor terna posible\u201d, dijo el presidente de la comisi\u00f3n, Javier Herrera Borunda.&nbsp;<\/p>\n\n\n\n<p>La comisi\u00f3n \u00fanicamente dio lectura a los tres mejores promedios porque, dijo el legislador, no se trata de \u201cafectar el desempe\u00f1o profesional y laboral de quienes salgan con una evaluaci\u00f3n deficiente\u201d.<\/p>\n\n\n\n<p>Palacios Cardel fue nombrado por Colmenares como auditor especial del Gasto Federalizado el 17 de octubre, luego de la renuncia del anterior titular de esa \u00e1rea, Emilio Barriga Delgado, quien tambi\u00e9n particip\u00f3 en el proceso de selecci\u00f3n.&nbsp;<\/p>\n\n\n\n<p>Tras conocerse los tres mejores promedios, el dictamen fue aprobado por 37 votos de todas las bancadas y se envi\u00f3 de inmediato a la Mesa Directiva de la c\u00e1mara, para que lo incluya en el orden del d\u00eda de la sesi\u00f3n de hoy.<\/p>\n\n\n\n<p>Al no ser incluido en la terna, David Colmenares concluir\u00e1 esta semana su encargo de ocho a\u00f1os, y su sucesor ser\u00e1 designado para el periodo 2026-2034. Para la elecci\u00f3n del auditor se requiere el voto de las dos terceras partes de los diputados presentes en la sesi\u00f3n.<\/p>\n","protected":false},"excerpt":{"rendered":"<p>Ciudad de M\u00e9xico. La Comisi\u00f3n de Vigilancia aprob\u00f3 esta ma\u00f1ana por unanimidad la terna de candidatos a titular de la Auditor\u00eda Superior de la Federaci\u00f3n (ASF) y el primer promedio es Aureliano Hern\u00e1ndez Palacios Cardel, una pieza del auditor saliente David Colmenares, quien no fue incluido en la propuesta. La terna se envi\u00f3 al pleno. [&hellip;]<\/p>\n","protected":false},"author":4,"featured_media":74983,"comment_status":"closed","ping_status":"open","sticky":false,"template":"","format":"standard","meta":{"footnotes":""},"categories":[2,19],"tags":[],"class_list":{"0":"post-74981","1":"post","2":"type-post","3":"status-publish","4":"format-standard","5":"has-post-thumbnail","7":"category-oaxaca","8":"category-nacional"},"yoast_head":"<!-- This site is optimized with the Yoast SEO plugin v27.4 - https:\/\/yoast.com\/product\/yoast-seo-wordpress\/ -->\n<title>Aprueban terna de candidatos a la Auditor\u00eda Superior de la Federaci\u00f3n; David Colmenares queda fuera - LA BRAVA RADIO<\/title>\n<meta name=\"robots\" content=\"index, follow, max-snippet:-1, max-image-preview:large, max-video-preview:-1\" \/>\n<link rel=\"canonical\" href=\"https:\/\/www.bbmnoticias.com\/aprueban-terna-de-candidatos-a-la-auditoria-superior-de-la-federacion-david-colmenares-queda-fuera\/\" \/>\n<meta property=\"og:locale\" content=\"es_MX\" \/>\n<meta property=\"og:type\" content=\"article\" \/>\n<meta property=\"og:title\" content=\"Aprueban terna de candidatos a la Auditor\u00eda Superior de la Federaci\u00f3n; David Colmenares queda fuera - LA BRAVA RADIO\" \/>\n<meta property=\"og:description\" content=\"Ciudad de M\u00e9xico. La Comisi\u00f3n de Vigilancia aprob\u00f3 esta ma\u00f1ana por unanimidad la terna de candidatos a titular de la Auditor\u00eda Superior de la Federaci\u00f3n (ASF) y el primer promedio es Aureliano Hern\u00e1ndez Palacios Cardel, una pieza del auditor saliente David Colmenares, quien no fue incluido en la propuesta. La terna se envi\u00f3 al pleno. [&hellip;]\" \/>\n<meta property=\"og:url\" content=\"https:\/\/www.bbmnoticias.com\/aprueban-terna-de-candidatos-a-la-auditoria-superior-de-la-federacion-david-colmenares-queda-fuera\/\" \/>\n<meta property=\"og:site_name\" content=\"LA BRAVA RADIO\" \/>\n<meta property=\"article:published_time\" content=\"2026-03-10T18:36:10+00:00\" \/>\n<meta property=\"article:modified_time\" content=\"2026-03-10T18:36:14+00:00\" \/>\n<meta property=\"og:image\" content=\"https:\/\/www.bbmnoticias.com\/labravaradiofm\/wp-content\/uploads\/sites\/5\/2026\/03\/comision-de-vigilancia-aprueba-terna-para-la-auditoria-superior-de-la-federacion-colmenares-queda-fuera.webp\" \/>\n\t<meta property=\"og:image:width\" content=\"1200\" \/>\n\t<meta property=\"og:image:height\" content=\"827\" \/>\n\t<meta property=\"og:image:type\" content=\"image\/webp\" \/>\n<meta name=\"author\" content=\"Agencias\" \/>\n<meta name=\"twitter:card\" content=\"summary_large_image\" \/>\n<meta name=\"twitter:label1\" content=\"Escrito por\" \/>\n\t<meta name=\"twitter:data1\" content=\"Agencias\" \/>\n\t<meta name=\"twitter:label2\" content=\"Tiempo de lectura\" \/>\n\t<meta name=\"twitter:data2\" content=\"2 minutos\" \/>\n<script type=\"application\/ld+json\" class=\"yoast-schema-graph\">{\"@context\":\"https:\\\/\\\/schema.org\",\"@graph\":[{\"@type\":\"Article\",\"@id\":\"https:\\\/\\\/www.bbmnoticias.com\\\/aprueban-terna-de-candidatos-a-la-auditoria-superior-de-la-federacion-david-colmenares-queda-fuera\\\/#article\",\"isPartOf\":{\"@id\":\"https:\\\/\\\/www.bbmnoticias.com\\\/labravaradiofm\\\/2026\\\/03\\\/10\\\/aprueban-terna-de-candidatos-a-la-auditoria-superior-de-la-federacion-david-colmenares-queda-fuera\\\/\"},\"author\":{\"name\":\"Agencias\",\"@id\":\"https:\\\/\\\/www.bbmnoticias.com\\\/labravaradiofm\\\/#\\\/schema\\\/person\\\/000bdaf0a8fb5bff0d537c4d0778e33f\"},\"headline\":\"Aprueban terna de candidatos a la Auditor\u00eda Superior de la Federaci\u00f3n; David Colmenares queda fuera\",\"datePublished\":\"2026-03-10T18:36:10+00:00\",\"dateModified\":\"2026-03-10T18:36:14+00:00\",\"mainEntityOfPage\":{\"@id\":\"https:\\\/\\\/www.bbmnoticias.com\\\/labravaradiofm\\\/2026\\\/03\\\/10\\\/aprueban-terna-de-candidatos-a-la-auditoria-superior-de-la-federacion-david-colmenares-queda-fuera\\\/\"},\"wordCount\":381,\"image\":{\"@id\":\"https:\\\/\\\/www.bbmnoticias.com\\\/aprueban-terna-de-candidatos-a-la-auditoria-superior-de-la-federacion-david-colmenares-queda-fuera\\\/#primaryimage\"},\"thumbnailUrl\":\"https:\\\/\\\/www.bbmnoticias.com\\\/labravaradiofm\\\/wp-content\\\/uploads\\\/sites\\\/5\\\/2026\\\/03\\\/comision-de-vigilancia-aprueba-terna-para-la-auditoria-superior-de-la-federacion-colmenares-queda-fuera.webp\",\"articleSection\":[\"LOCAL\",\"NACIONAL\"],\"inLanguage\":\"es\"},{\"@type\":\"WebPage\",\"@id\":\"https:\\\/\\\/www.bbmnoticias.com\\\/labravaradiofm\\\/2026\\\/03\\\/10\\\/aprueban-terna-de-candidatos-a-la-auditoria-superior-de-la-federacion-david-colmenares-queda-fuera\\\/\",\"url\":\"https:\\\/\\\/www.bbmnoticias.com\\\/aprueban-terna-de-candidatos-a-la-auditoria-superior-de-la-federacion-david-colmenares-queda-fuera\\\/\",\"name\":\"Aprueban terna de candidatos a la Auditor\u00eda Superior de la Federaci\u00f3n; David Colmenares queda fuera - LA BRAVA RADIO\",\"isPartOf\":{\"@id\":\"https:\\\/\\\/www.bbmnoticias.com\\\/labravaradiofm\\\/#website\"},\"primaryImageOfPage\":{\"@id\":\"https:\\\/\\\/www.bbmnoticias.com\\\/aprueban-terna-de-candidatos-a-la-auditoria-superior-de-la-federacion-david-colmenares-queda-fuera\\\/#primaryimage\"},\"image\":{\"@id\":\"https:\\\/\\\/www.bbmnoticias.com\\\/aprueban-terna-de-candidatos-a-la-auditoria-superior-de-la-federacion-david-colmenares-queda-fuera\\\/#primaryimage\"},\"thumbnailUrl\":\"https:\\\/\\\/www.bbmnoticias.com\\\/labravaradiofm\\\/wp-content\\\/uploads\\\/sites\\\/5\\\/2026\\\/03\\\/comision-de-vigilancia-aprueba-terna-para-la-auditoria-superior-de-la-federacion-colmenares-queda-fuera.webp\",\"datePublished\":\"2026-03-10T18:36:10+00:00\",\"dateModified\":\"2026-03-10T18:36:14+00:00\",\"author\":{\"@id\":\"https:\\\/\\\/www.bbmnoticias.com\\\/labravaradiofm\\\/#\\\/schema\\\/person\\\/000bdaf0a8fb5bff0d537c4d0778e33f\"},\"breadcrumb\":{\"@id\":\"https:\\\/\\\/www.bbmnoticias.com\\\/aprueban-terna-de-candidatos-a-la-auditoria-superior-de-la-federacion-david-colmenares-queda-fuera\\\/#breadcrumb\"},\"inLanguage\":\"es\",\"potentialAction\":[{\"@type\":\"ReadAction\",\"target\":[\"https:\\\/\\\/www.bbmnoticias.com\\\/aprueban-terna-de-candidatos-a-la-auditoria-superior-de-la-federacion-david-colmenares-queda-fuera\\\/\"]}]},{\"@type\":\"ImageObject\",\"inLanguage\":\"es\",\"@id\":\"https:\\\/\\\/www.bbmnoticias.com\\\/aprueban-terna-de-candidatos-a-la-auditoria-superior-de-la-federacion-david-colmenares-queda-fuera\\\/#primaryimage\",\"url\":\"https:\\\/\\\/www.bbmnoticias.com\\\/labravaradiofm\\\/wp-content\\\/uploads\\\/sites\\\/5\\\/2026\\\/03\\\/comision-de-vigilancia-aprueba-terna-para-la-auditoria-superior-de-la-federacion-colmenares-queda-fuera.webp\",\"contentUrl\":\"https:\\\/\\\/www.bbmnoticias.com\\\/labravaradiofm\\\/wp-content\\\/uploads\\\/sites\\\/5\\\/2026\\\/03\\\/comision-de-vigilancia-aprueba-terna-para-la-auditoria-superior-de-la-federacion-colmenares-queda-fuera.webp\",\"width\":1200,\"height\":827},{\"@type\":\"BreadcrumbList\",\"@id\":\"https:\\\/\\\/www.bbmnoticias.com\\\/aprueban-terna-de-candidatos-a-la-auditoria-superior-de-la-federacion-david-colmenares-queda-fuera\\\/#breadcrumb\",\"itemListElement\":[{\"@type\":\"ListItem\",\"position\":1,\"name\":\"Inicio\",\"item\":\"https:\\\/\\\/www.bbmnoticias.com\\\/labravaradiofm\\\/\"},{\"@type\":\"ListItem\",\"position\":2,\"name\":\"Aprueban terna de candidatos a la Auditor\u00eda Superior de la Federaci\u00f3n; David Colmenares queda fuera\"}]},{\"@type\":\"WebSite\",\"@id\":\"https:\\\/\\\/www.bbmnoticias.com\\\/labravaradiofm\\\/#website\",\"url\":\"https:\\\/\\\/www.bbmnoticias.com\\\/labravaradiofm\\\/\",\"name\":\"LA BRAVA RADIO\",\"description\":\"Empresa productora de medios, Radiodifusi\u00f3n, Noticias, tendencias y todo lo que necesitas saber de la pol\u00edtica mexicana e internacional; entretenimiento, espect\u00e1culos, salud y mucho m\u00e1s.\",\"potentialAction\":[{\"@type\":\"SearchAction\",\"target\":{\"@type\":\"EntryPoint\",\"urlTemplate\":\"https:\\\/\\\/www.bbmnoticias.com\\\/labravaradiofm\\\/?s={search_term_string}\"},\"query-input\":{\"@type\":\"PropertyValueSpecification\",\"valueRequired\":true,\"valueName\":\"search_term_string\"}}],\"inLanguage\":\"es\"},{\"@type\":\"Person\",\"@id\":\"https:\\\/\\\/www.bbmnoticias.com\\\/labravaradiofm\\\/#\\\/schema\\\/person\\\/000bdaf0a8fb5bff0d537c4d0778e33f\",\"name\":\"Agencias\",\"image\":{\"@type\":\"ImageObject\",\"inLanguage\":\"es\",\"@id\":\"https:\\\/\\\/secure.gravatar.com\\\/avatar\\\/739e0b61adf9e398b425c36718c8752286da0e8cd90f20ce9a86678abc26aa0d?s=96&d=mm&r=g\",\"url\":\"https:\\\/\\\/secure.gravatar.com\\\/avatar\\\/739e0b61adf9e398b425c36718c8752286da0e8cd90f20ce9a86678abc26aa0d?s=96&d=mm&r=g\",\"contentUrl\":\"https:\\\/\\\/secure.gravatar.com\\\/avatar\\\/739e0b61adf9e398b425c36718c8752286da0e8cd90f20ce9a86678abc26aa0d?s=96&d=mm&r=g\",\"caption\":\"Agencias\"},\"url\":\"https:\\\/\\\/www.bbmnoticias.com\\\/labravaradiofm\\\/author\\\/agencias\\\/\"}]}<\/script>\n<!-- \/ Yoast SEO plugin. -->","yoast_head_json":{"title":"Aprueban terna de candidatos a la Auditor\u00eda Superior de la Federaci\u00f3n; David Colmenares queda fuera - LA BRAVA RADIO","robots":{"index":"index","follow":"follow","max-snippet":"max-snippet:-1","max-image-preview":"max-image-preview:large","max-video-preview":"max-video-preview:-1"},"canonical":"https:\/\/www.bbmnoticias.com\/aprueban-terna-de-candidatos-a-la-auditoria-superior-de-la-federacion-david-colmenares-queda-fuera\/","og_locale":"es_MX","og_type":"article","og_title":"Aprueban terna de candidatos a la Auditor\u00eda Superior de la Federaci\u00f3n; David Colmenares queda fuera - LA BRAVA RADIO","og_description":"Ciudad de M\u00e9xico. La Comisi\u00f3n de Vigilancia aprob\u00f3 esta ma\u00f1ana por unanimidad la terna de candidatos a titular de la Auditor\u00eda Superior de la Federaci\u00f3n (ASF) y el primer promedio es Aureliano Hern\u00e1ndez Palacios Cardel, una pieza del auditor saliente David Colmenares, quien no fue incluido en la propuesta. La terna se envi\u00f3 al pleno. [&hellip;]","og_url":"https:\/\/www.bbmnoticias.com\/aprueban-terna-de-candidatos-a-la-auditoria-superior-de-la-federacion-david-colmenares-queda-fuera\/","og_site_name":"LA BRAVA RADIO","article_published_time":"2026-03-10T18:36:10+00:00","article_modified_time":"2026-03-10T18:36:14+00:00","og_image":[{"width":1200,"height":827,"url":"https:\/\/www.bbmnoticias.com\/labravaradiofm\/wp-content\/uploads\/sites\/5\/2026\/03\/comision-de-vigilancia-aprueba-terna-para-la-auditoria-superior-de-la-federacion-colmenares-queda-fuera.webp","type":"image\/webp"}],"author":"Agencias","twitter_card":"summary_large_image","twitter_misc":{"Escrito por":"Agencias","Tiempo de lectura":"2 minutos"},"schema":{"@context":"https:\/\/schema.org","@graph":[{"@type":"Article","@id":"https:\/\/www.bbmnoticias.com\/aprueban-terna-de-candidatos-a-la-auditoria-superior-de-la-federacion-david-colmenares-queda-fuera\/#article","isPartOf":{"@id":"https:\/\/www.bbmnoticias.com\/labravaradiofm\/2026\/03\/10\/aprueban-terna-de-candidatos-a-la-auditoria-superior-de-la-federacion-david-colmenares-queda-fuera\/"},"author":{"name":"Agencias","@id":"https:\/\/www.bbmnoticias.com\/labravaradiofm\/#\/schema\/person\/000bdaf0a8fb5bff0d537c4d0778e33f"},"headline":"Aprueban terna de candidatos a la Auditor\u00eda Superior de la Federaci\u00f3n; David Colmenares queda fuera","datePublished":"2026-03-10T18:36:10+00:00","dateModified":"2026-03-10T18:36:14+00:00","mainEntityOfPage":{"@id":"https:\/\/www.bbmnoticias.com\/labravaradiofm\/2026\/03\/10\/aprueban-terna-de-candidatos-a-la-auditoria-superior-de-la-federacion-david-colmenares-queda-fuera\/"},"wordCount":381,"image":{"@id":"https:\/\/www.bbmnoticias.com\/aprueban-terna-de-candidatos-a-la-auditoria-superior-de-la-federacion-david-colmenares-queda-fuera\/#primaryimage"},"thumbnailUrl":"https:\/\/www.bbmnoticias.com\/labravaradiofm\/wp-content\/uploads\/sites\/5\/2026\/03\/comision-de-vigilancia-aprueba-terna-para-la-auditoria-superior-de-la-federacion-colmenares-queda-fuera.webp","articleSection":["LOCAL","NACIONAL"],"inLanguage":"es"},{"@type":"WebPage","@id":"https:\/\/www.bbmnoticias.com\/labravaradiofm\/2026\/03\/10\/aprueban-terna-de-candidatos-a-la-auditoria-superior-de-la-federacion-david-colmenares-queda-fuera\/","url":"https:\/\/www.bbmnoticias.com\/aprueban-terna-de-candidatos-a-la-auditoria-superior-de-la-federacion-david-colmenares-queda-fuera\/","name":"Aprueban terna de candidatos a la Auditor\u00eda Superior de la Federaci\u00f3n; David Colmenares queda fuera - LA BRAVA RADIO","isPartOf":{"@id":"https:\/\/www.bbmnoticias.com\/labravaradiofm\/#website"},"primaryImageOfPage":{"@id":"https:\/\/www.bbmnoticias.com\/aprueban-terna-de-candidatos-a-la-auditoria-superior-de-la-federacion-david-colmenares-queda-fuera\/#primaryimage"},"image":{"@id":"https:\/\/www.bbmnoticias.com\/aprueban-terna-de-candidatos-a-la-auditoria-superior-de-la-federacion-david-colmenares-queda-fuera\/#primaryimage"},"thumbnailUrl":"https:\/\/www.bbmnoticias.com\/labravaradiofm\/wp-content\/uploads\/sites\/5\/2026\/03\/comision-de-vigilancia-aprueba-terna-para-la-auditoria-superior-de-la-federacion-colmenares-queda-fuera.webp","datePublished":"2026-03-10T18:36:10+00:00","dateModified":"2026-03-10T18:36:14+00:00","author":{"@id":"https:\/\/www.bbmnoticias.com\/labravaradiofm\/#\/schema\/person\/000bdaf0a8fb5bff0d537c4d0778e33f"},"breadcrumb":{"@id":"https:\/\/www.bbmnoticias.com\/aprueban-terna-de-candidatos-a-la-auditoria-superior-de-la-federacion-david-colmenares-queda-fuera\/#breadcrumb"},"inLanguage":"es","potentialAction":[{"@type":"ReadAction","target":["https:\/\/www.bbmnoticias.com\/aprueban-terna-de-candidatos-a-la-auditoria-superior-de-la-federacion-david-colmenares-queda-fuera\/"]}]},{"@type":"ImageObject","inLanguage":"es","@id":"https:\/\/www.bbmnoticias.com\/aprueban-terna-de-candidatos-a-la-auditoria-superior-de-la-federacion-david-colmenares-queda-fuera\/#primaryimage","url":"https:\/\/www.bbmnoticias.com\/labravaradiofm\/wp-content\/uploads\/sites\/5\/2026\/03\/comision-de-vigilancia-aprueba-terna-para-la-auditoria-superior-de-la-federacion-colmenares-queda-fuera.webp","contentUrl":"https:\/\/www.bbmnoticias.com\/labravaradiofm\/wp-content\/uploads\/sites\/5\/2026\/03\/comision-de-vigilancia-aprueba-terna-para-la-auditoria-superior-de-la-federacion-colmenares-queda-fuera.webp","width":1200,"height":827},{"@type":"BreadcrumbList","@id":"https:\/\/www.bbmnoticias.com\/aprueban-terna-de-candidatos-a-la-auditoria-superior-de-la-federacion-david-colmenares-queda-fuera\/#breadcrumb","itemListElement":[{"@type":"ListItem","position":1,"name":"Inicio","item":"https:\/\/www.bbmnoticias.com\/labravaradiofm\/"},{"@type":"ListItem","position":2,"name":"Aprueban terna de candidatos a la Auditor\u00eda Superior de la Federaci\u00f3n; David Colmenares queda fuera"}]},{"@type":"WebSite","@id":"https:\/\/www.bbmnoticias.com\/labravaradiofm\/#website","url":"https:\/\/www.bbmnoticias.com\/labravaradiofm\/","name":"LA BRAVA RADIO","description":"Empresa productora de medios, Radiodifusi\u00f3n, Noticias, tendencias y todo lo que necesitas saber de la pol\u00edtica mexicana e internacional; entretenimiento, espect\u00e1culos, salud y mucho m\u00e1s.","potentialAction":[{"@type":"SearchAction","target":{"@type":"EntryPoint","urlTemplate":"https:\/\/www.bbmnoticias.com\/labravaradiofm\/?s={search_term_string}"},"query-input":{"@type":"PropertyValueSpecification","valueRequired":true,"valueName":"search_term_string"}}],"inLanguage":"es"},{"@type":"Person","@id":"https:\/\/www.bbmnoticias.com\/labravaradiofm\/#\/schema\/person\/000bdaf0a8fb5bff0d537c4d0778e33f","name":"Agencias","image":{"@type":"ImageObject","inLanguage":"es","@id":"https:\/\/secure.gravatar.com\/avatar\/739e0b61adf9e398b425c36718c8752286da0e8cd90f20ce9a86678abc26aa0d?s=96&d=mm&r=g","url":"https:\/\/secure.gravatar.com\/avatar\/739e0b61adf9e398b425c36718c8752286da0e8cd90f20ce9a86678abc26aa0d?s=96&d=mm&r=g","contentUrl":"https:\/\/secure.gravatar.com\/avatar\/739e0b61adf9e398b425c36718c8752286da0e8cd90f20ce9a86678abc26aa0d?s=96&d=mm&r=g","caption":"Agencias"},"url":"https:\/\/www.bbmnoticias.com\/labravaradiofm\/author\/agencias\/"}]}},"_links":{"self":[{"href":"https:\/\/www.bbmnoticias.com\/labravaradiofm\/wp-json\/wp\/v2\/posts\/74981","targetHints":{"allow":["GET"]}}],"collection":[{"href":"https:\/\/www.bbmnoticias.com\/labravaradiofm\/wp-json\/wp\/v2\/posts"}],"about":[{"href":"https:\/\/www.bbmnoticias.com\/labravaradiofm\/wp-json\/wp\/v2\/types\/post"}],"author":[{"embeddable":true,"href":"https:\/\/www.bbmnoticias.com\/labravaradiofm\/wp-json\/wp\/v2\/users\/4"}],"replies":[{"embeddable":true,"href":"https:\/\/www.bbmnoticias.com\/labravaradiofm\/wp-json\/wp\/v2\/comments?post=74981"}],"version-history":[{"count":1,"href":"https:\/\/www.bbmnoticias.com\/labravaradiofm\/wp-json\/wp\/v2\/posts\/74981\/revisions"}],"predecessor-version":[{"id":74982,"href":"https:\/\/www.bbmnoticias.com\/labravaradiofm\/wp-json\/wp\/v2\/posts\/74981\/revisions\/74982"}],"wp:featuredmedia":[{"embeddable":true,"href":"https:\/\/www.bbmnoticias.com\/labravaradiofm\/wp-json\/wp\/v2\/media\/74983"}],"wp:attachment":[{"href":"https:\/\/www.bbmnoticias.com\/labravaradiofm\/wp-json\/wp\/v2\/media?parent=74981"}],"wp:term":[{"taxonomy":"category","embeddable":true,"href":"https:\/\/www.bbmnoticias.com\/labravaradiofm\/wp-json\/wp\/v2\/categories?post=74981"},{"taxonomy":"post_tag","embeddable":true,"href":"https:\/\/www.bbmnoticias.com\/labravaradiofm\/wp-json\/wp\/v2\/tags?post=74981"}],"curies":[{"name":"wp","href":"https:\/\/api.w.org\/{rel}","templated":true}]}}