{"id":74975,"date":"2026-03-10T11:25:59","date_gmt":"2026-03-10T17:25:59","guid":{"rendered":"https:\/\/www.bbmnoticias.com\/labravaradiofm\/2026\/03\/10\/denuncian-en-campeche-enfermedades-y-muerte-de-abejas-por-pesticidas\/"},"modified":"2026-03-10T11:26:03","modified_gmt":"2026-03-10T17:26:03","slug":"denuncian-en-campeche-enfermedades-y-muerte-de-abejas-por-pesticidas","status":"publish","type":"post","link":"https:\/\/www.bbmnoticias.com\/labravaradiofm\/2026\/03\/10\/denuncian-en-campeche-enfermedades-y-muerte-de-abejas-por-pesticidas\/","title":{"rendered":"Denuncian en Campeche enfermedades y muerte de abejas por pesticidas"},"content":{"rendered":"<div style=\"margin-top: 0px; margin-bottom: 0px;\" class=\"sharethis-inline-share-buttons\" ><\/div>\n<p><em>Campeche, Camp.<\/em>, El uso indiscriminado de agroqu\u00edmicos, sobre todo por la fumigaci\u00f3n con pesticidas mediante avionetas, ha incrementado los casos de c\u00e1ncer, malformaciones gen\u00e9ticas y agravado la contaminaci\u00f3n del manto fre\u00e1tico en la comunidad maya de Suc Tuc, municipio de Campeche, denunci\u00f3 el representante del ejido, Benjam\u00edn Yeh Acosta.<\/p>\n\n\n\n<p>Al entregar un oficio al Congreso del estado, en el cual solicita que la Comisi\u00f3n Intersecretarial reactive sus funciones e investigue estas afectaciones a la salud de decenas de poblados, sostuvo que la contaminaci\u00f3n que generan los pesticidas tambi\u00e9n ha causado la muerte de miles de abejas, lo que ha desplomado la producci\u00f3n ap\u00edcola y les ha generado p\u00e9rdidas de m\u00e1s de 16 millones de pesos, sin que reciban ninguna indemnizaci\u00f3n.<\/p>\n\n\n\n<p>El l\u00edder ejidal expuso que en la localidad de Suc Tuc se han detectado entre 10 y 20 casos de c\u00e1ncer de piel, labios y est\u00f3mago, as\u00ed como malformaciones en reci\u00e9n nacidos, situaci\u00f3n que mantiene en alerta a las familias.<\/p>\n\n\n\n<p>Durante temporadas de lluvias e inundaciones, agreg\u00f3, las enfermedades gastrointestinales se incrementan hasta en 80 por ciento, fen\u00f3meno que los lugare\u00f1os relacionan con la contaminaci\u00f3n del agua por escurrimientos provenientes de zonas donde se cultivan ma\u00edz, soya y sorgo.<\/p>\n\n\n\n<p>En paralelo a la crisis de salud, los apicultores acumulan p\u00e9rdidas econ\u00f3micas por m\u00e1s de 16 millones de pesos desde 2023 debido a la mortandad de abejas tras fumigaciones con productos qu\u00edmicos.<\/p>\n\n\n\n<p>Yeh Acosta inform\u00f3 que la primera afectaci\u00f3n represent\u00f3 12 millones de pesos y una segunda casi 4 millones adicionales.<\/p>\n\n\n\n<p>En 2023, el gobierno del estado entreg\u00f3 n\u00facleos de abejas (minicolonias para comenzar nuevas colmenas) como apoyo; no obstante, \u00e9stos se perdieron otra vez a principios de 2024 despu\u00e9s de m\u00e1s aplicaciones de agroqu\u00edmicos en varias \u00e1reas cercanas a Crucero Ox\u00e1 y Suc Tuc, donde opera la empresa Yibel.<\/p>\n\n\n\n<p>Aunque en 2024 se cre\u00f3 una comisi\u00f3n intersecretarial y se realizaron reuniones con autoridades ambientales y de salud, los productores se\u00f1alan que no existen prohibiciones ni acciones de vigilancia sobre sustancias altamente t\u00f3xicas para las abejas y las personas, por lo que analizan emprender acciones legales.<\/p>\n","protected":false},"excerpt":{"rendered":"<p>Campeche, Camp., El uso indiscriminado de agroqu\u00edmicos, sobre todo por la fumigaci\u00f3n con pesticidas mediante avionetas, ha incrementado los casos de c\u00e1ncer, malformaciones gen\u00e9ticas y agravado la contaminaci\u00f3n del manto fre\u00e1tico en la comunidad maya de Suc Tuc, municipio de Campeche, denunci\u00f3 el representante del ejido, Benjam\u00edn Yeh Acosta. Al entregar un oficio al Congreso [&hellip;]<\/p>\n","protected":false},"author":4,"featured_media":74977,"comment_status":"closed","ping_status":"open","sticky":false,"template":"","format":"standard","meta":{"footnotes":""},"categories":[2,19],"tags":[],"class_list":{"0":"post-74975","1":"post","2":"type-post","3":"status-publish","4":"format-standard","5":"has-post-thumbnail","7":"category-oaxaca","8":"category-nacional"},"yoast_head":"<!-- This site is optimized with the Yoast SEO plugin v27.4 - https:\/\/yoast.com\/product\/yoast-seo-wordpress\/ -->\n<title>Denuncian en Campeche enfermedades y muerte de abejas por pesticidas - LA BRAVA RADIO<\/title>\n<meta name=\"robots\" content=\"index, follow, max-snippet:-1, max-image-preview:large, max-video-preview:-1\" \/>\n<link rel=\"canonical\" href=\"https:\/\/www.bbmnoticias.com\/denuncian-en-campeche-enfermedades-y-muerte-de-abejas-por-pesticidas\/\" \/>\n<meta property=\"og:locale\" content=\"es_MX\" \/>\n<meta property=\"og:type\" content=\"article\" \/>\n<meta property=\"og:title\" content=\"Denuncian en Campeche enfermedades y muerte de abejas por pesticidas - LA BRAVA RADIO\" \/>\n<meta property=\"og:description\" content=\"Campeche, Camp., El uso indiscriminado de agroqu\u00edmicos, sobre todo por la fumigaci\u00f3n con pesticidas mediante avionetas, ha incrementado los casos de c\u00e1ncer, malformaciones gen\u00e9ticas y agravado la contaminaci\u00f3n del manto fre\u00e1tico en la comunidad maya de Suc Tuc, municipio de Campeche, denunci\u00f3 el representante del ejido, Benjam\u00edn Yeh Acosta. Al entregar un oficio al Congreso [&hellip;]\" \/>\n<meta property=\"og:url\" content=\"https:\/\/www.bbmnoticias.com\/denuncian-en-campeche-enfermedades-y-muerte-de-abejas-por-pesticidas\/\" \/>\n<meta property=\"og:site_name\" content=\"LA BRAVA RADIO\" \/>\n<meta property=\"article:published_time\" content=\"2026-03-10T17:25:59+00:00\" \/>\n<meta property=\"article:modified_time\" content=\"2026-03-10T17:26:03+00:00\" \/>\n<meta property=\"og:image\" content=\"https:\/\/www.bbmnoticias.com\/labravaradiofm\/wp-content\/uploads\/sites\/5\/2026\/03\/abejas_pesticidas.webp\" \/>\n\t<meta property=\"og:image:width\" content=\"1200\" \/>\n\t<meta property=\"og:image:height\" content=\"741\" \/>\n\t<meta property=\"og:image:type\" content=\"image\/webp\" \/>\n<meta name=\"author\" content=\"Agencias\" \/>\n<meta name=\"twitter:card\" content=\"summary_large_image\" \/>\n<meta name=\"twitter:label1\" content=\"Escrito por\" \/>\n\t<meta name=\"twitter:data1\" content=\"Agencias\" \/>\n\t<meta name=\"twitter:label2\" content=\"Tiempo de lectura\" \/>\n\t<meta name=\"twitter:data2\" content=\"2 minutos\" \/>\n<script type=\"application\/ld+json\" class=\"yoast-schema-graph\">{\"@context\":\"https:\\\/\\\/schema.org\",\"@graph\":[{\"@type\":\"Article\",\"@id\":\"https:\\\/\\\/www.bbmnoticias.com\\\/denuncian-en-campeche-enfermedades-y-muerte-de-abejas-por-pesticidas\\\/#article\",\"isPartOf\":{\"@id\":\"https:\\\/\\\/www.bbmnoticias.com\\\/labravaradiofm\\\/2026\\\/03\\\/10\\\/denuncian-en-campeche-enfermedades-y-muerte-de-abejas-por-pesticidas\\\/\"},\"author\":{\"name\":\"Agencias\",\"@id\":\"https:\\\/\\\/www.bbmnoticias.com\\\/labravaradiofm\\\/#\\\/schema\\\/person\\\/000bdaf0a8fb5bff0d537c4d0778e33f\"},\"headline\":\"Denuncian en Campeche enfermedades y muerte de abejas por pesticidas\",\"datePublished\":\"2026-03-10T17:25:59+00:00\",\"dateModified\":\"2026-03-10T17:26:03+00:00\",\"mainEntityOfPage\":{\"@id\":\"https:\\\/\\\/www.bbmnoticias.com\\\/labravaradiofm\\\/2026\\\/03\\\/10\\\/denuncian-en-campeche-enfermedades-y-muerte-de-abejas-por-pesticidas\\\/\"},\"wordCount\":380,\"image\":{\"@id\":\"https:\\\/\\\/www.bbmnoticias.com\\\/denuncian-en-campeche-enfermedades-y-muerte-de-abejas-por-pesticidas\\\/#primaryimage\"},\"thumbnailUrl\":\"https:\\\/\\\/www.bbmnoticias.com\\\/labravaradiofm\\\/wp-content\\\/uploads\\\/sites\\\/5\\\/2026\\\/03\\\/abejas_pesticidas.webp\",\"articleSection\":[\"LOCAL\",\"NACIONAL\"],\"inLanguage\":\"es\"},{\"@type\":\"WebPage\",\"@id\":\"https:\\\/\\\/www.bbmnoticias.com\\\/labravaradiofm\\\/2026\\\/03\\\/10\\\/denuncian-en-campeche-enfermedades-y-muerte-de-abejas-por-pesticidas\\\/\",\"url\":\"https:\\\/\\\/www.bbmnoticias.com\\\/denuncian-en-campeche-enfermedades-y-muerte-de-abejas-por-pesticidas\\\/\",\"name\":\"Denuncian en Campeche enfermedades y muerte de abejas por pesticidas - LA BRAVA RADIO\",\"isPartOf\":{\"@id\":\"https:\\\/\\\/www.bbmnoticias.com\\\/labravaradiofm\\\/#website\"},\"primaryImageOfPage\":{\"@id\":\"https:\\\/\\\/www.bbmnoticias.com\\\/denuncian-en-campeche-enfermedades-y-muerte-de-abejas-por-pesticidas\\\/#primaryimage\"},\"image\":{\"@id\":\"https:\\\/\\\/www.bbmnoticias.com\\\/denuncian-en-campeche-enfermedades-y-muerte-de-abejas-por-pesticidas\\\/#primaryimage\"},\"thumbnailUrl\":\"https:\\\/\\\/www.bbmnoticias.com\\\/labravaradiofm\\\/wp-content\\\/uploads\\\/sites\\\/5\\\/2026\\\/03\\\/abejas_pesticidas.webp\",\"datePublished\":\"2026-03-10T17:25:59+00:00\",\"dateModified\":\"2026-03-10T17:26:03+00:00\",\"author\":{\"@id\":\"https:\\\/\\\/www.bbmnoticias.com\\\/labravaradiofm\\\/#\\\/schema\\\/person\\\/000bdaf0a8fb5bff0d537c4d0778e33f\"},\"breadcrumb\":{\"@id\":\"https:\\\/\\\/www.bbmnoticias.com\\\/denuncian-en-campeche-enfermedades-y-muerte-de-abejas-por-pesticidas\\\/#breadcrumb\"},\"inLanguage\":\"es\",\"potentialAction\":[{\"@type\":\"ReadAction\",\"target\":[\"https:\\\/\\\/www.bbmnoticias.com\\\/denuncian-en-campeche-enfermedades-y-muerte-de-abejas-por-pesticidas\\\/\"]}]},{\"@type\":\"ImageObject\",\"inLanguage\":\"es\",\"@id\":\"https:\\\/\\\/www.bbmnoticias.com\\\/denuncian-en-campeche-enfermedades-y-muerte-de-abejas-por-pesticidas\\\/#primaryimage\",\"url\":\"https:\\\/\\\/www.bbmnoticias.com\\\/labravaradiofm\\\/wp-content\\\/uploads\\\/sites\\\/5\\\/2026\\\/03\\\/abejas_pesticidas.webp\",\"contentUrl\":\"https:\\\/\\\/www.bbmnoticias.com\\\/labravaradiofm\\\/wp-content\\\/uploads\\\/sites\\\/5\\\/2026\\\/03\\\/abejas_pesticidas.webp\",\"width\":1200,\"height\":741},{\"@type\":\"BreadcrumbList\",\"@id\":\"https:\\\/\\\/www.bbmnoticias.com\\\/denuncian-en-campeche-enfermedades-y-muerte-de-abejas-por-pesticidas\\\/#breadcrumb\",\"itemListElement\":[{\"@type\":\"ListItem\",\"position\":1,\"name\":\"Inicio\",\"item\":\"https:\\\/\\\/www.bbmnoticias.com\\\/labravaradiofm\\\/\"},{\"@type\":\"ListItem\",\"position\":2,\"name\":\"Denuncian en Campeche enfermedades y muerte de abejas por pesticidas\"}]},{\"@type\":\"WebSite\",\"@id\":\"https:\\\/\\\/www.bbmnoticias.com\\\/labravaradiofm\\\/#website\",\"url\":\"https:\\\/\\\/www.bbmnoticias.com\\\/labravaradiofm\\\/\",\"name\":\"LA BRAVA RADIO\",\"description\":\"Empresa productora de medios, Radiodifusi\u00f3n, Noticias, tendencias y todo lo que necesitas saber de la pol\u00edtica mexicana e internacional; entretenimiento, espect\u00e1culos, salud y mucho m\u00e1s.\",\"potentialAction\":[{\"@type\":\"SearchAction\",\"target\":{\"@type\":\"EntryPoint\",\"urlTemplate\":\"https:\\\/\\\/www.bbmnoticias.com\\\/labravaradiofm\\\/?s={search_term_string}\"},\"query-input\":{\"@type\":\"PropertyValueSpecification\",\"valueRequired\":true,\"valueName\":\"search_term_string\"}}],\"inLanguage\":\"es\"},{\"@type\":\"Person\",\"@id\":\"https:\\\/\\\/www.bbmnoticias.com\\\/labravaradiofm\\\/#\\\/schema\\\/person\\\/000bdaf0a8fb5bff0d537c4d0778e33f\",\"name\":\"Agencias\",\"image\":{\"@type\":\"ImageObject\",\"inLanguage\":\"es\",\"@id\":\"https:\\\/\\\/secure.gravatar.com\\\/avatar\\\/739e0b61adf9e398b425c36718c8752286da0e8cd90f20ce9a86678abc26aa0d?s=96&d=mm&r=g\",\"url\":\"https:\\\/\\\/secure.gravatar.com\\\/avatar\\\/739e0b61adf9e398b425c36718c8752286da0e8cd90f20ce9a86678abc26aa0d?s=96&d=mm&r=g\",\"contentUrl\":\"https:\\\/\\\/secure.gravatar.com\\\/avatar\\\/739e0b61adf9e398b425c36718c8752286da0e8cd90f20ce9a86678abc26aa0d?s=96&d=mm&r=g\",\"caption\":\"Agencias\"},\"url\":\"https:\\\/\\\/www.bbmnoticias.com\\\/labravaradiofm\\\/author\\\/agencias\\\/\"}]}<\/script>\n<!-- \/ Yoast SEO plugin. -->","yoast_head_json":{"title":"Denuncian en Campeche enfermedades y muerte de abejas por pesticidas - LA BRAVA RADIO","robots":{"index":"index","follow":"follow","max-snippet":"max-snippet:-1","max-image-preview":"max-image-preview:large","max-video-preview":"max-video-preview:-1"},"canonical":"https:\/\/www.bbmnoticias.com\/denuncian-en-campeche-enfermedades-y-muerte-de-abejas-por-pesticidas\/","og_locale":"es_MX","og_type":"article","og_title":"Denuncian en Campeche enfermedades y muerte de abejas por pesticidas - LA BRAVA RADIO","og_description":"Campeche, Camp., El uso indiscriminado de agroqu\u00edmicos, sobre todo por la fumigaci\u00f3n con pesticidas mediante avionetas, ha incrementado los casos de c\u00e1ncer, malformaciones gen\u00e9ticas y agravado la contaminaci\u00f3n del manto fre\u00e1tico en la comunidad maya de Suc Tuc, municipio de Campeche, denunci\u00f3 el representante del ejido, Benjam\u00edn Yeh Acosta. Al entregar un oficio al Congreso [&hellip;]","og_url":"https:\/\/www.bbmnoticias.com\/denuncian-en-campeche-enfermedades-y-muerte-de-abejas-por-pesticidas\/","og_site_name":"LA BRAVA RADIO","article_published_time":"2026-03-10T17:25:59+00:00","article_modified_time":"2026-03-10T17:26:03+00:00","og_image":[{"width":1200,"height":741,"url":"https:\/\/www.bbmnoticias.com\/labravaradiofm\/wp-content\/uploads\/sites\/5\/2026\/03\/abejas_pesticidas.webp","type":"image\/webp"}],"author":"Agencias","twitter_card":"summary_large_image","twitter_misc":{"Escrito por":"Agencias","Tiempo de lectura":"2 minutos"},"schema":{"@context":"https:\/\/schema.org","@graph":[{"@type":"Article","@id":"https:\/\/www.bbmnoticias.com\/denuncian-en-campeche-enfermedades-y-muerte-de-abejas-por-pesticidas\/#article","isPartOf":{"@id":"https:\/\/www.bbmnoticias.com\/labravaradiofm\/2026\/03\/10\/denuncian-en-campeche-enfermedades-y-muerte-de-abejas-por-pesticidas\/"},"author":{"name":"Agencias","@id":"https:\/\/www.bbmnoticias.com\/labravaradiofm\/#\/schema\/person\/000bdaf0a8fb5bff0d537c4d0778e33f"},"headline":"Denuncian en Campeche enfermedades y muerte de abejas por pesticidas","datePublished":"2026-03-10T17:25:59+00:00","dateModified":"2026-03-10T17:26:03+00:00","mainEntityOfPage":{"@id":"https:\/\/www.bbmnoticias.com\/labravaradiofm\/2026\/03\/10\/denuncian-en-campeche-enfermedades-y-muerte-de-abejas-por-pesticidas\/"},"wordCount":380,"image":{"@id":"https:\/\/www.bbmnoticias.com\/denuncian-en-campeche-enfermedades-y-muerte-de-abejas-por-pesticidas\/#primaryimage"},"thumbnailUrl":"https:\/\/www.bbmnoticias.com\/labravaradiofm\/wp-content\/uploads\/sites\/5\/2026\/03\/abejas_pesticidas.webp","articleSection":["LOCAL","NACIONAL"],"inLanguage":"es"},{"@type":"WebPage","@id":"https:\/\/www.bbmnoticias.com\/labravaradiofm\/2026\/03\/10\/denuncian-en-campeche-enfermedades-y-muerte-de-abejas-por-pesticidas\/","url":"https:\/\/www.bbmnoticias.com\/denuncian-en-campeche-enfermedades-y-muerte-de-abejas-por-pesticidas\/","name":"Denuncian en Campeche enfermedades y muerte de abejas por pesticidas - LA BRAVA RADIO","isPartOf":{"@id":"https:\/\/www.bbmnoticias.com\/labravaradiofm\/#website"},"primaryImageOfPage":{"@id":"https:\/\/www.bbmnoticias.com\/denuncian-en-campeche-enfermedades-y-muerte-de-abejas-por-pesticidas\/#primaryimage"},"image":{"@id":"https:\/\/www.bbmnoticias.com\/denuncian-en-campeche-enfermedades-y-muerte-de-abejas-por-pesticidas\/#primaryimage"},"thumbnailUrl":"https:\/\/www.bbmnoticias.com\/labravaradiofm\/wp-content\/uploads\/sites\/5\/2026\/03\/abejas_pesticidas.webp","datePublished":"2026-03-10T17:25:59+00:00","dateModified":"2026-03-10T17:26:03+00:00","author":{"@id":"https:\/\/www.bbmnoticias.com\/labravaradiofm\/#\/schema\/person\/000bdaf0a8fb5bff0d537c4d0778e33f"},"breadcrumb":{"@id":"https:\/\/www.bbmnoticias.com\/denuncian-en-campeche-enfermedades-y-muerte-de-abejas-por-pesticidas\/#breadcrumb"},"inLanguage":"es","potentialAction":[{"@type":"ReadAction","target":["https:\/\/www.bbmnoticias.com\/denuncian-en-campeche-enfermedades-y-muerte-de-abejas-por-pesticidas\/"]}]},{"@type":"ImageObject","inLanguage":"es","@id":"https:\/\/www.bbmnoticias.com\/denuncian-en-campeche-enfermedades-y-muerte-de-abejas-por-pesticidas\/#primaryimage","url":"https:\/\/www.bbmnoticias.com\/labravaradiofm\/wp-content\/uploads\/sites\/5\/2026\/03\/abejas_pesticidas.webp","contentUrl":"https:\/\/www.bbmnoticias.com\/labravaradiofm\/wp-content\/uploads\/sites\/5\/2026\/03\/abejas_pesticidas.webp","width":1200,"height":741},{"@type":"BreadcrumbList","@id":"https:\/\/www.bbmnoticias.com\/denuncian-en-campeche-enfermedades-y-muerte-de-abejas-por-pesticidas\/#breadcrumb","itemListElement":[{"@type":"ListItem","position":1,"name":"Inicio","item":"https:\/\/www.bbmnoticias.com\/labravaradiofm\/"},{"@type":"ListItem","position":2,"name":"Denuncian en Campeche enfermedades y muerte de abejas por pesticidas"}]},{"@type":"WebSite","@id":"https:\/\/www.bbmnoticias.com\/labravaradiofm\/#website","url":"https:\/\/www.bbmnoticias.com\/labravaradiofm\/","name":"LA BRAVA RADIO","description":"Empresa productora de medios, Radiodifusi\u00f3n, Noticias, tendencias y todo lo que necesitas saber de la pol\u00edtica mexicana e internacional; entretenimiento, espect\u00e1culos, salud y mucho m\u00e1s.","potentialAction":[{"@type":"SearchAction","target":{"@type":"EntryPoint","urlTemplate":"https:\/\/www.bbmnoticias.com\/labravaradiofm\/?s={search_term_string}"},"query-input":{"@type":"PropertyValueSpecification","valueRequired":true,"valueName":"search_term_string"}}],"inLanguage":"es"},{"@type":"Person","@id":"https:\/\/www.bbmnoticias.com\/labravaradiofm\/#\/schema\/person\/000bdaf0a8fb5bff0d537c4d0778e33f","name":"Agencias","image":{"@type":"ImageObject","inLanguage":"es","@id":"https:\/\/secure.gravatar.com\/avatar\/739e0b61adf9e398b425c36718c8752286da0e8cd90f20ce9a86678abc26aa0d?s=96&d=mm&r=g","url":"https:\/\/secure.gravatar.com\/avatar\/739e0b61adf9e398b425c36718c8752286da0e8cd90f20ce9a86678abc26aa0d?s=96&d=mm&r=g","contentUrl":"https:\/\/secure.gravatar.com\/avatar\/739e0b61adf9e398b425c36718c8752286da0e8cd90f20ce9a86678abc26aa0d?s=96&d=mm&r=g","caption":"Agencias"},"url":"https:\/\/www.bbmnoticias.com\/labravaradiofm\/author\/agencias\/"}]}},"_links":{"self":[{"href":"https:\/\/www.bbmnoticias.com\/labravaradiofm\/wp-json\/wp\/v2\/posts\/74975","targetHints":{"allow":["GET"]}}],"collection":[{"href":"https:\/\/www.bbmnoticias.com\/labravaradiofm\/wp-json\/wp\/v2\/posts"}],"about":[{"href":"https:\/\/www.bbmnoticias.com\/labravaradiofm\/wp-json\/wp\/v2\/types\/post"}],"author":[{"embeddable":true,"href":"https:\/\/www.bbmnoticias.com\/labravaradiofm\/wp-json\/wp\/v2\/users\/4"}],"replies":[{"embeddable":true,"href":"https:\/\/www.bbmnoticias.com\/labravaradiofm\/wp-json\/wp\/v2\/comments?post=74975"}],"version-history":[{"count":1,"href":"https:\/\/www.bbmnoticias.com\/labravaradiofm\/wp-json\/wp\/v2\/posts\/74975\/revisions"}],"predecessor-version":[{"id":74976,"href":"https:\/\/www.bbmnoticias.com\/labravaradiofm\/wp-json\/wp\/v2\/posts\/74975\/revisions\/74976"}],"wp:featuredmedia":[{"embeddable":true,"href":"https:\/\/www.bbmnoticias.com\/labravaradiofm\/wp-json\/wp\/v2\/media\/74977"}],"wp:attachment":[{"href":"https:\/\/www.bbmnoticias.com\/labravaradiofm\/wp-json\/wp\/v2\/media?parent=74975"}],"wp:term":[{"taxonomy":"category","embeddable":true,"href":"https:\/\/www.bbmnoticias.com\/labravaradiofm\/wp-json\/wp\/v2\/categories?post=74975"},{"taxonomy":"post_tag","embeddable":true,"href":"https:\/\/www.bbmnoticias.com\/labravaradiofm\/wp-json\/wp\/v2\/tags?post=74975"}],"curies":[{"name":"wp","href":"https:\/\/api.w.org\/{rel}","templated":true}]}}