{"id":74966,"date":"2026-03-10T08:51:52","date_gmt":"2026-03-10T14:51:52","guid":{"rendered":"https:\/\/www.bbmnoticias.com\/labravaradiofm\/2026\/03\/10\/continua-bloqueada-la-autopista-barranca-larga-ventanilla\/"},"modified":"2026-03-10T08:51:55","modified_gmt":"2026-03-10T14:51:55","slug":"continua-bloqueada-la-autopista-barranca-larga-ventanilla","status":"publish","type":"post","link":"https:\/\/www.bbmnoticias.com\/labravaradiofm\/2026\/03\/10\/continua-bloqueada-la-autopista-barranca-larga-ventanilla\/","title":{"rendered":"Contin\u00faa bloqueada la autopista Barranca Larga-Ventanilla"},"content":{"rendered":"<div style=\"margin-top: 0px; margin-bottom: 0px;\" class=\"sharethis-inline-share-buttons\" ><\/div>\n<p>Sigue bloqueada la caseta de cobro Ventanilla en la autopista por lo que no hay paso en ning\u00fan sentido.<\/p>\n\n\n\n<p>En cuanto a la carretera federal 175, tramo Miahuatl\u00e1n- Pochutla, hay un poste ca\u00eddo adelante de Chacalapa, los carros peque\u00f1os si pueden pasar por un espacio peque\u00f1o orill\u00e1ndose en la carretera, porque el poste est\u00e1 bloqueando casi toda la cinta asf\u00e1ltica.<\/p>\n\n\n\n<figure class=\"wp-block-embed is-type-rich is-provider-twitter wp-block-embed-twitter\"><div class=\"wp-block-embed__wrapper\">\n<blockquote class=\"twitter-tweet\" data-width=\"550\" data-dnt=\"true\"><p lang=\"es\" dir=\"ltr\">La <a href=\"https:\/\/twitter.com\/hashtag\/Polic%C3%ADaVialEstatal?src=hash&amp;ref_src=twsrc%5Etfw\">#Polic\u00edaVialEstatal<\/a> instala un filtro en <a href=\"https:\/\/twitter.com\/hashtag\/Colotepec?src=hash&amp;ref_src=twsrc%5Etfw\">#Colotepec<\/a> para informar a las personas conductoras la ruta alterna por el bloqueo en la caseta <a href=\"https:\/\/twitter.com\/hashtag\/Ventanilla?src=hash&amp;ref_src=twsrc%5Etfw\">#Ventanilla<\/a> en la supercarretera Barranca Larga-Ventanilla.<br><br>\ud83d\udfe2 Ruta alterna para <a href=\"https:\/\/twitter.com\/hashtag\/Oaxaca?src=hash&amp;ref_src=twsrc%5Etfw\">#Oaxaca<\/a> por la carretera 175 <a href=\"https:\/\/twitter.com\/hashtag\/Pochutla?src=hash&amp;ref_src=twsrc%5Etfw\">#Pochutla<\/a>-Miahuatl\u00e1n-Oaxaca. <a href=\"https:\/\/t.co\/8m59rrMovZ\">pic.twitter.com\/8m59rrMovZ<\/a><\/p>&mdash; Polic\u00eda Vial Estatal (@PolVial_GobOax) <a href=\"https:\/\/twitter.com\/PolVial_GobOax\/status\/2031369026132168735?ref_src=twsrc%5Etfw\">March 10, 2026<\/a><\/blockquote><script async src=\"https:\/\/platform.twitter.com\/widgets.js\" charset=\"utf-8\"><\/script>\n<\/div><\/figure>\n\n\n\n<p>Chacalapa queda antes de llegar a San Pedro Pochutla, en el sentido de ir desde Miahuatl\u00e1n hacia esa ciudad.<\/p>\n\n\n\n<p>Los carros grandes que est\u00e1n circulando por la carretera 175, d\u00f3nde est\u00e1 el poste tirado est\u00e1n varados en Chacalapa y afectan la circulaci\u00f3n de los veh\u00edculos peque\u00f1os, llegar\u00e1 un momento en el que nadie pase y ser\u00e1 en unos minutos.<\/p>\n","protected":false},"excerpt":{"rendered":"<p>Sigue bloqueada la caseta de cobro Ventanilla en la autopista por lo que no hay paso en ning\u00fan sentido. En cuanto a la carretera federal 175, tramo Miahuatl\u00e1n- Pochutla, hay un poste ca\u00eddo adelante de Chacalapa, los carros peque\u00f1os si pueden pasar por un espacio peque\u00f1o orill\u00e1ndose en la carretera, porque el poste est\u00e1 bloqueando [&hellip;]<\/p>\n","protected":false},"author":4,"featured_media":74968,"comment_status":"closed","ping_status":"open","sticky":false,"template":"","format":"standard","meta":{"footnotes":""},"categories":[2],"tags":[],"class_list":{"0":"post-74966","1":"post","2":"type-post","3":"status-publish","4":"format-standard","5":"has-post-thumbnail","7":"category-oaxaca"},"yoast_head":"<!-- This site is optimized with the Yoast SEO plugin v27.4 - https:\/\/yoast.com\/product\/yoast-seo-wordpress\/ -->\n<title>Contin\u00faa bloqueada la autopista Barranca Larga-Ventanilla - LA BRAVA RADIO<\/title>\n<meta name=\"robots\" content=\"index, follow, max-snippet:-1, max-image-preview:large, max-video-preview:-1\" \/>\n<link rel=\"canonical\" href=\"https:\/\/www.bbmnoticias.com\/continua-bloqueada-la-autopista-barranca-larga-ventanilla\/\" \/>\n<meta property=\"og:locale\" content=\"es_MX\" \/>\n<meta property=\"og:type\" content=\"article\" \/>\n<meta property=\"og:title\" content=\"Contin\u00faa bloqueada la autopista Barranca Larga-Ventanilla - LA BRAVA RADIO\" \/>\n<meta property=\"og:description\" content=\"Sigue bloqueada la caseta de cobro Ventanilla en la autopista por lo que no hay paso en ning\u00fan sentido. En cuanto a la carretera federal 175, tramo Miahuatl\u00e1n- Pochutla, hay un poste ca\u00eddo adelante de Chacalapa, los carros peque\u00f1os si pueden pasar por un espacio peque\u00f1o orill\u00e1ndose en la carretera, porque el poste est\u00e1 bloqueando [&hellip;]\" \/>\n<meta property=\"og:url\" content=\"https:\/\/www.bbmnoticias.com\/continua-bloqueada-la-autopista-barranca-larga-ventanilla\/\" \/>\n<meta property=\"og:site_name\" content=\"LA BRAVA RADIO\" \/>\n<meta property=\"article:published_time\" content=\"2026-03-10T14:51:52+00:00\" \/>\n<meta property=\"article:modified_time\" content=\"2026-03-10T14:51:55+00:00\" \/>\n<meta property=\"og:image\" content=\"https:\/\/www.bbmnoticias.com\/labravaradiofm\/wp-content\/uploads\/sites\/5\/2026\/03\/bloqueo_barranca.jpg\" \/>\n\t<meta property=\"og:image:width\" content=\"800\" \/>\n\t<meta property=\"og:image:height\" content=\"446\" \/>\n\t<meta property=\"og:image:type\" content=\"image\/jpeg\" \/>\n<meta name=\"author\" content=\"Agencias\" \/>\n<meta name=\"twitter:card\" content=\"summary_large_image\" \/>\n<meta name=\"twitter:label1\" content=\"Escrito por\" \/>\n\t<meta name=\"twitter:data1\" content=\"Agencias\" \/>\n\t<meta name=\"twitter:label2\" content=\"Tiempo de lectura\" \/>\n\t<meta name=\"twitter:data2\" content=\"1 minuto\" \/>\n<script type=\"application\/ld+json\" class=\"yoast-schema-graph\">{\"@context\":\"https:\\\/\\\/schema.org\",\"@graph\":[{\"@type\":\"Article\",\"@id\":\"https:\\\/\\\/www.bbmnoticias.com\\\/continua-bloqueada-la-autopista-barranca-larga-ventanilla\\\/#article\",\"isPartOf\":{\"@id\":\"https:\\\/\\\/www.bbmnoticias.com\\\/labravaradiofm\\\/2026\\\/03\\\/10\\\/continua-bloqueada-la-autopista-barranca-larga-ventanilla\\\/\"},\"author\":{\"name\":\"Agencias\",\"@id\":\"https:\\\/\\\/www.bbmnoticias.com\\\/labravaradiofm\\\/#\\\/schema\\\/person\\\/000bdaf0a8fb5bff0d537c4d0778e33f\"},\"headline\":\"Contin\u00faa bloqueada la autopista Barranca Larga-Ventanilla\",\"datePublished\":\"2026-03-10T14:51:52+00:00\",\"dateModified\":\"2026-03-10T14:51:55+00:00\",\"mainEntityOfPage\":{\"@id\":\"https:\\\/\\\/www.bbmnoticias.com\\\/labravaradiofm\\\/2026\\\/03\\\/10\\\/continua-bloqueada-la-autopista-barranca-larga-ventanilla\\\/\"},\"wordCount\":144,\"image\":{\"@id\":\"https:\\\/\\\/www.bbmnoticias.com\\\/continua-bloqueada-la-autopista-barranca-larga-ventanilla\\\/#primaryimage\"},\"thumbnailUrl\":\"https:\\\/\\\/www.bbmnoticias.com\\\/labravaradiofm\\\/wp-content\\\/uploads\\\/sites\\\/5\\\/2026\\\/03\\\/bloqueo_barranca.jpg\",\"articleSection\":[\"LOCAL\"],\"inLanguage\":\"es\"},{\"@type\":\"WebPage\",\"@id\":\"https:\\\/\\\/www.bbmnoticias.com\\\/labravaradiofm\\\/2026\\\/03\\\/10\\\/continua-bloqueada-la-autopista-barranca-larga-ventanilla\\\/\",\"url\":\"https:\\\/\\\/www.bbmnoticias.com\\\/continua-bloqueada-la-autopista-barranca-larga-ventanilla\\\/\",\"name\":\"Contin\u00faa bloqueada la autopista Barranca Larga-Ventanilla - LA BRAVA RADIO\",\"isPartOf\":{\"@id\":\"https:\\\/\\\/www.bbmnoticias.com\\\/labravaradiofm\\\/#website\"},\"primaryImageOfPage\":{\"@id\":\"https:\\\/\\\/www.bbmnoticias.com\\\/continua-bloqueada-la-autopista-barranca-larga-ventanilla\\\/#primaryimage\"},\"image\":{\"@id\":\"https:\\\/\\\/www.bbmnoticias.com\\\/continua-bloqueada-la-autopista-barranca-larga-ventanilla\\\/#primaryimage\"},\"thumbnailUrl\":\"https:\\\/\\\/www.bbmnoticias.com\\\/labravaradiofm\\\/wp-content\\\/uploads\\\/sites\\\/5\\\/2026\\\/03\\\/bloqueo_barranca.jpg\",\"datePublished\":\"2026-03-10T14:51:52+00:00\",\"dateModified\":\"2026-03-10T14:51:55+00:00\",\"author\":{\"@id\":\"https:\\\/\\\/www.bbmnoticias.com\\\/labravaradiofm\\\/#\\\/schema\\\/person\\\/000bdaf0a8fb5bff0d537c4d0778e33f\"},\"breadcrumb\":{\"@id\":\"https:\\\/\\\/www.bbmnoticias.com\\\/continua-bloqueada-la-autopista-barranca-larga-ventanilla\\\/#breadcrumb\"},\"inLanguage\":\"es\",\"potentialAction\":[{\"@type\":\"ReadAction\",\"target\":[\"https:\\\/\\\/www.bbmnoticias.com\\\/continua-bloqueada-la-autopista-barranca-larga-ventanilla\\\/\"]}]},{\"@type\":\"ImageObject\",\"inLanguage\":\"es\",\"@id\":\"https:\\\/\\\/www.bbmnoticias.com\\\/continua-bloqueada-la-autopista-barranca-larga-ventanilla\\\/#primaryimage\",\"url\":\"https:\\\/\\\/www.bbmnoticias.com\\\/labravaradiofm\\\/wp-content\\\/uploads\\\/sites\\\/5\\\/2026\\\/03\\\/bloqueo_barranca.jpg\",\"contentUrl\":\"https:\\\/\\\/www.bbmnoticias.com\\\/labravaradiofm\\\/wp-content\\\/uploads\\\/sites\\\/5\\\/2026\\\/03\\\/bloqueo_barranca.jpg\",\"width\":800,\"height\":446},{\"@type\":\"BreadcrumbList\",\"@id\":\"https:\\\/\\\/www.bbmnoticias.com\\\/continua-bloqueada-la-autopista-barranca-larga-ventanilla\\\/#breadcrumb\",\"itemListElement\":[{\"@type\":\"ListItem\",\"position\":1,\"name\":\"Inicio\",\"item\":\"https:\\\/\\\/www.bbmnoticias.com\\\/labravaradiofm\\\/\"},{\"@type\":\"ListItem\",\"position\":2,\"name\":\"Contin\u00faa bloqueada la autopista Barranca Larga-Ventanilla\"}]},{\"@type\":\"WebSite\",\"@id\":\"https:\\\/\\\/www.bbmnoticias.com\\\/labravaradiofm\\\/#website\",\"url\":\"https:\\\/\\\/www.bbmnoticias.com\\\/labravaradiofm\\\/\",\"name\":\"LA BRAVA RADIO\",\"description\":\"Empresa productora de medios, Radiodifusi\u00f3n, Noticias, tendencias y todo lo que necesitas saber de la pol\u00edtica mexicana e internacional; entretenimiento, espect\u00e1culos, salud y mucho m\u00e1s.\",\"potentialAction\":[{\"@type\":\"SearchAction\",\"target\":{\"@type\":\"EntryPoint\",\"urlTemplate\":\"https:\\\/\\\/www.bbmnoticias.com\\\/labravaradiofm\\\/?s={search_term_string}\"},\"query-input\":{\"@type\":\"PropertyValueSpecification\",\"valueRequired\":true,\"valueName\":\"search_term_string\"}}],\"inLanguage\":\"es\"},{\"@type\":\"Person\",\"@id\":\"https:\\\/\\\/www.bbmnoticias.com\\\/labravaradiofm\\\/#\\\/schema\\\/person\\\/000bdaf0a8fb5bff0d537c4d0778e33f\",\"name\":\"Agencias\",\"image\":{\"@type\":\"ImageObject\",\"inLanguage\":\"es\",\"@id\":\"https:\\\/\\\/secure.gravatar.com\\\/avatar\\\/739e0b61adf9e398b425c36718c8752286da0e8cd90f20ce9a86678abc26aa0d?s=96&d=mm&r=g\",\"url\":\"https:\\\/\\\/secure.gravatar.com\\\/avatar\\\/739e0b61adf9e398b425c36718c8752286da0e8cd90f20ce9a86678abc26aa0d?s=96&d=mm&r=g\",\"contentUrl\":\"https:\\\/\\\/secure.gravatar.com\\\/avatar\\\/739e0b61adf9e398b425c36718c8752286da0e8cd90f20ce9a86678abc26aa0d?s=96&d=mm&r=g\",\"caption\":\"Agencias\"},\"url\":\"https:\\\/\\\/www.bbmnoticias.com\\\/labravaradiofm\\\/author\\\/agencias\\\/\"}]}<\/script>\n<!-- \/ Yoast SEO plugin. -->","yoast_head_json":{"title":"Contin\u00faa bloqueada la autopista Barranca Larga-Ventanilla - LA BRAVA RADIO","robots":{"index":"index","follow":"follow","max-snippet":"max-snippet:-1","max-image-preview":"max-image-preview:large","max-video-preview":"max-video-preview:-1"},"canonical":"https:\/\/www.bbmnoticias.com\/continua-bloqueada-la-autopista-barranca-larga-ventanilla\/","og_locale":"es_MX","og_type":"article","og_title":"Contin\u00faa bloqueada la autopista Barranca Larga-Ventanilla - LA BRAVA RADIO","og_description":"Sigue bloqueada la caseta de cobro Ventanilla en la autopista por lo que no hay paso en ning\u00fan sentido. En cuanto a la carretera federal 175, tramo Miahuatl\u00e1n- Pochutla, hay un poste ca\u00eddo adelante de Chacalapa, los carros peque\u00f1os si pueden pasar por un espacio peque\u00f1o orill\u00e1ndose en la carretera, porque el poste est\u00e1 bloqueando [&hellip;]","og_url":"https:\/\/www.bbmnoticias.com\/continua-bloqueada-la-autopista-barranca-larga-ventanilla\/","og_site_name":"LA BRAVA RADIO","article_published_time":"2026-03-10T14:51:52+00:00","article_modified_time":"2026-03-10T14:51:55+00:00","og_image":[{"width":800,"height":446,"url":"https:\/\/www.bbmnoticias.com\/labravaradiofm\/wp-content\/uploads\/sites\/5\/2026\/03\/bloqueo_barranca.jpg","type":"image\/jpeg"}],"author":"Agencias","twitter_card":"summary_large_image","twitter_misc":{"Escrito por":"Agencias","Tiempo de lectura":"1 minuto"},"schema":{"@context":"https:\/\/schema.org","@graph":[{"@type":"Article","@id":"https:\/\/www.bbmnoticias.com\/continua-bloqueada-la-autopista-barranca-larga-ventanilla\/#article","isPartOf":{"@id":"https:\/\/www.bbmnoticias.com\/labravaradiofm\/2026\/03\/10\/continua-bloqueada-la-autopista-barranca-larga-ventanilla\/"},"author":{"name":"Agencias","@id":"https:\/\/www.bbmnoticias.com\/labravaradiofm\/#\/schema\/person\/000bdaf0a8fb5bff0d537c4d0778e33f"},"headline":"Contin\u00faa bloqueada la autopista Barranca Larga-Ventanilla","datePublished":"2026-03-10T14:51:52+00:00","dateModified":"2026-03-10T14:51:55+00:00","mainEntityOfPage":{"@id":"https:\/\/www.bbmnoticias.com\/labravaradiofm\/2026\/03\/10\/continua-bloqueada-la-autopista-barranca-larga-ventanilla\/"},"wordCount":144,"image":{"@id":"https:\/\/www.bbmnoticias.com\/continua-bloqueada-la-autopista-barranca-larga-ventanilla\/#primaryimage"},"thumbnailUrl":"https:\/\/www.bbmnoticias.com\/labravaradiofm\/wp-content\/uploads\/sites\/5\/2026\/03\/bloqueo_barranca.jpg","articleSection":["LOCAL"],"inLanguage":"es"},{"@type":"WebPage","@id":"https:\/\/www.bbmnoticias.com\/labravaradiofm\/2026\/03\/10\/continua-bloqueada-la-autopista-barranca-larga-ventanilla\/","url":"https:\/\/www.bbmnoticias.com\/continua-bloqueada-la-autopista-barranca-larga-ventanilla\/","name":"Contin\u00faa bloqueada la autopista Barranca Larga-Ventanilla - LA BRAVA RADIO","isPartOf":{"@id":"https:\/\/www.bbmnoticias.com\/labravaradiofm\/#website"},"primaryImageOfPage":{"@id":"https:\/\/www.bbmnoticias.com\/continua-bloqueada-la-autopista-barranca-larga-ventanilla\/#primaryimage"},"image":{"@id":"https:\/\/www.bbmnoticias.com\/continua-bloqueada-la-autopista-barranca-larga-ventanilla\/#primaryimage"},"thumbnailUrl":"https:\/\/www.bbmnoticias.com\/labravaradiofm\/wp-content\/uploads\/sites\/5\/2026\/03\/bloqueo_barranca.jpg","datePublished":"2026-03-10T14:51:52+00:00","dateModified":"2026-03-10T14:51:55+00:00","author":{"@id":"https:\/\/www.bbmnoticias.com\/labravaradiofm\/#\/schema\/person\/000bdaf0a8fb5bff0d537c4d0778e33f"},"breadcrumb":{"@id":"https:\/\/www.bbmnoticias.com\/continua-bloqueada-la-autopista-barranca-larga-ventanilla\/#breadcrumb"},"inLanguage":"es","potentialAction":[{"@type":"ReadAction","target":["https:\/\/www.bbmnoticias.com\/continua-bloqueada-la-autopista-barranca-larga-ventanilla\/"]}]},{"@type":"ImageObject","inLanguage":"es","@id":"https:\/\/www.bbmnoticias.com\/continua-bloqueada-la-autopista-barranca-larga-ventanilla\/#primaryimage","url":"https:\/\/www.bbmnoticias.com\/labravaradiofm\/wp-content\/uploads\/sites\/5\/2026\/03\/bloqueo_barranca.jpg","contentUrl":"https:\/\/www.bbmnoticias.com\/labravaradiofm\/wp-content\/uploads\/sites\/5\/2026\/03\/bloqueo_barranca.jpg","width":800,"height":446},{"@type":"BreadcrumbList","@id":"https:\/\/www.bbmnoticias.com\/continua-bloqueada-la-autopista-barranca-larga-ventanilla\/#breadcrumb","itemListElement":[{"@type":"ListItem","position":1,"name":"Inicio","item":"https:\/\/www.bbmnoticias.com\/labravaradiofm\/"},{"@type":"ListItem","position":2,"name":"Contin\u00faa bloqueada la autopista Barranca Larga-Ventanilla"}]},{"@type":"WebSite","@id":"https:\/\/www.bbmnoticias.com\/labravaradiofm\/#website","url":"https:\/\/www.bbmnoticias.com\/labravaradiofm\/","name":"LA BRAVA RADIO","description":"Empresa productora de medios, Radiodifusi\u00f3n, Noticias, tendencias y todo lo que necesitas saber de la pol\u00edtica mexicana e internacional; entretenimiento, espect\u00e1culos, salud y mucho m\u00e1s.","potentialAction":[{"@type":"SearchAction","target":{"@type":"EntryPoint","urlTemplate":"https:\/\/www.bbmnoticias.com\/labravaradiofm\/?s={search_term_string}"},"query-input":{"@type":"PropertyValueSpecification","valueRequired":true,"valueName":"search_term_string"}}],"inLanguage":"es"},{"@type":"Person","@id":"https:\/\/www.bbmnoticias.com\/labravaradiofm\/#\/schema\/person\/000bdaf0a8fb5bff0d537c4d0778e33f","name":"Agencias","image":{"@type":"ImageObject","inLanguage":"es","@id":"https:\/\/secure.gravatar.com\/avatar\/739e0b61adf9e398b425c36718c8752286da0e8cd90f20ce9a86678abc26aa0d?s=96&d=mm&r=g","url":"https:\/\/secure.gravatar.com\/avatar\/739e0b61adf9e398b425c36718c8752286da0e8cd90f20ce9a86678abc26aa0d?s=96&d=mm&r=g","contentUrl":"https:\/\/secure.gravatar.com\/avatar\/739e0b61adf9e398b425c36718c8752286da0e8cd90f20ce9a86678abc26aa0d?s=96&d=mm&r=g","caption":"Agencias"},"url":"https:\/\/www.bbmnoticias.com\/labravaradiofm\/author\/agencias\/"}]}},"_links":{"self":[{"href":"https:\/\/www.bbmnoticias.com\/labravaradiofm\/wp-json\/wp\/v2\/posts\/74966","targetHints":{"allow":["GET"]}}],"collection":[{"href":"https:\/\/www.bbmnoticias.com\/labravaradiofm\/wp-json\/wp\/v2\/posts"}],"about":[{"href":"https:\/\/www.bbmnoticias.com\/labravaradiofm\/wp-json\/wp\/v2\/types\/post"}],"author":[{"embeddable":true,"href":"https:\/\/www.bbmnoticias.com\/labravaradiofm\/wp-json\/wp\/v2\/users\/4"}],"replies":[{"embeddable":true,"href":"https:\/\/www.bbmnoticias.com\/labravaradiofm\/wp-json\/wp\/v2\/comments?post=74966"}],"version-history":[{"count":1,"href":"https:\/\/www.bbmnoticias.com\/labravaradiofm\/wp-json\/wp\/v2\/posts\/74966\/revisions"}],"predecessor-version":[{"id":74967,"href":"https:\/\/www.bbmnoticias.com\/labravaradiofm\/wp-json\/wp\/v2\/posts\/74966\/revisions\/74967"}],"wp:featuredmedia":[{"embeddable":true,"href":"https:\/\/www.bbmnoticias.com\/labravaradiofm\/wp-json\/wp\/v2\/media\/74968"}],"wp:attachment":[{"href":"https:\/\/www.bbmnoticias.com\/labravaradiofm\/wp-json\/wp\/v2\/media?parent=74966"}],"wp:term":[{"taxonomy":"category","embeddable":true,"href":"https:\/\/www.bbmnoticias.com\/labravaradiofm\/wp-json\/wp\/v2\/categories?post=74966"},{"taxonomy":"post_tag","embeddable":true,"href":"https:\/\/www.bbmnoticias.com\/labravaradiofm\/wp-json\/wp\/v2\/tags?post=74966"}],"curies":[{"name":"wp","href":"https:\/\/api.w.org\/{rel}","templated":true}]}}