{"id":74963,"date":"2026-03-10T08:37:25","date_gmt":"2026-03-10T14:37:25","guid":{"rendered":"https:\/\/www.bbmnoticias.com\/labravaradiofm\/2026\/03\/10\/pentagono-advierte-que-hoy-martes-10-de-marzo-sera-el-dia-mas-intenso-de-bombardeos-en-iran\/"},"modified":"2026-03-10T08:37:27","modified_gmt":"2026-03-10T14:37:27","slug":"pentagono-advierte-que-hoy-martes-10-de-marzo-sera-el-dia-mas-intenso-de-bombardeos-en-iran","status":"publish","type":"post","link":"https:\/\/www.bbmnoticias.com\/labravaradiofm\/2026\/03\/10\/pentagono-advierte-que-hoy-martes-10-de-marzo-sera-el-dia-mas-intenso-de-bombardeos-en-iran\/","title":{"rendered":"Pent\u00e1gono advierte que hoy martes 10 de marzo ser\u00e1 el &#8220;d\u00eda m\u00e1s intenso&#8221; de bombardeos en Ir\u00e1n"},"content":{"rendered":"<div style=\"margin-top: 0px; margin-bottom: 0px;\" class=\"sharethis-inline-share-buttons\" ><\/div>\n<p>El secretario de Guerra de EE.UU., <strong><a href=\"https:\/\/x.com\/SecWar\" target=\"_blank\" rel=\"noreferrer noopener\">Pete<\/a> Hegseth<\/strong>, adelant\u00f3 que este martes 10 de marzo de 2026 ser\u00e1 el <strong>d\u00eda m\u00e1s intenso<\/strong> de <strong>bombardeos<\/strong> en <strong>Ir\u00e1n<\/strong> desde el inicio de la guerra y afirm\u00f3 que la capacidad de respuesta de Teher\u00e1n se ha reducido mientras avanza la ofensiva, enfocada tambi\u00e9n contra la industria de defensa iran\u00ed.<\/p>\n\n\n\n<blockquote class=\"wp-block-quote is-layout-flow wp-block-quote-is-layout-flow\">\n<p>Hoy ser\u00e1, una vez m\u00e1s, nuestro d\u00eda m\u00e1s intenso de ataques dentro de Ir\u00e1n: la mayor cantidad de cazas, la mayor cantidad de bombarderos, la mayor cantidad de ataques\u201d, dijo Hegseth en una rueda de prensa en el Pent\u00e1gono.<\/p>\n<\/blockquote>\n\n\n\n<p>Seg\u00fan el secretario de Defensa de EE.UU., \u201cen las \u00faltimas 24 horas\u201d la Rep\u00fablica Isl\u00e1mica \u201cha lanzado la menor cantidad de misiles de la que ha sido capaz hasta ahora\u201d.<\/p>\n\n\n\n<blockquote class=\"twitter-tweet\" data-media-max-width=\"560\"><p lang=\"en\" dir=\"ltr\">.<a href=\"https:\/\/twitter.com\/SecWar?ref_src=twsrc%5Etfw\">@SecWar<\/a>: &quot;Today will be yet again our most intense day of strikes inside Iran \u2014 the most fighters, the most bombers, the most strikes&#8230; On the other hand, the last 24 hours have seen Iran fire the lowest number of missiles.&quot; <a href=\"https:\/\/t.co\/ob9o8iKv1M\">pic.twitter.com\/ob9o8iKv1M<\/a><\/p>&mdash; Rapid Response 47 (@RapidResponse47) <a href=\"https:\/\/twitter.com\/RapidResponse47\/status\/2031345164329890008?ref_src=twsrc%5Etfw\">March 10, 2026<\/a><\/blockquote> <script async src=\"https:\/\/platform.twitter.com\/widgets.js\" charset=\"utf-8\"><\/script> \n\n\n\n<p>Desde que <strong>Estados Unidos<\/strong> e <strong>Israel<\/strong> iniciaron la <strong>Operaci\u00f3n Furia \u00c9pica<\/strong> el 28 de febrero, los ataques han alcanzado <strong>cinco mil objetivos<\/strong> en territorio iran\u00ed, lo que ha resultado en un \u201cavance significativo\u201d en la reducci\u00f3n de los lanzamientos de misiles y drones procedentes de Ir\u00e1n, afirm\u00f3 el mando militar estadounidense.<\/p>\n\n\n\n<p>El jefe del Estado Mayor Conjunto de EE.UU., <strong>Dan Caine<\/strong>, reiter\u00f3 que los ataques con misiles bal\u00edsticos desde Ir\u00e1n mantienen \u201cuna tendencia a la baja del 90 por ciento respecto a cuando comenzaron, y los drones de ataque unidireccional han disminuido un 83 % desde el inicio de la operaci\u00f3n\u201d.<\/p>\n\n\n\n<p>Caine inform\u00f3 de que han comenzado a atacar \u201cel complejo militar e industrial iran\u00ed\u201d centr\u00e1ndose en f\u00e1bricas de drones kamikazes para \u201cdestruir el n\u00facleo de su capacidad aut\u00f3noma\u201d.<\/p>\n\n\n\n<p>En medio de los bombardeos en respuesta de Ir\u00e1n a pa\u00edses de la regi\u00f3n donde EE.UU. mantiene presencia diplom\u00e1tica y militar, el jefe militar estadounidense afirm\u00f3 que siguen utilizando cazas y helic\u00f3pteros de ataque para interceptar drones enemigos.<\/p>\n\n\n\n<p>Preguntado sobre el nuevo l\u00edder supremo iran\u00ed, <strong>Mojtaba Jamene\u00ed,<\/strong> hijo del extinto <strong>Al\u00ed Jamene\u00ed<\/strong>; y los reportes sobre sus supuestas heridas en combate, Hegseth no quiso hacer comentarios pero s\u00ed advirti\u00f3 que ser\u00eda prudente que el religioso tomara en serio las amenazas del presidente <strong>Donald Trump<\/strong> y no desarrollara armas nucleares.<\/p>\n\n\n\n<p>\u201cNos encontramos en una posici\u00f3n muy s\u00f3lida\u201d, repiti\u00f3 el jefe del Pent\u00e1gono, quien sin embargo evit\u00f3 dar una predicci\u00f3n precisa de cu\u00e1ndo podr\u00edan terminar los ataques.<\/p>\n\n\n\n<p>La semana pasada, Trump y el propio Hegseth afirmaron que la operaci\u00f3n iba m\u00e1s r\u00e1pido de lo que pensaban y adelantaron que la guerra podr\u00eda durar de tres a ocho semanas.<\/p>\n\n\n\n<p>El presidente estadounidense ha justificado la ofensiva militar en la supuesta intenci\u00f3n de Ir\u00e1n de \u201capoderarse de todo Oriente Medio\u201d y ha descrito al pa\u00eds como un \u201ctigre de papel\u201d cuyas capacidades de defensa han sido neutralizadas.<\/p>\n\n\n\n<p>Cientos de personas han muerto en Ir\u00e1n a causa de los bombardeos, entre ellos civiles y ni\u00f1os. Por otro lado, al menos siete militares estadounidenses han fallecido en ataques iran\u00edes desde el inicio de la ofensiva.<\/p>\n\n\n\n<p>Con informaci\u00f3n de EFE<\/p>\n","protected":false},"excerpt":{"rendered":"<p>El secretario de Guerra de EE.UU., Pete Hegseth, adelant\u00f3 que este martes 10 de marzo de 2026 ser\u00e1 el d\u00eda m\u00e1s intenso de bombardeos en Ir\u00e1n desde el inicio de la guerra y afirm\u00f3 que la capacidad de respuesta de Teher\u00e1n se ha reducido mientras avanza la ofensiva, enfocada tambi\u00e9n contra la industria de defensa [&hellip;]<\/p>\n","protected":false},"author":4,"featured_media":74965,"comment_status":"closed","ping_status":"open","sticky":false,"template":"","format":"standard","meta":{"footnotes":""},"categories":[948,2],"tags":[],"class_list":{"0":"post-74963","1":"post","2":"type-post","3":"status-publish","4":"format-standard","5":"has-post-thumbnail","7":"category-internacional","8":"category-oaxaca"},"yoast_head":"<!-- This site is optimized with the Yoast SEO plugin v27.4 - https:\/\/yoast.com\/product\/yoast-seo-wordpress\/ -->\n<title>Pent\u00e1gono advierte que hoy martes 10 de marzo ser\u00e1 el &quot;d\u00eda m\u00e1s intenso&quot; de bombardeos en Ir\u00e1n - LA BRAVA RADIO<\/title>\n<meta name=\"robots\" content=\"index, follow, max-snippet:-1, max-image-preview:large, max-video-preview:-1\" \/>\n<link rel=\"canonical\" href=\"https:\/\/www.bbmnoticias.com\/pentagono-advierte-que-hoy-martes-10-de-marzo-sera-el-dia-mas-intenso-de-bombardeos-en-iran\/\" \/>\n<meta property=\"og:locale\" content=\"es_MX\" \/>\n<meta property=\"og:type\" content=\"article\" \/>\n<meta property=\"og:title\" content=\"Pent\u00e1gono advierte que hoy martes 10 de marzo ser\u00e1 el &quot;d\u00eda m\u00e1s intenso&quot; de bombardeos en Ir\u00e1n - LA BRAVA RADIO\" \/>\n<meta property=\"og:description\" content=\"El secretario de Guerra de EE.UU., Pete Hegseth, adelant\u00f3 que este martes 10 de marzo de 2026 ser\u00e1 el d\u00eda m\u00e1s intenso de bombardeos en Ir\u00e1n desde el inicio de la guerra y afirm\u00f3 que la capacidad de respuesta de Teher\u00e1n se ha reducido mientras avanza la ofensiva, enfocada tambi\u00e9n contra la industria de defensa [&hellip;]\" \/>\n<meta property=\"og:url\" content=\"https:\/\/www.bbmnoticias.com\/pentagono-advierte-que-hoy-martes-10-de-marzo-sera-el-dia-mas-intenso-de-bombardeos-en-iran\/\" \/>\n<meta property=\"og:site_name\" content=\"LA BRAVA RADIO\" \/>\n<meta property=\"article:published_time\" content=\"2026-03-10T14:37:25+00:00\" \/>\n<meta property=\"article:modified_time\" content=\"2026-03-10T14:37:27+00:00\" \/>\n<meta property=\"og:image\" content=\"https:\/\/www.bbmnoticias.com\/labravaradiofm\/wp-content\/uploads\/sites\/5\/2026\/03\/bombardeos-teheran-iran-10mar26.jpg\" \/>\n\t<meta property=\"og:image:width\" content=\"1536\" \/>\n\t<meta property=\"og:image:height\" content=\"1025\" \/>\n\t<meta property=\"og:image:type\" content=\"image\/jpeg\" \/>\n<meta name=\"author\" content=\"Agencias\" \/>\n<meta name=\"twitter:card\" content=\"summary_large_image\" \/>\n<meta name=\"twitter:label1\" content=\"Escrito por\" \/>\n\t<meta name=\"twitter:data1\" content=\"Agencias\" \/>\n\t<meta name=\"twitter:label2\" content=\"Tiempo de lectura\" \/>\n\t<meta name=\"twitter:data2\" content=\"3 minutos\" \/>\n<script type=\"application\/ld+json\" class=\"yoast-schema-graph\">{\"@context\":\"https:\\\/\\\/schema.org\",\"@graph\":[{\"@type\":\"Article\",\"@id\":\"https:\\\/\\\/www.bbmnoticias.com\\\/pentagono-advierte-que-hoy-martes-10-de-marzo-sera-el-dia-mas-intenso-de-bombardeos-en-iran\\\/#article\",\"isPartOf\":{\"@id\":\"https:\\\/\\\/www.bbmnoticias.com\\\/labravaradiofm\\\/2026\\\/03\\\/10\\\/pentagono-advierte-que-hoy-martes-10-de-marzo-sera-el-dia-mas-intenso-de-bombardeos-en-iran\\\/\"},\"author\":{\"name\":\"Agencias\",\"@id\":\"https:\\\/\\\/www.bbmnoticias.com\\\/labravaradiofm\\\/#\\\/schema\\\/person\\\/000bdaf0a8fb5bff0d537c4d0778e33f\"},\"headline\":\"Pent\u00e1gono advierte que hoy martes 10 de marzo ser\u00e1 el &#8220;d\u00eda m\u00e1s intenso&#8221; de bombardeos en Ir\u00e1n\",\"datePublished\":\"2026-03-10T14:37:25+00:00\",\"dateModified\":\"2026-03-10T14:37:27+00:00\",\"mainEntityOfPage\":{\"@id\":\"https:\\\/\\\/www.bbmnoticias.com\\\/labravaradiofm\\\/2026\\\/03\\\/10\\\/pentagono-advierte-que-hoy-martes-10-de-marzo-sera-el-dia-mas-intenso-de-bombardeos-en-iran\\\/\"},\"wordCount\":594,\"image\":{\"@id\":\"https:\\\/\\\/www.bbmnoticias.com\\\/pentagono-advierte-que-hoy-martes-10-de-marzo-sera-el-dia-mas-intenso-de-bombardeos-en-iran\\\/#primaryimage\"},\"thumbnailUrl\":\"https:\\\/\\\/www.bbmnoticias.com\\\/labravaradiofm\\\/wp-content\\\/uploads\\\/sites\\\/5\\\/2026\\\/03\\\/bombardeos-teheran-iran-10mar26.jpg\",\"articleSection\":[\"INTERNACIONAL\",\"LOCAL\"],\"inLanguage\":\"es\"},{\"@type\":\"WebPage\",\"@id\":\"https:\\\/\\\/www.bbmnoticias.com\\\/labravaradiofm\\\/2026\\\/03\\\/10\\\/pentagono-advierte-que-hoy-martes-10-de-marzo-sera-el-dia-mas-intenso-de-bombardeos-en-iran\\\/\",\"url\":\"https:\\\/\\\/www.bbmnoticias.com\\\/pentagono-advierte-que-hoy-martes-10-de-marzo-sera-el-dia-mas-intenso-de-bombardeos-en-iran\\\/\",\"name\":\"Pent\u00e1gono advierte que hoy martes 10 de marzo ser\u00e1 el \\\"d\u00eda m\u00e1s intenso\\\" de bombardeos en Ir\u00e1n - LA BRAVA RADIO\",\"isPartOf\":{\"@id\":\"https:\\\/\\\/www.bbmnoticias.com\\\/labravaradiofm\\\/#website\"},\"primaryImageOfPage\":{\"@id\":\"https:\\\/\\\/www.bbmnoticias.com\\\/pentagono-advierte-que-hoy-martes-10-de-marzo-sera-el-dia-mas-intenso-de-bombardeos-en-iran\\\/#primaryimage\"},\"image\":{\"@id\":\"https:\\\/\\\/www.bbmnoticias.com\\\/pentagono-advierte-que-hoy-martes-10-de-marzo-sera-el-dia-mas-intenso-de-bombardeos-en-iran\\\/#primaryimage\"},\"thumbnailUrl\":\"https:\\\/\\\/www.bbmnoticias.com\\\/labravaradiofm\\\/wp-content\\\/uploads\\\/sites\\\/5\\\/2026\\\/03\\\/bombardeos-teheran-iran-10mar26.jpg\",\"datePublished\":\"2026-03-10T14:37:25+00:00\",\"dateModified\":\"2026-03-10T14:37:27+00:00\",\"author\":{\"@id\":\"https:\\\/\\\/www.bbmnoticias.com\\\/labravaradiofm\\\/#\\\/schema\\\/person\\\/000bdaf0a8fb5bff0d537c4d0778e33f\"},\"breadcrumb\":{\"@id\":\"https:\\\/\\\/www.bbmnoticias.com\\\/pentagono-advierte-que-hoy-martes-10-de-marzo-sera-el-dia-mas-intenso-de-bombardeos-en-iran\\\/#breadcrumb\"},\"inLanguage\":\"es\",\"potentialAction\":[{\"@type\":\"ReadAction\",\"target\":[\"https:\\\/\\\/www.bbmnoticias.com\\\/pentagono-advierte-que-hoy-martes-10-de-marzo-sera-el-dia-mas-intenso-de-bombardeos-en-iran\\\/\"]}]},{\"@type\":\"ImageObject\",\"inLanguage\":\"es\",\"@id\":\"https:\\\/\\\/www.bbmnoticias.com\\\/pentagono-advierte-que-hoy-martes-10-de-marzo-sera-el-dia-mas-intenso-de-bombardeos-en-iran\\\/#primaryimage\",\"url\":\"https:\\\/\\\/www.bbmnoticias.com\\\/labravaradiofm\\\/wp-content\\\/uploads\\\/sites\\\/5\\\/2026\\\/03\\\/bombardeos-teheran-iran-10mar26.jpg\",\"contentUrl\":\"https:\\\/\\\/www.bbmnoticias.com\\\/labravaradiofm\\\/wp-content\\\/uploads\\\/sites\\\/5\\\/2026\\\/03\\\/bombardeos-teheran-iran-10mar26.jpg\",\"width\":1536,\"height\":1025},{\"@type\":\"BreadcrumbList\",\"@id\":\"https:\\\/\\\/www.bbmnoticias.com\\\/pentagono-advierte-que-hoy-martes-10-de-marzo-sera-el-dia-mas-intenso-de-bombardeos-en-iran\\\/#breadcrumb\",\"itemListElement\":[{\"@type\":\"ListItem\",\"position\":1,\"name\":\"Inicio\",\"item\":\"https:\\\/\\\/www.bbmnoticias.com\\\/labravaradiofm\\\/\"},{\"@type\":\"ListItem\",\"position\":2,\"name\":\"Pent\u00e1gono advierte que hoy martes 10 de marzo ser\u00e1 el &#8220;d\u00eda m\u00e1s intenso&#8221; de bombardeos en Ir\u00e1n\"}]},{\"@type\":\"WebSite\",\"@id\":\"https:\\\/\\\/www.bbmnoticias.com\\\/labravaradiofm\\\/#website\",\"url\":\"https:\\\/\\\/www.bbmnoticias.com\\\/labravaradiofm\\\/\",\"name\":\"LA BRAVA RADIO\",\"description\":\"Empresa productora de medios, Radiodifusi\u00f3n, Noticias, tendencias y todo lo que necesitas saber de la pol\u00edtica mexicana e internacional; entretenimiento, espect\u00e1culos, salud y mucho m\u00e1s.\",\"potentialAction\":[{\"@type\":\"SearchAction\",\"target\":{\"@type\":\"EntryPoint\",\"urlTemplate\":\"https:\\\/\\\/www.bbmnoticias.com\\\/labravaradiofm\\\/?s={search_term_string}\"},\"query-input\":{\"@type\":\"PropertyValueSpecification\",\"valueRequired\":true,\"valueName\":\"search_term_string\"}}],\"inLanguage\":\"es\"},{\"@type\":\"Person\",\"@id\":\"https:\\\/\\\/www.bbmnoticias.com\\\/labravaradiofm\\\/#\\\/schema\\\/person\\\/000bdaf0a8fb5bff0d537c4d0778e33f\",\"name\":\"Agencias\",\"image\":{\"@type\":\"ImageObject\",\"inLanguage\":\"es\",\"@id\":\"https:\\\/\\\/secure.gravatar.com\\\/avatar\\\/739e0b61adf9e398b425c36718c8752286da0e8cd90f20ce9a86678abc26aa0d?s=96&d=mm&r=g\",\"url\":\"https:\\\/\\\/secure.gravatar.com\\\/avatar\\\/739e0b61adf9e398b425c36718c8752286da0e8cd90f20ce9a86678abc26aa0d?s=96&d=mm&r=g\",\"contentUrl\":\"https:\\\/\\\/secure.gravatar.com\\\/avatar\\\/739e0b61adf9e398b425c36718c8752286da0e8cd90f20ce9a86678abc26aa0d?s=96&d=mm&r=g\",\"caption\":\"Agencias\"},\"url\":\"https:\\\/\\\/www.bbmnoticias.com\\\/labravaradiofm\\\/author\\\/agencias\\\/\"}]}<\/script>\n<!-- \/ Yoast SEO plugin. -->","yoast_head_json":{"title":"Pent\u00e1gono advierte que hoy martes 10 de marzo ser\u00e1 el \"d\u00eda m\u00e1s intenso\" de bombardeos en Ir\u00e1n - LA BRAVA RADIO","robots":{"index":"index","follow":"follow","max-snippet":"max-snippet:-1","max-image-preview":"max-image-preview:large","max-video-preview":"max-video-preview:-1"},"canonical":"https:\/\/www.bbmnoticias.com\/pentagono-advierte-que-hoy-martes-10-de-marzo-sera-el-dia-mas-intenso-de-bombardeos-en-iran\/","og_locale":"es_MX","og_type":"article","og_title":"Pent\u00e1gono advierte que hoy martes 10 de marzo ser\u00e1 el \"d\u00eda m\u00e1s intenso\" de bombardeos en Ir\u00e1n - LA BRAVA RADIO","og_description":"El secretario de Guerra de EE.UU., Pete Hegseth, adelant\u00f3 que este martes 10 de marzo de 2026 ser\u00e1 el d\u00eda m\u00e1s intenso de bombardeos en Ir\u00e1n desde el inicio de la guerra y afirm\u00f3 que la capacidad de respuesta de Teher\u00e1n se ha reducido mientras avanza la ofensiva, enfocada tambi\u00e9n contra la industria de defensa [&hellip;]","og_url":"https:\/\/www.bbmnoticias.com\/pentagono-advierte-que-hoy-martes-10-de-marzo-sera-el-dia-mas-intenso-de-bombardeos-en-iran\/","og_site_name":"LA BRAVA RADIO","article_published_time":"2026-03-10T14:37:25+00:00","article_modified_time":"2026-03-10T14:37:27+00:00","og_image":[{"width":1536,"height":1025,"url":"https:\/\/www.bbmnoticias.com\/labravaradiofm\/wp-content\/uploads\/sites\/5\/2026\/03\/bombardeos-teheran-iran-10mar26.jpg","type":"image\/jpeg"}],"author":"Agencias","twitter_card":"summary_large_image","twitter_misc":{"Escrito por":"Agencias","Tiempo de lectura":"3 minutos"},"schema":{"@context":"https:\/\/schema.org","@graph":[{"@type":"Article","@id":"https:\/\/www.bbmnoticias.com\/pentagono-advierte-que-hoy-martes-10-de-marzo-sera-el-dia-mas-intenso-de-bombardeos-en-iran\/#article","isPartOf":{"@id":"https:\/\/www.bbmnoticias.com\/labravaradiofm\/2026\/03\/10\/pentagono-advierte-que-hoy-martes-10-de-marzo-sera-el-dia-mas-intenso-de-bombardeos-en-iran\/"},"author":{"name":"Agencias","@id":"https:\/\/www.bbmnoticias.com\/labravaradiofm\/#\/schema\/person\/000bdaf0a8fb5bff0d537c4d0778e33f"},"headline":"Pent\u00e1gono advierte que hoy martes 10 de marzo ser\u00e1 el &#8220;d\u00eda m\u00e1s intenso&#8221; de bombardeos en Ir\u00e1n","datePublished":"2026-03-10T14:37:25+00:00","dateModified":"2026-03-10T14:37:27+00:00","mainEntityOfPage":{"@id":"https:\/\/www.bbmnoticias.com\/labravaradiofm\/2026\/03\/10\/pentagono-advierte-que-hoy-martes-10-de-marzo-sera-el-dia-mas-intenso-de-bombardeos-en-iran\/"},"wordCount":594,"image":{"@id":"https:\/\/www.bbmnoticias.com\/pentagono-advierte-que-hoy-martes-10-de-marzo-sera-el-dia-mas-intenso-de-bombardeos-en-iran\/#primaryimage"},"thumbnailUrl":"https:\/\/www.bbmnoticias.com\/labravaradiofm\/wp-content\/uploads\/sites\/5\/2026\/03\/bombardeos-teheran-iran-10mar26.jpg","articleSection":["INTERNACIONAL","LOCAL"],"inLanguage":"es"},{"@type":"WebPage","@id":"https:\/\/www.bbmnoticias.com\/labravaradiofm\/2026\/03\/10\/pentagono-advierte-que-hoy-martes-10-de-marzo-sera-el-dia-mas-intenso-de-bombardeos-en-iran\/","url":"https:\/\/www.bbmnoticias.com\/pentagono-advierte-que-hoy-martes-10-de-marzo-sera-el-dia-mas-intenso-de-bombardeos-en-iran\/","name":"Pent\u00e1gono advierte que hoy martes 10 de marzo ser\u00e1 el \"d\u00eda m\u00e1s intenso\" de bombardeos en Ir\u00e1n - LA BRAVA RADIO","isPartOf":{"@id":"https:\/\/www.bbmnoticias.com\/labravaradiofm\/#website"},"primaryImageOfPage":{"@id":"https:\/\/www.bbmnoticias.com\/pentagono-advierte-que-hoy-martes-10-de-marzo-sera-el-dia-mas-intenso-de-bombardeos-en-iran\/#primaryimage"},"image":{"@id":"https:\/\/www.bbmnoticias.com\/pentagono-advierte-que-hoy-martes-10-de-marzo-sera-el-dia-mas-intenso-de-bombardeos-en-iran\/#primaryimage"},"thumbnailUrl":"https:\/\/www.bbmnoticias.com\/labravaradiofm\/wp-content\/uploads\/sites\/5\/2026\/03\/bombardeos-teheran-iran-10mar26.jpg","datePublished":"2026-03-10T14:37:25+00:00","dateModified":"2026-03-10T14:37:27+00:00","author":{"@id":"https:\/\/www.bbmnoticias.com\/labravaradiofm\/#\/schema\/person\/000bdaf0a8fb5bff0d537c4d0778e33f"},"breadcrumb":{"@id":"https:\/\/www.bbmnoticias.com\/pentagono-advierte-que-hoy-martes-10-de-marzo-sera-el-dia-mas-intenso-de-bombardeos-en-iran\/#breadcrumb"},"inLanguage":"es","potentialAction":[{"@type":"ReadAction","target":["https:\/\/www.bbmnoticias.com\/pentagono-advierte-que-hoy-martes-10-de-marzo-sera-el-dia-mas-intenso-de-bombardeos-en-iran\/"]}]},{"@type":"ImageObject","inLanguage":"es","@id":"https:\/\/www.bbmnoticias.com\/pentagono-advierte-que-hoy-martes-10-de-marzo-sera-el-dia-mas-intenso-de-bombardeos-en-iran\/#primaryimage","url":"https:\/\/www.bbmnoticias.com\/labravaradiofm\/wp-content\/uploads\/sites\/5\/2026\/03\/bombardeos-teheran-iran-10mar26.jpg","contentUrl":"https:\/\/www.bbmnoticias.com\/labravaradiofm\/wp-content\/uploads\/sites\/5\/2026\/03\/bombardeos-teheran-iran-10mar26.jpg","width":1536,"height":1025},{"@type":"BreadcrumbList","@id":"https:\/\/www.bbmnoticias.com\/pentagono-advierte-que-hoy-martes-10-de-marzo-sera-el-dia-mas-intenso-de-bombardeos-en-iran\/#breadcrumb","itemListElement":[{"@type":"ListItem","position":1,"name":"Inicio","item":"https:\/\/www.bbmnoticias.com\/labravaradiofm\/"},{"@type":"ListItem","position":2,"name":"Pent\u00e1gono advierte que hoy martes 10 de marzo ser\u00e1 el &#8220;d\u00eda m\u00e1s intenso&#8221; de bombardeos en Ir\u00e1n"}]},{"@type":"WebSite","@id":"https:\/\/www.bbmnoticias.com\/labravaradiofm\/#website","url":"https:\/\/www.bbmnoticias.com\/labravaradiofm\/","name":"LA BRAVA RADIO","description":"Empresa productora de medios, Radiodifusi\u00f3n, Noticias, tendencias y todo lo que necesitas saber de la pol\u00edtica mexicana e internacional; entretenimiento, espect\u00e1culos, salud y mucho m\u00e1s.","potentialAction":[{"@type":"SearchAction","target":{"@type":"EntryPoint","urlTemplate":"https:\/\/www.bbmnoticias.com\/labravaradiofm\/?s={search_term_string}"},"query-input":{"@type":"PropertyValueSpecification","valueRequired":true,"valueName":"search_term_string"}}],"inLanguage":"es"},{"@type":"Person","@id":"https:\/\/www.bbmnoticias.com\/labravaradiofm\/#\/schema\/person\/000bdaf0a8fb5bff0d537c4d0778e33f","name":"Agencias","image":{"@type":"ImageObject","inLanguage":"es","@id":"https:\/\/secure.gravatar.com\/avatar\/739e0b61adf9e398b425c36718c8752286da0e8cd90f20ce9a86678abc26aa0d?s=96&d=mm&r=g","url":"https:\/\/secure.gravatar.com\/avatar\/739e0b61adf9e398b425c36718c8752286da0e8cd90f20ce9a86678abc26aa0d?s=96&d=mm&r=g","contentUrl":"https:\/\/secure.gravatar.com\/avatar\/739e0b61adf9e398b425c36718c8752286da0e8cd90f20ce9a86678abc26aa0d?s=96&d=mm&r=g","caption":"Agencias"},"url":"https:\/\/www.bbmnoticias.com\/labravaradiofm\/author\/agencias\/"}]}},"_links":{"self":[{"href":"https:\/\/www.bbmnoticias.com\/labravaradiofm\/wp-json\/wp\/v2\/posts\/74963","targetHints":{"allow":["GET"]}}],"collection":[{"href":"https:\/\/www.bbmnoticias.com\/labravaradiofm\/wp-json\/wp\/v2\/posts"}],"about":[{"href":"https:\/\/www.bbmnoticias.com\/labravaradiofm\/wp-json\/wp\/v2\/types\/post"}],"author":[{"embeddable":true,"href":"https:\/\/www.bbmnoticias.com\/labravaradiofm\/wp-json\/wp\/v2\/users\/4"}],"replies":[{"embeddable":true,"href":"https:\/\/www.bbmnoticias.com\/labravaradiofm\/wp-json\/wp\/v2\/comments?post=74963"}],"version-history":[{"count":1,"href":"https:\/\/www.bbmnoticias.com\/labravaradiofm\/wp-json\/wp\/v2\/posts\/74963\/revisions"}],"predecessor-version":[{"id":74964,"href":"https:\/\/www.bbmnoticias.com\/labravaradiofm\/wp-json\/wp\/v2\/posts\/74963\/revisions\/74964"}],"wp:featuredmedia":[{"embeddable":true,"href":"https:\/\/www.bbmnoticias.com\/labravaradiofm\/wp-json\/wp\/v2\/media\/74965"}],"wp:attachment":[{"href":"https:\/\/www.bbmnoticias.com\/labravaradiofm\/wp-json\/wp\/v2\/media?parent=74963"}],"wp:term":[{"taxonomy":"category","embeddable":true,"href":"https:\/\/www.bbmnoticias.com\/labravaradiofm\/wp-json\/wp\/v2\/categories?post=74963"},{"taxonomy":"post_tag","embeddable":true,"href":"https:\/\/www.bbmnoticias.com\/labravaradiofm\/wp-json\/wp\/v2\/tags?post=74963"}],"curies":[{"name":"wp","href":"https:\/\/api.w.org\/{rel}","templated":true}]}}