{"id":7494,"date":"2021-12-20T12:12:36","date_gmt":"2021-12-20T18:12:36","guid":{"rendered":"https:\/\/www.bbmnoticias.com\/labravaradiofm\/?p=7494"},"modified":"2021-12-20T12:12:38","modified_gmt":"2021-12-20T18:12:38","slug":"amlo-pide-al-ine-que-la-revocacion-de-mandato-sea-el-10-de-abril-antes-de-las-elecciones-2022","status":"publish","type":"post","link":"https:\/\/www.bbmnoticias.com\/labravaradiofm\/2021\/12\/20\/amlo-pide-al-ine-que-la-revocacion-de-mandato-sea-el-10-de-abril-antes-de-las-elecciones-2022\/","title":{"rendered":"AMLO pide al INE que la revocaci\u00f3n de mandato sea el 10 de abril, antes de las elecciones 2022"},"content":{"rendered":"<div style=\"margin-top: 0px; margin-bottom: 0px;\" class=\"sharethis-inline-share-buttons\" ><\/div>\n<p>El presidente Andr\u00e9s Manuel L\u00f3pez Obrador (<strong>AMLO<\/strong>) pidi\u00f3 al Instituto Nacional Electoral (<strong>INE<\/strong>) realizar la <strong>consulta de revocaci\u00f3n de mandato <\/strong>el pr\u00f3ximo 10 de abril.<\/p>\n\n\n\n<p>En conferencia ma\u00f1anera del 20 de diciembre, AMLO expres\u00f3 su deseo de que la consulta de revocaci\u00f3n de mandato se lleve a cabo antes de las elecciones de 2022.<\/p>\n\n\n\n<figure class=\"wp-block-pullquote\"><blockquote><p>\u201cOjal\u00e1 esto se resuelva. No se le hace que lleve tiempo. Podr\u00edan los del TEPJF resolver pronto. A m\u00ed s\u00ed me gustar\u00eda que no cambiaran la fecha\u2026 es el 10 de abril, hay tiempo. Que se hiciera antes de las elecciones de mediados de a\u00f1o\u201d AMLO<\/p><\/blockquote><\/figure>\n\n\n\n<p>AMLO indic\u00f3 que en caso de que el INE pospusiera la consulta de revocaci\u00f3n de mandato despu\u00e9s de las elecciones, ser\u00eda con fines pol\u00edticos.<\/p>\n\n\n\n<p>Adem\u00e1s, acus\u00f3 que si se presentara ese caso, ser\u00eda una violaci\u00f3n a la Constituci\u00f3n.<\/p>\n\n\n\n<p>\u201cDe no ser que quieren, pol\u00edticamente, que pasara lo de la consulta despu\u00e9s de las elecciones. Ser\u00eda muy evidente que est\u00e1n violando la constituci\u00f3n, porque se establece en un t\u00e9rmino\u201d, indic\u00f3 AMLO.<\/p>\n\n\n\n<p><strong>AMLO<\/strong> critic\u00f3 al <strong>INE <\/strong>por posponer el proceso de la<strong> consulta de revocaci\u00f3n de mandato<\/strong>.<\/p>\n\n\n\n<p>En este sentido, AMLO sostuvo que el INE en lugar de promover la democracia, se ha dedicado a obstaculizarla.<\/p>\n\n\n\n<p>\u201cIncluso sin respetar el mandato constitucional en la esencia\u201d, agreg\u00f3.<\/p>\n\n\n\n<figure class=\"wp-block-pullquote\"><blockquote><p>\u201cEstoy convencido de que la verdadera doctrina del conservadurismo es la hipocres\u00eda, por eso estamos ante esta situaci\u00f3n tan lamentable de que un \u00f3rgano electoral que deber\u00eda promover la democracia se ha dedicado a obstaculizarla, incluso sin respetar el mandato constitucional en la esencia\u201d AMLO<\/p><\/blockquote><\/figure>\n\n\n\n<p>En este aspecto, el presidente reiter\u00f3 que el INE tiene recursos suficientes para realizar la consulta de revocaci\u00f3n de mandato, dado que su presupuesto incluye dinero para elecciones y consultas, aun sin reducir el sueldo de los funcionarios.<\/p>\n\n\n\n<p>AMLO se\u00f1al\u00f3 que aun si el INE argumentara que por falta de presupuesto reducir\u00eda el n\u00famero de casillas colocadas para la consulta, \u00e9l lo aceptar\u00eda, siempre y cuando tenga la disposici\u00f3n de realizarla.<\/p>\n\n\n\n<figure class=\"wp-block-pullquote\"><blockquote><p>\u201cSin reducir su sueldo, prestaciones, deben de tener recursos, porque el presupuesto contempla fondos para elecciones y consulta, no en la cantidad que ellos est\u00e1n solicitando, bueno, pero aunque dijeran no vamos a poder instalar 100 mil, 200 mil casillas, nos alcanza s\u00f3lo para 10, 20, 30 mil, pero cumplir con el mandato constitucional\u201d AMLO<\/p><\/blockquote><\/figure>\n\n\n\n<p>Coment\u00f3 que lo importante es que se realice la revocaci\u00f3n de mandato y que el pueblo tenga claro que \u201cpone y quita\u201d y si despu\u00e9s de tres a\u00f1os ya no le tiene la confianza, se le pueda quitar del poder.<\/p>\n\n\n\n<p>El Consejo General del INE aval\u00f3 con 6 votos a favor y 5 en contra posponer la realizaci\u00f3n de la revocaci\u00f3n de mandato argumentando insuficiencia presupuestal.<\/p>\n\n\n\n<p>La propuesta indica que la posposici\u00f3n de la <strong>revocaci\u00f3n de mandato<\/strong> estar\u00e1 vigente hasta que la Suprema Corte de Justicia de la Naci\u00f3n resuelva la cuesti\u00f3n planteada en la controversia constitucional presentada por el <strong>INE<\/strong>.<\/p>\n\n\n\n<p>En su defecto, cuando la autoridad competente entregue el presupuesto originalmente solicitado por el INE para llevar a cabo la consulta.<\/p>\n","protected":false},"excerpt":{"rendered":"<p>El presidente Andr\u00e9s Manuel L\u00f3pez Obrador (AMLO) pidi\u00f3 al Instituto Nacional Electoral (INE) realizar la consulta de revocaci\u00f3n de mandato el pr\u00f3ximo 10 de abril. En conferencia ma\u00f1anera del 20 de diciembre, AMLO expres\u00f3 su deseo de que la consulta de revocaci\u00f3n de mandato se lleve a cabo antes de las elecciones de 2022. \u201cOjal\u00e1 [&hellip;]<\/p>\n","protected":false},"author":12,"featured_media":7495,"comment_status":"closed","ping_status":"closed","sticky":false,"template":"","format":"standard","meta":{"footnotes":""},"categories":[19],"tags":[],"class_list":{"0":"post-7494","1":"post","2":"type-post","3":"status-publish","4":"format-standard","5":"has-post-thumbnail","7":"category-nacional"},"yoast_head":"<!-- This site is optimized with the Yoast SEO plugin v27.4 - https:\/\/yoast.com\/product\/yoast-seo-wordpress\/ -->\n<title>AMLO pide al INE que la revocaci\u00f3n de mandato sea el 10 de abril, antes de las elecciones 2022 - LA BRAVA RADIO<\/title>\n<meta name=\"robots\" content=\"index, follow, max-snippet:-1, max-image-preview:large, max-video-preview:-1\" \/>\n<link rel=\"canonical\" href=\"https:\/\/www.bbmnoticias.com\/labravaradiofm\/2021\/12\/20\/amlo-pide-al-ine-que-la-revocacion-de-mandato-sea-el-10-de-abril-antes-de-las-elecciones-2022\/\" \/>\n<meta property=\"og:locale\" content=\"es_MX\" \/>\n<meta property=\"og:type\" content=\"article\" \/>\n<meta property=\"og:title\" content=\"AMLO pide al INE que la revocaci\u00f3n de mandato sea el 10 de abril, antes de las elecciones 2022 - LA BRAVA RADIO\" \/>\n<meta property=\"og:description\" content=\"El presidente Andr\u00e9s Manuel L\u00f3pez Obrador (AMLO) pidi\u00f3 al Instituto Nacional Electoral (INE) realizar la consulta de revocaci\u00f3n de mandato el pr\u00f3ximo 10 de abril. En conferencia ma\u00f1anera del 20 de diciembre, AMLO expres\u00f3 su deseo de que la consulta de revocaci\u00f3n de mandato se lleve a cabo antes de las elecciones de 2022. \u201cOjal\u00e1 [&hellip;]\" \/>\n<meta property=\"og:url\" content=\"https:\/\/www.bbmnoticias.com\/labravaradiofm\/2021\/12\/20\/amlo-pide-al-ine-que-la-revocacion-de-mandato-sea-el-10-de-abril-antes-de-las-elecciones-2022\/\" \/>\n<meta property=\"og:site_name\" content=\"LA BRAVA RADIO\" \/>\n<meta property=\"article:published_time\" content=\"2021-12-20T18:12:36+00:00\" \/>\n<meta property=\"article:modified_time\" content=\"2021-12-20T18:12:38+00:00\" \/>\n<meta property=\"og:image\" content=\"https:\/\/www.bbmnoticias.com\/labravaradiofm\/wp-content\/uploads\/sites\/5\/2021\/12\/andres-revocacion.jpeg\" \/>\n\t<meta property=\"og:image:width\" content=\"640\" \/>\n\t<meta property=\"og:image:height\" content=\"360\" \/>\n\t<meta property=\"og:image:type\" content=\"image\/jpeg\" \/>\n<meta name=\"author\" content=\"SDPnoticias\" \/>\n<meta name=\"twitter:card\" content=\"summary_large_image\" \/>\n<meta name=\"twitter:label1\" content=\"Escrito por\" \/>\n\t<meta name=\"twitter:data1\" content=\"SDPnoticias\" \/>\n\t<meta name=\"twitter:label2\" content=\"Tiempo de lectura\" \/>\n\t<meta name=\"twitter:data2\" content=\"3 minutos\" \/>\n<script type=\"application\/ld+json\" class=\"yoast-schema-graph\">{\"@context\":\"https:\\\/\\\/schema.org\",\"@graph\":[{\"@type\":\"Article\",\"@id\":\"https:\\\/\\\/www.bbmnoticias.com\\\/labravaradiofm\\\/2021\\\/12\\\/20\\\/amlo-pide-al-ine-que-la-revocacion-de-mandato-sea-el-10-de-abril-antes-de-las-elecciones-2022\\\/#article\",\"isPartOf\":{\"@id\":\"https:\\\/\\\/www.bbmnoticias.com\\\/labravaradiofm\\\/2021\\\/12\\\/20\\\/amlo-pide-al-ine-que-la-revocacion-de-mandato-sea-el-10-de-abril-antes-de-las-elecciones-2022\\\/\"},\"author\":{\"name\":\"SDPnoticias\",\"@id\":\"https:\\\/\\\/www.bbmnoticias.com\\\/labravaradiofm\\\/#\\\/schema\\\/person\\\/baf240d77a345f5fbc3dc146f9161af9\"},\"headline\":\"AMLO pide al INE que la revocaci\u00f3n de mandato sea el 10 de abril, antes de las elecciones 2022\",\"datePublished\":\"2021-12-20T18:12:36+00:00\",\"dateModified\":\"2021-12-20T18:12:38+00:00\",\"mainEntityOfPage\":{\"@id\":\"https:\\\/\\\/www.bbmnoticias.com\\\/labravaradiofm\\\/2021\\\/12\\\/20\\\/amlo-pide-al-ine-que-la-revocacion-de-mandato-sea-el-10-de-abril-antes-de-las-elecciones-2022\\\/\"},\"wordCount\":558,\"image\":{\"@id\":\"https:\\\/\\\/www.bbmnoticias.com\\\/labravaradiofm\\\/2021\\\/12\\\/20\\\/amlo-pide-al-ine-que-la-revocacion-de-mandato-sea-el-10-de-abril-antes-de-las-elecciones-2022\\\/#primaryimage\"},\"thumbnailUrl\":\"https:\\\/\\\/www.bbmnoticias.com\\\/labravaradiofm\\\/wp-content\\\/uploads\\\/sites\\\/5\\\/2021\\\/12\\\/andres-revocacion.jpeg\",\"articleSection\":[\"NACIONAL\"],\"inLanguage\":\"es\"},{\"@type\":\"WebPage\",\"@id\":\"https:\\\/\\\/www.bbmnoticias.com\\\/labravaradiofm\\\/2021\\\/12\\\/20\\\/amlo-pide-al-ine-que-la-revocacion-de-mandato-sea-el-10-de-abril-antes-de-las-elecciones-2022\\\/\",\"url\":\"https:\\\/\\\/www.bbmnoticias.com\\\/labravaradiofm\\\/2021\\\/12\\\/20\\\/amlo-pide-al-ine-que-la-revocacion-de-mandato-sea-el-10-de-abril-antes-de-las-elecciones-2022\\\/\",\"name\":\"AMLO pide al INE que la revocaci\u00f3n de mandato sea el 10 de abril, antes de las elecciones 2022 - LA BRAVA RADIO\",\"isPartOf\":{\"@id\":\"https:\\\/\\\/www.bbmnoticias.com\\\/labravaradiofm\\\/#website\"},\"primaryImageOfPage\":{\"@id\":\"https:\\\/\\\/www.bbmnoticias.com\\\/labravaradiofm\\\/2021\\\/12\\\/20\\\/amlo-pide-al-ine-que-la-revocacion-de-mandato-sea-el-10-de-abril-antes-de-las-elecciones-2022\\\/#primaryimage\"},\"image\":{\"@id\":\"https:\\\/\\\/www.bbmnoticias.com\\\/labravaradiofm\\\/2021\\\/12\\\/20\\\/amlo-pide-al-ine-que-la-revocacion-de-mandato-sea-el-10-de-abril-antes-de-las-elecciones-2022\\\/#primaryimage\"},\"thumbnailUrl\":\"https:\\\/\\\/www.bbmnoticias.com\\\/labravaradiofm\\\/wp-content\\\/uploads\\\/sites\\\/5\\\/2021\\\/12\\\/andres-revocacion.jpeg\",\"datePublished\":\"2021-12-20T18:12:36+00:00\",\"dateModified\":\"2021-12-20T18:12:38+00:00\",\"author\":{\"@id\":\"https:\\\/\\\/www.bbmnoticias.com\\\/labravaradiofm\\\/#\\\/schema\\\/person\\\/baf240d77a345f5fbc3dc146f9161af9\"},\"breadcrumb\":{\"@id\":\"https:\\\/\\\/www.bbmnoticias.com\\\/labravaradiofm\\\/2021\\\/12\\\/20\\\/amlo-pide-al-ine-que-la-revocacion-de-mandato-sea-el-10-de-abril-antes-de-las-elecciones-2022\\\/#breadcrumb\"},\"inLanguage\":\"es\",\"potentialAction\":[{\"@type\":\"ReadAction\",\"target\":[\"https:\\\/\\\/www.bbmnoticias.com\\\/labravaradiofm\\\/2021\\\/12\\\/20\\\/amlo-pide-al-ine-que-la-revocacion-de-mandato-sea-el-10-de-abril-antes-de-las-elecciones-2022\\\/\"]}]},{\"@type\":\"ImageObject\",\"inLanguage\":\"es\",\"@id\":\"https:\\\/\\\/www.bbmnoticias.com\\\/labravaradiofm\\\/2021\\\/12\\\/20\\\/amlo-pide-al-ine-que-la-revocacion-de-mandato-sea-el-10-de-abril-antes-de-las-elecciones-2022\\\/#primaryimage\",\"url\":\"https:\\\/\\\/www.bbmnoticias.com\\\/labravaradiofm\\\/wp-content\\\/uploads\\\/sites\\\/5\\\/2021\\\/12\\\/andres-revocacion.jpeg\",\"contentUrl\":\"https:\\\/\\\/www.bbmnoticias.com\\\/labravaradiofm\\\/wp-content\\\/uploads\\\/sites\\\/5\\\/2021\\\/12\\\/andres-revocacion.jpeg\",\"width\":640,\"height\":360},{\"@type\":\"BreadcrumbList\",\"@id\":\"https:\\\/\\\/www.bbmnoticias.com\\\/labravaradiofm\\\/2021\\\/12\\\/20\\\/amlo-pide-al-ine-que-la-revocacion-de-mandato-sea-el-10-de-abril-antes-de-las-elecciones-2022\\\/#breadcrumb\",\"itemListElement\":[{\"@type\":\"ListItem\",\"position\":1,\"name\":\"Inicio\",\"item\":\"https:\\\/\\\/www.bbmnoticias.com\\\/labravaradiofm\\\/\"},{\"@type\":\"ListItem\",\"position\":2,\"name\":\"AMLO pide al INE que la revocaci\u00f3n de mandato sea el 10 de abril, antes de las elecciones 2022\"}]},{\"@type\":\"WebSite\",\"@id\":\"https:\\\/\\\/www.bbmnoticias.com\\\/labravaradiofm\\\/#website\",\"url\":\"https:\\\/\\\/www.bbmnoticias.com\\\/labravaradiofm\\\/\",\"name\":\"LA BRAVA RADIO\",\"description\":\"Empresa productora de medios, Radiodifusi\u00f3n, Noticias, tendencias y todo lo que necesitas saber de la pol\u00edtica mexicana e internacional; entretenimiento, espect\u00e1culos, salud y mucho m\u00e1s.\",\"potentialAction\":[{\"@type\":\"SearchAction\",\"target\":{\"@type\":\"EntryPoint\",\"urlTemplate\":\"https:\\\/\\\/www.bbmnoticias.com\\\/labravaradiofm\\\/?s={search_term_string}\"},\"query-input\":{\"@type\":\"PropertyValueSpecification\",\"valueRequired\":true,\"valueName\":\"search_term_string\"}}],\"inLanguage\":\"es\"},{\"@type\":\"Person\",\"@id\":\"https:\\\/\\\/www.bbmnoticias.com\\\/labravaradiofm\\\/#\\\/schema\\\/person\\\/baf240d77a345f5fbc3dc146f9161af9\",\"name\":\"SDPnoticias\",\"image\":{\"@type\":\"ImageObject\",\"inLanguage\":\"es\",\"@id\":\"https:\\\/\\\/secure.gravatar.com\\\/avatar\\\/015ede9175a06d999d8b2b09e108b48c9e008e4ee44a647956086b51bbce326c?s=96&d=mm&r=g\",\"url\":\"https:\\\/\\\/secure.gravatar.com\\\/avatar\\\/015ede9175a06d999d8b2b09e108b48c9e008e4ee44a647956086b51bbce326c?s=96&d=mm&r=g\",\"contentUrl\":\"https:\\\/\\\/secure.gravatar.com\\\/avatar\\\/015ede9175a06d999d8b2b09e108b48c9e008e4ee44a647956086b51bbce326c?s=96&d=mm&r=g\",\"caption\":\"SDPnoticias\"},\"url\":\"https:\\\/\\\/www.bbmnoticias.com\\\/labravaradiofm\\\/author\\\/sdpnoticias\\\/\"}]}<\/script>\n<!-- \/ Yoast SEO plugin. -->","yoast_head_json":{"title":"AMLO pide al INE que la revocaci\u00f3n de mandato sea el 10 de abril, antes de las elecciones 2022 - LA BRAVA RADIO","robots":{"index":"index","follow":"follow","max-snippet":"max-snippet:-1","max-image-preview":"max-image-preview:large","max-video-preview":"max-video-preview:-1"},"canonical":"https:\/\/www.bbmnoticias.com\/labravaradiofm\/2021\/12\/20\/amlo-pide-al-ine-que-la-revocacion-de-mandato-sea-el-10-de-abril-antes-de-las-elecciones-2022\/","og_locale":"es_MX","og_type":"article","og_title":"AMLO pide al INE que la revocaci\u00f3n de mandato sea el 10 de abril, antes de las elecciones 2022 - LA BRAVA RADIO","og_description":"El presidente Andr\u00e9s Manuel L\u00f3pez Obrador (AMLO) pidi\u00f3 al Instituto Nacional Electoral (INE) realizar la consulta de revocaci\u00f3n de mandato el pr\u00f3ximo 10 de abril. En conferencia ma\u00f1anera del 20 de diciembre, AMLO expres\u00f3 su deseo de que la consulta de revocaci\u00f3n de mandato se lleve a cabo antes de las elecciones de 2022. \u201cOjal\u00e1 [&hellip;]","og_url":"https:\/\/www.bbmnoticias.com\/labravaradiofm\/2021\/12\/20\/amlo-pide-al-ine-que-la-revocacion-de-mandato-sea-el-10-de-abril-antes-de-las-elecciones-2022\/","og_site_name":"LA BRAVA RADIO","article_published_time":"2021-12-20T18:12:36+00:00","article_modified_time":"2021-12-20T18:12:38+00:00","og_image":[{"width":640,"height":360,"url":"https:\/\/www.bbmnoticias.com\/labravaradiofm\/wp-content\/uploads\/sites\/5\/2021\/12\/andres-revocacion.jpeg","type":"image\/jpeg"}],"author":"SDPnoticias","twitter_card":"summary_large_image","twitter_misc":{"Escrito por":"SDPnoticias","Tiempo de lectura":"3 minutos"},"schema":{"@context":"https:\/\/schema.org","@graph":[{"@type":"Article","@id":"https:\/\/www.bbmnoticias.com\/labravaradiofm\/2021\/12\/20\/amlo-pide-al-ine-que-la-revocacion-de-mandato-sea-el-10-de-abril-antes-de-las-elecciones-2022\/#article","isPartOf":{"@id":"https:\/\/www.bbmnoticias.com\/labravaradiofm\/2021\/12\/20\/amlo-pide-al-ine-que-la-revocacion-de-mandato-sea-el-10-de-abril-antes-de-las-elecciones-2022\/"},"author":{"name":"SDPnoticias","@id":"https:\/\/www.bbmnoticias.com\/labravaradiofm\/#\/schema\/person\/baf240d77a345f5fbc3dc146f9161af9"},"headline":"AMLO pide al INE que la revocaci\u00f3n de mandato sea el 10 de abril, antes de las elecciones 2022","datePublished":"2021-12-20T18:12:36+00:00","dateModified":"2021-12-20T18:12:38+00:00","mainEntityOfPage":{"@id":"https:\/\/www.bbmnoticias.com\/labravaradiofm\/2021\/12\/20\/amlo-pide-al-ine-que-la-revocacion-de-mandato-sea-el-10-de-abril-antes-de-las-elecciones-2022\/"},"wordCount":558,"image":{"@id":"https:\/\/www.bbmnoticias.com\/labravaradiofm\/2021\/12\/20\/amlo-pide-al-ine-que-la-revocacion-de-mandato-sea-el-10-de-abril-antes-de-las-elecciones-2022\/#primaryimage"},"thumbnailUrl":"https:\/\/www.bbmnoticias.com\/labravaradiofm\/wp-content\/uploads\/sites\/5\/2021\/12\/andres-revocacion.jpeg","articleSection":["NACIONAL"],"inLanguage":"es"},{"@type":"WebPage","@id":"https:\/\/www.bbmnoticias.com\/labravaradiofm\/2021\/12\/20\/amlo-pide-al-ine-que-la-revocacion-de-mandato-sea-el-10-de-abril-antes-de-las-elecciones-2022\/","url":"https:\/\/www.bbmnoticias.com\/labravaradiofm\/2021\/12\/20\/amlo-pide-al-ine-que-la-revocacion-de-mandato-sea-el-10-de-abril-antes-de-las-elecciones-2022\/","name":"AMLO pide al INE que la revocaci\u00f3n de mandato sea el 10 de abril, antes de las elecciones 2022 - LA BRAVA RADIO","isPartOf":{"@id":"https:\/\/www.bbmnoticias.com\/labravaradiofm\/#website"},"primaryImageOfPage":{"@id":"https:\/\/www.bbmnoticias.com\/labravaradiofm\/2021\/12\/20\/amlo-pide-al-ine-que-la-revocacion-de-mandato-sea-el-10-de-abril-antes-de-las-elecciones-2022\/#primaryimage"},"image":{"@id":"https:\/\/www.bbmnoticias.com\/labravaradiofm\/2021\/12\/20\/amlo-pide-al-ine-que-la-revocacion-de-mandato-sea-el-10-de-abril-antes-de-las-elecciones-2022\/#primaryimage"},"thumbnailUrl":"https:\/\/www.bbmnoticias.com\/labravaradiofm\/wp-content\/uploads\/sites\/5\/2021\/12\/andres-revocacion.jpeg","datePublished":"2021-12-20T18:12:36+00:00","dateModified":"2021-12-20T18:12:38+00:00","author":{"@id":"https:\/\/www.bbmnoticias.com\/labravaradiofm\/#\/schema\/person\/baf240d77a345f5fbc3dc146f9161af9"},"breadcrumb":{"@id":"https:\/\/www.bbmnoticias.com\/labravaradiofm\/2021\/12\/20\/amlo-pide-al-ine-que-la-revocacion-de-mandato-sea-el-10-de-abril-antes-de-las-elecciones-2022\/#breadcrumb"},"inLanguage":"es","potentialAction":[{"@type":"ReadAction","target":["https:\/\/www.bbmnoticias.com\/labravaradiofm\/2021\/12\/20\/amlo-pide-al-ine-que-la-revocacion-de-mandato-sea-el-10-de-abril-antes-de-las-elecciones-2022\/"]}]},{"@type":"ImageObject","inLanguage":"es","@id":"https:\/\/www.bbmnoticias.com\/labravaradiofm\/2021\/12\/20\/amlo-pide-al-ine-que-la-revocacion-de-mandato-sea-el-10-de-abril-antes-de-las-elecciones-2022\/#primaryimage","url":"https:\/\/www.bbmnoticias.com\/labravaradiofm\/wp-content\/uploads\/sites\/5\/2021\/12\/andres-revocacion.jpeg","contentUrl":"https:\/\/www.bbmnoticias.com\/labravaradiofm\/wp-content\/uploads\/sites\/5\/2021\/12\/andres-revocacion.jpeg","width":640,"height":360},{"@type":"BreadcrumbList","@id":"https:\/\/www.bbmnoticias.com\/labravaradiofm\/2021\/12\/20\/amlo-pide-al-ine-que-la-revocacion-de-mandato-sea-el-10-de-abril-antes-de-las-elecciones-2022\/#breadcrumb","itemListElement":[{"@type":"ListItem","position":1,"name":"Inicio","item":"https:\/\/www.bbmnoticias.com\/labravaradiofm\/"},{"@type":"ListItem","position":2,"name":"AMLO pide al INE que la revocaci\u00f3n de mandato sea el 10 de abril, antes de las elecciones 2022"}]},{"@type":"WebSite","@id":"https:\/\/www.bbmnoticias.com\/labravaradiofm\/#website","url":"https:\/\/www.bbmnoticias.com\/labravaradiofm\/","name":"LA BRAVA RADIO","description":"Empresa productora de medios, Radiodifusi\u00f3n, Noticias, tendencias y todo lo que necesitas saber de la pol\u00edtica mexicana e internacional; entretenimiento, espect\u00e1culos, salud y mucho m\u00e1s.","potentialAction":[{"@type":"SearchAction","target":{"@type":"EntryPoint","urlTemplate":"https:\/\/www.bbmnoticias.com\/labravaradiofm\/?s={search_term_string}"},"query-input":{"@type":"PropertyValueSpecification","valueRequired":true,"valueName":"search_term_string"}}],"inLanguage":"es"},{"@type":"Person","@id":"https:\/\/www.bbmnoticias.com\/labravaradiofm\/#\/schema\/person\/baf240d77a345f5fbc3dc146f9161af9","name":"SDPnoticias","image":{"@type":"ImageObject","inLanguage":"es","@id":"https:\/\/secure.gravatar.com\/avatar\/015ede9175a06d999d8b2b09e108b48c9e008e4ee44a647956086b51bbce326c?s=96&d=mm&r=g","url":"https:\/\/secure.gravatar.com\/avatar\/015ede9175a06d999d8b2b09e108b48c9e008e4ee44a647956086b51bbce326c?s=96&d=mm&r=g","contentUrl":"https:\/\/secure.gravatar.com\/avatar\/015ede9175a06d999d8b2b09e108b48c9e008e4ee44a647956086b51bbce326c?s=96&d=mm&r=g","caption":"SDPnoticias"},"url":"https:\/\/www.bbmnoticias.com\/labravaradiofm\/author\/sdpnoticias\/"}]}},"_links":{"self":[{"href":"https:\/\/www.bbmnoticias.com\/labravaradiofm\/wp-json\/wp\/v2\/posts\/7494","targetHints":{"allow":["GET"]}}],"collection":[{"href":"https:\/\/www.bbmnoticias.com\/labravaradiofm\/wp-json\/wp\/v2\/posts"}],"about":[{"href":"https:\/\/www.bbmnoticias.com\/labravaradiofm\/wp-json\/wp\/v2\/types\/post"}],"author":[{"embeddable":true,"href":"https:\/\/www.bbmnoticias.com\/labravaradiofm\/wp-json\/wp\/v2\/users\/12"}],"replies":[{"embeddable":true,"href":"https:\/\/www.bbmnoticias.com\/labravaradiofm\/wp-json\/wp\/v2\/comments?post=7494"}],"version-history":[{"count":0,"href":"https:\/\/www.bbmnoticias.com\/labravaradiofm\/wp-json\/wp\/v2\/posts\/7494\/revisions"}],"wp:featuredmedia":[{"embeddable":true,"href":"https:\/\/www.bbmnoticias.com\/labravaradiofm\/wp-json\/wp\/v2\/media\/7495"}],"wp:attachment":[{"href":"https:\/\/www.bbmnoticias.com\/labravaradiofm\/wp-json\/wp\/v2\/media?parent=7494"}],"wp:term":[{"taxonomy":"category","embeddable":true,"href":"https:\/\/www.bbmnoticias.com\/labravaradiofm\/wp-json\/wp\/v2\/categories?post=7494"},{"taxonomy":"post_tag","embeddable":true,"href":"https:\/\/www.bbmnoticias.com\/labravaradiofm\/wp-json\/wp\/v2\/tags?post=7494"}],"curies":[{"name":"wp","href":"https:\/\/api.w.org\/{rel}","templated":true}]}}