{"id":7488,"date":"2021-12-20T12:04:32","date_gmt":"2021-12-20T18:04:32","guid":{"rendered":"https:\/\/www.bbmnoticias.com\/labravaradiofm\/?p=7488"},"modified":"2021-12-20T12:12:49","modified_gmt":"2021-12-20T18:12:49","slug":"analiza-europa-restricciones-navidenas-ante-avance-de-omicron","status":"publish","type":"post","link":"https:\/\/www.bbmnoticias.com\/labravaradiofm\/2021\/12\/20\/analiza-europa-restricciones-navidenas-ante-avance-de-omicron\/","title":{"rendered":"Analiza Europa restricciones navide\u00f1as ante avance de \u00f3micron"},"content":{"rendered":"<div style=\"margin-top: 0px; margin-bottom: 0px;\" class=\"sharethis-inline-share-buttons\" ><\/div>\n<p><em>Londres. <\/em>Reino Unido no descart\u00f3 el lunes la posibilidad de restringir las reuniones sociales, un d\u00eda despu\u00e9s de que Pa\u00edses Bajos impusiera un cuarto confinamiento en respuesta a la variante \u00f3micron del coronavirus, y mientras otros pa\u00edses europeos consideraban la posibilidad de imponer restricciones en Navidad.<\/p>\n\n\n\n<p>Los contagios por \u00f3micron se est\u00e1n multiplicando r\u00e1pidamente en Europa y Estados Unidos, duplic\u00e1ndose cada dos o tres d\u00edas en Londres y otros lugares, y haciendo mella en los mercados financieros, que temen su impacto en la recuperaci\u00f3n econ\u00f3mica mundial.<\/p>\n\n\n\n<p>La variante se detect\u00f3 por primera vez el mes pasado en el sur de \u00c1frica y Hong Kong, y hasta ahora se ha registrado en al menos 89 pa\u00edses. La gravedad de la enfermedad que provoca sigue sin estar clara.<\/p>\n\n\n\n<p>El primer ministro Mark Rutte anunci\u00f3 el s\u00e1bado el confinamiento total de Pa\u00edses Bajos, ordenando el cierre de todas las tiendas, excepto las esenciales, as\u00ed como de restaurantes, peluquer\u00edas, gimnasios, museos y otros lugares p\u00fablicos desde el domingo hasta al menos el 14 de enero.<\/p>\n\n\n\n<p>Doce personas han muerto en Reino Unido tras contagiarse con la variante \u00f3micron, dijo el lunes el viceprimer ministro Dominic Raab, quien se neg\u00f3 a descartar un endurecimiento de las restricciones sociales antes de Navidad.<\/p>\n\n\n\n<p>&#8220;Simplemente no puedo dar garant\u00edas claras y r\u00e1pidas&#8221;, dijo a Times Radio. &#8220;A la hora de evaluar la situaci\u00f3n dependemos en gran medida de los datos reales que nos lleguen y nos llevar\u00e1 un poco m\u00e1s de tiempo evaluar esta cuesti\u00f3n cr\u00edtica de la gravedad de \u00f3micron&#8221;.<\/p>\n\n\n\n<p>El panel de asesoramiento cient\u00edfico del Gobierno alem\u00e1n dijo en un comunicado el domingo que es necesario limitar a\u00fan m\u00e1s los contactos sociales, ya que los datos hasta ahora muestran que los refuerzos por s\u00ed solos no ser\u00edan suficientes para contener la propagaci\u00f3n del virus.<\/p>\n\n\n\n<p>El primer ministro del estado de Renania del Norte-Westfalia, Hendrik Wuest, no descart\u00f3 que se restrinja el contacto de las personas que se han vacunado por completo o que han recibido una vacuna de refuerzo. &#8220;Debemos ser cautos a la hora de descartar cualquier cosa&#8221;, declar\u00f3 a la emisora ARD.<\/p>\n\n\n\n<p>Irlanda orden\u00f3 el viernes el cierre de bares y restaurantes a las 20 hora local y redujo el aforo en todos los actos p\u00fablicos. Italia tambi\u00e9n est\u00e1 estudiando nuevas medidas para evitar un aumento de los contagios, de acuerdo de reportes de prensa del domingo.<\/p>\n\n\n\n<p>Los precios del petr\u00f3leo se reduc\u00edan en m\u00e1s de un 3% el lunes. En tanto, las bolsas europeas y la brit\u00e1nica alcanzaban m\u00ednimos de dos semanas, con ca\u00eddas del 1.9% y el 1,8% respectivamente.<\/p>\n\n\n\n<p>&#8220;\u00d3micron (&#8230;) sigue siendo uno de los mayores problemas para los mercados en este momento y ha enturbiado significativamente las perspectivas de cara al final del a\u00f1o&#8221;.<\/p>\n\n\n\n<p>El experto en enfermedades infecciosas Anthony Fauci afirm\u00f3 que \u00f3micron est\u00e1 &#8220;haciendo estragos en todo el mundo&#8221;, al tiempo que inst\u00f3 a los estadounidenses a vacunarse. Desde principios de mes, los casos de Covid en Estados Unidos han aumentado un 50%, seg\u00fan un recuento de Reuters.<\/p>\n\n\n\n<p>Las dosis de refuerzo, adem\u00e1s de las vacunas de dos inyecciones, parecen ser la clave para combatir la variante. Moderna Inc dijo el lunes que una dosis de refuerzo de su vacuna parece proteger contra \u00f3micron en las pruebas de laboratorio, y que la versi\u00f3n actual de la vacuna seguir\u00eda siendo la &#8220;primera l\u00ednea de defensa&#8221; de la compa\u00f1\u00eda.<\/p>\n\n\n\n<p>Tailandia est\u00e1 estudiando la posibilidad de restablecer la cuarentena obligatoria para los visitantes extranjeros, despu\u00e9s de que el Ministerio de Sanidad informara del primer caso de transmisi\u00f3n local de \u00f3micron en el pa\u00eds.<\/p>\n\n\n\n<p>Desde que se identificaron los primeros casos en China en diciembre de 2019, se han registrado m\u00e1s de 274.24 millones de personas infectadas por el coronavirus en todo el mundo. M\u00e1s de 5.65 millones de personas han muerto por causa del virus.<\/p>\n","protected":false},"excerpt":{"rendered":"<p>Londres. Reino Unido no descart\u00f3 el lunes la posibilidad de restringir las reuniones sociales, un d\u00eda despu\u00e9s de que Pa\u00edses Bajos impusiera un cuarto confinamiento en respuesta a la variante \u00f3micron del coronavirus, y mientras otros pa\u00edses europeos consideraban la posibilidad de imponer restricciones en Navidad. Los contagios por \u00f3micron se est\u00e1n multiplicando r\u00e1pidamente en [&hellip;]<\/p>\n","protected":false},"author":20,"featured_media":7489,"comment_status":"closed","ping_status":"closed","sticky":false,"template":"","format":"standard","meta":{"footnotes":""},"categories":[1],"tags":[],"class_list":{"0":"post-7488","1":"post","2":"type-post","3":"status-publish","4":"format-standard","5":"has-post-thumbnail","7":"category-sin-categoria"},"yoast_head":"<!-- This site is optimized with the Yoast SEO plugin v27.4 - https:\/\/yoast.com\/product\/yoast-seo-wordpress\/ -->\n<title>Analiza Europa restricciones navide\u00f1as ante avance de \u00f3micron - LA BRAVA RADIO<\/title>\n<meta name=\"robots\" content=\"index, follow, max-snippet:-1, max-image-preview:large, max-video-preview:-1\" \/>\n<link rel=\"canonical\" href=\"https:\/\/www.bbmnoticias.com\/labravaradiofm\/2021\/12\/20\/analiza-europa-restricciones-navidenas-ante-avance-de-omicron\/\" \/>\n<meta property=\"og:locale\" content=\"es_MX\" \/>\n<meta property=\"og:type\" content=\"article\" \/>\n<meta property=\"og:title\" content=\"Analiza Europa restricciones navide\u00f1as ante avance de \u00f3micron - LA BRAVA RADIO\" \/>\n<meta property=\"og:description\" content=\"Londres. Reino Unido no descart\u00f3 el lunes la posibilidad de restringir las reuniones sociales, un d\u00eda despu\u00e9s de que Pa\u00edses Bajos impusiera un cuarto confinamiento en respuesta a la variante \u00f3micron del coronavirus, y mientras otros pa\u00edses europeos consideraban la posibilidad de imponer restricciones en Navidad. Los contagios por \u00f3micron se est\u00e1n multiplicando r\u00e1pidamente en [&hellip;]\" \/>\n<meta property=\"og:url\" content=\"https:\/\/www.bbmnoticias.com\/labravaradiofm\/2021\/12\/20\/analiza-europa-restricciones-navidenas-ante-avance-de-omicron\/\" \/>\n<meta property=\"og:site_name\" content=\"LA BRAVA RADIO\" \/>\n<meta property=\"article:published_time\" content=\"2021-12-20T18:04:32+00:00\" \/>\n<meta property=\"article:modified_time\" content=\"2021-12-20T18:12:49+00:00\" \/>\n<meta property=\"og:image\" content=\"https:\/\/www.bbmnoticias.com\/labravaradiofm\/wp-content\/uploads\/sites\/5\/2021\/12\/i20102021-1.jpg\" \/>\n\t<meta property=\"og:image:width\" content=\"799\" \/>\n\t<meta property=\"og:image:height\" content=\"524\" \/>\n\t<meta property=\"og:image:type\" content=\"image\/jpeg\" \/>\n<meta name=\"author\" content=\"La jornada\" \/>\n<meta name=\"twitter:card\" content=\"summary_large_image\" \/>\n<meta name=\"twitter:label1\" content=\"Escrito por\" \/>\n\t<meta name=\"twitter:data1\" content=\"La jornada\" \/>\n\t<meta name=\"twitter:label2\" content=\"Tiempo de lectura\" \/>\n\t<meta name=\"twitter:data2\" content=\"3 minutos\" \/>\n<script type=\"application\/ld+json\" class=\"yoast-schema-graph\">{\"@context\":\"https:\\\/\\\/schema.org\",\"@graph\":[{\"@type\":\"Article\",\"@id\":\"https:\\\/\\\/www.bbmnoticias.com\\\/labravaradiofm\\\/2021\\\/12\\\/20\\\/analiza-europa-restricciones-navidenas-ante-avance-de-omicron\\\/#article\",\"isPartOf\":{\"@id\":\"https:\\\/\\\/www.bbmnoticias.com\\\/labravaradiofm\\\/2021\\\/12\\\/20\\\/analiza-europa-restricciones-navidenas-ante-avance-de-omicron\\\/\"},\"author\":{\"name\":\"La jornada\",\"@id\":\"https:\\\/\\\/www.bbmnoticias.com\\\/labravaradiofm\\\/#\\\/schema\\\/person\\\/8a872b7dc28c6c7da3fa2516edaab5e1\"},\"headline\":\"Analiza Europa restricciones navide\u00f1as ante avance de \u00f3micron\",\"datePublished\":\"2021-12-20T18:04:32+00:00\",\"dateModified\":\"2021-12-20T18:12:49+00:00\",\"mainEntityOfPage\":{\"@id\":\"https:\\\/\\\/www.bbmnoticias.com\\\/labravaradiofm\\\/2021\\\/12\\\/20\\\/analiza-europa-restricciones-navidenas-ante-avance-de-omicron\\\/\"},\"wordCount\":679,\"image\":{\"@id\":\"https:\\\/\\\/www.bbmnoticias.com\\\/labravaradiofm\\\/2021\\\/12\\\/20\\\/analiza-europa-restricciones-navidenas-ante-avance-de-omicron\\\/#primaryimage\"},\"thumbnailUrl\":\"https:\\\/\\\/www.bbmnoticias.com\\\/labravaradiofm\\\/wp-content\\\/uploads\\\/sites\\\/5\\\/2021\\\/12\\\/i20102021-1.jpg\",\"inLanguage\":\"es\"},{\"@type\":\"WebPage\",\"@id\":\"https:\\\/\\\/www.bbmnoticias.com\\\/labravaradiofm\\\/2021\\\/12\\\/20\\\/analiza-europa-restricciones-navidenas-ante-avance-de-omicron\\\/\",\"url\":\"https:\\\/\\\/www.bbmnoticias.com\\\/labravaradiofm\\\/2021\\\/12\\\/20\\\/analiza-europa-restricciones-navidenas-ante-avance-de-omicron\\\/\",\"name\":\"Analiza Europa restricciones navide\u00f1as ante avance de \u00f3micron - LA BRAVA RADIO\",\"isPartOf\":{\"@id\":\"https:\\\/\\\/www.bbmnoticias.com\\\/labravaradiofm\\\/#website\"},\"primaryImageOfPage\":{\"@id\":\"https:\\\/\\\/www.bbmnoticias.com\\\/labravaradiofm\\\/2021\\\/12\\\/20\\\/analiza-europa-restricciones-navidenas-ante-avance-de-omicron\\\/#primaryimage\"},\"image\":{\"@id\":\"https:\\\/\\\/www.bbmnoticias.com\\\/labravaradiofm\\\/2021\\\/12\\\/20\\\/analiza-europa-restricciones-navidenas-ante-avance-de-omicron\\\/#primaryimage\"},\"thumbnailUrl\":\"https:\\\/\\\/www.bbmnoticias.com\\\/labravaradiofm\\\/wp-content\\\/uploads\\\/sites\\\/5\\\/2021\\\/12\\\/i20102021-1.jpg\",\"datePublished\":\"2021-12-20T18:04:32+00:00\",\"dateModified\":\"2021-12-20T18:12:49+00:00\",\"author\":{\"@id\":\"https:\\\/\\\/www.bbmnoticias.com\\\/labravaradiofm\\\/#\\\/schema\\\/person\\\/8a872b7dc28c6c7da3fa2516edaab5e1\"},\"breadcrumb\":{\"@id\":\"https:\\\/\\\/www.bbmnoticias.com\\\/labravaradiofm\\\/2021\\\/12\\\/20\\\/analiza-europa-restricciones-navidenas-ante-avance-de-omicron\\\/#breadcrumb\"},\"inLanguage\":\"es\",\"potentialAction\":[{\"@type\":\"ReadAction\",\"target\":[\"https:\\\/\\\/www.bbmnoticias.com\\\/labravaradiofm\\\/2021\\\/12\\\/20\\\/analiza-europa-restricciones-navidenas-ante-avance-de-omicron\\\/\"]}]},{\"@type\":\"ImageObject\",\"inLanguage\":\"es\",\"@id\":\"https:\\\/\\\/www.bbmnoticias.com\\\/labravaradiofm\\\/2021\\\/12\\\/20\\\/analiza-europa-restricciones-navidenas-ante-avance-de-omicron\\\/#primaryimage\",\"url\":\"https:\\\/\\\/www.bbmnoticias.com\\\/labravaradiofm\\\/wp-content\\\/uploads\\\/sites\\\/5\\\/2021\\\/12\\\/i20102021-1.jpg\",\"contentUrl\":\"https:\\\/\\\/www.bbmnoticias.com\\\/labravaradiofm\\\/wp-content\\\/uploads\\\/sites\\\/5\\\/2021\\\/12\\\/i20102021-1.jpg\",\"width\":799,\"height\":524},{\"@type\":\"BreadcrumbList\",\"@id\":\"https:\\\/\\\/www.bbmnoticias.com\\\/labravaradiofm\\\/2021\\\/12\\\/20\\\/analiza-europa-restricciones-navidenas-ante-avance-de-omicron\\\/#breadcrumb\",\"itemListElement\":[{\"@type\":\"ListItem\",\"position\":1,\"name\":\"Inicio\",\"item\":\"https:\\\/\\\/www.bbmnoticias.com\\\/labravaradiofm\\\/\"},{\"@type\":\"ListItem\",\"position\":2,\"name\":\"Analiza Europa restricciones navide\u00f1as ante avance de \u00f3micron\"}]},{\"@type\":\"WebSite\",\"@id\":\"https:\\\/\\\/www.bbmnoticias.com\\\/labravaradiofm\\\/#website\",\"url\":\"https:\\\/\\\/www.bbmnoticias.com\\\/labravaradiofm\\\/\",\"name\":\"LA BRAVA RADIO\",\"description\":\"Empresa productora de medios, Radiodifusi\u00f3n, Noticias, tendencias y todo lo que necesitas saber de la pol\u00edtica mexicana e internacional; entretenimiento, espect\u00e1culos, salud y mucho m\u00e1s.\",\"potentialAction\":[{\"@type\":\"SearchAction\",\"target\":{\"@type\":\"EntryPoint\",\"urlTemplate\":\"https:\\\/\\\/www.bbmnoticias.com\\\/labravaradiofm\\\/?s={search_term_string}\"},\"query-input\":{\"@type\":\"PropertyValueSpecification\",\"valueRequired\":true,\"valueName\":\"search_term_string\"}}],\"inLanguage\":\"es\"},{\"@type\":\"Person\",\"@id\":\"https:\\\/\\\/www.bbmnoticias.com\\\/labravaradiofm\\\/#\\\/schema\\\/person\\\/8a872b7dc28c6c7da3fa2516edaab5e1\",\"name\":\"La jornada\",\"image\":{\"@type\":\"ImageObject\",\"inLanguage\":\"es\",\"@id\":\"https:\\\/\\\/secure.gravatar.com\\\/avatar\\\/f001d4094255fa8b6aa73ccba38f89ac42819d4fe44fb98dd4c02f7c02ee8e20?s=96&d=mm&r=g\",\"url\":\"https:\\\/\\\/secure.gravatar.com\\\/avatar\\\/f001d4094255fa8b6aa73ccba38f89ac42819d4fe44fb98dd4c02f7c02ee8e20?s=96&d=mm&r=g\",\"contentUrl\":\"https:\\\/\\\/secure.gravatar.com\\\/avatar\\\/f001d4094255fa8b6aa73ccba38f89ac42819d4fe44fb98dd4c02f7c02ee8e20?s=96&d=mm&r=g\",\"caption\":\"La jornada\"},\"url\":\"https:\\\/\\\/www.bbmnoticias.com\\\/labravaradiofm\\\/author\\\/lajornada\\\/\"}]}<\/script>\n<!-- \/ Yoast SEO plugin. -->","yoast_head_json":{"title":"Analiza Europa restricciones navide\u00f1as ante avance de \u00f3micron - LA BRAVA RADIO","robots":{"index":"index","follow":"follow","max-snippet":"max-snippet:-1","max-image-preview":"max-image-preview:large","max-video-preview":"max-video-preview:-1"},"canonical":"https:\/\/www.bbmnoticias.com\/labravaradiofm\/2021\/12\/20\/analiza-europa-restricciones-navidenas-ante-avance-de-omicron\/","og_locale":"es_MX","og_type":"article","og_title":"Analiza Europa restricciones navide\u00f1as ante avance de \u00f3micron - LA BRAVA RADIO","og_description":"Londres. Reino Unido no descart\u00f3 el lunes la posibilidad de restringir las reuniones sociales, un d\u00eda despu\u00e9s de que Pa\u00edses Bajos impusiera un cuarto confinamiento en respuesta a la variante \u00f3micron del coronavirus, y mientras otros pa\u00edses europeos consideraban la posibilidad de imponer restricciones en Navidad. Los contagios por \u00f3micron se est\u00e1n multiplicando r\u00e1pidamente en [&hellip;]","og_url":"https:\/\/www.bbmnoticias.com\/labravaradiofm\/2021\/12\/20\/analiza-europa-restricciones-navidenas-ante-avance-de-omicron\/","og_site_name":"LA BRAVA RADIO","article_published_time":"2021-12-20T18:04:32+00:00","article_modified_time":"2021-12-20T18:12:49+00:00","og_image":[{"width":799,"height":524,"url":"https:\/\/www.bbmnoticias.com\/labravaradiofm\/wp-content\/uploads\/sites\/5\/2021\/12\/i20102021-1.jpg","type":"image\/jpeg"}],"author":"La jornada","twitter_card":"summary_large_image","twitter_misc":{"Escrito por":"La jornada","Tiempo de lectura":"3 minutos"},"schema":{"@context":"https:\/\/schema.org","@graph":[{"@type":"Article","@id":"https:\/\/www.bbmnoticias.com\/labravaradiofm\/2021\/12\/20\/analiza-europa-restricciones-navidenas-ante-avance-de-omicron\/#article","isPartOf":{"@id":"https:\/\/www.bbmnoticias.com\/labravaradiofm\/2021\/12\/20\/analiza-europa-restricciones-navidenas-ante-avance-de-omicron\/"},"author":{"name":"La jornada","@id":"https:\/\/www.bbmnoticias.com\/labravaradiofm\/#\/schema\/person\/8a872b7dc28c6c7da3fa2516edaab5e1"},"headline":"Analiza Europa restricciones navide\u00f1as ante avance de \u00f3micron","datePublished":"2021-12-20T18:04:32+00:00","dateModified":"2021-12-20T18:12:49+00:00","mainEntityOfPage":{"@id":"https:\/\/www.bbmnoticias.com\/labravaradiofm\/2021\/12\/20\/analiza-europa-restricciones-navidenas-ante-avance-de-omicron\/"},"wordCount":679,"image":{"@id":"https:\/\/www.bbmnoticias.com\/labravaradiofm\/2021\/12\/20\/analiza-europa-restricciones-navidenas-ante-avance-de-omicron\/#primaryimage"},"thumbnailUrl":"https:\/\/www.bbmnoticias.com\/labravaradiofm\/wp-content\/uploads\/sites\/5\/2021\/12\/i20102021-1.jpg","inLanguage":"es"},{"@type":"WebPage","@id":"https:\/\/www.bbmnoticias.com\/labravaradiofm\/2021\/12\/20\/analiza-europa-restricciones-navidenas-ante-avance-de-omicron\/","url":"https:\/\/www.bbmnoticias.com\/labravaradiofm\/2021\/12\/20\/analiza-europa-restricciones-navidenas-ante-avance-de-omicron\/","name":"Analiza Europa restricciones navide\u00f1as ante avance de \u00f3micron - LA BRAVA RADIO","isPartOf":{"@id":"https:\/\/www.bbmnoticias.com\/labravaradiofm\/#website"},"primaryImageOfPage":{"@id":"https:\/\/www.bbmnoticias.com\/labravaradiofm\/2021\/12\/20\/analiza-europa-restricciones-navidenas-ante-avance-de-omicron\/#primaryimage"},"image":{"@id":"https:\/\/www.bbmnoticias.com\/labravaradiofm\/2021\/12\/20\/analiza-europa-restricciones-navidenas-ante-avance-de-omicron\/#primaryimage"},"thumbnailUrl":"https:\/\/www.bbmnoticias.com\/labravaradiofm\/wp-content\/uploads\/sites\/5\/2021\/12\/i20102021-1.jpg","datePublished":"2021-12-20T18:04:32+00:00","dateModified":"2021-12-20T18:12:49+00:00","author":{"@id":"https:\/\/www.bbmnoticias.com\/labravaradiofm\/#\/schema\/person\/8a872b7dc28c6c7da3fa2516edaab5e1"},"breadcrumb":{"@id":"https:\/\/www.bbmnoticias.com\/labravaradiofm\/2021\/12\/20\/analiza-europa-restricciones-navidenas-ante-avance-de-omicron\/#breadcrumb"},"inLanguage":"es","potentialAction":[{"@type":"ReadAction","target":["https:\/\/www.bbmnoticias.com\/labravaradiofm\/2021\/12\/20\/analiza-europa-restricciones-navidenas-ante-avance-de-omicron\/"]}]},{"@type":"ImageObject","inLanguage":"es","@id":"https:\/\/www.bbmnoticias.com\/labravaradiofm\/2021\/12\/20\/analiza-europa-restricciones-navidenas-ante-avance-de-omicron\/#primaryimage","url":"https:\/\/www.bbmnoticias.com\/labravaradiofm\/wp-content\/uploads\/sites\/5\/2021\/12\/i20102021-1.jpg","contentUrl":"https:\/\/www.bbmnoticias.com\/labravaradiofm\/wp-content\/uploads\/sites\/5\/2021\/12\/i20102021-1.jpg","width":799,"height":524},{"@type":"BreadcrumbList","@id":"https:\/\/www.bbmnoticias.com\/labravaradiofm\/2021\/12\/20\/analiza-europa-restricciones-navidenas-ante-avance-de-omicron\/#breadcrumb","itemListElement":[{"@type":"ListItem","position":1,"name":"Inicio","item":"https:\/\/www.bbmnoticias.com\/labravaradiofm\/"},{"@type":"ListItem","position":2,"name":"Analiza Europa restricciones navide\u00f1as ante avance de \u00f3micron"}]},{"@type":"WebSite","@id":"https:\/\/www.bbmnoticias.com\/labravaradiofm\/#website","url":"https:\/\/www.bbmnoticias.com\/labravaradiofm\/","name":"LA BRAVA RADIO","description":"Empresa productora de medios, Radiodifusi\u00f3n, Noticias, tendencias y todo lo que necesitas saber de la pol\u00edtica mexicana e internacional; entretenimiento, espect\u00e1culos, salud y mucho m\u00e1s.","potentialAction":[{"@type":"SearchAction","target":{"@type":"EntryPoint","urlTemplate":"https:\/\/www.bbmnoticias.com\/labravaradiofm\/?s={search_term_string}"},"query-input":{"@type":"PropertyValueSpecification","valueRequired":true,"valueName":"search_term_string"}}],"inLanguage":"es"},{"@type":"Person","@id":"https:\/\/www.bbmnoticias.com\/labravaradiofm\/#\/schema\/person\/8a872b7dc28c6c7da3fa2516edaab5e1","name":"La jornada","image":{"@type":"ImageObject","inLanguage":"es","@id":"https:\/\/secure.gravatar.com\/avatar\/f001d4094255fa8b6aa73ccba38f89ac42819d4fe44fb98dd4c02f7c02ee8e20?s=96&d=mm&r=g","url":"https:\/\/secure.gravatar.com\/avatar\/f001d4094255fa8b6aa73ccba38f89ac42819d4fe44fb98dd4c02f7c02ee8e20?s=96&d=mm&r=g","contentUrl":"https:\/\/secure.gravatar.com\/avatar\/f001d4094255fa8b6aa73ccba38f89ac42819d4fe44fb98dd4c02f7c02ee8e20?s=96&d=mm&r=g","caption":"La jornada"},"url":"https:\/\/www.bbmnoticias.com\/labravaradiofm\/author\/lajornada\/"}]}},"_links":{"self":[{"href":"https:\/\/www.bbmnoticias.com\/labravaradiofm\/wp-json\/wp\/v2\/posts\/7488","targetHints":{"allow":["GET"]}}],"collection":[{"href":"https:\/\/www.bbmnoticias.com\/labravaradiofm\/wp-json\/wp\/v2\/posts"}],"about":[{"href":"https:\/\/www.bbmnoticias.com\/labravaradiofm\/wp-json\/wp\/v2\/types\/post"}],"author":[{"embeddable":true,"href":"https:\/\/www.bbmnoticias.com\/labravaradiofm\/wp-json\/wp\/v2\/users\/20"}],"replies":[{"embeddable":true,"href":"https:\/\/www.bbmnoticias.com\/labravaradiofm\/wp-json\/wp\/v2\/comments?post=7488"}],"version-history":[{"count":0,"href":"https:\/\/www.bbmnoticias.com\/labravaradiofm\/wp-json\/wp\/v2\/posts\/7488\/revisions"}],"wp:featuredmedia":[{"embeddable":true,"href":"https:\/\/www.bbmnoticias.com\/labravaradiofm\/wp-json\/wp\/v2\/media\/7489"}],"wp:attachment":[{"href":"https:\/\/www.bbmnoticias.com\/labravaradiofm\/wp-json\/wp\/v2\/media?parent=7488"}],"wp:term":[{"taxonomy":"category","embeddable":true,"href":"https:\/\/www.bbmnoticias.com\/labravaradiofm\/wp-json\/wp\/v2\/categories?post=7488"},{"taxonomy":"post_tag","embeddable":true,"href":"https:\/\/www.bbmnoticias.com\/labravaradiofm\/wp-json\/wp\/v2\/tags?post=7488"}],"curies":[{"name":"wp","href":"https:\/\/api.w.org\/{rel}","templated":true}]}}