{"id":7481,"date":"2021-12-20T11:46:02","date_gmt":"2021-12-20T17:46:02","guid":{"rendered":"https:\/\/www.bbmnoticias.com\/labravaradiofm\/?p=7481"},"modified":"2021-12-20T11:46:04","modified_gmt":"2021-12-20T17:46:04","slug":"coneval-destaca-reduccion-de-pobreza-a-nivel-municipal-en-la-entidad-oaxaquena","status":"publish","type":"post","link":"https:\/\/www.bbmnoticias.com\/labravaradiofm\/2021\/12\/20\/coneval-destaca-reduccion-de-pobreza-a-nivel-municipal-en-la-entidad-oaxaquena\/","title":{"rendered":"Coneval destaca reducci\u00f3n de pobreza a nivel municipal en la entidad oaxaque\u00f1a"},"content":{"rendered":"<div style=\"margin-top: 0px; margin-bottom: 0px;\" class=\"sharethis-inline-share-buttons\" ><\/div>\n<p><strong>Oaxaca de Ju\u00e1rez, Oax. 20 de diciembre de 2021.-<\/strong>&nbsp;&nbsp;De acuerdo a la informaci\u00f3n de la medici\u00f3n de pobreza municipal 2020, proporcionada por el Consejo Nacional de Evaluaci\u00f3n de la Pol\u00edtica de Desarrollo Social (Coneval) y como resultado de la estrategia de atenci\u00f3n prioritaria y permanente a los municipios con mayores carencias sociales, impulsada por el gobernador Alejandro Murat Hinojosa y puesta es marcha desde la Sebien, se logr\u00f3 reducir la pobreza y pobreza extrema en el n\u00famero de poblaci\u00f3n, en los \u00faltimos cinco a\u00f1os, inform\u00f3 el titular de la Secretar\u00eda de Bienestar, Rub\u00e9n Vasconcelos Mendez.<\/p>\n\n\n\n<p>Explic\u00f3 que los resultados de este an\u00e1lisis, detallan que de los 570 municipios que integran el estado, se observ\u00f3 que, en 475 de ellos, es decir, en el 83.3 %, se registr\u00f3 una disminuci\u00f3n del porcentaje de su poblaci\u00f3n en situaci\u00f3n de pobreza durante el periodo 2015 \u2013 2020. Es decir, 8 de cada 10 municipios de Oaxaca, avanzaron en el combate de la pobreza en su poblaci\u00f3n para el 2020.<\/p>\n\n\n\n<p>En ese marco, el secretario Vasconcelos M\u00e9ndez, se\u00f1al\u00f3 que el municipio de San Antonio Acutla ubicado en la regi\u00f3n de la Mixteca, fue el municipio que mayor reducci\u00f3n de la pobreza registr\u00f3 en el periodo 2015-2020, al pasar de 92.9% a 55.6%. Esto es una disminuci\u00f3n de 37.3 puntos porcentuales.<\/p>\n\n\n\n<p>As\u00ed mismo -precis\u00f3 Vasconcelos M\u00e9ndez- en 439 municipios, que representan el 77% del total de municipios en la entidad, se identific\u00f3 una disminuci\u00f3n del porcentaje de su poblaci\u00f3n en situaci\u00f3n de pobreza extrema durante el mismo periodo de 2015 a 2020.<\/p>\n\n\n\n<p><\/p>\n\n\n\n<figure class=\"wp-block-image size-full\"><img loading=\"lazy\" decoding=\"async\" width=\"800\" height=\"734\" src=\"https:\/\/www.bbmnoticias.com\/labravaradiofm\/wp-content\/uploads\/sites\/5\/2021\/12\/pobresa-oaxaca-2.jpg\" alt=\"\" class=\"wp-image-7483\" srcset=\"https:\/\/www.bbmnoticias.com\/labravaradiofm\/wp-content\/uploads\/sites\/5\/2021\/12\/pobresa-oaxaca-2.jpg 800w, https:\/\/www.bbmnoticias.com\/labravaradiofm\/wp-content\/uploads\/sites\/5\/2021\/12\/pobresa-oaxaca-2-300x275.jpg 300w, https:\/\/www.bbmnoticias.com\/labravaradiofm\/wp-content\/uploads\/sites\/5\/2021\/12\/pobresa-oaxaca-2-768x705.jpg 768w, https:\/\/www.bbmnoticias.com\/labravaradiofm\/wp-content\/uploads\/sites\/5\/2021\/12\/pobresa-oaxaca-2-458x420.jpg 458w, https:\/\/www.bbmnoticias.com\/labravaradiofm\/wp-content\/uploads\/sites\/5\/2021\/12\/pobresa-oaxaca-2-640x587.jpg 640w, https:\/\/www.bbmnoticias.com\/labravaradiofm\/wp-content\/uploads\/sites\/5\/2021\/12\/pobresa-oaxaca-2-681x625.jpg 681w\" sizes=\"auto, (max-width: 800px) 100vw, 800px\" \/><\/figure>\n\n\n\n<p>En este sentido -puntualiz\u00f3 el responsable de la pol\u00edtica social del estado- el municipio de Santiago Nuyo\u00f3 ubicado en la regi\u00f3n de la Mixteca, fue el municipio que mayor reducci\u00f3n de pobreza extrema registr\u00f3 en el periodo 2015-2020, al pasar de 83.9% a 26.6% (Es decir una reducci\u00f3n de 57.3 puntos porcentuales).<\/p>\n\n\n\n<p>As\u00ed mismo remarc\u00f3 que en un an\u00e1lisis regional del fen\u00f3meno de la pobreza se identific\u00f3 que en 7 de las 8 regiones que integran el estado se present\u00f3 una disminuci\u00f3n del fen\u00f3meno de la pobreza, siendo la regi\u00f3n del Istmo la que mayor contracci\u00f3n de este indicador present\u00f3 al pasar de 59.5% de su poblaci\u00f3n en esta situaci\u00f3n en el 2015 a 51.7% en el ejercicio 2020. Por su parte la regi\u00f3n de Valles Centrales es la regi\u00f3n del estado que tiene la menor proporci\u00f3n de su poblaci\u00f3n en situaci\u00f3n de pobreza al ubicarse el indicador en 50.3%.<\/p>\n\n\n\n<p>Son quince los municipios que lograron disminuir su proporci\u00f3n de poblaci\u00f3n en situaci\u00f3n de pobreza en mas de 20 puntos porcentuales durante le periodo 2015 \u2013 2020, adem\u00e1s de San Antonio Acutla, San Bartolo Soyaltepec en la Regi\u00f3n de la Mixteca y San Miguel del Puerto en la regi\u00f3n de la Costa con una disminuci\u00f3n de mas de 30 puntos.<\/p>\n\n\n\n<p>En 32 municipios se disminuy\u00f3 su porcentaje de pobreza en 80% en el mismo periodo de cinco a\u00f1os, donde destacan: San Pedro Pochutla y Santiago Pinotepa Nacional que redujeron su porcentaje de pobreza en m\u00e1s de 10 puntos porcentuales. Mientras que Santa Mar\u00eda Yucuhiti, Santo Domingo de Morelos, Yutanduchi de Guerrero, Huajuapan de Le\u00f3n, Juchit\u00e1n de Zaragoza y Oaxaca de Ju\u00e1rez lo redujeron en m\u00e1s de 5 puntos porcentuales, agreg\u00f3 el funcionario estatal.<\/p>\n\n\n\n<p>Resalt\u00f3 que conforme a los resultados de Coneval, 28 municipios de Oaxaca lograron disminuir en 70 por ciento su porcentaje de pobreza extrema, de los cuales Santiago Nuyo\u00f3 y Santos Reyes Yucun\u00e1 disminuyeron su pobreza extrema en m\u00e1s de 50 puntos porcentuales, en tanto que San Marcial Ozolotepec y Santa Mar\u00eda Yucuhiti lo redujeron entre 30 y 40 puntos porcentuales.<\/p>\n\n\n\n<p>En ese aspecto, tambi\u00e9n destacan San Juan Ozolotepec, San Lorenzo Cuaunecuiltitla, San Juan Coatz\u00f3spam, San Pedro Taviche y Yutanduchi de Guerrero que lograron reducir en m\u00e1s de 20 puntos porcentuales sus \u00edndices porcentuales de pobreza extrema, a\u00f1adi\u00f3.<\/p>\n\n\n\n<p>De los 570 municipios del estado, \u00fanicamente 67 municipios (11.8% del total) tienen un porcentaje de su poblaci\u00f3n en situaci\u00f3n de pobreza extrema mayor al 50%, diagn\u00f3stico que permite enfocar los programas y acciones que han sido eficientes en otras regiones a estas localidades para lograr su desarrollo social y combate de carencias sociales.<\/p>\n\n\n\n<p>El secretario de Bienestar, expuso que junto con la puesta en marcha de los macroproyectos y la reactivaci\u00f3n del sector servicios -especialmente el tur\u00edstico- se ha logrado en los \u00faltimos tres a\u00f1os, registrar una elevaci\u00f3n de ingresos de la poblacion.<\/p>\n\n\n\n<p>Consider\u00f3 que este conjunto de acciones impulsadas por el Gobernador Alejandro Murat ratifican el compromiso de su gobierno con la poblaci\u00f3n en situaci\u00f3n de pobreza y confirman que la estrategia ha sido acertada, oportuna y eficaz, lo que amerita su fortalecimiento.<\/p>\n\n\n\n<p>Por su parte, el responsable de Copeval, Francisco Cruz Reyes, coment\u00f3 que los an\u00e1lisis que se generan a partir de los resultados de la medici\u00f3n de pobreza municipal son de utilidad en el dise\u00f1o de pol\u00edticas p\u00fablicas espec\u00edficas para promover el desarrollo social de la poblaci\u00f3n y la reducci\u00f3n de las brechas socioecon\u00f3micas presentes en el pa\u00eds y al interior de los estados.<\/p>\n\n\n\n<p>Explic\u00f3 que para elaborar esta medici\u00f3n multidimensional de la pobreza a nivel municipal, el Coneval, utiliz\u00f3 informaci\u00f3n del INEGI, por medio de la Encuesta Nacional de Ingresos y Gastos de los Hogares as\u00ed como de la muestra del Censo de Poblaci\u00f3n y Vivienda 2020, de manera que por primera vez, t\u00e9cnicamente se cont\u00f3 con tres estimaciones en el tiempo de los indicadores de la medici\u00f3n multidimensional de la pobreza a escala municipal.<\/p>\n","protected":false},"excerpt":{"rendered":"<p>Oaxaca de Ju\u00e1rez, Oax. 20 de diciembre de 2021.-&nbsp;&nbsp;De acuerdo a la informaci\u00f3n de la medici\u00f3n de pobreza municipal 2020, proporcionada por el Consejo Nacional de Evaluaci\u00f3n de la Pol\u00edtica de Desarrollo Social (Coneval) y como resultado de la estrategia de atenci\u00f3n prioritaria y permanente a los municipios con mayores carencias sociales, impulsada por el [&hellip;]<\/p>\n","protected":false},"author":2,"featured_media":7482,"comment_status":"closed","ping_status":"closed","sticky":false,"template":"","format":"standard","meta":{"footnotes":""},"categories":[2],"tags":[],"class_list":{"0":"post-7481","1":"post","2":"type-post","3":"status-publish","4":"format-standard","5":"has-post-thumbnail","7":"category-oaxaca"},"yoast_head":"<!-- This site is optimized with the Yoast SEO plugin v27.4 - https:\/\/yoast.com\/product\/yoast-seo-wordpress\/ -->\n<title>Coneval destaca reducci\u00f3n de pobreza a nivel municipal en la entidad oaxaque\u00f1a - LA BRAVA RADIO<\/title>\n<meta name=\"robots\" content=\"index, follow, max-snippet:-1, max-image-preview:large, max-video-preview:-1\" \/>\n<link rel=\"canonical\" href=\"https:\/\/www.bbmnoticias.com\/labravaradiofm\/2021\/12\/20\/coneval-destaca-reduccion-de-pobreza-a-nivel-municipal-en-la-entidad-oaxaquena\/\" \/>\n<meta property=\"og:locale\" content=\"es_MX\" \/>\n<meta property=\"og:type\" content=\"article\" \/>\n<meta property=\"og:title\" content=\"Coneval destaca reducci\u00f3n de pobreza a nivel municipal en la entidad oaxaque\u00f1a - LA BRAVA RADIO\" \/>\n<meta property=\"og:description\" content=\"Oaxaca de Ju\u00e1rez, Oax. 20 de diciembre de 2021.-&nbsp;&nbsp;De acuerdo a la informaci\u00f3n de la medici\u00f3n de pobreza municipal 2020, proporcionada por el Consejo Nacional de Evaluaci\u00f3n de la Pol\u00edtica de Desarrollo Social (Coneval) y como resultado de la estrategia de atenci\u00f3n prioritaria y permanente a los municipios con mayores carencias sociales, impulsada por el [&hellip;]\" \/>\n<meta property=\"og:url\" content=\"https:\/\/www.bbmnoticias.com\/labravaradiofm\/2021\/12\/20\/coneval-destaca-reduccion-de-pobreza-a-nivel-municipal-en-la-entidad-oaxaquena\/\" \/>\n<meta property=\"og:site_name\" content=\"LA BRAVA RADIO\" \/>\n<meta property=\"article:published_time\" content=\"2021-12-20T17:46:02+00:00\" \/>\n<meta property=\"article:modified_time\" content=\"2021-12-20T17:46:04+00:00\" \/>\n<meta property=\"og:image\" content=\"https:\/\/www.bbmnoticias.com\/labravaradiofm\/wp-content\/uploads\/sites\/5\/2021\/12\/pobresa-oaxaca.jpg\" \/>\n\t<meta property=\"og:image:width\" content=\"828\" \/>\n\t<meta property=\"og:image:height\" content=\"754\" \/>\n\t<meta property=\"og:image:type\" content=\"image\/jpeg\" \/>\n<meta name=\"author\" content=\"Staff\" \/>\n<meta name=\"twitter:card\" content=\"summary_large_image\" \/>\n<meta name=\"twitter:label1\" content=\"Escrito por\" \/>\n\t<meta name=\"twitter:data1\" content=\"Staff\" \/>\n\t<meta name=\"twitter:label2\" content=\"Tiempo de lectura\" \/>\n\t<meta name=\"twitter:data2\" content=\"5 minutos\" \/>\n<script type=\"application\/ld+json\" class=\"yoast-schema-graph\">{\"@context\":\"https:\\\/\\\/schema.org\",\"@graph\":[{\"@type\":\"Article\",\"@id\":\"https:\\\/\\\/www.bbmnoticias.com\\\/labravaradiofm\\\/2021\\\/12\\\/20\\\/coneval-destaca-reduccion-de-pobreza-a-nivel-municipal-en-la-entidad-oaxaquena\\\/#article\",\"isPartOf\":{\"@id\":\"https:\\\/\\\/www.bbmnoticias.com\\\/labravaradiofm\\\/2021\\\/12\\\/20\\\/coneval-destaca-reduccion-de-pobreza-a-nivel-municipal-en-la-entidad-oaxaquena\\\/\"},\"author\":{\"name\":\"Staff\",\"@id\":\"https:\\\/\\\/www.bbmnoticias.com\\\/labravaradiofm\\\/#\\\/schema\\\/person\\\/68a9e9036ef3c5b55aeb2b71dc8bab45\"},\"headline\":\"Coneval destaca reducci\u00f3n de pobreza a nivel municipal en la entidad oaxaque\u00f1a\",\"datePublished\":\"2021-12-20T17:46:02+00:00\",\"dateModified\":\"2021-12-20T17:46:04+00:00\",\"mainEntityOfPage\":{\"@id\":\"https:\\\/\\\/www.bbmnoticias.com\\\/labravaradiofm\\\/2021\\\/12\\\/20\\\/coneval-destaca-reduccion-de-pobreza-a-nivel-municipal-en-la-entidad-oaxaquena\\\/\"},\"wordCount\":961,\"image\":{\"@id\":\"https:\\\/\\\/www.bbmnoticias.com\\\/labravaradiofm\\\/2021\\\/12\\\/20\\\/coneval-destaca-reduccion-de-pobreza-a-nivel-municipal-en-la-entidad-oaxaquena\\\/#primaryimage\"},\"thumbnailUrl\":\"https:\\\/\\\/www.bbmnoticias.com\\\/labravaradiofm\\\/wp-content\\\/uploads\\\/sites\\\/5\\\/2021\\\/12\\\/pobresa-oaxaca.jpg\",\"articleSection\":[\"LOCAL\"],\"inLanguage\":\"es\"},{\"@type\":\"WebPage\",\"@id\":\"https:\\\/\\\/www.bbmnoticias.com\\\/labravaradiofm\\\/2021\\\/12\\\/20\\\/coneval-destaca-reduccion-de-pobreza-a-nivel-municipal-en-la-entidad-oaxaquena\\\/\",\"url\":\"https:\\\/\\\/www.bbmnoticias.com\\\/labravaradiofm\\\/2021\\\/12\\\/20\\\/coneval-destaca-reduccion-de-pobreza-a-nivel-municipal-en-la-entidad-oaxaquena\\\/\",\"name\":\"Coneval destaca reducci\u00f3n de pobreza a nivel municipal en la entidad oaxaque\u00f1a - LA BRAVA RADIO\",\"isPartOf\":{\"@id\":\"https:\\\/\\\/www.bbmnoticias.com\\\/labravaradiofm\\\/#website\"},\"primaryImageOfPage\":{\"@id\":\"https:\\\/\\\/www.bbmnoticias.com\\\/labravaradiofm\\\/2021\\\/12\\\/20\\\/coneval-destaca-reduccion-de-pobreza-a-nivel-municipal-en-la-entidad-oaxaquena\\\/#primaryimage\"},\"image\":{\"@id\":\"https:\\\/\\\/www.bbmnoticias.com\\\/labravaradiofm\\\/2021\\\/12\\\/20\\\/coneval-destaca-reduccion-de-pobreza-a-nivel-municipal-en-la-entidad-oaxaquena\\\/#primaryimage\"},\"thumbnailUrl\":\"https:\\\/\\\/www.bbmnoticias.com\\\/labravaradiofm\\\/wp-content\\\/uploads\\\/sites\\\/5\\\/2021\\\/12\\\/pobresa-oaxaca.jpg\",\"datePublished\":\"2021-12-20T17:46:02+00:00\",\"dateModified\":\"2021-12-20T17:46:04+00:00\",\"author\":{\"@id\":\"https:\\\/\\\/www.bbmnoticias.com\\\/labravaradiofm\\\/#\\\/schema\\\/person\\\/68a9e9036ef3c5b55aeb2b71dc8bab45\"},\"breadcrumb\":{\"@id\":\"https:\\\/\\\/www.bbmnoticias.com\\\/labravaradiofm\\\/2021\\\/12\\\/20\\\/coneval-destaca-reduccion-de-pobreza-a-nivel-municipal-en-la-entidad-oaxaquena\\\/#breadcrumb\"},\"inLanguage\":\"es\",\"potentialAction\":[{\"@type\":\"ReadAction\",\"target\":[\"https:\\\/\\\/www.bbmnoticias.com\\\/labravaradiofm\\\/2021\\\/12\\\/20\\\/coneval-destaca-reduccion-de-pobreza-a-nivel-municipal-en-la-entidad-oaxaquena\\\/\"]}]},{\"@type\":\"ImageObject\",\"inLanguage\":\"es\",\"@id\":\"https:\\\/\\\/www.bbmnoticias.com\\\/labravaradiofm\\\/2021\\\/12\\\/20\\\/coneval-destaca-reduccion-de-pobreza-a-nivel-municipal-en-la-entidad-oaxaquena\\\/#primaryimage\",\"url\":\"https:\\\/\\\/www.bbmnoticias.com\\\/labravaradiofm\\\/wp-content\\\/uploads\\\/sites\\\/5\\\/2021\\\/12\\\/pobresa-oaxaca.jpg\",\"contentUrl\":\"https:\\\/\\\/www.bbmnoticias.com\\\/labravaradiofm\\\/wp-content\\\/uploads\\\/sites\\\/5\\\/2021\\\/12\\\/pobresa-oaxaca.jpg\",\"width\":828,\"height\":754},{\"@type\":\"BreadcrumbList\",\"@id\":\"https:\\\/\\\/www.bbmnoticias.com\\\/labravaradiofm\\\/2021\\\/12\\\/20\\\/coneval-destaca-reduccion-de-pobreza-a-nivel-municipal-en-la-entidad-oaxaquena\\\/#breadcrumb\",\"itemListElement\":[{\"@type\":\"ListItem\",\"position\":1,\"name\":\"Inicio\",\"item\":\"https:\\\/\\\/www.bbmnoticias.com\\\/labravaradiofm\\\/\"},{\"@type\":\"ListItem\",\"position\":2,\"name\":\"Coneval destaca reducci\u00f3n de pobreza a nivel municipal en la entidad oaxaque\u00f1a\"}]},{\"@type\":\"WebSite\",\"@id\":\"https:\\\/\\\/www.bbmnoticias.com\\\/labravaradiofm\\\/#website\",\"url\":\"https:\\\/\\\/www.bbmnoticias.com\\\/labravaradiofm\\\/\",\"name\":\"LA BRAVA RADIO\",\"description\":\"Empresa productora de medios, Radiodifusi\u00f3n, Noticias, tendencias y todo lo que necesitas saber de la pol\u00edtica mexicana e internacional; entretenimiento, espect\u00e1culos, salud y mucho m\u00e1s.\",\"potentialAction\":[{\"@type\":\"SearchAction\",\"target\":{\"@type\":\"EntryPoint\",\"urlTemplate\":\"https:\\\/\\\/www.bbmnoticias.com\\\/labravaradiofm\\\/?s={search_term_string}\"},\"query-input\":{\"@type\":\"PropertyValueSpecification\",\"valueRequired\":true,\"valueName\":\"search_term_string\"}}],\"inLanguage\":\"es\"},{\"@type\":\"Person\",\"@id\":\"https:\\\/\\\/www.bbmnoticias.com\\\/labravaradiofm\\\/#\\\/schema\\\/person\\\/68a9e9036ef3c5b55aeb2b71dc8bab45\",\"name\":\"Staff\",\"image\":{\"@type\":\"ImageObject\",\"inLanguage\":\"es\",\"@id\":\"https:\\\/\\\/secure.gravatar.com\\\/avatar\\\/fdd21ad66fd8b98c407f9dee5b5e588cfe7f0d8579ec20fa6527cd59bab7f0f0?s=96&d=mm&r=g\",\"url\":\"https:\\\/\\\/secure.gravatar.com\\\/avatar\\\/fdd21ad66fd8b98c407f9dee5b5e588cfe7f0d8579ec20fa6527cd59bab7f0f0?s=96&d=mm&r=g\",\"contentUrl\":\"https:\\\/\\\/secure.gravatar.com\\\/avatar\\\/fdd21ad66fd8b98c407f9dee5b5e588cfe7f0d8579ec20fa6527cd59bab7f0f0?s=96&d=mm&r=g\",\"caption\":\"Staff\"},\"url\":\"https:\\\/\\\/www.bbmnoticias.com\\\/labravaradiofm\\\/author\\\/redaccion\\\/\"}]}<\/script>\n<!-- \/ Yoast SEO plugin. -->","yoast_head_json":{"title":"Coneval destaca reducci\u00f3n de pobreza a nivel municipal en la entidad oaxaque\u00f1a - LA BRAVA RADIO","robots":{"index":"index","follow":"follow","max-snippet":"max-snippet:-1","max-image-preview":"max-image-preview:large","max-video-preview":"max-video-preview:-1"},"canonical":"https:\/\/www.bbmnoticias.com\/labravaradiofm\/2021\/12\/20\/coneval-destaca-reduccion-de-pobreza-a-nivel-municipal-en-la-entidad-oaxaquena\/","og_locale":"es_MX","og_type":"article","og_title":"Coneval destaca reducci\u00f3n de pobreza a nivel municipal en la entidad oaxaque\u00f1a - LA BRAVA RADIO","og_description":"Oaxaca de Ju\u00e1rez, Oax. 20 de diciembre de 2021.-&nbsp;&nbsp;De acuerdo a la informaci\u00f3n de la medici\u00f3n de pobreza municipal 2020, proporcionada por el Consejo Nacional de Evaluaci\u00f3n de la Pol\u00edtica de Desarrollo Social (Coneval) y como resultado de la estrategia de atenci\u00f3n prioritaria y permanente a los municipios con mayores carencias sociales, impulsada por el [&hellip;]","og_url":"https:\/\/www.bbmnoticias.com\/labravaradiofm\/2021\/12\/20\/coneval-destaca-reduccion-de-pobreza-a-nivel-municipal-en-la-entidad-oaxaquena\/","og_site_name":"LA BRAVA RADIO","article_published_time":"2021-12-20T17:46:02+00:00","article_modified_time":"2021-12-20T17:46:04+00:00","og_image":[{"width":828,"height":754,"url":"https:\/\/www.bbmnoticias.com\/labravaradiofm\/wp-content\/uploads\/sites\/5\/2021\/12\/pobresa-oaxaca.jpg","type":"image\/jpeg"}],"author":"Staff","twitter_card":"summary_large_image","twitter_misc":{"Escrito por":"Staff","Tiempo de lectura":"5 minutos"},"schema":{"@context":"https:\/\/schema.org","@graph":[{"@type":"Article","@id":"https:\/\/www.bbmnoticias.com\/labravaradiofm\/2021\/12\/20\/coneval-destaca-reduccion-de-pobreza-a-nivel-municipal-en-la-entidad-oaxaquena\/#article","isPartOf":{"@id":"https:\/\/www.bbmnoticias.com\/labravaradiofm\/2021\/12\/20\/coneval-destaca-reduccion-de-pobreza-a-nivel-municipal-en-la-entidad-oaxaquena\/"},"author":{"name":"Staff","@id":"https:\/\/www.bbmnoticias.com\/labravaradiofm\/#\/schema\/person\/68a9e9036ef3c5b55aeb2b71dc8bab45"},"headline":"Coneval destaca reducci\u00f3n de pobreza a nivel municipal en la entidad oaxaque\u00f1a","datePublished":"2021-12-20T17:46:02+00:00","dateModified":"2021-12-20T17:46:04+00:00","mainEntityOfPage":{"@id":"https:\/\/www.bbmnoticias.com\/labravaradiofm\/2021\/12\/20\/coneval-destaca-reduccion-de-pobreza-a-nivel-municipal-en-la-entidad-oaxaquena\/"},"wordCount":961,"image":{"@id":"https:\/\/www.bbmnoticias.com\/labravaradiofm\/2021\/12\/20\/coneval-destaca-reduccion-de-pobreza-a-nivel-municipal-en-la-entidad-oaxaquena\/#primaryimage"},"thumbnailUrl":"https:\/\/www.bbmnoticias.com\/labravaradiofm\/wp-content\/uploads\/sites\/5\/2021\/12\/pobresa-oaxaca.jpg","articleSection":["LOCAL"],"inLanguage":"es"},{"@type":"WebPage","@id":"https:\/\/www.bbmnoticias.com\/labravaradiofm\/2021\/12\/20\/coneval-destaca-reduccion-de-pobreza-a-nivel-municipal-en-la-entidad-oaxaquena\/","url":"https:\/\/www.bbmnoticias.com\/labravaradiofm\/2021\/12\/20\/coneval-destaca-reduccion-de-pobreza-a-nivel-municipal-en-la-entidad-oaxaquena\/","name":"Coneval destaca reducci\u00f3n de pobreza a nivel municipal en la entidad oaxaque\u00f1a - LA BRAVA RADIO","isPartOf":{"@id":"https:\/\/www.bbmnoticias.com\/labravaradiofm\/#website"},"primaryImageOfPage":{"@id":"https:\/\/www.bbmnoticias.com\/labravaradiofm\/2021\/12\/20\/coneval-destaca-reduccion-de-pobreza-a-nivel-municipal-en-la-entidad-oaxaquena\/#primaryimage"},"image":{"@id":"https:\/\/www.bbmnoticias.com\/labravaradiofm\/2021\/12\/20\/coneval-destaca-reduccion-de-pobreza-a-nivel-municipal-en-la-entidad-oaxaquena\/#primaryimage"},"thumbnailUrl":"https:\/\/www.bbmnoticias.com\/labravaradiofm\/wp-content\/uploads\/sites\/5\/2021\/12\/pobresa-oaxaca.jpg","datePublished":"2021-12-20T17:46:02+00:00","dateModified":"2021-12-20T17:46:04+00:00","author":{"@id":"https:\/\/www.bbmnoticias.com\/labravaradiofm\/#\/schema\/person\/68a9e9036ef3c5b55aeb2b71dc8bab45"},"breadcrumb":{"@id":"https:\/\/www.bbmnoticias.com\/labravaradiofm\/2021\/12\/20\/coneval-destaca-reduccion-de-pobreza-a-nivel-municipal-en-la-entidad-oaxaquena\/#breadcrumb"},"inLanguage":"es","potentialAction":[{"@type":"ReadAction","target":["https:\/\/www.bbmnoticias.com\/labravaradiofm\/2021\/12\/20\/coneval-destaca-reduccion-de-pobreza-a-nivel-municipal-en-la-entidad-oaxaquena\/"]}]},{"@type":"ImageObject","inLanguage":"es","@id":"https:\/\/www.bbmnoticias.com\/labravaradiofm\/2021\/12\/20\/coneval-destaca-reduccion-de-pobreza-a-nivel-municipal-en-la-entidad-oaxaquena\/#primaryimage","url":"https:\/\/www.bbmnoticias.com\/labravaradiofm\/wp-content\/uploads\/sites\/5\/2021\/12\/pobresa-oaxaca.jpg","contentUrl":"https:\/\/www.bbmnoticias.com\/labravaradiofm\/wp-content\/uploads\/sites\/5\/2021\/12\/pobresa-oaxaca.jpg","width":828,"height":754},{"@type":"BreadcrumbList","@id":"https:\/\/www.bbmnoticias.com\/labravaradiofm\/2021\/12\/20\/coneval-destaca-reduccion-de-pobreza-a-nivel-municipal-en-la-entidad-oaxaquena\/#breadcrumb","itemListElement":[{"@type":"ListItem","position":1,"name":"Inicio","item":"https:\/\/www.bbmnoticias.com\/labravaradiofm\/"},{"@type":"ListItem","position":2,"name":"Coneval destaca reducci\u00f3n de pobreza a nivel municipal en la entidad oaxaque\u00f1a"}]},{"@type":"WebSite","@id":"https:\/\/www.bbmnoticias.com\/labravaradiofm\/#website","url":"https:\/\/www.bbmnoticias.com\/labravaradiofm\/","name":"LA BRAVA RADIO","description":"Empresa productora de medios, Radiodifusi\u00f3n, Noticias, tendencias y todo lo que necesitas saber de la pol\u00edtica mexicana e internacional; entretenimiento, espect\u00e1culos, salud y mucho m\u00e1s.","potentialAction":[{"@type":"SearchAction","target":{"@type":"EntryPoint","urlTemplate":"https:\/\/www.bbmnoticias.com\/labravaradiofm\/?s={search_term_string}"},"query-input":{"@type":"PropertyValueSpecification","valueRequired":true,"valueName":"search_term_string"}}],"inLanguage":"es"},{"@type":"Person","@id":"https:\/\/www.bbmnoticias.com\/labravaradiofm\/#\/schema\/person\/68a9e9036ef3c5b55aeb2b71dc8bab45","name":"Staff","image":{"@type":"ImageObject","inLanguage":"es","@id":"https:\/\/secure.gravatar.com\/avatar\/fdd21ad66fd8b98c407f9dee5b5e588cfe7f0d8579ec20fa6527cd59bab7f0f0?s=96&d=mm&r=g","url":"https:\/\/secure.gravatar.com\/avatar\/fdd21ad66fd8b98c407f9dee5b5e588cfe7f0d8579ec20fa6527cd59bab7f0f0?s=96&d=mm&r=g","contentUrl":"https:\/\/secure.gravatar.com\/avatar\/fdd21ad66fd8b98c407f9dee5b5e588cfe7f0d8579ec20fa6527cd59bab7f0f0?s=96&d=mm&r=g","caption":"Staff"},"url":"https:\/\/www.bbmnoticias.com\/labravaradiofm\/author\/redaccion\/"}]}},"_links":{"self":[{"href":"https:\/\/www.bbmnoticias.com\/labravaradiofm\/wp-json\/wp\/v2\/posts\/7481","targetHints":{"allow":["GET"]}}],"collection":[{"href":"https:\/\/www.bbmnoticias.com\/labravaradiofm\/wp-json\/wp\/v2\/posts"}],"about":[{"href":"https:\/\/www.bbmnoticias.com\/labravaradiofm\/wp-json\/wp\/v2\/types\/post"}],"author":[{"embeddable":true,"href":"https:\/\/www.bbmnoticias.com\/labravaradiofm\/wp-json\/wp\/v2\/users\/2"}],"replies":[{"embeddable":true,"href":"https:\/\/www.bbmnoticias.com\/labravaradiofm\/wp-json\/wp\/v2\/comments?post=7481"}],"version-history":[{"count":0,"href":"https:\/\/www.bbmnoticias.com\/labravaradiofm\/wp-json\/wp\/v2\/posts\/7481\/revisions"}],"wp:featuredmedia":[{"embeddable":true,"href":"https:\/\/www.bbmnoticias.com\/labravaradiofm\/wp-json\/wp\/v2\/media\/7482"}],"wp:attachment":[{"href":"https:\/\/www.bbmnoticias.com\/labravaradiofm\/wp-json\/wp\/v2\/media?parent=7481"}],"wp:term":[{"taxonomy":"category","embeddable":true,"href":"https:\/\/www.bbmnoticias.com\/labravaradiofm\/wp-json\/wp\/v2\/categories?post=7481"},{"taxonomy":"post_tag","embeddable":true,"href":"https:\/\/www.bbmnoticias.com\/labravaradiofm\/wp-json\/wp\/v2\/tags?post=7481"}],"curies":[{"name":"wp","href":"https:\/\/api.w.org\/{rel}","templated":true}]}}