{"id":74700,"date":"2026-03-03T12:22:05","date_gmt":"2026-03-03T18:22:05","guid":{"rendered":"https:\/\/www.bbmnoticias.com\/labravaradiofm\/2026\/03\/03\/fiscalia-vincula-a-proceso-contra-dos-personas-por-tentativa-de-feminicidio-en-agravio-de-una-nina-hermana-de-uno-de-los-imputados-en-el-istmo\/"},"modified":"2026-03-03T12:22:10","modified_gmt":"2026-03-03T18:22:10","slug":"fiscalia-vincula-a-proceso-contra-dos-personas-por-tentativa-de-feminicidio-en-agravio-de-una-nina-hermana-de-uno-de-los-imputados-en-el-istmo","status":"publish","type":"post","link":"https:\/\/www.bbmnoticias.com\/labravaradiofm\/2026\/03\/03\/fiscalia-vincula-a-proceso-contra-dos-personas-por-tentativa-de-feminicidio-en-agravio-de-una-nina-hermana-de-uno-de-los-imputados-en-el-istmo\/","title":{"rendered":"Fiscal\u00eda vincula a proceso contra dos personas por tentativa de feminicidio en agravio de una ni\u00f1a, hermana de uno de los imputados en el Istmo"},"content":{"rendered":"<div style=\"margin-top: 0px; margin-bottom: 0px;\" class=\"sharethis-inline-share-buttons\" ><\/div>\n<p><strong>Oaxaca de Ju\u00e1rez, Oax.-<\/strong> En seguimiento a delitos cometidos contra ni\u00f1as, ni\u00f1os y adolescentes, la Fiscal\u00eda General del Estado de Oaxaca (FGEO) obtuvo la vinculaci\u00f3n a proceso y prisi\u00f3n preventiva en contra de dos personas, una mujer identificada como G.M.S.L. y un hombre identificado como J.V.M., por el delito de tentativa de feminicidio agravado en agravio de una ni\u00f1a -hermana de la imputada-, en hechos ocurridos en la regi\u00f3n del Istmo.<\/p>\n\n\n\n<p>De acuerdo con la causa penal, los hechos se registraron el 28 de diciembre de 2025, cuando la v\u00edctima (una ni\u00f1a cuya identidad est\u00e1 reservada por Ley), se encontraba sobre la avenida Abasolo Oriente, en el barrio Morro, en Chahuites, sitio del que se retir\u00f3 en compa\u00f1\u00eda de dos personas a bordo de una motocicleta.<\/p>\n\n\n\n<p>Posteriormente, se dirigieron a un camino de terracer\u00eda ubicado a un costado del r\u00edo Novillero, en el barrio Huachaco, donde ambas personas colocaron una cuerda en el cuello de la v\u00edctima, hasta dejarla inconsciente.<\/p>\n\n\n\n<p>Las investigaciones establecen que, al creer que la menor de edad hab\u00eda fallecido, la recostaron y cubrieron con maleza, para despu\u00e9s retirarse del lugar. Sin embargo, la v\u00edctima recuper\u00f3 el conocimiento y logr\u00f3 incorporarse para poder llegar hasta la carretera y solicitar ayuda. A consecuencia de la agresi\u00f3n, la v\u00edctima present\u00f3 diversas lesiones de gravedad que pusieron en riesgo su vida.<\/p>\n\n\n\n<p>Las indagatorias permitieron establecer que la v\u00edctima es hermana de la imputada G.M.S.L. y cu\u00f1ada del imputado J.V.M.<\/p>\n\n\n\n<p>Ante estos hechos, la instituci\u00f3n procuradora de justicia inici\u00f3 una investigaci\u00f3n exhaustiva a trav\u00e9s de la Unidad de Delitos Contra la Mujer por Raz\u00f3n de G\u00e9nero, adscrita a la Vicefiscal\u00eda Regional del Istmo, lo que permiti\u00f3 la aprehensi\u00f3n y presentaci\u00f3n de los imputados ante la autoridad correspondiente.<\/p>\n\n\n\n<p>En audiencia, el Juez de la causa determin\u00f3 vincular a proceso a ambas personas por el delito de tentativa de feminicidio agravado, e impuso la medida cautelar de prisi\u00f3n preventiva, adem\u00e1s de conceder el plazo de un mes para el cierre de la investigaci\u00f3n complementaria.<\/p>\n","protected":false},"excerpt":{"rendered":"<p>Oaxaca de Ju\u00e1rez, Oax.- En seguimiento a delitos cometidos contra ni\u00f1as, ni\u00f1os y adolescentes, la Fiscal\u00eda General del Estado de Oaxaca (FGEO) obtuvo la vinculaci\u00f3n a proceso y prisi\u00f3n preventiva en contra de dos personas, una mujer identificada como G.M.S.L. y un hombre identificado como J.V.M., por el delito de tentativa de feminicidio agravado en [&hellip;]<\/p>\n","protected":false},"author":2,"featured_media":74702,"comment_status":"closed","ping_status":"open","sticky":false,"template":"","format":"standard","meta":{"footnotes":""},"categories":[2,20],"tags":[],"class_list":{"0":"post-74700","1":"post","2":"type-post","3":"status-publish","4":"format-standard","5":"has-post-thumbnail","7":"category-oaxaca","8":"category-policiaca"},"yoast_head":"<!-- This site is optimized with the Yoast SEO plugin v27.4 - https:\/\/yoast.com\/product\/yoast-seo-wordpress\/ -->\n<title>Fiscal\u00eda vincula a proceso contra dos personas por tentativa de feminicidio en agravio de una ni\u00f1a, hermana de uno de los imputados en el Istmo - LA BRAVA RADIO<\/title>\n<meta name=\"robots\" content=\"index, follow, max-snippet:-1, max-image-preview:large, max-video-preview:-1\" \/>\n<link rel=\"canonical\" href=\"https:\/\/www.bbmnoticias.com\/fiscalia-vincula-a-proceso-contra-dos-personas-por-tentativa-de-feminicidio-en-agravio-de-una-nina-hermana-de-uno-de-los-imputados-en-el-istmo\/\" \/>\n<meta property=\"og:locale\" content=\"es_MX\" \/>\n<meta property=\"og:type\" content=\"article\" \/>\n<meta property=\"og:title\" content=\"Fiscal\u00eda vincula a proceso contra dos personas por tentativa de feminicidio en agravio de una ni\u00f1a, hermana de uno de los imputados en el Istmo - LA BRAVA RADIO\" \/>\n<meta property=\"og:description\" content=\"Oaxaca de Ju\u00e1rez, Oax.- En seguimiento a delitos cometidos contra ni\u00f1as, ni\u00f1os y adolescentes, la Fiscal\u00eda General del Estado de Oaxaca (FGEO) obtuvo la vinculaci\u00f3n a proceso y prisi\u00f3n preventiva en contra de dos personas, una mujer identificada como G.M.S.L. y un hombre identificado como J.V.M., por el delito de tentativa de feminicidio agravado en [&hellip;]\" \/>\n<meta property=\"og:url\" content=\"https:\/\/www.bbmnoticias.com\/fiscalia-vincula-a-proceso-contra-dos-personas-por-tentativa-de-feminicidio-en-agravio-de-una-nina-hermana-de-uno-de-los-imputados-en-el-istmo\/\" \/>\n<meta property=\"og:site_name\" content=\"LA BRAVA RADIO\" \/>\n<meta property=\"article:published_time\" content=\"2026-03-03T18:22:05+00:00\" \/>\n<meta property=\"article:modified_time\" content=\"2026-03-03T18:22:10+00:00\" \/>\n<meta property=\"og:image\" content=\"https:\/\/www.bbmnoticias.com\/labravaradiofm\/wp-content\/uploads\/sites\/5\/2026\/03\/presunto_homicidas_istmo.jpg\" \/>\n\t<meta property=\"og:image:width\" content=\"800\" \/>\n\t<meta property=\"og:image:height\" content=\"450\" \/>\n\t<meta property=\"og:image:type\" content=\"image\/jpeg\" \/>\n<meta name=\"author\" content=\"Staff\" \/>\n<meta name=\"twitter:card\" content=\"summary_large_image\" \/>\n<meta name=\"twitter:label1\" content=\"Escrito por\" \/>\n\t<meta name=\"twitter:data1\" content=\"Staff\" \/>\n\t<meta name=\"twitter:label2\" content=\"Tiempo de lectura\" \/>\n\t<meta name=\"twitter:data2\" content=\"2 minutos\" \/>\n<script type=\"application\/ld+json\" class=\"yoast-schema-graph\">{\"@context\":\"https:\\\/\\\/schema.org\",\"@graph\":[{\"@type\":\"Article\",\"@id\":\"https:\\\/\\\/www.bbmnoticias.com\\\/fiscalia-vincula-a-proceso-contra-dos-personas-por-tentativa-de-feminicidio-en-agravio-de-una-nina-hermana-de-uno-de-los-imputados-en-el-istmo\\\/#article\",\"isPartOf\":{\"@id\":\"https:\\\/\\\/www.bbmnoticias.com\\\/labravaradiofm\\\/2026\\\/03\\\/03\\\/fiscalia-vincula-a-proceso-contra-dos-personas-por-tentativa-de-feminicidio-en-agravio-de-una-nina-hermana-de-uno-de-los-imputados-en-el-istmo\\\/\"},\"author\":{\"name\":\"Staff\",\"@id\":\"https:\\\/\\\/www.bbmnoticias.com\\\/labravaradiofm\\\/#\\\/schema\\\/person\\\/34b139c617a70ea5bef5678bffe4dd7b\"},\"headline\":\"Fiscal\u00eda vincula a proceso contra dos personas por tentativa de feminicidio en agravio de una ni\u00f1a, hermana de uno de los imputados en el Istmo\",\"datePublished\":\"2026-03-03T18:22:05+00:00\",\"dateModified\":\"2026-03-03T18:22:10+00:00\",\"mainEntityOfPage\":{\"@id\":\"https:\\\/\\\/www.bbmnoticias.com\\\/labravaradiofm\\\/2026\\\/03\\\/03\\\/fiscalia-vincula-a-proceso-contra-dos-personas-por-tentativa-de-feminicidio-en-agravio-de-una-nina-hermana-de-uno-de-los-imputados-en-el-istmo\\\/\"},\"wordCount\":399,\"image\":{\"@id\":\"https:\\\/\\\/www.bbmnoticias.com\\\/fiscalia-vincula-a-proceso-contra-dos-personas-por-tentativa-de-feminicidio-en-agravio-de-una-nina-hermana-de-uno-de-los-imputados-en-el-istmo\\\/#primaryimage\"},\"thumbnailUrl\":\"https:\\\/\\\/www.bbmnoticias.com\\\/labravaradiofm\\\/wp-content\\\/uploads\\\/sites\\\/5\\\/2026\\\/03\\\/presunto_homicidas_istmo.jpg\",\"articleSection\":[\"LOCAL\",\"POLICIACA\"],\"inLanguage\":\"es\"},{\"@type\":\"WebPage\",\"@id\":\"https:\\\/\\\/www.bbmnoticias.com\\\/labravaradiofm\\\/2026\\\/03\\\/03\\\/fiscalia-vincula-a-proceso-contra-dos-personas-por-tentativa-de-feminicidio-en-agravio-de-una-nina-hermana-de-uno-de-los-imputados-en-el-istmo\\\/\",\"url\":\"https:\\\/\\\/www.bbmnoticias.com\\\/fiscalia-vincula-a-proceso-contra-dos-personas-por-tentativa-de-feminicidio-en-agravio-de-una-nina-hermana-de-uno-de-los-imputados-en-el-istmo\\\/\",\"name\":\"Fiscal\u00eda vincula a proceso contra dos personas por tentativa de feminicidio en agravio de una ni\u00f1a, hermana de uno de los imputados en el Istmo - LA BRAVA RADIO\",\"isPartOf\":{\"@id\":\"https:\\\/\\\/www.bbmnoticias.com\\\/labravaradiofm\\\/#website\"},\"primaryImageOfPage\":{\"@id\":\"https:\\\/\\\/www.bbmnoticias.com\\\/fiscalia-vincula-a-proceso-contra-dos-personas-por-tentativa-de-feminicidio-en-agravio-de-una-nina-hermana-de-uno-de-los-imputados-en-el-istmo\\\/#primaryimage\"},\"image\":{\"@id\":\"https:\\\/\\\/www.bbmnoticias.com\\\/fiscalia-vincula-a-proceso-contra-dos-personas-por-tentativa-de-feminicidio-en-agravio-de-una-nina-hermana-de-uno-de-los-imputados-en-el-istmo\\\/#primaryimage\"},\"thumbnailUrl\":\"https:\\\/\\\/www.bbmnoticias.com\\\/labravaradiofm\\\/wp-content\\\/uploads\\\/sites\\\/5\\\/2026\\\/03\\\/presunto_homicidas_istmo.jpg\",\"datePublished\":\"2026-03-03T18:22:05+00:00\",\"dateModified\":\"2026-03-03T18:22:10+00:00\",\"author\":{\"@id\":\"https:\\\/\\\/www.bbmnoticias.com\\\/labravaradiofm\\\/#\\\/schema\\\/person\\\/34b139c617a70ea5bef5678bffe4dd7b\"},\"breadcrumb\":{\"@id\":\"https:\\\/\\\/www.bbmnoticias.com\\\/fiscalia-vincula-a-proceso-contra-dos-personas-por-tentativa-de-feminicidio-en-agravio-de-una-nina-hermana-de-uno-de-los-imputados-en-el-istmo\\\/#breadcrumb\"},\"inLanguage\":\"es\",\"potentialAction\":[{\"@type\":\"ReadAction\",\"target\":[\"https:\\\/\\\/www.bbmnoticias.com\\\/fiscalia-vincula-a-proceso-contra-dos-personas-por-tentativa-de-feminicidio-en-agravio-de-una-nina-hermana-de-uno-de-los-imputados-en-el-istmo\\\/\"]}]},{\"@type\":\"ImageObject\",\"inLanguage\":\"es\",\"@id\":\"https:\\\/\\\/www.bbmnoticias.com\\\/fiscalia-vincula-a-proceso-contra-dos-personas-por-tentativa-de-feminicidio-en-agravio-de-una-nina-hermana-de-uno-de-los-imputados-en-el-istmo\\\/#primaryimage\",\"url\":\"https:\\\/\\\/www.bbmnoticias.com\\\/labravaradiofm\\\/wp-content\\\/uploads\\\/sites\\\/5\\\/2026\\\/03\\\/presunto_homicidas_istmo.jpg\",\"contentUrl\":\"https:\\\/\\\/www.bbmnoticias.com\\\/labravaradiofm\\\/wp-content\\\/uploads\\\/sites\\\/5\\\/2026\\\/03\\\/presunto_homicidas_istmo.jpg\",\"width\":800,\"height\":450},{\"@type\":\"BreadcrumbList\",\"@id\":\"https:\\\/\\\/www.bbmnoticias.com\\\/fiscalia-vincula-a-proceso-contra-dos-personas-por-tentativa-de-feminicidio-en-agravio-de-una-nina-hermana-de-uno-de-los-imputados-en-el-istmo\\\/#breadcrumb\",\"itemListElement\":[{\"@type\":\"ListItem\",\"position\":1,\"name\":\"Inicio\",\"item\":\"https:\\\/\\\/www.bbmnoticias.com\\\/labravaradiofm\\\/\"},{\"@type\":\"ListItem\",\"position\":2,\"name\":\"Fiscal\u00eda vincula a proceso contra dos personas por tentativa de feminicidio en agravio de una ni\u00f1a, hermana de uno de los imputados en el Istmo\"}]},{\"@type\":\"WebSite\",\"@id\":\"https:\\\/\\\/www.bbmnoticias.com\\\/labravaradiofm\\\/#website\",\"url\":\"https:\\\/\\\/www.bbmnoticias.com\\\/labravaradiofm\\\/\",\"name\":\"LA BRAVA RADIO\",\"description\":\"Empresa productora de medios, Radiodifusi\u00f3n, Noticias, tendencias y todo lo que necesitas saber de la pol\u00edtica mexicana e internacional; entretenimiento, espect\u00e1culos, salud y mucho m\u00e1s.\",\"potentialAction\":[{\"@type\":\"SearchAction\",\"target\":{\"@type\":\"EntryPoint\",\"urlTemplate\":\"https:\\\/\\\/www.bbmnoticias.com\\\/labravaradiofm\\\/?s={search_term_string}\"},\"query-input\":{\"@type\":\"PropertyValueSpecification\",\"valueRequired\":true,\"valueName\":\"search_term_string\"}}],\"inLanguage\":\"es\"},{\"@type\":\"Person\",\"@id\":\"https:\\\/\\\/www.bbmnoticias.com\\\/labravaradiofm\\\/#\\\/schema\\\/person\\\/34b139c617a70ea5bef5678bffe4dd7b\",\"name\":\"Staff\",\"image\":{\"@type\":\"ImageObject\",\"inLanguage\":\"es\",\"@id\":\"https:\\\/\\\/secure.gravatar.com\\\/avatar\\\/fdd21ad66fd8b98c407f9dee5b5e588cfe7f0d8579ec20fa6527cd59bab7f0f0?s=96&d=mm&r=g\",\"url\":\"https:\\\/\\\/secure.gravatar.com\\\/avatar\\\/fdd21ad66fd8b98c407f9dee5b5e588cfe7f0d8579ec20fa6527cd59bab7f0f0?s=96&d=mm&r=g\",\"contentUrl\":\"https:\\\/\\\/secure.gravatar.com\\\/avatar\\\/fdd21ad66fd8b98c407f9dee5b5e588cfe7f0d8579ec20fa6527cd59bab7f0f0?s=96&d=mm&r=g\",\"caption\":\"Staff\"},\"url\":\"https:\\\/\\\/www.bbmnoticias.com\\\/labravaradiofm\\\/author\\\/redaccion\\\/\"}]}<\/script>\n<!-- \/ Yoast SEO plugin. -->","yoast_head_json":{"title":"Fiscal\u00eda vincula a proceso contra dos personas por tentativa de feminicidio en agravio de una ni\u00f1a, hermana de uno de los imputados en el Istmo - LA BRAVA RADIO","robots":{"index":"index","follow":"follow","max-snippet":"max-snippet:-1","max-image-preview":"max-image-preview:large","max-video-preview":"max-video-preview:-1"},"canonical":"https:\/\/www.bbmnoticias.com\/fiscalia-vincula-a-proceso-contra-dos-personas-por-tentativa-de-feminicidio-en-agravio-de-una-nina-hermana-de-uno-de-los-imputados-en-el-istmo\/","og_locale":"es_MX","og_type":"article","og_title":"Fiscal\u00eda vincula a proceso contra dos personas por tentativa de feminicidio en agravio de una ni\u00f1a, hermana de uno de los imputados en el Istmo - LA BRAVA RADIO","og_description":"Oaxaca de Ju\u00e1rez, Oax.- En seguimiento a delitos cometidos contra ni\u00f1as, ni\u00f1os y adolescentes, la Fiscal\u00eda General del Estado de Oaxaca (FGEO) obtuvo la vinculaci\u00f3n a proceso y prisi\u00f3n preventiva en contra de dos personas, una mujer identificada como G.M.S.L. y un hombre identificado como J.V.M., por el delito de tentativa de feminicidio agravado en [&hellip;]","og_url":"https:\/\/www.bbmnoticias.com\/fiscalia-vincula-a-proceso-contra-dos-personas-por-tentativa-de-feminicidio-en-agravio-de-una-nina-hermana-de-uno-de-los-imputados-en-el-istmo\/","og_site_name":"LA BRAVA RADIO","article_published_time":"2026-03-03T18:22:05+00:00","article_modified_time":"2026-03-03T18:22:10+00:00","og_image":[{"width":800,"height":450,"url":"https:\/\/www.bbmnoticias.com\/labravaradiofm\/wp-content\/uploads\/sites\/5\/2026\/03\/presunto_homicidas_istmo.jpg","type":"image\/jpeg"}],"author":"Staff","twitter_card":"summary_large_image","twitter_misc":{"Escrito por":"Staff","Tiempo de lectura":"2 minutos"},"schema":{"@context":"https:\/\/schema.org","@graph":[{"@type":"Article","@id":"https:\/\/www.bbmnoticias.com\/fiscalia-vincula-a-proceso-contra-dos-personas-por-tentativa-de-feminicidio-en-agravio-de-una-nina-hermana-de-uno-de-los-imputados-en-el-istmo\/#article","isPartOf":{"@id":"https:\/\/www.bbmnoticias.com\/labravaradiofm\/2026\/03\/03\/fiscalia-vincula-a-proceso-contra-dos-personas-por-tentativa-de-feminicidio-en-agravio-de-una-nina-hermana-de-uno-de-los-imputados-en-el-istmo\/"},"author":{"name":"Staff","@id":"https:\/\/www.bbmnoticias.com\/labravaradiofm\/#\/schema\/person\/34b139c617a70ea5bef5678bffe4dd7b"},"headline":"Fiscal\u00eda vincula a proceso contra dos personas por tentativa de feminicidio en agravio de una ni\u00f1a, hermana de uno de los imputados en el Istmo","datePublished":"2026-03-03T18:22:05+00:00","dateModified":"2026-03-03T18:22:10+00:00","mainEntityOfPage":{"@id":"https:\/\/www.bbmnoticias.com\/labravaradiofm\/2026\/03\/03\/fiscalia-vincula-a-proceso-contra-dos-personas-por-tentativa-de-feminicidio-en-agravio-de-una-nina-hermana-de-uno-de-los-imputados-en-el-istmo\/"},"wordCount":399,"image":{"@id":"https:\/\/www.bbmnoticias.com\/fiscalia-vincula-a-proceso-contra-dos-personas-por-tentativa-de-feminicidio-en-agravio-de-una-nina-hermana-de-uno-de-los-imputados-en-el-istmo\/#primaryimage"},"thumbnailUrl":"https:\/\/www.bbmnoticias.com\/labravaradiofm\/wp-content\/uploads\/sites\/5\/2026\/03\/presunto_homicidas_istmo.jpg","articleSection":["LOCAL","POLICIACA"],"inLanguage":"es"},{"@type":"WebPage","@id":"https:\/\/www.bbmnoticias.com\/labravaradiofm\/2026\/03\/03\/fiscalia-vincula-a-proceso-contra-dos-personas-por-tentativa-de-feminicidio-en-agravio-de-una-nina-hermana-de-uno-de-los-imputados-en-el-istmo\/","url":"https:\/\/www.bbmnoticias.com\/fiscalia-vincula-a-proceso-contra-dos-personas-por-tentativa-de-feminicidio-en-agravio-de-una-nina-hermana-de-uno-de-los-imputados-en-el-istmo\/","name":"Fiscal\u00eda vincula a proceso contra dos personas por tentativa de feminicidio en agravio de una ni\u00f1a, hermana de uno de los imputados en el Istmo - LA BRAVA RADIO","isPartOf":{"@id":"https:\/\/www.bbmnoticias.com\/labravaradiofm\/#website"},"primaryImageOfPage":{"@id":"https:\/\/www.bbmnoticias.com\/fiscalia-vincula-a-proceso-contra-dos-personas-por-tentativa-de-feminicidio-en-agravio-de-una-nina-hermana-de-uno-de-los-imputados-en-el-istmo\/#primaryimage"},"image":{"@id":"https:\/\/www.bbmnoticias.com\/fiscalia-vincula-a-proceso-contra-dos-personas-por-tentativa-de-feminicidio-en-agravio-de-una-nina-hermana-de-uno-de-los-imputados-en-el-istmo\/#primaryimage"},"thumbnailUrl":"https:\/\/www.bbmnoticias.com\/labravaradiofm\/wp-content\/uploads\/sites\/5\/2026\/03\/presunto_homicidas_istmo.jpg","datePublished":"2026-03-03T18:22:05+00:00","dateModified":"2026-03-03T18:22:10+00:00","author":{"@id":"https:\/\/www.bbmnoticias.com\/labravaradiofm\/#\/schema\/person\/34b139c617a70ea5bef5678bffe4dd7b"},"breadcrumb":{"@id":"https:\/\/www.bbmnoticias.com\/fiscalia-vincula-a-proceso-contra-dos-personas-por-tentativa-de-feminicidio-en-agravio-de-una-nina-hermana-de-uno-de-los-imputados-en-el-istmo\/#breadcrumb"},"inLanguage":"es","potentialAction":[{"@type":"ReadAction","target":["https:\/\/www.bbmnoticias.com\/fiscalia-vincula-a-proceso-contra-dos-personas-por-tentativa-de-feminicidio-en-agravio-de-una-nina-hermana-de-uno-de-los-imputados-en-el-istmo\/"]}]},{"@type":"ImageObject","inLanguage":"es","@id":"https:\/\/www.bbmnoticias.com\/fiscalia-vincula-a-proceso-contra-dos-personas-por-tentativa-de-feminicidio-en-agravio-de-una-nina-hermana-de-uno-de-los-imputados-en-el-istmo\/#primaryimage","url":"https:\/\/www.bbmnoticias.com\/labravaradiofm\/wp-content\/uploads\/sites\/5\/2026\/03\/presunto_homicidas_istmo.jpg","contentUrl":"https:\/\/www.bbmnoticias.com\/labravaradiofm\/wp-content\/uploads\/sites\/5\/2026\/03\/presunto_homicidas_istmo.jpg","width":800,"height":450},{"@type":"BreadcrumbList","@id":"https:\/\/www.bbmnoticias.com\/fiscalia-vincula-a-proceso-contra-dos-personas-por-tentativa-de-feminicidio-en-agravio-de-una-nina-hermana-de-uno-de-los-imputados-en-el-istmo\/#breadcrumb","itemListElement":[{"@type":"ListItem","position":1,"name":"Inicio","item":"https:\/\/www.bbmnoticias.com\/labravaradiofm\/"},{"@type":"ListItem","position":2,"name":"Fiscal\u00eda vincula a proceso contra dos personas por tentativa de feminicidio en agravio de una ni\u00f1a, hermana de uno de los imputados en el Istmo"}]},{"@type":"WebSite","@id":"https:\/\/www.bbmnoticias.com\/labravaradiofm\/#website","url":"https:\/\/www.bbmnoticias.com\/labravaradiofm\/","name":"LA BRAVA RADIO","description":"Empresa productora de medios, Radiodifusi\u00f3n, Noticias, tendencias y todo lo que necesitas saber de la pol\u00edtica mexicana e internacional; entretenimiento, espect\u00e1culos, salud y mucho m\u00e1s.","potentialAction":[{"@type":"SearchAction","target":{"@type":"EntryPoint","urlTemplate":"https:\/\/www.bbmnoticias.com\/labravaradiofm\/?s={search_term_string}"},"query-input":{"@type":"PropertyValueSpecification","valueRequired":true,"valueName":"search_term_string"}}],"inLanguage":"es"},{"@type":"Person","@id":"https:\/\/www.bbmnoticias.com\/labravaradiofm\/#\/schema\/person\/34b139c617a70ea5bef5678bffe4dd7b","name":"Staff","image":{"@type":"ImageObject","inLanguage":"es","@id":"https:\/\/secure.gravatar.com\/avatar\/fdd21ad66fd8b98c407f9dee5b5e588cfe7f0d8579ec20fa6527cd59bab7f0f0?s=96&d=mm&r=g","url":"https:\/\/secure.gravatar.com\/avatar\/fdd21ad66fd8b98c407f9dee5b5e588cfe7f0d8579ec20fa6527cd59bab7f0f0?s=96&d=mm&r=g","contentUrl":"https:\/\/secure.gravatar.com\/avatar\/fdd21ad66fd8b98c407f9dee5b5e588cfe7f0d8579ec20fa6527cd59bab7f0f0?s=96&d=mm&r=g","caption":"Staff"},"url":"https:\/\/www.bbmnoticias.com\/labravaradiofm\/author\/redaccion\/"}]}},"_links":{"self":[{"href":"https:\/\/www.bbmnoticias.com\/labravaradiofm\/wp-json\/wp\/v2\/posts\/74700","targetHints":{"allow":["GET"]}}],"collection":[{"href":"https:\/\/www.bbmnoticias.com\/labravaradiofm\/wp-json\/wp\/v2\/posts"}],"about":[{"href":"https:\/\/www.bbmnoticias.com\/labravaradiofm\/wp-json\/wp\/v2\/types\/post"}],"author":[{"embeddable":true,"href":"https:\/\/www.bbmnoticias.com\/labravaradiofm\/wp-json\/wp\/v2\/users\/2"}],"replies":[{"embeddable":true,"href":"https:\/\/www.bbmnoticias.com\/labravaradiofm\/wp-json\/wp\/v2\/comments?post=74700"}],"version-history":[{"count":1,"href":"https:\/\/www.bbmnoticias.com\/labravaradiofm\/wp-json\/wp\/v2\/posts\/74700\/revisions"}],"predecessor-version":[{"id":74701,"href":"https:\/\/www.bbmnoticias.com\/labravaradiofm\/wp-json\/wp\/v2\/posts\/74700\/revisions\/74701"}],"wp:featuredmedia":[{"embeddable":true,"href":"https:\/\/www.bbmnoticias.com\/labravaradiofm\/wp-json\/wp\/v2\/media\/74702"}],"wp:attachment":[{"href":"https:\/\/www.bbmnoticias.com\/labravaradiofm\/wp-json\/wp\/v2\/media?parent=74700"}],"wp:term":[{"taxonomy":"category","embeddable":true,"href":"https:\/\/www.bbmnoticias.com\/labravaradiofm\/wp-json\/wp\/v2\/categories?post=74700"},{"taxonomy":"post_tag","embeddable":true,"href":"https:\/\/www.bbmnoticias.com\/labravaradiofm\/wp-json\/wp\/v2\/tags?post=74700"}],"curies":[{"name":"wp","href":"https:\/\/api.w.org\/{rel}","templated":true}]}}