{"id":7400,"date":"2021-12-19T17:07:50","date_gmt":"2021-12-19T23:07:50","guid":{"rendered":"https:\/\/www.bbmnoticias.com\/labravaradiofm\/?p=7400"},"modified":"2021-12-19T17:07:51","modified_gmt":"2021-12-19T23:07:51","slug":"casos-de-covid-19-aumentaron-4-veces-en-la-ultima-semana-en-cdmx-infectologo","status":"publish","type":"post","link":"https:\/\/www.bbmnoticias.com\/labravaradiofm\/2021\/12\/19\/casos-de-covid-19-aumentaron-4-veces-en-la-ultima-semana-en-cdmx-infectologo\/","title":{"rendered":"Casos de Covid-19 aumentaron 4 veces en la \u00faltima semana en CDMX: Infect\u00f3logo"},"content":{"rendered":"<div style=\"margin-top: 0px; margin-bottom: 0px;\" class=\"sharethis-inline-share-buttons\" ><\/div>\n<p>En la \u00faltima semana los <strong>casos de Covid-19 han aumentado cuatro veces en CDMX<\/strong>, asegur\u00f3 el <strong>infect\u00f3logo<\/strong> y m\u00e9dico del Hospital ABC, campus Observatorio, Francisco Moreno S\u00e1nchez.<\/p>\n\n\n\n<p>A trav\u00e9s de su cuenta de Twitter acus\u00f3 que, sin embargo, los n\u00fameros oficiales no reflejan este aumento de casos de<strong> Covid-19<\/strong> que ha notado.<\/p>\n\n\n\n<p>El gobierno de <strong>CDMX<\/strong> asegur\u00f3 el pasado 17 de diciembre que en la \u00faltima semana notaron un ligero aumento de <strong>casos de Covid-19<\/strong>, al pasar de 2.1 al 2.5 % en positividad.<\/p>\n\n\n\n<h2 class=\"wp-block-heading\">Casos de Covid-19 han aumentado 4 veces; gobierno oculta cifras: infect\u00f3logo<\/h2>\n\n\n\n<p>El infect\u00f3logo y m\u00e9dico del Hospital ABC, campus Observatorio, <strong>Francisco Moreno S\u00e1nchez<\/strong>, asegur\u00f3 que en la \u00faltima semana el n\u00famero de personas que salieron positivas a <strong>Covid-19<\/strong> ha aumentado hasta cuatro veces.<\/p>\n\n\n\n<p>Sin embargo, agreg\u00f3 a trav\u00e9s de Twitter, las cifras del gobierno no reflejan este aumento de casos de Covid-19.<\/p>\n\n\n\n<p>El especialista no explic\u00f3 si este aumento se trata por la variante \u00f3micron o por la temporada decembrina.<\/p>\n\n\n\n<p>Francisco Moreno S\u00e1nchez es uno de los infect\u00f3logos m\u00e1s consultados por los medios para hablar sobre la pandemia de Covid-19.<\/p>\n\n\n\n<figure class=\"wp-block-embed is-type-rich is-provider-twitter wp-block-embed-twitter\"><div class=\"wp-block-embed__wrapper\">\n<blockquote class=\"twitter-tweet\" data-width=\"550\" data-dnt=\"true\"><p lang=\"es\" dir=\"ltr\">&quot;Tal parece que si no se cuenta no existe&quot;<br>Esta semana el n\u00famero de personas que nos contactaron por salir positivas a la prueba de <a href=\"https:\/\/twitter.com\/hashtag\/COVID19?src=hash&amp;ref_src=twsrc%5Etfw\">#COVID19<\/a> <a href=\"https:\/\/twitter.com\/hashtag\/infectomed?src=hash&amp;ref_src=twsrc%5Etfw\">#infectomed<\/a> aumento 4 veces, en relaci\u00f3n a lo que ven\u00eda sucediendo, sin embargo, los n\u00fameros oficiales no lo reflejan.<a href=\"https:\/\/twitter.com\/hashtag\/UsaCubrebocas?src=hash&amp;ref_src=twsrc%5Etfw\">#UsaCubrebocas<\/a><\/p>&mdash; Dr Francisco Moreno S\u00e1nchez (@DrPacoMoreno1) <a href=\"https:\/\/twitter.com\/DrPacoMoreno1\/status\/1472578264401068033?ref_src=twsrc%5Etfw\">December 19, 2021<\/a><\/blockquote><script async src=\"https:\/\/platform.twitter.com\/widgets.js\" charset=\"utf-8\"><\/script>\n<\/div><\/figure>\n\n\n\n<h2 class=\"wp-block-heading\">CDMX registra aumento del 0.4 % en positividad del Covid-19<\/h2>\n\n\n\n<p>El gobierno de<strong> CDMX<\/strong> inform\u00f3 que en la \u00faltima semana las hospitalizaciones, los ingresos hospitalarios y las muertes por<strong> Covid-19<\/strong> se encuentran estables.<\/p>\n\n\n\n<p>Sin embargo, registraron un leve aumento en la positividad al pasar del 2.1 al 2.5 %.<\/p>\n\n\n\n<p>A pesar de este aumento de positivos de Covid-19, la secretaria de Salud de CDMX, Oliva L\u00f3pez, dijo que este aumento es un \u201cmuy buen indicador\u201d de que la pandemia sigue a la baja.<\/p>\n\n\n\n<p>L\u00f3pez inform\u00f3 en la conferencia del pasado viernes que en CDMX la variante dominante sigue siendo delta. De \u00f3micron solo se han detectado dos casos.<\/p>\n\n\n\n<p>La secretaria agreg\u00f3 que la estabilidad es gracias a que las personas siguen cuid\u00e1ndose y por el efecto de las vacunas.<\/p>\n","protected":false},"excerpt":{"rendered":"<p>En la \u00faltima semana los casos de Covid-19 han aumentado cuatro veces en CDMX, asegur\u00f3 el infect\u00f3logo y m\u00e9dico del Hospital ABC, campus Observatorio, Francisco Moreno S\u00e1nchez. A trav\u00e9s de su cuenta de Twitter acus\u00f3 que, sin embargo, los n\u00fameros oficiales no reflejan este aumento de casos de Covid-19 que ha notado. El gobierno de [&hellip;]<\/p>\n","protected":false},"author":12,"featured_media":7401,"comment_status":"closed","ping_status":"closed","sticky":false,"template":"","format":"standard","meta":{"footnotes":""},"categories":[1],"tags":[],"class_list":{"0":"post-7400","1":"post","2":"type-post","3":"status-publish","4":"format-standard","5":"has-post-thumbnail","7":"category-sin-categoria"},"yoast_head":"<!-- This site is optimized with the Yoast SEO plugin v27.4 - https:\/\/yoast.com\/product\/yoast-seo-wordpress\/ -->\n<title>Casos de Covid-19 aumentaron 4 veces en la \u00faltima semana en CDMX: Infect\u00f3logo - LA BRAVA RADIO<\/title>\n<meta name=\"robots\" content=\"index, follow, max-snippet:-1, max-image-preview:large, max-video-preview:-1\" \/>\n<link rel=\"canonical\" href=\"https:\/\/www.bbmnoticias.com\/labravaradiofm\/2021\/12\/19\/casos-de-covid-19-aumentaron-4-veces-en-la-ultima-semana-en-cdmx-infectologo\/\" \/>\n<meta property=\"og:locale\" content=\"es_MX\" \/>\n<meta property=\"og:type\" content=\"article\" \/>\n<meta property=\"og:title\" content=\"Casos de Covid-19 aumentaron 4 veces en la \u00faltima semana en CDMX: Infect\u00f3logo - LA BRAVA RADIO\" \/>\n<meta property=\"og:description\" content=\"En la \u00faltima semana los casos de Covid-19 han aumentado cuatro veces en CDMX, asegur\u00f3 el infect\u00f3logo y m\u00e9dico del Hospital ABC, campus Observatorio, Francisco Moreno S\u00e1nchez. A trav\u00e9s de su cuenta de Twitter acus\u00f3 que, sin embargo, los n\u00fameros oficiales no reflejan este aumento de casos de Covid-19 que ha notado. El gobierno de [&hellip;]\" \/>\n<meta property=\"og:url\" content=\"https:\/\/www.bbmnoticias.com\/labravaradiofm\/2021\/12\/19\/casos-de-covid-19-aumentaron-4-veces-en-la-ultima-semana-en-cdmx-infectologo\/\" \/>\n<meta property=\"og:site_name\" content=\"LA BRAVA RADIO\" \/>\n<meta property=\"article:published_time\" content=\"2021-12-19T23:07:50+00:00\" \/>\n<meta property=\"article:modified_time\" content=\"2021-12-19T23:07:51+00:00\" \/>\n<meta property=\"og:image\" content=\"https:\/\/www.bbmnoticias.com\/labravaradiofm\/wp-content\/uploads\/sites\/5\/2021\/12\/cdmx-infectados.jpeg\" \/>\n\t<meta property=\"og:image:width\" content=\"640\" \/>\n\t<meta property=\"og:image:height\" content=\"360\" \/>\n\t<meta property=\"og:image:type\" content=\"image\/jpeg\" \/>\n<meta name=\"author\" content=\"SDPnoticias\" \/>\n<meta name=\"twitter:card\" content=\"summary_large_image\" \/>\n<meta name=\"twitter:label1\" content=\"Escrito por\" \/>\n\t<meta name=\"twitter:data1\" content=\"SDPnoticias\" \/>\n\t<meta name=\"twitter:label2\" content=\"Tiempo de lectura\" \/>\n\t<meta name=\"twitter:data2\" content=\"2 minutos\" \/>\n<script type=\"application\/ld+json\" class=\"yoast-schema-graph\">{\"@context\":\"https:\\\/\\\/schema.org\",\"@graph\":[{\"@type\":\"Article\",\"@id\":\"https:\\\/\\\/www.bbmnoticias.com\\\/labravaradiofm\\\/2021\\\/12\\\/19\\\/casos-de-covid-19-aumentaron-4-veces-en-la-ultima-semana-en-cdmx-infectologo\\\/#article\",\"isPartOf\":{\"@id\":\"https:\\\/\\\/www.bbmnoticias.com\\\/labravaradiofm\\\/2021\\\/12\\\/19\\\/casos-de-covid-19-aumentaron-4-veces-en-la-ultima-semana-en-cdmx-infectologo\\\/\"},\"author\":{\"name\":\"SDPnoticias\",\"@id\":\"https:\\\/\\\/www.bbmnoticias.com\\\/labravaradiofm\\\/#\\\/schema\\\/person\\\/dd54c3159a8392b3c13f071a62fce1fb\"},\"headline\":\"Casos de Covid-19 aumentaron 4 veces en la \u00faltima semana en CDMX: Infect\u00f3logo\",\"datePublished\":\"2021-12-19T23:07:50+00:00\",\"dateModified\":\"2021-12-19T23:07:51+00:00\",\"mainEntityOfPage\":{\"@id\":\"https:\\\/\\\/www.bbmnoticias.com\\\/labravaradiofm\\\/2021\\\/12\\\/19\\\/casos-de-covid-19-aumentaron-4-veces-en-la-ultima-semana-en-cdmx-infectologo\\\/\"},\"wordCount\":338,\"image\":{\"@id\":\"https:\\\/\\\/www.bbmnoticias.com\\\/labravaradiofm\\\/2021\\\/12\\\/19\\\/casos-de-covid-19-aumentaron-4-veces-en-la-ultima-semana-en-cdmx-infectologo\\\/#primaryimage\"},\"thumbnailUrl\":\"https:\\\/\\\/www.bbmnoticias.com\\\/labravaradiofm\\\/wp-content\\\/uploads\\\/sites\\\/5\\\/2021\\\/12\\\/cdmx-infectados.jpeg\",\"inLanguage\":\"es\"},{\"@type\":\"WebPage\",\"@id\":\"https:\\\/\\\/www.bbmnoticias.com\\\/labravaradiofm\\\/2021\\\/12\\\/19\\\/casos-de-covid-19-aumentaron-4-veces-en-la-ultima-semana-en-cdmx-infectologo\\\/\",\"url\":\"https:\\\/\\\/www.bbmnoticias.com\\\/labravaradiofm\\\/2021\\\/12\\\/19\\\/casos-de-covid-19-aumentaron-4-veces-en-la-ultima-semana-en-cdmx-infectologo\\\/\",\"name\":\"Casos de Covid-19 aumentaron 4 veces en la \u00faltima semana en CDMX: Infect\u00f3logo - LA BRAVA RADIO\",\"isPartOf\":{\"@id\":\"https:\\\/\\\/www.bbmnoticias.com\\\/labravaradiofm\\\/#website\"},\"primaryImageOfPage\":{\"@id\":\"https:\\\/\\\/www.bbmnoticias.com\\\/labravaradiofm\\\/2021\\\/12\\\/19\\\/casos-de-covid-19-aumentaron-4-veces-en-la-ultima-semana-en-cdmx-infectologo\\\/#primaryimage\"},\"image\":{\"@id\":\"https:\\\/\\\/www.bbmnoticias.com\\\/labravaradiofm\\\/2021\\\/12\\\/19\\\/casos-de-covid-19-aumentaron-4-veces-en-la-ultima-semana-en-cdmx-infectologo\\\/#primaryimage\"},\"thumbnailUrl\":\"https:\\\/\\\/www.bbmnoticias.com\\\/labravaradiofm\\\/wp-content\\\/uploads\\\/sites\\\/5\\\/2021\\\/12\\\/cdmx-infectados.jpeg\",\"datePublished\":\"2021-12-19T23:07:50+00:00\",\"dateModified\":\"2021-12-19T23:07:51+00:00\",\"author\":{\"@id\":\"https:\\\/\\\/www.bbmnoticias.com\\\/labravaradiofm\\\/#\\\/schema\\\/person\\\/dd54c3159a8392b3c13f071a62fce1fb\"},\"breadcrumb\":{\"@id\":\"https:\\\/\\\/www.bbmnoticias.com\\\/labravaradiofm\\\/2021\\\/12\\\/19\\\/casos-de-covid-19-aumentaron-4-veces-en-la-ultima-semana-en-cdmx-infectologo\\\/#breadcrumb\"},\"inLanguage\":\"es\",\"potentialAction\":[{\"@type\":\"ReadAction\",\"target\":[\"https:\\\/\\\/www.bbmnoticias.com\\\/labravaradiofm\\\/2021\\\/12\\\/19\\\/casos-de-covid-19-aumentaron-4-veces-en-la-ultima-semana-en-cdmx-infectologo\\\/\"]}]},{\"@type\":\"ImageObject\",\"inLanguage\":\"es\",\"@id\":\"https:\\\/\\\/www.bbmnoticias.com\\\/labravaradiofm\\\/2021\\\/12\\\/19\\\/casos-de-covid-19-aumentaron-4-veces-en-la-ultima-semana-en-cdmx-infectologo\\\/#primaryimage\",\"url\":\"https:\\\/\\\/www.bbmnoticias.com\\\/labravaradiofm\\\/wp-content\\\/uploads\\\/sites\\\/5\\\/2021\\\/12\\\/cdmx-infectados.jpeg\",\"contentUrl\":\"https:\\\/\\\/www.bbmnoticias.com\\\/labravaradiofm\\\/wp-content\\\/uploads\\\/sites\\\/5\\\/2021\\\/12\\\/cdmx-infectados.jpeg\",\"width\":640,\"height\":360},{\"@type\":\"BreadcrumbList\",\"@id\":\"https:\\\/\\\/www.bbmnoticias.com\\\/labravaradiofm\\\/2021\\\/12\\\/19\\\/casos-de-covid-19-aumentaron-4-veces-en-la-ultima-semana-en-cdmx-infectologo\\\/#breadcrumb\",\"itemListElement\":[{\"@type\":\"ListItem\",\"position\":1,\"name\":\"Inicio\",\"item\":\"https:\\\/\\\/www.bbmnoticias.com\\\/labravaradiofm\\\/\"},{\"@type\":\"ListItem\",\"position\":2,\"name\":\"Casos de Covid-19 aumentaron 4 veces en la \u00faltima semana en CDMX: Infect\u00f3logo\"}]},{\"@type\":\"WebSite\",\"@id\":\"https:\\\/\\\/www.bbmnoticias.com\\\/labravaradiofm\\\/#website\",\"url\":\"https:\\\/\\\/www.bbmnoticias.com\\\/labravaradiofm\\\/\",\"name\":\"LA BRAVA RADIO\",\"description\":\"Empresa productora de medios, Radiodifusi\u00f3n, Noticias, tendencias y todo lo que necesitas saber de la pol\u00edtica mexicana e internacional; entretenimiento, espect\u00e1culos, salud y mucho m\u00e1s.\",\"potentialAction\":[{\"@type\":\"SearchAction\",\"target\":{\"@type\":\"EntryPoint\",\"urlTemplate\":\"https:\\\/\\\/www.bbmnoticias.com\\\/labravaradiofm\\\/?s={search_term_string}\"},\"query-input\":{\"@type\":\"PropertyValueSpecification\",\"valueRequired\":true,\"valueName\":\"search_term_string\"}}],\"inLanguage\":\"es\"},{\"@type\":\"Person\",\"@id\":\"https:\\\/\\\/www.bbmnoticias.com\\\/labravaradiofm\\\/#\\\/schema\\\/person\\\/dd54c3159a8392b3c13f071a62fce1fb\",\"name\":\"SDPnoticias\",\"image\":{\"@type\":\"ImageObject\",\"inLanguage\":\"es\",\"@id\":\"https:\\\/\\\/secure.gravatar.com\\\/avatar\\\/015ede9175a06d999d8b2b09e108b48c9e008e4ee44a647956086b51bbce326c?s=96&d=mm&r=g\",\"url\":\"https:\\\/\\\/secure.gravatar.com\\\/avatar\\\/015ede9175a06d999d8b2b09e108b48c9e008e4ee44a647956086b51bbce326c?s=96&d=mm&r=g\",\"contentUrl\":\"https:\\\/\\\/secure.gravatar.com\\\/avatar\\\/015ede9175a06d999d8b2b09e108b48c9e008e4ee44a647956086b51bbce326c?s=96&d=mm&r=g\",\"caption\":\"SDPnoticias\"},\"url\":\"https:\\\/\\\/www.bbmnoticias.com\\\/labravaradiofm\\\/author\\\/sdpnoticias\\\/\"}]}<\/script>\n<!-- \/ Yoast SEO plugin. -->","yoast_head_json":{"title":"Casos de Covid-19 aumentaron 4 veces en la \u00faltima semana en CDMX: Infect\u00f3logo - LA BRAVA RADIO","robots":{"index":"index","follow":"follow","max-snippet":"max-snippet:-1","max-image-preview":"max-image-preview:large","max-video-preview":"max-video-preview:-1"},"canonical":"https:\/\/www.bbmnoticias.com\/labravaradiofm\/2021\/12\/19\/casos-de-covid-19-aumentaron-4-veces-en-la-ultima-semana-en-cdmx-infectologo\/","og_locale":"es_MX","og_type":"article","og_title":"Casos de Covid-19 aumentaron 4 veces en la \u00faltima semana en CDMX: Infect\u00f3logo - LA BRAVA RADIO","og_description":"En la \u00faltima semana los casos de Covid-19 han aumentado cuatro veces en CDMX, asegur\u00f3 el infect\u00f3logo y m\u00e9dico del Hospital ABC, campus Observatorio, Francisco Moreno S\u00e1nchez. A trav\u00e9s de su cuenta de Twitter acus\u00f3 que, sin embargo, los n\u00fameros oficiales no reflejan este aumento de casos de Covid-19 que ha notado. El gobierno de [&hellip;]","og_url":"https:\/\/www.bbmnoticias.com\/labravaradiofm\/2021\/12\/19\/casos-de-covid-19-aumentaron-4-veces-en-la-ultima-semana-en-cdmx-infectologo\/","og_site_name":"LA BRAVA RADIO","article_published_time":"2021-12-19T23:07:50+00:00","article_modified_time":"2021-12-19T23:07:51+00:00","og_image":[{"width":640,"height":360,"url":"https:\/\/www.bbmnoticias.com\/labravaradiofm\/wp-content\/uploads\/sites\/5\/2021\/12\/cdmx-infectados.jpeg","type":"image\/jpeg"}],"author":"SDPnoticias","twitter_card":"summary_large_image","twitter_misc":{"Escrito por":"SDPnoticias","Tiempo de lectura":"2 minutos"},"schema":{"@context":"https:\/\/schema.org","@graph":[{"@type":"Article","@id":"https:\/\/www.bbmnoticias.com\/labravaradiofm\/2021\/12\/19\/casos-de-covid-19-aumentaron-4-veces-en-la-ultima-semana-en-cdmx-infectologo\/#article","isPartOf":{"@id":"https:\/\/www.bbmnoticias.com\/labravaradiofm\/2021\/12\/19\/casos-de-covid-19-aumentaron-4-veces-en-la-ultima-semana-en-cdmx-infectologo\/"},"author":{"name":"SDPnoticias","@id":"https:\/\/www.bbmnoticias.com\/labravaradiofm\/#\/schema\/person\/dd54c3159a8392b3c13f071a62fce1fb"},"headline":"Casos de Covid-19 aumentaron 4 veces en la \u00faltima semana en CDMX: Infect\u00f3logo","datePublished":"2021-12-19T23:07:50+00:00","dateModified":"2021-12-19T23:07:51+00:00","mainEntityOfPage":{"@id":"https:\/\/www.bbmnoticias.com\/labravaradiofm\/2021\/12\/19\/casos-de-covid-19-aumentaron-4-veces-en-la-ultima-semana-en-cdmx-infectologo\/"},"wordCount":338,"image":{"@id":"https:\/\/www.bbmnoticias.com\/labravaradiofm\/2021\/12\/19\/casos-de-covid-19-aumentaron-4-veces-en-la-ultima-semana-en-cdmx-infectologo\/#primaryimage"},"thumbnailUrl":"https:\/\/www.bbmnoticias.com\/labravaradiofm\/wp-content\/uploads\/sites\/5\/2021\/12\/cdmx-infectados.jpeg","inLanguage":"es"},{"@type":"WebPage","@id":"https:\/\/www.bbmnoticias.com\/labravaradiofm\/2021\/12\/19\/casos-de-covid-19-aumentaron-4-veces-en-la-ultima-semana-en-cdmx-infectologo\/","url":"https:\/\/www.bbmnoticias.com\/labravaradiofm\/2021\/12\/19\/casos-de-covid-19-aumentaron-4-veces-en-la-ultima-semana-en-cdmx-infectologo\/","name":"Casos de Covid-19 aumentaron 4 veces en la \u00faltima semana en CDMX: Infect\u00f3logo - LA BRAVA RADIO","isPartOf":{"@id":"https:\/\/www.bbmnoticias.com\/labravaradiofm\/#website"},"primaryImageOfPage":{"@id":"https:\/\/www.bbmnoticias.com\/labravaradiofm\/2021\/12\/19\/casos-de-covid-19-aumentaron-4-veces-en-la-ultima-semana-en-cdmx-infectologo\/#primaryimage"},"image":{"@id":"https:\/\/www.bbmnoticias.com\/labravaradiofm\/2021\/12\/19\/casos-de-covid-19-aumentaron-4-veces-en-la-ultima-semana-en-cdmx-infectologo\/#primaryimage"},"thumbnailUrl":"https:\/\/www.bbmnoticias.com\/labravaradiofm\/wp-content\/uploads\/sites\/5\/2021\/12\/cdmx-infectados.jpeg","datePublished":"2021-12-19T23:07:50+00:00","dateModified":"2021-12-19T23:07:51+00:00","author":{"@id":"https:\/\/www.bbmnoticias.com\/labravaradiofm\/#\/schema\/person\/dd54c3159a8392b3c13f071a62fce1fb"},"breadcrumb":{"@id":"https:\/\/www.bbmnoticias.com\/labravaradiofm\/2021\/12\/19\/casos-de-covid-19-aumentaron-4-veces-en-la-ultima-semana-en-cdmx-infectologo\/#breadcrumb"},"inLanguage":"es","potentialAction":[{"@type":"ReadAction","target":["https:\/\/www.bbmnoticias.com\/labravaradiofm\/2021\/12\/19\/casos-de-covid-19-aumentaron-4-veces-en-la-ultima-semana-en-cdmx-infectologo\/"]}]},{"@type":"ImageObject","inLanguage":"es","@id":"https:\/\/www.bbmnoticias.com\/labravaradiofm\/2021\/12\/19\/casos-de-covid-19-aumentaron-4-veces-en-la-ultima-semana-en-cdmx-infectologo\/#primaryimage","url":"https:\/\/www.bbmnoticias.com\/labravaradiofm\/wp-content\/uploads\/sites\/5\/2021\/12\/cdmx-infectados.jpeg","contentUrl":"https:\/\/www.bbmnoticias.com\/labravaradiofm\/wp-content\/uploads\/sites\/5\/2021\/12\/cdmx-infectados.jpeg","width":640,"height":360},{"@type":"BreadcrumbList","@id":"https:\/\/www.bbmnoticias.com\/labravaradiofm\/2021\/12\/19\/casos-de-covid-19-aumentaron-4-veces-en-la-ultima-semana-en-cdmx-infectologo\/#breadcrumb","itemListElement":[{"@type":"ListItem","position":1,"name":"Inicio","item":"https:\/\/www.bbmnoticias.com\/labravaradiofm\/"},{"@type":"ListItem","position":2,"name":"Casos de Covid-19 aumentaron 4 veces en la \u00faltima semana en CDMX: Infect\u00f3logo"}]},{"@type":"WebSite","@id":"https:\/\/www.bbmnoticias.com\/labravaradiofm\/#website","url":"https:\/\/www.bbmnoticias.com\/labravaradiofm\/","name":"LA BRAVA RADIO","description":"Empresa productora de medios, Radiodifusi\u00f3n, Noticias, tendencias y todo lo que necesitas saber de la pol\u00edtica mexicana e internacional; entretenimiento, espect\u00e1culos, salud y mucho m\u00e1s.","potentialAction":[{"@type":"SearchAction","target":{"@type":"EntryPoint","urlTemplate":"https:\/\/www.bbmnoticias.com\/labravaradiofm\/?s={search_term_string}"},"query-input":{"@type":"PropertyValueSpecification","valueRequired":true,"valueName":"search_term_string"}}],"inLanguage":"es"},{"@type":"Person","@id":"https:\/\/www.bbmnoticias.com\/labravaradiofm\/#\/schema\/person\/dd54c3159a8392b3c13f071a62fce1fb","name":"SDPnoticias","image":{"@type":"ImageObject","inLanguage":"es","@id":"https:\/\/secure.gravatar.com\/avatar\/015ede9175a06d999d8b2b09e108b48c9e008e4ee44a647956086b51bbce326c?s=96&d=mm&r=g","url":"https:\/\/secure.gravatar.com\/avatar\/015ede9175a06d999d8b2b09e108b48c9e008e4ee44a647956086b51bbce326c?s=96&d=mm&r=g","contentUrl":"https:\/\/secure.gravatar.com\/avatar\/015ede9175a06d999d8b2b09e108b48c9e008e4ee44a647956086b51bbce326c?s=96&d=mm&r=g","caption":"SDPnoticias"},"url":"https:\/\/www.bbmnoticias.com\/labravaradiofm\/author\/sdpnoticias\/"}]}},"_links":{"self":[{"href":"https:\/\/www.bbmnoticias.com\/labravaradiofm\/wp-json\/wp\/v2\/posts\/7400","targetHints":{"allow":["GET"]}}],"collection":[{"href":"https:\/\/www.bbmnoticias.com\/labravaradiofm\/wp-json\/wp\/v2\/posts"}],"about":[{"href":"https:\/\/www.bbmnoticias.com\/labravaradiofm\/wp-json\/wp\/v2\/types\/post"}],"author":[{"embeddable":true,"href":"https:\/\/www.bbmnoticias.com\/labravaradiofm\/wp-json\/wp\/v2\/users\/12"}],"replies":[{"embeddable":true,"href":"https:\/\/www.bbmnoticias.com\/labravaradiofm\/wp-json\/wp\/v2\/comments?post=7400"}],"version-history":[{"count":0,"href":"https:\/\/www.bbmnoticias.com\/labravaradiofm\/wp-json\/wp\/v2\/posts\/7400\/revisions"}],"wp:featuredmedia":[{"embeddable":true,"href":"https:\/\/www.bbmnoticias.com\/labravaradiofm\/wp-json\/wp\/v2\/media\/7401"}],"wp:attachment":[{"href":"https:\/\/www.bbmnoticias.com\/labravaradiofm\/wp-json\/wp\/v2\/media?parent=7400"}],"wp:term":[{"taxonomy":"category","embeddable":true,"href":"https:\/\/www.bbmnoticias.com\/labravaradiofm\/wp-json\/wp\/v2\/categories?post=7400"},{"taxonomy":"post_tag","embeddable":true,"href":"https:\/\/www.bbmnoticias.com\/labravaradiofm\/wp-json\/wp\/v2\/tags?post=7400"}],"curies":[{"name":"wp","href":"https:\/\/api.w.org\/{rel}","templated":true}]}}