{"id":73797,"date":"2026-02-10T09:12:32","date_gmt":"2026-02-10T15:12:32","guid":{"rendered":"https:\/\/www.bbmnoticias.com\/labravaradiofm\/2026\/02\/10\/diana-navarro-profeta-en-su-tierra-con-una-voz-de-leyenda\/"},"modified":"2026-02-10T09:13:07","modified_gmt":"2026-02-10T15:13:07","slug":"diana-navarro-profeta-en-su-tierra-con-una-voz-de-leyenda","status":"publish","type":"post","link":"https:\/\/www.bbmnoticias.com\/labravaradiofm\/2026\/02\/10\/diana-navarro-profeta-en-su-tierra-con-una-voz-de-leyenda\/","title":{"rendered":"Diana Navarro profeta en su tierra con una voz de leyenda\u00a0"},"content":{"rendered":"<div style=\"margin-top: 0px; margin-bottom: 0px;\" class=\"sharethis-inline-share-buttons\" ><\/div>\n<p><strong>M\u00e1laga, Espa\u00f1a.- <\/strong>El Teatro Cervantes de M\u00e1laga no fue anoche un simple escenario; fue el templo donde Diana Navarro celebr\u00f3 dos d\u00e9cadas de una voz que es ya patrimonio emocional de Espa\u00f1a. Con el estreno de su nuevo espect\u00e1culo, \u201cYa no estoy sola\u201d, la malague\u00f1a realiz\u00f3 un viaje introspectivo y glorioso que dej\u00f3 al p\u00fablico rendido ante una versatilidad que parece no tener techo.<\/p>\n\n\n\n<p>Lo que hace a Diana Navarro una artista \u00fanica es su prodigiosa t\u00e9cnica vocal, que anoche brill\u00f3 con una pureza t\u00e9cnica sobrecogedora. Su voz es un instrumento de una versatilidad infinita: posee un control del aire que le permite sostener notas imposibles, unos agudos cristalinos que parecen flotar en el teatro y una capacidad para el &#8220;filado&#8221; (reducir el sonido al m\u00ednimo sin perder la afinaci\u00f3n) que muy pocas cantantes en el mundo pueden ejecutar. Pas\u00f3 de la delicadeza de la copla al desgarro del flamenco con una maestr\u00eda que dej\u00f3 al p\u00fablico en un silencio reverencial para despu\u00e9s pasar a las ovaciones y a las expresiones malague\u00f1as m\u00e1s queridas para su cantante.<\/p>\n\n\n\n<p>Acompa\u00f1ada bajo la direcci\u00f3n de Julio Awad al piano, Diana se rode\u00f3 de una formaci\u00f3n que supo transitar con elegancia entre la copla, el flamenco y la zarzuela. Destacaron los matices del acorde\u00f3n de David P\u00e9rez, el pellizco de la guitarra de \u2018Cano\u2019, la m\u00edstica del viol\u00edn de Fai\u00e7al Kourrich y la solidez r\u00edtmica de Alejandro Zarzalejo. Los coros de Sonia Villar y Laura Le\u00f3n envolvieron la voz de Diana en una atm\u00f3sfera casi celestial.<\/p>\n\n\n\n<figure class=\"wp-block-image size-full\"><img decoding=\"async\" src=\"https:\/\/www.bbmnoticias.com\/wp-content\/uploads\/2026\/02\/diana_navarro_01.jpg\" alt=\"\" class=\"wp-image-74929\"\/><\/figure>\n\n\n\n<p>Entre los temas que se escucharon fueron: Brindo por ti, Deja de volverme loca, No te olvides de mi, La tar\u00e1ntula, Mira lo que te has perdido, Campanera, Tengo miedo, Guajiras, La loba Padre Nuestro, Mare m\u00eda, 24 rosas, Me quedo contigo, El perd\u00f3n, Sola y Ya no estoy sola , .<\/p>\n\n\n\n<p>La puesta en escena fue un fest\u00edn visual marcado por diversos cambios de vestuario que narran la evoluci\u00f3n de la artista: Inici\u00f3 con un impactante vestido verde cuya falda, confeccionada con un mant\u00f3n, volaba al ritmo de sus melismas.&nbsp; El momento m\u00e1s racial lleg\u00f3 con un traje de flamenca color rosa, de una cola infinita que manej\u00f3 con la maestr\u00eda de quien conoce el peso de la tradici\u00f3n. Una capa que fue para los momentos de mayor emoci\u00f3n&nbsp; y para el cierre, Diana opt\u00f3 por la sobriedad y fuerza de un traje de pantal\u00f3n negro, simbolizando a la mujer empoderada y actual que es hoy.<\/p>\n\n\n\n<p>El Teatro Cervantes de M\u00e1laga fue testigo anoche de un hito que trascendi\u00f3 lo musical para convertirse en un acto de fe y arte.&nbsp; El punto de m\u00e1xima emoci\u00f3n lleg\u00f3 cuando el escenario se llen\u00f3 de la solemnidad de la Semana Santa malague\u00f1a. No fue una banda cualquiera; fue la Banda de Cornetas y Tambores de Nuestro Padre Jes\u00fas Cautivo \u2014la misma que la acompa\u00f1\u00f3 en su hist\u00f3rica presentaci\u00f3n en el Teatro Real de Madrid\u2014 la que escolt\u00f3 la voz de Diana.<\/p>\n\n\n\n<p>El sonido de las cornetas fundi\u00e9ndose con la voz de la malague\u00f1a para cantar al &#8220;Se\u00f1or de M\u00e1laga&#8221; puso los vellos de punta a los asistentes. Esa uni\u00f3n, que ya conquist\u00f3 la capital de Espa\u00f1a, anoche son\u00f3 a gloria en su propia casa. Lo que hace que Diana Navarro sea&nbsp; profeta en su tierra: una voz de leyenda.<\/p>\n\n\n\n<p>La segunda sorpresa de la noche fue la aparici\u00f3n de La Mari (Chambao). Juntas interpretaron <em>\u201cAh\u00ed est\u00e1s t\u00fa\u201d<\/em>, fusionando el estilo \u00fanico de ambas en un abrazo musical que quedar\u00e1 para la historia del Cervantes.<\/p>\n\n\n\n<p>&nbsp;El cierre del espect\u00e1culo fue un derroche de humildad. Lejos de la distancia del foco, Diana baj\u00f3 del escenario para saludar con amigos, familiares y conocidos. Entre ramos de flores y aplausos atronadores, destac\u00f3 el saludo en\u00e9rgico del m\u00edtico Mocito, personaje indispensable de la cultura popular malague\u00f1a, que no quiso faltar a la cita.Tambi\u00e9n estuvo presente el artista malague\u00f1o Javier Calleja. Y directivos del teatro Cervantes.<br><br>Tras 20 a\u00f1os, Diana Navarro ha demostrado que, aunque el espect\u00e1culo se titula \u201c Ya no estoy sola\u201d, Nunca lo ha estado. Hay un pueblo malague\u00f1o que se rinde a su voz y presencia.<\/p>\n","protected":false},"excerpt":{"rendered":"<p>M\u00e1laga, Espa\u00f1a.- El Teatro Cervantes de M\u00e1laga no fue anoche un simple escenario; fue el templo donde Diana Navarro celebr\u00f3 dos d\u00e9cadas de una voz que es ya patrimonio emocional de Espa\u00f1a. Con el estreno de su nuevo espect\u00e1culo, \u201cYa no estoy sola\u201d, la malague\u00f1a realiz\u00f3 un viaje introspectivo y glorioso que dej\u00f3 al p\u00fablico [&hellip;]<\/p>\n","protected":false},"author":6,"featured_media":73799,"comment_status":"closed","ping_status":"open","sticky":false,"template":"","format":"standard","meta":{"footnotes":""},"categories":[949,2],"tags":[],"class_list":{"0":"post-73797","1":"post","2":"type-post","3":"status-publish","4":"format-standard","5":"has-post-thumbnail","7":"category-espectaculos","8":"category-oaxaca"},"yoast_head":"<!-- This site is optimized with the Yoast SEO plugin v27.4 - https:\/\/yoast.com\/product\/yoast-seo-wordpress\/ -->\n<title>Diana Navarro profeta en su tierra con una voz de leyenda\u00a0 - LA BRAVA RADIO<\/title>\n<meta name=\"robots\" content=\"index, follow, max-snippet:-1, max-image-preview:large, max-video-preview:-1\" \/>\n<link rel=\"canonical\" href=\"https:\/\/www.bbmnoticias.com\/diana-navarro-profeta-en-su-tierra-con-una-voz-de-leyenda\/\" \/>\n<meta property=\"og:locale\" content=\"es_MX\" \/>\n<meta property=\"og:type\" content=\"article\" \/>\n<meta property=\"og:title\" content=\"Diana Navarro profeta en su tierra con una voz de leyenda\u00a0 - LA BRAVA RADIO\" \/>\n<meta property=\"og:description\" content=\"M\u00e1laga, Espa\u00f1a.- El Teatro Cervantes de M\u00e1laga no fue anoche un simple escenario; fue el templo donde Diana Navarro celebr\u00f3 dos d\u00e9cadas de una voz que es ya patrimonio emocional de Espa\u00f1a. Con el estreno de su nuevo espect\u00e1culo, \u201cYa no estoy sola\u201d, la malague\u00f1a realiz\u00f3 un viaje introspectivo y glorioso que dej\u00f3 al p\u00fablico [&hellip;]\" \/>\n<meta property=\"og:url\" content=\"https:\/\/www.bbmnoticias.com\/diana-navarro-profeta-en-su-tierra-con-una-voz-de-leyenda\/\" \/>\n<meta property=\"og:site_name\" content=\"LA BRAVA RADIO\" \/>\n<meta property=\"article:published_time\" content=\"2026-02-10T15:12:32+00:00\" \/>\n<meta property=\"article:modified_time\" content=\"2026-02-10T15:13:07+00:00\" \/>\n<meta property=\"og:image\" content=\"https:\/\/www.bbmnoticias.com\/labravaradiofm\/wp-content\/uploads\/sites\/5\/2026\/02\/diana_navarro_02.jpg\" \/>\n\t<meta property=\"og:image:width\" content=\"800\" \/>\n\t<meta property=\"og:image:height\" content=\"533\" \/>\n\t<meta property=\"og:image:type\" content=\"image\/jpeg\" \/>\n<meta name=\"author\" content=\"Mar\u00eda Esther Beltr\u00e1n Mart\u00ednez\" \/>\n<meta name=\"twitter:card\" content=\"summary_large_image\" \/>\n<meta name=\"twitter:label1\" content=\"Escrito por\" \/>\n\t<meta name=\"twitter:data1\" content=\"Mar\u00eda Esther Beltr\u00e1n Mart\u00ednez\" \/>\n\t<meta name=\"twitter:label2\" content=\"Tiempo de lectura\" \/>\n\t<meta name=\"twitter:data2\" content=\"4 minutos\" \/>\n<script type=\"application\/ld+json\" class=\"yoast-schema-graph\">{\"@context\":\"https:\\\/\\\/schema.org\",\"@graph\":[{\"@type\":\"Article\",\"@id\":\"https:\\\/\\\/www.bbmnoticias.com\\\/diana-navarro-profeta-en-su-tierra-con-una-voz-de-leyenda\\\/#article\",\"isPartOf\":{\"@id\":\"https:\\\/\\\/www.bbmnoticias.com\\\/labravaradiofm\\\/2026\\\/02\\\/10\\\/diana-navarro-profeta-en-su-tierra-con-una-voz-de-leyenda\\\/\"},\"author\":{\"name\":\"Mar\u00eda Esther Beltr\u00e1n Mart\u00ednez\",\"@id\":\"https:\\\/\\\/www.bbmnoticias.com\\\/labravaradiofm\\\/#\\\/schema\\\/person\\\/ff037dabcc375d1b25289b6fd3902bd6\"},\"headline\":\"Diana Navarro profeta en su tierra con una voz de leyenda\u00a0\",\"datePublished\":\"2026-02-10T15:12:32+00:00\",\"dateModified\":\"2026-02-10T15:13:07+00:00\",\"mainEntityOfPage\":{\"@id\":\"https:\\\/\\\/www.bbmnoticias.com\\\/labravaradiofm\\\/2026\\\/02\\\/10\\\/diana-navarro-profeta-en-su-tierra-con-una-voz-de-leyenda\\\/\"},\"wordCount\":760,\"image\":{\"@id\":\"https:\\\/\\\/www.bbmnoticias.com\\\/diana-navarro-profeta-en-su-tierra-con-una-voz-de-leyenda\\\/#primaryimage\"},\"thumbnailUrl\":\"https:\\\/\\\/www.bbmnoticias.com\\\/labravaradiofm\\\/wp-content\\\/uploads\\\/sites\\\/5\\\/2026\\\/02\\\/diana_navarro_02.jpg\",\"articleSection\":[\"ESPECT\u00c1CULOS\",\"LOCAL\"],\"inLanguage\":\"es\"},{\"@type\":\"WebPage\",\"@id\":\"https:\\\/\\\/www.bbmnoticias.com\\\/labravaradiofm\\\/2026\\\/02\\\/10\\\/diana-navarro-profeta-en-su-tierra-con-una-voz-de-leyenda\\\/\",\"url\":\"https:\\\/\\\/www.bbmnoticias.com\\\/diana-navarro-profeta-en-su-tierra-con-una-voz-de-leyenda\\\/\",\"name\":\"Diana Navarro profeta en su tierra con una voz de leyenda\u00a0 - LA BRAVA RADIO\",\"isPartOf\":{\"@id\":\"https:\\\/\\\/www.bbmnoticias.com\\\/labravaradiofm\\\/#website\"},\"primaryImageOfPage\":{\"@id\":\"https:\\\/\\\/www.bbmnoticias.com\\\/diana-navarro-profeta-en-su-tierra-con-una-voz-de-leyenda\\\/#primaryimage\"},\"image\":{\"@id\":\"https:\\\/\\\/www.bbmnoticias.com\\\/diana-navarro-profeta-en-su-tierra-con-una-voz-de-leyenda\\\/#primaryimage\"},\"thumbnailUrl\":\"https:\\\/\\\/www.bbmnoticias.com\\\/labravaradiofm\\\/wp-content\\\/uploads\\\/sites\\\/5\\\/2026\\\/02\\\/diana_navarro_02.jpg\",\"datePublished\":\"2026-02-10T15:12:32+00:00\",\"dateModified\":\"2026-02-10T15:13:07+00:00\",\"author\":{\"@id\":\"https:\\\/\\\/www.bbmnoticias.com\\\/labravaradiofm\\\/#\\\/schema\\\/person\\\/ff037dabcc375d1b25289b6fd3902bd6\"},\"breadcrumb\":{\"@id\":\"https:\\\/\\\/www.bbmnoticias.com\\\/diana-navarro-profeta-en-su-tierra-con-una-voz-de-leyenda\\\/#breadcrumb\"},\"inLanguage\":\"es\",\"potentialAction\":[{\"@type\":\"ReadAction\",\"target\":[\"https:\\\/\\\/www.bbmnoticias.com\\\/diana-navarro-profeta-en-su-tierra-con-una-voz-de-leyenda\\\/\"]}]},{\"@type\":\"ImageObject\",\"inLanguage\":\"es\",\"@id\":\"https:\\\/\\\/www.bbmnoticias.com\\\/diana-navarro-profeta-en-su-tierra-con-una-voz-de-leyenda\\\/#primaryimage\",\"url\":\"https:\\\/\\\/www.bbmnoticias.com\\\/labravaradiofm\\\/wp-content\\\/uploads\\\/sites\\\/5\\\/2026\\\/02\\\/diana_navarro_02.jpg\",\"contentUrl\":\"https:\\\/\\\/www.bbmnoticias.com\\\/labravaradiofm\\\/wp-content\\\/uploads\\\/sites\\\/5\\\/2026\\\/02\\\/diana_navarro_02.jpg\",\"width\":800,\"height\":533},{\"@type\":\"BreadcrumbList\",\"@id\":\"https:\\\/\\\/www.bbmnoticias.com\\\/diana-navarro-profeta-en-su-tierra-con-una-voz-de-leyenda\\\/#breadcrumb\",\"itemListElement\":[{\"@type\":\"ListItem\",\"position\":1,\"name\":\"Inicio\",\"item\":\"https:\\\/\\\/www.bbmnoticias.com\\\/labravaradiofm\\\/\"},{\"@type\":\"ListItem\",\"position\":2,\"name\":\"Diana Navarro profeta en su tierra con una voz de leyenda\u00a0\"}]},{\"@type\":\"WebSite\",\"@id\":\"https:\\\/\\\/www.bbmnoticias.com\\\/labravaradiofm\\\/#website\",\"url\":\"https:\\\/\\\/www.bbmnoticias.com\\\/labravaradiofm\\\/\",\"name\":\"LA BRAVA RADIO\",\"description\":\"Empresa productora de medios, Radiodifusi\u00f3n, Noticias, tendencias y todo lo que necesitas saber de la pol\u00edtica mexicana e internacional; entretenimiento, espect\u00e1culos, salud y mucho m\u00e1s.\",\"potentialAction\":[{\"@type\":\"SearchAction\",\"target\":{\"@type\":\"EntryPoint\",\"urlTemplate\":\"https:\\\/\\\/www.bbmnoticias.com\\\/labravaradiofm\\\/?s={search_term_string}\"},\"query-input\":{\"@type\":\"PropertyValueSpecification\",\"valueRequired\":true,\"valueName\":\"search_term_string\"}}],\"inLanguage\":\"es\"},{\"@type\":\"Person\",\"@id\":\"https:\\\/\\\/www.bbmnoticias.com\\\/labravaradiofm\\\/#\\\/schema\\\/person\\\/ff037dabcc375d1b25289b6fd3902bd6\",\"name\":\"Mar\u00eda Esther Beltr\u00e1n Mart\u00ednez\",\"image\":{\"@type\":\"ImageObject\",\"inLanguage\":\"es\",\"@id\":\"https:\\\/\\\/secure.gravatar.com\\\/avatar\\\/50efe5915c3eac137dcc550ff1c590bc6054705eb482a33520c9501c8eec550f?s=96&d=mm&r=g\",\"url\":\"https:\\\/\\\/secure.gravatar.com\\\/avatar\\\/50efe5915c3eac137dcc550ff1c590bc6054705eb482a33520c9501c8eec550f?s=96&d=mm&r=g\",\"contentUrl\":\"https:\\\/\\\/secure.gravatar.com\\\/avatar\\\/50efe5915c3eac137dcc550ff1c590bc6054705eb482a33520c9501c8eec550f?s=96&d=mm&r=g\",\"caption\":\"Mar\u00eda Esther Beltr\u00e1n Mart\u00ednez\"},\"url\":\"https:\\\/\\\/www.bbmnoticias.com\\\/labravaradiofm\\\/author\\\/maria\\\/\"}]}<\/script>\n<!-- \/ Yoast SEO plugin. -->","yoast_head_json":{"title":"Diana Navarro profeta en su tierra con una voz de leyenda\u00a0 - LA BRAVA RADIO","robots":{"index":"index","follow":"follow","max-snippet":"max-snippet:-1","max-image-preview":"max-image-preview:large","max-video-preview":"max-video-preview:-1"},"canonical":"https:\/\/www.bbmnoticias.com\/diana-navarro-profeta-en-su-tierra-con-una-voz-de-leyenda\/","og_locale":"es_MX","og_type":"article","og_title":"Diana Navarro profeta en su tierra con una voz de leyenda\u00a0 - LA BRAVA RADIO","og_description":"M\u00e1laga, Espa\u00f1a.- El Teatro Cervantes de M\u00e1laga no fue anoche un simple escenario; fue el templo donde Diana Navarro celebr\u00f3 dos d\u00e9cadas de una voz que es ya patrimonio emocional de Espa\u00f1a. Con el estreno de su nuevo espect\u00e1culo, \u201cYa no estoy sola\u201d, la malague\u00f1a realiz\u00f3 un viaje introspectivo y glorioso que dej\u00f3 al p\u00fablico [&hellip;]","og_url":"https:\/\/www.bbmnoticias.com\/diana-navarro-profeta-en-su-tierra-con-una-voz-de-leyenda\/","og_site_name":"LA BRAVA RADIO","article_published_time":"2026-02-10T15:12:32+00:00","article_modified_time":"2026-02-10T15:13:07+00:00","og_image":[{"width":800,"height":533,"url":"https:\/\/www.bbmnoticias.com\/labravaradiofm\/wp-content\/uploads\/sites\/5\/2026\/02\/diana_navarro_02.jpg","type":"image\/jpeg"}],"author":"Mar\u00eda Esther Beltr\u00e1n Mart\u00ednez","twitter_card":"summary_large_image","twitter_misc":{"Escrito por":"Mar\u00eda Esther Beltr\u00e1n Mart\u00ednez","Tiempo de lectura":"4 minutos"},"schema":{"@context":"https:\/\/schema.org","@graph":[{"@type":"Article","@id":"https:\/\/www.bbmnoticias.com\/diana-navarro-profeta-en-su-tierra-con-una-voz-de-leyenda\/#article","isPartOf":{"@id":"https:\/\/www.bbmnoticias.com\/labravaradiofm\/2026\/02\/10\/diana-navarro-profeta-en-su-tierra-con-una-voz-de-leyenda\/"},"author":{"name":"Mar\u00eda Esther Beltr\u00e1n Mart\u00ednez","@id":"https:\/\/www.bbmnoticias.com\/labravaradiofm\/#\/schema\/person\/ff037dabcc375d1b25289b6fd3902bd6"},"headline":"Diana Navarro profeta en su tierra con una voz de leyenda\u00a0","datePublished":"2026-02-10T15:12:32+00:00","dateModified":"2026-02-10T15:13:07+00:00","mainEntityOfPage":{"@id":"https:\/\/www.bbmnoticias.com\/labravaradiofm\/2026\/02\/10\/diana-navarro-profeta-en-su-tierra-con-una-voz-de-leyenda\/"},"wordCount":760,"image":{"@id":"https:\/\/www.bbmnoticias.com\/diana-navarro-profeta-en-su-tierra-con-una-voz-de-leyenda\/#primaryimage"},"thumbnailUrl":"https:\/\/www.bbmnoticias.com\/labravaradiofm\/wp-content\/uploads\/sites\/5\/2026\/02\/diana_navarro_02.jpg","articleSection":["ESPECT\u00c1CULOS","LOCAL"],"inLanguage":"es"},{"@type":"WebPage","@id":"https:\/\/www.bbmnoticias.com\/labravaradiofm\/2026\/02\/10\/diana-navarro-profeta-en-su-tierra-con-una-voz-de-leyenda\/","url":"https:\/\/www.bbmnoticias.com\/diana-navarro-profeta-en-su-tierra-con-una-voz-de-leyenda\/","name":"Diana Navarro profeta en su tierra con una voz de leyenda\u00a0 - LA BRAVA RADIO","isPartOf":{"@id":"https:\/\/www.bbmnoticias.com\/labravaradiofm\/#website"},"primaryImageOfPage":{"@id":"https:\/\/www.bbmnoticias.com\/diana-navarro-profeta-en-su-tierra-con-una-voz-de-leyenda\/#primaryimage"},"image":{"@id":"https:\/\/www.bbmnoticias.com\/diana-navarro-profeta-en-su-tierra-con-una-voz-de-leyenda\/#primaryimage"},"thumbnailUrl":"https:\/\/www.bbmnoticias.com\/labravaradiofm\/wp-content\/uploads\/sites\/5\/2026\/02\/diana_navarro_02.jpg","datePublished":"2026-02-10T15:12:32+00:00","dateModified":"2026-02-10T15:13:07+00:00","author":{"@id":"https:\/\/www.bbmnoticias.com\/labravaradiofm\/#\/schema\/person\/ff037dabcc375d1b25289b6fd3902bd6"},"breadcrumb":{"@id":"https:\/\/www.bbmnoticias.com\/diana-navarro-profeta-en-su-tierra-con-una-voz-de-leyenda\/#breadcrumb"},"inLanguage":"es","potentialAction":[{"@type":"ReadAction","target":["https:\/\/www.bbmnoticias.com\/diana-navarro-profeta-en-su-tierra-con-una-voz-de-leyenda\/"]}]},{"@type":"ImageObject","inLanguage":"es","@id":"https:\/\/www.bbmnoticias.com\/diana-navarro-profeta-en-su-tierra-con-una-voz-de-leyenda\/#primaryimage","url":"https:\/\/www.bbmnoticias.com\/labravaradiofm\/wp-content\/uploads\/sites\/5\/2026\/02\/diana_navarro_02.jpg","contentUrl":"https:\/\/www.bbmnoticias.com\/labravaradiofm\/wp-content\/uploads\/sites\/5\/2026\/02\/diana_navarro_02.jpg","width":800,"height":533},{"@type":"BreadcrumbList","@id":"https:\/\/www.bbmnoticias.com\/diana-navarro-profeta-en-su-tierra-con-una-voz-de-leyenda\/#breadcrumb","itemListElement":[{"@type":"ListItem","position":1,"name":"Inicio","item":"https:\/\/www.bbmnoticias.com\/labravaradiofm\/"},{"@type":"ListItem","position":2,"name":"Diana Navarro profeta en su tierra con una voz de leyenda\u00a0"}]},{"@type":"WebSite","@id":"https:\/\/www.bbmnoticias.com\/labravaradiofm\/#website","url":"https:\/\/www.bbmnoticias.com\/labravaradiofm\/","name":"LA BRAVA RADIO","description":"Empresa productora de medios, Radiodifusi\u00f3n, Noticias, tendencias y todo lo que necesitas saber de la pol\u00edtica mexicana e internacional; entretenimiento, espect\u00e1culos, salud y mucho m\u00e1s.","potentialAction":[{"@type":"SearchAction","target":{"@type":"EntryPoint","urlTemplate":"https:\/\/www.bbmnoticias.com\/labravaradiofm\/?s={search_term_string}"},"query-input":{"@type":"PropertyValueSpecification","valueRequired":true,"valueName":"search_term_string"}}],"inLanguage":"es"},{"@type":"Person","@id":"https:\/\/www.bbmnoticias.com\/labravaradiofm\/#\/schema\/person\/ff037dabcc375d1b25289b6fd3902bd6","name":"Mar\u00eda Esther Beltr\u00e1n Mart\u00ednez","image":{"@type":"ImageObject","inLanguage":"es","@id":"https:\/\/secure.gravatar.com\/avatar\/50efe5915c3eac137dcc550ff1c590bc6054705eb482a33520c9501c8eec550f?s=96&d=mm&r=g","url":"https:\/\/secure.gravatar.com\/avatar\/50efe5915c3eac137dcc550ff1c590bc6054705eb482a33520c9501c8eec550f?s=96&d=mm&r=g","contentUrl":"https:\/\/secure.gravatar.com\/avatar\/50efe5915c3eac137dcc550ff1c590bc6054705eb482a33520c9501c8eec550f?s=96&d=mm&r=g","caption":"Mar\u00eda Esther Beltr\u00e1n Mart\u00ednez"},"url":"https:\/\/www.bbmnoticias.com\/labravaradiofm\/author\/maria\/"}]}},"_links":{"self":[{"href":"https:\/\/www.bbmnoticias.com\/labravaradiofm\/wp-json\/wp\/v2\/posts\/73797","targetHints":{"allow":["GET"]}}],"collection":[{"href":"https:\/\/www.bbmnoticias.com\/labravaradiofm\/wp-json\/wp\/v2\/posts"}],"about":[{"href":"https:\/\/www.bbmnoticias.com\/labravaradiofm\/wp-json\/wp\/v2\/types\/post"}],"author":[{"embeddable":true,"href":"https:\/\/www.bbmnoticias.com\/labravaradiofm\/wp-json\/wp\/v2\/users\/6"}],"replies":[{"embeddable":true,"href":"https:\/\/www.bbmnoticias.com\/labravaradiofm\/wp-json\/wp\/v2\/comments?post=73797"}],"version-history":[{"count":1,"href":"https:\/\/www.bbmnoticias.com\/labravaradiofm\/wp-json\/wp\/v2\/posts\/73797\/revisions"}],"predecessor-version":[{"id":73798,"href":"https:\/\/www.bbmnoticias.com\/labravaradiofm\/wp-json\/wp\/v2\/posts\/73797\/revisions\/73798"}],"wp:featuredmedia":[{"embeddable":true,"href":"https:\/\/www.bbmnoticias.com\/labravaradiofm\/wp-json\/wp\/v2\/media\/73799"}],"wp:attachment":[{"href":"https:\/\/www.bbmnoticias.com\/labravaradiofm\/wp-json\/wp\/v2\/media?parent=73797"}],"wp:term":[{"taxonomy":"category","embeddable":true,"href":"https:\/\/www.bbmnoticias.com\/labravaradiofm\/wp-json\/wp\/v2\/categories?post=73797"},{"taxonomy":"post_tag","embeddable":true,"href":"https:\/\/www.bbmnoticias.com\/labravaradiofm\/wp-json\/wp\/v2\/tags?post=73797"}],"curies":[{"name":"wp","href":"https:\/\/api.w.org\/{rel}","templated":true}]}}