{"id":73794,"date":"2026-02-10T08:47:49","date_gmt":"2026-02-10T14:47:49","guid":{"rendered":"https:\/\/www.bbmnoticias.com\/labravaradiofm\/2026\/02\/10\/organizacion-criminal-secuestro-a-mineros-en-sinaloa-tras-confundirlos-con-grupo-antagonico-garcia-harfuch\/"},"modified":"2026-02-10T08:47:52","modified_gmt":"2026-02-10T14:47:52","slug":"organizacion-criminal-secuestro-a-mineros-en-sinaloa-tras-confundirlos-con-grupo-antagonico-garcia-harfuch","status":"publish","type":"post","link":"https:\/\/www.bbmnoticias.com\/labravaradiofm\/2026\/02\/10\/organizacion-criminal-secuestro-a-mineros-en-sinaloa-tras-confundirlos-con-grupo-antagonico-garcia-harfuch\/","title":{"rendered":"Organizaci\u00f3n criminal secuestr\u00f3 a mineros en Sinaloa tras confundirlos con grupo antag\u00f3nico: Garc\u00eda Harfuch"},"content":{"rendered":"<div style=\"margin-top: 0px; margin-bottom: 0px;\" class=\"sharethis-inline-share-buttons\" ><\/div>\n<p>Los mineros en <strong>Sinaloa<\/strong>, quienes fueron privados de su libertad en d\u00edas pasados, fueron confundidos con un <strong>grupo antag\u00f3nico,<\/strong>&nbsp;inform\u00f3 el <strong>Secretario de Seguridad y Protecci\u00f3n Ciudadana, Omar Garc\u00eda Harfuch<\/strong>. En la Ma\u00f1anera de este 10 de febrero, el funcionario informa que se han recabado los testimonios de personas se\u00f1aladas por este il\u00edcito.<\/p>\n\n\n\n<blockquote class=\"wp-block-quote is-layout-flow wp-block-quote-is-layout-flow\">\n<p>\u201cCon las primeras detenciones que realiz\u00f3 el Ej\u00e9rcito, de cuatro personas presuntamente responsables de la privaci\u00f3n ilegal de la libertad, lo que mencionan es que fueron confundidos con integrantes de un grupo antag\u00f3nico, \u00e9sas son las primeras declaraciones\u201d, sostuvo.<\/p>\n<\/blockquote>\n\n\n\n<p>En d\u00edas pasados, 10 trabajadores de la minera canadiense Vizsla Silver Corp, en <strong>Concordia, Sinaloa<\/strong>, fueron plagiados por el grupo de Los Chapitos, facci\u00f3n del C\u00e1rtel de Sinaloa.<\/p>\n\n\n\n<h2 class=\"wp-block-heading\">No hay conocimiento de denuncias por extorsi\u00f3n: Garc\u00eda Harfuch<\/h2>\n\n\n\n<p>Sin embargo, no han tenido conocimiento de alguna denuncia de extorsi\u00f3n.<\/p>\n\n\n\n<p>\u201cEn este caso espec\u00edfico no hemos tenido una denuncia o queja de que hubieran sido extorsionados o alguno de los integrantes\u201d, sostuvo.&nbsp;<\/p>\n\n\n\n<p>Es por ello que la Presidenta Claudia Sheinbaum pidi\u00f3 al Gabinete de Seguridad reunirse con la industria.<br>\u201cLe instru\u00ed que se re\u00fanan con la C\u00e1mara Minera, de todas maneras es importante estar en contacto\u201d, sostuvo.<\/p>\n","protected":false},"excerpt":{"rendered":"<p>Los mineros en Sinaloa, quienes fueron privados de su libertad en d\u00edas pasados, fueron confundidos con un grupo antag\u00f3nico,&nbsp;inform\u00f3 el Secretario de Seguridad y Protecci\u00f3n Ciudadana, Omar Garc\u00eda Harfuch. En la Ma\u00f1anera de este 10 de febrero, el funcionario informa que se han recabado los testimonios de personas se\u00f1aladas por este il\u00edcito. \u201cCon las primeras [&hellip;]<\/p>\n","protected":false},"author":4,"featured_media":73796,"comment_status":"closed","ping_status":"open","sticky":false,"template":"","format":"standard","meta":{"footnotes":""},"categories":[2,19],"tags":[],"class_list":{"0":"post-73794","1":"post","2":"type-post","3":"status-publish","4":"format-standard","5":"has-post-thumbnail","7":"category-oaxaca","8":"category-nacional"},"yoast_head":"<!-- This site is optimized with the Yoast SEO plugin v27.4 - https:\/\/yoast.com\/product\/yoast-seo-wordpress\/ -->\n<title>Organizaci\u00f3n criminal secuestr\u00f3 a mineros en Sinaloa tras confundirlos con grupo antag\u00f3nico: Garc\u00eda Harfuch - LA BRAVA RADIO<\/title>\n<meta name=\"robots\" content=\"index, follow, max-snippet:-1, max-image-preview:large, max-video-preview:-1\" \/>\n<link rel=\"canonical\" href=\"https:\/\/www.bbmnoticias.com\/organizacion-criminal-secuestro-a-mineros-en-sinaloa-tras-confundirlos-con-grupo-antagonico-garcia-harfuch\/\" \/>\n<meta property=\"og:locale\" content=\"es_MX\" \/>\n<meta property=\"og:type\" content=\"article\" \/>\n<meta property=\"og:title\" content=\"Organizaci\u00f3n criminal secuestr\u00f3 a mineros en Sinaloa tras confundirlos con grupo antag\u00f3nico: Garc\u00eda Harfuch - LA BRAVA RADIO\" \/>\n<meta property=\"og:description\" content=\"Los mineros en Sinaloa, quienes fueron privados de su libertad en d\u00edas pasados, fueron confundidos con un grupo antag\u00f3nico,&nbsp;inform\u00f3 el Secretario de Seguridad y Protecci\u00f3n Ciudadana, Omar Garc\u00eda Harfuch. En la Ma\u00f1anera de este 10 de febrero, el funcionario informa que se han recabado los testimonios de personas se\u00f1aladas por este il\u00edcito. \u201cCon las primeras [&hellip;]\" \/>\n<meta property=\"og:url\" content=\"https:\/\/www.bbmnoticias.com\/organizacion-criminal-secuestro-a-mineros-en-sinaloa-tras-confundirlos-con-grupo-antagonico-garcia-harfuch\/\" \/>\n<meta property=\"og:site_name\" content=\"LA BRAVA RADIO\" \/>\n<meta property=\"article:published_time\" content=\"2026-02-10T14:47:49+00:00\" \/>\n<meta property=\"article:modified_time\" content=\"2026-02-10T14:47:52+00:00\" \/>\n<meta property=\"og:image\" content=\"https:\/\/www.bbmnoticias.com\/labravaradiofm\/wp-content\/uploads\/sites\/5\/2026\/02\/omar_garcia_harfuch.jpg\" \/>\n\t<meta property=\"og:image:width\" content=\"848\" \/>\n\t<meta property=\"og:image:height\" content=\"477\" \/>\n\t<meta property=\"og:image:type\" content=\"image\/jpeg\" \/>\n<meta name=\"author\" content=\"Agencias\" \/>\n<meta name=\"twitter:card\" content=\"summary_large_image\" \/>\n<meta name=\"twitter:label1\" content=\"Escrito por\" \/>\n\t<meta name=\"twitter:data1\" content=\"Agencias\" \/>\n\t<meta name=\"twitter:label2\" content=\"Tiempo de lectura\" \/>\n\t<meta name=\"twitter:data2\" content=\"1 minuto\" \/>\n<script type=\"application\/ld+json\" class=\"yoast-schema-graph\">{\"@context\":\"https:\\\/\\\/schema.org\",\"@graph\":[{\"@type\":\"Article\",\"@id\":\"https:\\\/\\\/www.bbmnoticias.com\\\/organizacion-criminal-secuestro-a-mineros-en-sinaloa-tras-confundirlos-con-grupo-antagonico-garcia-harfuch\\\/#article\",\"isPartOf\":{\"@id\":\"https:\\\/\\\/www.bbmnoticias.com\\\/labravaradiofm\\\/2026\\\/02\\\/10\\\/organizacion-criminal-secuestro-a-mineros-en-sinaloa-tras-confundirlos-con-grupo-antagonico-garcia-harfuch\\\/\"},\"author\":{\"name\":\"Agencias\",\"@id\":\"https:\\\/\\\/www.bbmnoticias.com\\\/labravaradiofm\\\/#\\\/schema\\\/person\\\/000bdaf0a8fb5bff0d537c4d0778e33f\"},\"headline\":\"Organizaci\u00f3n criminal secuestr\u00f3 a mineros en Sinaloa tras confundirlos con grupo antag\u00f3nico: Garc\u00eda Harfuch\",\"datePublished\":\"2026-02-10T14:47:49+00:00\",\"dateModified\":\"2026-02-10T14:47:52+00:00\",\"mainEntityOfPage\":{\"@id\":\"https:\\\/\\\/www.bbmnoticias.com\\\/labravaradiofm\\\/2026\\\/02\\\/10\\\/organizacion-criminal-secuestro-a-mineros-en-sinaloa-tras-confundirlos-con-grupo-antagonico-garcia-harfuch\\\/\"},\"wordCount\":233,\"image\":{\"@id\":\"https:\\\/\\\/www.bbmnoticias.com\\\/organizacion-criminal-secuestro-a-mineros-en-sinaloa-tras-confundirlos-con-grupo-antagonico-garcia-harfuch\\\/#primaryimage\"},\"thumbnailUrl\":\"https:\\\/\\\/www.bbmnoticias.com\\\/labravaradiofm\\\/wp-content\\\/uploads\\\/sites\\\/5\\\/2026\\\/02\\\/omar_garcia_harfuch.jpg\",\"articleSection\":[\"LOCAL\",\"NACIONAL\"],\"inLanguage\":\"es\"},{\"@type\":\"WebPage\",\"@id\":\"https:\\\/\\\/www.bbmnoticias.com\\\/labravaradiofm\\\/2026\\\/02\\\/10\\\/organizacion-criminal-secuestro-a-mineros-en-sinaloa-tras-confundirlos-con-grupo-antagonico-garcia-harfuch\\\/\",\"url\":\"https:\\\/\\\/www.bbmnoticias.com\\\/organizacion-criminal-secuestro-a-mineros-en-sinaloa-tras-confundirlos-con-grupo-antagonico-garcia-harfuch\\\/\",\"name\":\"Organizaci\u00f3n criminal secuestr\u00f3 a mineros en Sinaloa tras confundirlos con grupo antag\u00f3nico: Garc\u00eda Harfuch - LA BRAVA RADIO\",\"isPartOf\":{\"@id\":\"https:\\\/\\\/www.bbmnoticias.com\\\/labravaradiofm\\\/#website\"},\"primaryImageOfPage\":{\"@id\":\"https:\\\/\\\/www.bbmnoticias.com\\\/organizacion-criminal-secuestro-a-mineros-en-sinaloa-tras-confundirlos-con-grupo-antagonico-garcia-harfuch\\\/#primaryimage\"},\"image\":{\"@id\":\"https:\\\/\\\/www.bbmnoticias.com\\\/organizacion-criminal-secuestro-a-mineros-en-sinaloa-tras-confundirlos-con-grupo-antagonico-garcia-harfuch\\\/#primaryimage\"},\"thumbnailUrl\":\"https:\\\/\\\/www.bbmnoticias.com\\\/labravaradiofm\\\/wp-content\\\/uploads\\\/sites\\\/5\\\/2026\\\/02\\\/omar_garcia_harfuch.jpg\",\"datePublished\":\"2026-02-10T14:47:49+00:00\",\"dateModified\":\"2026-02-10T14:47:52+00:00\",\"author\":{\"@id\":\"https:\\\/\\\/www.bbmnoticias.com\\\/labravaradiofm\\\/#\\\/schema\\\/person\\\/000bdaf0a8fb5bff0d537c4d0778e33f\"},\"breadcrumb\":{\"@id\":\"https:\\\/\\\/www.bbmnoticias.com\\\/organizacion-criminal-secuestro-a-mineros-en-sinaloa-tras-confundirlos-con-grupo-antagonico-garcia-harfuch\\\/#breadcrumb\"},\"inLanguage\":\"es\",\"potentialAction\":[{\"@type\":\"ReadAction\",\"target\":[\"https:\\\/\\\/www.bbmnoticias.com\\\/organizacion-criminal-secuestro-a-mineros-en-sinaloa-tras-confundirlos-con-grupo-antagonico-garcia-harfuch\\\/\"]}]},{\"@type\":\"ImageObject\",\"inLanguage\":\"es\",\"@id\":\"https:\\\/\\\/www.bbmnoticias.com\\\/organizacion-criminal-secuestro-a-mineros-en-sinaloa-tras-confundirlos-con-grupo-antagonico-garcia-harfuch\\\/#primaryimage\",\"url\":\"https:\\\/\\\/www.bbmnoticias.com\\\/labravaradiofm\\\/wp-content\\\/uploads\\\/sites\\\/5\\\/2026\\\/02\\\/omar_garcia_harfuch.jpg\",\"contentUrl\":\"https:\\\/\\\/www.bbmnoticias.com\\\/labravaradiofm\\\/wp-content\\\/uploads\\\/sites\\\/5\\\/2026\\\/02\\\/omar_garcia_harfuch.jpg\",\"width\":848,\"height\":477},{\"@type\":\"BreadcrumbList\",\"@id\":\"https:\\\/\\\/www.bbmnoticias.com\\\/organizacion-criminal-secuestro-a-mineros-en-sinaloa-tras-confundirlos-con-grupo-antagonico-garcia-harfuch\\\/#breadcrumb\",\"itemListElement\":[{\"@type\":\"ListItem\",\"position\":1,\"name\":\"Inicio\",\"item\":\"https:\\\/\\\/www.bbmnoticias.com\\\/labravaradiofm\\\/\"},{\"@type\":\"ListItem\",\"position\":2,\"name\":\"Organizaci\u00f3n criminal secuestr\u00f3 a mineros en Sinaloa tras confundirlos con grupo antag\u00f3nico: Garc\u00eda Harfuch\"}]},{\"@type\":\"WebSite\",\"@id\":\"https:\\\/\\\/www.bbmnoticias.com\\\/labravaradiofm\\\/#website\",\"url\":\"https:\\\/\\\/www.bbmnoticias.com\\\/labravaradiofm\\\/\",\"name\":\"LA BRAVA RADIO\",\"description\":\"Empresa productora de medios, Radiodifusi\u00f3n, Noticias, tendencias y todo lo que necesitas saber de la pol\u00edtica mexicana e internacional; entretenimiento, espect\u00e1culos, salud y mucho m\u00e1s.\",\"potentialAction\":[{\"@type\":\"SearchAction\",\"target\":{\"@type\":\"EntryPoint\",\"urlTemplate\":\"https:\\\/\\\/www.bbmnoticias.com\\\/labravaradiofm\\\/?s={search_term_string}\"},\"query-input\":{\"@type\":\"PropertyValueSpecification\",\"valueRequired\":true,\"valueName\":\"search_term_string\"}}],\"inLanguage\":\"es\"},{\"@type\":\"Person\",\"@id\":\"https:\\\/\\\/www.bbmnoticias.com\\\/labravaradiofm\\\/#\\\/schema\\\/person\\\/000bdaf0a8fb5bff0d537c4d0778e33f\",\"name\":\"Agencias\",\"image\":{\"@type\":\"ImageObject\",\"inLanguage\":\"es\",\"@id\":\"https:\\\/\\\/secure.gravatar.com\\\/avatar\\\/739e0b61adf9e398b425c36718c8752286da0e8cd90f20ce9a86678abc26aa0d?s=96&d=mm&r=g\",\"url\":\"https:\\\/\\\/secure.gravatar.com\\\/avatar\\\/739e0b61adf9e398b425c36718c8752286da0e8cd90f20ce9a86678abc26aa0d?s=96&d=mm&r=g\",\"contentUrl\":\"https:\\\/\\\/secure.gravatar.com\\\/avatar\\\/739e0b61adf9e398b425c36718c8752286da0e8cd90f20ce9a86678abc26aa0d?s=96&d=mm&r=g\",\"caption\":\"Agencias\"},\"url\":\"https:\\\/\\\/www.bbmnoticias.com\\\/labravaradiofm\\\/author\\\/agencias\\\/\"}]}<\/script>\n<!-- \/ Yoast SEO plugin. -->","yoast_head_json":{"title":"Organizaci\u00f3n criminal secuestr\u00f3 a mineros en Sinaloa tras confundirlos con grupo antag\u00f3nico: Garc\u00eda Harfuch - LA BRAVA RADIO","robots":{"index":"index","follow":"follow","max-snippet":"max-snippet:-1","max-image-preview":"max-image-preview:large","max-video-preview":"max-video-preview:-1"},"canonical":"https:\/\/www.bbmnoticias.com\/organizacion-criminal-secuestro-a-mineros-en-sinaloa-tras-confundirlos-con-grupo-antagonico-garcia-harfuch\/","og_locale":"es_MX","og_type":"article","og_title":"Organizaci\u00f3n criminal secuestr\u00f3 a mineros en Sinaloa tras confundirlos con grupo antag\u00f3nico: Garc\u00eda Harfuch - LA BRAVA RADIO","og_description":"Los mineros en Sinaloa, quienes fueron privados de su libertad en d\u00edas pasados, fueron confundidos con un grupo antag\u00f3nico,&nbsp;inform\u00f3 el Secretario de Seguridad y Protecci\u00f3n Ciudadana, Omar Garc\u00eda Harfuch. En la Ma\u00f1anera de este 10 de febrero, el funcionario informa que se han recabado los testimonios de personas se\u00f1aladas por este il\u00edcito. \u201cCon las primeras [&hellip;]","og_url":"https:\/\/www.bbmnoticias.com\/organizacion-criminal-secuestro-a-mineros-en-sinaloa-tras-confundirlos-con-grupo-antagonico-garcia-harfuch\/","og_site_name":"LA BRAVA RADIO","article_published_time":"2026-02-10T14:47:49+00:00","article_modified_time":"2026-02-10T14:47:52+00:00","og_image":[{"width":848,"height":477,"url":"https:\/\/www.bbmnoticias.com\/labravaradiofm\/wp-content\/uploads\/sites\/5\/2026\/02\/omar_garcia_harfuch.jpg","type":"image\/jpeg"}],"author":"Agencias","twitter_card":"summary_large_image","twitter_misc":{"Escrito por":"Agencias","Tiempo de lectura":"1 minuto"},"schema":{"@context":"https:\/\/schema.org","@graph":[{"@type":"Article","@id":"https:\/\/www.bbmnoticias.com\/organizacion-criminal-secuestro-a-mineros-en-sinaloa-tras-confundirlos-con-grupo-antagonico-garcia-harfuch\/#article","isPartOf":{"@id":"https:\/\/www.bbmnoticias.com\/labravaradiofm\/2026\/02\/10\/organizacion-criminal-secuestro-a-mineros-en-sinaloa-tras-confundirlos-con-grupo-antagonico-garcia-harfuch\/"},"author":{"name":"Agencias","@id":"https:\/\/www.bbmnoticias.com\/labravaradiofm\/#\/schema\/person\/000bdaf0a8fb5bff0d537c4d0778e33f"},"headline":"Organizaci\u00f3n criminal secuestr\u00f3 a mineros en Sinaloa tras confundirlos con grupo antag\u00f3nico: Garc\u00eda Harfuch","datePublished":"2026-02-10T14:47:49+00:00","dateModified":"2026-02-10T14:47:52+00:00","mainEntityOfPage":{"@id":"https:\/\/www.bbmnoticias.com\/labravaradiofm\/2026\/02\/10\/organizacion-criminal-secuestro-a-mineros-en-sinaloa-tras-confundirlos-con-grupo-antagonico-garcia-harfuch\/"},"wordCount":233,"image":{"@id":"https:\/\/www.bbmnoticias.com\/organizacion-criminal-secuestro-a-mineros-en-sinaloa-tras-confundirlos-con-grupo-antagonico-garcia-harfuch\/#primaryimage"},"thumbnailUrl":"https:\/\/www.bbmnoticias.com\/labravaradiofm\/wp-content\/uploads\/sites\/5\/2026\/02\/omar_garcia_harfuch.jpg","articleSection":["LOCAL","NACIONAL"],"inLanguage":"es"},{"@type":"WebPage","@id":"https:\/\/www.bbmnoticias.com\/labravaradiofm\/2026\/02\/10\/organizacion-criminal-secuestro-a-mineros-en-sinaloa-tras-confundirlos-con-grupo-antagonico-garcia-harfuch\/","url":"https:\/\/www.bbmnoticias.com\/organizacion-criminal-secuestro-a-mineros-en-sinaloa-tras-confundirlos-con-grupo-antagonico-garcia-harfuch\/","name":"Organizaci\u00f3n criminal secuestr\u00f3 a mineros en Sinaloa tras confundirlos con grupo antag\u00f3nico: Garc\u00eda Harfuch - LA BRAVA RADIO","isPartOf":{"@id":"https:\/\/www.bbmnoticias.com\/labravaradiofm\/#website"},"primaryImageOfPage":{"@id":"https:\/\/www.bbmnoticias.com\/organizacion-criminal-secuestro-a-mineros-en-sinaloa-tras-confundirlos-con-grupo-antagonico-garcia-harfuch\/#primaryimage"},"image":{"@id":"https:\/\/www.bbmnoticias.com\/organizacion-criminal-secuestro-a-mineros-en-sinaloa-tras-confundirlos-con-grupo-antagonico-garcia-harfuch\/#primaryimage"},"thumbnailUrl":"https:\/\/www.bbmnoticias.com\/labravaradiofm\/wp-content\/uploads\/sites\/5\/2026\/02\/omar_garcia_harfuch.jpg","datePublished":"2026-02-10T14:47:49+00:00","dateModified":"2026-02-10T14:47:52+00:00","author":{"@id":"https:\/\/www.bbmnoticias.com\/labravaradiofm\/#\/schema\/person\/000bdaf0a8fb5bff0d537c4d0778e33f"},"breadcrumb":{"@id":"https:\/\/www.bbmnoticias.com\/organizacion-criminal-secuestro-a-mineros-en-sinaloa-tras-confundirlos-con-grupo-antagonico-garcia-harfuch\/#breadcrumb"},"inLanguage":"es","potentialAction":[{"@type":"ReadAction","target":["https:\/\/www.bbmnoticias.com\/organizacion-criminal-secuestro-a-mineros-en-sinaloa-tras-confundirlos-con-grupo-antagonico-garcia-harfuch\/"]}]},{"@type":"ImageObject","inLanguage":"es","@id":"https:\/\/www.bbmnoticias.com\/organizacion-criminal-secuestro-a-mineros-en-sinaloa-tras-confundirlos-con-grupo-antagonico-garcia-harfuch\/#primaryimage","url":"https:\/\/www.bbmnoticias.com\/labravaradiofm\/wp-content\/uploads\/sites\/5\/2026\/02\/omar_garcia_harfuch.jpg","contentUrl":"https:\/\/www.bbmnoticias.com\/labravaradiofm\/wp-content\/uploads\/sites\/5\/2026\/02\/omar_garcia_harfuch.jpg","width":848,"height":477},{"@type":"BreadcrumbList","@id":"https:\/\/www.bbmnoticias.com\/organizacion-criminal-secuestro-a-mineros-en-sinaloa-tras-confundirlos-con-grupo-antagonico-garcia-harfuch\/#breadcrumb","itemListElement":[{"@type":"ListItem","position":1,"name":"Inicio","item":"https:\/\/www.bbmnoticias.com\/labravaradiofm\/"},{"@type":"ListItem","position":2,"name":"Organizaci\u00f3n criminal secuestr\u00f3 a mineros en Sinaloa tras confundirlos con grupo antag\u00f3nico: Garc\u00eda Harfuch"}]},{"@type":"WebSite","@id":"https:\/\/www.bbmnoticias.com\/labravaradiofm\/#website","url":"https:\/\/www.bbmnoticias.com\/labravaradiofm\/","name":"LA BRAVA RADIO","description":"Empresa productora de medios, Radiodifusi\u00f3n, Noticias, tendencias y todo lo que necesitas saber de la pol\u00edtica mexicana e internacional; entretenimiento, espect\u00e1culos, salud y mucho m\u00e1s.","potentialAction":[{"@type":"SearchAction","target":{"@type":"EntryPoint","urlTemplate":"https:\/\/www.bbmnoticias.com\/labravaradiofm\/?s={search_term_string}"},"query-input":{"@type":"PropertyValueSpecification","valueRequired":true,"valueName":"search_term_string"}}],"inLanguage":"es"},{"@type":"Person","@id":"https:\/\/www.bbmnoticias.com\/labravaradiofm\/#\/schema\/person\/000bdaf0a8fb5bff0d537c4d0778e33f","name":"Agencias","image":{"@type":"ImageObject","inLanguage":"es","@id":"https:\/\/secure.gravatar.com\/avatar\/739e0b61adf9e398b425c36718c8752286da0e8cd90f20ce9a86678abc26aa0d?s=96&d=mm&r=g","url":"https:\/\/secure.gravatar.com\/avatar\/739e0b61adf9e398b425c36718c8752286da0e8cd90f20ce9a86678abc26aa0d?s=96&d=mm&r=g","contentUrl":"https:\/\/secure.gravatar.com\/avatar\/739e0b61adf9e398b425c36718c8752286da0e8cd90f20ce9a86678abc26aa0d?s=96&d=mm&r=g","caption":"Agencias"},"url":"https:\/\/www.bbmnoticias.com\/labravaradiofm\/author\/agencias\/"}]}},"_links":{"self":[{"href":"https:\/\/www.bbmnoticias.com\/labravaradiofm\/wp-json\/wp\/v2\/posts\/73794","targetHints":{"allow":["GET"]}}],"collection":[{"href":"https:\/\/www.bbmnoticias.com\/labravaradiofm\/wp-json\/wp\/v2\/posts"}],"about":[{"href":"https:\/\/www.bbmnoticias.com\/labravaradiofm\/wp-json\/wp\/v2\/types\/post"}],"author":[{"embeddable":true,"href":"https:\/\/www.bbmnoticias.com\/labravaradiofm\/wp-json\/wp\/v2\/users\/4"}],"replies":[{"embeddable":true,"href":"https:\/\/www.bbmnoticias.com\/labravaradiofm\/wp-json\/wp\/v2\/comments?post=73794"}],"version-history":[{"count":1,"href":"https:\/\/www.bbmnoticias.com\/labravaradiofm\/wp-json\/wp\/v2\/posts\/73794\/revisions"}],"predecessor-version":[{"id":73795,"href":"https:\/\/www.bbmnoticias.com\/labravaradiofm\/wp-json\/wp\/v2\/posts\/73794\/revisions\/73795"}],"wp:featuredmedia":[{"embeddable":true,"href":"https:\/\/www.bbmnoticias.com\/labravaradiofm\/wp-json\/wp\/v2\/media\/73796"}],"wp:attachment":[{"href":"https:\/\/www.bbmnoticias.com\/labravaradiofm\/wp-json\/wp\/v2\/media?parent=73794"}],"wp:term":[{"taxonomy":"category","embeddable":true,"href":"https:\/\/www.bbmnoticias.com\/labravaradiofm\/wp-json\/wp\/v2\/categories?post=73794"},{"taxonomy":"post_tag","embeddable":true,"href":"https:\/\/www.bbmnoticias.com\/labravaradiofm\/wp-json\/wp\/v2\/tags?post=73794"}],"curies":[{"name":"wp","href":"https:\/\/api.w.org\/{rel}","templated":true}]}}