{"id":73791,"date":"2026-02-10T08:44:23","date_gmt":"2026-02-10T14:44:23","guid":{"rendered":"https:\/\/www.bbmnoticias.com\/labravaradiofm\/2026\/02\/10\/claudia-sheinbaum-anuncia-que-mexico-volvera-a-fabricar-vacunas-su-primer-farmaco-sera-contra-el-covid-19\/"},"modified":"2026-02-10T08:44:30","modified_gmt":"2026-02-10T14:44:30","slug":"claudia-sheinbaum-anuncia-que-mexico-volvera-a-fabricar-vacunas-su-primer-farmaco-sera-contra-el-covid-19","status":"publish","type":"post","link":"https:\/\/www.bbmnoticias.com\/labravaradiofm\/2026\/02\/10\/claudia-sheinbaum-anuncia-que-mexico-volvera-a-fabricar-vacunas-su-primer-farmaco-sera-contra-el-covid-19\/","title":{"rendered":"Claudia Sheinbaum anuncia que M\u00e9xico volver\u00e1 a fabricar vacunas, su primer f\u00e1rmaco ser\u00e1 contra el Covid-19"},"content":{"rendered":"<div style=\"margin-top: 0px; margin-bottom: 0px;\" class=\"sharethis-inline-share-buttons\" ><\/div>\n<p>La presidenta Claudia Sheinbaum inform\u00f3 que M\u00e9xico retomar\u00e1 la <strong>fabricaci\u00f3n de vacunas<\/strong> en el pa\u00eds e iniciar\u00e1 con la vacuna contra <strong>COVID<\/strong>, como parte de un acuerdo entre Birmex, Liomont y Moderna, con el objetivo de recuperar capacidades productivas que el <strong>pa\u00eds <\/strong>tuvo en el pasado.<\/p>\n\n\n\n<p>Al explicar los alcances del convenio, <strong>Sheinbaum Pardo<\/strong> record\u00f3 que M\u00e9xico fue autosuficiente en la <strong>producci\u00f3n de vacunas<\/strong> y que esa capacidad se perdi\u00f3 con el tiempo.<\/p>\n\n\n\n<blockquote class=\"wp-block-quote is-layout-flow wp-block-quote-is-layout-flow\">\n<p>\u201cM\u00e9xico era autosuficiente en la producci\u00f3n de vacunas\u201d, se\u00f1al\u00f3, al precisar que ahora se busca recuperar una parte de esa producci\u00f3n a trav\u00e9s de Birmex.<\/p>\n<\/blockquote>\n\n\n\n<p>Detall\u00f3 que el acuerdo se firm\u00f3 con <strong>Moderna<\/strong>, empresa que cuenta con <strong>vacunas <\/strong>basadas en tecnolog\u00eda de ARN mensajero, cuyo dise\u00f1o permite avanzar en el desarrollo de vacunas para distintas <strong>enfermedades<\/strong>. \u201cEs un tipo de vacuna que no solamente sirve para el COVID, sino que su dise\u00f1o permite avanzar en muchas otras vacunas para otro tipo de enfermedades\u201d, explic\u00f3.<\/p>\n\n\n\n<h2 class=\"wp-block-heading\">Fabricaci\u00f3n de vacuna contra el Covid estar\u00e1 a cargo de Moderna<\/h2>\n\n\n\n<p>La Presidenta indic\u00f3 que la primera etapa del acuerdo contempla la <strong>fabricaci\u00f3n en M\u00e9xico de la vacuna contra COVID<\/strong> desarrollada por <strong>Moderna<\/strong>, mediante una alianza entre Birmex, Liomont y la <strong>farmac\u00e9utica internacional<\/strong>.<\/p>\n\n\n\n<figure class=\"wp-block-image\"><img decoding=\"async\" src=\"https:\/\/heraldodemexico.com.mx\/u\/fotografias\/m\/2026\/2\/10\/f768x1-1244120_1244247_5050.jpeg\" alt=\"\"\/><figcaption class=\"wp-element-caption\">FOTO: Leslie P\u00e9rez<\/figcaption><\/figure>\n\n\n\n<p>Agreg\u00f3 que el convenio tambi\u00e9n busca <strong>fortalecer la investigaci\u00f3n cient\u00edfica<\/strong> en M\u00e9xico, particularmente en la producci\u00f3n de nuevas <strong>vacunas <\/strong>de inter\u00e9s nacional. Entre ellas, mencion\u00f3 el desarrollo de vacunas para <strong>enfermedades tropicales<\/strong>, como el dengue, as\u00ed como para otros padecimientos caracter\u00edsticos del pa\u00eds.<\/p>\n\n\n\n<h2 class=\"wp-block-heading\">Talento nacional en fabricaci\u00f3n de vacunas<\/h2>\n\n\n\n<p>Se\u00f1al\u00f3 que <strong>Moderna <\/strong>realiza investigaciones sobre <strong>vacunas <\/strong>contra el c\u00e1ncer, las cuales tambi\u00e9n forman parte de este esquema de colaboraci\u00f3n; no obstante, aclar\u00f3 que dichos proyectos se llevar\u00e1n a cabo con <strong>talento nacional<\/strong>. \u201cNo son investigadores de <strong>Moderna <\/strong>que vienen a M\u00e9xico a realizarlo, sino que son investigaciones que se realizan con investigadores mexicanos\u201d, afirm\u00f3.<\/p>\n\n\n\n<figure class=\"wp-block-image\"><img decoding=\"async\" src=\"https:\/\/heraldodemexico.com.mx\/u\/fotografias\/m\/2026\/2\/10\/f768x1-1244121_1244248_5050.jpeg\" alt=\"\"\/><figcaption class=\"wp-element-caption\">FOTO: Leslie P\u00e9rez<\/figcaption><\/figure>\n\n\n\n<p>En ese contexto, inform\u00f3 que ya se tiene un convenio firmado con el <strong>Instituto Polit\u00e9cnico Nacional<\/strong>, y que el objetivo es ampliar estos acuerdos con m\u00e1s institutos mexicanos de investigaci\u00f3n, tales como el IMSS y la Universidad Nacional Aut\u00f3noma de M\u00e9xico.<\/p>\n\n\n\n<p>Finalmente, la Presidenta subray\u00f3 que esta alianza permitir\u00e1 <strong>transferencia tecnol\u00f3gica para Birmex<\/strong> y fortalecer\u00e1 la investigaci\u00f3n biom\u00e9dica que se realiza en el pa\u00eds. \u201cEsta alianza permite desarrollar todav\u00eda mejor este tipo de vacunas que son de \u00faltima generaci\u00f3n\u201d, concluy\u00f3.<\/p>\n","protected":false},"excerpt":{"rendered":"<p>La presidenta Claudia Sheinbaum inform\u00f3 que M\u00e9xico retomar\u00e1 la fabricaci\u00f3n de vacunas en el pa\u00eds e iniciar\u00e1 con la vacuna contra COVID, como parte de un acuerdo entre Birmex, Liomont y Moderna, con el objetivo de recuperar capacidades productivas que el pa\u00eds tuvo en el pasado. Al explicar los alcances del convenio, Sheinbaum Pardo record\u00f3 [&hellip;]<\/p>\n","protected":false},"author":4,"featured_media":73793,"comment_status":"closed","ping_status":"open","sticky":false,"template":"","format":"standard","meta":{"footnotes":""},"categories":[2,19],"tags":[],"class_list":{"0":"post-73791","1":"post","2":"type-post","3":"status-publish","4":"format-standard","5":"has-post-thumbnail","7":"category-oaxaca","8":"category-nacional"},"yoast_head":"<!-- This site is optimized with the Yoast SEO plugin v27.4 - https:\/\/yoast.com\/product\/yoast-seo-wordpress\/ -->\n<title>Claudia Sheinbaum anuncia que M\u00e9xico volver\u00e1 a fabricar vacunas, su primer f\u00e1rmaco ser\u00e1 contra el Covid-19 - LA BRAVA RADIO<\/title>\n<meta name=\"robots\" content=\"index, follow, max-snippet:-1, max-image-preview:large, max-video-preview:-1\" \/>\n<link rel=\"canonical\" href=\"https:\/\/www.bbmnoticias.com\/claudia-sheinbaum-anuncia-que-mexico-volvera-a-fabricar-vacunas-su-primer-farmaco-sera-contra-el-covid-19\/\" \/>\n<meta property=\"og:locale\" content=\"es_MX\" \/>\n<meta property=\"og:type\" content=\"article\" \/>\n<meta property=\"og:title\" content=\"Claudia Sheinbaum anuncia que M\u00e9xico volver\u00e1 a fabricar vacunas, su primer f\u00e1rmaco ser\u00e1 contra el Covid-19 - LA BRAVA RADIO\" \/>\n<meta property=\"og:description\" content=\"La presidenta Claudia Sheinbaum inform\u00f3 que M\u00e9xico retomar\u00e1 la fabricaci\u00f3n de vacunas en el pa\u00eds e iniciar\u00e1 con la vacuna contra COVID, como parte de un acuerdo entre Birmex, Liomont y Moderna, con el objetivo de recuperar capacidades productivas que el pa\u00eds tuvo en el pasado. Al explicar los alcances del convenio, Sheinbaum Pardo record\u00f3 [&hellip;]\" \/>\n<meta property=\"og:url\" content=\"https:\/\/www.bbmnoticias.com\/claudia-sheinbaum-anuncia-que-mexico-volvera-a-fabricar-vacunas-su-primer-farmaco-sera-contra-el-covid-19\/\" \/>\n<meta property=\"og:site_name\" content=\"LA BRAVA RADIO\" \/>\n<meta property=\"article:published_time\" content=\"2026-02-10T14:44:23+00:00\" \/>\n<meta property=\"article:modified_time\" content=\"2026-02-10T14:44:30+00:00\" \/>\n<meta property=\"og:image\" content=\"https:\/\/www.bbmnoticias.com\/labravaradiofm\/wp-content\/uploads\/sites\/5\/2026\/02\/vacuna_covid.jpg\" \/>\n\t<meta property=\"og:image:width\" content=\"848\" \/>\n\t<meta property=\"og:image:height\" content=\"477\" \/>\n\t<meta property=\"og:image:type\" content=\"image\/jpeg\" \/>\n<meta name=\"author\" content=\"Agencias\" \/>\n<meta name=\"twitter:card\" content=\"summary_large_image\" \/>\n<meta name=\"twitter:label1\" content=\"Escrito por\" \/>\n\t<meta name=\"twitter:data1\" content=\"Agencias\" \/>\n\t<meta name=\"twitter:label2\" content=\"Tiempo de lectura\" \/>\n\t<meta name=\"twitter:data2\" content=\"2 minutos\" \/>\n<script type=\"application\/ld+json\" class=\"yoast-schema-graph\">{\"@context\":\"https:\\\/\\\/schema.org\",\"@graph\":[{\"@type\":\"Article\",\"@id\":\"https:\\\/\\\/www.bbmnoticias.com\\\/claudia-sheinbaum-anuncia-que-mexico-volvera-a-fabricar-vacunas-su-primer-farmaco-sera-contra-el-covid-19\\\/#article\",\"isPartOf\":{\"@id\":\"https:\\\/\\\/www.bbmnoticias.com\\\/labravaradiofm\\\/2026\\\/02\\\/10\\\/claudia-sheinbaum-anuncia-que-mexico-volvera-a-fabricar-vacunas-su-primer-farmaco-sera-contra-el-covid-19\\\/\"},\"author\":{\"name\":\"Agencias\",\"@id\":\"https:\\\/\\\/www.bbmnoticias.com\\\/labravaradiofm\\\/#\\\/schema\\\/person\\\/000bdaf0a8fb5bff0d537c4d0778e33f\"},\"headline\":\"Claudia Sheinbaum anuncia que M\u00e9xico volver\u00e1 a fabricar vacunas, su primer f\u00e1rmaco ser\u00e1 contra el Covid-19\",\"datePublished\":\"2026-02-10T14:44:23+00:00\",\"dateModified\":\"2026-02-10T14:44:30+00:00\",\"mainEntityOfPage\":{\"@id\":\"https:\\\/\\\/www.bbmnoticias.com\\\/labravaradiofm\\\/2026\\\/02\\\/10\\\/claudia-sheinbaum-anuncia-que-mexico-volvera-a-fabricar-vacunas-su-primer-farmaco-sera-contra-el-covid-19\\\/\"},\"wordCount\":454,\"image\":{\"@id\":\"https:\\\/\\\/www.bbmnoticias.com\\\/claudia-sheinbaum-anuncia-que-mexico-volvera-a-fabricar-vacunas-su-primer-farmaco-sera-contra-el-covid-19\\\/#primaryimage\"},\"thumbnailUrl\":\"https:\\\/\\\/www.bbmnoticias.com\\\/labravaradiofm\\\/wp-content\\\/uploads\\\/sites\\\/5\\\/2026\\\/02\\\/vacuna_covid.jpg\",\"articleSection\":[\"LOCAL\",\"NACIONAL\"],\"inLanguage\":\"es\"},{\"@type\":\"WebPage\",\"@id\":\"https:\\\/\\\/www.bbmnoticias.com\\\/labravaradiofm\\\/2026\\\/02\\\/10\\\/claudia-sheinbaum-anuncia-que-mexico-volvera-a-fabricar-vacunas-su-primer-farmaco-sera-contra-el-covid-19\\\/\",\"url\":\"https:\\\/\\\/www.bbmnoticias.com\\\/claudia-sheinbaum-anuncia-que-mexico-volvera-a-fabricar-vacunas-su-primer-farmaco-sera-contra-el-covid-19\\\/\",\"name\":\"Claudia Sheinbaum anuncia que M\u00e9xico volver\u00e1 a fabricar vacunas, su primer f\u00e1rmaco ser\u00e1 contra el Covid-19 - LA BRAVA RADIO\",\"isPartOf\":{\"@id\":\"https:\\\/\\\/www.bbmnoticias.com\\\/labravaradiofm\\\/#website\"},\"primaryImageOfPage\":{\"@id\":\"https:\\\/\\\/www.bbmnoticias.com\\\/claudia-sheinbaum-anuncia-que-mexico-volvera-a-fabricar-vacunas-su-primer-farmaco-sera-contra-el-covid-19\\\/#primaryimage\"},\"image\":{\"@id\":\"https:\\\/\\\/www.bbmnoticias.com\\\/claudia-sheinbaum-anuncia-que-mexico-volvera-a-fabricar-vacunas-su-primer-farmaco-sera-contra-el-covid-19\\\/#primaryimage\"},\"thumbnailUrl\":\"https:\\\/\\\/www.bbmnoticias.com\\\/labravaradiofm\\\/wp-content\\\/uploads\\\/sites\\\/5\\\/2026\\\/02\\\/vacuna_covid.jpg\",\"datePublished\":\"2026-02-10T14:44:23+00:00\",\"dateModified\":\"2026-02-10T14:44:30+00:00\",\"author\":{\"@id\":\"https:\\\/\\\/www.bbmnoticias.com\\\/labravaradiofm\\\/#\\\/schema\\\/person\\\/000bdaf0a8fb5bff0d537c4d0778e33f\"},\"breadcrumb\":{\"@id\":\"https:\\\/\\\/www.bbmnoticias.com\\\/claudia-sheinbaum-anuncia-que-mexico-volvera-a-fabricar-vacunas-su-primer-farmaco-sera-contra-el-covid-19\\\/#breadcrumb\"},\"inLanguage\":\"es\",\"potentialAction\":[{\"@type\":\"ReadAction\",\"target\":[\"https:\\\/\\\/www.bbmnoticias.com\\\/claudia-sheinbaum-anuncia-que-mexico-volvera-a-fabricar-vacunas-su-primer-farmaco-sera-contra-el-covid-19\\\/\"]}]},{\"@type\":\"ImageObject\",\"inLanguage\":\"es\",\"@id\":\"https:\\\/\\\/www.bbmnoticias.com\\\/claudia-sheinbaum-anuncia-que-mexico-volvera-a-fabricar-vacunas-su-primer-farmaco-sera-contra-el-covid-19\\\/#primaryimage\",\"url\":\"https:\\\/\\\/www.bbmnoticias.com\\\/labravaradiofm\\\/wp-content\\\/uploads\\\/sites\\\/5\\\/2026\\\/02\\\/vacuna_covid.jpg\",\"contentUrl\":\"https:\\\/\\\/www.bbmnoticias.com\\\/labravaradiofm\\\/wp-content\\\/uploads\\\/sites\\\/5\\\/2026\\\/02\\\/vacuna_covid.jpg\",\"width\":848,\"height\":477},{\"@type\":\"BreadcrumbList\",\"@id\":\"https:\\\/\\\/www.bbmnoticias.com\\\/claudia-sheinbaum-anuncia-que-mexico-volvera-a-fabricar-vacunas-su-primer-farmaco-sera-contra-el-covid-19\\\/#breadcrumb\",\"itemListElement\":[{\"@type\":\"ListItem\",\"position\":1,\"name\":\"Inicio\",\"item\":\"https:\\\/\\\/www.bbmnoticias.com\\\/labravaradiofm\\\/\"},{\"@type\":\"ListItem\",\"position\":2,\"name\":\"Claudia Sheinbaum anuncia que M\u00e9xico volver\u00e1 a fabricar vacunas, su primer f\u00e1rmaco ser\u00e1 contra el Covid-19\"}]},{\"@type\":\"WebSite\",\"@id\":\"https:\\\/\\\/www.bbmnoticias.com\\\/labravaradiofm\\\/#website\",\"url\":\"https:\\\/\\\/www.bbmnoticias.com\\\/labravaradiofm\\\/\",\"name\":\"LA BRAVA RADIO\",\"description\":\"Empresa productora de medios, Radiodifusi\u00f3n, Noticias, tendencias y todo lo que necesitas saber de la pol\u00edtica mexicana e internacional; entretenimiento, espect\u00e1culos, salud y mucho m\u00e1s.\",\"potentialAction\":[{\"@type\":\"SearchAction\",\"target\":{\"@type\":\"EntryPoint\",\"urlTemplate\":\"https:\\\/\\\/www.bbmnoticias.com\\\/labravaradiofm\\\/?s={search_term_string}\"},\"query-input\":{\"@type\":\"PropertyValueSpecification\",\"valueRequired\":true,\"valueName\":\"search_term_string\"}}],\"inLanguage\":\"es\"},{\"@type\":\"Person\",\"@id\":\"https:\\\/\\\/www.bbmnoticias.com\\\/labravaradiofm\\\/#\\\/schema\\\/person\\\/000bdaf0a8fb5bff0d537c4d0778e33f\",\"name\":\"Agencias\",\"image\":{\"@type\":\"ImageObject\",\"inLanguage\":\"es\",\"@id\":\"https:\\\/\\\/secure.gravatar.com\\\/avatar\\\/739e0b61adf9e398b425c36718c8752286da0e8cd90f20ce9a86678abc26aa0d?s=96&d=mm&r=g\",\"url\":\"https:\\\/\\\/secure.gravatar.com\\\/avatar\\\/739e0b61adf9e398b425c36718c8752286da0e8cd90f20ce9a86678abc26aa0d?s=96&d=mm&r=g\",\"contentUrl\":\"https:\\\/\\\/secure.gravatar.com\\\/avatar\\\/739e0b61adf9e398b425c36718c8752286da0e8cd90f20ce9a86678abc26aa0d?s=96&d=mm&r=g\",\"caption\":\"Agencias\"},\"url\":\"https:\\\/\\\/www.bbmnoticias.com\\\/labravaradiofm\\\/author\\\/agencias\\\/\"}]}<\/script>\n<!-- \/ Yoast SEO plugin. -->","yoast_head_json":{"title":"Claudia Sheinbaum anuncia que M\u00e9xico volver\u00e1 a fabricar vacunas, su primer f\u00e1rmaco ser\u00e1 contra el Covid-19 - LA BRAVA RADIO","robots":{"index":"index","follow":"follow","max-snippet":"max-snippet:-1","max-image-preview":"max-image-preview:large","max-video-preview":"max-video-preview:-1"},"canonical":"https:\/\/www.bbmnoticias.com\/claudia-sheinbaum-anuncia-que-mexico-volvera-a-fabricar-vacunas-su-primer-farmaco-sera-contra-el-covid-19\/","og_locale":"es_MX","og_type":"article","og_title":"Claudia Sheinbaum anuncia que M\u00e9xico volver\u00e1 a fabricar vacunas, su primer f\u00e1rmaco ser\u00e1 contra el Covid-19 - LA BRAVA RADIO","og_description":"La presidenta Claudia Sheinbaum inform\u00f3 que M\u00e9xico retomar\u00e1 la fabricaci\u00f3n de vacunas en el pa\u00eds e iniciar\u00e1 con la vacuna contra COVID, como parte de un acuerdo entre Birmex, Liomont y Moderna, con el objetivo de recuperar capacidades productivas que el pa\u00eds tuvo en el pasado. Al explicar los alcances del convenio, Sheinbaum Pardo record\u00f3 [&hellip;]","og_url":"https:\/\/www.bbmnoticias.com\/claudia-sheinbaum-anuncia-que-mexico-volvera-a-fabricar-vacunas-su-primer-farmaco-sera-contra-el-covid-19\/","og_site_name":"LA BRAVA RADIO","article_published_time":"2026-02-10T14:44:23+00:00","article_modified_time":"2026-02-10T14:44:30+00:00","og_image":[{"width":848,"height":477,"url":"https:\/\/www.bbmnoticias.com\/labravaradiofm\/wp-content\/uploads\/sites\/5\/2026\/02\/vacuna_covid.jpg","type":"image\/jpeg"}],"author":"Agencias","twitter_card":"summary_large_image","twitter_misc":{"Escrito por":"Agencias","Tiempo de lectura":"2 minutos"},"schema":{"@context":"https:\/\/schema.org","@graph":[{"@type":"Article","@id":"https:\/\/www.bbmnoticias.com\/claudia-sheinbaum-anuncia-que-mexico-volvera-a-fabricar-vacunas-su-primer-farmaco-sera-contra-el-covid-19\/#article","isPartOf":{"@id":"https:\/\/www.bbmnoticias.com\/labravaradiofm\/2026\/02\/10\/claudia-sheinbaum-anuncia-que-mexico-volvera-a-fabricar-vacunas-su-primer-farmaco-sera-contra-el-covid-19\/"},"author":{"name":"Agencias","@id":"https:\/\/www.bbmnoticias.com\/labravaradiofm\/#\/schema\/person\/000bdaf0a8fb5bff0d537c4d0778e33f"},"headline":"Claudia Sheinbaum anuncia que M\u00e9xico volver\u00e1 a fabricar vacunas, su primer f\u00e1rmaco ser\u00e1 contra el Covid-19","datePublished":"2026-02-10T14:44:23+00:00","dateModified":"2026-02-10T14:44:30+00:00","mainEntityOfPage":{"@id":"https:\/\/www.bbmnoticias.com\/labravaradiofm\/2026\/02\/10\/claudia-sheinbaum-anuncia-que-mexico-volvera-a-fabricar-vacunas-su-primer-farmaco-sera-contra-el-covid-19\/"},"wordCount":454,"image":{"@id":"https:\/\/www.bbmnoticias.com\/claudia-sheinbaum-anuncia-que-mexico-volvera-a-fabricar-vacunas-su-primer-farmaco-sera-contra-el-covid-19\/#primaryimage"},"thumbnailUrl":"https:\/\/www.bbmnoticias.com\/labravaradiofm\/wp-content\/uploads\/sites\/5\/2026\/02\/vacuna_covid.jpg","articleSection":["LOCAL","NACIONAL"],"inLanguage":"es"},{"@type":"WebPage","@id":"https:\/\/www.bbmnoticias.com\/labravaradiofm\/2026\/02\/10\/claudia-sheinbaum-anuncia-que-mexico-volvera-a-fabricar-vacunas-su-primer-farmaco-sera-contra-el-covid-19\/","url":"https:\/\/www.bbmnoticias.com\/claudia-sheinbaum-anuncia-que-mexico-volvera-a-fabricar-vacunas-su-primer-farmaco-sera-contra-el-covid-19\/","name":"Claudia Sheinbaum anuncia que M\u00e9xico volver\u00e1 a fabricar vacunas, su primer f\u00e1rmaco ser\u00e1 contra el Covid-19 - LA BRAVA RADIO","isPartOf":{"@id":"https:\/\/www.bbmnoticias.com\/labravaradiofm\/#website"},"primaryImageOfPage":{"@id":"https:\/\/www.bbmnoticias.com\/claudia-sheinbaum-anuncia-que-mexico-volvera-a-fabricar-vacunas-su-primer-farmaco-sera-contra-el-covid-19\/#primaryimage"},"image":{"@id":"https:\/\/www.bbmnoticias.com\/claudia-sheinbaum-anuncia-que-mexico-volvera-a-fabricar-vacunas-su-primer-farmaco-sera-contra-el-covid-19\/#primaryimage"},"thumbnailUrl":"https:\/\/www.bbmnoticias.com\/labravaradiofm\/wp-content\/uploads\/sites\/5\/2026\/02\/vacuna_covid.jpg","datePublished":"2026-02-10T14:44:23+00:00","dateModified":"2026-02-10T14:44:30+00:00","author":{"@id":"https:\/\/www.bbmnoticias.com\/labravaradiofm\/#\/schema\/person\/000bdaf0a8fb5bff0d537c4d0778e33f"},"breadcrumb":{"@id":"https:\/\/www.bbmnoticias.com\/claudia-sheinbaum-anuncia-que-mexico-volvera-a-fabricar-vacunas-su-primer-farmaco-sera-contra-el-covid-19\/#breadcrumb"},"inLanguage":"es","potentialAction":[{"@type":"ReadAction","target":["https:\/\/www.bbmnoticias.com\/claudia-sheinbaum-anuncia-que-mexico-volvera-a-fabricar-vacunas-su-primer-farmaco-sera-contra-el-covid-19\/"]}]},{"@type":"ImageObject","inLanguage":"es","@id":"https:\/\/www.bbmnoticias.com\/claudia-sheinbaum-anuncia-que-mexico-volvera-a-fabricar-vacunas-su-primer-farmaco-sera-contra-el-covid-19\/#primaryimage","url":"https:\/\/www.bbmnoticias.com\/labravaradiofm\/wp-content\/uploads\/sites\/5\/2026\/02\/vacuna_covid.jpg","contentUrl":"https:\/\/www.bbmnoticias.com\/labravaradiofm\/wp-content\/uploads\/sites\/5\/2026\/02\/vacuna_covid.jpg","width":848,"height":477},{"@type":"BreadcrumbList","@id":"https:\/\/www.bbmnoticias.com\/claudia-sheinbaum-anuncia-que-mexico-volvera-a-fabricar-vacunas-su-primer-farmaco-sera-contra-el-covid-19\/#breadcrumb","itemListElement":[{"@type":"ListItem","position":1,"name":"Inicio","item":"https:\/\/www.bbmnoticias.com\/labravaradiofm\/"},{"@type":"ListItem","position":2,"name":"Claudia Sheinbaum anuncia que M\u00e9xico volver\u00e1 a fabricar vacunas, su primer f\u00e1rmaco ser\u00e1 contra el Covid-19"}]},{"@type":"WebSite","@id":"https:\/\/www.bbmnoticias.com\/labravaradiofm\/#website","url":"https:\/\/www.bbmnoticias.com\/labravaradiofm\/","name":"LA BRAVA RADIO","description":"Empresa productora de medios, Radiodifusi\u00f3n, Noticias, tendencias y todo lo que necesitas saber de la pol\u00edtica mexicana e internacional; entretenimiento, espect\u00e1culos, salud y mucho m\u00e1s.","potentialAction":[{"@type":"SearchAction","target":{"@type":"EntryPoint","urlTemplate":"https:\/\/www.bbmnoticias.com\/labravaradiofm\/?s={search_term_string}"},"query-input":{"@type":"PropertyValueSpecification","valueRequired":true,"valueName":"search_term_string"}}],"inLanguage":"es"},{"@type":"Person","@id":"https:\/\/www.bbmnoticias.com\/labravaradiofm\/#\/schema\/person\/000bdaf0a8fb5bff0d537c4d0778e33f","name":"Agencias","image":{"@type":"ImageObject","inLanguage":"es","@id":"https:\/\/secure.gravatar.com\/avatar\/739e0b61adf9e398b425c36718c8752286da0e8cd90f20ce9a86678abc26aa0d?s=96&d=mm&r=g","url":"https:\/\/secure.gravatar.com\/avatar\/739e0b61adf9e398b425c36718c8752286da0e8cd90f20ce9a86678abc26aa0d?s=96&d=mm&r=g","contentUrl":"https:\/\/secure.gravatar.com\/avatar\/739e0b61adf9e398b425c36718c8752286da0e8cd90f20ce9a86678abc26aa0d?s=96&d=mm&r=g","caption":"Agencias"},"url":"https:\/\/www.bbmnoticias.com\/labravaradiofm\/author\/agencias\/"}]}},"_links":{"self":[{"href":"https:\/\/www.bbmnoticias.com\/labravaradiofm\/wp-json\/wp\/v2\/posts\/73791","targetHints":{"allow":["GET"]}}],"collection":[{"href":"https:\/\/www.bbmnoticias.com\/labravaradiofm\/wp-json\/wp\/v2\/posts"}],"about":[{"href":"https:\/\/www.bbmnoticias.com\/labravaradiofm\/wp-json\/wp\/v2\/types\/post"}],"author":[{"embeddable":true,"href":"https:\/\/www.bbmnoticias.com\/labravaradiofm\/wp-json\/wp\/v2\/users\/4"}],"replies":[{"embeddable":true,"href":"https:\/\/www.bbmnoticias.com\/labravaradiofm\/wp-json\/wp\/v2\/comments?post=73791"}],"version-history":[{"count":1,"href":"https:\/\/www.bbmnoticias.com\/labravaradiofm\/wp-json\/wp\/v2\/posts\/73791\/revisions"}],"predecessor-version":[{"id":73792,"href":"https:\/\/www.bbmnoticias.com\/labravaradiofm\/wp-json\/wp\/v2\/posts\/73791\/revisions\/73792"}],"wp:featuredmedia":[{"embeddable":true,"href":"https:\/\/www.bbmnoticias.com\/labravaradiofm\/wp-json\/wp\/v2\/media\/73793"}],"wp:attachment":[{"href":"https:\/\/www.bbmnoticias.com\/labravaradiofm\/wp-json\/wp\/v2\/media?parent=73791"}],"wp:term":[{"taxonomy":"category","embeddable":true,"href":"https:\/\/www.bbmnoticias.com\/labravaradiofm\/wp-json\/wp\/v2\/categories?post=73791"},{"taxonomy":"post_tag","embeddable":true,"href":"https:\/\/www.bbmnoticias.com\/labravaradiofm\/wp-json\/wp\/v2\/tags?post=73791"}],"curies":[{"name":"wp","href":"https:\/\/api.w.org\/{rel}","templated":true}]}}