{"id":7368,"date":"2021-12-17T16:18:38","date_gmt":"2021-12-17T22:18:38","guid":{"rendered":"https:\/\/www.bbmnoticias.com\/labravaradiofm\/?p=7368"},"modified":"2021-12-17T16:18:40","modified_gmt":"2021-12-17T22:18:40","slug":"arranca-ioam-operativo-bienvenido-oaxaqueno-y-oaxaquena-migrante-por-temporada-decembrina","status":"publish","type":"post","link":"https:\/\/www.bbmnoticias.com\/labravaradiofm\/2021\/12\/17\/arranca-ioam-operativo-bienvenido-oaxaqueno-y-oaxaquena-migrante-por-temporada-decembrina\/","title":{"rendered":"Arranca IOAM operativo Bienvenido Oaxaque\u00f1o y Oaxaque\u00f1a Migrante por temporada decembrina"},"content":{"rendered":"<div style=\"margin-top: 0px; margin-bottom: 0px;\" class=\"sharethis-inline-share-buttons\" ><\/div>\n<p>\u2022 El m\u00f3dulo de atenci\u00f3n instalado en la terminal de autobuses de ADO, de la ciudad de Oaxaca, estar\u00e1 vigente del 17 de diciembre del 2021, al 3 de enero del 2022<\/p>\n\n\n\n<p>Tlalixtac de Cabrera, Oax. 17 de diciembre de 2021.- El Gobierno del Estado, a trav\u00e9s del Instituto Oaxaque\u00f1o de Atenci\u00f3n al Migrante (IOAM), dio inicio al operativo Bienvenido Oaxaque\u00f1o y Oaxaque\u00f1a Migrante con motivo de la temporada decembrina, por lo que se puso en marcha el m\u00f3dulo de atenci\u00f3n instalado en la terminal de autobuses de ADO, de la ciudad de Oaxaca, el cual estar\u00e1 vigente del 17 de diciembre del 2021, al 3 de enero del 2022.<\/p>\n\n\n\n<p>La directora general del IOAM, Aida Ruiz Garc\u00eda, mencion\u00f3 que por indicaciones del gobernador Alejandro Murat Hinojosa, se instal\u00f3 este m\u00f3dulo, con el objetivo de asegurar que el ingreso, tr\u00e1nsito y salida de las y los migrantes oaxaque\u00f1os se efect\u00fae con estricto respeto a los derechos humanos.<\/p>\n\n\n\n<p>Indic\u00f3 que este operativo se suma a los instaurados en temporada de semana santa, verano y temporada de muertos, y se espera, la llegada de poco m\u00e1s de 8 mil visitantes.<\/p>\n\n\n\n<p>Reconoci\u00f3 el trabajo y la coordinaci\u00f3n con autoridades de la Oficina de representaci\u00f3n del Instituto Nacional de Migraci\u00f3n en Oaxaca, Guardia Nacional, CNDH, la Comisi\u00f3n Iberoamericana de Derechos Humanos para el Desarrollo de las Am\u00e9ricas, as\u00ed como de la gerencia de la terminal de autobuses de ADO, por velar por la protecci\u00f3n de migrantes que deciden regresar a sus comunidades de origen con motivo del fin de a\u00f1o.<\/p>\n\n\n\n<p>Puntualiz\u00f3 que el IOAM continuar\u00e1 brindando recomendaciones, as\u00ed como el acompa\u00f1amiento y orientaci\u00f3n de los m\u00faltiples tr\u00e1mites y servicios que se ofrecen de manera gratuita y en coordinaci\u00f3n con autoridades municipales de las ocho regiones del estado.<\/p>\n\n\n\n<p>Exhort\u00f3 a quienes decidan regresar a la entidad durante la temporada de fin de a\u00f1o, mantener los protocolos sanitarios correspondientes y de esta manera cuidar sus vidas y las de sus familias.<\/p>\n\n\n\n<p>Recomend\u00f3, evitar asistir a fiestas, reuniones, visitas y lugares p\u00fablicos de mayor concentraci\u00f3n de personas, y en caso de presentar s\u00edntomas como fiebre, dolor de cabeza, tos o dolor de garganta, llamar al n\u00famero 800 77 08 437 y permanecer atentos a las indicaciones que brinde el Gobierno del Estado a trav\u00e9s del sitio web: coronavirus.oaxaca.gob.mx\/<\/p>\n\n\n\n<p>Finalmente, comparti\u00f3 los correos: ioam.juridico.2004@gmail.com y el tel\u00e9fono 9511210328 para cualquier asesor\u00eda jur\u00eddica, as\u00ed como el de ioam.traslados20@gmail.com para el servicio de traslado de restos mortuorios, o bien el n\u00famero telef\u00f3nico 951 392 40 25 para la atenci\u00f3n que se solicite.<\/p>\n","protected":false},"excerpt":{"rendered":"<p>\u2022 El m\u00f3dulo de atenci\u00f3n instalado en la terminal de autobuses de ADO, de la ciudad de Oaxaca, estar\u00e1 vigente del 17 de diciembre del 2021, al 3 de enero del 2022 Tlalixtac de Cabrera, Oax. 17 de diciembre de 2021.- El Gobierno del Estado, a trav\u00e9s del Instituto Oaxaque\u00f1o de Atenci\u00f3n al Migrante (IOAM), [&hellip;]<\/p>\n","protected":false},"author":2,"featured_media":7369,"comment_status":"closed","ping_status":"closed","sticky":false,"template":"","format":"standard","meta":{"footnotes":""},"categories":[1],"tags":[],"class_list":{"0":"post-7368","1":"post","2":"type-post","3":"status-publish","4":"format-standard","5":"has-post-thumbnail","7":"category-sin-categoria"},"yoast_head":"<!-- This site is optimized with the Yoast SEO plugin v27.4 - https:\/\/yoast.com\/product\/yoast-seo-wordpress\/ -->\n<title>Arranca IOAM operativo Bienvenido Oaxaque\u00f1o y Oaxaque\u00f1a Migrante por temporada decembrina - LA BRAVA RADIO<\/title>\n<meta name=\"robots\" content=\"index, follow, max-snippet:-1, max-image-preview:large, max-video-preview:-1\" \/>\n<link rel=\"canonical\" href=\"https:\/\/www.bbmnoticias.com\/labravaradiofm\/2021\/12\/17\/arranca-ioam-operativo-bienvenido-oaxaqueno-y-oaxaquena-migrante-por-temporada-decembrina\/\" \/>\n<meta property=\"og:locale\" content=\"es_MX\" \/>\n<meta property=\"og:type\" content=\"article\" \/>\n<meta property=\"og:title\" content=\"Arranca IOAM operativo Bienvenido Oaxaque\u00f1o y Oaxaque\u00f1a Migrante por temporada decembrina - LA BRAVA RADIO\" \/>\n<meta property=\"og:description\" content=\"\u2022 El m\u00f3dulo de atenci\u00f3n instalado en la terminal de autobuses de ADO, de la ciudad de Oaxaca, estar\u00e1 vigente del 17 de diciembre del 2021, al 3 de enero del 2022 Tlalixtac de Cabrera, Oax. 17 de diciembre de 2021.- El Gobierno del Estado, a trav\u00e9s del Instituto Oaxaque\u00f1o de Atenci\u00f3n al Migrante (IOAM), [&hellip;]\" \/>\n<meta property=\"og:url\" content=\"https:\/\/www.bbmnoticias.com\/labravaradiofm\/2021\/12\/17\/arranca-ioam-operativo-bienvenido-oaxaqueno-y-oaxaquena-migrante-por-temporada-decembrina\/\" \/>\n<meta property=\"og:site_name\" content=\"LA BRAVA RADIO\" \/>\n<meta property=\"article:published_time\" content=\"2021-12-17T22:18:38+00:00\" \/>\n<meta property=\"article:modified_time\" content=\"2021-12-17T22:18:40+00:00\" \/>\n<meta property=\"og:image\" content=\"https:\/\/www.bbmnoticias.com\/labravaradiofm\/wp-content\/uploads\/sites\/5\/2021\/12\/IMG-20211217-WA0004.jpg\" \/>\n\t<meta property=\"og:image:width\" content=\"1280\" \/>\n\t<meta property=\"og:image:height\" content=\"990\" \/>\n\t<meta property=\"og:image:type\" content=\"image\/jpeg\" \/>\n<meta name=\"author\" content=\"Staff\" \/>\n<meta name=\"twitter:card\" content=\"summary_large_image\" \/>\n<meta name=\"twitter:label1\" content=\"Escrito por\" \/>\n\t<meta name=\"twitter:data1\" content=\"Staff\" \/>\n\t<meta name=\"twitter:label2\" content=\"Tiempo de lectura\" \/>\n\t<meta name=\"twitter:data2\" content=\"2 minutos\" \/>\n<script type=\"application\/ld+json\" class=\"yoast-schema-graph\">{\"@context\":\"https:\\\/\\\/schema.org\",\"@graph\":[{\"@type\":\"Article\",\"@id\":\"https:\\\/\\\/www.bbmnoticias.com\\\/labravaradiofm\\\/2021\\\/12\\\/17\\\/arranca-ioam-operativo-bienvenido-oaxaqueno-y-oaxaquena-migrante-por-temporada-decembrina\\\/#article\",\"isPartOf\":{\"@id\":\"https:\\\/\\\/www.bbmnoticias.com\\\/labravaradiofm\\\/2021\\\/12\\\/17\\\/arranca-ioam-operativo-bienvenido-oaxaqueno-y-oaxaquena-migrante-por-temporada-decembrina\\\/\"},\"author\":{\"name\":\"Staff\",\"@id\":\"https:\\\/\\\/www.bbmnoticias.com\\\/labravaradiofm\\\/#\\\/schema\\\/person\\\/68a9e9036ef3c5b55aeb2b71dc8bab45\"},\"headline\":\"Arranca IOAM operativo Bienvenido Oaxaque\u00f1o y Oaxaque\u00f1a Migrante por temporada decembrina\",\"datePublished\":\"2021-12-17T22:18:38+00:00\",\"dateModified\":\"2021-12-17T22:18:40+00:00\",\"mainEntityOfPage\":{\"@id\":\"https:\\\/\\\/www.bbmnoticias.com\\\/labravaradiofm\\\/2021\\\/12\\\/17\\\/arranca-ioam-operativo-bienvenido-oaxaqueno-y-oaxaquena-migrante-por-temporada-decembrina\\\/\"},\"wordCount\":463,\"image\":{\"@id\":\"https:\\\/\\\/www.bbmnoticias.com\\\/labravaradiofm\\\/2021\\\/12\\\/17\\\/arranca-ioam-operativo-bienvenido-oaxaqueno-y-oaxaquena-migrante-por-temporada-decembrina\\\/#primaryimage\"},\"thumbnailUrl\":\"https:\\\/\\\/www.bbmnoticias.com\\\/labravaradiofm\\\/wp-content\\\/uploads\\\/sites\\\/5\\\/2021\\\/12\\\/IMG-20211217-WA0004.jpg\",\"inLanguage\":\"es\"},{\"@type\":\"WebPage\",\"@id\":\"https:\\\/\\\/www.bbmnoticias.com\\\/labravaradiofm\\\/2021\\\/12\\\/17\\\/arranca-ioam-operativo-bienvenido-oaxaqueno-y-oaxaquena-migrante-por-temporada-decembrina\\\/\",\"url\":\"https:\\\/\\\/www.bbmnoticias.com\\\/labravaradiofm\\\/2021\\\/12\\\/17\\\/arranca-ioam-operativo-bienvenido-oaxaqueno-y-oaxaquena-migrante-por-temporada-decembrina\\\/\",\"name\":\"Arranca IOAM operativo Bienvenido Oaxaque\u00f1o y Oaxaque\u00f1a Migrante por temporada decembrina - LA BRAVA RADIO\",\"isPartOf\":{\"@id\":\"https:\\\/\\\/www.bbmnoticias.com\\\/labravaradiofm\\\/#website\"},\"primaryImageOfPage\":{\"@id\":\"https:\\\/\\\/www.bbmnoticias.com\\\/labravaradiofm\\\/2021\\\/12\\\/17\\\/arranca-ioam-operativo-bienvenido-oaxaqueno-y-oaxaquena-migrante-por-temporada-decembrina\\\/#primaryimage\"},\"image\":{\"@id\":\"https:\\\/\\\/www.bbmnoticias.com\\\/labravaradiofm\\\/2021\\\/12\\\/17\\\/arranca-ioam-operativo-bienvenido-oaxaqueno-y-oaxaquena-migrante-por-temporada-decembrina\\\/#primaryimage\"},\"thumbnailUrl\":\"https:\\\/\\\/www.bbmnoticias.com\\\/labravaradiofm\\\/wp-content\\\/uploads\\\/sites\\\/5\\\/2021\\\/12\\\/IMG-20211217-WA0004.jpg\",\"datePublished\":\"2021-12-17T22:18:38+00:00\",\"dateModified\":\"2021-12-17T22:18:40+00:00\",\"author\":{\"@id\":\"https:\\\/\\\/www.bbmnoticias.com\\\/labravaradiofm\\\/#\\\/schema\\\/person\\\/68a9e9036ef3c5b55aeb2b71dc8bab45\"},\"breadcrumb\":{\"@id\":\"https:\\\/\\\/www.bbmnoticias.com\\\/labravaradiofm\\\/2021\\\/12\\\/17\\\/arranca-ioam-operativo-bienvenido-oaxaqueno-y-oaxaquena-migrante-por-temporada-decembrina\\\/#breadcrumb\"},\"inLanguage\":\"es\",\"potentialAction\":[{\"@type\":\"ReadAction\",\"target\":[\"https:\\\/\\\/www.bbmnoticias.com\\\/labravaradiofm\\\/2021\\\/12\\\/17\\\/arranca-ioam-operativo-bienvenido-oaxaqueno-y-oaxaquena-migrante-por-temporada-decembrina\\\/\"]}]},{\"@type\":\"ImageObject\",\"inLanguage\":\"es\",\"@id\":\"https:\\\/\\\/www.bbmnoticias.com\\\/labravaradiofm\\\/2021\\\/12\\\/17\\\/arranca-ioam-operativo-bienvenido-oaxaqueno-y-oaxaquena-migrante-por-temporada-decembrina\\\/#primaryimage\",\"url\":\"https:\\\/\\\/www.bbmnoticias.com\\\/labravaradiofm\\\/wp-content\\\/uploads\\\/sites\\\/5\\\/2021\\\/12\\\/IMG-20211217-WA0004.jpg\",\"contentUrl\":\"https:\\\/\\\/www.bbmnoticias.com\\\/labravaradiofm\\\/wp-content\\\/uploads\\\/sites\\\/5\\\/2021\\\/12\\\/IMG-20211217-WA0004.jpg\",\"width\":1280,\"height\":990},{\"@type\":\"BreadcrumbList\",\"@id\":\"https:\\\/\\\/www.bbmnoticias.com\\\/labravaradiofm\\\/2021\\\/12\\\/17\\\/arranca-ioam-operativo-bienvenido-oaxaqueno-y-oaxaquena-migrante-por-temporada-decembrina\\\/#breadcrumb\",\"itemListElement\":[{\"@type\":\"ListItem\",\"position\":1,\"name\":\"Inicio\",\"item\":\"https:\\\/\\\/www.bbmnoticias.com\\\/labravaradiofm\\\/\"},{\"@type\":\"ListItem\",\"position\":2,\"name\":\"Arranca IOAM operativo Bienvenido Oaxaque\u00f1o y Oaxaque\u00f1a Migrante por temporada decembrina\"}]},{\"@type\":\"WebSite\",\"@id\":\"https:\\\/\\\/www.bbmnoticias.com\\\/labravaradiofm\\\/#website\",\"url\":\"https:\\\/\\\/www.bbmnoticias.com\\\/labravaradiofm\\\/\",\"name\":\"LA BRAVA RADIO\",\"description\":\"Empresa productora de medios, Radiodifusi\u00f3n, Noticias, tendencias y todo lo que necesitas saber de la pol\u00edtica mexicana e internacional; entretenimiento, espect\u00e1culos, salud y mucho m\u00e1s.\",\"potentialAction\":[{\"@type\":\"SearchAction\",\"target\":{\"@type\":\"EntryPoint\",\"urlTemplate\":\"https:\\\/\\\/www.bbmnoticias.com\\\/labravaradiofm\\\/?s={search_term_string}\"},\"query-input\":{\"@type\":\"PropertyValueSpecification\",\"valueRequired\":true,\"valueName\":\"search_term_string\"}}],\"inLanguage\":\"es\"},{\"@type\":\"Person\",\"@id\":\"https:\\\/\\\/www.bbmnoticias.com\\\/labravaradiofm\\\/#\\\/schema\\\/person\\\/68a9e9036ef3c5b55aeb2b71dc8bab45\",\"name\":\"Staff\",\"image\":{\"@type\":\"ImageObject\",\"inLanguage\":\"es\",\"@id\":\"https:\\\/\\\/secure.gravatar.com\\\/avatar\\\/fdd21ad66fd8b98c407f9dee5b5e588cfe7f0d8579ec20fa6527cd59bab7f0f0?s=96&d=mm&r=g\",\"url\":\"https:\\\/\\\/secure.gravatar.com\\\/avatar\\\/fdd21ad66fd8b98c407f9dee5b5e588cfe7f0d8579ec20fa6527cd59bab7f0f0?s=96&d=mm&r=g\",\"contentUrl\":\"https:\\\/\\\/secure.gravatar.com\\\/avatar\\\/fdd21ad66fd8b98c407f9dee5b5e588cfe7f0d8579ec20fa6527cd59bab7f0f0?s=96&d=mm&r=g\",\"caption\":\"Staff\"},\"url\":\"https:\\\/\\\/www.bbmnoticias.com\\\/labravaradiofm\\\/author\\\/redaccion\\\/\"}]}<\/script>\n<!-- \/ Yoast SEO plugin. -->","yoast_head_json":{"title":"Arranca IOAM operativo Bienvenido Oaxaque\u00f1o y Oaxaque\u00f1a Migrante por temporada decembrina - LA BRAVA RADIO","robots":{"index":"index","follow":"follow","max-snippet":"max-snippet:-1","max-image-preview":"max-image-preview:large","max-video-preview":"max-video-preview:-1"},"canonical":"https:\/\/www.bbmnoticias.com\/labravaradiofm\/2021\/12\/17\/arranca-ioam-operativo-bienvenido-oaxaqueno-y-oaxaquena-migrante-por-temporada-decembrina\/","og_locale":"es_MX","og_type":"article","og_title":"Arranca IOAM operativo Bienvenido Oaxaque\u00f1o y Oaxaque\u00f1a Migrante por temporada decembrina - LA BRAVA RADIO","og_description":"\u2022 El m\u00f3dulo de atenci\u00f3n instalado en la terminal de autobuses de ADO, de la ciudad de Oaxaca, estar\u00e1 vigente del 17 de diciembre del 2021, al 3 de enero del 2022 Tlalixtac de Cabrera, Oax. 17 de diciembre de 2021.- El Gobierno del Estado, a trav\u00e9s del Instituto Oaxaque\u00f1o de Atenci\u00f3n al Migrante (IOAM), [&hellip;]","og_url":"https:\/\/www.bbmnoticias.com\/labravaradiofm\/2021\/12\/17\/arranca-ioam-operativo-bienvenido-oaxaqueno-y-oaxaquena-migrante-por-temporada-decembrina\/","og_site_name":"LA BRAVA RADIO","article_published_time":"2021-12-17T22:18:38+00:00","article_modified_time":"2021-12-17T22:18:40+00:00","og_image":[{"width":1280,"height":990,"url":"https:\/\/www.bbmnoticias.com\/labravaradiofm\/wp-content\/uploads\/sites\/5\/2021\/12\/IMG-20211217-WA0004.jpg","type":"image\/jpeg"}],"author":"Staff","twitter_card":"summary_large_image","twitter_misc":{"Escrito por":"Staff","Tiempo de lectura":"2 minutos"},"schema":{"@context":"https:\/\/schema.org","@graph":[{"@type":"Article","@id":"https:\/\/www.bbmnoticias.com\/labravaradiofm\/2021\/12\/17\/arranca-ioam-operativo-bienvenido-oaxaqueno-y-oaxaquena-migrante-por-temporada-decembrina\/#article","isPartOf":{"@id":"https:\/\/www.bbmnoticias.com\/labravaradiofm\/2021\/12\/17\/arranca-ioam-operativo-bienvenido-oaxaqueno-y-oaxaquena-migrante-por-temporada-decembrina\/"},"author":{"name":"Staff","@id":"https:\/\/www.bbmnoticias.com\/labravaradiofm\/#\/schema\/person\/68a9e9036ef3c5b55aeb2b71dc8bab45"},"headline":"Arranca IOAM operativo Bienvenido Oaxaque\u00f1o y Oaxaque\u00f1a Migrante por temporada decembrina","datePublished":"2021-12-17T22:18:38+00:00","dateModified":"2021-12-17T22:18:40+00:00","mainEntityOfPage":{"@id":"https:\/\/www.bbmnoticias.com\/labravaradiofm\/2021\/12\/17\/arranca-ioam-operativo-bienvenido-oaxaqueno-y-oaxaquena-migrante-por-temporada-decembrina\/"},"wordCount":463,"image":{"@id":"https:\/\/www.bbmnoticias.com\/labravaradiofm\/2021\/12\/17\/arranca-ioam-operativo-bienvenido-oaxaqueno-y-oaxaquena-migrante-por-temporada-decembrina\/#primaryimage"},"thumbnailUrl":"https:\/\/www.bbmnoticias.com\/labravaradiofm\/wp-content\/uploads\/sites\/5\/2021\/12\/IMG-20211217-WA0004.jpg","inLanguage":"es"},{"@type":"WebPage","@id":"https:\/\/www.bbmnoticias.com\/labravaradiofm\/2021\/12\/17\/arranca-ioam-operativo-bienvenido-oaxaqueno-y-oaxaquena-migrante-por-temporada-decembrina\/","url":"https:\/\/www.bbmnoticias.com\/labravaradiofm\/2021\/12\/17\/arranca-ioam-operativo-bienvenido-oaxaqueno-y-oaxaquena-migrante-por-temporada-decembrina\/","name":"Arranca IOAM operativo Bienvenido Oaxaque\u00f1o y Oaxaque\u00f1a Migrante por temporada decembrina - LA BRAVA RADIO","isPartOf":{"@id":"https:\/\/www.bbmnoticias.com\/labravaradiofm\/#website"},"primaryImageOfPage":{"@id":"https:\/\/www.bbmnoticias.com\/labravaradiofm\/2021\/12\/17\/arranca-ioam-operativo-bienvenido-oaxaqueno-y-oaxaquena-migrante-por-temporada-decembrina\/#primaryimage"},"image":{"@id":"https:\/\/www.bbmnoticias.com\/labravaradiofm\/2021\/12\/17\/arranca-ioam-operativo-bienvenido-oaxaqueno-y-oaxaquena-migrante-por-temporada-decembrina\/#primaryimage"},"thumbnailUrl":"https:\/\/www.bbmnoticias.com\/labravaradiofm\/wp-content\/uploads\/sites\/5\/2021\/12\/IMG-20211217-WA0004.jpg","datePublished":"2021-12-17T22:18:38+00:00","dateModified":"2021-12-17T22:18:40+00:00","author":{"@id":"https:\/\/www.bbmnoticias.com\/labravaradiofm\/#\/schema\/person\/68a9e9036ef3c5b55aeb2b71dc8bab45"},"breadcrumb":{"@id":"https:\/\/www.bbmnoticias.com\/labravaradiofm\/2021\/12\/17\/arranca-ioam-operativo-bienvenido-oaxaqueno-y-oaxaquena-migrante-por-temporada-decembrina\/#breadcrumb"},"inLanguage":"es","potentialAction":[{"@type":"ReadAction","target":["https:\/\/www.bbmnoticias.com\/labravaradiofm\/2021\/12\/17\/arranca-ioam-operativo-bienvenido-oaxaqueno-y-oaxaquena-migrante-por-temporada-decembrina\/"]}]},{"@type":"ImageObject","inLanguage":"es","@id":"https:\/\/www.bbmnoticias.com\/labravaradiofm\/2021\/12\/17\/arranca-ioam-operativo-bienvenido-oaxaqueno-y-oaxaquena-migrante-por-temporada-decembrina\/#primaryimage","url":"https:\/\/www.bbmnoticias.com\/labravaradiofm\/wp-content\/uploads\/sites\/5\/2021\/12\/IMG-20211217-WA0004.jpg","contentUrl":"https:\/\/www.bbmnoticias.com\/labravaradiofm\/wp-content\/uploads\/sites\/5\/2021\/12\/IMG-20211217-WA0004.jpg","width":1280,"height":990},{"@type":"BreadcrumbList","@id":"https:\/\/www.bbmnoticias.com\/labravaradiofm\/2021\/12\/17\/arranca-ioam-operativo-bienvenido-oaxaqueno-y-oaxaquena-migrante-por-temporada-decembrina\/#breadcrumb","itemListElement":[{"@type":"ListItem","position":1,"name":"Inicio","item":"https:\/\/www.bbmnoticias.com\/labravaradiofm\/"},{"@type":"ListItem","position":2,"name":"Arranca IOAM operativo Bienvenido Oaxaque\u00f1o y Oaxaque\u00f1a Migrante por temporada decembrina"}]},{"@type":"WebSite","@id":"https:\/\/www.bbmnoticias.com\/labravaradiofm\/#website","url":"https:\/\/www.bbmnoticias.com\/labravaradiofm\/","name":"LA BRAVA RADIO","description":"Empresa productora de medios, Radiodifusi\u00f3n, Noticias, tendencias y todo lo que necesitas saber de la pol\u00edtica mexicana e internacional; entretenimiento, espect\u00e1culos, salud y mucho m\u00e1s.","potentialAction":[{"@type":"SearchAction","target":{"@type":"EntryPoint","urlTemplate":"https:\/\/www.bbmnoticias.com\/labravaradiofm\/?s={search_term_string}"},"query-input":{"@type":"PropertyValueSpecification","valueRequired":true,"valueName":"search_term_string"}}],"inLanguage":"es"},{"@type":"Person","@id":"https:\/\/www.bbmnoticias.com\/labravaradiofm\/#\/schema\/person\/68a9e9036ef3c5b55aeb2b71dc8bab45","name":"Staff","image":{"@type":"ImageObject","inLanguage":"es","@id":"https:\/\/secure.gravatar.com\/avatar\/fdd21ad66fd8b98c407f9dee5b5e588cfe7f0d8579ec20fa6527cd59bab7f0f0?s=96&d=mm&r=g","url":"https:\/\/secure.gravatar.com\/avatar\/fdd21ad66fd8b98c407f9dee5b5e588cfe7f0d8579ec20fa6527cd59bab7f0f0?s=96&d=mm&r=g","contentUrl":"https:\/\/secure.gravatar.com\/avatar\/fdd21ad66fd8b98c407f9dee5b5e588cfe7f0d8579ec20fa6527cd59bab7f0f0?s=96&d=mm&r=g","caption":"Staff"},"url":"https:\/\/www.bbmnoticias.com\/labravaradiofm\/author\/redaccion\/"}]}},"_links":{"self":[{"href":"https:\/\/www.bbmnoticias.com\/labravaradiofm\/wp-json\/wp\/v2\/posts\/7368","targetHints":{"allow":["GET"]}}],"collection":[{"href":"https:\/\/www.bbmnoticias.com\/labravaradiofm\/wp-json\/wp\/v2\/posts"}],"about":[{"href":"https:\/\/www.bbmnoticias.com\/labravaradiofm\/wp-json\/wp\/v2\/types\/post"}],"author":[{"embeddable":true,"href":"https:\/\/www.bbmnoticias.com\/labravaradiofm\/wp-json\/wp\/v2\/users\/2"}],"replies":[{"embeddable":true,"href":"https:\/\/www.bbmnoticias.com\/labravaradiofm\/wp-json\/wp\/v2\/comments?post=7368"}],"version-history":[{"count":0,"href":"https:\/\/www.bbmnoticias.com\/labravaradiofm\/wp-json\/wp\/v2\/posts\/7368\/revisions"}],"wp:featuredmedia":[{"embeddable":true,"href":"https:\/\/www.bbmnoticias.com\/labravaradiofm\/wp-json\/wp\/v2\/media\/7369"}],"wp:attachment":[{"href":"https:\/\/www.bbmnoticias.com\/labravaradiofm\/wp-json\/wp\/v2\/media?parent=7368"}],"wp:term":[{"taxonomy":"category","embeddable":true,"href":"https:\/\/www.bbmnoticias.com\/labravaradiofm\/wp-json\/wp\/v2\/categories?post=7368"},{"taxonomy":"post_tag","embeddable":true,"href":"https:\/\/www.bbmnoticias.com\/labravaradiofm\/wp-json\/wp\/v2\/tags?post=7368"}],"curies":[{"name":"wp","href":"https:\/\/api.w.org\/{rel}","templated":true}]}}