{"id":7362,"date":"2021-12-17T14:33:10","date_gmt":"2021-12-17T20:33:10","guid":{"rendered":"https:\/\/www.bbmnoticias.com\/labravaradiofm\/?p=7362"},"modified":"2021-12-17T14:33:11","modified_gmt":"2021-12-17T20:33:11","slug":"potencializa-sso-habilidades-personales-y-laborales-en-promocion-de-la-salud","status":"publish","type":"post","link":"https:\/\/www.bbmnoticias.com\/labravaradiofm\/2021\/12\/17\/potencializa-sso-habilidades-personales-y-laborales-en-promocion-de-la-salud\/","title":{"rendered":"Potencializa SSO habilidades personales y laborales en Promoci\u00f3n de la Salud"},"content":{"rendered":"<div style=\"margin-top: 0px; margin-bottom: 0px;\" class=\"sharethis-inline-share-buttons\" ><\/div>\n<p><strong>Oaxaca de Ju\u00e1rez, Oax. 17 de diciembre de 2021.-<\/strong> Con el prop\u00f3sito de brindar herramientas que fortalezcan las capacidades y competencias para realizar exitosamente la promoci\u00f3n de ambientes y comunidades saludables, en representaci\u00f3n del secretario de Salud, Juan Carlos M\u00e1rquez Heine, el jefe de la Unidad de Salud P\u00fablica de la instituci\u00f3n, Daniel L\u00f3pez Regalado, inaugur\u00f3 la \u201cJornada de Capacitaci\u00f3n Estatal de Determinantes Personales\u201d.<\/p>\n\n\n\n<p>Dirigida al personal del Departamento de Promoci\u00f3n de la Salud y del \u00e1rea de la Coordinaci\u00f3n de Participaci\u00f3n Social de las seis Jurisdicciones Sanitarias de la entidad, en donde se abordaron temas relacionados con el \u00e9xito colectivo, ambiente laboral y coaching motivacional.<\/p>\n\n\n\n<p>Durante la presentaci\u00f3n, el Jefe de la Unidad de Salud P\u00fablica, precis\u00f3 que el compromiso de la dependencia es formar futuras generaciones de trabajadores que dispongan del conocimiento, habilidades, destrezas necesarias y formaci\u00f3n efectiva, tanto en lo personal como en lo laboral para desempe\u00f1arse de la mejor manera, siempre trabando en equipo, y con ello coadyuvar al autocuidado de la salud de las familias oaxaque\u00f1as.<\/p>\n\n\n\n<p>Destac\u00f3 que las actividades que realiza el personal de esta rama es fundamental, ya que son formadores de recursos humanos, quienes empoderan a las personas a cambiar sus h\u00e1bitos de manera positiva, principalmente enfocados en las poblaciones vulnerables, sobre todo en comunidades rurales y remotas.<\/p>\n\n\n\n<p>Se\u00f1al\u00f3 que el equipo de trabajo que conforma la Promoci\u00f3n de la Salud, tienen las habilidades t\u00e9cnicas, han sido formados con maestr\u00eda, diplomados, o licenciaturas, \u201cpero no se debe dejar de lado lo interpersonal, es importante el clima organizacional, trabajar en un ambiente de cordialidad, crear y fortalecer determinantes positivos y delimitar o eliminar los negativos\u201d, detall\u00f3.<\/p>\n\n\n\n<p>Por su parte, la Jefa del Departamento de Promoci\u00f3n de la Salud, Karla Cruz Mart\u00ednez, agradeci\u00f3 la participaci\u00f3n de los asistentes y dijo que, el contenido de la jornada acad\u00e9mica, estuvo enfocado en: \u201cClima laboral\u201d, \u201cAutoestima y actitud\u201d, \u201cClaves del \u00e9xito colectivo\u201d, y brind\u00f3 el taller: \u201cAgradecimiento desde mi coraz\u00f3n\u201d.<\/p>\n\n\n\n<p>Ante ello, puntualiz\u00f3 que por la pandemia mundial que se vive actualmente, debemos reducir los factores de riesgo a trav\u00e9s de un cambio conductual de la poblaci\u00f3n, y esto requiere de la participaci\u00f3n coordinada de todas las instituciones que integran el Sistema Nacional de Salud, de los diferentes \u00f3rdenes de gobierno, de la iniciativa privada y de la sociedad civil.<\/p>\n\n\n\n<p>Cabe destacar que entre los ponentes del curso se encuentran los profesionales en psicolog\u00eda, Jazm\u00edn Hern\u00e1ndez Becerril, Ana Belem Miguel Osorio y Jos\u00e9 Rub\u00e9n M\u00e9ndez Correa, adem\u00e1s de la licenciada, Lennis Belem Ruiz Herrera.<\/p>\n","protected":false},"excerpt":{"rendered":"<p>Oaxaca de Ju\u00e1rez, Oax. 17 de diciembre de 2021.- Con el prop\u00f3sito de brindar herramientas que fortalezcan las capacidades y competencias para realizar exitosamente la promoci\u00f3n de ambientes y comunidades saludables, en representaci\u00f3n del secretario de Salud, Juan Carlos M\u00e1rquez Heine, el jefe de la Unidad de Salud P\u00fablica de la instituci\u00f3n, Daniel L\u00f3pez Regalado, [&hellip;]<\/p>\n","protected":false},"author":2,"featured_media":7363,"comment_status":"closed","ping_status":"closed","sticky":false,"template":"","format":"standard","meta":{"footnotes":""},"categories":[2],"tags":[],"class_list":{"0":"post-7362","1":"post","2":"type-post","3":"status-publish","4":"format-standard","5":"has-post-thumbnail","7":"category-oaxaca"},"yoast_head":"<!-- This site is optimized with the Yoast SEO plugin v27.4 - https:\/\/yoast.com\/product\/yoast-seo-wordpress\/ -->\n<title>Potencializa SSO habilidades personales y laborales en Promoci\u00f3n de la Salud - LA BRAVA RADIO<\/title>\n<meta name=\"robots\" content=\"index, follow, max-snippet:-1, max-image-preview:large, max-video-preview:-1\" \/>\n<link rel=\"canonical\" href=\"https:\/\/www.bbmnoticias.com\/labravaradiofm\/2021\/12\/17\/potencializa-sso-habilidades-personales-y-laborales-en-promocion-de-la-salud\/\" \/>\n<meta property=\"og:locale\" content=\"es_MX\" \/>\n<meta property=\"og:type\" content=\"article\" \/>\n<meta property=\"og:title\" content=\"Potencializa SSO habilidades personales y laborales en Promoci\u00f3n de la Salud - LA BRAVA RADIO\" \/>\n<meta property=\"og:description\" content=\"Oaxaca de Ju\u00e1rez, Oax. 17 de diciembre de 2021.- Con el prop\u00f3sito de brindar herramientas que fortalezcan las capacidades y competencias para realizar exitosamente la promoci\u00f3n de ambientes y comunidades saludables, en representaci\u00f3n del secretario de Salud, Juan Carlos M\u00e1rquez Heine, el jefe de la Unidad de Salud P\u00fablica de la instituci\u00f3n, Daniel L\u00f3pez Regalado, [&hellip;]\" \/>\n<meta property=\"og:url\" content=\"https:\/\/www.bbmnoticias.com\/labravaradiofm\/2021\/12\/17\/potencializa-sso-habilidades-personales-y-laborales-en-promocion-de-la-salud\/\" \/>\n<meta property=\"og:site_name\" content=\"LA BRAVA RADIO\" \/>\n<meta property=\"article:published_time\" content=\"2021-12-17T20:33:10+00:00\" \/>\n<meta property=\"article:modified_time\" content=\"2021-12-17T20:33:11+00:00\" \/>\n<meta property=\"og:image\" content=\"https:\/\/www.bbmnoticias.com\/labravaradiofm\/wp-content\/uploads\/sites\/5\/2021\/12\/sso-oaxaca.jpg\" \/>\n\t<meta property=\"og:image:width\" content=\"1280\" \/>\n\t<meta property=\"og:image:height\" content=\"960\" \/>\n\t<meta property=\"og:image:type\" content=\"image\/jpeg\" \/>\n<meta name=\"author\" content=\"Staff\" \/>\n<meta name=\"twitter:card\" content=\"summary_large_image\" \/>\n<meta name=\"twitter:label1\" content=\"Escrito por\" \/>\n\t<meta name=\"twitter:data1\" content=\"Staff\" \/>\n\t<meta name=\"twitter:label2\" content=\"Tiempo de lectura\" \/>\n\t<meta name=\"twitter:data2\" content=\"2 minutos\" \/>\n<script type=\"application\/ld+json\" class=\"yoast-schema-graph\">{\"@context\":\"https:\\\/\\\/schema.org\",\"@graph\":[{\"@type\":\"Article\",\"@id\":\"https:\\\/\\\/www.bbmnoticias.com\\\/labravaradiofm\\\/2021\\\/12\\\/17\\\/potencializa-sso-habilidades-personales-y-laborales-en-promocion-de-la-salud\\\/#article\",\"isPartOf\":{\"@id\":\"https:\\\/\\\/www.bbmnoticias.com\\\/labravaradiofm\\\/2021\\\/12\\\/17\\\/potencializa-sso-habilidades-personales-y-laborales-en-promocion-de-la-salud\\\/\"},\"author\":{\"name\":\"Staff\",\"@id\":\"https:\\\/\\\/www.bbmnoticias.com\\\/labravaradiofm\\\/#\\\/schema\\\/person\\\/68a9e9036ef3c5b55aeb2b71dc8bab45\"},\"headline\":\"Potencializa SSO habilidades personales y laborales en Promoci\u00f3n de la Salud\",\"datePublished\":\"2021-12-17T20:33:10+00:00\",\"dateModified\":\"2021-12-17T20:33:11+00:00\",\"mainEntityOfPage\":{\"@id\":\"https:\\\/\\\/www.bbmnoticias.com\\\/labravaradiofm\\\/2021\\\/12\\\/17\\\/potencializa-sso-habilidades-personales-y-laborales-en-promocion-de-la-salud\\\/\"},\"wordCount\":464,\"image\":{\"@id\":\"https:\\\/\\\/www.bbmnoticias.com\\\/labravaradiofm\\\/2021\\\/12\\\/17\\\/potencializa-sso-habilidades-personales-y-laborales-en-promocion-de-la-salud\\\/#primaryimage\"},\"thumbnailUrl\":\"https:\\\/\\\/www.bbmnoticias.com\\\/labravaradiofm\\\/wp-content\\\/uploads\\\/sites\\\/5\\\/2021\\\/12\\\/sso-oaxaca.jpg\",\"articleSection\":[\"LOCAL\"],\"inLanguage\":\"es\"},{\"@type\":\"WebPage\",\"@id\":\"https:\\\/\\\/www.bbmnoticias.com\\\/labravaradiofm\\\/2021\\\/12\\\/17\\\/potencializa-sso-habilidades-personales-y-laborales-en-promocion-de-la-salud\\\/\",\"url\":\"https:\\\/\\\/www.bbmnoticias.com\\\/labravaradiofm\\\/2021\\\/12\\\/17\\\/potencializa-sso-habilidades-personales-y-laborales-en-promocion-de-la-salud\\\/\",\"name\":\"Potencializa SSO habilidades personales y laborales en Promoci\u00f3n de la Salud - LA BRAVA RADIO\",\"isPartOf\":{\"@id\":\"https:\\\/\\\/www.bbmnoticias.com\\\/labravaradiofm\\\/#website\"},\"primaryImageOfPage\":{\"@id\":\"https:\\\/\\\/www.bbmnoticias.com\\\/labravaradiofm\\\/2021\\\/12\\\/17\\\/potencializa-sso-habilidades-personales-y-laborales-en-promocion-de-la-salud\\\/#primaryimage\"},\"image\":{\"@id\":\"https:\\\/\\\/www.bbmnoticias.com\\\/labravaradiofm\\\/2021\\\/12\\\/17\\\/potencializa-sso-habilidades-personales-y-laborales-en-promocion-de-la-salud\\\/#primaryimage\"},\"thumbnailUrl\":\"https:\\\/\\\/www.bbmnoticias.com\\\/labravaradiofm\\\/wp-content\\\/uploads\\\/sites\\\/5\\\/2021\\\/12\\\/sso-oaxaca.jpg\",\"datePublished\":\"2021-12-17T20:33:10+00:00\",\"dateModified\":\"2021-12-17T20:33:11+00:00\",\"author\":{\"@id\":\"https:\\\/\\\/www.bbmnoticias.com\\\/labravaradiofm\\\/#\\\/schema\\\/person\\\/68a9e9036ef3c5b55aeb2b71dc8bab45\"},\"breadcrumb\":{\"@id\":\"https:\\\/\\\/www.bbmnoticias.com\\\/labravaradiofm\\\/2021\\\/12\\\/17\\\/potencializa-sso-habilidades-personales-y-laborales-en-promocion-de-la-salud\\\/#breadcrumb\"},\"inLanguage\":\"es\",\"potentialAction\":[{\"@type\":\"ReadAction\",\"target\":[\"https:\\\/\\\/www.bbmnoticias.com\\\/labravaradiofm\\\/2021\\\/12\\\/17\\\/potencializa-sso-habilidades-personales-y-laborales-en-promocion-de-la-salud\\\/\"]}]},{\"@type\":\"ImageObject\",\"inLanguage\":\"es\",\"@id\":\"https:\\\/\\\/www.bbmnoticias.com\\\/labravaradiofm\\\/2021\\\/12\\\/17\\\/potencializa-sso-habilidades-personales-y-laborales-en-promocion-de-la-salud\\\/#primaryimage\",\"url\":\"https:\\\/\\\/www.bbmnoticias.com\\\/labravaradiofm\\\/wp-content\\\/uploads\\\/sites\\\/5\\\/2021\\\/12\\\/sso-oaxaca.jpg\",\"contentUrl\":\"https:\\\/\\\/www.bbmnoticias.com\\\/labravaradiofm\\\/wp-content\\\/uploads\\\/sites\\\/5\\\/2021\\\/12\\\/sso-oaxaca.jpg\",\"width\":1280,\"height\":960},{\"@type\":\"BreadcrumbList\",\"@id\":\"https:\\\/\\\/www.bbmnoticias.com\\\/labravaradiofm\\\/2021\\\/12\\\/17\\\/potencializa-sso-habilidades-personales-y-laborales-en-promocion-de-la-salud\\\/#breadcrumb\",\"itemListElement\":[{\"@type\":\"ListItem\",\"position\":1,\"name\":\"Inicio\",\"item\":\"https:\\\/\\\/www.bbmnoticias.com\\\/labravaradiofm\\\/\"},{\"@type\":\"ListItem\",\"position\":2,\"name\":\"Potencializa SSO habilidades personales y laborales en Promoci\u00f3n de la Salud\"}]},{\"@type\":\"WebSite\",\"@id\":\"https:\\\/\\\/www.bbmnoticias.com\\\/labravaradiofm\\\/#website\",\"url\":\"https:\\\/\\\/www.bbmnoticias.com\\\/labravaradiofm\\\/\",\"name\":\"LA BRAVA RADIO\",\"description\":\"Empresa productora de medios, Radiodifusi\u00f3n, Noticias, tendencias y todo lo que necesitas saber de la pol\u00edtica mexicana e internacional; entretenimiento, espect\u00e1culos, salud y mucho m\u00e1s.\",\"potentialAction\":[{\"@type\":\"SearchAction\",\"target\":{\"@type\":\"EntryPoint\",\"urlTemplate\":\"https:\\\/\\\/www.bbmnoticias.com\\\/labravaradiofm\\\/?s={search_term_string}\"},\"query-input\":{\"@type\":\"PropertyValueSpecification\",\"valueRequired\":true,\"valueName\":\"search_term_string\"}}],\"inLanguage\":\"es\"},{\"@type\":\"Person\",\"@id\":\"https:\\\/\\\/www.bbmnoticias.com\\\/labravaradiofm\\\/#\\\/schema\\\/person\\\/68a9e9036ef3c5b55aeb2b71dc8bab45\",\"name\":\"Staff\",\"image\":{\"@type\":\"ImageObject\",\"inLanguage\":\"es\",\"@id\":\"https:\\\/\\\/secure.gravatar.com\\\/avatar\\\/fdd21ad66fd8b98c407f9dee5b5e588cfe7f0d8579ec20fa6527cd59bab7f0f0?s=96&d=mm&r=g\",\"url\":\"https:\\\/\\\/secure.gravatar.com\\\/avatar\\\/fdd21ad66fd8b98c407f9dee5b5e588cfe7f0d8579ec20fa6527cd59bab7f0f0?s=96&d=mm&r=g\",\"contentUrl\":\"https:\\\/\\\/secure.gravatar.com\\\/avatar\\\/fdd21ad66fd8b98c407f9dee5b5e588cfe7f0d8579ec20fa6527cd59bab7f0f0?s=96&d=mm&r=g\",\"caption\":\"Staff\"},\"url\":\"https:\\\/\\\/www.bbmnoticias.com\\\/labravaradiofm\\\/author\\\/redaccion\\\/\"}]}<\/script>\n<!-- \/ Yoast SEO plugin. -->","yoast_head_json":{"title":"Potencializa SSO habilidades personales y laborales en Promoci\u00f3n de la Salud - LA BRAVA RADIO","robots":{"index":"index","follow":"follow","max-snippet":"max-snippet:-1","max-image-preview":"max-image-preview:large","max-video-preview":"max-video-preview:-1"},"canonical":"https:\/\/www.bbmnoticias.com\/labravaradiofm\/2021\/12\/17\/potencializa-sso-habilidades-personales-y-laborales-en-promocion-de-la-salud\/","og_locale":"es_MX","og_type":"article","og_title":"Potencializa SSO habilidades personales y laborales en Promoci\u00f3n de la Salud - LA BRAVA RADIO","og_description":"Oaxaca de Ju\u00e1rez, Oax. 17 de diciembre de 2021.- Con el prop\u00f3sito de brindar herramientas que fortalezcan las capacidades y competencias para realizar exitosamente la promoci\u00f3n de ambientes y comunidades saludables, en representaci\u00f3n del secretario de Salud, Juan Carlos M\u00e1rquez Heine, el jefe de la Unidad de Salud P\u00fablica de la instituci\u00f3n, Daniel L\u00f3pez Regalado, [&hellip;]","og_url":"https:\/\/www.bbmnoticias.com\/labravaradiofm\/2021\/12\/17\/potencializa-sso-habilidades-personales-y-laborales-en-promocion-de-la-salud\/","og_site_name":"LA BRAVA RADIO","article_published_time":"2021-12-17T20:33:10+00:00","article_modified_time":"2021-12-17T20:33:11+00:00","og_image":[{"width":1280,"height":960,"url":"https:\/\/www.bbmnoticias.com\/labravaradiofm\/wp-content\/uploads\/sites\/5\/2021\/12\/sso-oaxaca.jpg","type":"image\/jpeg"}],"author":"Staff","twitter_card":"summary_large_image","twitter_misc":{"Escrito por":"Staff","Tiempo de lectura":"2 minutos"},"schema":{"@context":"https:\/\/schema.org","@graph":[{"@type":"Article","@id":"https:\/\/www.bbmnoticias.com\/labravaradiofm\/2021\/12\/17\/potencializa-sso-habilidades-personales-y-laborales-en-promocion-de-la-salud\/#article","isPartOf":{"@id":"https:\/\/www.bbmnoticias.com\/labravaradiofm\/2021\/12\/17\/potencializa-sso-habilidades-personales-y-laborales-en-promocion-de-la-salud\/"},"author":{"name":"Staff","@id":"https:\/\/www.bbmnoticias.com\/labravaradiofm\/#\/schema\/person\/68a9e9036ef3c5b55aeb2b71dc8bab45"},"headline":"Potencializa SSO habilidades personales y laborales en Promoci\u00f3n de la Salud","datePublished":"2021-12-17T20:33:10+00:00","dateModified":"2021-12-17T20:33:11+00:00","mainEntityOfPage":{"@id":"https:\/\/www.bbmnoticias.com\/labravaradiofm\/2021\/12\/17\/potencializa-sso-habilidades-personales-y-laborales-en-promocion-de-la-salud\/"},"wordCount":464,"image":{"@id":"https:\/\/www.bbmnoticias.com\/labravaradiofm\/2021\/12\/17\/potencializa-sso-habilidades-personales-y-laborales-en-promocion-de-la-salud\/#primaryimage"},"thumbnailUrl":"https:\/\/www.bbmnoticias.com\/labravaradiofm\/wp-content\/uploads\/sites\/5\/2021\/12\/sso-oaxaca.jpg","articleSection":["LOCAL"],"inLanguage":"es"},{"@type":"WebPage","@id":"https:\/\/www.bbmnoticias.com\/labravaradiofm\/2021\/12\/17\/potencializa-sso-habilidades-personales-y-laborales-en-promocion-de-la-salud\/","url":"https:\/\/www.bbmnoticias.com\/labravaradiofm\/2021\/12\/17\/potencializa-sso-habilidades-personales-y-laborales-en-promocion-de-la-salud\/","name":"Potencializa SSO habilidades personales y laborales en Promoci\u00f3n de la Salud - LA BRAVA RADIO","isPartOf":{"@id":"https:\/\/www.bbmnoticias.com\/labravaradiofm\/#website"},"primaryImageOfPage":{"@id":"https:\/\/www.bbmnoticias.com\/labravaradiofm\/2021\/12\/17\/potencializa-sso-habilidades-personales-y-laborales-en-promocion-de-la-salud\/#primaryimage"},"image":{"@id":"https:\/\/www.bbmnoticias.com\/labravaradiofm\/2021\/12\/17\/potencializa-sso-habilidades-personales-y-laborales-en-promocion-de-la-salud\/#primaryimage"},"thumbnailUrl":"https:\/\/www.bbmnoticias.com\/labravaradiofm\/wp-content\/uploads\/sites\/5\/2021\/12\/sso-oaxaca.jpg","datePublished":"2021-12-17T20:33:10+00:00","dateModified":"2021-12-17T20:33:11+00:00","author":{"@id":"https:\/\/www.bbmnoticias.com\/labravaradiofm\/#\/schema\/person\/68a9e9036ef3c5b55aeb2b71dc8bab45"},"breadcrumb":{"@id":"https:\/\/www.bbmnoticias.com\/labravaradiofm\/2021\/12\/17\/potencializa-sso-habilidades-personales-y-laborales-en-promocion-de-la-salud\/#breadcrumb"},"inLanguage":"es","potentialAction":[{"@type":"ReadAction","target":["https:\/\/www.bbmnoticias.com\/labravaradiofm\/2021\/12\/17\/potencializa-sso-habilidades-personales-y-laborales-en-promocion-de-la-salud\/"]}]},{"@type":"ImageObject","inLanguage":"es","@id":"https:\/\/www.bbmnoticias.com\/labravaradiofm\/2021\/12\/17\/potencializa-sso-habilidades-personales-y-laborales-en-promocion-de-la-salud\/#primaryimage","url":"https:\/\/www.bbmnoticias.com\/labravaradiofm\/wp-content\/uploads\/sites\/5\/2021\/12\/sso-oaxaca.jpg","contentUrl":"https:\/\/www.bbmnoticias.com\/labravaradiofm\/wp-content\/uploads\/sites\/5\/2021\/12\/sso-oaxaca.jpg","width":1280,"height":960},{"@type":"BreadcrumbList","@id":"https:\/\/www.bbmnoticias.com\/labravaradiofm\/2021\/12\/17\/potencializa-sso-habilidades-personales-y-laborales-en-promocion-de-la-salud\/#breadcrumb","itemListElement":[{"@type":"ListItem","position":1,"name":"Inicio","item":"https:\/\/www.bbmnoticias.com\/labravaradiofm\/"},{"@type":"ListItem","position":2,"name":"Potencializa SSO habilidades personales y laborales en Promoci\u00f3n de la Salud"}]},{"@type":"WebSite","@id":"https:\/\/www.bbmnoticias.com\/labravaradiofm\/#website","url":"https:\/\/www.bbmnoticias.com\/labravaradiofm\/","name":"LA BRAVA RADIO","description":"Empresa productora de medios, Radiodifusi\u00f3n, Noticias, tendencias y todo lo que necesitas saber de la pol\u00edtica mexicana e internacional; entretenimiento, espect\u00e1culos, salud y mucho m\u00e1s.","potentialAction":[{"@type":"SearchAction","target":{"@type":"EntryPoint","urlTemplate":"https:\/\/www.bbmnoticias.com\/labravaradiofm\/?s={search_term_string}"},"query-input":{"@type":"PropertyValueSpecification","valueRequired":true,"valueName":"search_term_string"}}],"inLanguage":"es"},{"@type":"Person","@id":"https:\/\/www.bbmnoticias.com\/labravaradiofm\/#\/schema\/person\/68a9e9036ef3c5b55aeb2b71dc8bab45","name":"Staff","image":{"@type":"ImageObject","inLanguage":"es","@id":"https:\/\/secure.gravatar.com\/avatar\/fdd21ad66fd8b98c407f9dee5b5e588cfe7f0d8579ec20fa6527cd59bab7f0f0?s=96&d=mm&r=g","url":"https:\/\/secure.gravatar.com\/avatar\/fdd21ad66fd8b98c407f9dee5b5e588cfe7f0d8579ec20fa6527cd59bab7f0f0?s=96&d=mm&r=g","contentUrl":"https:\/\/secure.gravatar.com\/avatar\/fdd21ad66fd8b98c407f9dee5b5e588cfe7f0d8579ec20fa6527cd59bab7f0f0?s=96&d=mm&r=g","caption":"Staff"},"url":"https:\/\/www.bbmnoticias.com\/labravaradiofm\/author\/redaccion\/"}]}},"_links":{"self":[{"href":"https:\/\/www.bbmnoticias.com\/labravaradiofm\/wp-json\/wp\/v2\/posts\/7362","targetHints":{"allow":["GET"]}}],"collection":[{"href":"https:\/\/www.bbmnoticias.com\/labravaradiofm\/wp-json\/wp\/v2\/posts"}],"about":[{"href":"https:\/\/www.bbmnoticias.com\/labravaradiofm\/wp-json\/wp\/v2\/types\/post"}],"author":[{"embeddable":true,"href":"https:\/\/www.bbmnoticias.com\/labravaradiofm\/wp-json\/wp\/v2\/users\/2"}],"replies":[{"embeddable":true,"href":"https:\/\/www.bbmnoticias.com\/labravaradiofm\/wp-json\/wp\/v2\/comments?post=7362"}],"version-history":[{"count":0,"href":"https:\/\/www.bbmnoticias.com\/labravaradiofm\/wp-json\/wp\/v2\/posts\/7362\/revisions"}],"wp:featuredmedia":[{"embeddable":true,"href":"https:\/\/www.bbmnoticias.com\/labravaradiofm\/wp-json\/wp\/v2\/media\/7363"}],"wp:attachment":[{"href":"https:\/\/www.bbmnoticias.com\/labravaradiofm\/wp-json\/wp\/v2\/media?parent=7362"}],"wp:term":[{"taxonomy":"category","embeddable":true,"href":"https:\/\/www.bbmnoticias.com\/labravaradiofm\/wp-json\/wp\/v2\/categories?post=7362"},{"taxonomy":"post_tag","embeddable":true,"href":"https:\/\/www.bbmnoticias.com\/labravaradiofm\/wp-json\/wp\/v2\/tags?post=7362"}],"curies":[{"name":"wp","href":"https:\/\/api.w.org\/{rel}","templated":true}]}}