{"id":7338,"date":"2021-12-17T12:04:21","date_gmt":"2021-12-17T18:04:21","guid":{"rendered":"https:\/\/www.bbmnoticias.com\/labravaradiofm\/?p=7338"},"modified":"2021-12-17T12:04:22","modified_gmt":"2021-12-17T18:04:22","slug":"suiza-obliga-el-regreso-al-home-office-desde-el-20-de-diciembre-para-contener-los-contagios-de-covid-19","status":"publish","type":"post","link":"https:\/\/www.bbmnoticias.com\/labravaradiofm\/2021\/12\/17\/suiza-obliga-el-regreso-al-home-office-desde-el-20-de-diciembre-para-contener-los-contagios-de-covid-19\/","title":{"rendered":"Suiza obliga el regreso al home office desde el 20 de diciembre para contener los contagios de Covid-19"},"content":{"rendered":"<div style=\"margin-top: 0px; margin-bottom: 0px;\" class=\"sharethis-inline-share-buttons\" ><\/div>\n<p>A partir del pr\u00f3ximo lunes, <strong>Suiza<\/strong> har\u00e1 obligatorio el \u201c<strong>home office<\/strong>\u201d como medida de prevenci\u00f3n contra el <strong>Covid-19<\/strong>.<\/p>\n\n\n\n<p>El gobierno de Suiza inform\u00f3 que a partir del 20 de diciembre impondr\u00e1 el home office como medida obligatoria para intentar contener la quinta ola de Covid-19 y anticipar la llegada de la variante \u00d3micron.<\/p>\n\n\n\n<p>La obligatoriedad del home office ser\u00e1 v\u00e1lida a menos de que no sea factible. En tal caso, los empleados deber\u00e1n portar el cubrebocas y conservar el distanciamiento.<\/p>\n\n\n\n<p>Con esto, Suiza se sum\u00f3 a Reino Unido en donde tambi\u00e9n se opt\u00f3 por regresar al home office a partir del pasado 13 de diciembre para prevenir contagios de Covid-19.<\/p>\n\n\n\n<h2 class=\"wp-block-heading\">Covid-19: Adem\u00e1s del home office obligatorio, \u00bfQu\u00e9 otras medidas tomar\u00e1 Suiza?<\/h2>\n\n\n\n<p>Como parte de las medidas preventivas contra el <strong>Covid-19 <\/strong>en <strong>Suiza<\/strong>, las reuniones privadas en interiores se limitar\u00e1n a un m\u00e1ximo de diez personas (ni\u00f1os incluidos) en caso de que alg\u00fan integrante de 16 o m\u00e1s a\u00f1os no est\u00e9 vacunado o recuperado.<\/p>\n\n\n\n<p>Aunque si todos los presentes est\u00e1n vacunados, el m\u00e1ximo se ampl\u00eda a 30 personas en interiores. En el caso de las reuniones al aire libre est\u00e1n restringidas a 300 personas.<\/p>\n\n\n\n<p>En este sentido, el uso de cubrebocas en las escuelas tambi\u00e9n ser\u00e1 obligatorio a partir del nivel secundaria.<\/p>\n\n\n\n<p>Respecto a las restricciones para ingresar a Suiza, los visitantes pueden elegir entre:<\/p>\n\n\n\n<ul class=\"wp-block-list\"><li>una prueba r\u00e1pida dentro de las 24 horas previas a su llegada<\/li><li>una prueba de PCR dentro de las 72 horas<\/li><\/ul>\n\n\n\n<p>Adem\u00e1s, las personas vacunadas o recuperadas recientemente ya no tendr\u00e1n que realizar una segunda prueba en los cuatro a siete d\u00edas posteriores a su ingreso al pa\u00eds.<\/p>\n\n\n\n<p>Aunque, el gobierno de Suiza indic\u00f3 que las personas vacunadas o recuperadas tendr\u00e1n algunos beneficios como el acceso al interior de:<\/p>\n\n\n\n<ul class=\"wp-block-list\"><li>restaurantes<\/li><li>establecimientos culturales<\/li><li>instalaciones deportivas o de ocio<\/li><li>otros eventos en interiores<\/li><\/ul>\n\n\n\n<p>De acuerdo con las autoridades suizas, estas medidas ayudar\u00e1n a contener los contagios de las personas no vacunadas \u201cporque transmiten m\u00e1s f\u00e1cilmente el virus y se enfrentan con mayor frecuencia a complicaciones cuando est\u00e1n contaminadas\u201d.<\/p>\n\n\n\n<p>Las autoridades de salud de <strong>Suiza<\/strong> han reportado que la mayor\u00eda de las personas contagiadas de <strong>Covid-19 <\/strong>en los servicios de cuidados intensivos no estaban vacunadas.<\/p>\n","protected":false},"excerpt":{"rendered":"<p>A partir del pr\u00f3ximo lunes, Suiza har\u00e1 obligatorio el \u201chome office\u201d como medida de prevenci\u00f3n contra el Covid-19. El gobierno de Suiza inform\u00f3 que a partir del 20 de diciembre impondr\u00e1 el home office como medida obligatoria para intentar contener la quinta ola de Covid-19 y anticipar la llegada de la variante \u00d3micron. La obligatoriedad [&hellip;]<\/p>\n","protected":false},"author":4,"featured_media":7339,"comment_status":"closed","ping_status":"closed","sticky":false,"template":"","format":"standard","meta":{"footnotes":""},"categories":[1],"tags":[],"class_list":{"0":"post-7338","1":"post","2":"type-post","3":"status-publish","4":"format-standard","5":"has-post-thumbnail","7":"category-sin-categoria"},"yoast_head":"<!-- This site is optimized with the Yoast SEO plugin v27.4 - https:\/\/yoast.com\/product\/yoast-seo-wordpress\/ -->\n<title>Suiza obliga el regreso al home office desde el 20 de diciembre para contener los contagios de Covid-19 - LA BRAVA RADIO<\/title>\n<meta name=\"robots\" content=\"index, follow, max-snippet:-1, max-image-preview:large, max-video-preview:-1\" \/>\n<link rel=\"canonical\" href=\"https:\/\/www.bbmnoticias.com\/labravaradiofm\/2021\/12\/17\/suiza-obliga-el-regreso-al-home-office-desde-el-20-de-diciembre-para-contener-los-contagios-de-covid-19\/\" \/>\n<meta property=\"og:locale\" content=\"es_MX\" \/>\n<meta property=\"og:type\" content=\"article\" \/>\n<meta property=\"og:title\" content=\"Suiza obliga el regreso al home office desde el 20 de diciembre para contener los contagios de Covid-19 - LA BRAVA RADIO\" \/>\n<meta property=\"og:description\" content=\"A partir del pr\u00f3ximo lunes, Suiza har\u00e1 obligatorio el \u201chome office\u201d como medida de prevenci\u00f3n contra el Covid-19. El gobierno de Suiza inform\u00f3 que a partir del 20 de diciembre impondr\u00e1 el home office como medida obligatoria para intentar contener la quinta ola de Covid-19 y anticipar la llegada de la variante \u00d3micron. La obligatoriedad [&hellip;]\" \/>\n<meta property=\"og:url\" content=\"https:\/\/www.bbmnoticias.com\/labravaradiofm\/2021\/12\/17\/suiza-obliga-el-regreso-al-home-office-desde-el-20-de-diciembre-para-contener-los-contagios-de-covid-19\/\" \/>\n<meta property=\"og:site_name\" content=\"LA BRAVA RADIO\" \/>\n<meta property=\"article:published_time\" content=\"2021-12-17T18:04:21+00:00\" \/>\n<meta property=\"article:modified_time\" content=\"2021-12-17T18:04:22+00:00\" \/>\n<meta property=\"og:image\" content=\"https:\/\/www.bbmnoticias.com\/labravaradiofm\/wp-content\/uploads\/sites\/5\/2021\/12\/suiza-home.jpg\" \/>\n\t<meta property=\"og:image:width\" content=\"640\" \/>\n\t<meta property=\"og:image:height\" content=\"360\" \/>\n\t<meta property=\"og:image:type\" content=\"image\/jpeg\" \/>\n<meta name=\"author\" content=\"Agencias\" \/>\n<meta name=\"twitter:card\" content=\"summary_large_image\" \/>\n<meta name=\"twitter:label1\" content=\"Escrito por\" \/>\n\t<meta name=\"twitter:data1\" content=\"Agencias\" \/>\n\t<meta name=\"twitter:label2\" content=\"Tiempo de lectura\" \/>\n\t<meta name=\"twitter:data2\" content=\"2 minutos\" \/>\n<script type=\"application\/ld+json\" class=\"yoast-schema-graph\">{\"@context\":\"https:\\\/\\\/schema.org\",\"@graph\":[{\"@type\":\"Article\",\"@id\":\"https:\\\/\\\/www.bbmnoticias.com\\\/labravaradiofm\\\/2021\\\/12\\\/17\\\/suiza-obliga-el-regreso-al-home-office-desde-el-20-de-diciembre-para-contener-los-contagios-de-covid-19\\\/#article\",\"isPartOf\":{\"@id\":\"https:\\\/\\\/www.bbmnoticias.com\\\/labravaradiofm\\\/2021\\\/12\\\/17\\\/suiza-obliga-el-regreso-al-home-office-desde-el-20-de-diciembre-para-contener-los-contagios-de-covid-19\\\/\"},\"author\":{\"name\":\"Agencias\",\"@id\":\"https:\\\/\\\/www.bbmnoticias.com\\\/labravaradiofm\\\/#\\\/schema\\\/person\\\/000bdaf0a8fb5bff0d537c4d0778e33f\"},\"headline\":\"Suiza obliga el regreso al home office desde el 20 de diciembre para contener los contagios de Covid-19\",\"datePublished\":\"2021-12-17T18:04:21+00:00\",\"dateModified\":\"2021-12-17T18:04:22+00:00\",\"mainEntityOfPage\":{\"@id\":\"https:\\\/\\\/www.bbmnoticias.com\\\/labravaradiofm\\\/2021\\\/12\\\/17\\\/suiza-obliga-el-regreso-al-home-office-desde-el-20-de-diciembre-para-contener-los-contagios-de-covid-19\\\/\"},\"wordCount\":404,\"image\":{\"@id\":\"https:\\\/\\\/www.bbmnoticias.com\\\/labravaradiofm\\\/2021\\\/12\\\/17\\\/suiza-obliga-el-regreso-al-home-office-desde-el-20-de-diciembre-para-contener-los-contagios-de-covid-19\\\/#primaryimage\"},\"thumbnailUrl\":\"https:\\\/\\\/www.bbmnoticias.com\\\/labravaradiofm\\\/wp-content\\\/uploads\\\/sites\\\/5\\\/2021\\\/12\\\/suiza-home.jpg\",\"inLanguage\":\"es\"},{\"@type\":\"WebPage\",\"@id\":\"https:\\\/\\\/www.bbmnoticias.com\\\/labravaradiofm\\\/2021\\\/12\\\/17\\\/suiza-obliga-el-regreso-al-home-office-desde-el-20-de-diciembre-para-contener-los-contagios-de-covid-19\\\/\",\"url\":\"https:\\\/\\\/www.bbmnoticias.com\\\/labravaradiofm\\\/2021\\\/12\\\/17\\\/suiza-obliga-el-regreso-al-home-office-desde-el-20-de-diciembre-para-contener-los-contagios-de-covid-19\\\/\",\"name\":\"Suiza obliga el regreso al home office desde el 20 de diciembre para contener los contagios de Covid-19 - LA BRAVA RADIO\",\"isPartOf\":{\"@id\":\"https:\\\/\\\/www.bbmnoticias.com\\\/labravaradiofm\\\/#website\"},\"primaryImageOfPage\":{\"@id\":\"https:\\\/\\\/www.bbmnoticias.com\\\/labravaradiofm\\\/2021\\\/12\\\/17\\\/suiza-obliga-el-regreso-al-home-office-desde-el-20-de-diciembre-para-contener-los-contagios-de-covid-19\\\/#primaryimage\"},\"image\":{\"@id\":\"https:\\\/\\\/www.bbmnoticias.com\\\/labravaradiofm\\\/2021\\\/12\\\/17\\\/suiza-obliga-el-regreso-al-home-office-desde-el-20-de-diciembre-para-contener-los-contagios-de-covid-19\\\/#primaryimage\"},\"thumbnailUrl\":\"https:\\\/\\\/www.bbmnoticias.com\\\/labravaradiofm\\\/wp-content\\\/uploads\\\/sites\\\/5\\\/2021\\\/12\\\/suiza-home.jpg\",\"datePublished\":\"2021-12-17T18:04:21+00:00\",\"dateModified\":\"2021-12-17T18:04:22+00:00\",\"author\":{\"@id\":\"https:\\\/\\\/www.bbmnoticias.com\\\/labravaradiofm\\\/#\\\/schema\\\/person\\\/000bdaf0a8fb5bff0d537c4d0778e33f\"},\"breadcrumb\":{\"@id\":\"https:\\\/\\\/www.bbmnoticias.com\\\/labravaradiofm\\\/2021\\\/12\\\/17\\\/suiza-obliga-el-regreso-al-home-office-desde-el-20-de-diciembre-para-contener-los-contagios-de-covid-19\\\/#breadcrumb\"},\"inLanguage\":\"es\",\"potentialAction\":[{\"@type\":\"ReadAction\",\"target\":[\"https:\\\/\\\/www.bbmnoticias.com\\\/labravaradiofm\\\/2021\\\/12\\\/17\\\/suiza-obliga-el-regreso-al-home-office-desde-el-20-de-diciembre-para-contener-los-contagios-de-covid-19\\\/\"]}]},{\"@type\":\"ImageObject\",\"inLanguage\":\"es\",\"@id\":\"https:\\\/\\\/www.bbmnoticias.com\\\/labravaradiofm\\\/2021\\\/12\\\/17\\\/suiza-obliga-el-regreso-al-home-office-desde-el-20-de-diciembre-para-contener-los-contagios-de-covid-19\\\/#primaryimage\",\"url\":\"https:\\\/\\\/www.bbmnoticias.com\\\/labravaradiofm\\\/wp-content\\\/uploads\\\/sites\\\/5\\\/2021\\\/12\\\/suiza-home.jpg\",\"contentUrl\":\"https:\\\/\\\/www.bbmnoticias.com\\\/labravaradiofm\\\/wp-content\\\/uploads\\\/sites\\\/5\\\/2021\\\/12\\\/suiza-home.jpg\",\"width\":640,\"height\":360},{\"@type\":\"BreadcrumbList\",\"@id\":\"https:\\\/\\\/www.bbmnoticias.com\\\/labravaradiofm\\\/2021\\\/12\\\/17\\\/suiza-obliga-el-regreso-al-home-office-desde-el-20-de-diciembre-para-contener-los-contagios-de-covid-19\\\/#breadcrumb\",\"itemListElement\":[{\"@type\":\"ListItem\",\"position\":1,\"name\":\"Inicio\",\"item\":\"https:\\\/\\\/www.bbmnoticias.com\\\/labravaradiofm\\\/\"},{\"@type\":\"ListItem\",\"position\":2,\"name\":\"Suiza obliga el regreso al home office desde el 20 de diciembre para contener los contagios de Covid-19\"}]},{\"@type\":\"WebSite\",\"@id\":\"https:\\\/\\\/www.bbmnoticias.com\\\/labravaradiofm\\\/#website\",\"url\":\"https:\\\/\\\/www.bbmnoticias.com\\\/labravaradiofm\\\/\",\"name\":\"LA BRAVA RADIO\",\"description\":\"Empresa productora de medios, Radiodifusi\u00f3n, Noticias, tendencias y todo lo que necesitas saber de la pol\u00edtica mexicana e internacional; entretenimiento, espect\u00e1culos, salud y mucho m\u00e1s.\",\"potentialAction\":[{\"@type\":\"SearchAction\",\"target\":{\"@type\":\"EntryPoint\",\"urlTemplate\":\"https:\\\/\\\/www.bbmnoticias.com\\\/labravaradiofm\\\/?s={search_term_string}\"},\"query-input\":{\"@type\":\"PropertyValueSpecification\",\"valueRequired\":true,\"valueName\":\"search_term_string\"}}],\"inLanguage\":\"es\"},{\"@type\":\"Person\",\"@id\":\"https:\\\/\\\/www.bbmnoticias.com\\\/labravaradiofm\\\/#\\\/schema\\\/person\\\/000bdaf0a8fb5bff0d537c4d0778e33f\",\"name\":\"Agencias\",\"image\":{\"@type\":\"ImageObject\",\"inLanguage\":\"es\",\"@id\":\"https:\\\/\\\/secure.gravatar.com\\\/avatar\\\/739e0b61adf9e398b425c36718c8752286da0e8cd90f20ce9a86678abc26aa0d?s=96&d=mm&r=g\",\"url\":\"https:\\\/\\\/secure.gravatar.com\\\/avatar\\\/739e0b61adf9e398b425c36718c8752286da0e8cd90f20ce9a86678abc26aa0d?s=96&d=mm&r=g\",\"contentUrl\":\"https:\\\/\\\/secure.gravatar.com\\\/avatar\\\/739e0b61adf9e398b425c36718c8752286da0e8cd90f20ce9a86678abc26aa0d?s=96&d=mm&r=g\",\"caption\":\"Agencias\"},\"url\":\"https:\\\/\\\/www.bbmnoticias.com\\\/labravaradiofm\\\/author\\\/agencias\\\/\"}]}<\/script>\n<!-- \/ Yoast SEO plugin. -->","yoast_head_json":{"title":"Suiza obliga el regreso al home office desde el 20 de diciembre para contener los contagios de Covid-19 - LA BRAVA RADIO","robots":{"index":"index","follow":"follow","max-snippet":"max-snippet:-1","max-image-preview":"max-image-preview:large","max-video-preview":"max-video-preview:-1"},"canonical":"https:\/\/www.bbmnoticias.com\/labravaradiofm\/2021\/12\/17\/suiza-obliga-el-regreso-al-home-office-desde-el-20-de-diciembre-para-contener-los-contagios-de-covid-19\/","og_locale":"es_MX","og_type":"article","og_title":"Suiza obliga el regreso al home office desde el 20 de diciembre para contener los contagios de Covid-19 - LA BRAVA RADIO","og_description":"A partir del pr\u00f3ximo lunes, Suiza har\u00e1 obligatorio el \u201chome office\u201d como medida de prevenci\u00f3n contra el Covid-19. El gobierno de Suiza inform\u00f3 que a partir del 20 de diciembre impondr\u00e1 el home office como medida obligatoria para intentar contener la quinta ola de Covid-19 y anticipar la llegada de la variante \u00d3micron. La obligatoriedad [&hellip;]","og_url":"https:\/\/www.bbmnoticias.com\/labravaradiofm\/2021\/12\/17\/suiza-obliga-el-regreso-al-home-office-desde-el-20-de-diciembre-para-contener-los-contagios-de-covid-19\/","og_site_name":"LA BRAVA RADIO","article_published_time":"2021-12-17T18:04:21+00:00","article_modified_time":"2021-12-17T18:04:22+00:00","og_image":[{"width":640,"height":360,"url":"https:\/\/www.bbmnoticias.com\/labravaradiofm\/wp-content\/uploads\/sites\/5\/2021\/12\/suiza-home.jpg","type":"image\/jpeg"}],"author":"Agencias","twitter_card":"summary_large_image","twitter_misc":{"Escrito por":"Agencias","Tiempo de lectura":"2 minutos"},"schema":{"@context":"https:\/\/schema.org","@graph":[{"@type":"Article","@id":"https:\/\/www.bbmnoticias.com\/labravaradiofm\/2021\/12\/17\/suiza-obliga-el-regreso-al-home-office-desde-el-20-de-diciembre-para-contener-los-contagios-de-covid-19\/#article","isPartOf":{"@id":"https:\/\/www.bbmnoticias.com\/labravaradiofm\/2021\/12\/17\/suiza-obliga-el-regreso-al-home-office-desde-el-20-de-diciembre-para-contener-los-contagios-de-covid-19\/"},"author":{"name":"Agencias","@id":"https:\/\/www.bbmnoticias.com\/labravaradiofm\/#\/schema\/person\/000bdaf0a8fb5bff0d537c4d0778e33f"},"headline":"Suiza obliga el regreso al home office desde el 20 de diciembre para contener los contagios de Covid-19","datePublished":"2021-12-17T18:04:21+00:00","dateModified":"2021-12-17T18:04:22+00:00","mainEntityOfPage":{"@id":"https:\/\/www.bbmnoticias.com\/labravaradiofm\/2021\/12\/17\/suiza-obliga-el-regreso-al-home-office-desde-el-20-de-diciembre-para-contener-los-contagios-de-covid-19\/"},"wordCount":404,"image":{"@id":"https:\/\/www.bbmnoticias.com\/labravaradiofm\/2021\/12\/17\/suiza-obliga-el-regreso-al-home-office-desde-el-20-de-diciembre-para-contener-los-contagios-de-covid-19\/#primaryimage"},"thumbnailUrl":"https:\/\/www.bbmnoticias.com\/labravaradiofm\/wp-content\/uploads\/sites\/5\/2021\/12\/suiza-home.jpg","inLanguage":"es"},{"@type":"WebPage","@id":"https:\/\/www.bbmnoticias.com\/labravaradiofm\/2021\/12\/17\/suiza-obliga-el-regreso-al-home-office-desde-el-20-de-diciembre-para-contener-los-contagios-de-covid-19\/","url":"https:\/\/www.bbmnoticias.com\/labravaradiofm\/2021\/12\/17\/suiza-obliga-el-regreso-al-home-office-desde-el-20-de-diciembre-para-contener-los-contagios-de-covid-19\/","name":"Suiza obliga el regreso al home office desde el 20 de diciembre para contener los contagios de Covid-19 - LA BRAVA RADIO","isPartOf":{"@id":"https:\/\/www.bbmnoticias.com\/labravaradiofm\/#website"},"primaryImageOfPage":{"@id":"https:\/\/www.bbmnoticias.com\/labravaradiofm\/2021\/12\/17\/suiza-obliga-el-regreso-al-home-office-desde-el-20-de-diciembre-para-contener-los-contagios-de-covid-19\/#primaryimage"},"image":{"@id":"https:\/\/www.bbmnoticias.com\/labravaradiofm\/2021\/12\/17\/suiza-obliga-el-regreso-al-home-office-desde-el-20-de-diciembre-para-contener-los-contagios-de-covid-19\/#primaryimage"},"thumbnailUrl":"https:\/\/www.bbmnoticias.com\/labravaradiofm\/wp-content\/uploads\/sites\/5\/2021\/12\/suiza-home.jpg","datePublished":"2021-12-17T18:04:21+00:00","dateModified":"2021-12-17T18:04:22+00:00","author":{"@id":"https:\/\/www.bbmnoticias.com\/labravaradiofm\/#\/schema\/person\/000bdaf0a8fb5bff0d537c4d0778e33f"},"breadcrumb":{"@id":"https:\/\/www.bbmnoticias.com\/labravaradiofm\/2021\/12\/17\/suiza-obliga-el-regreso-al-home-office-desde-el-20-de-diciembre-para-contener-los-contagios-de-covid-19\/#breadcrumb"},"inLanguage":"es","potentialAction":[{"@type":"ReadAction","target":["https:\/\/www.bbmnoticias.com\/labravaradiofm\/2021\/12\/17\/suiza-obliga-el-regreso-al-home-office-desde-el-20-de-diciembre-para-contener-los-contagios-de-covid-19\/"]}]},{"@type":"ImageObject","inLanguage":"es","@id":"https:\/\/www.bbmnoticias.com\/labravaradiofm\/2021\/12\/17\/suiza-obliga-el-regreso-al-home-office-desde-el-20-de-diciembre-para-contener-los-contagios-de-covid-19\/#primaryimage","url":"https:\/\/www.bbmnoticias.com\/labravaradiofm\/wp-content\/uploads\/sites\/5\/2021\/12\/suiza-home.jpg","contentUrl":"https:\/\/www.bbmnoticias.com\/labravaradiofm\/wp-content\/uploads\/sites\/5\/2021\/12\/suiza-home.jpg","width":640,"height":360},{"@type":"BreadcrumbList","@id":"https:\/\/www.bbmnoticias.com\/labravaradiofm\/2021\/12\/17\/suiza-obliga-el-regreso-al-home-office-desde-el-20-de-diciembre-para-contener-los-contagios-de-covid-19\/#breadcrumb","itemListElement":[{"@type":"ListItem","position":1,"name":"Inicio","item":"https:\/\/www.bbmnoticias.com\/labravaradiofm\/"},{"@type":"ListItem","position":2,"name":"Suiza obliga el regreso al home office desde el 20 de diciembre para contener los contagios de Covid-19"}]},{"@type":"WebSite","@id":"https:\/\/www.bbmnoticias.com\/labravaradiofm\/#website","url":"https:\/\/www.bbmnoticias.com\/labravaradiofm\/","name":"LA BRAVA RADIO","description":"Empresa productora de medios, Radiodifusi\u00f3n, Noticias, tendencias y todo lo que necesitas saber de la pol\u00edtica mexicana e internacional; entretenimiento, espect\u00e1culos, salud y mucho m\u00e1s.","potentialAction":[{"@type":"SearchAction","target":{"@type":"EntryPoint","urlTemplate":"https:\/\/www.bbmnoticias.com\/labravaradiofm\/?s={search_term_string}"},"query-input":{"@type":"PropertyValueSpecification","valueRequired":true,"valueName":"search_term_string"}}],"inLanguage":"es"},{"@type":"Person","@id":"https:\/\/www.bbmnoticias.com\/labravaradiofm\/#\/schema\/person\/000bdaf0a8fb5bff0d537c4d0778e33f","name":"Agencias","image":{"@type":"ImageObject","inLanguage":"es","@id":"https:\/\/secure.gravatar.com\/avatar\/739e0b61adf9e398b425c36718c8752286da0e8cd90f20ce9a86678abc26aa0d?s=96&d=mm&r=g","url":"https:\/\/secure.gravatar.com\/avatar\/739e0b61adf9e398b425c36718c8752286da0e8cd90f20ce9a86678abc26aa0d?s=96&d=mm&r=g","contentUrl":"https:\/\/secure.gravatar.com\/avatar\/739e0b61adf9e398b425c36718c8752286da0e8cd90f20ce9a86678abc26aa0d?s=96&d=mm&r=g","caption":"Agencias"},"url":"https:\/\/www.bbmnoticias.com\/labravaradiofm\/author\/agencias\/"}]}},"_links":{"self":[{"href":"https:\/\/www.bbmnoticias.com\/labravaradiofm\/wp-json\/wp\/v2\/posts\/7338","targetHints":{"allow":["GET"]}}],"collection":[{"href":"https:\/\/www.bbmnoticias.com\/labravaradiofm\/wp-json\/wp\/v2\/posts"}],"about":[{"href":"https:\/\/www.bbmnoticias.com\/labravaradiofm\/wp-json\/wp\/v2\/types\/post"}],"author":[{"embeddable":true,"href":"https:\/\/www.bbmnoticias.com\/labravaradiofm\/wp-json\/wp\/v2\/users\/4"}],"replies":[{"embeddable":true,"href":"https:\/\/www.bbmnoticias.com\/labravaradiofm\/wp-json\/wp\/v2\/comments?post=7338"}],"version-history":[{"count":0,"href":"https:\/\/www.bbmnoticias.com\/labravaradiofm\/wp-json\/wp\/v2\/posts\/7338\/revisions"}],"wp:featuredmedia":[{"embeddable":true,"href":"https:\/\/www.bbmnoticias.com\/labravaradiofm\/wp-json\/wp\/v2\/media\/7339"}],"wp:attachment":[{"href":"https:\/\/www.bbmnoticias.com\/labravaradiofm\/wp-json\/wp\/v2\/media?parent=7338"}],"wp:term":[{"taxonomy":"category","embeddable":true,"href":"https:\/\/www.bbmnoticias.com\/labravaradiofm\/wp-json\/wp\/v2\/categories?post=7338"},{"taxonomy":"post_tag","embeddable":true,"href":"https:\/\/www.bbmnoticias.com\/labravaradiofm\/wp-json\/wp\/v2\/tags?post=7338"}],"curies":[{"name":"wp","href":"https:\/\/api.w.org\/{rel}","templated":true}]}}