{"id":7319,"date":"2021-12-16T18:39:27","date_gmt":"2021-12-17T00:39:27","guid":{"rendered":"https:\/\/www.bbmnoticias.com\/labravaradiofm\/?p=7319"},"modified":"2021-12-16T18:39:28","modified_gmt":"2021-12-17T00:39:28","slug":"diego-sinhue-gobernador-de-guanajuato-plantea-dar-fin-a-la-alianza-federalista","status":"publish","type":"post","link":"https:\/\/www.bbmnoticias.com\/labravaradiofm\/2021\/12\/16\/diego-sinhue-gobernador-de-guanajuato-plantea-dar-fin-a-la-alianza-federalista\/","title":{"rendered":"Diego Sinhue, Gobernador de Guanajuato, plantea dar fin a la Alianza Federalista"},"content":{"rendered":"<div style=\"margin-top: 0px; margin-bottom: 0px;\" class=\"sharethis-inline-share-buttons\" ><\/div>\n<p><strong>Diego Sinhue, Gobernador de Guanajuato<\/strong>, plante\u00f3 dar fin a la <strong>Alianza Federalista<\/strong>, en la que se aglutinan varios de los gobernadores de oposici\u00f3n.<\/p>\n\n\n\n<p>As\u00ed lo inform\u00f3 Diego Sinhue luego de que anunci\u00f3 que el estado de Guanajuato volver\u00e1 a integrarse a la Conferencia Nacional de Gobernadores (<strong>Conago<\/strong>).<\/p>\n\n\n\n<h2 class=\"wp-block-heading\">Alianza Federalista podr\u00eda tener una \u201csana sepultura\u201d, refiere Diego Sinhue<\/h2>\n\n\n\n<p>Sobre la posibilidad de dar fin a la Alianza Federalista, Diego Sinhue se\u00f1al\u00f3 que proyectar\u00e1 su futuro, pues dijo que se le podr\u00eda dar \u201csana sepultura\u201d, aunque tambi\u00e9n indic\u00f3 que tal vez se invitar\u00e1n a otros gobernadores.<\/p>\n\n\n\n<p>Pese a que plante\u00f3 que la Alianza Federalista podr\u00eda llegar a su fin, Diego Sinhue asegur\u00f3 que el proyecto <strong>arroj\u00f3 buenos resultados<\/strong>.<\/p>\n\n\n\n<p>No obstante, el gobernador de Guanajuato reconoci\u00f3 que en la actualidad la Alianza Federalista ya se encuentra \u201cun poco desdibujada\u201d, al recordar que varios de los miembros ya no son parte del bloque, pues ya tampoco son gobernadores.<\/p>\n\n\n\n<p>Las declaraciones de Diego Sinhue se dieron en el marco de su participaci\u00f3n en la reuni\u00f3n de este 16 de diciembre de la Conago.<\/p>\n\n\n\n<p>Al llegar a la sede del encuentro entre los gobernadores y el presidente Andr\u00e9s Manuel L\u00f3pez Obrador (AMLO), Diego Sinhue fue cuestionado sobre el futuro y los resultados de la Alianza Federalista.<\/p>\n\n\n\n<p>El gobernador de Guanajuato asegur\u00f3 que la Alianza Federalista se trat\u00f3 de un ejercicio que cumpli\u00f3 con sus objetivos, por lo cual destac\u00f3 que se analizar\u00e1 lo que se har\u00e1 a futuro para que se continu\u00e9 con el apoyo.<\/p>\n\n\n\n<h2 class=\"wp-block-heading\">Alianza Federalista no se ha reunido porque varios miembros ya no son gobernadores<\/h2>\n\n\n\n<p>En su declaraci\u00f3n, <strong>Diego Sinhue, gobernador de Guanajuato<\/strong> destac\u00f3 que ya no se han establecido reuniones con la Alianza Federalista debido a que varios miembros ya no est\u00e1n en sus cargos.<\/p>\n\n\n\n<p>Al respecto, record\u00f3 que Jaime Rodr\u00edguez Calder\u00f3n, Silvano Aureoles, Javier Corral e Ignacio Peralta ya no son gobernadores de sus respectivos estados.<\/p>\n\n\n\n<p>Ante ello, indic\u00f3 que plantear\u00e1 junto a Javier Garc\u00eda Cabeza de Vaca, Miguel Riquelme y Jos\u00e9 Rosas Aispuro el futuro que tendr\u00e1 el bloque opositor.<\/p>\n","protected":false},"excerpt":{"rendered":"<p>Diego Sinhue, Gobernador de Guanajuato, plante\u00f3 dar fin a la Alianza Federalista, en la que se aglutinan varios de los gobernadores de oposici\u00f3n. As\u00ed lo inform\u00f3 Diego Sinhue luego de que anunci\u00f3 que el estado de Guanajuato volver\u00e1 a integrarse a la Conferencia Nacional de Gobernadores (Conago). Alianza Federalista podr\u00eda tener una \u201csana sepultura\u201d, refiere [&hellip;]<\/p>\n","protected":false},"author":12,"featured_media":7320,"comment_status":"closed","ping_status":"closed","sticky":false,"template":"","format":"standard","meta":{"footnotes":""},"categories":[1],"tags":[],"class_list":{"0":"post-7319","1":"post","2":"type-post","3":"status-publish","4":"format-standard","5":"has-post-thumbnail","7":"category-sin-categoria"},"yoast_head":"<!-- This site is optimized with the Yoast SEO plugin v27.4 - https:\/\/yoast.com\/product\/yoast-seo-wordpress\/ -->\n<title>Diego Sinhue, Gobernador de Guanajuato, plantea dar fin a la Alianza Federalista - LA BRAVA RADIO<\/title>\n<meta name=\"robots\" content=\"index, follow, max-snippet:-1, max-image-preview:large, max-video-preview:-1\" \/>\n<link rel=\"canonical\" href=\"https:\/\/www.bbmnoticias.com\/labravaradiofm\/2021\/12\/16\/diego-sinhue-gobernador-de-guanajuato-plantea-dar-fin-a-la-alianza-federalista\/\" \/>\n<meta property=\"og:locale\" content=\"es_MX\" \/>\n<meta property=\"og:type\" content=\"article\" \/>\n<meta property=\"og:title\" content=\"Diego Sinhue, Gobernador de Guanajuato, plantea dar fin a la Alianza Federalista - LA BRAVA RADIO\" \/>\n<meta property=\"og:description\" content=\"Diego Sinhue, Gobernador de Guanajuato, plante\u00f3 dar fin a la Alianza Federalista, en la que se aglutinan varios de los gobernadores de oposici\u00f3n. As\u00ed lo inform\u00f3 Diego Sinhue luego de que anunci\u00f3 que el estado de Guanajuato volver\u00e1 a integrarse a la Conferencia Nacional de Gobernadores (Conago). Alianza Federalista podr\u00eda tener una \u201csana sepultura\u201d, refiere [&hellip;]\" \/>\n<meta property=\"og:url\" content=\"https:\/\/www.bbmnoticias.com\/labravaradiofm\/2021\/12\/16\/diego-sinhue-gobernador-de-guanajuato-plantea-dar-fin-a-la-alianza-federalista\/\" \/>\n<meta property=\"og:site_name\" content=\"LA BRAVA RADIO\" \/>\n<meta property=\"article:published_time\" content=\"2021-12-17T00:39:27+00:00\" \/>\n<meta property=\"article:modified_time\" content=\"2021-12-17T00:39:28+00:00\" \/>\n<meta property=\"og:image\" content=\"https:\/\/www.bbmnoticias.com\/labravaradiofm\/wp-content\/uploads\/sites\/5\/2021\/12\/diego-finalianza.jpg\" \/>\n\t<meta property=\"og:image:width\" content=\"640\" \/>\n\t<meta property=\"og:image:height\" content=\"360\" \/>\n\t<meta property=\"og:image:type\" content=\"image\/jpeg\" \/>\n<meta name=\"author\" content=\"SDPnoticias\" \/>\n<meta name=\"twitter:card\" content=\"summary_large_image\" \/>\n<meta name=\"twitter:label1\" content=\"Escrito por\" \/>\n\t<meta name=\"twitter:data1\" content=\"SDPnoticias\" \/>\n\t<meta name=\"twitter:label2\" content=\"Tiempo de lectura\" \/>\n\t<meta name=\"twitter:data2\" content=\"2 minutos\" \/>\n<script type=\"application\/ld+json\" class=\"yoast-schema-graph\">{\"@context\":\"https:\\\/\\\/schema.org\",\"@graph\":[{\"@type\":\"Article\",\"@id\":\"https:\\\/\\\/www.bbmnoticias.com\\\/labravaradiofm\\\/2021\\\/12\\\/16\\\/diego-sinhue-gobernador-de-guanajuato-plantea-dar-fin-a-la-alianza-federalista\\\/#article\",\"isPartOf\":{\"@id\":\"https:\\\/\\\/www.bbmnoticias.com\\\/labravaradiofm\\\/2021\\\/12\\\/16\\\/diego-sinhue-gobernador-de-guanajuato-plantea-dar-fin-a-la-alianza-federalista\\\/\"},\"author\":{\"name\":\"SDPnoticias\",\"@id\":\"https:\\\/\\\/www.bbmnoticias.com\\\/labravaradiofm\\\/#\\\/schema\\\/person\\\/baf240d77a345f5fbc3dc146f9161af9\"},\"headline\":\"Diego Sinhue, Gobernador de Guanajuato, plantea dar fin a la Alianza Federalista\",\"datePublished\":\"2021-12-17T00:39:27+00:00\",\"dateModified\":\"2021-12-17T00:39:28+00:00\",\"mainEntityOfPage\":{\"@id\":\"https:\\\/\\\/www.bbmnoticias.com\\\/labravaradiofm\\\/2021\\\/12\\\/16\\\/diego-sinhue-gobernador-de-guanajuato-plantea-dar-fin-a-la-alianza-federalista\\\/\"},\"wordCount\":367,\"image\":{\"@id\":\"https:\\\/\\\/www.bbmnoticias.com\\\/labravaradiofm\\\/2021\\\/12\\\/16\\\/diego-sinhue-gobernador-de-guanajuato-plantea-dar-fin-a-la-alianza-federalista\\\/#primaryimage\"},\"thumbnailUrl\":\"https:\\\/\\\/www.bbmnoticias.com\\\/labravaradiofm\\\/wp-content\\\/uploads\\\/sites\\\/5\\\/2021\\\/12\\\/diego-finalianza.jpg\",\"inLanguage\":\"es\"},{\"@type\":\"WebPage\",\"@id\":\"https:\\\/\\\/www.bbmnoticias.com\\\/labravaradiofm\\\/2021\\\/12\\\/16\\\/diego-sinhue-gobernador-de-guanajuato-plantea-dar-fin-a-la-alianza-federalista\\\/\",\"url\":\"https:\\\/\\\/www.bbmnoticias.com\\\/labravaradiofm\\\/2021\\\/12\\\/16\\\/diego-sinhue-gobernador-de-guanajuato-plantea-dar-fin-a-la-alianza-federalista\\\/\",\"name\":\"Diego Sinhue, Gobernador de Guanajuato, plantea dar fin a la Alianza Federalista - LA BRAVA RADIO\",\"isPartOf\":{\"@id\":\"https:\\\/\\\/www.bbmnoticias.com\\\/labravaradiofm\\\/#website\"},\"primaryImageOfPage\":{\"@id\":\"https:\\\/\\\/www.bbmnoticias.com\\\/labravaradiofm\\\/2021\\\/12\\\/16\\\/diego-sinhue-gobernador-de-guanajuato-plantea-dar-fin-a-la-alianza-federalista\\\/#primaryimage\"},\"image\":{\"@id\":\"https:\\\/\\\/www.bbmnoticias.com\\\/labravaradiofm\\\/2021\\\/12\\\/16\\\/diego-sinhue-gobernador-de-guanajuato-plantea-dar-fin-a-la-alianza-federalista\\\/#primaryimage\"},\"thumbnailUrl\":\"https:\\\/\\\/www.bbmnoticias.com\\\/labravaradiofm\\\/wp-content\\\/uploads\\\/sites\\\/5\\\/2021\\\/12\\\/diego-finalianza.jpg\",\"datePublished\":\"2021-12-17T00:39:27+00:00\",\"dateModified\":\"2021-12-17T00:39:28+00:00\",\"author\":{\"@id\":\"https:\\\/\\\/www.bbmnoticias.com\\\/labravaradiofm\\\/#\\\/schema\\\/person\\\/baf240d77a345f5fbc3dc146f9161af9\"},\"breadcrumb\":{\"@id\":\"https:\\\/\\\/www.bbmnoticias.com\\\/labravaradiofm\\\/2021\\\/12\\\/16\\\/diego-sinhue-gobernador-de-guanajuato-plantea-dar-fin-a-la-alianza-federalista\\\/#breadcrumb\"},\"inLanguage\":\"es\",\"potentialAction\":[{\"@type\":\"ReadAction\",\"target\":[\"https:\\\/\\\/www.bbmnoticias.com\\\/labravaradiofm\\\/2021\\\/12\\\/16\\\/diego-sinhue-gobernador-de-guanajuato-plantea-dar-fin-a-la-alianza-federalista\\\/\"]}]},{\"@type\":\"ImageObject\",\"inLanguage\":\"es\",\"@id\":\"https:\\\/\\\/www.bbmnoticias.com\\\/labravaradiofm\\\/2021\\\/12\\\/16\\\/diego-sinhue-gobernador-de-guanajuato-plantea-dar-fin-a-la-alianza-federalista\\\/#primaryimage\",\"url\":\"https:\\\/\\\/www.bbmnoticias.com\\\/labravaradiofm\\\/wp-content\\\/uploads\\\/sites\\\/5\\\/2021\\\/12\\\/diego-finalianza.jpg\",\"contentUrl\":\"https:\\\/\\\/www.bbmnoticias.com\\\/labravaradiofm\\\/wp-content\\\/uploads\\\/sites\\\/5\\\/2021\\\/12\\\/diego-finalianza.jpg\",\"width\":640,\"height\":360},{\"@type\":\"BreadcrumbList\",\"@id\":\"https:\\\/\\\/www.bbmnoticias.com\\\/labravaradiofm\\\/2021\\\/12\\\/16\\\/diego-sinhue-gobernador-de-guanajuato-plantea-dar-fin-a-la-alianza-federalista\\\/#breadcrumb\",\"itemListElement\":[{\"@type\":\"ListItem\",\"position\":1,\"name\":\"Inicio\",\"item\":\"https:\\\/\\\/www.bbmnoticias.com\\\/labravaradiofm\\\/\"},{\"@type\":\"ListItem\",\"position\":2,\"name\":\"Diego Sinhue, Gobernador de Guanajuato, plantea dar fin a la Alianza Federalista\"}]},{\"@type\":\"WebSite\",\"@id\":\"https:\\\/\\\/www.bbmnoticias.com\\\/labravaradiofm\\\/#website\",\"url\":\"https:\\\/\\\/www.bbmnoticias.com\\\/labravaradiofm\\\/\",\"name\":\"LA BRAVA RADIO\",\"description\":\"Empresa productora de medios, Radiodifusi\u00f3n, Noticias, tendencias y todo lo que necesitas saber de la pol\u00edtica mexicana e internacional; entretenimiento, espect\u00e1culos, salud y mucho m\u00e1s.\",\"potentialAction\":[{\"@type\":\"SearchAction\",\"target\":{\"@type\":\"EntryPoint\",\"urlTemplate\":\"https:\\\/\\\/www.bbmnoticias.com\\\/labravaradiofm\\\/?s={search_term_string}\"},\"query-input\":{\"@type\":\"PropertyValueSpecification\",\"valueRequired\":true,\"valueName\":\"search_term_string\"}}],\"inLanguage\":\"es\"},{\"@type\":\"Person\",\"@id\":\"https:\\\/\\\/www.bbmnoticias.com\\\/labravaradiofm\\\/#\\\/schema\\\/person\\\/baf240d77a345f5fbc3dc146f9161af9\",\"name\":\"SDPnoticias\",\"image\":{\"@type\":\"ImageObject\",\"inLanguage\":\"es\",\"@id\":\"https:\\\/\\\/secure.gravatar.com\\\/avatar\\\/015ede9175a06d999d8b2b09e108b48c9e008e4ee44a647956086b51bbce326c?s=96&d=mm&r=g\",\"url\":\"https:\\\/\\\/secure.gravatar.com\\\/avatar\\\/015ede9175a06d999d8b2b09e108b48c9e008e4ee44a647956086b51bbce326c?s=96&d=mm&r=g\",\"contentUrl\":\"https:\\\/\\\/secure.gravatar.com\\\/avatar\\\/015ede9175a06d999d8b2b09e108b48c9e008e4ee44a647956086b51bbce326c?s=96&d=mm&r=g\",\"caption\":\"SDPnoticias\"},\"url\":\"https:\\\/\\\/www.bbmnoticias.com\\\/labravaradiofm\\\/author\\\/sdpnoticias\\\/\"}]}<\/script>\n<!-- \/ Yoast SEO plugin. -->","yoast_head_json":{"title":"Diego Sinhue, Gobernador de Guanajuato, plantea dar fin a la Alianza Federalista - LA BRAVA RADIO","robots":{"index":"index","follow":"follow","max-snippet":"max-snippet:-1","max-image-preview":"max-image-preview:large","max-video-preview":"max-video-preview:-1"},"canonical":"https:\/\/www.bbmnoticias.com\/labravaradiofm\/2021\/12\/16\/diego-sinhue-gobernador-de-guanajuato-plantea-dar-fin-a-la-alianza-federalista\/","og_locale":"es_MX","og_type":"article","og_title":"Diego Sinhue, Gobernador de Guanajuato, plantea dar fin a la Alianza Federalista - LA BRAVA RADIO","og_description":"Diego Sinhue, Gobernador de Guanajuato, plante\u00f3 dar fin a la Alianza Federalista, en la que se aglutinan varios de los gobernadores de oposici\u00f3n. As\u00ed lo inform\u00f3 Diego Sinhue luego de que anunci\u00f3 que el estado de Guanajuato volver\u00e1 a integrarse a la Conferencia Nacional de Gobernadores (Conago). Alianza Federalista podr\u00eda tener una \u201csana sepultura\u201d, refiere [&hellip;]","og_url":"https:\/\/www.bbmnoticias.com\/labravaradiofm\/2021\/12\/16\/diego-sinhue-gobernador-de-guanajuato-plantea-dar-fin-a-la-alianza-federalista\/","og_site_name":"LA BRAVA RADIO","article_published_time":"2021-12-17T00:39:27+00:00","article_modified_time":"2021-12-17T00:39:28+00:00","og_image":[{"width":640,"height":360,"url":"https:\/\/www.bbmnoticias.com\/labravaradiofm\/wp-content\/uploads\/sites\/5\/2021\/12\/diego-finalianza.jpg","type":"image\/jpeg"}],"author":"SDPnoticias","twitter_card":"summary_large_image","twitter_misc":{"Escrito por":"SDPnoticias","Tiempo de lectura":"2 minutos"},"schema":{"@context":"https:\/\/schema.org","@graph":[{"@type":"Article","@id":"https:\/\/www.bbmnoticias.com\/labravaradiofm\/2021\/12\/16\/diego-sinhue-gobernador-de-guanajuato-plantea-dar-fin-a-la-alianza-federalista\/#article","isPartOf":{"@id":"https:\/\/www.bbmnoticias.com\/labravaradiofm\/2021\/12\/16\/diego-sinhue-gobernador-de-guanajuato-plantea-dar-fin-a-la-alianza-federalista\/"},"author":{"name":"SDPnoticias","@id":"https:\/\/www.bbmnoticias.com\/labravaradiofm\/#\/schema\/person\/baf240d77a345f5fbc3dc146f9161af9"},"headline":"Diego Sinhue, Gobernador de Guanajuato, plantea dar fin a la Alianza Federalista","datePublished":"2021-12-17T00:39:27+00:00","dateModified":"2021-12-17T00:39:28+00:00","mainEntityOfPage":{"@id":"https:\/\/www.bbmnoticias.com\/labravaradiofm\/2021\/12\/16\/diego-sinhue-gobernador-de-guanajuato-plantea-dar-fin-a-la-alianza-federalista\/"},"wordCount":367,"image":{"@id":"https:\/\/www.bbmnoticias.com\/labravaradiofm\/2021\/12\/16\/diego-sinhue-gobernador-de-guanajuato-plantea-dar-fin-a-la-alianza-federalista\/#primaryimage"},"thumbnailUrl":"https:\/\/www.bbmnoticias.com\/labravaradiofm\/wp-content\/uploads\/sites\/5\/2021\/12\/diego-finalianza.jpg","inLanguage":"es"},{"@type":"WebPage","@id":"https:\/\/www.bbmnoticias.com\/labravaradiofm\/2021\/12\/16\/diego-sinhue-gobernador-de-guanajuato-plantea-dar-fin-a-la-alianza-federalista\/","url":"https:\/\/www.bbmnoticias.com\/labravaradiofm\/2021\/12\/16\/diego-sinhue-gobernador-de-guanajuato-plantea-dar-fin-a-la-alianza-federalista\/","name":"Diego Sinhue, Gobernador de Guanajuato, plantea dar fin a la Alianza Federalista - LA BRAVA RADIO","isPartOf":{"@id":"https:\/\/www.bbmnoticias.com\/labravaradiofm\/#website"},"primaryImageOfPage":{"@id":"https:\/\/www.bbmnoticias.com\/labravaradiofm\/2021\/12\/16\/diego-sinhue-gobernador-de-guanajuato-plantea-dar-fin-a-la-alianza-federalista\/#primaryimage"},"image":{"@id":"https:\/\/www.bbmnoticias.com\/labravaradiofm\/2021\/12\/16\/diego-sinhue-gobernador-de-guanajuato-plantea-dar-fin-a-la-alianza-federalista\/#primaryimage"},"thumbnailUrl":"https:\/\/www.bbmnoticias.com\/labravaradiofm\/wp-content\/uploads\/sites\/5\/2021\/12\/diego-finalianza.jpg","datePublished":"2021-12-17T00:39:27+00:00","dateModified":"2021-12-17T00:39:28+00:00","author":{"@id":"https:\/\/www.bbmnoticias.com\/labravaradiofm\/#\/schema\/person\/baf240d77a345f5fbc3dc146f9161af9"},"breadcrumb":{"@id":"https:\/\/www.bbmnoticias.com\/labravaradiofm\/2021\/12\/16\/diego-sinhue-gobernador-de-guanajuato-plantea-dar-fin-a-la-alianza-federalista\/#breadcrumb"},"inLanguage":"es","potentialAction":[{"@type":"ReadAction","target":["https:\/\/www.bbmnoticias.com\/labravaradiofm\/2021\/12\/16\/diego-sinhue-gobernador-de-guanajuato-plantea-dar-fin-a-la-alianza-federalista\/"]}]},{"@type":"ImageObject","inLanguage":"es","@id":"https:\/\/www.bbmnoticias.com\/labravaradiofm\/2021\/12\/16\/diego-sinhue-gobernador-de-guanajuato-plantea-dar-fin-a-la-alianza-federalista\/#primaryimage","url":"https:\/\/www.bbmnoticias.com\/labravaradiofm\/wp-content\/uploads\/sites\/5\/2021\/12\/diego-finalianza.jpg","contentUrl":"https:\/\/www.bbmnoticias.com\/labravaradiofm\/wp-content\/uploads\/sites\/5\/2021\/12\/diego-finalianza.jpg","width":640,"height":360},{"@type":"BreadcrumbList","@id":"https:\/\/www.bbmnoticias.com\/labravaradiofm\/2021\/12\/16\/diego-sinhue-gobernador-de-guanajuato-plantea-dar-fin-a-la-alianza-federalista\/#breadcrumb","itemListElement":[{"@type":"ListItem","position":1,"name":"Inicio","item":"https:\/\/www.bbmnoticias.com\/labravaradiofm\/"},{"@type":"ListItem","position":2,"name":"Diego Sinhue, Gobernador de Guanajuato, plantea dar fin a la Alianza Federalista"}]},{"@type":"WebSite","@id":"https:\/\/www.bbmnoticias.com\/labravaradiofm\/#website","url":"https:\/\/www.bbmnoticias.com\/labravaradiofm\/","name":"LA BRAVA RADIO","description":"Empresa productora de medios, Radiodifusi\u00f3n, Noticias, tendencias y todo lo que necesitas saber de la pol\u00edtica mexicana e internacional; entretenimiento, espect\u00e1culos, salud y mucho m\u00e1s.","potentialAction":[{"@type":"SearchAction","target":{"@type":"EntryPoint","urlTemplate":"https:\/\/www.bbmnoticias.com\/labravaradiofm\/?s={search_term_string}"},"query-input":{"@type":"PropertyValueSpecification","valueRequired":true,"valueName":"search_term_string"}}],"inLanguage":"es"},{"@type":"Person","@id":"https:\/\/www.bbmnoticias.com\/labravaradiofm\/#\/schema\/person\/baf240d77a345f5fbc3dc146f9161af9","name":"SDPnoticias","image":{"@type":"ImageObject","inLanguage":"es","@id":"https:\/\/secure.gravatar.com\/avatar\/015ede9175a06d999d8b2b09e108b48c9e008e4ee44a647956086b51bbce326c?s=96&d=mm&r=g","url":"https:\/\/secure.gravatar.com\/avatar\/015ede9175a06d999d8b2b09e108b48c9e008e4ee44a647956086b51bbce326c?s=96&d=mm&r=g","contentUrl":"https:\/\/secure.gravatar.com\/avatar\/015ede9175a06d999d8b2b09e108b48c9e008e4ee44a647956086b51bbce326c?s=96&d=mm&r=g","caption":"SDPnoticias"},"url":"https:\/\/www.bbmnoticias.com\/labravaradiofm\/author\/sdpnoticias\/"}]}},"_links":{"self":[{"href":"https:\/\/www.bbmnoticias.com\/labravaradiofm\/wp-json\/wp\/v2\/posts\/7319","targetHints":{"allow":["GET"]}}],"collection":[{"href":"https:\/\/www.bbmnoticias.com\/labravaradiofm\/wp-json\/wp\/v2\/posts"}],"about":[{"href":"https:\/\/www.bbmnoticias.com\/labravaradiofm\/wp-json\/wp\/v2\/types\/post"}],"author":[{"embeddable":true,"href":"https:\/\/www.bbmnoticias.com\/labravaradiofm\/wp-json\/wp\/v2\/users\/12"}],"replies":[{"embeddable":true,"href":"https:\/\/www.bbmnoticias.com\/labravaradiofm\/wp-json\/wp\/v2\/comments?post=7319"}],"version-history":[{"count":0,"href":"https:\/\/www.bbmnoticias.com\/labravaradiofm\/wp-json\/wp\/v2\/posts\/7319\/revisions"}],"wp:featuredmedia":[{"embeddable":true,"href":"https:\/\/www.bbmnoticias.com\/labravaradiofm\/wp-json\/wp\/v2\/media\/7320"}],"wp:attachment":[{"href":"https:\/\/www.bbmnoticias.com\/labravaradiofm\/wp-json\/wp\/v2\/media?parent=7319"}],"wp:term":[{"taxonomy":"category","embeddable":true,"href":"https:\/\/www.bbmnoticias.com\/labravaradiofm\/wp-json\/wp\/v2\/categories?post=7319"},{"taxonomy":"post_tag","embeddable":true,"href":"https:\/\/www.bbmnoticias.com\/labravaradiofm\/wp-json\/wp\/v2\/tags?post=7319"}],"curies":[{"name":"wp","href":"https:\/\/api.w.org\/{rel}","templated":true}]}}