{"id":7315,"date":"2021-12-16T18:35:30","date_gmt":"2021-12-17T00:35:30","guid":{"rendered":"https:\/\/www.bbmnoticias.com\/labravaradiofm\/?p=7315"},"modified":"2021-12-16T18:35:31","modified_gmt":"2021-12-17T00:35:31","slug":"respaldo-y-continuidad-al-trabajo-legislativo-de-salomon-jara-afirma-adolfo-gomez-al-asumir-como-senador-de-la-republica","status":"publish","type":"post","link":"https:\/\/www.bbmnoticias.com\/labravaradiofm\/2021\/12\/16\/respaldo-y-continuidad-al-trabajo-legislativo-de-salomon-jara-afirma-adolfo-gomez-al-asumir-como-senador-de-la-republica\/","title":{"rendered":"Respaldo y continuidad al trabajo legislativo de Salom\u00f3n Jara, afirma Adolfo G\u00f3mez al asumir como Senador de la Rep\u00fablica."},"content":{"rendered":"<div style=\"margin-top: 0px; margin-bottom: 0px;\" class=\"sharethis-inline-share-buttons\" ><\/div>\n<p>*El ahora legislador resalt\u00f3 el trabajo de Jara Cruz por Oaxaca.<\/p>\n\n\n\n<p>Ciudad de M\u00e9xico a 16 de diciembre de 2021.- Esta semana se concret\u00f3 el anuncio que previamente hab\u00eda realizado el Senador Salom\u00f3n Jara Cruz a trav\u00e9s de sus redes sociales, al solicitar licencia para poder separarse de su cargo.<\/p>\n\n\n\n<p>La tarde de ayer se dio a conocer que la solicitud de licencia fue aceptada, por su parte, el ahora Senador de la Rep\u00fablica Adolfo G\u00f3mez originario de San Juan Mixtepec en la regi\u00f3n Mixteca, hizo una breve declaraci\u00f3n en la que destac\u00f3 los trabajos impulsados por Salom\u00f3n Jara.<\/p>\n\n\n\n<p>Es un oaxaque\u00f1o ejemplar, que ha sabido trabajar constantemente por nuestro querido pueblo de Oaxaca, con esa pasi\u00f3n por impulsar el desarrollo de las comunidades y las zonas marginadas de nuestra entidad, ahora trabajar\u00e9 para honrar y dar continuidad a la gran tarea que inici\u00f3 y seguir\u00e9 apoy\u00e1ndolo desde el senado, pues su labor continuar\u00e1 a favor de las y los oaxaque\u00f1os, coment\u00f3 el abogado Adolfo G\u00f3mez Hern\u00e1ndez, al se\u00f1alar la importancia de la labor legislativa de Salom\u00f3n Jara.<\/p>\n\n\n\n<p><\/p>\n\n\n\n<figure class=\"wp-block-image size-large\"><img loading=\"lazy\" decoding=\"async\" width=\"1024\" height=\"683\" src=\"https:\/\/www.bbmnoticias.com\/labravaradiofm\/wp-content\/uploads\/sites\/5\/2021\/12\/adolfo-gomez1612-1024x683.jpg\" alt=\"\" class=\"wp-image-7317\" srcset=\"https:\/\/www.bbmnoticias.com\/labravaradiofm\/wp-content\/uploads\/sites\/5\/2021\/12\/adolfo-gomez1612-1024x683.jpg 1024w, https:\/\/www.bbmnoticias.com\/labravaradiofm\/wp-content\/uploads\/sites\/5\/2021\/12\/adolfo-gomez1612-300x200.jpg 300w, https:\/\/www.bbmnoticias.com\/labravaradiofm\/wp-content\/uploads\/sites\/5\/2021\/12\/adolfo-gomez1612-768x512.jpg 768w, https:\/\/www.bbmnoticias.com\/labravaradiofm\/wp-content\/uploads\/sites\/5\/2021\/12\/adolfo-gomez1612-630x420.jpg 630w, https:\/\/www.bbmnoticias.com\/labravaradiofm\/wp-content\/uploads\/sites\/5\/2021\/12\/adolfo-gomez1612-640x427.jpg 640w, https:\/\/www.bbmnoticias.com\/labravaradiofm\/wp-content\/uploads\/sites\/5\/2021\/12\/adolfo-gomez1612-681x454.jpg 681w, https:\/\/www.bbmnoticias.com\/labravaradiofm\/wp-content\/uploads\/sites\/5\/2021\/12\/adolfo-gomez1612.jpg 1296w\" sizes=\"auto, (max-width: 1024px) 100vw, 1024px\" \/><\/figure>\n\n\n\n<p>Cabe mencionar que Adolfo G\u00f3mez Hern\u00e1ndez, es un ex emigrante, abogado de profesi\u00f3n y f\u00e9rreo defensor de la comunidad migrante ind\u00edgena, que se forj\u00f3 en la lucha social, hablante del mixteco al ser originario de San Juan Mixtepec, Oaxaca.<\/p>\n\n\n\n<p>Su relaci\u00f3n con el campo mixteco, as\u00ed como con la comunidad migrante al haber vivido las experiencias en carne propia, le ha permitido desde el \u00e1mbito de la organizaci\u00f3n social, trabajar y luchar constantemente por los derechos de este sector de la poblaci\u00f3n.<\/p>\n\n\n\n<p>\u201cSoy un ind\u00edgena, mi padre y mi madre hablan nuestro idioma mixteco, nuestros hermanos y paisanos migrantes as\u00ed como los ind\u00edgenas de nuestro pa\u00eds, demandan atenci\u00f3n, me comprometo a trabajar por todos, especialmente por los m\u00e1s necesitados y por abonar a la llegada y la construcci\u00f3n de la Cuarta Transformaci\u00f3n de Oaxaca\u201d dijo el ahora Senador de la Rep\u00fablica, Adolfo G\u00f3mez Hern\u00e1ndez.<\/p>\n","protected":false},"excerpt":{"rendered":"<p>*El ahora legislador resalt\u00f3 el trabajo de Jara Cruz por Oaxaca. Ciudad de M\u00e9xico a 16 de diciembre de 2021.- Esta semana se concret\u00f3 el anuncio que previamente hab\u00eda realizado el Senador Salom\u00f3n Jara Cruz a trav\u00e9s de sus redes sociales, al solicitar licencia para poder separarse de su cargo. La tarde de ayer se [&hellip;]<\/p>\n","protected":false},"author":2,"featured_media":7316,"comment_status":"closed","ping_status":"closed","sticky":false,"template":"","format":"standard","meta":{"footnotes":""},"categories":[2],"tags":[],"class_list":{"0":"post-7315","1":"post","2":"type-post","3":"status-publish","4":"format-standard","5":"has-post-thumbnail","7":"category-oaxaca"},"yoast_head":"<!-- This site is optimized with the Yoast SEO plugin v27.4 - https:\/\/yoast.com\/product\/yoast-seo-wordpress\/ -->\n<title>Respaldo y continuidad al trabajo legislativo de Salom\u00f3n Jara, afirma Adolfo G\u00f3mez al asumir como Senador de la Rep\u00fablica. - LA BRAVA RADIO<\/title>\n<meta name=\"robots\" content=\"index, follow, max-snippet:-1, max-image-preview:large, max-video-preview:-1\" \/>\n<link rel=\"canonical\" href=\"https:\/\/www.bbmnoticias.com\/labravaradiofm\/2021\/12\/16\/respaldo-y-continuidad-al-trabajo-legislativo-de-salomon-jara-afirma-adolfo-gomez-al-asumir-como-senador-de-la-republica\/\" \/>\n<meta property=\"og:locale\" content=\"es_MX\" \/>\n<meta property=\"og:type\" content=\"article\" \/>\n<meta property=\"og:title\" content=\"Respaldo y continuidad al trabajo legislativo de Salom\u00f3n Jara, afirma Adolfo G\u00f3mez al asumir como Senador de la Rep\u00fablica. - LA BRAVA RADIO\" \/>\n<meta property=\"og:description\" content=\"*El ahora legislador resalt\u00f3 el trabajo de Jara Cruz por Oaxaca. Ciudad de M\u00e9xico a 16 de diciembre de 2021.- Esta semana se concret\u00f3 el anuncio que previamente hab\u00eda realizado el Senador Salom\u00f3n Jara Cruz a trav\u00e9s de sus redes sociales, al solicitar licencia para poder separarse de su cargo. La tarde de ayer se [&hellip;]\" \/>\n<meta property=\"og:url\" content=\"https:\/\/www.bbmnoticias.com\/labravaradiofm\/2021\/12\/16\/respaldo-y-continuidad-al-trabajo-legislativo-de-salomon-jara-afirma-adolfo-gomez-al-asumir-como-senador-de-la-republica\/\" \/>\n<meta property=\"og:site_name\" content=\"LA BRAVA RADIO\" \/>\n<meta property=\"article:published_time\" content=\"2021-12-17T00:35:30+00:00\" \/>\n<meta property=\"article:modified_time\" content=\"2021-12-17T00:35:31+00:00\" \/>\n<meta property=\"og:image\" content=\"https:\/\/www.bbmnoticias.com\/labravaradiofm\/wp-content\/uploads\/sites\/5\/2021\/12\/adolfo-gomez1612-1.jpg\" \/>\n\t<meta property=\"og:image:width\" content=\"800\" \/>\n\t<meta property=\"og:image:height\" content=\"602\" \/>\n\t<meta property=\"og:image:type\" content=\"image\/jpeg\" \/>\n<meta name=\"author\" content=\"Staff\" \/>\n<meta name=\"twitter:card\" content=\"summary_large_image\" \/>\n<meta name=\"twitter:label1\" content=\"Escrito por\" \/>\n\t<meta name=\"twitter:data1\" content=\"Staff\" \/>\n\t<meta name=\"twitter:label2\" content=\"Tiempo de lectura\" \/>\n\t<meta name=\"twitter:data2\" content=\"2 minutos\" \/>\n<script type=\"application\/ld+json\" class=\"yoast-schema-graph\">{\"@context\":\"https:\\\/\\\/schema.org\",\"@graph\":[{\"@type\":\"Article\",\"@id\":\"https:\\\/\\\/www.bbmnoticias.com\\\/labravaradiofm\\\/2021\\\/12\\\/16\\\/respaldo-y-continuidad-al-trabajo-legislativo-de-salomon-jara-afirma-adolfo-gomez-al-asumir-como-senador-de-la-republica\\\/#article\",\"isPartOf\":{\"@id\":\"https:\\\/\\\/www.bbmnoticias.com\\\/labravaradiofm\\\/2021\\\/12\\\/16\\\/respaldo-y-continuidad-al-trabajo-legislativo-de-salomon-jara-afirma-adolfo-gomez-al-asumir-como-senador-de-la-republica\\\/\"},\"author\":{\"name\":\"Staff\",\"@id\":\"https:\\\/\\\/www.bbmnoticias.com\\\/labravaradiofm\\\/#\\\/schema\\\/person\\\/68a9e9036ef3c5b55aeb2b71dc8bab45\"},\"headline\":\"Respaldo y continuidad al trabajo legislativo de Salom\u00f3n Jara, afirma Adolfo G\u00f3mez al asumir como Senador de la Rep\u00fablica.\",\"datePublished\":\"2021-12-17T00:35:30+00:00\",\"dateModified\":\"2021-12-17T00:35:31+00:00\",\"mainEntityOfPage\":{\"@id\":\"https:\\\/\\\/www.bbmnoticias.com\\\/labravaradiofm\\\/2021\\\/12\\\/16\\\/respaldo-y-continuidad-al-trabajo-legislativo-de-salomon-jara-afirma-adolfo-gomez-al-asumir-como-senador-de-la-republica\\\/\"},\"wordCount\":378,\"image\":{\"@id\":\"https:\\\/\\\/www.bbmnoticias.com\\\/labravaradiofm\\\/2021\\\/12\\\/16\\\/respaldo-y-continuidad-al-trabajo-legislativo-de-salomon-jara-afirma-adolfo-gomez-al-asumir-como-senador-de-la-republica\\\/#primaryimage\"},\"thumbnailUrl\":\"https:\\\/\\\/www.bbmnoticias.com\\\/labravaradiofm\\\/wp-content\\\/uploads\\\/sites\\\/5\\\/2021\\\/12\\\/adolfo-gomez1612-1.jpg\",\"articleSection\":[\"LOCAL\"],\"inLanguage\":\"es\"},{\"@type\":\"WebPage\",\"@id\":\"https:\\\/\\\/www.bbmnoticias.com\\\/labravaradiofm\\\/2021\\\/12\\\/16\\\/respaldo-y-continuidad-al-trabajo-legislativo-de-salomon-jara-afirma-adolfo-gomez-al-asumir-como-senador-de-la-republica\\\/\",\"url\":\"https:\\\/\\\/www.bbmnoticias.com\\\/labravaradiofm\\\/2021\\\/12\\\/16\\\/respaldo-y-continuidad-al-trabajo-legislativo-de-salomon-jara-afirma-adolfo-gomez-al-asumir-como-senador-de-la-republica\\\/\",\"name\":\"Respaldo y continuidad al trabajo legislativo de Salom\u00f3n Jara, afirma Adolfo G\u00f3mez al asumir como Senador de la Rep\u00fablica. - LA BRAVA RADIO\",\"isPartOf\":{\"@id\":\"https:\\\/\\\/www.bbmnoticias.com\\\/labravaradiofm\\\/#website\"},\"primaryImageOfPage\":{\"@id\":\"https:\\\/\\\/www.bbmnoticias.com\\\/labravaradiofm\\\/2021\\\/12\\\/16\\\/respaldo-y-continuidad-al-trabajo-legislativo-de-salomon-jara-afirma-adolfo-gomez-al-asumir-como-senador-de-la-republica\\\/#primaryimage\"},\"image\":{\"@id\":\"https:\\\/\\\/www.bbmnoticias.com\\\/labravaradiofm\\\/2021\\\/12\\\/16\\\/respaldo-y-continuidad-al-trabajo-legislativo-de-salomon-jara-afirma-adolfo-gomez-al-asumir-como-senador-de-la-republica\\\/#primaryimage\"},\"thumbnailUrl\":\"https:\\\/\\\/www.bbmnoticias.com\\\/labravaradiofm\\\/wp-content\\\/uploads\\\/sites\\\/5\\\/2021\\\/12\\\/adolfo-gomez1612-1.jpg\",\"datePublished\":\"2021-12-17T00:35:30+00:00\",\"dateModified\":\"2021-12-17T00:35:31+00:00\",\"author\":{\"@id\":\"https:\\\/\\\/www.bbmnoticias.com\\\/labravaradiofm\\\/#\\\/schema\\\/person\\\/68a9e9036ef3c5b55aeb2b71dc8bab45\"},\"breadcrumb\":{\"@id\":\"https:\\\/\\\/www.bbmnoticias.com\\\/labravaradiofm\\\/2021\\\/12\\\/16\\\/respaldo-y-continuidad-al-trabajo-legislativo-de-salomon-jara-afirma-adolfo-gomez-al-asumir-como-senador-de-la-republica\\\/#breadcrumb\"},\"inLanguage\":\"es\",\"potentialAction\":[{\"@type\":\"ReadAction\",\"target\":[\"https:\\\/\\\/www.bbmnoticias.com\\\/labravaradiofm\\\/2021\\\/12\\\/16\\\/respaldo-y-continuidad-al-trabajo-legislativo-de-salomon-jara-afirma-adolfo-gomez-al-asumir-como-senador-de-la-republica\\\/\"]}]},{\"@type\":\"ImageObject\",\"inLanguage\":\"es\",\"@id\":\"https:\\\/\\\/www.bbmnoticias.com\\\/labravaradiofm\\\/2021\\\/12\\\/16\\\/respaldo-y-continuidad-al-trabajo-legislativo-de-salomon-jara-afirma-adolfo-gomez-al-asumir-como-senador-de-la-republica\\\/#primaryimage\",\"url\":\"https:\\\/\\\/www.bbmnoticias.com\\\/labravaradiofm\\\/wp-content\\\/uploads\\\/sites\\\/5\\\/2021\\\/12\\\/adolfo-gomez1612-1.jpg\",\"contentUrl\":\"https:\\\/\\\/www.bbmnoticias.com\\\/labravaradiofm\\\/wp-content\\\/uploads\\\/sites\\\/5\\\/2021\\\/12\\\/adolfo-gomez1612-1.jpg\",\"width\":800,\"height\":602},{\"@type\":\"BreadcrumbList\",\"@id\":\"https:\\\/\\\/www.bbmnoticias.com\\\/labravaradiofm\\\/2021\\\/12\\\/16\\\/respaldo-y-continuidad-al-trabajo-legislativo-de-salomon-jara-afirma-adolfo-gomez-al-asumir-como-senador-de-la-republica\\\/#breadcrumb\",\"itemListElement\":[{\"@type\":\"ListItem\",\"position\":1,\"name\":\"Inicio\",\"item\":\"https:\\\/\\\/www.bbmnoticias.com\\\/labravaradiofm\\\/\"},{\"@type\":\"ListItem\",\"position\":2,\"name\":\"Respaldo y continuidad al trabajo legislativo de Salom\u00f3n Jara, afirma Adolfo G\u00f3mez al asumir como Senador de la Rep\u00fablica.\"}]},{\"@type\":\"WebSite\",\"@id\":\"https:\\\/\\\/www.bbmnoticias.com\\\/labravaradiofm\\\/#website\",\"url\":\"https:\\\/\\\/www.bbmnoticias.com\\\/labravaradiofm\\\/\",\"name\":\"LA BRAVA RADIO\",\"description\":\"Empresa productora de medios, Radiodifusi\u00f3n, Noticias, tendencias y todo lo que necesitas saber de la pol\u00edtica mexicana e internacional; entretenimiento, espect\u00e1culos, salud y mucho m\u00e1s.\",\"potentialAction\":[{\"@type\":\"SearchAction\",\"target\":{\"@type\":\"EntryPoint\",\"urlTemplate\":\"https:\\\/\\\/www.bbmnoticias.com\\\/labravaradiofm\\\/?s={search_term_string}\"},\"query-input\":{\"@type\":\"PropertyValueSpecification\",\"valueRequired\":true,\"valueName\":\"search_term_string\"}}],\"inLanguage\":\"es\"},{\"@type\":\"Person\",\"@id\":\"https:\\\/\\\/www.bbmnoticias.com\\\/labravaradiofm\\\/#\\\/schema\\\/person\\\/68a9e9036ef3c5b55aeb2b71dc8bab45\",\"name\":\"Staff\",\"image\":{\"@type\":\"ImageObject\",\"inLanguage\":\"es\",\"@id\":\"https:\\\/\\\/secure.gravatar.com\\\/avatar\\\/fdd21ad66fd8b98c407f9dee5b5e588cfe7f0d8579ec20fa6527cd59bab7f0f0?s=96&d=mm&r=g\",\"url\":\"https:\\\/\\\/secure.gravatar.com\\\/avatar\\\/fdd21ad66fd8b98c407f9dee5b5e588cfe7f0d8579ec20fa6527cd59bab7f0f0?s=96&d=mm&r=g\",\"contentUrl\":\"https:\\\/\\\/secure.gravatar.com\\\/avatar\\\/fdd21ad66fd8b98c407f9dee5b5e588cfe7f0d8579ec20fa6527cd59bab7f0f0?s=96&d=mm&r=g\",\"caption\":\"Staff\"},\"url\":\"https:\\\/\\\/www.bbmnoticias.com\\\/labravaradiofm\\\/author\\\/redaccion\\\/\"}]}<\/script>\n<!-- \/ Yoast SEO plugin. -->","yoast_head_json":{"title":"Respaldo y continuidad al trabajo legislativo de Salom\u00f3n Jara, afirma Adolfo G\u00f3mez al asumir como Senador de la Rep\u00fablica. - LA BRAVA RADIO","robots":{"index":"index","follow":"follow","max-snippet":"max-snippet:-1","max-image-preview":"max-image-preview:large","max-video-preview":"max-video-preview:-1"},"canonical":"https:\/\/www.bbmnoticias.com\/labravaradiofm\/2021\/12\/16\/respaldo-y-continuidad-al-trabajo-legislativo-de-salomon-jara-afirma-adolfo-gomez-al-asumir-como-senador-de-la-republica\/","og_locale":"es_MX","og_type":"article","og_title":"Respaldo y continuidad al trabajo legislativo de Salom\u00f3n Jara, afirma Adolfo G\u00f3mez al asumir como Senador de la Rep\u00fablica. - LA BRAVA RADIO","og_description":"*El ahora legislador resalt\u00f3 el trabajo de Jara Cruz por Oaxaca. Ciudad de M\u00e9xico a 16 de diciembre de 2021.- Esta semana se concret\u00f3 el anuncio que previamente hab\u00eda realizado el Senador Salom\u00f3n Jara Cruz a trav\u00e9s de sus redes sociales, al solicitar licencia para poder separarse de su cargo. La tarde de ayer se [&hellip;]","og_url":"https:\/\/www.bbmnoticias.com\/labravaradiofm\/2021\/12\/16\/respaldo-y-continuidad-al-trabajo-legislativo-de-salomon-jara-afirma-adolfo-gomez-al-asumir-como-senador-de-la-republica\/","og_site_name":"LA BRAVA RADIO","article_published_time":"2021-12-17T00:35:30+00:00","article_modified_time":"2021-12-17T00:35:31+00:00","og_image":[{"width":800,"height":602,"url":"https:\/\/www.bbmnoticias.com\/labravaradiofm\/wp-content\/uploads\/sites\/5\/2021\/12\/adolfo-gomez1612-1.jpg","type":"image\/jpeg"}],"author":"Staff","twitter_card":"summary_large_image","twitter_misc":{"Escrito por":"Staff","Tiempo de lectura":"2 minutos"},"schema":{"@context":"https:\/\/schema.org","@graph":[{"@type":"Article","@id":"https:\/\/www.bbmnoticias.com\/labravaradiofm\/2021\/12\/16\/respaldo-y-continuidad-al-trabajo-legislativo-de-salomon-jara-afirma-adolfo-gomez-al-asumir-como-senador-de-la-republica\/#article","isPartOf":{"@id":"https:\/\/www.bbmnoticias.com\/labravaradiofm\/2021\/12\/16\/respaldo-y-continuidad-al-trabajo-legislativo-de-salomon-jara-afirma-adolfo-gomez-al-asumir-como-senador-de-la-republica\/"},"author":{"name":"Staff","@id":"https:\/\/www.bbmnoticias.com\/labravaradiofm\/#\/schema\/person\/68a9e9036ef3c5b55aeb2b71dc8bab45"},"headline":"Respaldo y continuidad al trabajo legislativo de Salom\u00f3n Jara, afirma Adolfo G\u00f3mez al asumir como Senador de la Rep\u00fablica.","datePublished":"2021-12-17T00:35:30+00:00","dateModified":"2021-12-17T00:35:31+00:00","mainEntityOfPage":{"@id":"https:\/\/www.bbmnoticias.com\/labravaradiofm\/2021\/12\/16\/respaldo-y-continuidad-al-trabajo-legislativo-de-salomon-jara-afirma-adolfo-gomez-al-asumir-como-senador-de-la-republica\/"},"wordCount":378,"image":{"@id":"https:\/\/www.bbmnoticias.com\/labravaradiofm\/2021\/12\/16\/respaldo-y-continuidad-al-trabajo-legislativo-de-salomon-jara-afirma-adolfo-gomez-al-asumir-como-senador-de-la-republica\/#primaryimage"},"thumbnailUrl":"https:\/\/www.bbmnoticias.com\/labravaradiofm\/wp-content\/uploads\/sites\/5\/2021\/12\/adolfo-gomez1612-1.jpg","articleSection":["LOCAL"],"inLanguage":"es"},{"@type":"WebPage","@id":"https:\/\/www.bbmnoticias.com\/labravaradiofm\/2021\/12\/16\/respaldo-y-continuidad-al-trabajo-legislativo-de-salomon-jara-afirma-adolfo-gomez-al-asumir-como-senador-de-la-republica\/","url":"https:\/\/www.bbmnoticias.com\/labravaradiofm\/2021\/12\/16\/respaldo-y-continuidad-al-trabajo-legislativo-de-salomon-jara-afirma-adolfo-gomez-al-asumir-como-senador-de-la-republica\/","name":"Respaldo y continuidad al trabajo legislativo de Salom\u00f3n Jara, afirma Adolfo G\u00f3mez al asumir como Senador de la Rep\u00fablica. - LA BRAVA RADIO","isPartOf":{"@id":"https:\/\/www.bbmnoticias.com\/labravaradiofm\/#website"},"primaryImageOfPage":{"@id":"https:\/\/www.bbmnoticias.com\/labravaradiofm\/2021\/12\/16\/respaldo-y-continuidad-al-trabajo-legislativo-de-salomon-jara-afirma-adolfo-gomez-al-asumir-como-senador-de-la-republica\/#primaryimage"},"image":{"@id":"https:\/\/www.bbmnoticias.com\/labravaradiofm\/2021\/12\/16\/respaldo-y-continuidad-al-trabajo-legislativo-de-salomon-jara-afirma-adolfo-gomez-al-asumir-como-senador-de-la-republica\/#primaryimage"},"thumbnailUrl":"https:\/\/www.bbmnoticias.com\/labravaradiofm\/wp-content\/uploads\/sites\/5\/2021\/12\/adolfo-gomez1612-1.jpg","datePublished":"2021-12-17T00:35:30+00:00","dateModified":"2021-12-17T00:35:31+00:00","author":{"@id":"https:\/\/www.bbmnoticias.com\/labravaradiofm\/#\/schema\/person\/68a9e9036ef3c5b55aeb2b71dc8bab45"},"breadcrumb":{"@id":"https:\/\/www.bbmnoticias.com\/labravaradiofm\/2021\/12\/16\/respaldo-y-continuidad-al-trabajo-legislativo-de-salomon-jara-afirma-adolfo-gomez-al-asumir-como-senador-de-la-republica\/#breadcrumb"},"inLanguage":"es","potentialAction":[{"@type":"ReadAction","target":["https:\/\/www.bbmnoticias.com\/labravaradiofm\/2021\/12\/16\/respaldo-y-continuidad-al-trabajo-legislativo-de-salomon-jara-afirma-adolfo-gomez-al-asumir-como-senador-de-la-republica\/"]}]},{"@type":"ImageObject","inLanguage":"es","@id":"https:\/\/www.bbmnoticias.com\/labravaradiofm\/2021\/12\/16\/respaldo-y-continuidad-al-trabajo-legislativo-de-salomon-jara-afirma-adolfo-gomez-al-asumir-como-senador-de-la-republica\/#primaryimage","url":"https:\/\/www.bbmnoticias.com\/labravaradiofm\/wp-content\/uploads\/sites\/5\/2021\/12\/adolfo-gomez1612-1.jpg","contentUrl":"https:\/\/www.bbmnoticias.com\/labravaradiofm\/wp-content\/uploads\/sites\/5\/2021\/12\/adolfo-gomez1612-1.jpg","width":800,"height":602},{"@type":"BreadcrumbList","@id":"https:\/\/www.bbmnoticias.com\/labravaradiofm\/2021\/12\/16\/respaldo-y-continuidad-al-trabajo-legislativo-de-salomon-jara-afirma-adolfo-gomez-al-asumir-como-senador-de-la-republica\/#breadcrumb","itemListElement":[{"@type":"ListItem","position":1,"name":"Inicio","item":"https:\/\/www.bbmnoticias.com\/labravaradiofm\/"},{"@type":"ListItem","position":2,"name":"Respaldo y continuidad al trabajo legislativo de Salom\u00f3n Jara, afirma Adolfo G\u00f3mez al asumir como Senador de la Rep\u00fablica."}]},{"@type":"WebSite","@id":"https:\/\/www.bbmnoticias.com\/labravaradiofm\/#website","url":"https:\/\/www.bbmnoticias.com\/labravaradiofm\/","name":"LA BRAVA RADIO","description":"Empresa productora de medios, Radiodifusi\u00f3n, Noticias, tendencias y todo lo que necesitas saber de la pol\u00edtica mexicana e internacional; entretenimiento, espect\u00e1culos, salud y mucho m\u00e1s.","potentialAction":[{"@type":"SearchAction","target":{"@type":"EntryPoint","urlTemplate":"https:\/\/www.bbmnoticias.com\/labravaradiofm\/?s={search_term_string}"},"query-input":{"@type":"PropertyValueSpecification","valueRequired":true,"valueName":"search_term_string"}}],"inLanguage":"es"},{"@type":"Person","@id":"https:\/\/www.bbmnoticias.com\/labravaradiofm\/#\/schema\/person\/68a9e9036ef3c5b55aeb2b71dc8bab45","name":"Staff","image":{"@type":"ImageObject","inLanguage":"es","@id":"https:\/\/secure.gravatar.com\/avatar\/fdd21ad66fd8b98c407f9dee5b5e588cfe7f0d8579ec20fa6527cd59bab7f0f0?s=96&d=mm&r=g","url":"https:\/\/secure.gravatar.com\/avatar\/fdd21ad66fd8b98c407f9dee5b5e588cfe7f0d8579ec20fa6527cd59bab7f0f0?s=96&d=mm&r=g","contentUrl":"https:\/\/secure.gravatar.com\/avatar\/fdd21ad66fd8b98c407f9dee5b5e588cfe7f0d8579ec20fa6527cd59bab7f0f0?s=96&d=mm&r=g","caption":"Staff"},"url":"https:\/\/www.bbmnoticias.com\/labravaradiofm\/author\/redaccion\/"}]}},"_links":{"self":[{"href":"https:\/\/www.bbmnoticias.com\/labravaradiofm\/wp-json\/wp\/v2\/posts\/7315","targetHints":{"allow":["GET"]}}],"collection":[{"href":"https:\/\/www.bbmnoticias.com\/labravaradiofm\/wp-json\/wp\/v2\/posts"}],"about":[{"href":"https:\/\/www.bbmnoticias.com\/labravaradiofm\/wp-json\/wp\/v2\/types\/post"}],"author":[{"embeddable":true,"href":"https:\/\/www.bbmnoticias.com\/labravaradiofm\/wp-json\/wp\/v2\/users\/2"}],"replies":[{"embeddable":true,"href":"https:\/\/www.bbmnoticias.com\/labravaradiofm\/wp-json\/wp\/v2\/comments?post=7315"}],"version-history":[{"count":0,"href":"https:\/\/www.bbmnoticias.com\/labravaradiofm\/wp-json\/wp\/v2\/posts\/7315\/revisions"}],"wp:featuredmedia":[{"embeddable":true,"href":"https:\/\/www.bbmnoticias.com\/labravaradiofm\/wp-json\/wp\/v2\/media\/7316"}],"wp:attachment":[{"href":"https:\/\/www.bbmnoticias.com\/labravaradiofm\/wp-json\/wp\/v2\/media?parent=7315"}],"wp:term":[{"taxonomy":"category","embeddable":true,"href":"https:\/\/www.bbmnoticias.com\/labravaradiofm\/wp-json\/wp\/v2\/categories?post=7315"},{"taxonomy":"post_tag","embeddable":true,"href":"https:\/\/www.bbmnoticias.com\/labravaradiofm\/wp-json\/wp\/v2\/tags?post=7315"}],"curies":[{"name":"wp","href":"https:\/\/api.w.org\/{rel}","templated":true}]}}