{"id":7303,"date":"2021-12-16T14:36:31","date_gmt":"2021-12-16T20:36:31","guid":{"rendered":"https:\/\/www.bbmnoticias.com\/labravaradiofm\/?p=7303"},"modified":"2021-12-16T14:36:32","modified_gmt":"2021-12-16T20:36:32","slug":"avanza-imss-en-la-supervision-de-unidades-que-prestan-servicios-especializados-a-pacientes-pediatricos-oncologicos","status":"publish","type":"post","link":"https:\/\/www.bbmnoticias.com\/labravaradiofm\/2021\/12\/16\/avanza-imss-en-la-supervision-de-unidades-que-prestan-servicios-especializados-a-pacientes-pediatricos-oncologicos\/","title":{"rendered":"Avanza IMSS en la supervisi\u00f3n de unidades que prestan servicios especializados a pacientes pedi\u00e1tricos oncol\u00f3gicos"},"content":{"rendered":"<div style=\"margin-top: 0px; margin-bottom: 0px;\" class=\"sharethis-inline-share-buttons\" ><\/div>\n<p>El Instituto Mexicano del Seguro Social (IMSS) inform\u00f3 a madres y padres de pacientes pedi\u00e1tricos oncol\u00f3gicos sobre el &nbsp;avance en los procesos de capacitaci\u00f3n continua, mejora de espacios, suficiencia de insumos y supervisi\u00f3n de unidades hospitalarias a nivel nacional donde se brindan servicios m\u00e9dicos para la atenci\u00f3n de los menores.<\/p>\n\n\n\n<p>Al encabezar la sexag\u00e9sima sexta reuni\u00f3n entre autoridades del IMSS y padres de ni\u00f1as y ni\u00f1as con c\u00e1ncer, la doctora C\u00e9lida Duque Molina, directora de Prestaciones M\u00e9dicas reconoci\u00f3 el trabajo en equipo de los \u00d3rganos de Operaci\u00f3n Administrativa Desconcentrada (OOAD) para impulsar estas acciones en beneficio de los pacientes.<\/p>\n\n\n\n<p>\u201cEstamos seguros que estas intervenciones mejorar\u00e1n la calidad de la atenci\u00f3n, por ello, hemos conformado un equipo de trabajo de diferentes estados para mejorar las condiciones de operaci\u00f3n de las unidades\u201d, afirm\u00f3 durante la reuni\u00f3n que se llev\u00f3 a cabo de manera virtual.<\/p>\n\n\n\n<p>En este sentido, el doctor Francisco Javier Ortiz Nesme, jefe de servicios de Prestaciones M\u00e9dicas de San Luis Potos\u00ed, coment\u00f3 que en el Hospital General de Zona (HGZ) No. 1 se habilit\u00f3 el \u00e1rea de ONCOCREAN con 12 camas donde los menores reciben con oportunidad su tratamiento.<\/p>\n\n\n\n<p>\u201cSe cuenta con personal calificado como hemat\u00f3logos, onc\u00f3logos y enfermeras pediatras. Todos ellos capacitados en el manejo del ni\u00f1o oncopedi\u00e1tricos y l\u00edneas vasculares\u201d, subray\u00f3.<\/p>\n\n\n\n<p>Por su parte, el doctor Javier Mendoza Banda, jefe de servicios de Prestaciones M\u00e9dicas de Tamaulipas, subray\u00f3 que es necesario aprovechar las \u00e1reas de oportunidad para resolver las incidencias que se presenten d\u00eda con d\u00eda y reforzar las acciones que se implementen al interior de los hospitales donde se atienden los menores con c\u00e1ncer.<\/p>\n\n\n\n<p>Sobre la visita al Hospital de Especialidades en Puebla, la maestra Fabiana Zepeda Arias, Coordinadora T\u00e9cnica de Enfermer\u00eda, detall\u00f3 que se ha dado cumplimiento al 80 por ciento de los compromisos que se establecieron en sesiones anteriores y se tomaron las acciones necesarias con respecto a los procesos que lleva a cabo personal de enfermer\u00eda.<\/p>\n\n\n\n<p>\u201cSigue la capacitaci\u00f3n del personal de enfermer\u00eda y este es un proceso que no acaba, el aprendizaje y la ense\u00f1anza es continuo. Estamos trabajando todav\u00eda en entidades como Tamaulipas, Puebla y todas las unidades hospitalarias quienes encabezamos un programa de capacitaci\u00f3n muy&nbsp; importante a nivel nacional\u201d, resalt\u00f3.<\/p>\n\n\n\n<p>Por su parte, el jefe de la Divisi\u00f3n de Servicios Digitales y de Informaci\u00f3n para el Cuidado de la Salud, Isaac Mej\u00eda Montes de Oca, coment\u00f3 que los pacientes oncol\u00f3gicos registrados en la plataforma asciende a 7 mil 004 personas, donde el 40 por ciento son pedi\u00e1tricos y 60 por ciento adultos.<\/p>\n\n\n\n<p>Refiri\u00f3 que se ha registrado a 124 pacientes nuevos para recibir atenci\u00f3n en 57 unidades m\u00e9dicas, de las cuales 15 son Unidades M\u00e9dicas de Alta Especialidad y 42 hospitales de Segundo Nivel.<\/p>\n\n\n\n<p>El ingeniero Mej\u00eda Montes de Oca adelant\u00f3 que se trabaja en la actualizaci\u00f3n del sitio institucional de Banco de Sangre y se avanza con los trabajos del m\u00f3dulo de C\u00e1ncer de Mama.<\/p>\n\n\n\n<p>Los acuerdos de esta sesi\u00f3n fueron dar seguimiento al tema de abasto de antibi\u00f3ticos para pacientes pedi\u00e1tricos oncol\u00f3gicos en el HGR No. 170 de Reynosa, Tamaulipas; adem\u00e1s, se analizar\u00e1 el consumo hist\u00f3rico de medicamentos destinados a los protocolos de tratamiento en el HGR No. 2 \u201cEl Marqu\u00e9s\u201d, Quer\u00e9taro.<\/p>\n\n\n\n<p>Tambi\u00e9n se presentar\u00e1 un resumen de las acciones realizadas a casos espec\u00edficos en el HGR No. 1 de Chihuahua, Chihuahua.<\/p>\n\n\n\n<p>Asistieron por parte del IMSS Borsalino Gonz\u00e1lez Andrade, director de Administraci\u00f3n; doctor Carlos Quezada S\u00e1nchez, jefe de Oficina de Control; Enrique L\u00f3pez Aguilar, coordinador nacional de Oncolog\u00eda; Jorge de Anda Garc\u00eda, titular de la Coordinaci\u00f3n de Control de Abasto; Jos\u00e9 Luis Velasco Ruiz, titular de la Divisi\u00f3n de Supervisi\u00f3n y Control de Abasto; Iaso Ponce de Le\u00f3n Gonz\u00e1lez, de la Divisi\u00f3n de Seguimiento con la Sociedad Civil; Shadai S\u00e1nchez Osorio, coordinador de Contabilidad y Tr\u00e1mite de Erogaciones; y Mauricio Jos\u00e9 Gonz\u00e1lez Almeida, encargado del Despacho de la Divisi\u00f3n de Tr\u00e1mite de Erogaciones.<\/p>\n\n\n\n<p>Adem\u00e1s la doctora Roc\u00edo C\u00e1rdenas Navarrete, directora del Hospital de Pediatr\u00eda CMN Siglo XXI; doctor Guillermo Careaga Reyna, director del Hospital General CMN La Raza; as\u00ed como autoridades del OOAD de Aguascalientes, Tamaulipas, Puebla y San Luis Potos\u00ed.<\/p>\n\n\n\n<p>Por parte de las madres y los padres de pacientes pedi\u00e1tricos oncol\u00f3gicos estuvieron las se\u00f1oras Dulce, Mar\u00eda, Adriana, Alma, Ana Cecilia, Ana Isabel&nbsp; Liz\u00e1rraga, Ana Isabel Soberanes, Ana Maril\u00fa, Araceli Caldera, Araceli Merlos, Berenice, Blanca, Brenda, Edith, Elizabeth, Erika, Hilda, Jessica Elizabeth, Jessica Lozano, Judith, Lidia, Mar\u00eda Brenda, Mar\u00eda Elena, Mar\u00eda Fernanda, Mar\u00eda Luisa, Mar\u00eda Rosa, Martha, M\u00f3nica Elvira, M\u00f3nica Gardu\u00f1o, Pamela, Perla, Rebeca, Roc\u00edo, Selene, Sonia, Tania, Vianey, Yolanda Garc\u00eda y Yolanda Mart\u00ednez; y los se\u00f1oresMario, Miguel, Nicol\u00e1s y Rafael.<\/p>\n","protected":false},"excerpt":{"rendered":"<p>El Instituto Mexicano del Seguro Social (IMSS) inform\u00f3 a madres y padres de pacientes pedi\u00e1tricos oncol\u00f3gicos sobre el &nbsp;avance en los procesos de capacitaci\u00f3n continua, mejora de espacios, suficiencia de insumos y supervisi\u00f3n de unidades hospitalarias a nivel nacional donde se brindan servicios m\u00e9dicos para la atenci\u00f3n de los menores. Al encabezar la sexag\u00e9sima sexta [&hellip;]<\/p>\n","protected":false},"author":2,"featured_media":7304,"comment_status":"closed","ping_status":"closed","sticky":false,"template":"","format":"standard","meta":{"footnotes":""},"categories":[19],"tags":[],"class_list":{"0":"post-7303","1":"post","2":"type-post","3":"status-publish","4":"format-standard","5":"has-post-thumbnail","7":"category-nacional"},"yoast_head":"<!-- This site is optimized with the Yoast SEO plugin v27.4 - https:\/\/yoast.com\/product\/yoast-seo-wordpress\/ -->\n<title>Avanza IMSS en la supervisi\u00f3n de unidades que prestan servicios especializados a pacientes pedi\u00e1tricos oncol\u00f3gicos - LA BRAVA RADIO<\/title>\n<meta name=\"robots\" content=\"index, follow, max-snippet:-1, max-image-preview:large, max-video-preview:-1\" \/>\n<link rel=\"canonical\" href=\"https:\/\/www.bbmnoticias.com\/labravaradiofm\/2021\/12\/16\/avanza-imss-en-la-supervision-de-unidades-que-prestan-servicios-especializados-a-pacientes-pediatricos-oncologicos\/\" \/>\n<meta property=\"og:locale\" content=\"es_MX\" \/>\n<meta property=\"og:type\" content=\"article\" \/>\n<meta property=\"og:title\" content=\"Avanza IMSS en la supervisi\u00f3n de unidades que prestan servicios especializados a pacientes pedi\u00e1tricos oncol\u00f3gicos - LA BRAVA RADIO\" \/>\n<meta property=\"og:description\" content=\"El Instituto Mexicano del Seguro Social (IMSS) inform\u00f3 a madres y padres de pacientes pedi\u00e1tricos oncol\u00f3gicos sobre el &nbsp;avance en los procesos de capacitaci\u00f3n continua, mejora de espacios, suficiencia de insumos y supervisi\u00f3n de unidades hospitalarias a nivel nacional donde se brindan servicios m\u00e9dicos para la atenci\u00f3n de los menores. Al encabezar la sexag\u00e9sima sexta [&hellip;]\" \/>\n<meta property=\"og:url\" content=\"https:\/\/www.bbmnoticias.com\/labravaradiofm\/2021\/12\/16\/avanza-imss-en-la-supervision-de-unidades-que-prestan-servicios-especializados-a-pacientes-pediatricos-oncologicos\/\" \/>\n<meta property=\"og:site_name\" content=\"LA BRAVA RADIO\" \/>\n<meta property=\"article:published_time\" content=\"2021-12-16T20:36:31+00:00\" \/>\n<meta property=\"article:modified_time\" content=\"2021-12-16T20:36:32+00:00\" \/>\n<meta property=\"og:image\" content=\"https:\/\/www.bbmnoticias.com\/labravaradiofm\/wp-content\/uploads\/sites\/5\/2021\/12\/imss-medicamentos.jpg\" \/>\n\t<meta property=\"og:image:width\" content=\"1280\" \/>\n\t<meta property=\"og:image:height\" content=\"432\" \/>\n\t<meta property=\"og:image:type\" content=\"image\/jpeg\" \/>\n<meta name=\"author\" content=\"Staff\" \/>\n<meta name=\"twitter:card\" content=\"summary_large_image\" \/>\n<meta name=\"twitter:label1\" content=\"Escrito por\" \/>\n\t<meta name=\"twitter:data1\" content=\"Staff\" \/>\n\t<meta name=\"twitter:label2\" content=\"Tiempo de lectura\" \/>\n\t<meta name=\"twitter:data2\" content=\"4 minutos\" \/>\n<script type=\"application\/ld+json\" class=\"yoast-schema-graph\">{\"@context\":\"https:\\\/\\\/schema.org\",\"@graph\":[{\"@type\":\"Article\",\"@id\":\"https:\\\/\\\/www.bbmnoticias.com\\\/labravaradiofm\\\/2021\\\/12\\\/16\\\/avanza-imss-en-la-supervision-de-unidades-que-prestan-servicios-especializados-a-pacientes-pediatricos-oncologicos\\\/#article\",\"isPartOf\":{\"@id\":\"https:\\\/\\\/www.bbmnoticias.com\\\/labravaradiofm\\\/2021\\\/12\\\/16\\\/avanza-imss-en-la-supervision-de-unidades-que-prestan-servicios-especializados-a-pacientes-pediatricos-oncologicos\\\/\"},\"author\":{\"name\":\"Staff\",\"@id\":\"https:\\\/\\\/www.bbmnoticias.com\\\/labravaradiofm\\\/#\\\/schema\\\/person\\\/68a9e9036ef3c5b55aeb2b71dc8bab45\"},\"headline\":\"Avanza IMSS en la supervisi\u00f3n de unidades que prestan servicios especializados a pacientes pedi\u00e1tricos oncol\u00f3gicos\",\"datePublished\":\"2021-12-16T20:36:31+00:00\",\"dateModified\":\"2021-12-16T20:36:32+00:00\",\"mainEntityOfPage\":{\"@id\":\"https:\\\/\\\/www.bbmnoticias.com\\\/labravaradiofm\\\/2021\\\/12\\\/16\\\/avanza-imss-en-la-supervision-de-unidades-que-prestan-servicios-especializados-a-pacientes-pediatricos-oncologicos\\\/\"},\"wordCount\":868,\"image\":{\"@id\":\"https:\\\/\\\/www.bbmnoticias.com\\\/labravaradiofm\\\/2021\\\/12\\\/16\\\/avanza-imss-en-la-supervision-de-unidades-que-prestan-servicios-especializados-a-pacientes-pediatricos-oncologicos\\\/#primaryimage\"},\"thumbnailUrl\":\"https:\\\/\\\/www.bbmnoticias.com\\\/labravaradiofm\\\/wp-content\\\/uploads\\\/sites\\\/5\\\/2021\\\/12\\\/imss-medicamentos.jpg\",\"articleSection\":[\"NACIONAL\"],\"inLanguage\":\"es\"},{\"@type\":\"WebPage\",\"@id\":\"https:\\\/\\\/www.bbmnoticias.com\\\/labravaradiofm\\\/2021\\\/12\\\/16\\\/avanza-imss-en-la-supervision-de-unidades-que-prestan-servicios-especializados-a-pacientes-pediatricos-oncologicos\\\/\",\"url\":\"https:\\\/\\\/www.bbmnoticias.com\\\/labravaradiofm\\\/2021\\\/12\\\/16\\\/avanza-imss-en-la-supervision-de-unidades-que-prestan-servicios-especializados-a-pacientes-pediatricos-oncologicos\\\/\",\"name\":\"Avanza IMSS en la supervisi\u00f3n de unidades que prestan servicios especializados a pacientes pedi\u00e1tricos oncol\u00f3gicos - LA BRAVA RADIO\",\"isPartOf\":{\"@id\":\"https:\\\/\\\/www.bbmnoticias.com\\\/labravaradiofm\\\/#website\"},\"primaryImageOfPage\":{\"@id\":\"https:\\\/\\\/www.bbmnoticias.com\\\/labravaradiofm\\\/2021\\\/12\\\/16\\\/avanza-imss-en-la-supervision-de-unidades-que-prestan-servicios-especializados-a-pacientes-pediatricos-oncologicos\\\/#primaryimage\"},\"image\":{\"@id\":\"https:\\\/\\\/www.bbmnoticias.com\\\/labravaradiofm\\\/2021\\\/12\\\/16\\\/avanza-imss-en-la-supervision-de-unidades-que-prestan-servicios-especializados-a-pacientes-pediatricos-oncologicos\\\/#primaryimage\"},\"thumbnailUrl\":\"https:\\\/\\\/www.bbmnoticias.com\\\/labravaradiofm\\\/wp-content\\\/uploads\\\/sites\\\/5\\\/2021\\\/12\\\/imss-medicamentos.jpg\",\"datePublished\":\"2021-12-16T20:36:31+00:00\",\"dateModified\":\"2021-12-16T20:36:32+00:00\",\"author\":{\"@id\":\"https:\\\/\\\/www.bbmnoticias.com\\\/labravaradiofm\\\/#\\\/schema\\\/person\\\/68a9e9036ef3c5b55aeb2b71dc8bab45\"},\"breadcrumb\":{\"@id\":\"https:\\\/\\\/www.bbmnoticias.com\\\/labravaradiofm\\\/2021\\\/12\\\/16\\\/avanza-imss-en-la-supervision-de-unidades-que-prestan-servicios-especializados-a-pacientes-pediatricos-oncologicos\\\/#breadcrumb\"},\"inLanguage\":\"es\",\"potentialAction\":[{\"@type\":\"ReadAction\",\"target\":[\"https:\\\/\\\/www.bbmnoticias.com\\\/labravaradiofm\\\/2021\\\/12\\\/16\\\/avanza-imss-en-la-supervision-de-unidades-que-prestan-servicios-especializados-a-pacientes-pediatricos-oncologicos\\\/\"]}]},{\"@type\":\"ImageObject\",\"inLanguage\":\"es\",\"@id\":\"https:\\\/\\\/www.bbmnoticias.com\\\/labravaradiofm\\\/2021\\\/12\\\/16\\\/avanza-imss-en-la-supervision-de-unidades-que-prestan-servicios-especializados-a-pacientes-pediatricos-oncologicos\\\/#primaryimage\",\"url\":\"https:\\\/\\\/www.bbmnoticias.com\\\/labravaradiofm\\\/wp-content\\\/uploads\\\/sites\\\/5\\\/2021\\\/12\\\/imss-medicamentos.jpg\",\"contentUrl\":\"https:\\\/\\\/www.bbmnoticias.com\\\/labravaradiofm\\\/wp-content\\\/uploads\\\/sites\\\/5\\\/2021\\\/12\\\/imss-medicamentos.jpg\",\"width\":1280,\"height\":432},{\"@type\":\"BreadcrumbList\",\"@id\":\"https:\\\/\\\/www.bbmnoticias.com\\\/labravaradiofm\\\/2021\\\/12\\\/16\\\/avanza-imss-en-la-supervision-de-unidades-que-prestan-servicios-especializados-a-pacientes-pediatricos-oncologicos\\\/#breadcrumb\",\"itemListElement\":[{\"@type\":\"ListItem\",\"position\":1,\"name\":\"Inicio\",\"item\":\"https:\\\/\\\/www.bbmnoticias.com\\\/labravaradiofm\\\/\"},{\"@type\":\"ListItem\",\"position\":2,\"name\":\"Avanza IMSS en la supervisi\u00f3n de unidades que prestan servicios especializados a pacientes pedi\u00e1tricos oncol\u00f3gicos\"}]},{\"@type\":\"WebSite\",\"@id\":\"https:\\\/\\\/www.bbmnoticias.com\\\/labravaradiofm\\\/#website\",\"url\":\"https:\\\/\\\/www.bbmnoticias.com\\\/labravaradiofm\\\/\",\"name\":\"LA BRAVA RADIO\",\"description\":\"Empresa productora de medios, Radiodifusi\u00f3n, Noticias, tendencias y todo lo que necesitas saber de la pol\u00edtica mexicana e internacional; entretenimiento, espect\u00e1culos, salud y mucho m\u00e1s.\",\"potentialAction\":[{\"@type\":\"SearchAction\",\"target\":{\"@type\":\"EntryPoint\",\"urlTemplate\":\"https:\\\/\\\/www.bbmnoticias.com\\\/labravaradiofm\\\/?s={search_term_string}\"},\"query-input\":{\"@type\":\"PropertyValueSpecification\",\"valueRequired\":true,\"valueName\":\"search_term_string\"}}],\"inLanguage\":\"es\"},{\"@type\":\"Person\",\"@id\":\"https:\\\/\\\/www.bbmnoticias.com\\\/labravaradiofm\\\/#\\\/schema\\\/person\\\/68a9e9036ef3c5b55aeb2b71dc8bab45\",\"name\":\"Staff\",\"image\":{\"@type\":\"ImageObject\",\"inLanguage\":\"es\",\"@id\":\"https:\\\/\\\/secure.gravatar.com\\\/avatar\\\/fdd21ad66fd8b98c407f9dee5b5e588cfe7f0d8579ec20fa6527cd59bab7f0f0?s=96&d=mm&r=g\",\"url\":\"https:\\\/\\\/secure.gravatar.com\\\/avatar\\\/fdd21ad66fd8b98c407f9dee5b5e588cfe7f0d8579ec20fa6527cd59bab7f0f0?s=96&d=mm&r=g\",\"contentUrl\":\"https:\\\/\\\/secure.gravatar.com\\\/avatar\\\/fdd21ad66fd8b98c407f9dee5b5e588cfe7f0d8579ec20fa6527cd59bab7f0f0?s=96&d=mm&r=g\",\"caption\":\"Staff\"},\"url\":\"https:\\\/\\\/www.bbmnoticias.com\\\/labravaradiofm\\\/author\\\/redaccion\\\/\"}]}<\/script>\n<!-- \/ Yoast SEO plugin. -->","yoast_head_json":{"title":"Avanza IMSS en la supervisi\u00f3n de unidades que prestan servicios especializados a pacientes pedi\u00e1tricos oncol\u00f3gicos - LA BRAVA RADIO","robots":{"index":"index","follow":"follow","max-snippet":"max-snippet:-1","max-image-preview":"max-image-preview:large","max-video-preview":"max-video-preview:-1"},"canonical":"https:\/\/www.bbmnoticias.com\/labravaradiofm\/2021\/12\/16\/avanza-imss-en-la-supervision-de-unidades-que-prestan-servicios-especializados-a-pacientes-pediatricos-oncologicos\/","og_locale":"es_MX","og_type":"article","og_title":"Avanza IMSS en la supervisi\u00f3n de unidades que prestan servicios especializados a pacientes pedi\u00e1tricos oncol\u00f3gicos - LA BRAVA RADIO","og_description":"El Instituto Mexicano del Seguro Social (IMSS) inform\u00f3 a madres y padres de pacientes pedi\u00e1tricos oncol\u00f3gicos sobre el &nbsp;avance en los procesos de capacitaci\u00f3n continua, mejora de espacios, suficiencia de insumos y supervisi\u00f3n de unidades hospitalarias a nivel nacional donde se brindan servicios m\u00e9dicos para la atenci\u00f3n de los menores. Al encabezar la sexag\u00e9sima sexta [&hellip;]","og_url":"https:\/\/www.bbmnoticias.com\/labravaradiofm\/2021\/12\/16\/avanza-imss-en-la-supervision-de-unidades-que-prestan-servicios-especializados-a-pacientes-pediatricos-oncologicos\/","og_site_name":"LA BRAVA RADIO","article_published_time":"2021-12-16T20:36:31+00:00","article_modified_time":"2021-12-16T20:36:32+00:00","og_image":[{"width":1280,"height":432,"url":"https:\/\/www.bbmnoticias.com\/labravaradiofm\/wp-content\/uploads\/sites\/5\/2021\/12\/imss-medicamentos.jpg","type":"image\/jpeg"}],"author":"Staff","twitter_card":"summary_large_image","twitter_misc":{"Escrito por":"Staff","Tiempo de lectura":"4 minutos"},"schema":{"@context":"https:\/\/schema.org","@graph":[{"@type":"Article","@id":"https:\/\/www.bbmnoticias.com\/labravaradiofm\/2021\/12\/16\/avanza-imss-en-la-supervision-de-unidades-que-prestan-servicios-especializados-a-pacientes-pediatricos-oncologicos\/#article","isPartOf":{"@id":"https:\/\/www.bbmnoticias.com\/labravaradiofm\/2021\/12\/16\/avanza-imss-en-la-supervision-de-unidades-que-prestan-servicios-especializados-a-pacientes-pediatricos-oncologicos\/"},"author":{"name":"Staff","@id":"https:\/\/www.bbmnoticias.com\/labravaradiofm\/#\/schema\/person\/68a9e9036ef3c5b55aeb2b71dc8bab45"},"headline":"Avanza IMSS en la supervisi\u00f3n de unidades que prestan servicios especializados a pacientes pedi\u00e1tricos oncol\u00f3gicos","datePublished":"2021-12-16T20:36:31+00:00","dateModified":"2021-12-16T20:36:32+00:00","mainEntityOfPage":{"@id":"https:\/\/www.bbmnoticias.com\/labravaradiofm\/2021\/12\/16\/avanza-imss-en-la-supervision-de-unidades-que-prestan-servicios-especializados-a-pacientes-pediatricos-oncologicos\/"},"wordCount":868,"image":{"@id":"https:\/\/www.bbmnoticias.com\/labravaradiofm\/2021\/12\/16\/avanza-imss-en-la-supervision-de-unidades-que-prestan-servicios-especializados-a-pacientes-pediatricos-oncologicos\/#primaryimage"},"thumbnailUrl":"https:\/\/www.bbmnoticias.com\/labravaradiofm\/wp-content\/uploads\/sites\/5\/2021\/12\/imss-medicamentos.jpg","articleSection":["NACIONAL"],"inLanguage":"es"},{"@type":"WebPage","@id":"https:\/\/www.bbmnoticias.com\/labravaradiofm\/2021\/12\/16\/avanza-imss-en-la-supervision-de-unidades-que-prestan-servicios-especializados-a-pacientes-pediatricos-oncologicos\/","url":"https:\/\/www.bbmnoticias.com\/labravaradiofm\/2021\/12\/16\/avanza-imss-en-la-supervision-de-unidades-que-prestan-servicios-especializados-a-pacientes-pediatricos-oncologicos\/","name":"Avanza IMSS en la supervisi\u00f3n de unidades que prestan servicios especializados a pacientes pedi\u00e1tricos oncol\u00f3gicos - LA BRAVA RADIO","isPartOf":{"@id":"https:\/\/www.bbmnoticias.com\/labravaradiofm\/#website"},"primaryImageOfPage":{"@id":"https:\/\/www.bbmnoticias.com\/labravaradiofm\/2021\/12\/16\/avanza-imss-en-la-supervision-de-unidades-que-prestan-servicios-especializados-a-pacientes-pediatricos-oncologicos\/#primaryimage"},"image":{"@id":"https:\/\/www.bbmnoticias.com\/labravaradiofm\/2021\/12\/16\/avanza-imss-en-la-supervision-de-unidades-que-prestan-servicios-especializados-a-pacientes-pediatricos-oncologicos\/#primaryimage"},"thumbnailUrl":"https:\/\/www.bbmnoticias.com\/labravaradiofm\/wp-content\/uploads\/sites\/5\/2021\/12\/imss-medicamentos.jpg","datePublished":"2021-12-16T20:36:31+00:00","dateModified":"2021-12-16T20:36:32+00:00","author":{"@id":"https:\/\/www.bbmnoticias.com\/labravaradiofm\/#\/schema\/person\/68a9e9036ef3c5b55aeb2b71dc8bab45"},"breadcrumb":{"@id":"https:\/\/www.bbmnoticias.com\/labravaradiofm\/2021\/12\/16\/avanza-imss-en-la-supervision-de-unidades-que-prestan-servicios-especializados-a-pacientes-pediatricos-oncologicos\/#breadcrumb"},"inLanguage":"es","potentialAction":[{"@type":"ReadAction","target":["https:\/\/www.bbmnoticias.com\/labravaradiofm\/2021\/12\/16\/avanza-imss-en-la-supervision-de-unidades-que-prestan-servicios-especializados-a-pacientes-pediatricos-oncologicos\/"]}]},{"@type":"ImageObject","inLanguage":"es","@id":"https:\/\/www.bbmnoticias.com\/labravaradiofm\/2021\/12\/16\/avanza-imss-en-la-supervision-de-unidades-que-prestan-servicios-especializados-a-pacientes-pediatricos-oncologicos\/#primaryimage","url":"https:\/\/www.bbmnoticias.com\/labravaradiofm\/wp-content\/uploads\/sites\/5\/2021\/12\/imss-medicamentos.jpg","contentUrl":"https:\/\/www.bbmnoticias.com\/labravaradiofm\/wp-content\/uploads\/sites\/5\/2021\/12\/imss-medicamentos.jpg","width":1280,"height":432},{"@type":"BreadcrumbList","@id":"https:\/\/www.bbmnoticias.com\/labravaradiofm\/2021\/12\/16\/avanza-imss-en-la-supervision-de-unidades-que-prestan-servicios-especializados-a-pacientes-pediatricos-oncologicos\/#breadcrumb","itemListElement":[{"@type":"ListItem","position":1,"name":"Inicio","item":"https:\/\/www.bbmnoticias.com\/labravaradiofm\/"},{"@type":"ListItem","position":2,"name":"Avanza IMSS en la supervisi\u00f3n de unidades que prestan servicios especializados a pacientes pedi\u00e1tricos oncol\u00f3gicos"}]},{"@type":"WebSite","@id":"https:\/\/www.bbmnoticias.com\/labravaradiofm\/#website","url":"https:\/\/www.bbmnoticias.com\/labravaradiofm\/","name":"LA BRAVA RADIO","description":"Empresa productora de medios, Radiodifusi\u00f3n, Noticias, tendencias y todo lo que necesitas saber de la pol\u00edtica mexicana e internacional; entretenimiento, espect\u00e1culos, salud y mucho m\u00e1s.","potentialAction":[{"@type":"SearchAction","target":{"@type":"EntryPoint","urlTemplate":"https:\/\/www.bbmnoticias.com\/labravaradiofm\/?s={search_term_string}"},"query-input":{"@type":"PropertyValueSpecification","valueRequired":true,"valueName":"search_term_string"}}],"inLanguage":"es"},{"@type":"Person","@id":"https:\/\/www.bbmnoticias.com\/labravaradiofm\/#\/schema\/person\/68a9e9036ef3c5b55aeb2b71dc8bab45","name":"Staff","image":{"@type":"ImageObject","inLanguage":"es","@id":"https:\/\/secure.gravatar.com\/avatar\/fdd21ad66fd8b98c407f9dee5b5e588cfe7f0d8579ec20fa6527cd59bab7f0f0?s=96&d=mm&r=g","url":"https:\/\/secure.gravatar.com\/avatar\/fdd21ad66fd8b98c407f9dee5b5e588cfe7f0d8579ec20fa6527cd59bab7f0f0?s=96&d=mm&r=g","contentUrl":"https:\/\/secure.gravatar.com\/avatar\/fdd21ad66fd8b98c407f9dee5b5e588cfe7f0d8579ec20fa6527cd59bab7f0f0?s=96&d=mm&r=g","caption":"Staff"},"url":"https:\/\/www.bbmnoticias.com\/labravaradiofm\/author\/redaccion\/"}]}},"_links":{"self":[{"href":"https:\/\/www.bbmnoticias.com\/labravaradiofm\/wp-json\/wp\/v2\/posts\/7303","targetHints":{"allow":["GET"]}}],"collection":[{"href":"https:\/\/www.bbmnoticias.com\/labravaradiofm\/wp-json\/wp\/v2\/posts"}],"about":[{"href":"https:\/\/www.bbmnoticias.com\/labravaradiofm\/wp-json\/wp\/v2\/types\/post"}],"author":[{"embeddable":true,"href":"https:\/\/www.bbmnoticias.com\/labravaradiofm\/wp-json\/wp\/v2\/users\/2"}],"replies":[{"embeddable":true,"href":"https:\/\/www.bbmnoticias.com\/labravaradiofm\/wp-json\/wp\/v2\/comments?post=7303"}],"version-history":[{"count":0,"href":"https:\/\/www.bbmnoticias.com\/labravaradiofm\/wp-json\/wp\/v2\/posts\/7303\/revisions"}],"wp:featuredmedia":[{"embeddable":true,"href":"https:\/\/www.bbmnoticias.com\/labravaradiofm\/wp-json\/wp\/v2\/media\/7304"}],"wp:attachment":[{"href":"https:\/\/www.bbmnoticias.com\/labravaradiofm\/wp-json\/wp\/v2\/media?parent=7303"}],"wp:term":[{"taxonomy":"category","embeddable":true,"href":"https:\/\/www.bbmnoticias.com\/labravaradiofm\/wp-json\/wp\/v2\/categories?post=7303"},{"taxonomy":"post_tag","embeddable":true,"href":"https:\/\/www.bbmnoticias.com\/labravaradiofm\/wp-json\/wp\/v2\/tags?post=7303"}],"curies":[{"name":"wp","href":"https:\/\/api.w.org\/{rel}","templated":true}]}}