{"id":72826,"date":"2026-01-19T11:54:47","date_gmt":"2026-01-19T17:54:47","guid":{"rendered":"https:\/\/www.bbmnoticias.com\/labravaradiofm\/2026\/01\/19\/vuelo-aifa-ixtepec-estrena-horario-vespertino\/"},"modified":"2026-01-19T11:54:49","modified_gmt":"2026-01-19T17:54:49","slug":"vuelo-aifa-ixtepec-estrena-horario-vespertino","status":"publish","type":"post","link":"https:\/\/www.bbmnoticias.com\/labravaradiofm\/2026\/01\/19\/vuelo-aifa-ixtepec-estrena-horario-vespertino\/","title":{"rendered":"Vuelo AIFA\u2013Ixtepec estrena horario vespertino"},"content":{"rendered":"<div style=\"margin-top: 0px; margin-bottom: 0px;\" class=\"sharethis-inline-share-buttons\" ><\/div>\n<p>Tijuana, 19 de enero.- El vuelo que conecta el Aeropuerto Internacional Felipe \u00c1ngeles con Ciudad Ixtepec, en el Istmo de Tehuantepec, estrena horario vespertino para mejorar la conectividad con esa regi\u00f3n de Oaxaca.<\/p>\n\n\n\n<p>La Secretar\u00eda de Turismo de Oaxaca inform\u00f3 que Mexicana de Aviaci\u00f3n modific\u00f3 los horarios de esta ruta, que ahora despega del AIFA a las 12:10 horas y desde Ixtepec a las 14:10 horas, los lunes, mi\u00e9rcoles y viernes.<\/p>\n\n\n\n<p>El trayecto tiene una duraci\u00f3n aproximada de una hora con 20 minutos, siendo esta una opci\u00f3n eficiente para quienes buscan explorar la regi\u00f3n del Istmo de Tehuantepec sin largas escalas o traslados terrestres.<\/p>\n\n\n\n<p>Esta conexi\u00f3n a\u00e9rea facilita el acceso a diversos municipios de la zona, donde convergen tradiciones ancestrales, arquitectura colonial y atractivos naturales.<\/p>\n\n\n\n<p>Los boletos para esta ruta pueden adquirirse a trav\u00e9s del sitio web oficial de Mexicana de Aviaci\u00f3n: <a href=\"https:\/\/mexicana.gob.mx\/\" target=\"_blank\" rel=\"noreferrer noopener\">https:\/\/mexicana.gob.mx\/<\/a><\/p>\n","protected":false},"excerpt":{"rendered":"<p>Tijuana, 19 de enero.- El vuelo que conecta el Aeropuerto Internacional Felipe \u00c1ngeles con Ciudad Ixtepec, en el Istmo de Tehuantepec, estrena horario vespertino para mejorar la conectividad con esa regi\u00f3n de Oaxaca. La Secretar\u00eda de Turismo de Oaxaca inform\u00f3 que Mexicana de Aviaci\u00f3n modific\u00f3 los horarios de esta ruta, que ahora despega del AIFA [&hellip;]<\/p>\n","protected":false},"author":4,"featured_media":72828,"comment_status":"closed","ping_status":"open","sticky":false,"template":"","format":"standard","meta":{"footnotes":""},"categories":[2],"tags":[],"class_list":{"0":"post-72826","1":"post","2":"type-post","3":"status-publish","4":"format-standard","5":"has-post-thumbnail","7":"category-oaxaca"},"yoast_head":"<!-- This site is optimized with the Yoast SEO plugin v27.4 - https:\/\/yoast.com\/product\/yoast-seo-wordpress\/ -->\n<title>Vuelo AIFA\u2013Ixtepec estrena horario vespertino - LA BRAVA RADIO<\/title>\n<meta name=\"robots\" content=\"index, follow, max-snippet:-1, max-image-preview:large, max-video-preview:-1\" \/>\n<link rel=\"canonical\" href=\"https:\/\/www.bbmnoticias.com\/vuelo-aifa-ixtepec-estrena-horario-vespertino\/\" \/>\n<meta property=\"og:locale\" content=\"es_MX\" \/>\n<meta property=\"og:type\" content=\"article\" \/>\n<meta property=\"og:title\" content=\"Vuelo AIFA\u2013Ixtepec estrena horario vespertino - LA BRAVA RADIO\" \/>\n<meta property=\"og:description\" content=\"Tijuana, 19 de enero.- El vuelo que conecta el Aeropuerto Internacional Felipe \u00c1ngeles con Ciudad Ixtepec, en el Istmo de Tehuantepec, estrena horario vespertino para mejorar la conectividad con esa regi\u00f3n de Oaxaca. La Secretar\u00eda de Turismo de Oaxaca inform\u00f3 que Mexicana de Aviaci\u00f3n modific\u00f3 los horarios de esta ruta, que ahora despega del AIFA [&hellip;]\" \/>\n<meta property=\"og:url\" content=\"https:\/\/www.bbmnoticias.com\/vuelo-aifa-ixtepec-estrena-horario-vespertino\/\" \/>\n<meta property=\"og:site_name\" content=\"LA BRAVA RADIO\" \/>\n<meta property=\"article:published_time\" content=\"2026-01-19T17:54:47+00:00\" \/>\n<meta property=\"article:modified_time\" content=\"2026-01-19T17:54:49+00:00\" \/>\n<meta property=\"og:image\" content=\"https:\/\/www.bbmnoticias.com\/labravaradiofm\/wp-content\/uploads\/sites\/5\/2026\/01\/mexicana.png\" \/>\n\t<meta property=\"og:image:width\" content=\"660\" \/>\n\t<meta property=\"og:image:height\" content=\"440\" \/>\n\t<meta property=\"og:image:type\" content=\"image\/png\" \/>\n<meta name=\"author\" content=\"Agencias\" \/>\n<meta name=\"twitter:card\" content=\"summary_large_image\" \/>\n<meta name=\"twitter:label1\" content=\"Escrito por\" \/>\n\t<meta name=\"twitter:data1\" content=\"Agencias\" \/>\n\t<meta name=\"twitter:label2\" content=\"Tiempo de lectura\" \/>\n\t<meta name=\"twitter:data2\" content=\"1 minuto\" \/>\n<script type=\"application\/ld+json\" class=\"yoast-schema-graph\">{\"@context\":\"https:\\\/\\\/schema.org\",\"@graph\":[{\"@type\":\"Article\",\"@id\":\"https:\\\/\\\/www.bbmnoticias.com\\\/vuelo-aifa-ixtepec-estrena-horario-vespertino\\\/#article\",\"isPartOf\":{\"@id\":\"https:\\\/\\\/www.bbmnoticias.com\\\/labravaradiofm\\\/2026\\\/01\\\/19\\\/vuelo-aifa-ixtepec-estrena-horario-vespertino\\\/\"},\"author\":{\"name\":\"Agencias\",\"@id\":\"https:\\\/\\\/www.bbmnoticias.com\\\/labravaradiofm\\\/#\\\/schema\\\/person\\\/000bdaf0a8fb5bff0d537c4d0778e33f\"},\"headline\":\"Vuelo AIFA\u2013Ixtepec estrena horario vespertino\",\"datePublished\":\"2026-01-19T17:54:47+00:00\",\"dateModified\":\"2026-01-19T17:54:49+00:00\",\"mainEntityOfPage\":{\"@id\":\"https:\\\/\\\/www.bbmnoticias.com\\\/labravaradiofm\\\/2026\\\/01\\\/19\\\/vuelo-aifa-ixtepec-estrena-horario-vespertino\\\/\"},\"wordCount\":160,\"image\":{\"@id\":\"https:\\\/\\\/www.bbmnoticias.com\\\/vuelo-aifa-ixtepec-estrena-horario-vespertino\\\/#primaryimage\"},\"thumbnailUrl\":\"https:\\\/\\\/www.bbmnoticias.com\\\/labravaradiofm\\\/wp-content\\\/uploads\\\/sites\\\/5\\\/2026\\\/01\\\/mexicana.png\",\"articleSection\":[\"LOCAL\"],\"inLanguage\":\"es\"},{\"@type\":\"WebPage\",\"@id\":\"https:\\\/\\\/www.bbmnoticias.com\\\/labravaradiofm\\\/2026\\\/01\\\/19\\\/vuelo-aifa-ixtepec-estrena-horario-vespertino\\\/\",\"url\":\"https:\\\/\\\/www.bbmnoticias.com\\\/vuelo-aifa-ixtepec-estrena-horario-vespertino\\\/\",\"name\":\"Vuelo AIFA\u2013Ixtepec estrena horario vespertino - LA BRAVA RADIO\",\"isPartOf\":{\"@id\":\"https:\\\/\\\/www.bbmnoticias.com\\\/labravaradiofm\\\/#website\"},\"primaryImageOfPage\":{\"@id\":\"https:\\\/\\\/www.bbmnoticias.com\\\/vuelo-aifa-ixtepec-estrena-horario-vespertino\\\/#primaryimage\"},\"image\":{\"@id\":\"https:\\\/\\\/www.bbmnoticias.com\\\/vuelo-aifa-ixtepec-estrena-horario-vespertino\\\/#primaryimage\"},\"thumbnailUrl\":\"https:\\\/\\\/www.bbmnoticias.com\\\/labravaradiofm\\\/wp-content\\\/uploads\\\/sites\\\/5\\\/2026\\\/01\\\/mexicana.png\",\"datePublished\":\"2026-01-19T17:54:47+00:00\",\"dateModified\":\"2026-01-19T17:54:49+00:00\",\"author\":{\"@id\":\"https:\\\/\\\/www.bbmnoticias.com\\\/labravaradiofm\\\/#\\\/schema\\\/person\\\/000bdaf0a8fb5bff0d537c4d0778e33f\"},\"breadcrumb\":{\"@id\":\"https:\\\/\\\/www.bbmnoticias.com\\\/vuelo-aifa-ixtepec-estrena-horario-vespertino\\\/#breadcrumb\"},\"inLanguage\":\"es\",\"potentialAction\":[{\"@type\":\"ReadAction\",\"target\":[\"https:\\\/\\\/www.bbmnoticias.com\\\/vuelo-aifa-ixtepec-estrena-horario-vespertino\\\/\"]}]},{\"@type\":\"ImageObject\",\"inLanguage\":\"es\",\"@id\":\"https:\\\/\\\/www.bbmnoticias.com\\\/vuelo-aifa-ixtepec-estrena-horario-vespertino\\\/#primaryimage\",\"url\":\"https:\\\/\\\/www.bbmnoticias.com\\\/labravaradiofm\\\/wp-content\\\/uploads\\\/sites\\\/5\\\/2026\\\/01\\\/mexicana.png\",\"contentUrl\":\"https:\\\/\\\/www.bbmnoticias.com\\\/labravaradiofm\\\/wp-content\\\/uploads\\\/sites\\\/5\\\/2026\\\/01\\\/mexicana.png\",\"width\":660,\"height\":440},{\"@type\":\"BreadcrumbList\",\"@id\":\"https:\\\/\\\/www.bbmnoticias.com\\\/vuelo-aifa-ixtepec-estrena-horario-vespertino\\\/#breadcrumb\",\"itemListElement\":[{\"@type\":\"ListItem\",\"position\":1,\"name\":\"Inicio\",\"item\":\"https:\\\/\\\/www.bbmnoticias.com\\\/labravaradiofm\\\/\"},{\"@type\":\"ListItem\",\"position\":2,\"name\":\"Vuelo AIFA\u2013Ixtepec estrena horario vespertino\"}]},{\"@type\":\"WebSite\",\"@id\":\"https:\\\/\\\/www.bbmnoticias.com\\\/labravaradiofm\\\/#website\",\"url\":\"https:\\\/\\\/www.bbmnoticias.com\\\/labravaradiofm\\\/\",\"name\":\"LA BRAVA RADIO\",\"description\":\"Empresa productora de medios, Radiodifusi\u00f3n, Noticias, tendencias y todo lo que necesitas saber de la pol\u00edtica mexicana e internacional; entretenimiento, espect\u00e1culos, salud y mucho m\u00e1s.\",\"potentialAction\":[{\"@type\":\"SearchAction\",\"target\":{\"@type\":\"EntryPoint\",\"urlTemplate\":\"https:\\\/\\\/www.bbmnoticias.com\\\/labravaradiofm\\\/?s={search_term_string}\"},\"query-input\":{\"@type\":\"PropertyValueSpecification\",\"valueRequired\":true,\"valueName\":\"search_term_string\"}}],\"inLanguage\":\"es\"},{\"@type\":\"Person\",\"@id\":\"https:\\\/\\\/www.bbmnoticias.com\\\/labravaradiofm\\\/#\\\/schema\\\/person\\\/000bdaf0a8fb5bff0d537c4d0778e33f\",\"name\":\"Agencias\",\"image\":{\"@type\":\"ImageObject\",\"inLanguage\":\"es\",\"@id\":\"https:\\\/\\\/secure.gravatar.com\\\/avatar\\\/739e0b61adf9e398b425c36718c8752286da0e8cd90f20ce9a86678abc26aa0d?s=96&d=mm&r=g\",\"url\":\"https:\\\/\\\/secure.gravatar.com\\\/avatar\\\/739e0b61adf9e398b425c36718c8752286da0e8cd90f20ce9a86678abc26aa0d?s=96&d=mm&r=g\",\"contentUrl\":\"https:\\\/\\\/secure.gravatar.com\\\/avatar\\\/739e0b61adf9e398b425c36718c8752286da0e8cd90f20ce9a86678abc26aa0d?s=96&d=mm&r=g\",\"caption\":\"Agencias\"},\"url\":\"https:\\\/\\\/www.bbmnoticias.com\\\/labravaradiofm\\\/author\\\/agencias\\\/\"}]}<\/script>\n<!-- \/ Yoast SEO plugin. -->","yoast_head_json":{"title":"Vuelo AIFA\u2013Ixtepec estrena horario vespertino - LA BRAVA RADIO","robots":{"index":"index","follow":"follow","max-snippet":"max-snippet:-1","max-image-preview":"max-image-preview:large","max-video-preview":"max-video-preview:-1"},"canonical":"https:\/\/www.bbmnoticias.com\/vuelo-aifa-ixtepec-estrena-horario-vespertino\/","og_locale":"es_MX","og_type":"article","og_title":"Vuelo AIFA\u2013Ixtepec estrena horario vespertino - LA BRAVA RADIO","og_description":"Tijuana, 19 de enero.- El vuelo que conecta el Aeropuerto Internacional Felipe \u00c1ngeles con Ciudad Ixtepec, en el Istmo de Tehuantepec, estrena horario vespertino para mejorar la conectividad con esa regi\u00f3n de Oaxaca. La Secretar\u00eda de Turismo de Oaxaca inform\u00f3 que Mexicana de Aviaci\u00f3n modific\u00f3 los horarios de esta ruta, que ahora despega del AIFA [&hellip;]","og_url":"https:\/\/www.bbmnoticias.com\/vuelo-aifa-ixtepec-estrena-horario-vespertino\/","og_site_name":"LA BRAVA RADIO","article_published_time":"2026-01-19T17:54:47+00:00","article_modified_time":"2026-01-19T17:54:49+00:00","og_image":[{"width":660,"height":440,"url":"https:\/\/www.bbmnoticias.com\/labravaradiofm\/wp-content\/uploads\/sites\/5\/2026\/01\/mexicana.png","type":"image\/png"}],"author":"Agencias","twitter_card":"summary_large_image","twitter_misc":{"Escrito por":"Agencias","Tiempo de lectura":"1 minuto"},"schema":{"@context":"https:\/\/schema.org","@graph":[{"@type":"Article","@id":"https:\/\/www.bbmnoticias.com\/vuelo-aifa-ixtepec-estrena-horario-vespertino\/#article","isPartOf":{"@id":"https:\/\/www.bbmnoticias.com\/labravaradiofm\/2026\/01\/19\/vuelo-aifa-ixtepec-estrena-horario-vespertino\/"},"author":{"name":"Agencias","@id":"https:\/\/www.bbmnoticias.com\/labravaradiofm\/#\/schema\/person\/000bdaf0a8fb5bff0d537c4d0778e33f"},"headline":"Vuelo AIFA\u2013Ixtepec estrena horario vespertino","datePublished":"2026-01-19T17:54:47+00:00","dateModified":"2026-01-19T17:54:49+00:00","mainEntityOfPage":{"@id":"https:\/\/www.bbmnoticias.com\/labravaradiofm\/2026\/01\/19\/vuelo-aifa-ixtepec-estrena-horario-vespertino\/"},"wordCount":160,"image":{"@id":"https:\/\/www.bbmnoticias.com\/vuelo-aifa-ixtepec-estrena-horario-vespertino\/#primaryimage"},"thumbnailUrl":"https:\/\/www.bbmnoticias.com\/labravaradiofm\/wp-content\/uploads\/sites\/5\/2026\/01\/mexicana.png","articleSection":["LOCAL"],"inLanguage":"es"},{"@type":"WebPage","@id":"https:\/\/www.bbmnoticias.com\/labravaradiofm\/2026\/01\/19\/vuelo-aifa-ixtepec-estrena-horario-vespertino\/","url":"https:\/\/www.bbmnoticias.com\/vuelo-aifa-ixtepec-estrena-horario-vespertino\/","name":"Vuelo AIFA\u2013Ixtepec estrena horario vespertino - LA BRAVA RADIO","isPartOf":{"@id":"https:\/\/www.bbmnoticias.com\/labravaradiofm\/#website"},"primaryImageOfPage":{"@id":"https:\/\/www.bbmnoticias.com\/vuelo-aifa-ixtepec-estrena-horario-vespertino\/#primaryimage"},"image":{"@id":"https:\/\/www.bbmnoticias.com\/vuelo-aifa-ixtepec-estrena-horario-vespertino\/#primaryimage"},"thumbnailUrl":"https:\/\/www.bbmnoticias.com\/labravaradiofm\/wp-content\/uploads\/sites\/5\/2026\/01\/mexicana.png","datePublished":"2026-01-19T17:54:47+00:00","dateModified":"2026-01-19T17:54:49+00:00","author":{"@id":"https:\/\/www.bbmnoticias.com\/labravaradiofm\/#\/schema\/person\/000bdaf0a8fb5bff0d537c4d0778e33f"},"breadcrumb":{"@id":"https:\/\/www.bbmnoticias.com\/vuelo-aifa-ixtepec-estrena-horario-vespertino\/#breadcrumb"},"inLanguage":"es","potentialAction":[{"@type":"ReadAction","target":["https:\/\/www.bbmnoticias.com\/vuelo-aifa-ixtepec-estrena-horario-vespertino\/"]}]},{"@type":"ImageObject","inLanguage":"es","@id":"https:\/\/www.bbmnoticias.com\/vuelo-aifa-ixtepec-estrena-horario-vespertino\/#primaryimage","url":"https:\/\/www.bbmnoticias.com\/labravaradiofm\/wp-content\/uploads\/sites\/5\/2026\/01\/mexicana.png","contentUrl":"https:\/\/www.bbmnoticias.com\/labravaradiofm\/wp-content\/uploads\/sites\/5\/2026\/01\/mexicana.png","width":660,"height":440},{"@type":"BreadcrumbList","@id":"https:\/\/www.bbmnoticias.com\/vuelo-aifa-ixtepec-estrena-horario-vespertino\/#breadcrumb","itemListElement":[{"@type":"ListItem","position":1,"name":"Inicio","item":"https:\/\/www.bbmnoticias.com\/labravaradiofm\/"},{"@type":"ListItem","position":2,"name":"Vuelo AIFA\u2013Ixtepec estrena horario vespertino"}]},{"@type":"WebSite","@id":"https:\/\/www.bbmnoticias.com\/labravaradiofm\/#website","url":"https:\/\/www.bbmnoticias.com\/labravaradiofm\/","name":"LA BRAVA RADIO","description":"Empresa productora de medios, Radiodifusi\u00f3n, Noticias, tendencias y todo lo que necesitas saber de la pol\u00edtica mexicana e internacional; entretenimiento, espect\u00e1culos, salud y mucho m\u00e1s.","potentialAction":[{"@type":"SearchAction","target":{"@type":"EntryPoint","urlTemplate":"https:\/\/www.bbmnoticias.com\/labravaradiofm\/?s={search_term_string}"},"query-input":{"@type":"PropertyValueSpecification","valueRequired":true,"valueName":"search_term_string"}}],"inLanguage":"es"},{"@type":"Person","@id":"https:\/\/www.bbmnoticias.com\/labravaradiofm\/#\/schema\/person\/000bdaf0a8fb5bff0d537c4d0778e33f","name":"Agencias","image":{"@type":"ImageObject","inLanguage":"es","@id":"https:\/\/secure.gravatar.com\/avatar\/739e0b61adf9e398b425c36718c8752286da0e8cd90f20ce9a86678abc26aa0d?s=96&d=mm&r=g","url":"https:\/\/secure.gravatar.com\/avatar\/739e0b61adf9e398b425c36718c8752286da0e8cd90f20ce9a86678abc26aa0d?s=96&d=mm&r=g","contentUrl":"https:\/\/secure.gravatar.com\/avatar\/739e0b61adf9e398b425c36718c8752286da0e8cd90f20ce9a86678abc26aa0d?s=96&d=mm&r=g","caption":"Agencias"},"url":"https:\/\/www.bbmnoticias.com\/labravaradiofm\/author\/agencias\/"}]}},"_links":{"self":[{"href":"https:\/\/www.bbmnoticias.com\/labravaradiofm\/wp-json\/wp\/v2\/posts\/72826","targetHints":{"allow":["GET"]}}],"collection":[{"href":"https:\/\/www.bbmnoticias.com\/labravaradiofm\/wp-json\/wp\/v2\/posts"}],"about":[{"href":"https:\/\/www.bbmnoticias.com\/labravaradiofm\/wp-json\/wp\/v2\/types\/post"}],"author":[{"embeddable":true,"href":"https:\/\/www.bbmnoticias.com\/labravaradiofm\/wp-json\/wp\/v2\/users\/4"}],"replies":[{"embeddable":true,"href":"https:\/\/www.bbmnoticias.com\/labravaradiofm\/wp-json\/wp\/v2\/comments?post=72826"}],"version-history":[{"count":0,"href":"https:\/\/www.bbmnoticias.com\/labravaradiofm\/wp-json\/wp\/v2\/posts\/72826\/revisions"}],"wp:featuredmedia":[{"embeddable":true,"href":"https:\/\/www.bbmnoticias.com\/labravaradiofm\/wp-json\/wp\/v2\/media\/72828"}],"wp:attachment":[{"href":"https:\/\/www.bbmnoticias.com\/labravaradiofm\/wp-json\/wp\/v2\/media?parent=72826"}],"wp:term":[{"taxonomy":"category","embeddable":true,"href":"https:\/\/www.bbmnoticias.com\/labravaradiofm\/wp-json\/wp\/v2\/categories?post=72826"},{"taxonomy":"post_tag","embeddable":true,"href":"https:\/\/www.bbmnoticias.com\/labravaradiofm\/wp-json\/wp\/v2\/tags?post=72826"}],"curies":[{"name":"wp","href":"https:\/\/api.w.org\/{rel}","templated":true}]}}