{"id":72792,"date":"2026-01-17T12:58:26","date_gmt":"2026-01-17T18:58:26","guid":{"rendered":"https:\/\/www.bbmnoticias.com\/labravaradiofm\/2026\/01\/17\/marco-hernandez-impulsa-la-cultura-istmena-junto-a-la-consul-de-francia-en-oaxaca\/"},"modified":"2026-01-17T12:58:46","modified_gmt":"2026-01-17T18:58:46","slug":"marco-hernandez-impulsa-la-cultura-istmena-junto-a-la-consul-de-francia-en-oaxaca","status":"publish","type":"post","link":"https:\/\/www.bbmnoticias.com\/labravaradiofm\/2026\/01\/17\/marco-hernandez-impulsa-la-cultura-istmena-junto-a-la-consul-de-francia-en-oaxaca\/","title":{"rendered":"Marco Hern\u00e1ndez impulsa la cultura istme\u00f1a junto a la c\u00f3nsul de Francia en Oaxaca"},"content":{"rendered":"<div style=\"margin-top: 0px; margin-bottom: 0px;\" class=\"sharethis-inline-share-buttons\" ><\/div>\n<p>En el marco de un encuentro de car\u00e1cter cultural y diplom\u00e1tico, Marco Hern\u00e1ndez particip\u00f3 como invitado especial en una actividad encabezada por la c\u00f3nsul de Francia en el estado de Oaxaca, la Lic. Roamhy Heras. Durante este acercamiento, se destac\u00f3 la riqueza cultural de la regi\u00f3n del Istmo de Tehuantepec, as\u00ed como su valor hist\u00f3rico, art\u00edstico y social.<\/p>\n\n\n\n<p>Marco Hern\u00e1ndez subray\u00f3 la importancia de fortalecer los lazos culturales entre Oaxaca y Francia, e hizo un llamado para que el pa\u00eds europeo contemple con mayor inter\u00e9s la cultura istme\u00f1a, reconoci\u00e9ndola como un referente de identidad, tradici\u00f3n y diversidad. Este tipo de encuentros abren la puerta a futuras colaboraciones culturales, gastronomicas, artesanales y artisticas que contribuyan a la proyecci\u00f3n internacional del patrimonio oaxaque\u00f1o.<\/p>\n","protected":false},"excerpt":{"rendered":"<p>En el marco de un encuentro de car\u00e1cter cultural y diplom\u00e1tico, Marco Hern\u00e1ndez particip\u00f3 como invitado especial en una actividad encabezada por la c\u00f3nsul de Francia en el estado de Oaxaca, la Lic. Roamhy Heras. Durante este acercamiento, se destac\u00f3 la riqueza cultural de la regi\u00f3n del Istmo de Tehuantepec, as\u00ed como su valor hist\u00f3rico, [&hellip;]<\/p>\n","protected":false},"author":2,"featured_media":72794,"comment_status":"closed","ping_status":"open","sticky":false,"template":"","format":"standard","meta":{"footnotes":""},"categories":[2],"tags":[],"class_list":{"0":"post-72792","1":"post","2":"type-post","3":"status-publish","4":"format-standard","5":"has-post-thumbnail","7":"category-oaxaca"},"yoast_head":"<!-- This site is optimized with the Yoast SEO plugin v27.4 - https:\/\/yoast.com\/product\/yoast-seo-wordpress\/ -->\n<title>Marco Hern\u00e1ndez impulsa la cultura istme\u00f1a junto a la c\u00f3nsul de Francia en Oaxaca - LA BRAVA RADIO<\/title>\n<meta name=\"robots\" content=\"index, follow, max-snippet:-1, max-image-preview:large, max-video-preview:-1\" \/>\n<link rel=\"canonical\" href=\"https:\/\/www.bbmnoticias.com\/marco-hernandez-impulsa-la-cultura-istmena-junto-a-la-consul-de-francia-en-oaxaca\/\" \/>\n<meta property=\"og:locale\" content=\"es_MX\" \/>\n<meta property=\"og:type\" content=\"article\" \/>\n<meta property=\"og:title\" content=\"Marco Hern\u00e1ndez impulsa la cultura istme\u00f1a junto a la c\u00f3nsul de Francia en Oaxaca - LA BRAVA RADIO\" \/>\n<meta property=\"og:description\" content=\"En el marco de un encuentro de car\u00e1cter cultural y diplom\u00e1tico, Marco Hern\u00e1ndez particip\u00f3 como invitado especial en una actividad encabezada por la c\u00f3nsul de Francia en el estado de Oaxaca, la Lic. Roamhy Heras. Durante este acercamiento, se destac\u00f3 la riqueza cultural de la regi\u00f3n del Istmo de Tehuantepec, as\u00ed como su valor hist\u00f3rico, [&hellip;]\" \/>\n<meta property=\"og:url\" content=\"https:\/\/www.bbmnoticias.com\/marco-hernandez-impulsa-la-cultura-istmena-junto-a-la-consul-de-francia-en-oaxaca\/\" \/>\n<meta property=\"og:site_name\" content=\"LA BRAVA RADIO\" \/>\n<meta property=\"article:published_time\" content=\"2026-01-17T18:58:26+00:00\" \/>\n<meta property=\"article:modified_time\" content=\"2026-01-17T18:58:46+00:00\" \/>\n<meta property=\"og:image\" content=\"https:\/\/www.bbmnoticias.com\/labravaradiofm\/wp-content\/uploads\/sites\/5\/2026\/01\/artista.jpg\" \/>\n\t<meta property=\"og:image:width\" content=\"800\" \/>\n\t<meta property=\"og:image:height\" content=\"450\" \/>\n\t<meta property=\"og:image:type\" content=\"image\/jpeg\" \/>\n<meta name=\"author\" content=\"Staff\" \/>\n<meta name=\"twitter:card\" content=\"summary_large_image\" \/>\n<meta name=\"twitter:label1\" content=\"Escrito por\" \/>\n\t<meta name=\"twitter:data1\" content=\"Staff\" \/>\n\t<meta name=\"twitter:label2\" content=\"Tiempo de lectura\" \/>\n\t<meta name=\"twitter:data2\" content=\"1 minuto\" \/>\n<script type=\"application\/ld+json\" class=\"yoast-schema-graph\">{\"@context\":\"https:\\\/\\\/schema.org\",\"@graph\":[{\"@type\":\"Article\",\"@id\":\"https:\\\/\\\/www.bbmnoticias.com\\\/marco-hernandez-impulsa-la-cultura-istmena-junto-a-la-consul-de-francia-en-oaxaca\\\/#article\",\"isPartOf\":{\"@id\":\"https:\\\/\\\/www.bbmnoticias.com\\\/labravaradiofm\\\/2026\\\/01\\\/17\\\/marco-hernandez-impulsa-la-cultura-istmena-junto-a-la-consul-de-francia-en-oaxaca\\\/\"},\"author\":{\"name\":\"Staff\",\"@id\":\"https:\\\/\\\/www.bbmnoticias.com\\\/labravaradiofm\\\/#\\\/schema\\\/person\\\/68a9e9036ef3c5b55aeb2b71dc8bab45\"},\"headline\":\"Marco Hern\u00e1ndez impulsa la cultura istme\u00f1a junto a la c\u00f3nsul de Francia en Oaxaca\",\"datePublished\":\"2026-01-17T18:58:26+00:00\",\"dateModified\":\"2026-01-17T18:58:46+00:00\",\"mainEntityOfPage\":{\"@id\":\"https:\\\/\\\/www.bbmnoticias.com\\\/labravaradiofm\\\/2026\\\/01\\\/17\\\/marco-hernandez-impulsa-la-cultura-istmena-junto-a-la-consul-de-francia-en-oaxaca\\\/\"},\"wordCount\":153,\"image\":{\"@id\":\"https:\\\/\\\/www.bbmnoticias.com\\\/marco-hernandez-impulsa-la-cultura-istmena-junto-a-la-consul-de-francia-en-oaxaca\\\/#primaryimage\"},\"thumbnailUrl\":\"https:\\\/\\\/www.bbmnoticias.com\\\/labravaradiofm\\\/wp-content\\\/uploads\\\/sites\\\/5\\\/2026\\\/01\\\/artista.jpg\",\"articleSection\":[\"LOCAL\"],\"inLanguage\":\"es\"},{\"@type\":\"WebPage\",\"@id\":\"https:\\\/\\\/www.bbmnoticias.com\\\/labravaradiofm\\\/2026\\\/01\\\/17\\\/marco-hernandez-impulsa-la-cultura-istmena-junto-a-la-consul-de-francia-en-oaxaca\\\/\",\"url\":\"https:\\\/\\\/www.bbmnoticias.com\\\/marco-hernandez-impulsa-la-cultura-istmena-junto-a-la-consul-de-francia-en-oaxaca\\\/\",\"name\":\"Marco Hern\u00e1ndez impulsa la cultura istme\u00f1a junto a la c\u00f3nsul de Francia en Oaxaca - LA BRAVA RADIO\",\"isPartOf\":{\"@id\":\"https:\\\/\\\/www.bbmnoticias.com\\\/labravaradiofm\\\/#website\"},\"primaryImageOfPage\":{\"@id\":\"https:\\\/\\\/www.bbmnoticias.com\\\/marco-hernandez-impulsa-la-cultura-istmena-junto-a-la-consul-de-francia-en-oaxaca\\\/#primaryimage\"},\"image\":{\"@id\":\"https:\\\/\\\/www.bbmnoticias.com\\\/marco-hernandez-impulsa-la-cultura-istmena-junto-a-la-consul-de-francia-en-oaxaca\\\/#primaryimage\"},\"thumbnailUrl\":\"https:\\\/\\\/www.bbmnoticias.com\\\/labravaradiofm\\\/wp-content\\\/uploads\\\/sites\\\/5\\\/2026\\\/01\\\/artista.jpg\",\"datePublished\":\"2026-01-17T18:58:26+00:00\",\"dateModified\":\"2026-01-17T18:58:46+00:00\",\"author\":{\"@id\":\"https:\\\/\\\/www.bbmnoticias.com\\\/labravaradiofm\\\/#\\\/schema\\\/person\\\/68a9e9036ef3c5b55aeb2b71dc8bab45\"},\"breadcrumb\":{\"@id\":\"https:\\\/\\\/www.bbmnoticias.com\\\/marco-hernandez-impulsa-la-cultura-istmena-junto-a-la-consul-de-francia-en-oaxaca\\\/#breadcrumb\"},\"inLanguage\":\"es\",\"potentialAction\":[{\"@type\":\"ReadAction\",\"target\":[\"https:\\\/\\\/www.bbmnoticias.com\\\/marco-hernandez-impulsa-la-cultura-istmena-junto-a-la-consul-de-francia-en-oaxaca\\\/\"]}]},{\"@type\":\"ImageObject\",\"inLanguage\":\"es\",\"@id\":\"https:\\\/\\\/www.bbmnoticias.com\\\/marco-hernandez-impulsa-la-cultura-istmena-junto-a-la-consul-de-francia-en-oaxaca\\\/#primaryimage\",\"url\":\"https:\\\/\\\/www.bbmnoticias.com\\\/labravaradiofm\\\/wp-content\\\/uploads\\\/sites\\\/5\\\/2026\\\/01\\\/artista.jpg\",\"contentUrl\":\"https:\\\/\\\/www.bbmnoticias.com\\\/labravaradiofm\\\/wp-content\\\/uploads\\\/sites\\\/5\\\/2026\\\/01\\\/artista.jpg\",\"width\":800,\"height\":450},{\"@type\":\"BreadcrumbList\",\"@id\":\"https:\\\/\\\/www.bbmnoticias.com\\\/marco-hernandez-impulsa-la-cultura-istmena-junto-a-la-consul-de-francia-en-oaxaca\\\/#breadcrumb\",\"itemListElement\":[{\"@type\":\"ListItem\",\"position\":1,\"name\":\"Inicio\",\"item\":\"https:\\\/\\\/www.bbmnoticias.com\\\/labravaradiofm\\\/\"},{\"@type\":\"ListItem\",\"position\":2,\"name\":\"Marco Hern\u00e1ndez impulsa la cultura istme\u00f1a junto a la c\u00f3nsul de Francia en Oaxaca\"}]},{\"@type\":\"WebSite\",\"@id\":\"https:\\\/\\\/www.bbmnoticias.com\\\/labravaradiofm\\\/#website\",\"url\":\"https:\\\/\\\/www.bbmnoticias.com\\\/labravaradiofm\\\/\",\"name\":\"LA BRAVA RADIO\",\"description\":\"Empresa productora de medios, Radiodifusi\u00f3n, Noticias, tendencias y todo lo que necesitas saber de la pol\u00edtica mexicana e internacional; entretenimiento, espect\u00e1culos, salud y mucho m\u00e1s.\",\"potentialAction\":[{\"@type\":\"SearchAction\",\"target\":{\"@type\":\"EntryPoint\",\"urlTemplate\":\"https:\\\/\\\/www.bbmnoticias.com\\\/labravaradiofm\\\/?s={search_term_string}\"},\"query-input\":{\"@type\":\"PropertyValueSpecification\",\"valueRequired\":true,\"valueName\":\"search_term_string\"}}],\"inLanguage\":\"es\"},{\"@type\":\"Person\",\"@id\":\"https:\\\/\\\/www.bbmnoticias.com\\\/labravaradiofm\\\/#\\\/schema\\\/person\\\/68a9e9036ef3c5b55aeb2b71dc8bab45\",\"name\":\"Staff\",\"image\":{\"@type\":\"ImageObject\",\"inLanguage\":\"es\",\"@id\":\"https:\\\/\\\/secure.gravatar.com\\\/avatar\\\/fdd21ad66fd8b98c407f9dee5b5e588cfe7f0d8579ec20fa6527cd59bab7f0f0?s=96&d=mm&r=g\",\"url\":\"https:\\\/\\\/secure.gravatar.com\\\/avatar\\\/fdd21ad66fd8b98c407f9dee5b5e588cfe7f0d8579ec20fa6527cd59bab7f0f0?s=96&d=mm&r=g\",\"contentUrl\":\"https:\\\/\\\/secure.gravatar.com\\\/avatar\\\/fdd21ad66fd8b98c407f9dee5b5e588cfe7f0d8579ec20fa6527cd59bab7f0f0?s=96&d=mm&r=g\",\"caption\":\"Staff\"},\"url\":\"https:\\\/\\\/www.bbmnoticias.com\\\/labravaradiofm\\\/author\\\/redaccion\\\/\"}]}<\/script>\n<!-- \/ Yoast SEO plugin. -->","yoast_head_json":{"title":"Marco Hern\u00e1ndez impulsa la cultura istme\u00f1a junto a la c\u00f3nsul de Francia en Oaxaca - LA BRAVA RADIO","robots":{"index":"index","follow":"follow","max-snippet":"max-snippet:-1","max-image-preview":"max-image-preview:large","max-video-preview":"max-video-preview:-1"},"canonical":"https:\/\/www.bbmnoticias.com\/marco-hernandez-impulsa-la-cultura-istmena-junto-a-la-consul-de-francia-en-oaxaca\/","og_locale":"es_MX","og_type":"article","og_title":"Marco Hern\u00e1ndez impulsa la cultura istme\u00f1a junto a la c\u00f3nsul de Francia en Oaxaca - LA BRAVA RADIO","og_description":"En el marco de un encuentro de car\u00e1cter cultural y diplom\u00e1tico, Marco Hern\u00e1ndez particip\u00f3 como invitado especial en una actividad encabezada por la c\u00f3nsul de Francia en el estado de Oaxaca, la Lic. Roamhy Heras. Durante este acercamiento, se destac\u00f3 la riqueza cultural de la regi\u00f3n del Istmo de Tehuantepec, as\u00ed como su valor hist\u00f3rico, [&hellip;]","og_url":"https:\/\/www.bbmnoticias.com\/marco-hernandez-impulsa-la-cultura-istmena-junto-a-la-consul-de-francia-en-oaxaca\/","og_site_name":"LA BRAVA RADIO","article_published_time":"2026-01-17T18:58:26+00:00","article_modified_time":"2026-01-17T18:58:46+00:00","og_image":[{"width":800,"height":450,"url":"https:\/\/www.bbmnoticias.com\/labravaradiofm\/wp-content\/uploads\/sites\/5\/2026\/01\/artista.jpg","type":"image\/jpeg"}],"author":"Staff","twitter_card":"summary_large_image","twitter_misc":{"Escrito por":"Staff","Tiempo de lectura":"1 minuto"},"schema":{"@context":"https:\/\/schema.org","@graph":[{"@type":"Article","@id":"https:\/\/www.bbmnoticias.com\/marco-hernandez-impulsa-la-cultura-istmena-junto-a-la-consul-de-francia-en-oaxaca\/#article","isPartOf":{"@id":"https:\/\/www.bbmnoticias.com\/labravaradiofm\/2026\/01\/17\/marco-hernandez-impulsa-la-cultura-istmena-junto-a-la-consul-de-francia-en-oaxaca\/"},"author":{"name":"Staff","@id":"https:\/\/www.bbmnoticias.com\/labravaradiofm\/#\/schema\/person\/68a9e9036ef3c5b55aeb2b71dc8bab45"},"headline":"Marco Hern\u00e1ndez impulsa la cultura istme\u00f1a junto a la c\u00f3nsul de Francia en Oaxaca","datePublished":"2026-01-17T18:58:26+00:00","dateModified":"2026-01-17T18:58:46+00:00","mainEntityOfPage":{"@id":"https:\/\/www.bbmnoticias.com\/labravaradiofm\/2026\/01\/17\/marco-hernandez-impulsa-la-cultura-istmena-junto-a-la-consul-de-francia-en-oaxaca\/"},"wordCount":153,"image":{"@id":"https:\/\/www.bbmnoticias.com\/marco-hernandez-impulsa-la-cultura-istmena-junto-a-la-consul-de-francia-en-oaxaca\/#primaryimage"},"thumbnailUrl":"https:\/\/www.bbmnoticias.com\/labravaradiofm\/wp-content\/uploads\/sites\/5\/2026\/01\/artista.jpg","articleSection":["LOCAL"],"inLanguage":"es"},{"@type":"WebPage","@id":"https:\/\/www.bbmnoticias.com\/labravaradiofm\/2026\/01\/17\/marco-hernandez-impulsa-la-cultura-istmena-junto-a-la-consul-de-francia-en-oaxaca\/","url":"https:\/\/www.bbmnoticias.com\/marco-hernandez-impulsa-la-cultura-istmena-junto-a-la-consul-de-francia-en-oaxaca\/","name":"Marco Hern\u00e1ndez impulsa la cultura istme\u00f1a junto a la c\u00f3nsul de Francia en Oaxaca - LA BRAVA RADIO","isPartOf":{"@id":"https:\/\/www.bbmnoticias.com\/labravaradiofm\/#website"},"primaryImageOfPage":{"@id":"https:\/\/www.bbmnoticias.com\/marco-hernandez-impulsa-la-cultura-istmena-junto-a-la-consul-de-francia-en-oaxaca\/#primaryimage"},"image":{"@id":"https:\/\/www.bbmnoticias.com\/marco-hernandez-impulsa-la-cultura-istmena-junto-a-la-consul-de-francia-en-oaxaca\/#primaryimage"},"thumbnailUrl":"https:\/\/www.bbmnoticias.com\/labravaradiofm\/wp-content\/uploads\/sites\/5\/2026\/01\/artista.jpg","datePublished":"2026-01-17T18:58:26+00:00","dateModified":"2026-01-17T18:58:46+00:00","author":{"@id":"https:\/\/www.bbmnoticias.com\/labravaradiofm\/#\/schema\/person\/68a9e9036ef3c5b55aeb2b71dc8bab45"},"breadcrumb":{"@id":"https:\/\/www.bbmnoticias.com\/marco-hernandez-impulsa-la-cultura-istmena-junto-a-la-consul-de-francia-en-oaxaca\/#breadcrumb"},"inLanguage":"es","potentialAction":[{"@type":"ReadAction","target":["https:\/\/www.bbmnoticias.com\/marco-hernandez-impulsa-la-cultura-istmena-junto-a-la-consul-de-francia-en-oaxaca\/"]}]},{"@type":"ImageObject","inLanguage":"es","@id":"https:\/\/www.bbmnoticias.com\/marco-hernandez-impulsa-la-cultura-istmena-junto-a-la-consul-de-francia-en-oaxaca\/#primaryimage","url":"https:\/\/www.bbmnoticias.com\/labravaradiofm\/wp-content\/uploads\/sites\/5\/2026\/01\/artista.jpg","contentUrl":"https:\/\/www.bbmnoticias.com\/labravaradiofm\/wp-content\/uploads\/sites\/5\/2026\/01\/artista.jpg","width":800,"height":450},{"@type":"BreadcrumbList","@id":"https:\/\/www.bbmnoticias.com\/marco-hernandez-impulsa-la-cultura-istmena-junto-a-la-consul-de-francia-en-oaxaca\/#breadcrumb","itemListElement":[{"@type":"ListItem","position":1,"name":"Inicio","item":"https:\/\/www.bbmnoticias.com\/labravaradiofm\/"},{"@type":"ListItem","position":2,"name":"Marco Hern\u00e1ndez impulsa la cultura istme\u00f1a junto a la c\u00f3nsul de Francia en Oaxaca"}]},{"@type":"WebSite","@id":"https:\/\/www.bbmnoticias.com\/labravaradiofm\/#website","url":"https:\/\/www.bbmnoticias.com\/labravaradiofm\/","name":"LA BRAVA RADIO","description":"Empresa productora de medios, Radiodifusi\u00f3n, Noticias, tendencias y todo lo que necesitas saber de la pol\u00edtica mexicana e internacional; entretenimiento, espect\u00e1culos, salud y mucho m\u00e1s.","potentialAction":[{"@type":"SearchAction","target":{"@type":"EntryPoint","urlTemplate":"https:\/\/www.bbmnoticias.com\/labravaradiofm\/?s={search_term_string}"},"query-input":{"@type":"PropertyValueSpecification","valueRequired":true,"valueName":"search_term_string"}}],"inLanguage":"es"},{"@type":"Person","@id":"https:\/\/www.bbmnoticias.com\/labravaradiofm\/#\/schema\/person\/68a9e9036ef3c5b55aeb2b71dc8bab45","name":"Staff","image":{"@type":"ImageObject","inLanguage":"es","@id":"https:\/\/secure.gravatar.com\/avatar\/fdd21ad66fd8b98c407f9dee5b5e588cfe7f0d8579ec20fa6527cd59bab7f0f0?s=96&d=mm&r=g","url":"https:\/\/secure.gravatar.com\/avatar\/fdd21ad66fd8b98c407f9dee5b5e588cfe7f0d8579ec20fa6527cd59bab7f0f0?s=96&d=mm&r=g","contentUrl":"https:\/\/secure.gravatar.com\/avatar\/fdd21ad66fd8b98c407f9dee5b5e588cfe7f0d8579ec20fa6527cd59bab7f0f0?s=96&d=mm&r=g","caption":"Staff"},"url":"https:\/\/www.bbmnoticias.com\/labravaradiofm\/author\/redaccion\/"}]}},"_links":{"self":[{"href":"https:\/\/www.bbmnoticias.com\/labravaradiofm\/wp-json\/wp\/v2\/posts\/72792","targetHints":{"allow":["GET"]}}],"collection":[{"href":"https:\/\/www.bbmnoticias.com\/labravaradiofm\/wp-json\/wp\/v2\/posts"}],"about":[{"href":"https:\/\/www.bbmnoticias.com\/labravaradiofm\/wp-json\/wp\/v2\/types\/post"}],"author":[{"embeddable":true,"href":"https:\/\/www.bbmnoticias.com\/labravaradiofm\/wp-json\/wp\/v2\/users\/2"}],"replies":[{"embeddable":true,"href":"https:\/\/www.bbmnoticias.com\/labravaradiofm\/wp-json\/wp\/v2\/comments?post=72792"}],"version-history":[{"count":0,"href":"https:\/\/www.bbmnoticias.com\/labravaradiofm\/wp-json\/wp\/v2\/posts\/72792\/revisions"}],"wp:featuredmedia":[{"embeddable":true,"href":"https:\/\/www.bbmnoticias.com\/labravaradiofm\/wp-json\/wp\/v2\/media\/72794"}],"wp:attachment":[{"href":"https:\/\/www.bbmnoticias.com\/labravaradiofm\/wp-json\/wp\/v2\/media?parent=72792"}],"wp:term":[{"taxonomy":"category","embeddable":true,"href":"https:\/\/www.bbmnoticias.com\/labravaradiofm\/wp-json\/wp\/v2\/categories?post=72792"},{"taxonomy":"post_tag","embeddable":true,"href":"https:\/\/www.bbmnoticias.com\/labravaradiofm\/wp-json\/wp\/v2\/tags?post=72792"}],"curies":[{"name":"wp","href":"https:\/\/api.w.org\/{rel}","templated":true}]}}