{"id":72786,"date":"2026-01-17T08:46:51","date_gmt":"2026-01-17T14:46:51","guid":{"rendered":"https:\/\/www.bbmnoticias.com\/labravaradiofm\/2026\/01\/17\/que-no-se-te-pase-esta-es-la-fecha-limite-para-el-alistamiento-obligatorio-al-servicio-militar-2026\/"},"modified":"2026-01-17T08:46:54","modified_gmt":"2026-01-17T14:46:54","slug":"que-no-se-te-pase-esta-es-la-fecha-limite-para-el-alistamiento-obligatorio-al-servicio-militar-2026","status":"publish","type":"post","link":"https:\/\/www.bbmnoticias.com\/labravaradiofm\/2026\/01\/17\/que-no-se-te-pase-esta-es-la-fecha-limite-para-el-alistamiento-obligatorio-al-servicio-militar-2026\/","title":{"rendered":"\u00a1Qu\u00e9 no se te pase! Esta es la FECHA L\u00cdMITE para el alistamiento obligatorio al Servicio Militar 2026"},"content":{"rendered":"<div style=\"margin-top: 0px; margin-bottom: 0px;\" class=\"sharethis-inline-share-buttons\" ><\/div>\n<p>Desde el s\u00e1bado 3 <strong>de enero y hasta el 14 de febrero de 2026, l<\/strong>os j\u00f3venes que este a\u00f1o cumplen 18 a\u00f1os deben de acudir al proceso de alistamiento para el <strong>Servicio Militar Nacional (SMN), <\/strong>que a partir de este a\u00f1o<strong>ser\u00e1 obligatorio, <\/strong>de acuerdo con los nuevos lineamientos de la Secretar\u00eda de la Defensa Nacional (Sedena).<\/p>\n\n\n\n<p>Para cumplir con esta obligaci\u00f3n c\u00edvica, los j\u00f3venes deben de acudir a la Junta Militar Municipal o en su alcald\u00eda con los siguientes documentos:<\/p>\n\n\n\n<ul class=\"wp-block-list\">\n<li>Acta de nacimiento certificada<\/li>\n\n\n\n<li>Comprobante de domicilio<\/li>\n\n\n\n<li>Identificaci\u00f3n oficial<\/li>\n\n\n\n<li>CURP certificada o biom\u00e9trica<\/li>\n<\/ul>\n\n\n\n<figure class=\"wp-block-image\"><img decoding=\"async\" src=\"https:\/\/heraldodemexico.com.mx\/u\/fotografias\/m\/2025\/12\/27\/f768x1-1226518_1226645_5050.jpg\" alt=\"\"\/><figcaption class=\"wp-element-caption\">Servicio Militar Nacional es obligatorio<\/figcaption><\/figure>\n\n\n\n<figure class=\"wp-block-image\"><img decoding=\"async\" src=\"https:\/\/image8.pubmatic.com\/AdServer\/ImgSync?p=167031&amp;gdpr=0&amp;gdpr_consent=&amp;pu=https%3A%2F%2Fv6.truvidplayer.com%2Flive%2Fusersync.php%3Fprovider_id%3Dpubmatic%26user_id%3D%23PMUID\" alt=\"\"\/><\/figure>\n\n\n\n<figure class=\"wp-block-image\"><img decoding=\"async\" src=\"https:\/\/sync.smartadserver.com\/getuid?url=https%3A\/\/v6.truvidplayer.com\/live\/usersync.php%3Fprovider_id%3Dequative%26user_id%3D[sas_uid]&amp;gdpr_consent=&amp;nwid=3356\" alt=\"\"\/><\/figure>\n\n\n\n<p>El Servicio Militar Nacional ahora constar\u00e1 de<strong>13 sesiones sabatinas, aproximadamente en 3 meses, l<\/strong>o que hace que este periodo se reduzca, respecto a lo que anteriormente ten\u00eda que realizarse, pues los j\u00f3venes reclutas &#8220;marchaban&#8221; casi 5 meses cada s\u00e1bado, de las 07:00 a las 13:00 horas.<\/p>\n\n\n\n<h2 class=\"wp-block-heading\">\u00bfQui\u00e9nes NO deben de marchar en el Servicio Militar Nacional 2026?<\/h2>\n\n\n\n<p>Recuerda que hay algunas personas que NO deben de realizar el Servicio Militar. Este caso es de aquellos que hayan sacado b<strong>ola negra en el sorteo realizado en noviembre del a\u00f1o pasado. Sin embargo, si t\u00fa sacaste bola blanca o azul,<\/strong> debes de cumplir con tu deber este periodo.<\/p>\n\n\n\n<p>Para este a\u00f1o, debes de tomar en cuenta las siguientes fechas para el Servicio Militar Nacional 2026:<\/p>\n\n\n\n<ol class=\"wp-block-list\">\n<li>Primer escal\u00f3n:<strong> del 14 de febrero al 9 de mayo<\/strong><\/li>\n\n\n\n<li>Segundo escal\u00f3n: <strong>del 1 de agosto al 24 de noviembre<\/strong><\/li>\n<\/ol>\n","protected":false},"excerpt":{"rendered":"<p>Desde el s\u00e1bado 3 de enero y hasta el 14 de febrero de 2026, los j\u00f3venes que este a\u00f1o cumplen 18 a\u00f1os deben de acudir al proceso de alistamiento para el Servicio Militar Nacional (SMN), que a partir de este a\u00f1oser\u00e1 obligatorio, de acuerdo con los nuevos lineamientos de la Secretar\u00eda de la Defensa Nacional [&hellip;]<\/p>\n","protected":false},"author":4,"featured_media":72788,"comment_status":"closed","ping_status":"open","sticky":false,"template":"","format":"standard","meta":{"footnotes":""},"categories":[2,19],"tags":[],"class_list":{"0":"post-72786","1":"post","2":"type-post","3":"status-publish","4":"format-standard","5":"has-post-thumbnail","7":"category-oaxaca","8":"category-nacional"},"yoast_head":"<!-- This site is optimized with the Yoast SEO plugin v27.4 - https:\/\/yoast.com\/product\/yoast-seo-wordpress\/ -->\n<title>\u00a1Qu\u00e9 no se te pase! Esta es la FECHA L\u00cdMITE para el alistamiento obligatorio al Servicio Militar 2026 - LA BRAVA RADIO<\/title>\n<meta name=\"robots\" content=\"index, follow, max-snippet:-1, max-image-preview:large, max-video-preview:-1\" \/>\n<link rel=\"canonical\" href=\"https:\/\/www.bbmnoticias.com\/que-no-se-te-pase-esta-es-la-fecha-limite-para-el-alistamiento-obligatorio-al-servicio-militar-2026\/\" \/>\n<meta property=\"og:locale\" content=\"es_MX\" \/>\n<meta property=\"og:type\" content=\"article\" \/>\n<meta property=\"og:title\" content=\"\u00a1Qu\u00e9 no se te pase! Esta es la FECHA L\u00cdMITE para el alistamiento obligatorio al Servicio Militar 2026 - LA BRAVA RADIO\" \/>\n<meta property=\"og:description\" content=\"Desde el s\u00e1bado 3 de enero y hasta el 14 de febrero de 2026, los j\u00f3venes que este a\u00f1o cumplen 18 a\u00f1os deben de acudir al proceso de alistamiento para el Servicio Militar Nacional (SMN), que a partir de este a\u00f1oser\u00e1 obligatorio, de acuerdo con los nuevos lineamientos de la Secretar\u00eda de la Defensa Nacional [&hellip;]\" \/>\n<meta property=\"og:url\" content=\"https:\/\/www.bbmnoticias.com\/que-no-se-te-pase-esta-es-la-fecha-limite-para-el-alistamiento-obligatorio-al-servicio-militar-2026\/\" \/>\n<meta property=\"og:site_name\" content=\"LA BRAVA RADIO\" \/>\n<meta property=\"article:published_time\" content=\"2026-01-17T14:46:51+00:00\" \/>\n<meta property=\"article:modified_time\" content=\"2026-01-17T14:46:54+00:00\" \/>\n<meta property=\"og:image\" content=\"https:\/\/www.bbmnoticias.com\/labravaradiofm\/wp-content\/uploads\/sites\/5\/2026\/01\/servicio_militar.jpg\" \/>\n\t<meta property=\"og:image:width\" content=\"848\" \/>\n\t<meta property=\"og:image:height\" content=\"477\" \/>\n\t<meta property=\"og:image:type\" content=\"image\/jpeg\" \/>\n<meta name=\"author\" content=\"Agencias\" \/>\n<meta name=\"twitter:card\" content=\"summary_large_image\" \/>\n<meta name=\"twitter:label1\" content=\"Escrito por\" \/>\n\t<meta name=\"twitter:data1\" content=\"Agencias\" \/>\n\t<meta name=\"twitter:label2\" content=\"Tiempo de lectura\" \/>\n\t<meta name=\"twitter:data2\" content=\"1 minuto\" \/>\n<script type=\"application\/ld+json\" class=\"yoast-schema-graph\">{\"@context\":\"https:\\\/\\\/schema.org\",\"@graph\":[{\"@type\":\"Article\",\"@id\":\"https:\\\/\\\/www.bbmnoticias.com\\\/que-no-se-te-pase-esta-es-la-fecha-limite-para-el-alistamiento-obligatorio-al-servicio-militar-2026\\\/#article\",\"isPartOf\":{\"@id\":\"https:\\\/\\\/www.bbmnoticias.com\\\/labravaradiofm\\\/2026\\\/01\\\/17\\\/que-no-se-te-pase-esta-es-la-fecha-limite-para-el-alistamiento-obligatorio-al-servicio-militar-2026\\\/\"},\"author\":{\"name\":\"Agencias\",\"@id\":\"https:\\\/\\\/www.bbmnoticias.com\\\/labravaradiofm\\\/#\\\/schema\\\/person\\\/000bdaf0a8fb5bff0d537c4d0778e33f\"},\"headline\":\"\u00a1Qu\u00e9 no se te pase! Esta es la FECHA L\u00cdMITE para el alistamiento obligatorio al Servicio Militar 2026\",\"datePublished\":\"2026-01-17T14:46:51+00:00\",\"dateModified\":\"2026-01-17T14:46:54+00:00\",\"mainEntityOfPage\":{\"@id\":\"https:\\\/\\\/www.bbmnoticias.com\\\/labravaradiofm\\\/2026\\\/01\\\/17\\\/que-no-se-te-pase-esta-es-la-fecha-limite-para-el-alistamiento-obligatorio-al-servicio-militar-2026\\\/\"},\"wordCount\":265,\"image\":{\"@id\":\"https:\\\/\\\/www.bbmnoticias.com\\\/que-no-se-te-pase-esta-es-la-fecha-limite-para-el-alistamiento-obligatorio-al-servicio-militar-2026\\\/#primaryimage\"},\"thumbnailUrl\":\"https:\\\/\\\/www.bbmnoticias.com\\\/labravaradiofm\\\/wp-content\\\/uploads\\\/sites\\\/5\\\/2026\\\/01\\\/servicio_militar.jpg\",\"articleSection\":[\"LOCAL\",\"NACIONAL\"],\"inLanguage\":\"es\"},{\"@type\":\"WebPage\",\"@id\":\"https:\\\/\\\/www.bbmnoticias.com\\\/labravaradiofm\\\/2026\\\/01\\\/17\\\/que-no-se-te-pase-esta-es-la-fecha-limite-para-el-alistamiento-obligatorio-al-servicio-militar-2026\\\/\",\"url\":\"https:\\\/\\\/www.bbmnoticias.com\\\/que-no-se-te-pase-esta-es-la-fecha-limite-para-el-alistamiento-obligatorio-al-servicio-militar-2026\\\/\",\"name\":\"\u00a1Qu\u00e9 no se te pase! Esta es la FECHA L\u00cdMITE para el alistamiento obligatorio al Servicio Militar 2026 - LA BRAVA RADIO\",\"isPartOf\":{\"@id\":\"https:\\\/\\\/www.bbmnoticias.com\\\/labravaradiofm\\\/#website\"},\"primaryImageOfPage\":{\"@id\":\"https:\\\/\\\/www.bbmnoticias.com\\\/que-no-se-te-pase-esta-es-la-fecha-limite-para-el-alistamiento-obligatorio-al-servicio-militar-2026\\\/#primaryimage\"},\"image\":{\"@id\":\"https:\\\/\\\/www.bbmnoticias.com\\\/que-no-se-te-pase-esta-es-la-fecha-limite-para-el-alistamiento-obligatorio-al-servicio-militar-2026\\\/#primaryimage\"},\"thumbnailUrl\":\"https:\\\/\\\/www.bbmnoticias.com\\\/labravaradiofm\\\/wp-content\\\/uploads\\\/sites\\\/5\\\/2026\\\/01\\\/servicio_militar.jpg\",\"datePublished\":\"2026-01-17T14:46:51+00:00\",\"dateModified\":\"2026-01-17T14:46:54+00:00\",\"author\":{\"@id\":\"https:\\\/\\\/www.bbmnoticias.com\\\/labravaradiofm\\\/#\\\/schema\\\/person\\\/000bdaf0a8fb5bff0d537c4d0778e33f\"},\"breadcrumb\":{\"@id\":\"https:\\\/\\\/www.bbmnoticias.com\\\/que-no-se-te-pase-esta-es-la-fecha-limite-para-el-alistamiento-obligatorio-al-servicio-militar-2026\\\/#breadcrumb\"},\"inLanguage\":\"es\",\"potentialAction\":[{\"@type\":\"ReadAction\",\"target\":[\"https:\\\/\\\/www.bbmnoticias.com\\\/que-no-se-te-pase-esta-es-la-fecha-limite-para-el-alistamiento-obligatorio-al-servicio-militar-2026\\\/\"]}]},{\"@type\":\"ImageObject\",\"inLanguage\":\"es\",\"@id\":\"https:\\\/\\\/www.bbmnoticias.com\\\/que-no-se-te-pase-esta-es-la-fecha-limite-para-el-alistamiento-obligatorio-al-servicio-militar-2026\\\/#primaryimage\",\"url\":\"https:\\\/\\\/www.bbmnoticias.com\\\/labravaradiofm\\\/wp-content\\\/uploads\\\/sites\\\/5\\\/2026\\\/01\\\/servicio_militar.jpg\",\"contentUrl\":\"https:\\\/\\\/www.bbmnoticias.com\\\/labravaradiofm\\\/wp-content\\\/uploads\\\/sites\\\/5\\\/2026\\\/01\\\/servicio_militar.jpg\",\"width\":848,\"height\":477},{\"@type\":\"BreadcrumbList\",\"@id\":\"https:\\\/\\\/www.bbmnoticias.com\\\/que-no-se-te-pase-esta-es-la-fecha-limite-para-el-alistamiento-obligatorio-al-servicio-militar-2026\\\/#breadcrumb\",\"itemListElement\":[{\"@type\":\"ListItem\",\"position\":1,\"name\":\"Inicio\",\"item\":\"https:\\\/\\\/www.bbmnoticias.com\\\/labravaradiofm\\\/\"},{\"@type\":\"ListItem\",\"position\":2,\"name\":\"\u00a1Qu\u00e9 no se te pase! Esta es la FECHA L\u00cdMITE para el alistamiento obligatorio al Servicio Militar 2026\"}]},{\"@type\":\"WebSite\",\"@id\":\"https:\\\/\\\/www.bbmnoticias.com\\\/labravaradiofm\\\/#website\",\"url\":\"https:\\\/\\\/www.bbmnoticias.com\\\/labravaradiofm\\\/\",\"name\":\"LA BRAVA RADIO\",\"description\":\"Empresa productora de medios, Radiodifusi\u00f3n, Noticias, tendencias y todo lo que necesitas saber de la pol\u00edtica mexicana e internacional; entretenimiento, espect\u00e1culos, salud y mucho m\u00e1s.\",\"potentialAction\":[{\"@type\":\"SearchAction\",\"target\":{\"@type\":\"EntryPoint\",\"urlTemplate\":\"https:\\\/\\\/www.bbmnoticias.com\\\/labravaradiofm\\\/?s={search_term_string}\"},\"query-input\":{\"@type\":\"PropertyValueSpecification\",\"valueRequired\":true,\"valueName\":\"search_term_string\"}}],\"inLanguage\":\"es\"},{\"@type\":\"Person\",\"@id\":\"https:\\\/\\\/www.bbmnoticias.com\\\/labravaradiofm\\\/#\\\/schema\\\/person\\\/000bdaf0a8fb5bff0d537c4d0778e33f\",\"name\":\"Agencias\",\"image\":{\"@type\":\"ImageObject\",\"inLanguage\":\"es\",\"@id\":\"https:\\\/\\\/secure.gravatar.com\\\/avatar\\\/739e0b61adf9e398b425c36718c8752286da0e8cd90f20ce9a86678abc26aa0d?s=96&d=mm&r=g\",\"url\":\"https:\\\/\\\/secure.gravatar.com\\\/avatar\\\/739e0b61adf9e398b425c36718c8752286da0e8cd90f20ce9a86678abc26aa0d?s=96&d=mm&r=g\",\"contentUrl\":\"https:\\\/\\\/secure.gravatar.com\\\/avatar\\\/739e0b61adf9e398b425c36718c8752286da0e8cd90f20ce9a86678abc26aa0d?s=96&d=mm&r=g\",\"caption\":\"Agencias\"},\"url\":\"https:\\\/\\\/www.bbmnoticias.com\\\/labravaradiofm\\\/author\\\/agencias\\\/\"}]}<\/script>\n<!-- \/ Yoast SEO plugin. -->","yoast_head_json":{"title":"\u00a1Qu\u00e9 no se te pase! Esta es la FECHA L\u00cdMITE para el alistamiento obligatorio al Servicio Militar 2026 - LA BRAVA RADIO","robots":{"index":"index","follow":"follow","max-snippet":"max-snippet:-1","max-image-preview":"max-image-preview:large","max-video-preview":"max-video-preview:-1"},"canonical":"https:\/\/www.bbmnoticias.com\/que-no-se-te-pase-esta-es-la-fecha-limite-para-el-alistamiento-obligatorio-al-servicio-militar-2026\/","og_locale":"es_MX","og_type":"article","og_title":"\u00a1Qu\u00e9 no se te pase! Esta es la FECHA L\u00cdMITE para el alistamiento obligatorio al Servicio Militar 2026 - LA BRAVA RADIO","og_description":"Desde el s\u00e1bado 3 de enero y hasta el 14 de febrero de 2026, los j\u00f3venes que este a\u00f1o cumplen 18 a\u00f1os deben de acudir al proceso de alistamiento para el Servicio Militar Nacional (SMN), que a partir de este a\u00f1oser\u00e1 obligatorio, de acuerdo con los nuevos lineamientos de la Secretar\u00eda de la Defensa Nacional [&hellip;]","og_url":"https:\/\/www.bbmnoticias.com\/que-no-se-te-pase-esta-es-la-fecha-limite-para-el-alistamiento-obligatorio-al-servicio-militar-2026\/","og_site_name":"LA BRAVA RADIO","article_published_time":"2026-01-17T14:46:51+00:00","article_modified_time":"2026-01-17T14:46:54+00:00","og_image":[{"width":848,"height":477,"url":"https:\/\/www.bbmnoticias.com\/labravaradiofm\/wp-content\/uploads\/sites\/5\/2026\/01\/servicio_militar.jpg","type":"image\/jpeg"}],"author":"Agencias","twitter_card":"summary_large_image","twitter_misc":{"Escrito por":"Agencias","Tiempo de lectura":"1 minuto"},"schema":{"@context":"https:\/\/schema.org","@graph":[{"@type":"Article","@id":"https:\/\/www.bbmnoticias.com\/que-no-se-te-pase-esta-es-la-fecha-limite-para-el-alistamiento-obligatorio-al-servicio-militar-2026\/#article","isPartOf":{"@id":"https:\/\/www.bbmnoticias.com\/labravaradiofm\/2026\/01\/17\/que-no-se-te-pase-esta-es-la-fecha-limite-para-el-alistamiento-obligatorio-al-servicio-militar-2026\/"},"author":{"name":"Agencias","@id":"https:\/\/www.bbmnoticias.com\/labravaradiofm\/#\/schema\/person\/000bdaf0a8fb5bff0d537c4d0778e33f"},"headline":"\u00a1Qu\u00e9 no se te pase! Esta es la FECHA L\u00cdMITE para el alistamiento obligatorio al Servicio Militar 2026","datePublished":"2026-01-17T14:46:51+00:00","dateModified":"2026-01-17T14:46:54+00:00","mainEntityOfPage":{"@id":"https:\/\/www.bbmnoticias.com\/labravaradiofm\/2026\/01\/17\/que-no-se-te-pase-esta-es-la-fecha-limite-para-el-alistamiento-obligatorio-al-servicio-militar-2026\/"},"wordCount":265,"image":{"@id":"https:\/\/www.bbmnoticias.com\/que-no-se-te-pase-esta-es-la-fecha-limite-para-el-alistamiento-obligatorio-al-servicio-militar-2026\/#primaryimage"},"thumbnailUrl":"https:\/\/www.bbmnoticias.com\/labravaradiofm\/wp-content\/uploads\/sites\/5\/2026\/01\/servicio_militar.jpg","articleSection":["LOCAL","NACIONAL"],"inLanguage":"es"},{"@type":"WebPage","@id":"https:\/\/www.bbmnoticias.com\/labravaradiofm\/2026\/01\/17\/que-no-se-te-pase-esta-es-la-fecha-limite-para-el-alistamiento-obligatorio-al-servicio-militar-2026\/","url":"https:\/\/www.bbmnoticias.com\/que-no-se-te-pase-esta-es-la-fecha-limite-para-el-alistamiento-obligatorio-al-servicio-militar-2026\/","name":"\u00a1Qu\u00e9 no se te pase! Esta es la FECHA L\u00cdMITE para el alistamiento obligatorio al Servicio Militar 2026 - LA BRAVA RADIO","isPartOf":{"@id":"https:\/\/www.bbmnoticias.com\/labravaradiofm\/#website"},"primaryImageOfPage":{"@id":"https:\/\/www.bbmnoticias.com\/que-no-se-te-pase-esta-es-la-fecha-limite-para-el-alistamiento-obligatorio-al-servicio-militar-2026\/#primaryimage"},"image":{"@id":"https:\/\/www.bbmnoticias.com\/que-no-se-te-pase-esta-es-la-fecha-limite-para-el-alistamiento-obligatorio-al-servicio-militar-2026\/#primaryimage"},"thumbnailUrl":"https:\/\/www.bbmnoticias.com\/labravaradiofm\/wp-content\/uploads\/sites\/5\/2026\/01\/servicio_militar.jpg","datePublished":"2026-01-17T14:46:51+00:00","dateModified":"2026-01-17T14:46:54+00:00","author":{"@id":"https:\/\/www.bbmnoticias.com\/labravaradiofm\/#\/schema\/person\/000bdaf0a8fb5bff0d537c4d0778e33f"},"breadcrumb":{"@id":"https:\/\/www.bbmnoticias.com\/que-no-se-te-pase-esta-es-la-fecha-limite-para-el-alistamiento-obligatorio-al-servicio-militar-2026\/#breadcrumb"},"inLanguage":"es","potentialAction":[{"@type":"ReadAction","target":["https:\/\/www.bbmnoticias.com\/que-no-se-te-pase-esta-es-la-fecha-limite-para-el-alistamiento-obligatorio-al-servicio-militar-2026\/"]}]},{"@type":"ImageObject","inLanguage":"es","@id":"https:\/\/www.bbmnoticias.com\/que-no-se-te-pase-esta-es-la-fecha-limite-para-el-alistamiento-obligatorio-al-servicio-militar-2026\/#primaryimage","url":"https:\/\/www.bbmnoticias.com\/labravaradiofm\/wp-content\/uploads\/sites\/5\/2026\/01\/servicio_militar.jpg","contentUrl":"https:\/\/www.bbmnoticias.com\/labravaradiofm\/wp-content\/uploads\/sites\/5\/2026\/01\/servicio_militar.jpg","width":848,"height":477},{"@type":"BreadcrumbList","@id":"https:\/\/www.bbmnoticias.com\/que-no-se-te-pase-esta-es-la-fecha-limite-para-el-alistamiento-obligatorio-al-servicio-militar-2026\/#breadcrumb","itemListElement":[{"@type":"ListItem","position":1,"name":"Inicio","item":"https:\/\/www.bbmnoticias.com\/labravaradiofm\/"},{"@type":"ListItem","position":2,"name":"\u00a1Qu\u00e9 no se te pase! Esta es la FECHA L\u00cdMITE para el alistamiento obligatorio al Servicio Militar 2026"}]},{"@type":"WebSite","@id":"https:\/\/www.bbmnoticias.com\/labravaradiofm\/#website","url":"https:\/\/www.bbmnoticias.com\/labravaradiofm\/","name":"LA BRAVA RADIO","description":"Empresa productora de medios, Radiodifusi\u00f3n, Noticias, tendencias y todo lo que necesitas saber de la pol\u00edtica mexicana e internacional; entretenimiento, espect\u00e1culos, salud y mucho m\u00e1s.","potentialAction":[{"@type":"SearchAction","target":{"@type":"EntryPoint","urlTemplate":"https:\/\/www.bbmnoticias.com\/labravaradiofm\/?s={search_term_string}"},"query-input":{"@type":"PropertyValueSpecification","valueRequired":true,"valueName":"search_term_string"}}],"inLanguage":"es"},{"@type":"Person","@id":"https:\/\/www.bbmnoticias.com\/labravaradiofm\/#\/schema\/person\/000bdaf0a8fb5bff0d537c4d0778e33f","name":"Agencias","image":{"@type":"ImageObject","inLanguage":"es","@id":"https:\/\/secure.gravatar.com\/avatar\/739e0b61adf9e398b425c36718c8752286da0e8cd90f20ce9a86678abc26aa0d?s=96&d=mm&r=g","url":"https:\/\/secure.gravatar.com\/avatar\/739e0b61adf9e398b425c36718c8752286da0e8cd90f20ce9a86678abc26aa0d?s=96&d=mm&r=g","contentUrl":"https:\/\/secure.gravatar.com\/avatar\/739e0b61adf9e398b425c36718c8752286da0e8cd90f20ce9a86678abc26aa0d?s=96&d=mm&r=g","caption":"Agencias"},"url":"https:\/\/www.bbmnoticias.com\/labravaradiofm\/author\/agencias\/"}]}},"_links":{"self":[{"href":"https:\/\/www.bbmnoticias.com\/labravaradiofm\/wp-json\/wp\/v2\/posts\/72786","targetHints":{"allow":["GET"]}}],"collection":[{"href":"https:\/\/www.bbmnoticias.com\/labravaradiofm\/wp-json\/wp\/v2\/posts"}],"about":[{"href":"https:\/\/www.bbmnoticias.com\/labravaradiofm\/wp-json\/wp\/v2\/types\/post"}],"author":[{"embeddable":true,"href":"https:\/\/www.bbmnoticias.com\/labravaradiofm\/wp-json\/wp\/v2\/users\/4"}],"replies":[{"embeddable":true,"href":"https:\/\/www.bbmnoticias.com\/labravaradiofm\/wp-json\/wp\/v2\/comments?post=72786"}],"version-history":[{"count":0,"href":"https:\/\/www.bbmnoticias.com\/labravaradiofm\/wp-json\/wp\/v2\/posts\/72786\/revisions"}],"wp:featuredmedia":[{"embeddable":true,"href":"https:\/\/www.bbmnoticias.com\/labravaradiofm\/wp-json\/wp\/v2\/media\/72788"}],"wp:attachment":[{"href":"https:\/\/www.bbmnoticias.com\/labravaradiofm\/wp-json\/wp\/v2\/media?parent=72786"}],"wp:term":[{"taxonomy":"category","embeddable":true,"href":"https:\/\/www.bbmnoticias.com\/labravaradiofm\/wp-json\/wp\/v2\/categories?post=72786"},{"taxonomy":"post_tag","embeddable":true,"href":"https:\/\/www.bbmnoticias.com\/labravaradiofm\/wp-json\/wp\/v2\/tags?post=72786"}],"curies":[{"name":"wp","href":"https:\/\/api.w.org\/{rel}","templated":true}]}}