{"id":72681,"date":"2026-01-15T11:14:10","date_gmt":"2026-01-15T17:14:10","guid":{"rendered":"https:\/\/www.bbmnoticias.com\/labravaradiofm\/2026\/01\/15\/sheinbaum-sobre-reforma-electoral-es-una-propuesta-que-le-va-a-gustar-a-todos\/"},"modified":"2026-01-15T11:14:31","modified_gmt":"2026-01-15T17:14:31","slug":"sheinbaum-sobre-reforma-electoral-es-una-propuesta-que-le-va-a-gustar-a-todos","status":"publish","type":"post","link":"https:\/\/www.bbmnoticias.com\/labravaradiofm\/2026\/01\/15\/sheinbaum-sobre-reforma-electoral-es-una-propuesta-que-le-va-a-gustar-a-todos\/","title":{"rendered":"Sheinbaum sobre reforma electoral: &#8220;Es una propuesta que le va a gustar a todos&#8221;"},"content":{"rendered":"<div style=\"margin-top: 0px; margin-bottom: 0px;\" class=\"sharethis-inline-share-buttons\" ><\/div>\n<p>Al reiterar que a\u00fan no hay versi\u00f3n final, la <strong>presidenta Claudia Sheinbaum<\/strong> detall\u00f3 los elementos principales de la <strong>reforma electoral<\/strong> que est\u00e1n trabajando. La primera semana de febrero, adelant\u00f3 la mandataria, estar\u00eda lista la primera versi\u00f3n, en la que se contempla la reducci\u00f3n de gastos, mantener la autonom\u00eda del <strong>Instituto Nacional Electoral<\/strong> y el fortalecimiento de la democracia participativa.<\/p>\n\n\n\n<p>\u201cUna reducci\u00f3n de los gastos, en general, a los partidos, al <strong>INE<\/strong>, Oples (<strong>Organismos P\u00fablicos Locales<\/strong>), las <strong>elecciones <\/strong>son de las m\u00e1s caras en el mundo, y consideramos que debe ser algo de consenso, estamos de acuerdo de que no deben ser tan onerosas.<\/p>\n\n\n\n<blockquote class=\"wp-block-quote is-layout-flow wp-block-quote-is-layout-flow\">\n<p>\u201cNo se le quita autonom\u00eda al INE, tambi\u00e9n el n\u00famero de regidores, que se puedan establecer, es una propuesta que le va a gustar a todos, sobre el fuero estamos analizando hasta qu\u00e9 punto, es una propuesta que fortalece nuestro sistema electoral y nuestra democracia\u201d, sostuvo en la Ma\u00f1anera de este 15 de enero.<\/p>\n<\/blockquote>\n\n\n\n<p>Tambi\u00e9n se busca un esquema distinto en la definici\u00f3n de los diputados por la v\u00eda de la <strong>representaci\u00f3n proporcional<\/strong>.<\/p>\n\n\n\n<p>\u201cLas representaciones proporcionales, llamados plurinominales, que se elijan de manera distintas, que no sean estas listas de las c\u00fapulas de los partidos\u201d, destac\u00f3.<\/p>\n\n\n\n<figure class=\"wp-block-image\"><img decoding=\"async\" src=\"https:\/\/heraldodemexico.com.mx\/u\/fotografias\/m\/2026\/1\/15\/f768x1-1233164_1233291_5050.jpeg\" alt=\"\"\/><figcaption class=\"wp-element-caption\">Leyenda<\/figcaption><\/figure>\n\n\n\n<p>Agreg\u00f3 que van a mantener el di\u00e1logo con los partidos aliados, como <strong>Verde <\/strong>o <strong>PT<\/strong>, para atender sus opiniones, incluso ser\u00e1 la Secretaria de Gobernaci\u00f3n, <strong>Rosa Icela Rodr\u00edguez<\/strong>, quien los podr\u00e1 recibir. Sheinbaum hizo un llamado a la calma, pues a\u00fan no se define la integraci\u00f3n del documento.<\/p>\n\n\n\n<p>\u201cTodav\u00eda no tenemos la propuesta, eso es muy importante, estamos haciendo una propuesta (&#8230;) ya la calificaron, le pusieron Ley Maduro, no hemos presentado propuesta\u201d, dijo.<\/p>\n\n\n\n<h2 class=\"wp-block-heading\">Prev\u00e9n elecci\u00f3n judicial para 2028<\/h2>\n\n\n\n<p>La <strong>presidenta Claudia Sheinbaum Pardo<\/strong> se\u00f1al\u00f3 que tras leer la propuesta del <strong>Instituto Nacional Electoral<\/strong> (INE) de posponer un a\u00f1o la elecci\u00f3n judicial para que se realice en 2028, se debe considerar.<\/p>\n\n\n\n<p>En la conferencia de prensa, dijo que entre los argumentos que plantea el <strong>INE <\/strong>para que la elecci\u00f3n judicial no se realice con la intermedia en 2027 es para \u201cque no quede todo junto\u201d.<\/p>\n\n\n\n<p>\u201cLe\u00ed la propuesta que present\u00f3 el INE, aunque es largu\u00edsima. La verdad, todav\u00eda no la acabo esa. Tienen algo ah\u00ed interesante: Le propusieron a Pablo (G\u00f3mez) que se llevara la elecci\u00f3n de jueces para el 28, no el 27, para que no quede todo junto. El INE propuso eso, entonces hay que considerarlo, de acuerdo a los argumentos del INE\u201d, indic\u00f3.<\/p>\n\n\n\n<p>El 12 de enero, la presidenta <strong>Sheinbaum Pardo<\/strong> dijo que se tendr\u00eda que reformar la Constituci\u00f3n para cambiar la segunda parte de la elecci\u00f3n judicial del 2027 a 2028 o en su caso facilitar el voto.<\/p>\n\n\n\n<p>Refiri\u00f3 que cuando se realiz\u00f3 la elecci\u00f3n judicial el a\u00f1o pasado, en <strong>Durango <\/strong>y <strong>Veracruz <\/strong>se tuvo que hacer dos filas.<\/p>\n\n\n\n<p>\u201cY las casillas eran diferentes. Eso no, no est\u00e1 bien, porque c\u00f3mo vas a ir a una casilla, y luego: \u2018oye, ahora vete a la otra casilla a votar por el Poder Judicial\u2019, si idealmente tiene que ser la misma casilla, porque si no\u2026 Ya una persona que hizo fila para una casilla, no necesariamente va a hacer fila para la segunda casilla\u201d, dijo.<\/p>\n\n\n\n<p>\u201cTemas de esos tienen que resolverse con el INE, si en el \u201827 va a ser conjunta la&#8230; Que, hasta ahora, en la Constituci\u00f3n est\u00e1 as\u00ed. Habr\u00eda que cambiar la Constituci\u00f3n para que la segunda parte del Poder Judicial y su elecci\u00f3n fueran en otro a\u00f1o, se tendr\u00eda que cambiar la Constituci\u00f3n. Si no se cambia la Constituci\u00f3n, hay que facilitar el voto, porque no puede ser que sean dos casillas diferentes, \u00bfno?\u201d, opin\u00f3.<\/p>\n\n\n\n<p>En la ma\u00f1anera de este jueves, la <strong>presidenta Sheinbaum Pardo<\/strong> dijo tambi\u00e9n ley\u00f3 la propuesta de reforma electoral del empresario Claudio X. Gonz\u00e1lez, la que calific\u00f3 de \u201cbastante mala\u201d y la del <strong>exconsejero presidente del INE, Lorenzo C\u00f3rdova<\/strong>, que \u201ctampoco est\u00e1 muy buena\u201d.<\/p>\n\n\n\n<blockquote class=\"wp-block-quote is-layout-flow wp-block-quote-is-layout-flow\">\n<p>\u201cSe ha escuchado a todos, a todos. Por ejemplo, ayer me dieron la\u2026 &nbsp;Le\u00ed la propuesta que present\u00f3 Claudio X Gonz\u00e1lez, bastante mala, por cierto. Le\u00ed la propuesta que present\u00f3 Lorenzo C\u00f3rdova\u201d, refiri\u00f3.<\/p>\n<\/blockquote>\n\n\n\n<p>La titular del Ejecutivo Federal asegur\u00f3 que todas las propuestas las recibi\u00f3 la <strong>Comisi\u00f3n Presidencial para la Reforma Electoral<\/strong>.&nbsp;<\/p>\n\n\n\n<p>\u201cS\u00ed las hemos le\u00eddo y las ha le\u00eddo la comisi\u00f3n. \u00bfqu\u00e9 es lo que vamos a hacer? Yo espero que primera, m\u00e1ximo segunda semana de febrero tengamos la propuesta, en este marco, como les mencion\u00f3 se env\u00eda al congreso y en el congreso se discute. Ah\u00ed, incluso, pueden hacer m\u00e1s foros si quieren\u201d, dijo.<\/p>\n\n\n\n<p>\u201cAh\u00ed se discute, y pues ya se considera su aprobaci\u00f3n, pero pues tenemos la atribuci\u00f3n para hacerlo, en el congreso, pues ah\u00ed est\u00e1 la representaci\u00f3n del PAN, del PRI, de Movimiento Ciudadano para poderlo discutir. Tampoco est\u00e1 muy buena (la propuesta de Lorenzo C\u00f3rdova), ellos tienen una idea del Instituto electoral, que yo considero debe ser un organismo aut\u00f3nomo, pero es el organizador de las elecciones, o de las consultas, no es m\u00e1s all\u00e1 que eso\u201d, acot\u00f3.<\/p>\n","protected":false},"excerpt":{"rendered":"<p>Al reiterar que a\u00fan no hay versi\u00f3n final, la presidenta Claudia Sheinbaum detall\u00f3 los elementos principales de la reforma electoral que est\u00e1n trabajando. La primera semana de febrero, adelant\u00f3 la mandataria, estar\u00eda lista la primera versi\u00f3n, en la que se contempla la reducci\u00f3n de gastos, mantener la autonom\u00eda del Instituto Nacional Electoral y el fortalecimiento [&hellip;]<\/p>\n","protected":false},"author":4,"featured_media":72683,"comment_status":"closed","ping_status":"open","sticky":false,"template":"","format":"standard","meta":{"footnotes":""},"categories":[2,19],"tags":[],"class_list":{"0":"post-72681","1":"post","2":"type-post","3":"status-publish","4":"format-standard","5":"has-post-thumbnail","7":"category-oaxaca","8":"category-nacional"},"yoast_head":"<!-- This site is optimized with the Yoast SEO plugin v27.4 - https:\/\/yoast.com\/product\/yoast-seo-wordpress\/ -->\n<title>Sheinbaum sobre reforma electoral: &quot;Es una propuesta que le va a gustar a todos&quot; - LA BRAVA RADIO<\/title>\n<meta name=\"robots\" content=\"index, follow, max-snippet:-1, max-image-preview:large, max-video-preview:-1\" \/>\n<link rel=\"canonical\" href=\"https:\/\/www.bbmnoticias.com\/sheinbaum-sobre-reforma-electoral-es-una-propuesta-que-le-va-a-gustar-a-todos\/\" \/>\n<meta property=\"og:locale\" content=\"es_MX\" \/>\n<meta property=\"og:type\" content=\"article\" \/>\n<meta property=\"og:title\" content=\"Sheinbaum sobre reforma electoral: &quot;Es una propuesta que le va a gustar a todos&quot; - LA BRAVA RADIO\" \/>\n<meta property=\"og:description\" content=\"Al reiterar que a\u00fan no hay versi\u00f3n final, la presidenta Claudia Sheinbaum detall\u00f3 los elementos principales de la reforma electoral que est\u00e1n trabajando. La primera semana de febrero, adelant\u00f3 la mandataria, estar\u00eda lista la primera versi\u00f3n, en la que se contempla la reducci\u00f3n de gastos, mantener la autonom\u00eda del Instituto Nacional Electoral y el fortalecimiento [&hellip;]\" \/>\n<meta property=\"og:url\" content=\"https:\/\/www.bbmnoticias.com\/sheinbaum-sobre-reforma-electoral-es-una-propuesta-que-le-va-a-gustar-a-todos\/\" \/>\n<meta property=\"og:site_name\" content=\"LA BRAVA RADIO\" \/>\n<meta property=\"article:published_time\" content=\"2026-01-15T17:14:10+00:00\" \/>\n<meta property=\"article:modified_time\" content=\"2026-01-15T17:14:31+00:00\" \/>\n<meta property=\"og:image\" content=\"https:\/\/www.bbmnoticias.com\/labravaradiofm\/wp-content\/uploads\/sites\/5\/2026\/01\/claudia_sheinbaum-4.jpg\" \/>\n\t<meta property=\"og:image:width\" content=\"848\" \/>\n\t<meta property=\"og:image:height\" content=\"477\" \/>\n\t<meta property=\"og:image:type\" content=\"image\/jpeg\" \/>\n<meta name=\"author\" content=\"Agencias\" \/>\n<meta name=\"twitter:card\" content=\"summary_large_image\" \/>\n<meta name=\"twitter:label1\" content=\"Escrito por\" \/>\n\t<meta name=\"twitter:data1\" content=\"Agencias\" \/>\n\t<meta name=\"twitter:label2\" content=\"Tiempo de lectura\" \/>\n\t<meta name=\"twitter:data2\" content=\"4 minutos\" \/>\n<script type=\"application\/ld+json\" class=\"yoast-schema-graph\">{\"@context\":\"https:\\\/\\\/schema.org\",\"@graph\":[{\"@type\":\"Article\",\"@id\":\"https:\\\/\\\/www.bbmnoticias.com\\\/sheinbaum-sobre-reforma-electoral-es-una-propuesta-que-le-va-a-gustar-a-todos\\\/#article\",\"isPartOf\":{\"@id\":\"https:\\\/\\\/www.bbmnoticias.com\\\/labravaradiofm\\\/2026\\\/01\\\/15\\\/sheinbaum-sobre-reforma-electoral-es-una-propuesta-que-le-va-a-gustar-a-todos\\\/\"},\"author\":{\"name\":\"Agencias\",\"@id\":\"https:\\\/\\\/www.bbmnoticias.com\\\/labravaradiofm\\\/#\\\/schema\\\/person\\\/000bdaf0a8fb5bff0d537c4d0778e33f\"},\"headline\":\"Sheinbaum sobre reforma electoral: &#8220;Es una propuesta que le va a gustar a todos&#8221;\",\"datePublished\":\"2026-01-15T17:14:10+00:00\",\"dateModified\":\"2026-01-15T17:14:31+00:00\",\"mainEntityOfPage\":{\"@id\":\"https:\\\/\\\/www.bbmnoticias.com\\\/labravaradiofm\\\/2026\\\/01\\\/15\\\/sheinbaum-sobre-reforma-electoral-es-una-propuesta-que-le-va-a-gustar-a-todos\\\/\"},\"wordCount\":900,\"image\":{\"@id\":\"https:\\\/\\\/www.bbmnoticias.com\\\/sheinbaum-sobre-reforma-electoral-es-una-propuesta-que-le-va-a-gustar-a-todos\\\/#primaryimage\"},\"thumbnailUrl\":\"https:\\\/\\\/www.bbmnoticias.com\\\/labravaradiofm\\\/wp-content\\\/uploads\\\/sites\\\/5\\\/2026\\\/01\\\/claudia_sheinbaum-4.jpg\",\"articleSection\":[\"LOCAL\",\"NACIONAL\"],\"inLanguage\":\"es\"},{\"@type\":\"WebPage\",\"@id\":\"https:\\\/\\\/www.bbmnoticias.com\\\/labravaradiofm\\\/2026\\\/01\\\/15\\\/sheinbaum-sobre-reforma-electoral-es-una-propuesta-que-le-va-a-gustar-a-todos\\\/\",\"url\":\"https:\\\/\\\/www.bbmnoticias.com\\\/sheinbaum-sobre-reforma-electoral-es-una-propuesta-que-le-va-a-gustar-a-todos\\\/\",\"name\":\"Sheinbaum sobre reforma electoral: \\\"Es una propuesta que le va a gustar a todos\\\" - LA BRAVA RADIO\",\"isPartOf\":{\"@id\":\"https:\\\/\\\/www.bbmnoticias.com\\\/labravaradiofm\\\/#website\"},\"primaryImageOfPage\":{\"@id\":\"https:\\\/\\\/www.bbmnoticias.com\\\/sheinbaum-sobre-reforma-electoral-es-una-propuesta-que-le-va-a-gustar-a-todos\\\/#primaryimage\"},\"image\":{\"@id\":\"https:\\\/\\\/www.bbmnoticias.com\\\/sheinbaum-sobre-reforma-electoral-es-una-propuesta-que-le-va-a-gustar-a-todos\\\/#primaryimage\"},\"thumbnailUrl\":\"https:\\\/\\\/www.bbmnoticias.com\\\/labravaradiofm\\\/wp-content\\\/uploads\\\/sites\\\/5\\\/2026\\\/01\\\/claudia_sheinbaum-4.jpg\",\"datePublished\":\"2026-01-15T17:14:10+00:00\",\"dateModified\":\"2026-01-15T17:14:31+00:00\",\"author\":{\"@id\":\"https:\\\/\\\/www.bbmnoticias.com\\\/labravaradiofm\\\/#\\\/schema\\\/person\\\/000bdaf0a8fb5bff0d537c4d0778e33f\"},\"breadcrumb\":{\"@id\":\"https:\\\/\\\/www.bbmnoticias.com\\\/sheinbaum-sobre-reforma-electoral-es-una-propuesta-que-le-va-a-gustar-a-todos\\\/#breadcrumb\"},\"inLanguage\":\"es\",\"potentialAction\":[{\"@type\":\"ReadAction\",\"target\":[\"https:\\\/\\\/www.bbmnoticias.com\\\/sheinbaum-sobre-reforma-electoral-es-una-propuesta-que-le-va-a-gustar-a-todos\\\/\"]}]},{\"@type\":\"ImageObject\",\"inLanguage\":\"es\",\"@id\":\"https:\\\/\\\/www.bbmnoticias.com\\\/sheinbaum-sobre-reforma-electoral-es-una-propuesta-que-le-va-a-gustar-a-todos\\\/#primaryimage\",\"url\":\"https:\\\/\\\/www.bbmnoticias.com\\\/labravaradiofm\\\/wp-content\\\/uploads\\\/sites\\\/5\\\/2026\\\/01\\\/claudia_sheinbaum-4.jpg\",\"contentUrl\":\"https:\\\/\\\/www.bbmnoticias.com\\\/labravaradiofm\\\/wp-content\\\/uploads\\\/sites\\\/5\\\/2026\\\/01\\\/claudia_sheinbaum-4.jpg\",\"width\":848,\"height\":477},{\"@type\":\"BreadcrumbList\",\"@id\":\"https:\\\/\\\/www.bbmnoticias.com\\\/sheinbaum-sobre-reforma-electoral-es-una-propuesta-que-le-va-a-gustar-a-todos\\\/#breadcrumb\",\"itemListElement\":[{\"@type\":\"ListItem\",\"position\":1,\"name\":\"Inicio\",\"item\":\"https:\\\/\\\/www.bbmnoticias.com\\\/labravaradiofm\\\/\"},{\"@type\":\"ListItem\",\"position\":2,\"name\":\"Sheinbaum sobre reforma electoral: &#8220;Es una propuesta que le va a gustar a todos&#8221;\"}]},{\"@type\":\"WebSite\",\"@id\":\"https:\\\/\\\/www.bbmnoticias.com\\\/labravaradiofm\\\/#website\",\"url\":\"https:\\\/\\\/www.bbmnoticias.com\\\/labravaradiofm\\\/\",\"name\":\"LA BRAVA RADIO\",\"description\":\"Empresa productora de medios, Radiodifusi\u00f3n, Noticias, tendencias y todo lo que necesitas saber de la pol\u00edtica mexicana e internacional; entretenimiento, espect\u00e1culos, salud y mucho m\u00e1s.\",\"potentialAction\":[{\"@type\":\"SearchAction\",\"target\":{\"@type\":\"EntryPoint\",\"urlTemplate\":\"https:\\\/\\\/www.bbmnoticias.com\\\/labravaradiofm\\\/?s={search_term_string}\"},\"query-input\":{\"@type\":\"PropertyValueSpecification\",\"valueRequired\":true,\"valueName\":\"search_term_string\"}}],\"inLanguage\":\"es\"},{\"@type\":\"Person\",\"@id\":\"https:\\\/\\\/www.bbmnoticias.com\\\/labravaradiofm\\\/#\\\/schema\\\/person\\\/000bdaf0a8fb5bff0d537c4d0778e33f\",\"name\":\"Agencias\",\"image\":{\"@type\":\"ImageObject\",\"inLanguage\":\"es\",\"@id\":\"https:\\\/\\\/secure.gravatar.com\\\/avatar\\\/739e0b61adf9e398b425c36718c8752286da0e8cd90f20ce9a86678abc26aa0d?s=96&d=mm&r=g\",\"url\":\"https:\\\/\\\/secure.gravatar.com\\\/avatar\\\/739e0b61adf9e398b425c36718c8752286da0e8cd90f20ce9a86678abc26aa0d?s=96&d=mm&r=g\",\"contentUrl\":\"https:\\\/\\\/secure.gravatar.com\\\/avatar\\\/739e0b61adf9e398b425c36718c8752286da0e8cd90f20ce9a86678abc26aa0d?s=96&d=mm&r=g\",\"caption\":\"Agencias\"},\"url\":\"https:\\\/\\\/www.bbmnoticias.com\\\/labravaradiofm\\\/author\\\/agencias\\\/\"}]}<\/script>\n<!-- \/ Yoast SEO plugin. -->","yoast_head_json":{"title":"Sheinbaum sobre reforma electoral: \"Es una propuesta que le va a gustar a todos\" - LA BRAVA RADIO","robots":{"index":"index","follow":"follow","max-snippet":"max-snippet:-1","max-image-preview":"max-image-preview:large","max-video-preview":"max-video-preview:-1"},"canonical":"https:\/\/www.bbmnoticias.com\/sheinbaum-sobre-reforma-electoral-es-una-propuesta-que-le-va-a-gustar-a-todos\/","og_locale":"es_MX","og_type":"article","og_title":"Sheinbaum sobre reforma electoral: \"Es una propuesta que le va a gustar a todos\" - LA BRAVA RADIO","og_description":"Al reiterar que a\u00fan no hay versi\u00f3n final, la presidenta Claudia Sheinbaum detall\u00f3 los elementos principales de la reforma electoral que est\u00e1n trabajando. La primera semana de febrero, adelant\u00f3 la mandataria, estar\u00eda lista la primera versi\u00f3n, en la que se contempla la reducci\u00f3n de gastos, mantener la autonom\u00eda del Instituto Nacional Electoral y el fortalecimiento [&hellip;]","og_url":"https:\/\/www.bbmnoticias.com\/sheinbaum-sobre-reforma-electoral-es-una-propuesta-que-le-va-a-gustar-a-todos\/","og_site_name":"LA BRAVA RADIO","article_published_time":"2026-01-15T17:14:10+00:00","article_modified_time":"2026-01-15T17:14:31+00:00","og_image":[{"width":848,"height":477,"url":"https:\/\/www.bbmnoticias.com\/labravaradiofm\/wp-content\/uploads\/sites\/5\/2026\/01\/claudia_sheinbaum-4.jpg","type":"image\/jpeg"}],"author":"Agencias","twitter_card":"summary_large_image","twitter_misc":{"Escrito por":"Agencias","Tiempo de lectura":"4 minutos"},"schema":{"@context":"https:\/\/schema.org","@graph":[{"@type":"Article","@id":"https:\/\/www.bbmnoticias.com\/sheinbaum-sobre-reforma-electoral-es-una-propuesta-que-le-va-a-gustar-a-todos\/#article","isPartOf":{"@id":"https:\/\/www.bbmnoticias.com\/labravaradiofm\/2026\/01\/15\/sheinbaum-sobre-reforma-electoral-es-una-propuesta-que-le-va-a-gustar-a-todos\/"},"author":{"name":"Agencias","@id":"https:\/\/www.bbmnoticias.com\/labravaradiofm\/#\/schema\/person\/000bdaf0a8fb5bff0d537c4d0778e33f"},"headline":"Sheinbaum sobre reforma electoral: &#8220;Es una propuesta que le va a gustar a todos&#8221;","datePublished":"2026-01-15T17:14:10+00:00","dateModified":"2026-01-15T17:14:31+00:00","mainEntityOfPage":{"@id":"https:\/\/www.bbmnoticias.com\/labravaradiofm\/2026\/01\/15\/sheinbaum-sobre-reforma-electoral-es-una-propuesta-que-le-va-a-gustar-a-todos\/"},"wordCount":900,"image":{"@id":"https:\/\/www.bbmnoticias.com\/sheinbaum-sobre-reforma-electoral-es-una-propuesta-que-le-va-a-gustar-a-todos\/#primaryimage"},"thumbnailUrl":"https:\/\/www.bbmnoticias.com\/labravaradiofm\/wp-content\/uploads\/sites\/5\/2026\/01\/claudia_sheinbaum-4.jpg","articleSection":["LOCAL","NACIONAL"],"inLanguage":"es"},{"@type":"WebPage","@id":"https:\/\/www.bbmnoticias.com\/labravaradiofm\/2026\/01\/15\/sheinbaum-sobre-reforma-electoral-es-una-propuesta-que-le-va-a-gustar-a-todos\/","url":"https:\/\/www.bbmnoticias.com\/sheinbaum-sobre-reforma-electoral-es-una-propuesta-que-le-va-a-gustar-a-todos\/","name":"Sheinbaum sobre reforma electoral: \"Es una propuesta que le va a gustar a todos\" - LA BRAVA RADIO","isPartOf":{"@id":"https:\/\/www.bbmnoticias.com\/labravaradiofm\/#website"},"primaryImageOfPage":{"@id":"https:\/\/www.bbmnoticias.com\/sheinbaum-sobre-reforma-electoral-es-una-propuesta-que-le-va-a-gustar-a-todos\/#primaryimage"},"image":{"@id":"https:\/\/www.bbmnoticias.com\/sheinbaum-sobre-reforma-electoral-es-una-propuesta-que-le-va-a-gustar-a-todos\/#primaryimage"},"thumbnailUrl":"https:\/\/www.bbmnoticias.com\/labravaradiofm\/wp-content\/uploads\/sites\/5\/2026\/01\/claudia_sheinbaum-4.jpg","datePublished":"2026-01-15T17:14:10+00:00","dateModified":"2026-01-15T17:14:31+00:00","author":{"@id":"https:\/\/www.bbmnoticias.com\/labravaradiofm\/#\/schema\/person\/000bdaf0a8fb5bff0d537c4d0778e33f"},"breadcrumb":{"@id":"https:\/\/www.bbmnoticias.com\/sheinbaum-sobre-reforma-electoral-es-una-propuesta-que-le-va-a-gustar-a-todos\/#breadcrumb"},"inLanguage":"es","potentialAction":[{"@type":"ReadAction","target":["https:\/\/www.bbmnoticias.com\/sheinbaum-sobre-reforma-electoral-es-una-propuesta-que-le-va-a-gustar-a-todos\/"]}]},{"@type":"ImageObject","inLanguage":"es","@id":"https:\/\/www.bbmnoticias.com\/sheinbaum-sobre-reforma-electoral-es-una-propuesta-que-le-va-a-gustar-a-todos\/#primaryimage","url":"https:\/\/www.bbmnoticias.com\/labravaradiofm\/wp-content\/uploads\/sites\/5\/2026\/01\/claudia_sheinbaum-4.jpg","contentUrl":"https:\/\/www.bbmnoticias.com\/labravaradiofm\/wp-content\/uploads\/sites\/5\/2026\/01\/claudia_sheinbaum-4.jpg","width":848,"height":477},{"@type":"BreadcrumbList","@id":"https:\/\/www.bbmnoticias.com\/sheinbaum-sobre-reforma-electoral-es-una-propuesta-que-le-va-a-gustar-a-todos\/#breadcrumb","itemListElement":[{"@type":"ListItem","position":1,"name":"Inicio","item":"https:\/\/www.bbmnoticias.com\/labravaradiofm\/"},{"@type":"ListItem","position":2,"name":"Sheinbaum sobre reforma electoral: &#8220;Es una propuesta que le va a gustar a todos&#8221;"}]},{"@type":"WebSite","@id":"https:\/\/www.bbmnoticias.com\/labravaradiofm\/#website","url":"https:\/\/www.bbmnoticias.com\/labravaradiofm\/","name":"LA BRAVA RADIO","description":"Empresa productora de medios, Radiodifusi\u00f3n, Noticias, tendencias y todo lo que necesitas saber de la pol\u00edtica mexicana e internacional; entretenimiento, espect\u00e1culos, salud y mucho m\u00e1s.","potentialAction":[{"@type":"SearchAction","target":{"@type":"EntryPoint","urlTemplate":"https:\/\/www.bbmnoticias.com\/labravaradiofm\/?s={search_term_string}"},"query-input":{"@type":"PropertyValueSpecification","valueRequired":true,"valueName":"search_term_string"}}],"inLanguage":"es"},{"@type":"Person","@id":"https:\/\/www.bbmnoticias.com\/labravaradiofm\/#\/schema\/person\/000bdaf0a8fb5bff0d537c4d0778e33f","name":"Agencias","image":{"@type":"ImageObject","inLanguage":"es","@id":"https:\/\/secure.gravatar.com\/avatar\/739e0b61adf9e398b425c36718c8752286da0e8cd90f20ce9a86678abc26aa0d?s=96&d=mm&r=g","url":"https:\/\/secure.gravatar.com\/avatar\/739e0b61adf9e398b425c36718c8752286da0e8cd90f20ce9a86678abc26aa0d?s=96&d=mm&r=g","contentUrl":"https:\/\/secure.gravatar.com\/avatar\/739e0b61adf9e398b425c36718c8752286da0e8cd90f20ce9a86678abc26aa0d?s=96&d=mm&r=g","caption":"Agencias"},"url":"https:\/\/www.bbmnoticias.com\/labravaradiofm\/author\/agencias\/"}]}},"_links":{"self":[{"href":"https:\/\/www.bbmnoticias.com\/labravaradiofm\/wp-json\/wp\/v2\/posts\/72681","targetHints":{"allow":["GET"]}}],"collection":[{"href":"https:\/\/www.bbmnoticias.com\/labravaradiofm\/wp-json\/wp\/v2\/posts"}],"about":[{"href":"https:\/\/www.bbmnoticias.com\/labravaradiofm\/wp-json\/wp\/v2\/types\/post"}],"author":[{"embeddable":true,"href":"https:\/\/www.bbmnoticias.com\/labravaradiofm\/wp-json\/wp\/v2\/users\/4"}],"replies":[{"embeddable":true,"href":"https:\/\/www.bbmnoticias.com\/labravaradiofm\/wp-json\/wp\/v2\/comments?post=72681"}],"version-history":[{"count":0,"href":"https:\/\/www.bbmnoticias.com\/labravaradiofm\/wp-json\/wp\/v2\/posts\/72681\/revisions"}],"wp:featuredmedia":[{"embeddable":true,"href":"https:\/\/www.bbmnoticias.com\/labravaradiofm\/wp-json\/wp\/v2\/media\/72683"}],"wp:attachment":[{"href":"https:\/\/www.bbmnoticias.com\/labravaradiofm\/wp-json\/wp\/v2\/media?parent=72681"}],"wp:term":[{"taxonomy":"category","embeddable":true,"href":"https:\/\/www.bbmnoticias.com\/labravaradiofm\/wp-json\/wp\/v2\/categories?post=72681"},{"taxonomy":"post_tag","embeddable":true,"href":"https:\/\/www.bbmnoticias.com\/labravaradiofm\/wp-json\/wp\/v2\/tags?post=72681"}],"curies":[{"name":"wp","href":"https:\/\/api.w.org\/{rel}","templated":true}]}}