{"id":72675,"date":"2026-01-15T09:18:06","date_gmt":"2026-01-15T15:18:06","guid":{"rendered":"https:\/\/www.bbmnoticias.com\/labravaradiofm\/2026\/01\/15\/la-economia-de-mexico-va-bien-destaca-sheinbaum\/"},"modified":"2026-01-15T09:18:47","modified_gmt":"2026-01-15T15:18:47","slug":"la-economia-de-mexico-va-bien-destaca-sheinbaum","status":"publish","type":"post","link":"https:\/\/www.bbmnoticias.com\/labravaradiofm\/2026\/01\/15\/la-economia-de-mexico-va-bien-destaca-sheinbaum\/","title":{"rendered":"&#8220;La econom\u00eda de M\u00e9xico va bien&#8221;, destaca Sheinbaum"},"content":{"rendered":"<div style=\"margin-top: 0px; margin-bottom: 0px;\" class=\"sharethis-inline-share-buttons\" ><\/div>\n<p>A un a\u00f1o de que se lanz\u00f3 el <strong>Plan M\u00e9xico<\/strong>, la presidenta <strong>Claudia Sheinbaum Pardo<\/strong> manifest\u00f3 que la econom\u00eda \u201cva bien\u201d.&nbsp;En la conferencia de prensa matutina, afirm\u00f3 que se fortalecer\u00e1n las inversiones para este a\u00f1o.<\/p>\n\n\n\n<blockquote class=\"wp-block-quote is-layout-flow wp-block-quote-is-layout-flow\">\n<p>\u201cVamos bien, la econom\u00eda de M\u00e9xico va bien, \u00bfQu\u00e9 queremos? Fortalecer y acrecentar las inversiones en el pa\u00eds para la generaci\u00f3n de empleo con justicia, como siempre lo hemos dicho\u201d, recalc\u00f3.<\/p>\n<\/blockquote>\n\n\n\n<p>La titular del Ejecutivo Federal dijo que en dos semanas se presentar\u00e1 un balance del <strong>Plan M\u00e9xico<\/strong> en el que se invitar\u00e1 a diversos sectores.<\/p>\n\n\n\n<p>\u201cYa lo vamos a presentar pronto, es parte tambi\u00e9n de este fondo de inversiones que estamos desarrollando, yo pienso que a m\u00e1s tardar en 15 d\u00edas ya lo vamos a tener y ah\u00ed pues haremos un balance de lo que impuls\u00f3 el Plan M\u00e9xico en 2025 y cu\u00e1l es la planeaci\u00f3n para 2026\u201d, indic\u00f3.<\/p>\n\n\n\n<figure class=\"wp-block-image\"><img decoding=\"async\" src=\"https:\/\/heraldodemexico.com.mx\/u\/fotografias\/m\/2026\/1\/15\/f768x1-1233121_1233248_5050.jpg\" alt=\"\"\/><figcaption class=\"wp-element-caption\">Afirm\u00f3 que se fortalecer\u00e1n las inversiones| Cuartoscuro<\/figcaption><\/figure>\n\n\n\n<h2 class=\"wp-block-heading\">Buscan m\u00e1s inversiones en M\u00e9xico<\/h2>\n\n\n\n<p>Enfatiz\u00f3 que la apuesta es aumentar las <strong>inversiones<\/strong>.<\/p>\n\n\n\n<blockquote class=\"wp-block-quote is-layout-flow wp-block-quote-is-layout-flow\">\n<p>\u201cEstoy muy entusiasmada, porque va a haber m\u00e1s inversi\u00f3n en infraestructura, en energ\u00eda, en petr\u00f3leo, en gas natural, en electricidad, va a haber m\u00e1s inversi\u00f3n en fuentes renovables de energ\u00eda, va a haber m\u00e1s inversi\u00f3n en carreteras, la garant\u00eda de que se van a construir los trenes que estamos construyendo, en agua\u201d, asegur\u00f3.<\/p>\n<\/blockquote>\n\n\n\n<p>Detall\u00f3 que la inversi\u00f3n ser\u00e1 a trav\u00e9s de esquemas de fortalecimiento de la <strong>inversi\u00f3n p\u00fablica<\/strong>, inversiones mixtas, con un esquema distinto al que hist\u00f3ricamente se hizo sin ceder concesiones, y algunas inversiones privadas.&nbsp;<\/p>\n\n\n\n<p>\u201cEso es solamente en infraestructura. Pero hay muchas otras inversiones productivas que estamos seguros que vienen a M\u00e9xico a partir de este a\u00f1o. Ese es el caso de Pilgrim\u2019s y otras inversiones que est\u00e1n en la cartera que tiene secretar\u00eda de Econom\u00eda, y, adem\u00e1s, estamos facilitando las inversiones a trav\u00e9s de la ventanilla \u00fanica. Es un buen a\u00f1o para M\u00e9xico, y el plan M\u00e9xico se va a ir consolidando\u201d, se\u00f1al\u00f3.<\/p>\n","protected":false},"excerpt":{"rendered":"<p>A un a\u00f1o de que se lanz\u00f3 el Plan M\u00e9xico, la presidenta Claudia Sheinbaum Pardo manifest\u00f3 que la econom\u00eda \u201cva bien\u201d.&nbsp;En la conferencia de prensa matutina, afirm\u00f3 que se fortalecer\u00e1n las inversiones para este a\u00f1o. \u201cVamos bien, la econom\u00eda de M\u00e9xico va bien, \u00bfQu\u00e9 queremos? Fortalecer y acrecentar las inversiones en el pa\u00eds para la [&hellip;]<\/p>\n","protected":false},"author":4,"featured_media":72677,"comment_status":"closed","ping_status":"open","sticky":false,"template":"","format":"standard","meta":{"footnotes":""},"categories":[2,19],"tags":[],"class_list":{"0":"post-72675","1":"post","2":"type-post","3":"status-publish","4":"format-standard","5":"has-post-thumbnail","7":"category-oaxaca","8":"category-nacional"},"yoast_head":"<!-- This site is optimized with the Yoast SEO plugin v27.4 - https:\/\/yoast.com\/product\/yoast-seo-wordpress\/ -->\n<title>&quot;La econom\u00eda de M\u00e9xico va bien&quot;, destaca Sheinbaum - LA BRAVA RADIO<\/title>\n<meta name=\"robots\" content=\"index, follow, max-snippet:-1, max-image-preview:large, max-video-preview:-1\" \/>\n<link rel=\"canonical\" href=\"https:\/\/www.bbmnoticias.com\/la-economia-de-mexico-va-bien-destaca-sheinbaum\/\" \/>\n<meta property=\"og:locale\" content=\"es_MX\" \/>\n<meta property=\"og:type\" content=\"article\" \/>\n<meta property=\"og:title\" content=\"&quot;La econom\u00eda de M\u00e9xico va bien&quot;, destaca Sheinbaum - LA BRAVA RADIO\" \/>\n<meta property=\"og:description\" content=\"A un a\u00f1o de que se lanz\u00f3 el Plan M\u00e9xico, la presidenta Claudia Sheinbaum Pardo manifest\u00f3 que la econom\u00eda \u201cva bien\u201d.&nbsp;En la conferencia de prensa matutina, afirm\u00f3 que se fortalecer\u00e1n las inversiones para este a\u00f1o. \u201cVamos bien, la econom\u00eda de M\u00e9xico va bien, \u00bfQu\u00e9 queremos? Fortalecer y acrecentar las inversiones en el pa\u00eds para la [&hellip;]\" \/>\n<meta property=\"og:url\" content=\"https:\/\/www.bbmnoticias.com\/la-economia-de-mexico-va-bien-destaca-sheinbaum\/\" \/>\n<meta property=\"og:site_name\" content=\"LA BRAVA RADIO\" \/>\n<meta property=\"article:published_time\" content=\"2026-01-15T15:18:06+00:00\" \/>\n<meta property=\"article:modified_time\" content=\"2026-01-15T15:18:47+00:00\" \/>\n<meta property=\"og:image\" content=\"https:\/\/www.bbmnoticias.com\/labravaradiofm\/wp-content\/uploads\/sites\/5\/2026\/01\/claudia_sheinbaum-3.jpg\" \/>\n\t<meta property=\"og:image:width\" content=\"848\" \/>\n\t<meta property=\"og:image:height\" content=\"477\" \/>\n\t<meta property=\"og:image:type\" content=\"image\/jpeg\" \/>\n<meta name=\"author\" content=\"Agencias\" \/>\n<meta name=\"twitter:card\" content=\"summary_large_image\" \/>\n<meta name=\"twitter:label1\" content=\"Escrito por\" \/>\n\t<meta name=\"twitter:data1\" content=\"Agencias\" \/>\n\t<meta name=\"twitter:label2\" content=\"Tiempo de lectura\" \/>\n\t<meta name=\"twitter:data2\" content=\"2 minutos\" \/>\n<script type=\"application\/ld+json\" class=\"yoast-schema-graph\">{\"@context\":\"https:\\\/\\\/schema.org\",\"@graph\":[{\"@type\":\"Article\",\"@id\":\"https:\\\/\\\/www.bbmnoticias.com\\\/la-economia-de-mexico-va-bien-destaca-sheinbaum\\\/#article\",\"isPartOf\":{\"@id\":\"https:\\\/\\\/www.bbmnoticias.com\\\/labravaradiofm\\\/2026\\\/01\\\/15\\\/la-economia-de-mexico-va-bien-destaca-sheinbaum\\\/\"},\"author\":{\"name\":\"Agencias\",\"@id\":\"https:\\\/\\\/www.bbmnoticias.com\\\/labravaradiofm\\\/#\\\/schema\\\/person\\\/000bdaf0a8fb5bff0d537c4d0778e33f\"},\"headline\":\"&#8220;La econom\u00eda de M\u00e9xico va bien&#8221;, destaca Sheinbaum\",\"datePublished\":\"2026-01-15T15:18:06+00:00\",\"dateModified\":\"2026-01-15T15:18:47+00:00\",\"mainEntityOfPage\":{\"@id\":\"https:\\\/\\\/www.bbmnoticias.com\\\/labravaradiofm\\\/2026\\\/01\\\/15\\\/la-economia-de-mexico-va-bien-destaca-sheinbaum\\\/\"},\"wordCount\":377,\"image\":{\"@id\":\"https:\\\/\\\/www.bbmnoticias.com\\\/la-economia-de-mexico-va-bien-destaca-sheinbaum\\\/#primaryimage\"},\"thumbnailUrl\":\"https:\\\/\\\/www.bbmnoticias.com\\\/labravaradiofm\\\/wp-content\\\/uploads\\\/sites\\\/5\\\/2026\\\/01\\\/claudia_sheinbaum-3.jpg\",\"articleSection\":[\"LOCAL\",\"NACIONAL\"],\"inLanguage\":\"es\"},{\"@type\":\"WebPage\",\"@id\":\"https:\\\/\\\/www.bbmnoticias.com\\\/labravaradiofm\\\/2026\\\/01\\\/15\\\/la-economia-de-mexico-va-bien-destaca-sheinbaum\\\/\",\"url\":\"https:\\\/\\\/www.bbmnoticias.com\\\/la-economia-de-mexico-va-bien-destaca-sheinbaum\\\/\",\"name\":\"\\\"La econom\u00eda de M\u00e9xico va bien\\\", destaca Sheinbaum - LA BRAVA RADIO\",\"isPartOf\":{\"@id\":\"https:\\\/\\\/www.bbmnoticias.com\\\/labravaradiofm\\\/#website\"},\"primaryImageOfPage\":{\"@id\":\"https:\\\/\\\/www.bbmnoticias.com\\\/la-economia-de-mexico-va-bien-destaca-sheinbaum\\\/#primaryimage\"},\"image\":{\"@id\":\"https:\\\/\\\/www.bbmnoticias.com\\\/la-economia-de-mexico-va-bien-destaca-sheinbaum\\\/#primaryimage\"},\"thumbnailUrl\":\"https:\\\/\\\/www.bbmnoticias.com\\\/labravaradiofm\\\/wp-content\\\/uploads\\\/sites\\\/5\\\/2026\\\/01\\\/claudia_sheinbaum-3.jpg\",\"datePublished\":\"2026-01-15T15:18:06+00:00\",\"dateModified\":\"2026-01-15T15:18:47+00:00\",\"author\":{\"@id\":\"https:\\\/\\\/www.bbmnoticias.com\\\/labravaradiofm\\\/#\\\/schema\\\/person\\\/000bdaf0a8fb5bff0d537c4d0778e33f\"},\"breadcrumb\":{\"@id\":\"https:\\\/\\\/www.bbmnoticias.com\\\/la-economia-de-mexico-va-bien-destaca-sheinbaum\\\/#breadcrumb\"},\"inLanguage\":\"es\",\"potentialAction\":[{\"@type\":\"ReadAction\",\"target\":[\"https:\\\/\\\/www.bbmnoticias.com\\\/la-economia-de-mexico-va-bien-destaca-sheinbaum\\\/\"]}]},{\"@type\":\"ImageObject\",\"inLanguage\":\"es\",\"@id\":\"https:\\\/\\\/www.bbmnoticias.com\\\/la-economia-de-mexico-va-bien-destaca-sheinbaum\\\/#primaryimage\",\"url\":\"https:\\\/\\\/www.bbmnoticias.com\\\/labravaradiofm\\\/wp-content\\\/uploads\\\/sites\\\/5\\\/2026\\\/01\\\/claudia_sheinbaum-3.jpg\",\"contentUrl\":\"https:\\\/\\\/www.bbmnoticias.com\\\/labravaradiofm\\\/wp-content\\\/uploads\\\/sites\\\/5\\\/2026\\\/01\\\/claudia_sheinbaum-3.jpg\",\"width\":848,\"height\":477},{\"@type\":\"BreadcrumbList\",\"@id\":\"https:\\\/\\\/www.bbmnoticias.com\\\/la-economia-de-mexico-va-bien-destaca-sheinbaum\\\/#breadcrumb\",\"itemListElement\":[{\"@type\":\"ListItem\",\"position\":1,\"name\":\"Inicio\",\"item\":\"https:\\\/\\\/www.bbmnoticias.com\\\/labravaradiofm\\\/\"},{\"@type\":\"ListItem\",\"position\":2,\"name\":\"&#8220;La econom\u00eda de M\u00e9xico va bien&#8221;, destaca Sheinbaum\"}]},{\"@type\":\"WebSite\",\"@id\":\"https:\\\/\\\/www.bbmnoticias.com\\\/labravaradiofm\\\/#website\",\"url\":\"https:\\\/\\\/www.bbmnoticias.com\\\/labravaradiofm\\\/\",\"name\":\"LA BRAVA RADIO\",\"description\":\"Empresa productora de medios, Radiodifusi\u00f3n, Noticias, tendencias y todo lo que necesitas saber de la pol\u00edtica mexicana e internacional; entretenimiento, espect\u00e1culos, salud y mucho m\u00e1s.\",\"potentialAction\":[{\"@type\":\"SearchAction\",\"target\":{\"@type\":\"EntryPoint\",\"urlTemplate\":\"https:\\\/\\\/www.bbmnoticias.com\\\/labravaradiofm\\\/?s={search_term_string}\"},\"query-input\":{\"@type\":\"PropertyValueSpecification\",\"valueRequired\":true,\"valueName\":\"search_term_string\"}}],\"inLanguage\":\"es\"},{\"@type\":\"Person\",\"@id\":\"https:\\\/\\\/www.bbmnoticias.com\\\/labravaradiofm\\\/#\\\/schema\\\/person\\\/000bdaf0a8fb5bff0d537c4d0778e33f\",\"name\":\"Agencias\",\"image\":{\"@type\":\"ImageObject\",\"inLanguage\":\"es\",\"@id\":\"https:\\\/\\\/secure.gravatar.com\\\/avatar\\\/739e0b61adf9e398b425c36718c8752286da0e8cd90f20ce9a86678abc26aa0d?s=96&d=mm&r=g\",\"url\":\"https:\\\/\\\/secure.gravatar.com\\\/avatar\\\/739e0b61adf9e398b425c36718c8752286da0e8cd90f20ce9a86678abc26aa0d?s=96&d=mm&r=g\",\"contentUrl\":\"https:\\\/\\\/secure.gravatar.com\\\/avatar\\\/739e0b61adf9e398b425c36718c8752286da0e8cd90f20ce9a86678abc26aa0d?s=96&d=mm&r=g\",\"caption\":\"Agencias\"},\"url\":\"https:\\\/\\\/www.bbmnoticias.com\\\/labravaradiofm\\\/author\\\/agencias\\\/\"}]}<\/script>\n<!-- \/ Yoast SEO plugin. -->","yoast_head_json":{"title":"\"La econom\u00eda de M\u00e9xico va bien\", destaca Sheinbaum - LA BRAVA RADIO","robots":{"index":"index","follow":"follow","max-snippet":"max-snippet:-1","max-image-preview":"max-image-preview:large","max-video-preview":"max-video-preview:-1"},"canonical":"https:\/\/www.bbmnoticias.com\/la-economia-de-mexico-va-bien-destaca-sheinbaum\/","og_locale":"es_MX","og_type":"article","og_title":"\"La econom\u00eda de M\u00e9xico va bien\", destaca Sheinbaum - LA BRAVA RADIO","og_description":"A un a\u00f1o de que se lanz\u00f3 el Plan M\u00e9xico, la presidenta Claudia Sheinbaum Pardo manifest\u00f3 que la econom\u00eda \u201cva bien\u201d.&nbsp;En la conferencia de prensa matutina, afirm\u00f3 que se fortalecer\u00e1n las inversiones para este a\u00f1o. \u201cVamos bien, la econom\u00eda de M\u00e9xico va bien, \u00bfQu\u00e9 queremos? Fortalecer y acrecentar las inversiones en el pa\u00eds para la [&hellip;]","og_url":"https:\/\/www.bbmnoticias.com\/la-economia-de-mexico-va-bien-destaca-sheinbaum\/","og_site_name":"LA BRAVA RADIO","article_published_time":"2026-01-15T15:18:06+00:00","article_modified_time":"2026-01-15T15:18:47+00:00","og_image":[{"width":848,"height":477,"url":"https:\/\/www.bbmnoticias.com\/labravaradiofm\/wp-content\/uploads\/sites\/5\/2026\/01\/claudia_sheinbaum-3.jpg","type":"image\/jpeg"}],"author":"Agencias","twitter_card":"summary_large_image","twitter_misc":{"Escrito por":"Agencias","Tiempo de lectura":"2 minutos"},"schema":{"@context":"https:\/\/schema.org","@graph":[{"@type":"Article","@id":"https:\/\/www.bbmnoticias.com\/la-economia-de-mexico-va-bien-destaca-sheinbaum\/#article","isPartOf":{"@id":"https:\/\/www.bbmnoticias.com\/labravaradiofm\/2026\/01\/15\/la-economia-de-mexico-va-bien-destaca-sheinbaum\/"},"author":{"name":"Agencias","@id":"https:\/\/www.bbmnoticias.com\/labravaradiofm\/#\/schema\/person\/000bdaf0a8fb5bff0d537c4d0778e33f"},"headline":"&#8220;La econom\u00eda de M\u00e9xico va bien&#8221;, destaca Sheinbaum","datePublished":"2026-01-15T15:18:06+00:00","dateModified":"2026-01-15T15:18:47+00:00","mainEntityOfPage":{"@id":"https:\/\/www.bbmnoticias.com\/labravaradiofm\/2026\/01\/15\/la-economia-de-mexico-va-bien-destaca-sheinbaum\/"},"wordCount":377,"image":{"@id":"https:\/\/www.bbmnoticias.com\/la-economia-de-mexico-va-bien-destaca-sheinbaum\/#primaryimage"},"thumbnailUrl":"https:\/\/www.bbmnoticias.com\/labravaradiofm\/wp-content\/uploads\/sites\/5\/2026\/01\/claudia_sheinbaum-3.jpg","articleSection":["LOCAL","NACIONAL"],"inLanguage":"es"},{"@type":"WebPage","@id":"https:\/\/www.bbmnoticias.com\/labravaradiofm\/2026\/01\/15\/la-economia-de-mexico-va-bien-destaca-sheinbaum\/","url":"https:\/\/www.bbmnoticias.com\/la-economia-de-mexico-va-bien-destaca-sheinbaum\/","name":"\"La econom\u00eda de M\u00e9xico va bien\", destaca Sheinbaum - LA BRAVA RADIO","isPartOf":{"@id":"https:\/\/www.bbmnoticias.com\/labravaradiofm\/#website"},"primaryImageOfPage":{"@id":"https:\/\/www.bbmnoticias.com\/la-economia-de-mexico-va-bien-destaca-sheinbaum\/#primaryimage"},"image":{"@id":"https:\/\/www.bbmnoticias.com\/la-economia-de-mexico-va-bien-destaca-sheinbaum\/#primaryimage"},"thumbnailUrl":"https:\/\/www.bbmnoticias.com\/labravaradiofm\/wp-content\/uploads\/sites\/5\/2026\/01\/claudia_sheinbaum-3.jpg","datePublished":"2026-01-15T15:18:06+00:00","dateModified":"2026-01-15T15:18:47+00:00","author":{"@id":"https:\/\/www.bbmnoticias.com\/labravaradiofm\/#\/schema\/person\/000bdaf0a8fb5bff0d537c4d0778e33f"},"breadcrumb":{"@id":"https:\/\/www.bbmnoticias.com\/la-economia-de-mexico-va-bien-destaca-sheinbaum\/#breadcrumb"},"inLanguage":"es","potentialAction":[{"@type":"ReadAction","target":["https:\/\/www.bbmnoticias.com\/la-economia-de-mexico-va-bien-destaca-sheinbaum\/"]}]},{"@type":"ImageObject","inLanguage":"es","@id":"https:\/\/www.bbmnoticias.com\/la-economia-de-mexico-va-bien-destaca-sheinbaum\/#primaryimage","url":"https:\/\/www.bbmnoticias.com\/labravaradiofm\/wp-content\/uploads\/sites\/5\/2026\/01\/claudia_sheinbaum-3.jpg","contentUrl":"https:\/\/www.bbmnoticias.com\/labravaradiofm\/wp-content\/uploads\/sites\/5\/2026\/01\/claudia_sheinbaum-3.jpg","width":848,"height":477},{"@type":"BreadcrumbList","@id":"https:\/\/www.bbmnoticias.com\/la-economia-de-mexico-va-bien-destaca-sheinbaum\/#breadcrumb","itemListElement":[{"@type":"ListItem","position":1,"name":"Inicio","item":"https:\/\/www.bbmnoticias.com\/labravaradiofm\/"},{"@type":"ListItem","position":2,"name":"&#8220;La econom\u00eda de M\u00e9xico va bien&#8221;, destaca Sheinbaum"}]},{"@type":"WebSite","@id":"https:\/\/www.bbmnoticias.com\/labravaradiofm\/#website","url":"https:\/\/www.bbmnoticias.com\/labravaradiofm\/","name":"LA BRAVA RADIO","description":"Empresa productora de medios, Radiodifusi\u00f3n, Noticias, tendencias y todo lo que necesitas saber de la pol\u00edtica mexicana e internacional; entretenimiento, espect\u00e1culos, salud y mucho m\u00e1s.","potentialAction":[{"@type":"SearchAction","target":{"@type":"EntryPoint","urlTemplate":"https:\/\/www.bbmnoticias.com\/labravaradiofm\/?s={search_term_string}"},"query-input":{"@type":"PropertyValueSpecification","valueRequired":true,"valueName":"search_term_string"}}],"inLanguage":"es"},{"@type":"Person","@id":"https:\/\/www.bbmnoticias.com\/labravaradiofm\/#\/schema\/person\/000bdaf0a8fb5bff0d537c4d0778e33f","name":"Agencias","image":{"@type":"ImageObject","inLanguage":"es","@id":"https:\/\/secure.gravatar.com\/avatar\/739e0b61adf9e398b425c36718c8752286da0e8cd90f20ce9a86678abc26aa0d?s=96&d=mm&r=g","url":"https:\/\/secure.gravatar.com\/avatar\/739e0b61adf9e398b425c36718c8752286da0e8cd90f20ce9a86678abc26aa0d?s=96&d=mm&r=g","contentUrl":"https:\/\/secure.gravatar.com\/avatar\/739e0b61adf9e398b425c36718c8752286da0e8cd90f20ce9a86678abc26aa0d?s=96&d=mm&r=g","caption":"Agencias"},"url":"https:\/\/www.bbmnoticias.com\/labravaradiofm\/author\/agencias\/"}]}},"_links":{"self":[{"href":"https:\/\/www.bbmnoticias.com\/labravaradiofm\/wp-json\/wp\/v2\/posts\/72675","targetHints":{"allow":["GET"]}}],"collection":[{"href":"https:\/\/www.bbmnoticias.com\/labravaradiofm\/wp-json\/wp\/v2\/posts"}],"about":[{"href":"https:\/\/www.bbmnoticias.com\/labravaradiofm\/wp-json\/wp\/v2\/types\/post"}],"author":[{"embeddable":true,"href":"https:\/\/www.bbmnoticias.com\/labravaradiofm\/wp-json\/wp\/v2\/users\/4"}],"replies":[{"embeddable":true,"href":"https:\/\/www.bbmnoticias.com\/labravaradiofm\/wp-json\/wp\/v2\/comments?post=72675"}],"version-history":[{"count":0,"href":"https:\/\/www.bbmnoticias.com\/labravaradiofm\/wp-json\/wp\/v2\/posts\/72675\/revisions"}],"wp:featuredmedia":[{"embeddable":true,"href":"https:\/\/www.bbmnoticias.com\/labravaradiofm\/wp-json\/wp\/v2\/media\/72677"}],"wp:attachment":[{"href":"https:\/\/www.bbmnoticias.com\/labravaradiofm\/wp-json\/wp\/v2\/media?parent=72675"}],"wp:term":[{"taxonomy":"category","embeddable":true,"href":"https:\/\/www.bbmnoticias.com\/labravaradiofm\/wp-json\/wp\/v2\/categories?post=72675"},{"taxonomy":"post_tag","embeddable":true,"href":"https:\/\/www.bbmnoticias.com\/labravaradiofm\/wp-json\/wp\/v2\/tags?post=72675"}],"curies":[{"name":"wp","href":"https:\/\/api.w.org\/{rel}","templated":true}]}}