{"id":72669,"date":"2026-01-15T09:10:34","date_gmt":"2026-01-15T15:10:34","guid":{"rendered":"https:\/\/www.bbmnoticias.com\/labravaradiofm\/2026\/01\/15\/atencion-maestros-sep-publica-convocatoria-usicamm-2026-2027-consultala-aqui\/"},"modified":"2026-01-15T09:10:38","modified_gmt":"2026-01-15T15:10:38","slug":"atencion-maestros-sep-publica-convocatoria-usicamm-2026-2027-consultala-aqui","status":"publish","type":"post","link":"https:\/\/www.bbmnoticias.com\/labravaradiofm\/2026\/01\/15\/atencion-maestros-sep-publica-convocatoria-usicamm-2026-2027-consultala-aqui\/","title":{"rendered":"\u00a1Atenci\u00f3n maestros! SEP publica convocatoria USICAMM 2026-2027, cons\u00faltala aqu\u00ed"},"content":{"rendered":"<div style=\"margin-top: 0px; margin-bottom: 0px;\" class=\"sharethis-inline-share-buttons\" ><\/div>\n<p>La Secretar\u00eda de Educaci\u00f3n P\u00fablica<a href=\"https:\/\/heraldodemexico.com.mx\/nacional\/2026\/1\/14\/gobernador-de-tamaulipas-anuncia-pension-de-diez-salarios-minimos-para-burocratas-maestros-759130.html\" target=\"_blank\" rel=\"noreferrer noopener\"><\/a><strong>(SEP) public\u00f3 la convocatoria <\/strong>de la Unidad del Sistema para la Carrera de las Maestras y Maestros<strong>(USICAMM) 2026-2027, <\/strong>mediante la cual los profesores de escuelas p\u00fablicas pueden obtener promociones, cambios de plantel y consultar la admisi\u00f3n al sistema.<\/p>\n\n\n\n<p>La\u00a0Unidad del Sistema para la Carrera de las Maestras y Maestros<strong>(USICAMM) e<\/strong>s un \u00f3rgano administrativo desconcentrado de la SEP que busca garantizar el acceso a los maestros a <strong>aumentos salariales, becas e ingresos de manera transparente <\/strong>e imparcial, mediante evaluaciones al gremio.<\/p>\n\n\n\n<figure class=\"wp-block-image\"><img decoding=\"async\" src=\"https:\/\/heraldodemexico.com.mx\/u\/fotografias\/m\/2025\/12\/17\/f768x1-1223124_1223251_5050.jpg\" alt=\"\"\/><figcaption class=\"wp-element-caption\">Fechas y calendario USICAMM 2026-2027<\/figcaption><\/figure>\n\n\n\n<p>En M\u00e9xico existen cerca de&nbsp;2,455,591 de docentes, de acuerdo con la cifra m\u00e1s actualizada del&nbsp;Instituto Nacional de Estad\u00edstica, Geograf\u00eda e Inform\u00e1tica (INEGI), quienes como trabajadores del Estado se encuentran propensos a evaluaciones promociones y reformas.&nbsp;<\/p>\n\n\n\n<h2 class=\"wp-block-heading\">Consulta convocatoria USICAMM 2026-2027 aqu\u00ed<\/h2>\n\n\n\n<p>Para consultar la convocatoria de USICAMM 2026, s\u00f3lo debes de ir al sitio&nbsp;<a href=\"https:\/\/usicamm.sep.gob.mx\/convocatorias\">https:\/\/usicamm.sep.gob.mx\/convocatorias<\/a><\/p>\n\n\n\n<p>Recuerda que para ver la consulta de convocatorias se debe de elegir<\/p>\n\n\n\n<ul class=\"wp-block-list\">\n<li><strong>Ciclo escolar\u00a0<\/strong><\/li>\n\n\n\n<li><strong>Tipo educativo<\/strong><\/li>\n\n\n\n<li><strong>Proceso\u00a0<\/strong><\/li>\n<\/ul>\n\n\n\n<p>Si uno de ellos no est\u00e1 seleccionado, no podr\u00e1s acceder pues se cancelar\u00e1 la consulta<\/p>\n\n\n\n<h2 class=\"wp-block-heading\">Fechas y convocatorias USICAMM 2026-2027<\/h2>\n\n\n\n<p>Recuerda que las convocatorias a las que puedes acceder en USICAMM 2026-2027 son:<\/p>\n\n\n\n<ol class=\"wp-block-list\">\n<li><strong>Promoci\u00f3n vertical: 5 de diciembre 2025<\/strong><\/li>\n\n\n\n<li><strong>Reconocimiento a la pr\u00e1ctica educativa: 18 de diciembre 2025<\/strong><\/li>\n\n\n\n<li><strong>Cambio de centro de trabajo dentro de la misma entidad federativa: 12 de enero de 2026<\/strong><\/li>\n\n\n\n<li><strong>Promoci\u00f3n a horas adicionales: 16 de enero de 2026<\/strong><\/li>\n\n\n\n<li><strong>Admisi\u00f3n: 2 de febrero de 2026<\/strong><\/li>\n\n\n\n<li><strong>Promoci\u00f3n horizontal: 20 de febrero de 2026<\/strong><\/li>\n\n\n\n<li><strong>Reconocimiento a la asesor\u00eda, apoyo y acompa\u00f1amiento: 23 de febrero de 2026<\/strong><\/li>\n\n\n\n<li><strong>Cambios de centro de trabajo de estado a estado: 16 de marzo de 2026<\/strong><\/li>\n\n\n\n<li><strong>Reconocimiento a la beca comisi\u00f3n: 21 de agosto de 2026<\/strong><\/li>\n<\/ol>\n","protected":false},"excerpt":{"rendered":"<p>La Secretar\u00eda de Educaci\u00f3n P\u00fablica(SEP) public\u00f3 la convocatoria de la Unidad del Sistema para la Carrera de las Maestras y Maestros(USICAMM) 2026-2027, mediante la cual los profesores de escuelas p\u00fablicas pueden obtener promociones, cambios de plantel y consultar la admisi\u00f3n al sistema. La\u00a0Unidad del Sistema para la Carrera de las Maestras y Maestros(USICAMM) es un [&hellip;]<\/p>\n","protected":false},"author":4,"featured_media":72671,"comment_status":"closed","ping_status":"open","sticky":false,"template":"","format":"standard","meta":{"footnotes":""},"categories":[2,19],"tags":[],"class_list":{"0":"post-72669","1":"post","2":"type-post","3":"status-publish","4":"format-standard","5":"has-post-thumbnail","7":"category-oaxaca","8":"category-nacional"},"yoast_head":"<!-- This site is optimized with the Yoast SEO plugin v27.4 - https:\/\/yoast.com\/product\/yoast-seo-wordpress\/ -->\n<title>\u00a1Atenci\u00f3n maestros! SEP publica convocatoria USICAMM 2026-2027, cons\u00faltala aqu\u00ed - LA BRAVA RADIO<\/title>\n<meta name=\"robots\" content=\"index, follow, max-snippet:-1, max-image-preview:large, max-video-preview:-1\" \/>\n<link rel=\"canonical\" href=\"https:\/\/www.bbmnoticias.com\/atencion-maestros-sep-publica-convocatoria-usicamm-2026-2027-consultala-aqui\/\" \/>\n<meta property=\"og:locale\" content=\"es_MX\" \/>\n<meta property=\"og:type\" content=\"article\" \/>\n<meta property=\"og:title\" content=\"\u00a1Atenci\u00f3n maestros! SEP publica convocatoria USICAMM 2026-2027, cons\u00faltala aqu\u00ed - LA BRAVA RADIO\" \/>\n<meta property=\"og:description\" content=\"La Secretar\u00eda de Educaci\u00f3n P\u00fablica(SEP) public\u00f3 la convocatoria de la Unidad del Sistema para la Carrera de las Maestras y Maestros(USICAMM) 2026-2027, mediante la cual los profesores de escuelas p\u00fablicas pueden obtener promociones, cambios de plantel y consultar la admisi\u00f3n al sistema. La\u00a0Unidad del Sistema para la Carrera de las Maestras y Maestros(USICAMM) es un [&hellip;]\" \/>\n<meta property=\"og:url\" content=\"https:\/\/www.bbmnoticias.com\/atencion-maestros-sep-publica-convocatoria-usicamm-2026-2027-consultala-aqui\/\" \/>\n<meta property=\"og:site_name\" content=\"LA BRAVA RADIO\" \/>\n<meta property=\"article:published_time\" content=\"2026-01-15T15:10:34+00:00\" \/>\n<meta property=\"article:modified_time\" content=\"2026-01-15T15:10:38+00:00\" \/>\n<meta property=\"og:image\" content=\"https:\/\/www.bbmnoticias.com\/labravaradiofm\/wp-content\/uploads\/sites\/5\/2026\/01\/maestros_convocatoria.jpg\" \/>\n\t<meta property=\"og:image:width\" content=\"848\" \/>\n\t<meta property=\"og:image:height\" content=\"477\" \/>\n\t<meta property=\"og:image:type\" content=\"image\/jpeg\" \/>\n<meta name=\"author\" content=\"Agencias\" \/>\n<meta name=\"twitter:card\" content=\"summary_large_image\" \/>\n<meta name=\"twitter:label1\" content=\"Escrito por\" \/>\n\t<meta name=\"twitter:data1\" content=\"Agencias\" \/>\n\t<meta name=\"twitter:label2\" content=\"Tiempo de lectura\" \/>\n\t<meta name=\"twitter:data2\" content=\"1 minuto\" \/>\n<script type=\"application\/ld+json\" class=\"yoast-schema-graph\">{\"@context\":\"https:\\\/\\\/schema.org\",\"@graph\":[{\"@type\":\"Article\",\"@id\":\"https:\\\/\\\/www.bbmnoticias.com\\\/atencion-maestros-sep-publica-convocatoria-usicamm-2026-2027-consultala-aqui\\\/#article\",\"isPartOf\":{\"@id\":\"https:\\\/\\\/www.bbmnoticias.com\\\/labravaradiofm\\\/2026\\\/01\\\/15\\\/atencion-maestros-sep-publica-convocatoria-usicamm-2026-2027-consultala-aqui\\\/\"},\"author\":{\"name\":\"Agencias\",\"@id\":\"https:\\\/\\\/www.bbmnoticias.com\\\/labravaradiofm\\\/#\\\/schema\\\/person\\\/000bdaf0a8fb5bff0d537c4d0778e33f\"},\"headline\":\"\u00a1Atenci\u00f3n maestros! SEP publica convocatoria USICAMM 2026-2027, cons\u00faltala aqu\u00ed\",\"datePublished\":\"2026-01-15T15:10:34+00:00\",\"dateModified\":\"2026-01-15T15:10:38+00:00\",\"mainEntityOfPage\":{\"@id\":\"https:\\\/\\\/www.bbmnoticias.com\\\/labravaradiofm\\\/2026\\\/01\\\/15\\\/atencion-maestros-sep-publica-convocatoria-usicamm-2026-2027-consultala-aqui\\\/\"},\"wordCount\":308,\"image\":{\"@id\":\"https:\\\/\\\/www.bbmnoticias.com\\\/atencion-maestros-sep-publica-convocatoria-usicamm-2026-2027-consultala-aqui\\\/#primaryimage\"},\"thumbnailUrl\":\"https:\\\/\\\/www.bbmnoticias.com\\\/labravaradiofm\\\/wp-content\\\/uploads\\\/sites\\\/5\\\/2026\\\/01\\\/maestros_convocatoria.jpg\",\"articleSection\":[\"LOCAL\",\"NACIONAL\"],\"inLanguage\":\"es\"},{\"@type\":\"WebPage\",\"@id\":\"https:\\\/\\\/www.bbmnoticias.com\\\/labravaradiofm\\\/2026\\\/01\\\/15\\\/atencion-maestros-sep-publica-convocatoria-usicamm-2026-2027-consultala-aqui\\\/\",\"url\":\"https:\\\/\\\/www.bbmnoticias.com\\\/atencion-maestros-sep-publica-convocatoria-usicamm-2026-2027-consultala-aqui\\\/\",\"name\":\"\u00a1Atenci\u00f3n maestros! SEP publica convocatoria USICAMM 2026-2027, cons\u00faltala aqu\u00ed - LA BRAVA RADIO\",\"isPartOf\":{\"@id\":\"https:\\\/\\\/www.bbmnoticias.com\\\/labravaradiofm\\\/#website\"},\"primaryImageOfPage\":{\"@id\":\"https:\\\/\\\/www.bbmnoticias.com\\\/atencion-maestros-sep-publica-convocatoria-usicamm-2026-2027-consultala-aqui\\\/#primaryimage\"},\"image\":{\"@id\":\"https:\\\/\\\/www.bbmnoticias.com\\\/atencion-maestros-sep-publica-convocatoria-usicamm-2026-2027-consultala-aqui\\\/#primaryimage\"},\"thumbnailUrl\":\"https:\\\/\\\/www.bbmnoticias.com\\\/labravaradiofm\\\/wp-content\\\/uploads\\\/sites\\\/5\\\/2026\\\/01\\\/maestros_convocatoria.jpg\",\"datePublished\":\"2026-01-15T15:10:34+00:00\",\"dateModified\":\"2026-01-15T15:10:38+00:00\",\"author\":{\"@id\":\"https:\\\/\\\/www.bbmnoticias.com\\\/labravaradiofm\\\/#\\\/schema\\\/person\\\/000bdaf0a8fb5bff0d537c4d0778e33f\"},\"breadcrumb\":{\"@id\":\"https:\\\/\\\/www.bbmnoticias.com\\\/atencion-maestros-sep-publica-convocatoria-usicamm-2026-2027-consultala-aqui\\\/#breadcrumb\"},\"inLanguage\":\"es\",\"potentialAction\":[{\"@type\":\"ReadAction\",\"target\":[\"https:\\\/\\\/www.bbmnoticias.com\\\/atencion-maestros-sep-publica-convocatoria-usicamm-2026-2027-consultala-aqui\\\/\"]}]},{\"@type\":\"ImageObject\",\"inLanguage\":\"es\",\"@id\":\"https:\\\/\\\/www.bbmnoticias.com\\\/atencion-maestros-sep-publica-convocatoria-usicamm-2026-2027-consultala-aqui\\\/#primaryimage\",\"url\":\"https:\\\/\\\/www.bbmnoticias.com\\\/labravaradiofm\\\/wp-content\\\/uploads\\\/sites\\\/5\\\/2026\\\/01\\\/maestros_convocatoria.jpg\",\"contentUrl\":\"https:\\\/\\\/www.bbmnoticias.com\\\/labravaradiofm\\\/wp-content\\\/uploads\\\/sites\\\/5\\\/2026\\\/01\\\/maestros_convocatoria.jpg\",\"width\":848,\"height\":477},{\"@type\":\"BreadcrumbList\",\"@id\":\"https:\\\/\\\/www.bbmnoticias.com\\\/atencion-maestros-sep-publica-convocatoria-usicamm-2026-2027-consultala-aqui\\\/#breadcrumb\",\"itemListElement\":[{\"@type\":\"ListItem\",\"position\":1,\"name\":\"Inicio\",\"item\":\"https:\\\/\\\/www.bbmnoticias.com\\\/labravaradiofm\\\/\"},{\"@type\":\"ListItem\",\"position\":2,\"name\":\"\u00a1Atenci\u00f3n maestros! SEP publica convocatoria USICAMM 2026-2027, cons\u00faltala aqu\u00ed\"}]},{\"@type\":\"WebSite\",\"@id\":\"https:\\\/\\\/www.bbmnoticias.com\\\/labravaradiofm\\\/#website\",\"url\":\"https:\\\/\\\/www.bbmnoticias.com\\\/labravaradiofm\\\/\",\"name\":\"LA BRAVA RADIO\",\"description\":\"Empresa productora de medios, Radiodifusi\u00f3n, Noticias, tendencias y todo lo que necesitas saber de la pol\u00edtica mexicana e internacional; entretenimiento, espect\u00e1culos, salud y mucho m\u00e1s.\",\"potentialAction\":[{\"@type\":\"SearchAction\",\"target\":{\"@type\":\"EntryPoint\",\"urlTemplate\":\"https:\\\/\\\/www.bbmnoticias.com\\\/labravaradiofm\\\/?s={search_term_string}\"},\"query-input\":{\"@type\":\"PropertyValueSpecification\",\"valueRequired\":true,\"valueName\":\"search_term_string\"}}],\"inLanguage\":\"es\"},{\"@type\":\"Person\",\"@id\":\"https:\\\/\\\/www.bbmnoticias.com\\\/labravaradiofm\\\/#\\\/schema\\\/person\\\/000bdaf0a8fb5bff0d537c4d0778e33f\",\"name\":\"Agencias\",\"image\":{\"@type\":\"ImageObject\",\"inLanguage\":\"es\",\"@id\":\"https:\\\/\\\/secure.gravatar.com\\\/avatar\\\/739e0b61adf9e398b425c36718c8752286da0e8cd90f20ce9a86678abc26aa0d?s=96&d=mm&r=g\",\"url\":\"https:\\\/\\\/secure.gravatar.com\\\/avatar\\\/739e0b61adf9e398b425c36718c8752286da0e8cd90f20ce9a86678abc26aa0d?s=96&d=mm&r=g\",\"contentUrl\":\"https:\\\/\\\/secure.gravatar.com\\\/avatar\\\/739e0b61adf9e398b425c36718c8752286da0e8cd90f20ce9a86678abc26aa0d?s=96&d=mm&r=g\",\"caption\":\"Agencias\"},\"url\":\"https:\\\/\\\/www.bbmnoticias.com\\\/labravaradiofm\\\/author\\\/agencias\\\/\"}]}<\/script>\n<!-- \/ Yoast SEO plugin. -->","yoast_head_json":{"title":"\u00a1Atenci\u00f3n maestros! SEP publica convocatoria USICAMM 2026-2027, cons\u00faltala aqu\u00ed - LA BRAVA RADIO","robots":{"index":"index","follow":"follow","max-snippet":"max-snippet:-1","max-image-preview":"max-image-preview:large","max-video-preview":"max-video-preview:-1"},"canonical":"https:\/\/www.bbmnoticias.com\/atencion-maestros-sep-publica-convocatoria-usicamm-2026-2027-consultala-aqui\/","og_locale":"es_MX","og_type":"article","og_title":"\u00a1Atenci\u00f3n maestros! SEP publica convocatoria USICAMM 2026-2027, cons\u00faltala aqu\u00ed - LA BRAVA RADIO","og_description":"La Secretar\u00eda de Educaci\u00f3n P\u00fablica(SEP) public\u00f3 la convocatoria de la Unidad del Sistema para la Carrera de las Maestras y Maestros(USICAMM) 2026-2027, mediante la cual los profesores de escuelas p\u00fablicas pueden obtener promociones, cambios de plantel y consultar la admisi\u00f3n al sistema. La\u00a0Unidad del Sistema para la Carrera de las Maestras y Maestros(USICAMM) es un [&hellip;]","og_url":"https:\/\/www.bbmnoticias.com\/atencion-maestros-sep-publica-convocatoria-usicamm-2026-2027-consultala-aqui\/","og_site_name":"LA BRAVA RADIO","article_published_time":"2026-01-15T15:10:34+00:00","article_modified_time":"2026-01-15T15:10:38+00:00","og_image":[{"width":848,"height":477,"url":"https:\/\/www.bbmnoticias.com\/labravaradiofm\/wp-content\/uploads\/sites\/5\/2026\/01\/maestros_convocatoria.jpg","type":"image\/jpeg"}],"author":"Agencias","twitter_card":"summary_large_image","twitter_misc":{"Escrito por":"Agencias","Tiempo de lectura":"1 minuto"},"schema":{"@context":"https:\/\/schema.org","@graph":[{"@type":"Article","@id":"https:\/\/www.bbmnoticias.com\/atencion-maestros-sep-publica-convocatoria-usicamm-2026-2027-consultala-aqui\/#article","isPartOf":{"@id":"https:\/\/www.bbmnoticias.com\/labravaradiofm\/2026\/01\/15\/atencion-maestros-sep-publica-convocatoria-usicamm-2026-2027-consultala-aqui\/"},"author":{"name":"Agencias","@id":"https:\/\/www.bbmnoticias.com\/labravaradiofm\/#\/schema\/person\/000bdaf0a8fb5bff0d537c4d0778e33f"},"headline":"\u00a1Atenci\u00f3n maestros! SEP publica convocatoria USICAMM 2026-2027, cons\u00faltala aqu\u00ed","datePublished":"2026-01-15T15:10:34+00:00","dateModified":"2026-01-15T15:10:38+00:00","mainEntityOfPage":{"@id":"https:\/\/www.bbmnoticias.com\/labravaradiofm\/2026\/01\/15\/atencion-maestros-sep-publica-convocatoria-usicamm-2026-2027-consultala-aqui\/"},"wordCount":308,"image":{"@id":"https:\/\/www.bbmnoticias.com\/atencion-maestros-sep-publica-convocatoria-usicamm-2026-2027-consultala-aqui\/#primaryimage"},"thumbnailUrl":"https:\/\/www.bbmnoticias.com\/labravaradiofm\/wp-content\/uploads\/sites\/5\/2026\/01\/maestros_convocatoria.jpg","articleSection":["LOCAL","NACIONAL"],"inLanguage":"es"},{"@type":"WebPage","@id":"https:\/\/www.bbmnoticias.com\/labravaradiofm\/2026\/01\/15\/atencion-maestros-sep-publica-convocatoria-usicamm-2026-2027-consultala-aqui\/","url":"https:\/\/www.bbmnoticias.com\/atencion-maestros-sep-publica-convocatoria-usicamm-2026-2027-consultala-aqui\/","name":"\u00a1Atenci\u00f3n maestros! SEP publica convocatoria USICAMM 2026-2027, cons\u00faltala aqu\u00ed - LA BRAVA RADIO","isPartOf":{"@id":"https:\/\/www.bbmnoticias.com\/labravaradiofm\/#website"},"primaryImageOfPage":{"@id":"https:\/\/www.bbmnoticias.com\/atencion-maestros-sep-publica-convocatoria-usicamm-2026-2027-consultala-aqui\/#primaryimage"},"image":{"@id":"https:\/\/www.bbmnoticias.com\/atencion-maestros-sep-publica-convocatoria-usicamm-2026-2027-consultala-aqui\/#primaryimage"},"thumbnailUrl":"https:\/\/www.bbmnoticias.com\/labravaradiofm\/wp-content\/uploads\/sites\/5\/2026\/01\/maestros_convocatoria.jpg","datePublished":"2026-01-15T15:10:34+00:00","dateModified":"2026-01-15T15:10:38+00:00","author":{"@id":"https:\/\/www.bbmnoticias.com\/labravaradiofm\/#\/schema\/person\/000bdaf0a8fb5bff0d537c4d0778e33f"},"breadcrumb":{"@id":"https:\/\/www.bbmnoticias.com\/atencion-maestros-sep-publica-convocatoria-usicamm-2026-2027-consultala-aqui\/#breadcrumb"},"inLanguage":"es","potentialAction":[{"@type":"ReadAction","target":["https:\/\/www.bbmnoticias.com\/atencion-maestros-sep-publica-convocatoria-usicamm-2026-2027-consultala-aqui\/"]}]},{"@type":"ImageObject","inLanguage":"es","@id":"https:\/\/www.bbmnoticias.com\/atencion-maestros-sep-publica-convocatoria-usicamm-2026-2027-consultala-aqui\/#primaryimage","url":"https:\/\/www.bbmnoticias.com\/labravaradiofm\/wp-content\/uploads\/sites\/5\/2026\/01\/maestros_convocatoria.jpg","contentUrl":"https:\/\/www.bbmnoticias.com\/labravaradiofm\/wp-content\/uploads\/sites\/5\/2026\/01\/maestros_convocatoria.jpg","width":848,"height":477},{"@type":"BreadcrumbList","@id":"https:\/\/www.bbmnoticias.com\/atencion-maestros-sep-publica-convocatoria-usicamm-2026-2027-consultala-aqui\/#breadcrumb","itemListElement":[{"@type":"ListItem","position":1,"name":"Inicio","item":"https:\/\/www.bbmnoticias.com\/labravaradiofm\/"},{"@type":"ListItem","position":2,"name":"\u00a1Atenci\u00f3n maestros! SEP publica convocatoria USICAMM 2026-2027, cons\u00faltala aqu\u00ed"}]},{"@type":"WebSite","@id":"https:\/\/www.bbmnoticias.com\/labravaradiofm\/#website","url":"https:\/\/www.bbmnoticias.com\/labravaradiofm\/","name":"LA BRAVA RADIO","description":"Empresa productora de medios, Radiodifusi\u00f3n, Noticias, tendencias y todo lo que necesitas saber de la pol\u00edtica mexicana e internacional; entretenimiento, espect\u00e1culos, salud y mucho m\u00e1s.","potentialAction":[{"@type":"SearchAction","target":{"@type":"EntryPoint","urlTemplate":"https:\/\/www.bbmnoticias.com\/labravaradiofm\/?s={search_term_string}"},"query-input":{"@type":"PropertyValueSpecification","valueRequired":true,"valueName":"search_term_string"}}],"inLanguage":"es"},{"@type":"Person","@id":"https:\/\/www.bbmnoticias.com\/labravaradiofm\/#\/schema\/person\/000bdaf0a8fb5bff0d537c4d0778e33f","name":"Agencias","image":{"@type":"ImageObject","inLanguage":"es","@id":"https:\/\/secure.gravatar.com\/avatar\/739e0b61adf9e398b425c36718c8752286da0e8cd90f20ce9a86678abc26aa0d?s=96&d=mm&r=g","url":"https:\/\/secure.gravatar.com\/avatar\/739e0b61adf9e398b425c36718c8752286da0e8cd90f20ce9a86678abc26aa0d?s=96&d=mm&r=g","contentUrl":"https:\/\/secure.gravatar.com\/avatar\/739e0b61adf9e398b425c36718c8752286da0e8cd90f20ce9a86678abc26aa0d?s=96&d=mm&r=g","caption":"Agencias"},"url":"https:\/\/www.bbmnoticias.com\/labravaradiofm\/author\/agencias\/"}]}},"_links":{"self":[{"href":"https:\/\/www.bbmnoticias.com\/labravaradiofm\/wp-json\/wp\/v2\/posts\/72669","targetHints":{"allow":["GET"]}}],"collection":[{"href":"https:\/\/www.bbmnoticias.com\/labravaradiofm\/wp-json\/wp\/v2\/posts"}],"about":[{"href":"https:\/\/www.bbmnoticias.com\/labravaradiofm\/wp-json\/wp\/v2\/types\/post"}],"author":[{"embeddable":true,"href":"https:\/\/www.bbmnoticias.com\/labravaradiofm\/wp-json\/wp\/v2\/users\/4"}],"replies":[{"embeddable":true,"href":"https:\/\/www.bbmnoticias.com\/labravaradiofm\/wp-json\/wp\/v2\/comments?post=72669"}],"version-history":[{"count":0,"href":"https:\/\/www.bbmnoticias.com\/labravaradiofm\/wp-json\/wp\/v2\/posts\/72669\/revisions"}],"wp:featuredmedia":[{"embeddable":true,"href":"https:\/\/www.bbmnoticias.com\/labravaradiofm\/wp-json\/wp\/v2\/media\/72671"}],"wp:attachment":[{"href":"https:\/\/www.bbmnoticias.com\/labravaradiofm\/wp-json\/wp\/v2\/media?parent=72669"}],"wp:term":[{"taxonomy":"category","embeddable":true,"href":"https:\/\/www.bbmnoticias.com\/labravaradiofm\/wp-json\/wp\/v2\/categories?post=72669"},{"taxonomy":"post_tag","embeddable":true,"href":"https:\/\/www.bbmnoticias.com\/labravaradiofm\/wp-json\/wp\/v2\/tags?post=72669"}],"curies":[{"name":"wp","href":"https:\/\/api.w.org\/{rel}","templated":true}]}}