{"id":72666,"date":"2026-01-15T09:00:55","date_gmt":"2026-01-15T15:00:55","guid":{"rendered":"https:\/\/www.bbmnoticias.com\/labravaradiofm\/2026\/01\/15\/conductora-de-camioneta-atropella-a-madre-con-sus-hijas-y-se-da-a-la-fuga-en-centro-de-oaxaca-video\/"},"modified":"2026-01-15T09:01:01","modified_gmt":"2026-01-15T15:01:01","slug":"conductora-de-camioneta-atropella-a-madre-con-sus-hijas-y-se-da-a-la-fuga-en-centro-de-oaxaca-video","status":"publish","type":"post","link":"https:\/\/www.bbmnoticias.com\/labravaradiofm\/2026\/01\/15\/conductora-de-camioneta-atropella-a-madre-con-sus-hijas-y-se-da-a-la-fuga-en-centro-de-oaxaca-video\/","title":{"rendered":"Conductora de camioneta atropella a madre con sus hijas y se da a la fuga en centro de Oaxaca | VIDEO"},"content":{"rendered":"<div style=\"margin-top: 0px; margin-bottom: 0px;\" class=\"sharethis-inline-share-buttons\" ><\/div>\n<p>Alrededor de las 12:00 horas del pasado 14 de <strong>enero<\/strong> ocurri\u00f3 una <strong>tragedia<\/strong> a manos de una automovilista quien intentaba estacionarse sobre <strong>Avenida Independencia<\/strong>, en el centro Hist\u00f3rico de la capital de <strong>Oaxaca<\/strong>. Fue a trav\u00e9s de c\u00e1maras de seguridad del C5 que los hechos fueron captados por las autoridades, luego de que una <strong>camioneta<\/strong> retrocediera y cometiera el grave <strong>incidente<\/strong>.\u00a0<\/p>\n\n\n\n<p>Durante el <strong>video<\/strong> difundido en <strong>redes sociales<\/strong>, que dura aproximadamente un minuto, la madre y sus hijas caminaban agarradas de la mano arriba de la banqueta, cuando intentaron cruzar la <strong>calle<\/strong>, instante en el que la <strong>automovilista<\/strong> retrocedi\u00f3, aparentemente para estacionarse, y derrib\u00f3 a la <strong>familia<\/strong> con&nbsp;la parte trasera de la <strong>unidad<\/strong>.<\/p>\n\n\n\n<h2 class=\"wp-block-heading\">Testigo intentaron alcanzar a la conductora<\/h2>\n\n\n\n<p>Tras el <strong>incidente<\/strong>, dos testigos se aproximaron para comprobar el estado de salud de la <strong>familia<\/strong>, sin embargo, lograron reincorporarse de inmediato, por lo que se prev\u00e9 que no hayan sufrido lesiones de gravedad por el error de la <strong>automovilista<\/strong>. Adem\u00e1s, una mujer que transitaba por la zona intent\u00f3 alcanzar a la conductora responsable de los hechos, sin embargo, sali\u00f3 del \u00e1ngulo de la <strong>c\u00e1mara<\/strong>.<\/p>\n\n\n\n<figure class=\"wp-block-embed is-type-rich is-provider-twitter wp-block-embed-twitter\"><div class=\"wp-block-embed__wrapper\">\n<blockquote class=\"twitter-tweet\" data-width=\"550\" data-dnt=\"true\"><p lang=\"es\" dir=\"ltr\">Conductora de camioneta atropella a madre con sus hijas y se da a la fuga en centro de <a href=\"https:\/\/twitter.com\/hashtag\/Oaxaca?src=hash&amp;ref_src=twsrc%5Etfw\">#Oaxaca<\/a> <a href=\"https:\/\/t.co\/mQcxJpALV3\">pic.twitter.com\/mQcxJpALV3<\/a><\/p>&mdash; bbmnoticias (@bbmnoticias1) <a href=\"https:\/\/twitter.com\/bbmnoticias1\/status\/2011815272525545724?ref_src=twsrc%5Etfw\">January 15, 2026<\/a><\/blockquote><script async src=\"https:\/\/platform.twitter.com\/widgets.js\" charset=\"utf-8\"><\/script>\n<\/div><\/figure>\n\n\n\n<p>Hasta el momento, se desconoce si la <strong>madre<\/strong> afectada interpuso una <strong>denuncia<\/strong> ante la Fiscal\u00eda General del Estado de Oaxaca, toda vez que la <strong>conductora<\/strong> podr\u00eda ser acusada de homicidio en grado de tentativa, tras poner en riesgo a la <strong>familia<\/strong> de tres por un error al <strong>volante<\/strong>.&nbsp;<\/p>\n\n\n\n<p>Sin embargo, las primeras versiones aseguran que la <strong>camioneta<\/strong>,&nbsp;de color negro y marca desconocida, ten\u00eda la serie de placas 156-XSP, sin que hasta el momento hayan m\u00e1s informaci\u00f3n disponible sobre la <strong>conductora<\/strong>.&nbsp;Seg\u00fan el <strong>C\u00f3digo Penal del Estado de Oaxaca<\/strong>, el homicidio en grado de tentativa ocurre cuando el intento de <strong>homicidio<\/strong> no se consume. Sin embargo, la ley vigente indica que la no consumaci\u00f3n del delito debe responder a causas ajenas al <strong>imputado<\/strong>.&nbsp;<\/p>\n","protected":false},"excerpt":{"rendered":"<p>Alrededor de las 12:00 horas del pasado 14 de enero ocurri\u00f3 una tragedia a manos de una automovilista quien intentaba estacionarse sobre Avenida Independencia, en el centro Hist\u00f3rico de la capital de Oaxaca. Fue a trav\u00e9s de c\u00e1maras de seguridad del C5 que los hechos fueron captados por las autoridades, luego de que una camioneta [&hellip;]<\/p>\n","protected":false},"author":4,"featured_media":72668,"comment_status":"closed","ping_status":"open","sticky":false,"template":"","format":"standard","meta":{"footnotes":""},"categories":[2],"tags":[],"class_list":{"0":"post-72666","1":"post","2":"type-post","3":"status-publish","4":"format-standard","5":"has-post-thumbnail","7":"category-oaxaca"},"yoast_head":"<!-- This site is optimized with the Yoast SEO plugin v27.4 - https:\/\/yoast.com\/product\/yoast-seo-wordpress\/ -->\n<title>Conductora de camioneta atropella a madre con sus hijas y se da a la fuga en centro de Oaxaca | VIDEO - LA BRAVA RADIO<\/title>\n<meta name=\"robots\" content=\"index, follow, max-snippet:-1, max-image-preview:large, max-video-preview:-1\" \/>\n<link rel=\"canonical\" href=\"https:\/\/www.bbmnoticias.com\/conductora-de-camioneta-atropella-a-madre-con-sus-hijas-y-se-da-a-la-fuga-en-centro-de-oaxaca-video\/\" \/>\n<meta property=\"og:locale\" content=\"es_MX\" \/>\n<meta property=\"og:type\" content=\"article\" \/>\n<meta property=\"og:title\" content=\"Conductora de camioneta atropella a madre con sus hijas y se da a la fuga en centro de Oaxaca | VIDEO - LA BRAVA RADIO\" \/>\n<meta property=\"og:description\" content=\"Alrededor de las 12:00 horas del pasado 14 de enero ocurri\u00f3 una tragedia a manos de una automovilista quien intentaba estacionarse sobre Avenida Independencia, en el centro Hist\u00f3rico de la capital de Oaxaca. Fue a trav\u00e9s de c\u00e1maras de seguridad del C5 que los hechos fueron captados por las autoridades, luego de que una camioneta [&hellip;]\" \/>\n<meta property=\"og:url\" content=\"https:\/\/www.bbmnoticias.com\/conductora-de-camioneta-atropella-a-madre-con-sus-hijas-y-se-da-a-la-fuga-en-centro-de-oaxaca-video\/\" \/>\n<meta property=\"og:site_name\" content=\"LA BRAVA RADIO\" \/>\n<meta property=\"article:published_time\" content=\"2026-01-15T15:00:55+00:00\" \/>\n<meta property=\"article:modified_time\" content=\"2026-01-15T15:01:01+00:00\" \/>\n<meta property=\"og:image\" content=\"https:\/\/www.bbmnoticias.com\/labravaradiofm\/wp-content\/uploads\/sites\/5\/2026\/01\/conductora.jpg\" \/>\n\t<meta property=\"og:image:width\" content=\"848\" \/>\n\t<meta property=\"og:image:height\" content=\"477\" \/>\n\t<meta property=\"og:image:type\" content=\"image\/jpeg\" \/>\n<meta name=\"author\" content=\"Agencias\" \/>\n<meta name=\"twitter:card\" content=\"summary_large_image\" \/>\n<meta name=\"twitter:label1\" content=\"Escrito por\" \/>\n\t<meta name=\"twitter:data1\" content=\"Agencias\" \/>\n\t<meta name=\"twitter:label2\" content=\"Tiempo de lectura\" \/>\n\t<meta name=\"twitter:data2\" content=\"2 minutos\" \/>\n<script type=\"application\/ld+json\" class=\"yoast-schema-graph\">{\"@context\":\"https:\\\/\\\/schema.org\",\"@graph\":[{\"@type\":\"Article\",\"@id\":\"https:\\\/\\\/www.bbmnoticias.com\\\/conductora-de-camioneta-atropella-a-madre-con-sus-hijas-y-se-da-a-la-fuga-en-centro-de-oaxaca-video\\\/#article\",\"isPartOf\":{\"@id\":\"https:\\\/\\\/www.bbmnoticias.com\\\/labravaradiofm\\\/2026\\\/01\\\/15\\\/conductora-de-camioneta-atropella-a-madre-con-sus-hijas-y-se-da-a-la-fuga-en-centro-de-oaxaca-video\\\/\"},\"author\":{\"name\":\"Agencias\",\"@id\":\"https:\\\/\\\/www.bbmnoticias.com\\\/labravaradiofm\\\/#\\\/schema\\\/person\\\/000bdaf0a8fb5bff0d537c4d0778e33f\"},\"headline\":\"Conductora de camioneta atropella a madre con sus hijas y se da a la fuga en centro de Oaxaca | VIDEO\",\"datePublished\":\"2026-01-15T15:00:55+00:00\",\"dateModified\":\"2026-01-15T15:01:01+00:00\",\"mainEntityOfPage\":{\"@id\":\"https:\\\/\\\/www.bbmnoticias.com\\\/labravaradiofm\\\/2026\\\/01\\\/15\\\/conductora-de-camioneta-atropella-a-madre-con-sus-hijas-y-se-da-a-la-fuga-en-centro-de-oaxaca-video\\\/\"},\"wordCount\":349,\"image\":{\"@id\":\"https:\\\/\\\/www.bbmnoticias.com\\\/conductora-de-camioneta-atropella-a-madre-con-sus-hijas-y-se-da-a-la-fuga-en-centro-de-oaxaca-video\\\/#primaryimage\"},\"thumbnailUrl\":\"https:\\\/\\\/www.bbmnoticias.com\\\/labravaradiofm\\\/wp-content\\\/uploads\\\/sites\\\/5\\\/2026\\\/01\\\/conductora.jpg\",\"articleSection\":[\"LOCAL\"],\"inLanguage\":\"es\"},{\"@type\":\"WebPage\",\"@id\":\"https:\\\/\\\/www.bbmnoticias.com\\\/labravaradiofm\\\/2026\\\/01\\\/15\\\/conductora-de-camioneta-atropella-a-madre-con-sus-hijas-y-se-da-a-la-fuga-en-centro-de-oaxaca-video\\\/\",\"url\":\"https:\\\/\\\/www.bbmnoticias.com\\\/conductora-de-camioneta-atropella-a-madre-con-sus-hijas-y-se-da-a-la-fuga-en-centro-de-oaxaca-video\\\/\",\"name\":\"Conductora de camioneta atropella a madre con sus hijas y se da a la fuga en centro de Oaxaca | VIDEO - LA BRAVA RADIO\",\"isPartOf\":{\"@id\":\"https:\\\/\\\/www.bbmnoticias.com\\\/labravaradiofm\\\/#website\"},\"primaryImageOfPage\":{\"@id\":\"https:\\\/\\\/www.bbmnoticias.com\\\/conductora-de-camioneta-atropella-a-madre-con-sus-hijas-y-se-da-a-la-fuga-en-centro-de-oaxaca-video\\\/#primaryimage\"},\"image\":{\"@id\":\"https:\\\/\\\/www.bbmnoticias.com\\\/conductora-de-camioneta-atropella-a-madre-con-sus-hijas-y-se-da-a-la-fuga-en-centro-de-oaxaca-video\\\/#primaryimage\"},\"thumbnailUrl\":\"https:\\\/\\\/www.bbmnoticias.com\\\/labravaradiofm\\\/wp-content\\\/uploads\\\/sites\\\/5\\\/2026\\\/01\\\/conductora.jpg\",\"datePublished\":\"2026-01-15T15:00:55+00:00\",\"dateModified\":\"2026-01-15T15:01:01+00:00\",\"author\":{\"@id\":\"https:\\\/\\\/www.bbmnoticias.com\\\/labravaradiofm\\\/#\\\/schema\\\/person\\\/000bdaf0a8fb5bff0d537c4d0778e33f\"},\"breadcrumb\":{\"@id\":\"https:\\\/\\\/www.bbmnoticias.com\\\/conductora-de-camioneta-atropella-a-madre-con-sus-hijas-y-se-da-a-la-fuga-en-centro-de-oaxaca-video\\\/#breadcrumb\"},\"inLanguage\":\"es\",\"potentialAction\":[{\"@type\":\"ReadAction\",\"target\":[\"https:\\\/\\\/www.bbmnoticias.com\\\/conductora-de-camioneta-atropella-a-madre-con-sus-hijas-y-se-da-a-la-fuga-en-centro-de-oaxaca-video\\\/\"]}]},{\"@type\":\"ImageObject\",\"inLanguage\":\"es\",\"@id\":\"https:\\\/\\\/www.bbmnoticias.com\\\/conductora-de-camioneta-atropella-a-madre-con-sus-hijas-y-se-da-a-la-fuga-en-centro-de-oaxaca-video\\\/#primaryimage\",\"url\":\"https:\\\/\\\/www.bbmnoticias.com\\\/labravaradiofm\\\/wp-content\\\/uploads\\\/sites\\\/5\\\/2026\\\/01\\\/conductora.jpg\",\"contentUrl\":\"https:\\\/\\\/www.bbmnoticias.com\\\/labravaradiofm\\\/wp-content\\\/uploads\\\/sites\\\/5\\\/2026\\\/01\\\/conductora.jpg\",\"width\":848,\"height\":477},{\"@type\":\"BreadcrumbList\",\"@id\":\"https:\\\/\\\/www.bbmnoticias.com\\\/conductora-de-camioneta-atropella-a-madre-con-sus-hijas-y-se-da-a-la-fuga-en-centro-de-oaxaca-video\\\/#breadcrumb\",\"itemListElement\":[{\"@type\":\"ListItem\",\"position\":1,\"name\":\"Inicio\",\"item\":\"https:\\\/\\\/www.bbmnoticias.com\\\/labravaradiofm\\\/\"},{\"@type\":\"ListItem\",\"position\":2,\"name\":\"Conductora de camioneta atropella a madre con sus hijas y se da a la fuga en centro de Oaxaca | VIDEO\"}]},{\"@type\":\"WebSite\",\"@id\":\"https:\\\/\\\/www.bbmnoticias.com\\\/labravaradiofm\\\/#website\",\"url\":\"https:\\\/\\\/www.bbmnoticias.com\\\/labravaradiofm\\\/\",\"name\":\"LA BRAVA RADIO\",\"description\":\"Empresa productora de medios, Radiodifusi\u00f3n, Noticias, tendencias y todo lo que necesitas saber de la pol\u00edtica mexicana e internacional; entretenimiento, espect\u00e1culos, salud y mucho m\u00e1s.\",\"potentialAction\":[{\"@type\":\"SearchAction\",\"target\":{\"@type\":\"EntryPoint\",\"urlTemplate\":\"https:\\\/\\\/www.bbmnoticias.com\\\/labravaradiofm\\\/?s={search_term_string}\"},\"query-input\":{\"@type\":\"PropertyValueSpecification\",\"valueRequired\":true,\"valueName\":\"search_term_string\"}}],\"inLanguage\":\"es\"},{\"@type\":\"Person\",\"@id\":\"https:\\\/\\\/www.bbmnoticias.com\\\/labravaradiofm\\\/#\\\/schema\\\/person\\\/000bdaf0a8fb5bff0d537c4d0778e33f\",\"name\":\"Agencias\",\"image\":{\"@type\":\"ImageObject\",\"inLanguage\":\"es\",\"@id\":\"https:\\\/\\\/secure.gravatar.com\\\/avatar\\\/739e0b61adf9e398b425c36718c8752286da0e8cd90f20ce9a86678abc26aa0d?s=96&d=mm&r=g\",\"url\":\"https:\\\/\\\/secure.gravatar.com\\\/avatar\\\/739e0b61adf9e398b425c36718c8752286da0e8cd90f20ce9a86678abc26aa0d?s=96&d=mm&r=g\",\"contentUrl\":\"https:\\\/\\\/secure.gravatar.com\\\/avatar\\\/739e0b61adf9e398b425c36718c8752286da0e8cd90f20ce9a86678abc26aa0d?s=96&d=mm&r=g\",\"caption\":\"Agencias\"},\"url\":\"https:\\\/\\\/www.bbmnoticias.com\\\/labravaradiofm\\\/author\\\/agencias\\\/\"}]}<\/script>\n<!-- \/ Yoast SEO plugin. -->","yoast_head_json":{"title":"Conductora de camioneta atropella a madre con sus hijas y se da a la fuga en centro de Oaxaca | VIDEO - LA BRAVA RADIO","robots":{"index":"index","follow":"follow","max-snippet":"max-snippet:-1","max-image-preview":"max-image-preview:large","max-video-preview":"max-video-preview:-1"},"canonical":"https:\/\/www.bbmnoticias.com\/conductora-de-camioneta-atropella-a-madre-con-sus-hijas-y-se-da-a-la-fuga-en-centro-de-oaxaca-video\/","og_locale":"es_MX","og_type":"article","og_title":"Conductora de camioneta atropella a madre con sus hijas y se da a la fuga en centro de Oaxaca | VIDEO - LA BRAVA RADIO","og_description":"Alrededor de las 12:00 horas del pasado 14 de enero ocurri\u00f3 una tragedia a manos de una automovilista quien intentaba estacionarse sobre Avenida Independencia, en el centro Hist\u00f3rico de la capital de Oaxaca. Fue a trav\u00e9s de c\u00e1maras de seguridad del C5 que los hechos fueron captados por las autoridades, luego de que una camioneta [&hellip;]","og_url":"https:\/\/www.bbmnoticias.com\/conductora-de-camioneta-atropella-a-madre-con-sus-hijas-y-se-da-a-la-fuga-en-centro-de-oaxaca-video\/","og_site_name":"LA BRAVA RADIO","article_published_time":"2026-01-15T15:00:55+00:00","article_modified_time":"2026-01-15T15:01:01+00:00","og_image":[{"width":848,"height":477,"url":"https:\/\/www.bbmnoticias.com\/labravaradiofm\/wp-content\/uploads\/sites\/5\/2026\/01\/conductora.jpg","type":"image\/jpeg"}],"author":"Agencias","twitter_card":"summary_large_image","twitter_misc":{"Escrito por":"Agencias","Tiempo de lectura":"2 minutos"},"schema":{"@context":"https:\/\/schema.org","@graph":[{"@type":"Article","@id":"https:\/\/www.bbmnoticias.com\/conductora-de-camioneta-atropella-a-madre-con-sus-hijas-y-se-da-a-la-fuga-en-centro-de-oaxaca-video\/#article","isPartOf":{"@id":"https:\/\/www.bbmnoticias.com\/labravaradiofm\/2026\/01\/15\/conductora-de-camioneta-atropella-a-madre-con-sus-hijas-y-se-da-a-la-fuga-en-centro-de-oaxaca-video\/"},"author":{"name":"Agencias","@id":"https:\/\/www.bbmnoticias.com\/labravaradiofm\/#\/schema\/person\/000bdaf0a8fb5bff0d537c4d0778e33f"},"headline":"Conductora de camioneta atropella a madre con sus hijas y se da a la fuga en centro de Oaxaca | VIDEO","datePublished":"2026-01-15T15:00:55+00:00","dateModified":"2026-01-15T15:01:01+00:00","mainEntityOfPage":{"@id":"https:\/\/www.bbmnoticias.com\/labravaradiofm\/2026\/01\/15\/conductora-de-camioneta-atropella-a-madre-con-sus-hijas-y-se-da-a-la-fuga-en-centro-de-oaxaca-video\/"},"wordCount":349,"image":{"@id":"https:\/\/www.bbmnoticias.com\/conductora-de-camioneta-atropella-a-madre-con-sus-hijas-y-se-da-a-la-fuga-en-centro-de-oaxaca-video\/#primaryimage"},"thumbnailUrl":"https:\/\/www.bbmnoticias.com\/labravaradiofm\/wp-content\/uploads\/sites\/5\/2026\/01\/conductora.jpg","articleSection":["LOCAL"],"inLanguage":"es"},{"@type":"WebPage","@id":"https:\/\/www.bbmnoticias.com\/labravaradiofm\/2026\/01\/15\/conductora-de-camioneta-atropella-a-madre-con-sus-hijas-y-se-da-a-la-fuga-en-centro-de-oaxaca-video\/","url":"https:\/\/www.bbmnoticias.com\/conductora-de-camioneta-atropella-a-madre-con-sus-hijas-y-se-da-a-la-fuga-en-centro-de-oaxaca-video\/","name":"Conductora de camioneta atropella a madre con sus hijas y se da a la fuga en centro de Oaxaca | VIDEO - LA BRAVA RADIO","isPartOf":{"@id":"https:\/\/www.bbmnoticias.com\/labravaradiofm\/#website"},"primaryImageOfPage":{"@id":"https:\/\/www.bbmnoticias.com\/conductora-de-camioneta-atropella-a-madre-con-sus-hijas-y-se-da-a-la-fuga-en-centro-de-oaxaca-video\/#primaryimage"},"image":{"@id":"https:\/\/www.bbmnoticias.com\/conductora-de-camioneta-atropella-a-madre-con-sus-hijas-y-se-da-a-la-fuga-en-centro-de-oaxaca-video\/#primaryimage"},"thumbnailUrl":"https:\/\/www.bbmnoticias.com\/labravaradiofm\/wp-content\/uploads\/sites\/5\/2026\/01\/conductora.jpg","datePublished":"2026-01-15T15:00:55+00:00","dateModified":"2026-01-15T15:01:01+00:00","author":{"@id":"https:\/\/www.bbmnoticias.com\/labravaradiofm\/#\/schema\/person\/000bdaf0a8fb5bff0d537c4d0778e33f"},"breadcrumb":{"@id":"https:\/\/www.bbmnoticias.com\/conductora-de-camioneta-atropella-a-madre-con-sus-hijas-y-se-da-a-la-fuga-en-centro-de-oaxaca-video\/#breadcrumb"},"inLanguage":"es","potentialAction":[{"@type":"ReadAction","target":["https:\/\/www.bbmnoticias.com\/conductora-de-camioneta-atropella-a-madre-con-sus-hijas-y-se-da-a-la-fuga-en-centro-de-oaxaca-video\/"]}]},{"@type":"ImageObject","inLanguage":"es","@id":"https:\/\/www.bbmnoticias.com\/conductora-de-camioneta-atropella-a-madre-con-sus-hijas-y-se-da-a-la-fuga-en-centro-de-oaxaca-video\/#primaryimage","url":"https:\/\/www.bbmnoticias.com\/labravaradiofm\/wp-content\/uploads\/sites\/5\/2026\/01\/conductora.jpg","contentUrl":"https:\/\/www.bbmnoticias.com\/labravaradiofm\/wp-content\/uploads\/sites\/5\/2026\/01\/conductora.jpg","width":848,"height":477},{"@type":"BreadcrumbList","@id":"https:\/\/www.bbmnoticias.com\/conductora-de-camioneta-atropella-a-madre-con-sus-hijas-y-se-da-a-la-fuga-en-centro-de-oaxaca-video\/#breadcrumb","itemListElement":[{"@type":"ListItem","position":1,"name":"Inicio","item":"https:\/\/www.bbmnoticias.com\/labravaradiofm\/"},{"@type":"ListItem","position":2,"name":"Conductora de camioneta atropella a madre con sus hijas y se da a la fuga en centro de Oaxaca | VIDEO"}]},{"@type":"WebSite","@id":"https:\/\/www.bbmnoticias.com\/labravaradiofm\/#website","url":"https:\/\/www.bbmnoticias.com\/labravaradiofm\/","name":"LA BRAVA RADIO","description":"Empresa productora de medios, Radiodifusi\u00f3n, Noticias, tendencias y todo lo que necesitas saber de la pol\u00edtica mexicana e internacional; entretenimiento, espect\u00e1culos, salud y mucho m\u00e1s.","potentialAction":[{"@type":"SearchAction","target":{"@type":"EntryPoint","urlTemplate":"https:\/\/www.bbmnoticias.com\/labravaradiofm\/?s={search_term_string}"},"query-input":{"@type":"PropertyValueSpecification","valueRequired":true,"valueName":"search_term_string"}}],"inLanguage":"es"},{"@type":"Person","@id":"https:\/\/www.bbmnoticias.com\/labravaradiofm\/#\/schema\/person\/000bdaf0a8fb5bff0d537c4d0778e33f","name":"Agencias","image":{"@type":"ImageObject","inLanguage":"es","@id":"https:\/\/secure.gravatar.com\/avatar\/739e0b61adf9e398b425c36718c8752286da0e8cd90f20ce9a86678abc26aa0d?s=96&d=mm&r=g","url":"https:\/\/secure.gravatar.com\/avatar\/739e0b61adf9e398b425c36718c8752286da0e8cd90f20ce9a86678abc26aa0d?s=96&d=mm&r=g","contentUrl":"https:\/\/secure.gravatar.com\/avatar\/739e0b61adf9e398b425c36718c8752286da0e8cd90f20ce9a86678abc26aa0d?s=96&d=mm&r=g","caption":"Agencias"},"url":"https:\/\/www.bbmnoticias.com\/labravaradiofm\/author\/agencias\/"}]}},"_links":{"self":[{"href":"https:\/\/www.bbmnoticias.com\/labravaradiofm\/wp-json\/wp\/v2\/posts\/72666","targetHints":{"allow":["GET"]}}],"collection":[{"href":"https:\/\/www.bbmnoticias.com\/labravaradiofm\/wp-json\/wp\/v2\/posts"}],"about":[{"href":"https:\/\/www.bbmnoticias.com\/labravaradiofm\/wp-json\/wp\/v2\/types\/post"}],"author":[{"embeddable":true,"href":"https:\/\/www.bbmnoticias.com\/labravaradiofm\/wp-json\/wp\/v2\/users\/4"}],"replies":[{"embeddable":true,"href":"https:\/\/www.bbmnoticias.com\/labravaradiofm\/wp-json\/wp\/v2\/comments?post=72666"}],"version-history":[{"count":0,"href":"https:\/\/www.bbmnoticias.com\/labravaradiofm\/wp-json\/wp\/v2\/posts\/72666\/revisions"}],"wp:featuredmedia":[{"embeddable":true,"href":"https:\/\/www.bbmnoticias.com\/labravaradiofm\/wp-json\/wp\/v2\/media\/72668"}],"wp:attachment":[{"href":"https:\/\/www.bbmnoticias.com\/labravaradiofm\/wp-json\/wp\/v2\/media?parent=72666"}],"wp:term":[{"taxonomy":"category","embeddable":true,"href":"https:\/\/www.bbmnoticias.com\/labravaradiofm\/wp-json\/wp\/v2\/categories?post=72666"},{"taxonomy":"post_tag","embeddable":true,"href":"https:\/\/www.bbmnoticias.com\/labravaradiofm\/wp-json\/wp\/v2\/tags?post=72666"}],"curies":[{"name":"wp","href":"https:\/\/api.w.org\/{rel}","templated":true}]}}