{"id":72663,"date":"2026-01-15T08:40:21","date_gmt":"2026-01-15T14:40:21","guid":{"rendered":"https:\/\/www.bbmnoticias.com\/labravaradiofm\/2026\/01\/15\/pierde-la-vida-autoridad-municipal-de-chapulapa-y-acompanante-en-accidente\/"},"modified":"2026-01-15T08:40:26","modified_gmt":"2026-01-15T14:40:26","slug":"pierde-la-vida-autoridad-municipal-de-chapulapa-y-acompanante-en-accidente","status":"publish","type":"post","link":"https:\/\/www.bbmnoticias.com\/labravaradiofm\/2026\/01\/15\/pierde-la-vida-autoridad-municipal-de-chapulapa-y-acompanante-en-accidente\/","title":{"rendered":"Pierde la vida autoridad municipal de Chapulapa y acompa\u00f1ante en accidente"},"content":{"rendered":"<div style=\"margin-top: 0px; margin-bottom: 0px;\" class=\"sharethis-inline-share-buttons\" ><\/div>\n<p>En un accidente automovil\u00edstico perdi\u00f3 la vida el agente municipal de Santo Tom\u00e1s perteneciente al municipio de San Francisco Chapulapa, Celestino Avenda\u00f1o Zaraut.<\/p>\n\n\n\n<p>De acuerdo con el reporte policiaco, el accidente ocurri\u00f3 el mi\u00e9rcoles, cuando el agente y un grupo de colaboradores viajaban con direcci\u00f3n a las localidades de San Alejo el Progreso y Santo Tom\u00e1s, en el municipio de San Francisco Chapulapa.<\/p>\n\n\n\n<p>Se inform\u00f3 que la unidad cay\u00f3 a un barranco de m\u00e1s de 10 metros, lo que gener\u00f3 el fallecimiento del agente municipal.<\/p>\n\n\n\n<p>Junto a \u00e9l muri\u00f3 tambi\u00e9n una de sus colaboradoras, mientras que cinco permanecen graves.<\/p>\n\n\n\n<p>Autoridades municipales y la Fiscal\u00eda del Estado tomaron conocimiento de los hechos sangrientos.<\/p>\n\n\n\n<p>Al lugar arribaron cuerpos de emergencia para brindar el apoyo correspondiente.<\/p>\n\n\n\n<p><strong>LISTA DE LESIONADOS:<\/strong><\/p>\n\n\n\n<p>Alma Delia Murillo Rocha&nbsp;&nbsp;28 a Policontundida<\/p>\n\n\n\n<p>Salom\u00f3n Hdez Jacobo 54 Policontundido<\/p>\n\n\n\n<p>Carmela Jmz Castelar 37 a&nbsp;&nbsp;Policontundida<\/p>\n\n\n\n<p>&nbsp;Efra\u00edn Castillo 70 a\u00f1os Fx expuesta de f\u00e9mur izq.<\/p>\n\n\n\n<p>Oneida Zaraut Garc\u00eda 34 a\u00f1os Policontundido&nbsp;<\/p>\n\n\n\n<p>Kenia Jaretzi Patricio Zaraut 5 a\u00f1os Policontundida.<\/p>\n\n\n\n<p>Luciano Mendoza Jim\u00e9nez 53 a\u00f1os policontundido.&nbsp;<\/p>\n\n\n\n<p>William Jared Patricio &nbsp;3 a\u00f1os. Policontundido.&nbsp;<\/p>\n\n\n\n<p>Aquilino Castillo Murillo 46 a\u00f1os. Policontundido.<\/p>\n\n\n\n<p>Elmo Murillo Mejia 30 a\u00f1os Policontundido.<\/p>\n\n\n\n<p>Con informaci\u00f3n de Redes Sociales<\/p>\n","protected":false},"excerpt":{"rendered":"<p>En un accidente automovil\u00edstico perdi\u00f3 la vida el agente municipal de Santo Tom\u00e1s perteneciente al municipio de San Francisco Chapulapa, Celestino Avenda\u00f1o Zaraut. De acuerdo con el reporte policiaco, el accidente ocurri\u00f3 el mi\u00e9rcoles, cuando el agente y un grupo de colaboradores viajaban con direcci\u00f3n a las localidades de San Alejo el Progreso y Santo [&hellip;]<\/p>\n","protected":false},"author":4,"featured_media":72665,"comment_status":"closed","ping_status":"open","sticky":false,"template":"","format":"standard","meta":{"footnotes":""},"categories":[2],"tags":[],"class_list":{"0":"post-72663","1":"post","2":"type-post","3":"status-publish","4":"format-standard","5":"has-post-thumbnail","7":"category-oaxaca"},"yoast_head":"<!-- This site is optimized with the Yoast SEO plugin v27.4 - https:\/\/yoast.com\/product\/yoast-seo-wordpress\/ -->\n<title>Pierde la vida autoridad municipal de Chapulapa y acompa\u00f1ante en accidente - LA BRAVA RADIO<\/title>\n<meta name=\"robots\" content=\"index, follow, max-snippet:-1, max-image-preview:large, max-video-preview:-1\" \/>\n<link rel=\"canonical\" href=\"https:\/\/www.bbmnoticias.com\/pierde-la-vida-autoridad-municipal-de-chapulapa-y-acompanante-en-accidente\/\" \/>\n<meta property=\"og:locale\" content=\"es_MX\" \/>\n<meta property=\"og:type\" content=\"article\" \/>\n<meta property=\"og:title\" content=\"Pierde la vida autoridad municipal de Chapulapa y acompa\u00f1ante en accidente - LA BRAVA RADIO\" \/>\n<meta property=\"og:description\" content=\"En un accidente automovil\u00edstico perdi\u00f3 la vida el agente municipal de Santo Tom\u00e1s perteneciente al municipio de San Francisco Chapulapa, Celestino Avenda\u00f1o Zaraut. De acuerdo con el reporte policiaco, el accidente ocurri\u00f3 el mi\u00e9rcoles, cuando el agente y un grupo de colaboradores viajaban con direcci\u00f3n a las localidades de San Alejo el Progreso y Santo [&hellip;]\" \/>\n<meta property=\"og:url\" content=\"https:\/\/www.bbmnoticias.com\/pierde-la-vida-autoridad-municipal-de-chapulapa-y-acompanante-en-accidente\/\" \/>\n<meta property=\"og:site_name\" content=\"LA BRAVA RADIO\" \/>\n<meta property=\"article:published_time\" content=\"2026-01-15T14:40:21+00:00\" \/>\n<meta property=\"article:modified_time\" content=\"2026-01-15T14:40:26+00:00\" \/>\n<meta property=\"og:image\" content=\"https:\/\/www.bbmnoticias.com\/labravaradiofm\/wp-content\/uploads\/sites\/5\/2026\/01\/accidente_sierra.jpg\" \/>\n\t<meta property=\"og:image:width\" content=\"800\" \/>\n\t<meta property=\"og:image:height\" content=\"477\" \/>\n\t<meta property=\"og:image:type\" content=\"image\/jpeg\" \/>\n<meta name=\"author\" content=\"Agencias\" \/>\n<meta name=\"twitter:card\" content=\"summary_large_image\" \/>\n<meta name=\"twitter:label1\" content=\"Escrito por\" \/>\n\t<meta name=\"twitter:data1\" content=\"Agencias\" \/>\n\t<meta name=\"twitter:label2\" content=\"Tiempo de lectura\" \/>\n\t<meta name=\"twitter:data2\" content=\"1 minuto\" \/>\n<script type=\"application\/ld+json\" class=\"yoast-schema-graph\">{\"@context\":\"https:\\\/\\\/schema.org\",\"@graph\":[{\"@type\":\"Article\",\"@id\":\"https:\\\/\\\/www.bbmnoticias.com\\\/pierde-la-vida-autoridad-municipal-de-chapulapa-y-acompanante-en-accidente\\\/#article\",\"isPartOf\":{\"@id\":\"https:\\\/\\\/www.bbmnoticias.com\\\/labravaradiofm\\\/2026\\\/01\\\/15\\\/pierde-la-vida-autoridad-municipal-de-chapulapa-y-acompanante-en-accidente\\\/\"},\"author\":{\"name\":\"Agencias\",\"@id\":\"https:\\\/\\\/www.bbmnoticias.com\\\/labravaradiofm\\\/#\\\/schema\\\/person\\\/000bdaf0a8fb5bff0d537c4d0778e33f\"},\"headline\":\"Pierde la vida autoridad municipal de Chapulapa y acompa\u00f1ante en accidente\",\"datePublished\":\"2026-01-15T14:40:21+00:00\",\"dateModified\":\"2026-01-15T14:40:26+00:00\",\"mainEntityOfPage\":{\"@id\":\"https:\\\/\\\/www.bbmnoticias.com\\\/labravaradiofm\\\/2026\\\/01\\\/15\\\/pierde-la-vida-autoridad-municipal-de-chapulapa-y-acompanante-en-accidente\\\/\"},\"wordCount\":227,\"image\":{\"@id\":\"https:\\\/\\\/www.bbmnoticias.com\\\/pierde-la-vida-autoridad-municipal-de-chapulapa-y-acompanante-en-accidente\\\/#primaryimage\"},\"thumbnailUrl\":\"https:\\\/\\\/www.bbmnoticias.com\\\/labravaradiofm\\\/wp-content\\\/uploads\\\/sites\\\/5\\\/2026\\\/01\\\/accidente_sierra.jpg\",\"articleSection\":[\"LOCAL\"],\"inLanguage\":\"es\"},{\"@type\":\"WebPage\",\"@id\":\"https:\\\/\\\/www.bbmnoticias.com\\\/labravaradiofm\\\/2026\\\/01\\\/15\\\/pierde-la-vida-autoridad-municipal-de-chapulapa-y-acompanante-en-accidente\\\/\",\"url\":\"https:\\\/\\\/www.bbmnoticias.com\\\/pierde-la-vida-autoridad-municipal-de-chapulapa-y-acompanante-en-accidente\\\/\",\"name\":\"Pierde la vida autoridad municipal de Chapulapa y acompa\u00f1ante en accidente - LA BRAVA RADIO\",\"isPartOf\":{\"@id\":\"https:\\\/\\\/www.bbmnoticias.com\\\/labravaradiofm\\\/#website\"},\"primaryImageOfPage\":{\"@id\":\"https:\\\/\\\/www.bbmnoticias.com\\\/pierde-la-vida-autoridad-municipal-de-chapulapa-y-acompanante-en-accidente\\\/#primaryimage\"},\"image\":{\"@id\":\"https:\\\/\\\/www.bbmnoticias.com\\\/pierde-la-vida-autoridad-municipal-de-chapulapa-y-acompanante-en-accidente\\\/#primaryimage\"},\"thumbnailUrl\":\"https:\\\/\\\/www.bbmnoticias.com\\\/labravaradiofm\\\/wp-content\\\/uploads\\\/sites\\\/5\\\/2026\\\/01\\\/accidente_sierra.jpg\",\"datePublished\":\"2026-01-15T14:40:21+00:00\",\"dateModified\":\"2026-01-15T14:40:26+00:00\",\"author\":{\"@id\":\"https:\\\/\\\/www.bbmnoticias.com\\\/labravaradiofm\\\/#\\\/schema\\\/person\\\/000bdaf0a8fb5bff0d537c4d0778e33f\"},\"breadcrumb\":{\"@id\":\"https:\\\/\\\/www.bbmnoticias.com\\\/pierde-la-vida-autoridad-municipal-de-chapulapa-y-acompanante-en-accidente\\\/#breadcrumb\"},\"inLanguage\":\"es\",\"potentialAction\":[{\"@type\":\"ReadAction\",\"target\":[\"https:\\\/\\\/www.bbmnoticias.com\\\/pierde-la-vida-autoridad-municipal-de-chapulapa-y-acompanante-en-accidente\\\/\"]}]},{\"@type\":\"ImageObject\",\"inLanguage\":\"es\",\"@id\":\"https:\\\/\\\/www.bbmnoticias.com\\\/pierde-la-vida-autoridad-municipal-de-chapulapa-y-acompanante-en-accidente\\\/#primaryimage\",\"url\":\"https:\\\/\\\/www.bbmnoticias.com\\\/labravaradiofm\\\/wp-content\\\/uploads\\\/sites\\\/5\\\/2026\\\/01\\\/accidente_sierra.jpg\",\"contentUrl\":\"https:\\\/\\\/www.bbmnoticias.com\\\/labravaradiofm\\\/wp-content\\\/uploads\\\/sites\\\/5\\\/2026\\\/01\\\/accidente_sierra.jpg\",\"width\":800,\"height\":477},{\"@type\":\"BreadcrumbList\",\"@id\":\"https:\\\/\\\/www.bbmnoticias.com\\\/pierde-la-vida-autoridad-municipal-de-chapulapa-y-acompanante-en-accidente\\\/#breadcrumb\",\"itemListElement\":[{\"@type\":\"ListItem\",\"position\":1,\"name\":\"Inicio\",\"item\":\"https:\\\/\\\/www.bbmnoticias.com\\\/labravaradiofm\\\/\"},{\"@type\":\"ListItem\",\"position\":2,\"name\":\"Pierde la vida autoridad municipal de Chapulapa y acompa\u00f1ante en accidente\"}]},{\"@type\":\"WebSite\",\"@id\":\"https:\\\/\\\/www.bbmnoticias.com\\\/labravaradiofm\\\/#website\",\"url\":\"https:\\\/\\\/www.bbmnoticias.com\\\/labravaradiofm\\\/\",\"name\":\"LA BRAVA RADIO\",\"description\":\"Empresa productora de medios, Radiodifusi\u00f3n, Noticias, tendencias y todo lo que necesitas saber de la pol\u00edtica mexicana e internacional; entretenimiento, espect\u00e1culos, salud y mucho m\u00e1s.\",\"potentialAction\":[{\"@type\":\"SearchAction\",\"target\":{\"@type\":\"EntryPoint\",\"urlTemplate\":\"https:\\\/\\\/www.bbmnoticias.com\\\/labravaradiofm\\\/?s={search_term_string}\"},\"query-input\":{\"@type\":\"PropertyValueSpecification\",\"valueRequired\":true,\"valueName\":\"search_term_string\"}}],\"inLanguage\":\"es\"},{\"@type\":\"Person\",\"@id\":\"https:\\\/\\\/www.bbmnoticias.com\\\/labravaradiofm\\\/#\\\/schema\\\/person\\\/000bdaf0a8fb5bff0d537c4d0778e33f\",\"name\":\"Agencias\",\"image\":{\"@type\":\"ImageObject\",\"inLanguage\":\"es\",\"@id\":\"https:\\\/\\\/secure.gravatar.com\\\/avatar\\\/739e0b61adf9e398b425c36718c8752286da0e8cd90f20ce9a86678abc26aa0d?s=96&d=mm&r=g\",\"url\":\"https:\\\/\\\/secure.gravatar.com\\\/avatar\\\/739e0b61adf9e398b425c36718c8752286da0e8cd90f20ce9a86678abc26aa0d?s=96&d=mm&r=g\",\"contentUrl\":\"https:\\\/\\\/secure.gravatar.com\\\/avatar\\\/739e0b61adf9e398b425c36718c8752286da0e8cd90f20ce9a86678abc26aa0d?s=96&d=mm&r=g\",\"caption\":\"Agencias\"},\"url\":\"https:\\\/\\\/www.bbmnoticias.com\\\/labravaradiofm\\\/author\\\/agencias\\\/\"}]}<\/script>\n<!-- \/ Yoast SEO plugin. -->","yoast_head_json":{"title":"Pierde la vida autoridad municipal de Chapulapa y acompa\u00f1ante en accidente - LA BRAVA RADIO","robots":{"index":"index","follow":"follow","max-snippet":"max-snippet:-1","max-image-preview":"max-image-preview:large","max-video-preview":"max-video-preview:-1"},"canonical":"https:\/\/www.bbmnoticias.com\/pierde-la-vida-autoridad-municipal-de-chapulapa-y-acompanante-en-accidente\/","og_locale":"es_MX","og_type":"article","og_title":"Pierde la vida autoridad municipal de Chapulapa y acompa\u00f1ante en accidente - LA BRAVA RADIO","og_description":"En un accidente automovil\u00edstico perdi\u00f3 la vida el agente municipal de Santo Tom\u00e1s perteneciente al municipio de San Francisco Chapulapa, Celestino Avenda\u00f1o Zaraut. De acuerdo con el reporte policiaco, el accidente ocurri\u00f3 el mi\u00e9rcoles, cuando el agente y un grupo de colaboradores viajaban con direcci\u00f3n a las localidades de San Alejo el Progreso y Santo [&hellip;]","og_url":"https:\/\/www.bbmnoticias.com\/pierde-la-vida-autoridad-municipal-de-chapulapa-y-acompanante-en-accidente\/","og_site_name":"LA BRAVA RADIO","article_published_time":"2026-01-15T14:40:21+00:00","article_modified_time":"2026-01-15T14:40:26+00:00","og_image":[{"width":800,"height":477,"url":"https:\/\/www.bbmnoticias.com\/labravaradiofm\/wp-content\/uploads\/sites\/5\/2026\/01\/accidente_sierra.jpg","type":"image\/jpeg"}],"author":"Agencias","twitter_card":"summary_large_image","twitter_misc":{"Escrito por":"Agencias","Tiempo de lectura":"1 minuto"},"schema":{"@context":"https:\/\/schema.org","@graph":[{"@type":"Article","@id":"https:\/\/www.bbmnoticias.com\/pierde-la-vida-autoridad-municipal-de-chapulapa-y-acompanante-en-accidente\/#article","isPartOf":{"@id":"https:\/\/www.bbmnoticias.com\/labravaradiofm\/2026\/01\/15\/pierde-la-vida-autoridad-municipal-de-chapulapa-y-acompanante-en-accidente\/"},"author":{"name":"Agencias","@id":"https:\/\/www.bbmnoticias.com\/labravaradiofm\/#\/schema\/person\/000bdaf0a8fb5bff0d537c4d0778e33f"},"headline":"Pierde la vida autoridad municipal de Chapulapa y acompa\u00f1ante en accidente","datePublished":"2026-01-15T14:40:21+00:00","dateModified":"2026-01-15T14:40:26+00:00","mainEntityOfPage":{"@id":"https:\/\/www.bbmnoticias.com\/labravaradiofm\/2026\/01\/15\/pierde-la-vida-autoridad-municipal-de-chapulapa-y-acompanante-en-accidente\/"},"wordCount":227,"image":{"@id":"https:\/\/www.bbmnoticias.com\/pierde-la-vida-autoridad-municipal-de-chapulapa-y-acompanante-en-accidente\/#primaryimage"},"thumbnailUrl":"https:\/\/www.bbmnoticias.com\/labravaradiofm\/wp-content\/uploads\/sites\/5\/2026\/01\/accidente_sierra.jpg","articleSection":["LOCAL"],"inLanguage":"es"},{"@type":"WebPage","@id":"https:\/\/www.bbmnoticias.com\/labravaradiofm\/2026\/01\/15\/pierde-la-vida-autoridad-municipal-de-chapulapa-y-acompanante-en-accidente\/","url":"https:\/\/www.bbmnoticias.com\/pierde-la-vida-autoridad-municipal-de-chapulapa-y-acompanante-en-accidente\/","name":"Pierde la vida autoridad municipal de Chapulapa y acompa\u00f1ante en accidente - LA BRAVA RADIO","isPartOf":{"@id":"https:\/\/www.bbmnoticias.com\/labravaradiofm\/#website"},"primaryImageOfPage":{"@id":"https:\/\/www.bbmnoticias.com\/pierde-la-vida-autoridad-municipal-de-chapulapa-y-acompanante-en-accidente\/#primaryimage"},"image":{"@id":"https:\/\/www.bbmnoticias.com\/pierde-la-vida-autoridad-municipal-de-chapulapa-y-acompanante-en-accidente\/#primaryimage"},"thumbnailUrl":"https:\/\/www.bbmnoticias.com\/labravaradiofm\/wp-content\/uploads\/sites\/5\/2026\/01\/accidente_sierra.jpg","datePublished":"2026-01-15T14:40:21+00:00","dateModified":"2026-01-15T14:40:26+00:00","author":{"@id":"https:\/\/www.bbmnoticias.com\/labravaradiofm\/#\/schema\/person\/000bdaf0a8fb5bff0d537c4d0778e33f"},"breadcrumb":{"@id":"https:\/\/www.bbmnoticias.com\/pierde-la-vida-autoridad-municipal-de-chapulapa-y-acompanante-en-accidente\/#breadcrumb"},"inLanguage":"es","potentialAction":[{"@type":"ReadAction","target":["https:\/\/www.bbmnoticias.com\/pierde-la-vida-autoridad-municipal-de-chapulapa-y-acompanante-en-accidente\/"]}]},{"@type":"ImageObject","inLanguage":"es","@id":"https:\/\/www.bbmnoticias.com\/pierde-la-vida-autoridad-municipal-de-chapulapa-y-acompanante-en-accidente\/#primaryimage","url":"https:\/\/www.bbmnoticias.com\/labravaradiofm\/wp-content\/uploads\/sites\/5\/2026\/01\/accidente_sierra.jpg","contentUrl":"https:\/\/www.bbmnoticias.com\/labravaradiofm\/wp-content\/uploads\/sites\/5\/2026\/01\/accidente_sierra.jpg","width":800,"height":477},{"@type":"BreadcrumbList","@id":"https:\/\/www.bbmnoticias.com\/pierde-la-vida-autoridad-municipal-de-chapulapa-y-acompanante-en-accidente\/#breadcrumb","itemListElement":[{"@type":"ListItem","position":1,"name":"Inicio","item":"https:\/\/www.bbmnoticias.com\/labravaradiofm\/"},{"@type":"ListItem","position":2,"name":"Pierde la vida autoridad municipal de Chapulapa y acompa\u00f1ante en accidente"}]},{"@type":"WebSite","@id":"https:\/\/www.bbmnoticias.com\/labravaradiofm\/#website","url":"https:\/\/www.bbmnoticias.com\/labravaradiofm\/","name":"LA BRAVA RADIO","description":"Empresa productora de medios, Radiodifusi\u00f3n, Noticias, tendencias y todo lo que necesitas saber de la pol\u00edtica mexicana e internacional; entretenimiento, espect\u00e1culos, salud y mucho m\u00e1s.","potentialAction":[{"@type":"SearchAction","target":{"@type":"EntryPoint","urlTemplate":"https:\/\/www.bbmnoticias.com\/labravaradiofm\/?s={search_term_string}"},"query-input":{"@type":"PropertyValueSpecification","valueRequired":true,"valueName":"search_term_string"}}],"inLanguage":"es"},{"@type":"Person","@id":"https:\/\/www.bbmnoticias.com\/labravaradiofm\/#\/schema\/person\/000bdaf0a8fb5bff0d537c4d0778e33f","name":"Agencias","image":{"@type":"ImageObject","inLanguage":"es","@id":"https:\/\/secure.gravatar.com\/avatar\/739e0b61adf9e398b425c36718c8752286da0e8cd90f20ce9a86678abc26aa0d?s=96&d=mm&r=g","url":"https:\/\/secure.gravatar.com\/avatar\/739e0b61adf9e398b425c36718c8752286da0e8cd90f20ce9a86678abc26aa0d?s=96&d=mm&r=g","contentUrl":"https:\/\/secure.gravatar.com\/avatar\/739e0b61adf9e398b425c36718c8752286da0e8cd90f20ce9a86678abc26aa0d?s=96&d=mm&r=g","caption":"Agencias"},"url":"https:\/\/www.bbmnoticias.com\/labravaradiofm\/author\/agencias\/"}]}},"_links":{"self":[{"href":"https:\/\/www.bbmnoticias.com\/labravaradiofm\/wp-json\/wp\/v2\/posts\/72663","targetHints":{"allow":["GET"]}}],"collection":[{"href":"https:\/\/www.bbmnoticias.com\/labravaradiofm\/wp-json\/wp\/v2\/posts"}],"about":[{"href":"https:\/\/www.bbmnoticias.com\/labravaradiofm\/wp-json\/wp\/v2\/types\/post"}],"author":[{"embeddable":true,"href":"https:\/\/www.bbmnoticias.com\/labravaradiofm\/wp-json\/wp\/v2\/users\/4"}],"replies":[{"embeddable":true,"href":"https:\/\/www.bbmnoticias.com\/labravaradiofm\/wp-json\/wp\/v2\/comments?post=72663"}],"version-history":[{"count":0,"href":"https:\/\/www.bbmnoticias.com\/labravaradiofm\/wp-json\/wp\/v2\/posts\/72663\/revisions"}],"wp:featuredmedia":[{"embeddable":true,"href":"https:\/\/www.bbmnoticias.com\/labravaradiofm\/wp-json\/wp\/v2\/media\/72665"}],"wp:attachment":[{"href":"https:\/\/www.bbmnoticias.com\/labravaradiofm\/wp-json\/wp\/v2\/media?parent=72663"}],"wp:term":[{"taxonomy":"category","embeddable":true,"href":"https:\/\/www.bbmnoticias.com\/labravaradiofm\/wp-json\/wp\/v2\/categories?post=72663"},{"taxonomy":"post_tag","embeddable":true,"href":"https:\/\/www.bbmnoticias.com\/labravaradiofm\/wp-json\/wp\/v2\/tags?post=72663"}],"curies":[{"name":"wp","href":"https:\/\/api.w.org\/{rel}","templated":true}]}}