{"id":72648,"date":"2026-01-14T18:33:25","date_gmt":"2026-01-15T00:33:25","guid":{"rendered":"https:\/\/www.bbmnoticias.com\/labravaradiofm\/2026\/01\/14\/fiscalia-de-oaxaca-aprehende-a-l-a-a-r-alias-el-cuche-o-cuchito-por-homicidio-ocurrido-en-la-colonia-siete-regiones-en-la-capital\/"},"modified":"2026-01-14T18:33:28","modified_gmt":"2026-01-15T00:33:28","slug":"fiscalia-de-oaxaca-aprehende-a-l-a-a-r-alias-el-cuche-o-cuchito-por-homicidio-ocurrido-en-la-colonia-siete-regiones-en-la-capital","status":"publish","type":"post","link":"https:\/\/www.bbmnoticias.com\/labravaradiofm\/2026\/01\/14\/fiscalia-de-oaxaca-aprehende-a-l-a-a-r-alias-el-cuche-o-cuchito-por-homicidio-ocurrido-en-la-colonia-siete-regiones-en-la-capital\/","title":{"rendered":"Fiscal\u00eda de Oaxaca aprehende a L.A.A.R., alias \u201cEl Cuche\u201d o \u201cCuchito\u201d, por homicidio ocurrido en la colonia Siete Regiones, en la capital"},"content":{"rendered":"<div style=\"margin-top: 0px; margin-bottom: 0px;\" class=\"sharethis-inline-share-buttons\" ><\/div>\n<p><strong>Oaxaca de Ju\u00e1rez<\/strong>, Oax.- \u00a0La Fiscal\u00eda General del Estado de Oaxaca (FGEO) ejecut\u00f3 una orden de aprehensi\u00f3n en contra de L.A.A.R., alias \u201cEl Cuche\u201d o \u201cCuchito\u201d, como probable responsable del delito de Homicidio Calificado con Ventaja, hechos ocurridos en la colonia \u201cSiete Regiones\u201d del municipio de Oaxaca de Ju\u00e1rez.<\/p>\n\n\n\n<p>De acuerdo con la carpeta de investigaci\u00f3n los hechos ocurrieron el&nbsp; 06 de mayo de 2025,&nbsp; cuando la v\u00edctima junto con otra persona caminaban sobre la calle Puerto Escondido, en la colonia Siete Regiones, perteneciente al municipio de Oaxaca de Ju\u00e1rez, cuando fueron alcanzados por una motocicleta en la que viajaban dos personas, cuando una de ellas realiz\u00f3 disparos de arma de fuego lo que provoc\u00f3 lesiones a la v\u00edctima a consecuencia de las cuales perdi\u00f3 la vida.<\/p>\n\n\n\n<p>Derivado de las primeras investigaciones, la FGEO a trav\u00e9s de la Fiscal\u00eda Especializada en Delitos de Alto Impacto realiz\u00f3 la detenci\u00f3n de L.A.A.R., alias \u201cEl Cuche\u201d o \u201cCuchito\u201d, por el delito de homicidio calificado con ventaja, quien fue puesto a disposici\u00f3n de la autoridad ministerial para definir su situaci\u00f3n jur\u00eddica, esto como parte de las acciones permanentes de procuraci\u00f3n de justicia<\/p>\n\n\n\n<p>La Fiscal\u00eda General del Estado de Oaxaca&nbsp; refrenda su compromiso de continuar con investigaciones s\u00f3lidas, profesionales y con estricto apego a la legalidad, para que los delitos que atentan contra la vida no queden impunes y las v\u00edctimas accedan a una adecuada procuraci\u00f3n de justicia.<\/p>\n","protected":false},"excerpt":{"rendered":"<p>Oaxaca de Ju\u00e1rez, Oax.- \u00a0La Fiscal\u00eda General del Estado de Oaxaca (FGEO) ejecut\u00f3 una orden de aprehensi\u00f3n en contra de L.A.A.R., alias \u201cEl Cuche\u201d o \u201cCuchito\u201d, como probable responsable del delito de Homicidio Calificado con Ventaja, hechos ocurridos en la colonia \u201cSiete Regiones\u201d del municipio de Oaxaca de Ju\u00e1rez. De acuerdo con la carpeta de [&hellip;]<\/p>\n","protected":false},"author":2,"featured_media":72650,"comment_status":"closed","ping_status":"open","sticky":false,"template":"","format":"standard","meta":{"footnotes":""},"categories":[2,20],"tags":[],"class_list":{"0":"post-72648","1":"post","2":"type-post","3":"status-publish","4":"format-standard","5":"has-post-thumbnail","7":"category-oaxaca","8":"category-policiaca"},"yoast_head":"<!-- This site is optimized with the Yoast SEO plugin v27.4 - https:\/\/yoast.com\/product\/yoast-seo-wordpress\/ -->\n<title>Fiscal\u00eda de Oaxaca aprehende a L.A.A.R., alias \u201cEl Cuche\u201d o \u201cCuchito\u201d, por homicidio ocurrido en la colonia Siete Regiones, en la capital - LA BRAVA RADIO<\/title>\n<meta name=\"robots\" content=\"index, follow, max-snippet:-1, max-image-preview:large, max-video-preview:-1\" \/>\n<link rel=\"canonical\" href=\"https:\/\/www.bbmnoticias.com\/fiscalia-de-oaxaca-aprehende-a-l-a-a-r-alias-el-cuche-o-cuchito-por-homicidio-ocurrido-en-la-colonia-siete-regiones-en-la-capital\/\" \/>\n<meta property=\"og:locale\" content=\"es_MX\" \/>\n<meta property=\"og:type\" content=\"article\" \/>\n<meta property=\"og:title\" content=\"Fiscal\u00eda de Oaxaca aprehende a L.A.A.R., alias \u201cEl Cuche\u201d o \u201cCuchito\u201d, por homicidio ocurrido en la colonia Siete Regiones, en la capital - LA BRAVA RADIO\" \/>\n<meta property=\"og:description\" content=\"Oaxaca de Ju\u00e1rez, Oax.- \u00a0La Fiscal\u00eda General del Estado de Oaxaca (FGEO) ejecut\u00f3 una orden de aprehensi\u00f3n en contra de L.A.A.R., alias \u201cEl Cuche\u201d o \u201cCuchito\u201d, como probable responsable del delito de Homicidio Calificado con Ventaja, hechos ocurridos en la colonia \u201cSiete Regiones\u201d del municipio de Oaxaca de Ju\u00e1rez. De acuerdo con la carpeta de [&hellip;]\" \/>\n<meta property=\"og:url\" content=\"https:\/\/www.bbmnoticias.com\/fiscalia-de-oaxaca-aprehende-a-l-a-a-r-alias-el-cuche-o-cuchito-por-homicidio-ocurrido-en-la-colonia-siete-regiones-en-la-capital\/\" \/>\n<meta property=\"og:site_name\" content=\"LA BRAVA RADIO\" \/>\n<meta property=\"article:published_time\" content=\"2026-01-15T00:33:25+00:00\" \/>\n<meta property=\"article:modified_time\" content=\"2026-01-15T00:33:28+00:00\" \/>\n<meta property=\"og:image\" content=\"https:\/\/www.bbmnoticias.com\/labravaradiofm\/wp-content\/uploads\/sites\/5\/2026\/01\/Sin-titulo.jpg\" \/>\n\t<meta property=\"og:image:width\" content=\"739\" \/>\n\t<meta property=\"og:image:height\" content=\"567\" \/>\n\t<meta property=\"og:image:type\" content=\"image\/jpeg\" \/>\n<meta name=\"author\" content=\"Staff\" \/>\n<meta name=\"twitter:card\" content=\"summary_large_image\" \/>\n<meta name=\"twitter:label1\" content=\"Escrito por\" \/>\n\t<meta name=\"twitter:data1\" content=\"Staff\" \/>\n\t<meta name=\"twitter:label2\" content=\"Tiempo de lectura\" \/>\n\t<meta name=\"twitter:data2\" content=\"1 minuto\" \/>\n<script type=\"application\/ld+json\" class=\"yoast-schema-graph\">{\"@context\":\"https:\\\/\\\/schema.org\",\"@graph\":[{\"@type\":\"Article\",\"@id\":\"https:\\\/\\\/www.bbmnoticias.com\\\/fiscalia-de-oaxaca-aprehende-a-l-a-a-r-alias-el-cuche-o-cuchito-por-homicidio-ocurrido-en-la-colonia-siete-regiones-en-la-capital\\\/#article\",\"isPartOf\":{\"@id\":\"https:\\\/\\\/www.bbmnoticias.com\\\/labravaradiofm\\\/2026\\\/01\\\/14\\\/fiscalia-de-oaxaca-aprehende-a-l-a-a-r-alias-el-cuche-o-cuchito-por-homicidio-ocurrido-en-la-colonia-siete-regiones-en-la-capital\\\/\"},\"author\":{\"name\":\"Staff\",\"@id\":\"https:\\\/\\\/www.bbmnoticias.com\\\/labravaradiofm\\\/#\\\/schema\\\/person\\\/68a9e9036ef3c5b55aeb2b71dc8bab45\"},\"headline\":\"Fiscal\u00eda de Oaxaca aprehende a L.A.A.R., alias \u201cEl Cuche\u201d o \u201cCuchito\u201d, por homicidio ocurrido en la colonia Siete Regiones, en la capital\",\"datePublished\":\"2026-01-15T00:33:25+00:00\",\"dateModified\":\"2026-01-15T00:33:28+00:00\",\"mainEntityOfPage\":{\"@id\":\"https:\\\/\\\/www.bbmnoticias.com\\\/labravaradiofm\\\/2026\\\/01\\\/14\\\/fiscalia-de-oaxaca-aprehende-a-l-a-a-r-alias-el-cuche-o-cuchito-por-homicidio-ocurrido-en-la-colonia-siete-regiones-en-la-capital\\\/\"},\"wordCount\":286,\"image\":{\"@id\":\"https:\\\/\\\/www.bbmnoticias.com\\\/fiscalia-de-oaxaca-aprehende-a-l-a-a-r-alias-el-cuche-o-cuchito-por-homicidio-ocurrido-en-la-colonia-siete-regiones-en-la-capital\\\/#primaryimage\"},\"thumbnailUrl\":\"https:\\\/\\\/www.bbmnoticias.com\\\/labravaradiofm\\\/wp-content\\\/uploads\\\/sites\\\/5\\\/2026\\\/01\\\/Sin-titulo.jpg\",\"articleSection\":[\"LOCAL\",\"POLICIACA\"],\"inLanguage\":\"es\"},{\"@type\":\"WebPage\",\"@id\":\"https:\\\/\\\/www.bbmnoticias.com\\\/labravaradiofm\\\/2026\\\/01\\\/14\\\/fiscalia-de-oaxaca-aprehende-a-l-a-a-r-alias-el-cuche-o-cuchito-por-homicidio-ocurrido-en-la-colonia-siete-regiones-en-la-capital\\\/\",\"url\":\"https:\\\/\\\/www.bbmnoticias.com\\\/fiscalia-de-oaxaca-aprehende-a-l-a-a-r-alias-el-cuche-o-cuchito-por-homicidio-ocurrido-en-la-colonia-siete-regiones-en-la-capital\\\/\",\"name\":\"Fiscal\u00eda de Oaxaca aprehende a L.A.A.R., alias \u201cEl Cuche\u201d o \u201cCuchito\u201d, por homicidio ocurrido en la colonia Siete Regiones, en la capital - LA BRAVA RADIO\",\"isPartOf\":{\"@id\":\"https:\\\/\\\/www.bbmnoticias.com\\\/labravaradiofm\\\/#website\"},\"primaryImageOfPage\":{\"@id\":\"https:\\\/\\\/www.bbmnoticias.com\\\/fiscalia-de-oaxaca-aprehende-a-l-a-a-r-alias-el-cuche-o-cuchito-por-homicidio-ocurrido-en-la-colonia-siete-regiones-en-la-capital\\\/#primaryimage\"},\"image\":{\"@id\":\"https:\\\/\\\/www.bbmnoticias.com\\\/fiscalia-de-oaxaca-aprehende-a-l-a-a-r-alias-el-cuche-o-cuchito-por-homicidio-ocurrido-en-la-colonia-siete-regiones-en-la-capital\\\/#primaryimage\"},\"thumbnailUrl\":\"https:\\\/\\\/www.bbmnoticias.com\\\/labravaradiofm\\\/wp-content\\\/uploads\\\/sites\\\/5\\\/2026\\\/01\\\/Sin-titulo.jpg\",\"datePublished\":\"2026-01-15T00:33:25+00:00\",\"dateModified\":\"2026-01-15T00:33:28+00:00\",\"author\":{\"@id\":\"https:\\\/\\\/www.bbmnoticias.com\\\/labravaradiofm\\\/#\\\/schema\\\/person\\\/68a9e9036ef3c5b55aeb2b71dc8bab45\"},\"breadcrumb\":{\"@id\":\"https:\\\/\\\/www.bbmnoticias.com\\\/fiscalia-de-oaxaca-aprehende-a-l-a-a-r-alias-el-cuche-o-cuchito-por-homicidio-ocurrido-en-la-colonia-siete-regiones-en-la-capital\\\/#breadcrumb\"},\"inLanguage\":\"es\",\"potentialAction\":[{\"@type\":\"ReadAction\",\"target\":[\"https:\\\/\\\/www.bbmnoticias.com\\\/fiscalia-de-oaxaca-aprehende-a-l-a-a-r-alias-el-cuche-o-cuchito-por-homicidio-ocurrido-en-la-colonia-siete-regiones-en-la-capital\\\/\"]}]},{\"@type\":\"ImageObject\",\"inLanguage\":\"es\",\"@id\":\"https:\\\/\\\/www.bbmnoticias.com\\\/fiscalia-de-oaxaca-aprehende-a-l-a-a-r-alias-el-cuche-o-cuchito-por-homicidio-ocurrido-en-la-colonia-siete-regiones-en-la-capital\\\/#primaryimage\",\"url\":\"https:\\\/\\\/www.bbmnoticias.com\\\/labravaradiofm\\\/wp-content\\\/uploads\\\/sites\\\/5\\\/2026\\\/01\\\/Sin-titulo.jpg\",\"contentUrl\":\"https:\\\/\\\/www.bbmnoticias.com\\\/labravaradiofm\\\/wp-content\\\/uploads\\\/sites\\\/5\\\/2026\\\/01\\\/Sin-titulo.jpg\",\"width\":739,\"height\":567},{\"@type\":\"BreadcrumbList\",\"@id\":\"https:\\\/\\\/www.bbmnoticias.com\\\/fiscalia-de-oaxaca-aprehende-a-l-a-a-r-alias-el-cuche-o-cuchito-por-homicidio-ocurrido-en-la-colonia-siete-regiones-en-la-capital\\\/#breadcrumb\",\"itemListElement\":[{\"@type\":\"ListItem\",\"position\":1,\"name\":\"Inicio\",\"item\":\"https:\\\/\\\/www.bbmnoticias.com\\\/labravaradiofm\\\/\"},{\"@type\":\"ListItem\",\"position\":2,\"name\":\"Fiscal\u00eda de Oaxaca aprehende a L.A.A.R., alias \u201cEl Cuche\u201d o \u201cCuchito\u201d, por homicidio ocurrido en la colonia Siete Regiones, en la capital\"}]},{\"@type\":\"WebSite\",\"@id\":\"https:\\\/\\\/www.bbmnoticias.com\\\/labravaradiofm\\\/#website\",\"url\":\"https:\\\/\\\/www.bbmnoticias.com\\\/labravaradiofm\\\/\",\"name\":\"LA BRAVA RADIO\",\"description\":\"Empresa productora de medios, Radiodifusi\u00f3n, Noticias, tendencias y todo lo que necesitas saber de la pol\u00edtica mexicana e internacional; entretenimiento, espect\u00e1culos, salud y mucho m\u00e1s.\",\"potentialAction\":[{\"@type\":\"SearchAction\",\"target\":{\"@type\":\"EntryPoint\",\"urlTemplate\":\"https:\\\/\\\/www.bbmnoticias.com\\\/labravaradiofm\\\/?s={search_term_string}\"},\"query-input\":{\"@type\":\"PropertyValueSpecification\",\"valueRequired\":true,\"valueName\":\"search_term_string\"}}],\"inLanguage\":\"es\"},{\"@type\":\"Person\",\"@id\":\"https:\\\/\\\/www.bbmnoticias.com\\\/labravaradiofm\\\/#\\\/schema\\\/person\\\/68a9e9036ef3c5b55aeb2b71dc8bab45\",\"name\":\"Staff\",\"image\":{\"@type\":\"ImageObject\",\"inLanguage\":\"es\",\"@id\":\"https:\\\/\\\/secure.gravatar.com\\\/avatar\\\/fdd21ad66fd8b98c407f9dee5b5e588cfe7f0d8579ec20fa6527cd59bab7f0f0?s=96&d=mm&r=g\",\"url\":\"https:\\\/\\\/secure.gravatar.com\\\/avatar\\\/fdd21ad66fd8b98c407f9dee5b5e588cfe7f0d8579ec20fa6527cd59bab7f0f0?s=96&d=mm&r=g\",\"contentUrl\":\"https:\\\/\\\/secure.gravatar.com\\\/avatar\\\/fdd21ad66fd8b98c407f9dee5b5e588cfe7f0d8579ec20fa6527cd59bab7f0f0?s=96&d=mm&r=g\",\"caption\":\"Staff\"},\"url\":\"https:\\\/\\\/www.bbmnoticias.com\\\/labravaradiofm\\\/author\\\/redaccion\\\/\"}]}<\/script>\n<!-- \/ Yoast SEO plugin. -->","yoast_head_json":{"title":"Fiscal\u00eda de Oaxaca aprehende a L.A.A.R., alias \u201cEl Cuche\u201d o \u201cCuchito\u201d, por homicidio ocurrido en la colonia Siete Regiones, en la capital - LA BRAVA RADIO","robots":{"index":"index","follow":"follow","max-snippet":"max-snippet:-1","max-image-preview":"max-image-preview:large","max-video-preview":"max-video-preview:-1"},"canonical":"https:\/\/www.bbmnoticias.com\/fiscalia-de-oaxaca-aprehende-a-l-a-a-r-alias-el-cuche-o-cuchito-por-homicidio-ocurrido-en-la-colonia-siete-regiones-en-la-capital\/","og_locale":"es_MX","og_type":"article","og_title":"Fiscal\u00eda de Oaxaca aprehende a L.A.A.R., alias \u201cEl Cuche\u201d o \u201cCuchito\u201d, por homicidio ocurrido en la colonia Siete Regiones, en la capital - LA BRAVA RADIO","og_description":"Oaxaca de Ju\u00e1rez, Oax.- \u00a0La Fiscal\u00eda General del Estado de Oaxaca (FGEO) ejecut\u00f3 una orden de aprehensi\u00f3n en contra de L.A.A.R., alias \u201cEl Cuche\u201d o \u201cCuchito\u201d, como probable responsable del delito de Homicidio Calificado con Ventaja, hechos ocurridos en la colonia \u201cSiete Regiones\u201d del municipio de Oaxaca de Ju\u00e1rez. De acuerdo con la carpeta de [&hellip;]","og_url":"https:\/\/www.bbmnoticias.com\/fiscalia-de-oaxaca-aprehende-a-l-a-a-r-alias-el-cuche-o-cuchito-por-homicidio-ocurrido-en-la-colonia-siete-regiones-en-la-capital\/","og_site_name":"LA BRAVA RADIO","article_published_time":"2026-01-15T00:33:25+00:00","article_modified_time":"2026-01-15T00:33:28+00:00","og_image":[{"width":739,"height":567,"url":"https:\/\/www.bbmnoticias.com\/labravaradiofm\/wp-content\/uploads\/sites\/5\/2026\/01\/Sin-titulo.jpg","type":"image\/jpeg"}],"author":"Staff","twitter_card":"summary_large_image","twitter_misc":{"Escrito por":"Staff","Tiempo de lectura":"1 minuto"},"schema":{"@context":"https:\/\/schema.org","@graph":[{"@type":"Article","@id":"https:\/\/www.bbmnoticias.com\/fiscalia-de-oaxaca-aprehende-a-l-a-a-r-alias-el-cuche-o-cuchito-por-homicidio-ocurrido-en-la-colonia-siete-regiones-en-la-capital\/#article","isPartOf":{"@id":"https:\/\/www.bbmnoticias.com\/labravaradiofm\/2026\/01\/14\/fiscalia-de-oaxaca-aprehende-a-l-a-a-r-alias-el-cuche-o-cuchito-por-homicidio-ocurrido-en-la-colonia-siete-regiones-en-la-capital\/"},"author":{"name":"Staff","@id":"https:\/\/www.bbmnoticias.com\/labravaradiofm\/#\/schema\/person\/68a9e9036ef3c5b55aeb2b71dc8bab45"},"headline":"Fiscal\u00eda de Oaxaca aprehende a L.A.A.R., alias \u201cEl Cuche\u201d o \u201cCuchito\u201d, por homicidio ocurrido en la colonia Siete Regiones, en la capital","datePublished":"2026-01-15T00:33:25+00:00","dateModified":"2026-01-15T00:33:28+00:00","mainEntityOfPage":{"@id":"https:\/\/www.bbmnoticias.com\/labravaradiofm\/2026\/01\/14\/fiscalia-de-oaxaca-aprehende-a-l-a-a-r-alias-el-cuche-o-cuchito-por-homicidio-ocurrido-en-la-colonia-siete-regiones-en-la-capital\/"},"wordCount":286,"image":{"@id":"https:\/\/www.bbmnoticias.com\/fiscalia-de-oaxaca-aprehende-a-l-a-a-r-alias-el-cuche-o-cuchito-por-homicidio-ocurrido-en-la-colonia-siete-regiones-en-la-capital\/#primaryimage"},"thumbnailUrl":"https:\/\/www.bbmnoticias.com\/labravaradiofm\/wp-content\/uploads\/sites\/5\/2026\/01\/Sin-titulo.jpg","articleSection":["LOCAL","POLICIACA"],"inLanguage":"es"},{"@type":"WebPage","@id":"https:\/\/www.bbmnoticias.com\/labravaradiofm\/2026\/01\/14\/fiscalia-de-oaxaca-aprehende-a-l-a-a-r-alias-el-cuche-o-cuchito-por-homicidio-ocurrido-en-la-colonia-siete-regiones-en-la-capital\/","url":"https:\/\/www.bbmnoticias.com\/fiscalia-de-oaxaca-aprehende-a-l-a-a-r-alias-el-cuche-o-cuchito-por-homicidio-ocurrido-en-la-colonia-siete-regiones-en-la-capital\/","name":"Fiscal\u00eda de Oaxaca aprehende a L.A.A.R., alias \u201cEl Cuche\u201d o \u201cCuchito\u201d, por homicidio ocurrido en la colonia Siete Regiones, en la capital - LA BRAVA RADIO","isPartOf":{"@id":"https:\/\/www.bbmnoticias.com\/labravaradiofm\/#website"},"primaryImageOfPage":{"@id":"https:\/\/www.bbmnoticias.com\/fiscalia-de-oaxaca-aprehende-a-l-a-a-r-alias-el-cuche-o-cuchito-por-homicidio-ocurrido-en-la-colonia-siete-regiones-en-la-capital\/#primaryimage"},"image":{"@id":"https:\/\/www.bbmnoticias.com\/fiscalia-de-oaxaca-aprehende-a-l-a-a-r-alias-el-cuche-o-cuchito-por-homicidio-ocurrido-en-la-colonia-siete-regiones-en-la-capital\/#primaryimage"},"thumbnailUrl":"https:\/\/www.bbmnoticias.com\/labravaradiofm\/wp-content\/uploads\/sites\/5\/2026\/01\/Sin-titulo.jpg","datePublished":"2026-01-15T00:33:25+00:00","dateModified":"2026-01-15T00:33:28+00:00","author":{"@id":"https:\/\/www.bbmnoticias.com\/labravaradiofm\/#\/schema\/person\/68a9e9036ef3c5b55aeb2b71dc8bab45"},"breadcrumb":{"@id":"https:\/\/www.bbmnoticias.com\/fiscalia-de-oaxaca-aprehende-a-l-a-a-r-alias-el-cuche-o-cuchito-por-homicidio-ocurrido-en-la-colonia-siete-regiones-en-la-capital\/#breadcrumb"},"inLanguage":"es","potentialAction":[{"@type":"ReadAction","target":["https:\/\/www.bbmnoticias.com\/fiscalia-de-oaxaca-aprehende-a-l-a-a-r-alias-el-cuche-o-cuchito-por-homicidio-ocurrido-en-la-colonia-siete-regiones-en-la-capital\/"]}]},{"@type":"ImageObject","inLanguage":"es","@id":"https:\/\/www.bbmnoticias.com\/fiscalia-de-oaxaca-aprehende-a-l-a-a-r-alias-el-cuche-o-cuchito-por-homicidio-ocurrido-en-la-colonia-siete-regiones-en-la-capital\/#primaryimage","url":"https:\/\/www.bbmnoticias.com\/labravaradiofm\/wp-content\/uploads\/sites\/5\/2026\/01\/Sin-titulo.jpg","contentUrl":"https:\/\/www.bbmnoticias.com\/labravaradiofm\/wp-content\/uploads\/sites\/5\/2026\/01\/Sin-titulo.jpg","width":739,"height":567},{"@type":"BreadcrumbList","@id":"https:\/\/www.bbmnoticias.com\/fiscalia-de-oaxaca-aprehende-a-l-a-a-r-alias-el-cuche-o-cuchito-por-homicidio-ocurrido-en-la-colonia-siete-regiones-en-la-capital\/#breadcrumb","itemListElement":[{"@type":"ListItem","position":1,"name":"Inicio","item":"https:\/\/www.bbmnoticias.com\/labravaradiofm\/"},{"@type":"ListItem","position":2,"name":"Fiscal\u00eda de Oaxaca aprehende a L.A.A.R., alias \u201cEl Cuche\u201d o \u201cCuchito\u201d, por homicidio ocurrido en la colonia Siete Regiones, en la capital"}]},{"@type":"WebSite","@id":"https:\/\/www.bbmnoticias.com\/labravaradiofm\/#website","url":"https:\/\/www.bbmnoticias.com\/labravaradiofm\/","name":"LA BRAVA RADIO","description":"Empresa productora de medios, Radiodifusi\u00f3n, Noticias, tendencias y todo lo que necesitas saber de la pol\u00edtica mexicana e internacional; entretenimiento, espect\u00e1culos, salud y mucho m\u00e1s.","potentialAction":[{"@type":"SearchAction","target":{"@type":"EntryPoint","urlTemplate":"https:\/\/www.bbmnoticias.com\/labravaradiofm\/?s={search_term_string}"},"query-input":{"@type":"PropertyValueSpecification","valueRequired":true,"valueName":"search_term_string"}}],"inLanguage":"es"},{"@type":"Person","@id":"https:\/\/www.bbmnoticias.com\/labravaradiofm\/#\/schema\/person\/68a9e9036ef3c5b55aeb2b71dc8bab45","name":"Staff","image":{"@type":"ImageObject","inLanguage":"es","@id":"https:\/\/secure.gravatar.com\/avatar\/fdd21ad66fd8b98c407f9dee5b5e588cfe7f0d8579ec20fa6527cd59bab7f0f0?s=96&d=mm&r=g","url":"https:\/\/secure.gravatar.com\/avatar\/fdd21ad66fd8b98c407f9dee5b5e588cfe7f0d8579ec20fa6527cd59bab7f0f0?s=96&d=mm&r=g","contentUrl":"https:\/\/secure.gravatar.com\/avatar\/fdd21ad66fd8b98c407f9dee5b5e588cfe7f0d8579ec20fa6527cd59bab7f0f0?s=96&d=mm&r=g","caption":"Staff"},"url":"https:\/\/www.bbmnoticias.com\/labravaradiofm\/author\/redaccion\/"}]}},"_links":{"self":[{"href":"https:\/\/www.bbmnoticias.com\/labravaradiofm\/wp-json\/wp\/v2\/posts\/72648","targetHints":{"allow":["GET"]}}],"collection":[{"href":"https:\/\/www.bbmnoticias.com\/labravaradiofm\/wp-json\/wp\/v2\/posts"}],"about":[{"href":"https:\/\/www.bbmnoticias.com\/labravaradiofm\/wp-json\/wp\/v2\/types\/post"}],"author":[{"embeddable":true,"href":"https:\/\/www.bbmnoticias.com\/labravaradiofm\/wp-json\/wp\/v2\/users\/2"}],"replies":[{"embeddable":true,"href":"https:\/\/www.bbmnoticias.com\/labravaradiofm\/wp-json\/wp\/v2\/comments?post=72648"}],"version-history":[{"count":0,"href":"https:\/\/www.bbmnoticias.com\/labravaradiofm\/wp-json\/wp\/v2\/posts\/72648\/revisions"}],"wp:featuredmedia":[{"embeddable":true,"href":"https:\/\/www.bbmnoticias.com\/labravaradiofm\/wp-json\/wp\/v2\/media\/72650"}],"wp:attachment":[{"href":"https:\/\/www.bbmnoticias.com\/labravaradiofm\/wp-json\/wp\/v2\/media?parent=72648"}],"wp:term":[{"taxonomy":"category","embeddable":true,"href":"https:\/\/www.bbmnoticias.com\/labravaradiofm\/wp-json\/wp\/v2\/categories?post=72648"},{"taxonomy":"post_tag","embeddable":true,"href":"https:\/\/www.bbmnoticias.com\/labravaradiofm\/wp-json\/wp\/v2\/tags?post=72648"}],"curies":[{"name":"wp","href":"https:\/\/api.w.org\/{rel}","templated":true}]}}