{"id":7255,"date":"2021-12-15T15:33:28","date_gmt":"2021-12-15T21:33:28","guid":{"rendered":"https:\/\/www.bbmnoticias.com\/labravaradiofm\/?p=7255"},"modified":"2021-12-15T15:33:29","modified_gmt":"2021-12-15T21:33:29","slug":"infonavit-ampliara-sus-soluciones-financieras-y-de-pago-en-los-proximos-dos-anos","status":"publish","type":"post","link":"https:\/\/www.bbmnoticias.com\/labravaradiofm\/2021\/12\/15\/infonavit-ampliara-sus-soluciones-financieras-y-de-pago-en-los-proximos-dos-anos\/","title":{"rendered":"INFONAVIT ampliar\u00e1 sus soluciones financieras y de pago en los pr\u00f3ximos dos a\u00f1os"},"content":{"rendered":"<div style=\"margin-top: 0px; margin-bottom: 0px;\" class=\"sharethis-inline-share-buttons\" ><\/div>\n<p>El Instituto del Fondo Nacional de la Vivienda para los Trabajadores (Infonavit) public\u00f3 su Plan Estrat\u00e9gico y Financiero (PEF) 2022-2026, documento que plasma la ruta de lanzamiento de sus nuevas soluciones financieras y de pago que se operar\u00e1n en los siguientes cinco a\u00f1os para garantizar el acceso de las y los trabajadores a una vivienda adecuada y proteger su patrimonio con soluciones de cobranza social acordes a su situaci\u00f3n econ\u00f3mica y laboral.&nbsp;&nbsp;<\/p>\n\n\n\n<p>De acuerdo con el documento, para 2023 se desarrollar\u00e1n m\u00e1s de 20 opciones de financiamiento como parte de la implementaci\u00f3n de la reforma a la Ley del Infonavit, con el objetivo de seguir brindando a las y los derechohabientes activos y no activos, opciones de financiamiento flexibles, competitivas y viables. As\u00ed, con dichas acciones en los siguientes cinco a\u00f1os, el Infonavit estima colocar m\u00e1s de 3 millones de cr\u00e9ditos.&nbsp;<\/p>\n\n\n\n<p>Entre los nuevos productos que se desarrollar\u00e1n, destacan el cr\u00e9dito para la adquisici\u00f3n de suelo habitacional, el refinanciamiento de cr\u00e9ditos que permitir\u00e1 a las personas que se encuentren pagando un cr\u00e9dito hipotecario, acceder a otro financiamiento para realizar mejoras o adecuaciones a la vivienda.&nbsp;&nbsp;<\/p>\n\n\n\n<p>Para garantizar el acceso de la clase trabajadora a soluciones de vivienda que se ajusten a sus necesidades reales, se ampliar\u00e1 el programa ConstruYO con una soluci\u00f3n financiera con fondeo propio del Infonavit, esto permitir\u00e1 mejores tasas de inter\u00e9s e incrementar el poder adquisitivo de las y los derechohabientes al presentar condiciones financieras m\u00e1s competitivas.&nbsp;&nbsp;<\/p>\n\n\n\n<p>Asimismo, con el objetivo de apoyar la econom\u00eda familiar se dar\u00e1 a las y los derechohabientes la oportunidad de pagar los saldos de un cr\u00e9dito adquirido con otras instituciones financieras, este producto se prev\u00e9 comience operaciones durante el tercer trimestre de 2022.&nbsp;<\/p>\n\n\n\n<p>En l\u00ednea con la nueva Pol\u00edtica de Cobranza Social, en el PEF se establecen las acciones para atender los cr\u00e9ditos que presenten dificultades en sus pagos mediante diversas soluciones accesibles y financieramente viables. Destaca la implementaci\u00f3n de la&nbsp; Ventanilla \u00fanica de Responsabilidad Compartida para facilitar que 3.7 millones de acreditados que tienen una deuda en salarios m\u00ednimos puedan convertirla a pesos.&nbsp;<\/p>\n\n\n\n<p>Sobre las estimaciones de colocaci\u00f3n de cr\u00e9ditos para 2022, el PEF prev\u00e9 un otorgamiento de&nbsp; 595 mil 948 cr\u00e9ditos, lo que representa un incremento de 14.2% respecto a lo previsto para el cierre de a\u00f1o 2021, y una derrama de 254 mil millones de pesos, de los cuales 74% ser\u00e1 fondeado por el Infonavit y 26% por las entidades financieras. La mayor colocaci\u00f3n se debe a la implementaci\u00f3n de las nuevas opciones de financiamiento que habilit\u00f3 la reforma a la Ley del Infonavit.&nbsp;&nbsp;<\/p>\n\n\n\n<p>La estrategia financiera del Infonavit, adem\u00e1s de privilegiar el acceso a nuevas opciones de financiamiento, tambi\u00e9n est\u00e1 planeada para generar ingresos suficientes que permitan otorgar un rendimiento nominal promedio a la Subcuenta de Vivienda de 5.60% en el periodo 2021-2026, aproximadamente 143 puntos base por encima de la inflaci\u00f3n esperada (4.11% promedio), permitiendo preservar la solvencia financiera en el mediano y largo plazo.&nbsp;<\/p>\n\n\n\n<p><strong>Conoce todo lo que necesitas saber sobre cr\u00e9ditos, tr\u00e1mites y servicios del Infonavit, de manera sencilla y clara, en infonavitfacil.mx.&nbsp;&nbsp;&nbsp;<\/strong>&nbsp;<\/p>\n\n\n\n<p><strong>Infonavit es una instituci\u00f3n de solidaridad, servicio y seguridad social del Estado, que tiene como objetivo otorgar cr\u00e9dito barato y suficiente para que las y los trabajadores del sector formal puedan acceder a una vivienda adecuada y formar un patrimonio. Asimismo, es la hipotecaria m\u00e1s grande en Am\u00e9rica Latina y la cuarta en el mundo, desde su creaci\u00f3n en 1972 a la fecha, el organismo ha colocado m\u00e1s de 11.6 millones de cr\u00e9ditos en M\u00e9xico.<\/strong>&nbsp;<\/p>\n","protected":false},"excerpt":{"rendered":"<p>El Instituto del Fondo Nacional de la Vivienda para los Trabajadores (Infonavit) public\u00f3 su Plan Estrat\u00e9gico y Financiero (PEF) 2022-2026, documento que plasma la ruta de lanzamiento de sus nuevas soluciones financieras y de pago que se operar\u00e1n en los siguientes cinco a\u00f1os para garantizar el acceso de las y los trabajadores a una vivienda [&hellip;]<\/p>\n","protected":false},"author":2,"featured_media":7256,"comment_status":"closed","ping_status":"closed","sticky":false,"template":"","format":"standard","meta":{"footnotes":""},"categories":[19],"tags":[],"class_list":{"0":"post-7255","1":"post","2":"type-post","3":"status-publish","4":"format-standard","5":"has-post-thumbnail","7":"category-nacional"},"yoast_head":"<!-- This site is optimized with the Yoast SEO plugin v27.4 - https:\/\/yoast.com\/product\/yoast-seo-wordpress\/ -->\n<title>INFONAVIT ampliar\u00e1 sus soluciones financieras y de pago en los pr\u00f3ximos dos a\u00f1os - LA BRAVA RADIO<\/title>\n<meta name=\"robots\" content=\"index, follow, max-snippet:-1, max-image-preview:large, max-video-preview:-1\" \/>\n<link rel=\"canonical\" href=\"https:\/\/www.bbmnoticias.com\/labravaradiofm\/2021\/12\/15\/infonavit-ampliara-sus-soluciones-financieras-y-de-pago-en-los-proximos-dos-anos\/\" \/>\n<meta property=\"og:locale\" content=\"es_MX\" \/>\n<meta property=\"og:type\" content=\"article\" \/>\n<meta property=\"og:title\" content=\"INFONAVIT ampliar\u00e1 sus soluciones financieras y de pago en los pr\u00f3ximos dos a\u00f1os - LA BRAVA RADIO\" \/>\n<meta property=\"og:description\" content=\"El Instituto del Fondo Nacional de la Vivienda para los Trabajadores (Infonavit) public\u00f3 su Plan Estrat\u00e9gico y Financiero (PEF) 2022-2026, documento que plasma la ruta de lanzamiento de sus nuevas soluciones financieras y de pago que se operar\u00e1n en los siguientes cinco a\u00f1os para garantizar el acceso de las y los trabajadores a una vivienda [&hellip;]\" \/>\n<meta property=\"og:url\" content=\"https:\/\/www.bbmnoticias.com\/labravaradiofm\/2021\/12\/15\/infonavit-ampliara-sus-soluciones-financieras-y-de-pago-en-los-proximos-dos-anos\/\" \/>\n<meta property=\"og:site_name\" content=\"LA BRAVA RADIO\" \/>\n<meta property=\"article:published_time\" content=\"2021-12-15T21:33:28+00:00\" \/>\n<meta property=\"article:modified_time\" content=\"2021-12-15T21:33:29+00:00\" \/>\n<meta property=\"og:image\" content=\"https:\/\/www.bbmnoticias.com\/labravaradiofm\/wp-content\/uploads\/sites\/5\/2021\/12\/infonavit13122021.jpg\" \/>\n\t<meta property=\"og:image:width\" content=\"1280\" \/>\n\t<meta property=\"og:image:height\" content=\"720\" \/>\n\t<meta property=\"og:image:type\" content=\"image\/jpeg\" \/>\n<meta name=\"author\" content=\"Staff\" \/>\n<meta name=\"twitter:card\" content=\"summary_large_image\" \/>\n<meta name=\"twitter:label1\" content=\"Escrito por\" \/>\n\t<meta name=\"twitter:data1\" content=\"Staff\" \/>\n\t<meta name=\"twitter:label2\" content=\"Tiempo de lectura\" \/>\n\t<meta name=\"twitter:data2\" content=\"3 minutos\" \/>\n<script type=\"application\/ld+json\" class=\"yoast-schema-graph\">{\"@context\":\"https:\\\/\\\/schema.org\",\"@graph\":[{\"@type\":\"Article\",\"@id\":\"https:\\\/\\\/www.bbmnoticias.com\\\/labravaradiofm\\\/2021\\\/12\\\/15\\\/infonavit-ampliara-sus-soluciones-financieras-y-de-pago-en-los-proximos-dos-anos\\\/#article\",\"isPartOf\":{\"@id\":\"https:\\\/\\\/www.bbmnoticias.com\\\/labravaradiofm\\\/2021\\\/12\\\/15\\\/infonavit-ampliara-sus-soluciones-financieras-y-de-pago-en-los-proximos-dos-anos\\\/\"},\"author\":{\"name\":\"Staff\",\"@id\":\"https:\\\/\\\/www.bbmnoticias.com\\\/labravaradiofm\\\/#\\\/schema\\\/person\\\/68a9e9036ef3c5b55aeb2b71dc8bab45\"},\"headline\":\"INFONAVIT ampliar\u00e1 sus soluciones financieras y de pago en los pr\u00f3ximos dos a\u00f1os\",\"datePublished\":\"2021-12-15T21:33:28+00:00\",\"dateModified\":\"2021-12-15T21:33:29+00:00\",\"mainEntityOfPage\":{\"@id\":\"https:\\\/\\\/www.bbmnoticias.com\\\/labravaradiofm\\\/2021\\\/12\\\/15\\\/infonavit-ampliara-sus-soluciones-financieras-y-de-pago-en-los-proximos-dos-anos\\\/\"},\"wordCount\":646,\"image\":{\"@id\":\"https:\\\/\\\/www.bbmnoticias.com\\\/labravaradiofm\\\/2021\\\/12\\\/15\\\/infonavit-ampliara-sus-soluciones-financieras-y-de-pago-en-los-proximos-dos-anos\\\/#primaryimage\"},\"thumbnailUrl\":\"https:\\\/\\\/www.bbmnoticias.com\\\/labravaradiofm\\\/wp-content\\\/uploads\\\/sites\\\/5\\\/2021\\\/12\\\/infonavit13122021.jpg\",\"articleSection\":[\"NACIONAL\"],\"inLanguage\":\"es\"},{\"@type\":\"WebPage\",\"@id\":\"https:\\\/\\\/www.bbmnoticias.com\\\/labravaradiofm\\\/2021\\\/12\\\/15\\\/infonavit-ampliara-sus-soluciones-financieras-y-de-pago-en-los-proximos-dos-anos\\\/\",\"url\":\"https:\\\/\\\/www.bbmnoticias.com\\\/labravaradiofm\\\/2021\\\/12\\\/15\\\/infonavit-ampliara-sus-soluciones-financieras-y-de-pago-en-los-proximos-dos-anos\\\/\",\"name\":\"INFONAVIT ampliar\u00e1 sus soluciones financieras y de pago en los pr\u00f3ximos dos a\u00f1os - LA BRAVA RADIO\",\"isPartOf\":{\"@id\":\"https:\\\/\\\/www.bbmnoticias.com\\\/labravaradiofm\\\/#website\"},\"primaryImageOfPage\":{\"@id\":\"https:\\\/\\\/www.bbmnoticias.com\\\/labravaradiofm\\\/2021\\\/12\\\/15\\\/infonavit-ampliara-sus-soluciones-financieras-y-de-pago-en-los-proximos-dos-anos\\\/#primaryimage\"},\"image\":{\"@id\":\"https:\\\/\\\/www.bbmnoticias.com\\\/labravaradiofm\\\/2021\\\/12\\\/15\\\/infonavit-ampliara-sus-soluciones-financieras-y-de-pago-en-los-proximos-dos-anos\\\/#primaryimage\"},\"thumbnailUrl\":\"https:\\\/\\\/www.bbmnoticias.com\\\/labravaradiofm\\\/wp-content\\\/uploads\\\/sites\\\/5\\\/2021\\\/12\\\/infonavit13122021.jpg\",\"datePublished\":\"2021-12-15T21:33:28+00:00\",\"dateModified\":\"2021-12-15T21:33:29+00:00\",\"author\":{\"@id\":\"https:\\\/\\\/www.bbmnoticias.com\\\/labravaradiofm\\\/#\\\/schema\\\/person\\\/68a9e9036ef3c5b55aeb2b71dc8bab45\"},\"breadcrumb\":{\"@id\":\"https:\\\/\\\/www.bbmnoticias.com\\\/labravaradiofm\\\/2021\\\/12\\\/15\\\/infonavit-ampliara-sus-soluciones-financieras-y-de-pago-en-los-proximos-dos-anos\\\/#breadcrumb\"},\"inLanguage\":\"es\",\"potentialAction\":[{\"@type\":\"ReadAction\",\"target\":[\"https:\\\/\\\/www.bbmnoticias.com\\\/labravaradiofm\\\/2021\\\/12\\\/15\\\/infonavit-ampliara-sus-soluciones-financieras-y-de-pago-en-los-proximos-dos-anos\\\/\"]}]},{\"@type\":\"ImageObject\",\"inLanguage\":\"es\",\"@id\":\"https:\\\/\\\/www.bbmnoticias.com\\\/labravaradiofm\\\/2021\\\/12\\\/15\\\/infonavit-ampliara-sus-soluciones-financieras-y-de-pago-en-los-proximos-dos-anos\\\/#primaryimage\",\"url\":\"https:\\\/\\\/www.bbmnoticias.com\\\/labravaradiofm\\\/wp-content\\\/uploads\\\/sites\\\/5\\\/2021\\\/12\\\/infonavit13122021.jpg\",\"contentUrl\":\"https:\\\/\\\/www.bbmnoticias.com\\\/labravaradiofm\\\/wp-content\\\/uploads\\\/sites\\\/5\\\/2021\\\/12\\\/infonavit13122021.jpg\",\"width\":1280,\"height\":720},{\"@type\":\"BreadcrumbList\",\"@id\":\"https:\\\/\\\/www.bbmnoticias.com\\\/labravaradiofm\\\/2021\\\/12\\\/15\\\/infonavit-ampliara-sus-soluciones-financieras-y-de-pago-en-los-proximos-dos-anos\\\/#breadcrumb\",\"itemListElement\":[{\"@type\":\"ListItem\",\"position\":1,\"name\":\"Inicio\",\"item\":\"https:\\\/\\\/www.bbmnoticias.com\\\/labravaradiofm\\\/\"},{\"@type\":\"ListItem\",\"position\":2,\"name\":\"INFONAVIT ampliar\u00e1 sus soluciones financieras y de pago en los pr\u00f3ximos dos a\u00f1os\"}]},{\"@type\":\"WebSite\",\"@id\":\"https:\\\/\\\/www.bbmnoticias.com\\\/labravaradiofm\\\/#website\",\"url\":\"https:\\\/\\\/www.bbmnoticias.com\\\/labravaradiofm\\\/\",\"name\":\"LA BRAVA RADIO\",\"description\":\"Empresa productora de medios, Radiodifusi\u00f3n, Noticias, tendencias y todo lo que necesitas saber de la pol\u00edtica mexicana e internacional; entretenimiento, espect\u00e1culos, salud y mucho m\u00e1s.\",\"potentialAction\":[{\"@type\":\"SearchAction\",\"target\":{\"@type\":\"EntryPoint\",\"urlTemplate\":\"https:\\\/\\\/www.bbmnoticias.com\\\/labravaradiofm\\\/?s={search_term_string}\"},\"query-input\":{\"@type\":\"PropertyValueSpecification\",\"valueRequired\":true,\"valueName\":\"search_term_string\"}}],\"inLanguage\":\"es\"},{\"@type\":\"Person\",\"@id\":\"https:\\\/\\\/www.bbmnoticias.com\\\/labravaradiofm\\\/#\\\/schema\\\/person\\\/68a9e9036ef3c5b55aeb2b71dc8bab45\",\"name\":\"Staff\",\"image\":{\"@type\":\"ImageObject\",\"inLanguage\":\"es\",\"@id\":\"https:\\\/\\\/secure.gravatar.com\\\/avatar\\\/fdd21ad66fd8b98c407f9dee5b5e588cfe7f0d8579ec20fa6527cd59bab7f0f0?s=96&d=mm&r=g\",\"url\":\"https:\\\/\\\/secure.gravatar.com\\\/avatar\\\/fdd21ad66fd8b98c407f9dee5b5e588cfe7f0d8579ec20fa6527cd59bab7f0f0?s=96&d=mm&r=g\",\"contentUrl\":\"https:\\\/\\\/secure.gravatar.com\\\/avatar\\\/fdd21ad66fd8b98c407f9dee5b5e588cfe7f0d8579ec20fa6527cd59bab7f0f0?s=96&d=mm&r=g\",\"caption\":\"Staff\"},\"url\":\"https:\\\/\\\/www.bbmnoticias.com\\\/labravaradiofm\\\/author\\\/redaccion\\\/\"}]}<\/script>\n<!-- \/ Yoast SEO plugin. -->","yoast_head_json":{"title":"INFONAVIT ampliar\u00e1 sus soluciones financieras y de pago en los pr\u00f3ximos dos a\u00f1os - LA BRAVA RADIO","robots":{"index":"index","follow":"follow","max-snippet":"max-snippet:-1","max-image-preview":"max-image-preview:large","max-video-preview":"max-video-preview:-1"},"canonical":"https:\/\/www.bbmnoticias.com\/labravaradiofm\/2021\/12\/15\/infonavit-ampliara-sus-soluciones-financieras-y-de-pago-en-los-proximos-dos-anos\/","og_locale":"es_MX","og_type":"article","og_title":"INFONAVIT ampliar\u00e1 sus soluciones financieras y de pago en los pr\u00f3ximos dos a\u00f1os - LA BRAVA RADIO","og_description":"El Instituto del Fondo Nacional de la Vivienda para los Trabajadores (Infonavit) public\u00f3 su Plan Estrat\u00e9gico y Financiero (PEF) 2022-2026, documento que plasma la ruta de lanzamiento de sus nuevas soluciones financieras y de pago que se operar\u00e1n en los siguientes cinco a\u00f1os para garantizar el acceso de las y los trabajadores a una vivienda [&hellip;]","og_url":"https:\/\/www.bbmnoticias.com\/labravaradiofm\/2021\/12\/15\/infonavit-ampliara-sus-soluciones-financieras-y-de-pago-en-los-proximos-dos-anos\/","og_site_name":"LA BRAVA RADIO","article_published_time":"2021-12-15T21:33:28+00:00","article_modified_time":"2021-12-15T21:33:29+00:00","og_image":[{"width":1280,"height":720,"url":"https:\/\/www.bbmnoticias.com\/labravaradiofm\/wp-content\/uploads\/sites\/5\/2021\/12\/infonavit13122021.jpg","type":"image\/jpeg"}],"author":"Staff","twitter_card":"summary_large_image","twitter_misc":{"Escrito por":"Staff","Tiempo de lectura":"3 minutos"},"schema":{"@context":"https:\/\/schema.org","@graph":[{"@type":"Article","@id":"https:\/\/www.bbmnoticias.com\/labravaradiofm\/2021\/12\/15\/infonavit-ampliara-sus-soluciones-financieras-y-de-pago-en-los-proximos-dos-anos\/#article","isPartOf":{"@id":"https:\/\/www.bbmnoticias.com\/labravaradiofm\/2021\/12\/15\/infonavit-ampliara-sus-soluciones-financieras-y-de-pago-en-los-proximos-dos-anos\/"},"author":{"name":"Staff","@id":"https:\/\/www.bbmnoticias.com\/labravaradiofm\/#\/schema\/person\/68a9e9036ef3c5b55aeb2b71dc8bab45"},"headline":"INFONAVIT ampliar\u00e1 sus soluciones financieras y de pago en los pr\u00f3ximos dos a\u00f1os","datePublished":"2021-12-15T21:33:28+00:00","dateModified":"2021-12-15T21:33:29+00:00","mainEntityOfPage":{"@id":"https:\/\/www.bbmnoticias.com\/labravaradiofm\/2021\/12\/15\/infonavit-ampliara-sus-soluciones-financieras-y-de-pago-en-los-proximos-dos-anos\/"},"wordCount":646,"image":{"@id":"https:\/\/www.bbmnoticias.com\/labravaradiofm\/2021\/12\/15\/infonavit-ampliara-sus-soluciones-financieras-y-de-pago-en-los-proximos-dos-anos\/#primaryimage"},"thumbnailUrl":"https:\/\/www.bbmnoticias.com\/labravaradiofm\/wp-content\/uploads\/sites\/5\/2021\/12\/infonavit13122021.jpg","articleSection":["NACIONAL"],"inLanguage":"es"},{"@type":"WebPage","@id":"https:\/\/www.bbmnoticias.com\/labravaradiofm\/2021\/12\/15\/infonavit-ampliara-sus-soluciones-financieras-y-de-pago-en-los-proximos-dos-anos\/","url":"https:\/\/www.bbmnoticias.com\/labravaradiofm\/2021\/12\/15\/infonavit-ampliara-sus-soluciones-financieras-y-de-pago-en-los-proximos-dos-anos\/","name":"INFONAVIT ampliar\u00e1 sus soluciones financieras y de pago en los pr\u00f3ximos dos a\u00f1os - LA BRAVA RADIO","isPartOf":{"@id":"https:\/\/www.bbmnoticias.com\/labravaradiofm\/#website"},"primaryImageOfPage":{"@id":"https:\/\/www.bbmnoticias.com\/labravaradiofm\/2021\/12\/15\/infonavit-ampliara-sus-soluciones-financieras-y-de-pago-en-los-proximos-dos-anos\/#primaryimage"},"image":{"@id":"https:\/\/www.bbmnoticias.com\/labravaradiofm\/2021\/12\/15\/infonavit-ampliara-sus-soluciones-financieras-y-de-pago-en-los-proximos-dos-anos\/#primaryimage"},"thumbnailUrl":"https:\/\/www.bbmnoticias.com\/labravaradiofm\/wp-content\/uploads\/sites\/5\/2021\/12\/infonavit13122021.jpg","datePublished":"2021-12-15T21:33:28+00:00","dateModified":"2021-12-15T21:33:29+00:00","author":{"@id":"https:\/\/www.bbmnoticias.com\/labravaradiofm\/#\/schema\/person\/68a9e9036ef3c5b55aeb2b71dc8bab45"},"breadcrumb":{"@id":"https:\/\/www.bbmnoticias.com\/labravaradiofm\/2021\/12\/15\/infonavit-ampliara-sus-soluciones-financieras-y-de-pago-en-los-proximos-dos-anos\/#breadcrumb"},"inLanguage":"es","potentialAction":[{"@type":"ReadAction","target":["https:\/\/www.bbmnoticias.com\/labravaradiofm\/2021\/12\/15\/infonavit-ampliara-sus-soluciones-financieras-y-de-pago-en-los-proximos-dos-anos\/"]}]},{"@type":"ImageObject","inLanguage":"es","@id":"https:\/\/www.bbmnoticias.com\/labravaradiofm\/2021\/12\/15\/infonavit-ampliara-sus-soluciones-financieras-y-de-pago-en-los-proximos-dos-anos\/#primaryimage","url":"https:\/\/www.bbmnoticias.com\/labravaradiofm\/wp-content\/uploads\/sites\/5\/2021\/12\/infonavit13122021.jpg","contentUrl":"https:\/\/www.bbmnoticias.com\/labravaradiofm\/wp-content\/uploads\/sites\/5\/2021\/12\/infonavit13122021.jpg","width":1280,"height":720},{"@type":"BreadcrumbList","@id":"https:\/\/www.bbmnoticias.com\/labravaradiofm\/2021\/12\/15\/infonavit-ampliara-sus-soluciones-financieras-y-de-pago-en-los-proximos-dos-anos\/#breadcrumb","itemListElement":[{"@type":"ListItem","position":1,"name":"Inicio","item":"https:\/\/www.bbmnoticias.com\/labravaradiofm\/"},{"@type":"ListItem","position":2,"name":"INFONAVIT ampliar\u00e1 sus soluciones financieras y de pago en los pr\u00f3ximos dos a\u00f1os"}]},{"@type":"WebSite","@id":"https:\/\/www.bbmnoticias.com\/labravaradiofm\/#website","url":"https:\/\/www.bbmnoticias.com\/labravaradiofm\/","name":"LA BRAVA RADIO","description":"Empresa productora de medios, Radiodifusi\u00f3n, Noticias, tendencias y todo lo que necesitas saber de la pol\u00edtica mexicana e internacional; entretenimiento, espect\u00e1culos, salud y mucho m\u00e1s.","potentialAction":[{"@type":"SearchAction","target":{"@type":"EntryPoint","urlTemplate":"https:\/\/www.bbmnoticias.com\/labravaradiofm\/?s={search_term_string}"},"query-input":{"@type":"PropertyValueSpecification","valueRequired":true,"valueName":"search_term_string"}}],"inLanguage":"es"},{"@type":"Person","@id":"https:\/\/www.bbmnoticias.com\/labravaradiofm\/#\/schema\/person\/68a9e9036ef3c5b55aeb2b71dc8bab45","name":"Staff","image":{"@type":"ImageObject","inLanguage":"es","@id":"https:\/\/secure.gravatar.com\/avatar\/fdd21ad66fd8b98c407f9dee5b5e588cfe7f0d8579ec20fa6527cd59bab7f0f0?s=96&d=mm&r=g","url":"https:\/\/secure.gravatar.com\/avatar\/fdd21ad66fd8b98c407f9dee5b5e588cfe7f0d8579ec20fa6527cd59bab7f0f0?s=96&d=mm&r=g","contentUrl":"https:\/\/secure.gravatar.com\/avatar\/fdd21ad66fd8b98c407f9dee5b5e588cfe7f0d8579ec20fa6527cd59bab7f0f0?s=96&d=mm&r=g","caption":"Staff"},"url":"https:\/\/www.bbmnoticias.com\/labravaradiofm\/author\/redaccion\/"}]}},"_links":{"self":[{"href":"https:\/\/www.bbmnoticias.com\/labravaradiofm\/wp-json\/wp\/v2\/posts\/7255","targetHints":{"allow":["GET"]}}],"collection":[{"href":"https:\/\/www.bbmnoticias.com\/labravaradiofm\/wp-json\/wp\/v2\/posts"}],"about":[{"href":"https:\/\/www.bbmnoticias.com\/labravaradiofm\/wp-json\/wp\/v2\/types\/post"}],"author":[{"embeddable":true,"href":"https:\/\/www.bbmnoticias.com\/labravaradiofm\/wp-json\/wp\/v2\/users\/2"}],"replies":[{"embeddable":true,"href":"https:\/\/www.bbmnoticias.com\/labravaradiofm\/wp-json\/wp\/v2\/comments?post=7255"}],"version-history":[{"count":0,"href":"https:\/\/www.bbmnoticias.com\/labravaradiofm\/wp-json\/wp\/v2\/posts\/7255\/revisions"}],"wp:featuredmedia":[{"embeddable":true,"href":"https:\/\/www.bbmnoticias.com\/labravaradiofm\/wp-json\/wp\/v2\/media\/7256"}],"wp:attachment":[{"href":"https:\/\/www.bbmnoticias.com\/labravaradiofm\/wp-json\/wp\/v2\/media?parent=7255"}],"wp:term":[{"taxonomy":"category","embeddable":true,"href":"https:\/\/www.bbmnoticias.com\/labravaradiofm\/wp-json\/wp\/v2\/categories?post=7255"},{"taxonomy":"post_tag","embeddable":true,"href":"https:\/\/www.bbmnoticias.com\/labravaradiofm\/wp-json\/wp\/v2\/tags?post=7255"}],"curies":[{"name":"wp","href":"https:\/\/api.w.org\/{rel}","templated":true}]}}