{"id":72530,"date":"2026-01-12T15:25:26","date_gmt":"2026-01-12T21:25:26","guid":{"rendered":"https:\/\/www.bbmnoticias.com\/labravaradiofm\/2026\/01\/12\/llama-sso-atender-la-salud-mental-con-ayuda-profesional\/"},"modified":"2026-01-12T15:25:29","modified_gmt":"2026-01-12T21:25:29","slug":"llama-sso-atender-la-salud-mental-con-ayuda-profesional","status":"publish","type":"post","link":"https:\/\/www.bbmnoticias.com\/labravaradiofm\/2026\/01\/12\/llama-sso-atender-la-salud-mental-con-ayuda-profesional\/","title":{"rendered":"Llama SSO atender la salud mental con ayuda profesional"},"content":{"rendered":"<div style=\"margin-top: 0px; margin-bottom: 0px;\" class=\"sharethis-inline-share-buttons\" ><\/div>\n<p><strong>Oaxaca de Ju\u00e1rez, Oax.-<\/strong> En el marco del D\u00eda Mundial de la Lucha contra la Depresi\u00f3n, que se conmemora cada 13 de enero; Servicios de Salud de Oaxaca (SSO) hace un llamado a la poblaci\u00f3n para visibilizar este padecimiento, romper el estigma y promover la b\u00fasqueda de ayuda profesional.<\/p>\n\n\n\n<p>Al corte de la semana epidemiol\u00f3gica n\u00famero 51 de 2025, en Oaxaca se contabilizaron 2 mil 627 casos de depresi\u00f3n, que representa un incremento del 10.2 por ciento en comparaci\u00f3n con el mismo periodo del 2024, cuando se reportaron 2 mil 383 casos. Esta tendencia al alza subraya la urgencia de fortalecer la prevenci\u00f3n, diagn\u00f3stico oportuno y acompa\u00f1amiento integral.<\/p>\n\n\n\n<p>Del total de casos registrados en 2025, mil 618 corresponden a mujeres y mil 9 a hombres.<\/p>\n\n\n\n<p>En este contexto, SSO recuerda a la poblaci\u00f3n que est\u00e1 disponible la L\u00ednea de la Vida 800 911 2000, un servicio gratuito, confidencial y activo las 24 horas que brinda orientaci\u00f3n y atenci\u00f3n personalizada en temas de salud mental y consumo de sustancias.<\/p>\n\n\n\n<p>Aunado a ello, el sector salud cuenta con personal especializado en psicolog\u00eda, capacitado para evaluar, diagnosticar y tratar trastornos mentales; adem\u00e1s, brinda apoyo emocional y trabaja de manera multidisciplinaria con otros profesionales desde la prevenci\u00f3n en atenci\u00f3n primaria hasta la intervenci\u00f3n especializada en hospitales.<\/p>\n\n\n\n<p>En caso de presentar s\u00edntomas de depresi\u00f3n, es fundamental acudir con un especialista para recibir un diagn\u00f3stico oportuno y tratamiento adecuado.<\/p>\n","protected":false},"excerpt":{"rendered":"<p>Oaxaca de Ju\u00e1rez, Oax.- En el marco del D\u00eda Mundial de la Lucha contra la Depresi\u00f3n, que se conmemora cada 13 de enero; Servicios de Salud de Oaxaca (SSO) hace un llamado a la poblaci\u00f3n para visibilizar este padecimiento, romper el estigma y promover la b\u00fasqueda de ayuda profesional. Al corte de la semana epidemiol\u00f3gica [&hellip;]<\/p>\n","protected":false},"author":2,"featured_media":72532,"comment_status":"closed","ping_status":"open","sticky":false,"template":"","format":"standard","meta":{"footnotes":""},"categories":[2],"tags":[],"class_list":{"0":"post-72530","1":"post","2":"type-post","3":"status-publish","4":"format-standard","5":"has-post-thumbnail","7":"category-oaxaca"},"yoast_head":"<!-- This site is optimized with the Yoast SEO plugin v27.4 - https:\/\/yoast.com\/product\/yoast-seo-wordpress\/ -->\n<title>Llama SSO atender la salud mental con ayuda profesional - LA BRAVA RADIO<\/title>\n<meta name=\"robots\" content=\"index, follow, max-snippet:-1, max-image-preview:large, max-video-preview:-1\" \/>\n<link rel=\"canonical\" href=\"https:\/\/www.bbmnoticias.com\/llama-sso-atender-la-salud-mental-con-ayuda-profesional\/\" \/>\n<meta property=\"og:locale\" content=\"es_MX\" \/>\n<meta property=\"og:type\" content=\"article\" \/>\n<meta property=\"og:title\" content=\"Llama SSO atender la salud mental con ayuda profesional - LA BRAVA RADIO\" \/>\n<meta property=\"og:description\" content=\"Oaxaca de Ju\u00e1rez, Oax.- En el marco del D\u00eda Mundial de la Lucha contra la Depresi\u00f3n, que se conmemora cada 13 de enero; Servicios de Salud de Oaxaca (SSO) hace un llamado a la poblaci\u00f3n para visibilizar este padecimiento, romper el estigma y promover la b\u00fasqueda de ayuda profesional. Al corte de la semana epidemiol\u00f3gica [&hellip;]\" \/>\n<meta property=\"og:url\" content=\"https:\/\/www.bbmnoticias.com\/llama-sso-atender-la-salud-mental-con-ayuda-profesional\/\" \/>\n<meta property=\"og:site_name\" content=\"LA BRAVA RADIO\" \/>\n<meta property=\"article:published_time\" content=\"2026-01-12T21:25:26+00:00\" \/>\n<meta property=\"article:modified_time\" content=\"2026-01-12T21:25:29+00:00\" \/>\n<meta property=\"og:image\" content=\"https:\/\/www.bbmnoticias.com\/labravaradiofm\/wp-content\/uploads\/sites\/5\/2026\/01\/salud_mental.jpg\" \/>\n\t<meta property=\"og:image:width\" content=\"800\" \/>\n\t<meta property=\"og:image:height\" content=\"600\" \/>\n\t<meta property=\"og:image:type\" content=\"image\/jpeg\" \/>\n<meta name=\"author\" content=\"Staff\" \/>\n<meta name=\"twitter:card\" content=\"summary_large_image\" \/>\n<meta name=\"twitter:label1\" content=\"Escrito por\" \/>\n\t<meta name=\"twitter:data1\" content=\"Staff\" \/>\n\t<meta name=\"twitter:label2\" content=\"Tiempo de lectura\" \/>\n\t<meta name=\"twitter:data2\" content=\"1 minuto\" \/>\n<script type=\"application\/ld+json\" class=\"yoast-schema-graph\">{\"@context\":\"https:\\\/\\\/schema.org\",\"@graph\":[{\"@type\":\"Article\",\"@id\":\"https:\\\/\\\/www.bbmnoticias.com\\\/llama-sso-atender-la-salud-mental-con-ayuda-profesional\\\/#article\",\"isPartOf\":{\"@id\":\"https:\\\/\\\/www.bbmnoticias.com\\\/labravaradiofm\\\/2026\\\/01\\\/12\\\/llama-sso-atender-la-salud-mental-con-ayuda-profesional\\\/\"},\"author\":{\"name\":\"Staff\",\"@id\":\"https:\\\/\\\/www.bbmnoticias.com\\\/labravaradiofm\\\/#\\\/schema\\\/person\\\/68a9e9036ef3c5b55aeb2b71dc8bab45\"},\"headline\":\"Llama SSO atender la salud mental con ayuda profesional\",\"datePublished\":\"2026-01-12T21:25:26+00:00\",\"dateModified\":\"2026-01-12T21:25:29+00:00\",\"mainEntityOfPage\":{\"@id\":\"https:\\\/\\\/www.bbmnoticias.com\\\/labravaradiofm\\\/2026\\\/01\\\/12\\\/llama-sso-atender-la-salud-mental-con-ayuda-profesional\\\/\"},\"wordCount\":251,\"image\":{\"@id\":\"https:\\\/\\\/www.bbmnoticias.com\\\/llama-sso-atender-la-salud-mental-con-ayuda-profesional\\\/#primaryimage\"},\"thumbnailUrl\":\"https:\\\/\\\/www.bbmnoticias.com\\\/labravaradiofm\\\/wp-content\\\/uploads\\\/sites\\\/5\\\/2026\\\/01\\\/salud_mental.jpg\",\"articleSection\":[\"LOCAL\"],\"inLanguage\":\"es\"},{\"@type\":\"WebPage\",\"@id\":\"https:\\\/\\\/www.bbmnoticias.com\\\/labravaradiofm\\\/2026\\\/01\\\/12\\\/llama-sso-atender-la-salud-mental-con-ayuda-profesional\\\/\",\"url\":\"https:\\\/\\\/www.bbmnoticias.com\\\/llama-sso-atender-la-salud-mental-con-ayuda-profesional\\\/\",\"name\":\"Llama SSO atender la salud mental con ayuda profesional - LA BRAVA RADIO\",\"isPartOf\":{\"@id\":\"https:\\\/\\\/www.bbmnoticias.com\\\/labravaradiofm\\\/#website\"},\"primaryImageOfPage\":{\"@id\":\"https:\\\/\\\/www.bbmnoticias.com\\\/llama-sso-atender-la-salud-mental-con-ayuda-profesional\\\/#primaryimage\"},\"image\":{\"@id\":\"https:\\\/\\\/www.bbmnoticias.com\\\/llama-sso-atender-la-salud-mental-con-ayuda-profesional\\\/#primaryimage\"},\"thumbnailUrl\":\"https:\\\/\\\/www.bbmnoticias.com\\\/labravaradiofm\\\/wp-content\\\/uploads\\\/sites\\\/5\\\/2026\\\/01\\\/salud_mental.jpg\",\"datePublished\":\"2026-01-12T21:25:26+00:00\",\"dateModified\":\"2026-01-12T21:25:29+00:00\",\"author\":{\"@id\":\"https:\\\/\\\/www.bbmnoticias.com\\\/labravaradiofm\\\/#\\\/schema\\\/person\\\/68a9e9036ef3c5b55aeb2b71dc8bab45\"},\"breadcrumb\":{\"@id\":\"https:\\\/\\\/www.bbmnoticias.com\\\/llama-sso-atender-la-salud-mental-con-ayuda-profesional\\\/#breadcrumb\"},\"inLanguage\":\"es\",\"potentialAction\":[{\"@type\":\"ReadAction\",\"target\":[\"https:\\\/\\\/www.bbmnoticias.com\\\/llama-sso-atender-la-salud-mental-con-ayuda-profesional\\\/\"]}]},{\"@type\":\"ImageObject\",\"inLanguage\":\"es\",\"@id\":\"https:\\\/\\\/www.bbmnoticias.com\\\/llama-sso-atender-la-salud-mental-con-ayuda-profesional\\\/#primaryimage\",\"url\":\"https:\\\/\\\/www.bbmnoticias.com\\\/labravaradiofm\\\/wp-content\\\/uploads\\\/sites\\\/5\\\/2026\\\/01\\\/salud_mental.jpg\",\"contentUrl\":\"https:\\\/\\\/www.bbmnoticias.com\\\/labravaradiofm\\\/wp-content\\\/uploads\\\/sites\\\/5\\\/2026\\\/01\\\/salud_mental.jpg\",\"width\":800,\"height\":600},{\"@type\":\"BreadcrumbList\",\"@id\":\"https:\\\/\\\/www.bbmnoticias.com\\\/llama-sso-atender-la-salud-mental-con-ayuda-profesional\\\/#breadcrumb\",\"itemListElement\":[{\"@type\":\"ListItem\",\"position\":1,\"name\":\"Inicio\",\"item\":\"https:\\\/\\\/www.bbmnoticias.com\\\/labravaradiofm\\\/\"},{\"@type\":\"ListItem\",\"position\":2,\"name\":\"Llama SSO atender la salud mental con ayuda profesional\"}]},{\"@type\":\"WebSite\",\"@id\":\"https:\\\/\\\/www.bbmnoticias.com\\\/labravaradiofm\\\/#website\",\"url\":\"https:\\\/\\\/www.bbmnoticias.com\\\/labravaradiofm\\\/\",\"name\":\"LA BRAVA RADIO\",\"description\":\"Empresa productora de medios, Radiodifusi\u00f3n, Noticias, tendencias y todo lo que necesitas saber de la pol\u00edtica mexicana e internacional; entretenimiento, espect\u00e1culos, salud y mucho m\u00e1s.\",\"potentialAction\":[{\"@type\":\"SearchAction\",\"target\":{\"@type\":\"EntryPoint\",\"urlTemplate\":\"https:\\\/\\\/www.bbmnoticias.com\\\/labravaradiofm\\\/?s={search_term_string}\"},\"query-input\":{\"@type\":\"PropertyValueSpecification\",\"valueRequired\":true,\"valueName\":\"search_term_string\"}}],\"inLanguage\":\"es\"},{\"@type\":\"Person\",\"@id\":\"https:\\\/\\\/www.bbmnoticias.com\\\/labravaradiofm\\\/#\\\/schema\\\/person\\\/68a9e9036ef3c5b55aeb2b71dc8bab45\",\"name\":\"Staff\",\"image\":{\"@type\":\"ImageObject\",\"inLanguage\":\"es\",\"@id\":\"https:\\\/\\\/secure.gravatar.com\\\/avatar\\\/fdd21ad66fd8b98c407f9dee5b5e588cfe7f0d8579ec20fa6527cd59bab7f0f0?s=96&d=mm&r=g\",\"url\":\"https:\\\/\\\/secure.gravatar.com\\\/avatar\\\/fdd21ad66fd8b98c407f9dee5b5e588cfe7f0d8579ec20fa6527cd59bab7f0f0?s=96&d=mm&r=g\",\"contentUrl\":\"https:\\\/\\\/secure.gravatar.com\\\/avatar\\\/fdd21ad66fd8b98c407f9dee5b5e588cfe7f0d8579ec20fa6527cd59bab7f0f0?s=96&d=mm&r=g\",\"caption\":\"Staff\"},\"url\":\"https:\\\/\\\/www.bbmnoticias.com\\\/labravaradiofm\\\/author\\\/redaccion\\\/\"}]}<\/script>\n<!-- \/ Yoast SEO plugin. -->","yoast_head_json":{"title":"Llama SSO atender la salud mental con ayuda profesional - LA BRAVA RADIO","robots":{"index":"index","follow":"follow","max-snippet":"max-snippet:-1","max-image-preview":"max-image-preview:large","max-video-preview":"max-video-preview:-1"},"canonical":"https:\/\/www.bbmnoticias.com\/llama-sso-atender-la-salud-mental-con-ayuda-profesional\/","og_locale":"es_MX","og_type":"article","og_title":"Llama SSO atender la salud mental con ayuda profesional - LA BRAVA RADIO","og_description":"Oaxaca de Ju\u00e1rez, Oax.- En el marco del D\u00eda Mundial de la Lucha contra la Depresi\u00f3n, que se conmemora cada 13 de enero; Servicios de Salud de Oaxaca (SSO) hace un llamado a la poblaci\u00f3n para visibilizar este padecimiento, romper el estigma y promover la b\u00fasqueda de ayuda profesional. Al corte de la semana epidemiol\u00f3gica [&hellip;]","og_url":"https:\/\/www.bbmnoticias.com\/llama-sso-atender-la-salud-mental-con-ayuda-profesional\/","og_site_name":"LA BRAVA RADIO","article_published_time":"2026-01-12T21:25:26+00:00","article_modified_time":"2026-01-12T21:25:29+00:00","og_image":[{"width":800,"height":600,"url":"https:\/\/www.bbmnoticias.com\/labravaradiofm\/wp-content\/uploads\/sites\/5\/2026\/01\/salud_mental.jpg","type":"image\/jpeg"}],"author":"Staff","twitter_card":"summary_large_image","twitter_misc":{"Escrito por":"Staff","Tiempo de lectura":"1 minuto"},"schema":{"@context":"https:\/\/schema.org","@graph":[{"@type":"Article","@id":"https:\/\/www.bbmnoticias.com\/llama-sso-atender-la-salud-mental-con-ayuda-profesional\/#article","isPartOf":{"@id":"https:\/\/www.bbmnoticias.com\/labravaradiofm\/2026\/01\/12\/llama-sso-atender-la-salud-mental-con-ayuda-profesional\/"},"author":{"name":"Staff","@id":"https:\/\/www.bbmnoticias.com\/labravaradiofm\/#\/schema\/person\/68a9e9036ef3c5b55aeb2b71dc8bab45"},"headline":"Llama SSO atender la salud mental con ayuda profesional","datePublished":"2026-01-12T21:25:26+00:00","dateModified":"2026-01-12T21:25:29+00:00","mainEntityOfPage":{"@id":"https:\/\/www.bbmnoticias.com\/labravaradiofm\/2026\/01\/12\/llama-sso-atender-la-salud-mental-con-ayuda-profesional\/"},"wordCount":251,"image":{"@id":"https:\/\/www.bbmnoticias.com\/llama-sso-atender-la-salud-mental-con-ayuda-profesional\/#primaryimage"},"thumbnailUrl":"https:\/\/www.bbmnoticias.com\/labravaradiofm\/wp-content\/uploads\/sites\/5\/2026\/01\/salud_mental.jpg","articleSection":["LOCAL"],"inLanguage":"es"},{"@type":"WebPage","@id":"https:\/\/www.bbmnoticias.com\/labravaradiofm\/2026\/01\/12\/llama-sso-atender-la-salud-mental-con-ayuda-profesional\/","url":"https:\/\/www.bbmnoticias.com\/llama-sso-atender-la-salud-mental-con-ayuda-profesional\/","name":"Llama SSO atender la salud mental con ayuda profesional - LA BRAVA RADIO","isPartOf":{"@id":"https:\/\/www.bbmnoticias.com\/labravaradiofm\/#website"},"primaryImageOfPage":{"@id":"https:\/\/www.bbmnoticias.com\/llama-sso-atender-la-salud-mental-con-ayuda-profesional\/#primaryimage"},"image":{"@id":"https:\/\/www.bbmnoticias.com\/llama-sso-atender-la-salud-mental-con-ayuda-profesional\/#primaryimage"},"thumbnailUrl":"https:\/\/www.bbmnoticias.com\/labravaradiofm\/wp-content\/uploads\/sites\/5\/2026\/01\/salud_mental.jpg","datePublished":"2026-01-12T21:25:26+00:00","dateModified":"2026-01-12T21:25:29+00:00","author":{"@id":"https:\/\/www.bbmnoticias.com\/labravaradiofm\/#\/schema\/person\/68a9e9036ef3c5b55aeb2b71dc8bab45"},"breadcrumb":{"@id":"https:\/\/www.bbmnoticias.com\/llama-sso-atender-la-salud-mental-con-ayuda-profesional\/#breadcrumb"},"inLanguage":"es","potentialAction":[{"@type":"ReadAction","target":["https:\/\/www.bbmnoticias.com\/llama-sso-atender-la-salud-mental-con-ayuda-profesional\/"]}]},{"@type":"ImageObject","inLanguage":"es","@id":"https:\/\/www.bbmnoticias.com\/llama-sso-atender-la-salud-mental-con-ayuda-profesional\/#primaryimage","url":"https:\/\/www.bbmnoticias.com\/labravaradiofm\/wp-content\/uploads\/sites\/5\/2026\/01\/salud_mental.jpg","contentUrl":"https:\/\/www.bbmnoticias.com\/labravaradiofm\/wp-content\/uploads\/sites\/5\/2026\/01\/salud_mental.jpg","width":800,"height":600},{"@type":"BreadcrumbList","@id":"https:\/\/www.bbmnoticias.com\/llama-sso-atender-la-salud-mental-con-ayuda-profesional\/#breadcrumb","itemListElement":[{"@type":"ListItem","position":1,"name":"Inicio","item":"https:\/\/www.bbmnoticias.com\/labravaradiofm\/"},{"@type":"ListItem","position":2,"name":"Llama SSO atender la salud mental con ayuda profesional"}]},{"@type":"WebSite","@id":"https:\/\/www.bbmnoticias.com\/labravaradiofm\/#website","url":"https:\/\/www.bbmnoticias.com\/labravaradiofm\/","name":"LA BRAVA RADIO","description":"Empresa productora de medios, Radiodifusi\u00f3n, Noticias, tendencias y todo lo que necesitas saber de la pol\u00edtica mexicana e internacional; entretenimiento, espect\u00e1culos, salud y mucho m\u00e1s.","potentialAction":[{"@type":"SearchAction","target":{"@type":"EntryPoint","urlTemplate":"https:\/\/www.bbmnoticias.com\/labravaradiofm\/?s={search_term_string}"},"query-input":{"@type":"PropertyValueSpecification","valueRequired":true,"valueName":"search_term_string"}}],"inLanguage":"es"},{"@type":"Person","@id":"https:\/\/www.bbmnoticias.com\/labravaradiofm\/#\/schema\/person\/68a9e9036ef3c5b55aeb2b71dc8bab45","name":"Staff","image":{"@type":"ImageObject","inLanguage":"es","@id":"https:\/\/secure.gravatar.com\/avatar\/fdd21ad66fd8b98c407f9dee5b5e588cfe7f0d8579ec20fa6527cd59bab7f0f0?s=96&d=mm&r=g","url":"https:\/\/secure.gravatar.com\/avatar\/fdd21ad66fd8b98c407f9dee5b5e588cfe7f0d8579ec20fa6527cd59bab7f0f0?s=96&d=mm&r=g","contentUrl":"https:\/\/secure.gravatar.com\/avatar\/fdd21ad66fd8b98c407f9dee5b5e588cfe7f0d8579ec20fa6527cd59bab7f0f0?s=96&d=mm&r=g","caption":"Staff"},"url":"https:\/\/www.bbmnoticias.com\/labravaradiofm\/author\/redaccion\/"}]}},"_links":{"self":[{"href":"https:\/\/www.bbmnoticias.com\/labravaradiofm\/wp-json\/wp\/v2\/posts\/72530","targetHints":{"allow":["GET"]}}],"collection":[{"href":"https:\/\/www.bbmnoticias.com\/labravaradiofm\/wp-json\/wp\/v2\/posts"}],"about":[{"href":"https:\/\/www.bbmnoticias.com\/labravaradiofm\/wp-json\/wp\/v2\/types\/post"}],"author":[{"embeddable":true,"href":"https:\/\/www.bbmnoticias.com\/labravaradiofm\/wp-json\/wp\/v2\/users\/2"}],"replies":[{"embeddable":true,"href":"https:\/\/www.bbmnoticias.com\/labravaradiofm\/wp-json\/wp\/v2\/comments?post=72530"}],"version-history":[{"count":0,"href":"https:\/\/www.bbmnoticias.com\/labravaradiofm\/wp-json\/wp\/v2\/posts\/72530\/revisions"}],"wp:featuredmedia":[{"embeddable":true,"href":"https:\/\/www.bbmnoticias.com\/labravaradiofm\/wp-json\/wp\/v2\/media\/72532"}],"wp:attachment":[{"href":"https:\/\/www.bbmnoticias.com\/labravaradiofm\/wp-json\/wp\/v2\/media?parent=72530"}],"wp:term":[{"taxonomy":"category","embeddable":true,"href":"https:\/\/www.bbmnoticias.com\/labravaradiofm\/wp-json\/wp\/v2\/categories?post=72530"},{"taxonomy":"post_tag","embeddable":true,"href":"https:\/\/www.bbmnoticias.com\/labravaradiofm\/wp-json\/wp\/v2\/tags?post=72530"}],"curies":[{"name":"wp","href":"https:\/\/api.w.org\/{rel}","templated":true}]}}