{"id":72527,"date":"2026-01-12T14:55:00","date_gmt":"2026-01-12T20:55:00","guid":{"rendered":"https:\/\/www.bbmnoticias.com\/labravaradiofm\/2026\/01\/12\/activan-en-ixtaltepec-programa-libre-de-recargos-para-contribuyentes-del-predial\/"},"modified":"2026-01-12T14:55:29","modified_gmt":"2026-01-12T20:55:29","slug":"activan-en-ixtaltepec-programa-libre-de-recargos-para-contribuyentes-del-predial","status":"publish","type":"post","link":"https:\/\/www.bbmnoticias.com\/labravaradiofm\/2026\/01\/12\/activan-en-ixtaltepec-programa-libre-de-recargos-para-contribuyentes-del-predial\/","title":{"rendered":"Activan en Ixtaltepec programa &#8220;Libre de recargos&#8221; para contribuyentes del predial"},"content":{"rendered":"<div style=\"margin-top: 0px; margin-bottom: 0px;\" class=\"sharethis-inline-share-buttons\" ><\/div>\n<p>Asunci\u00f3n Ixtaltepec; Oaxaca.- En el marco del ejercicio fiscal 2026, el Gobierno de Asunci\u00f3n Ixtaltepec activ\u00f3, por conducto de la Regidur\u00eda de Hacienda, el programa municipal \u201cLibre de Recargos\u201d, orientado a facilitar la regularizaci\u00f3n del impuesto predial al permitir la cobertura del ejercicio actual sin la aplicaci\u00f3n de recargos por adeudos previos.<\/p>\n\n\n\n<p>De acuerdo con lo anunciado, el programa estar\u00e1 vigente de enero a marzo y considera est\u00edmulos fiscales consistentes en descuentos del 30 al 50 por ciento, con atenci\u00f3n prioritaria a personas con discapacidad, adultos mayores de 60 a\u00f1os, as\u00ed como pensionados y pensionistas.<\/p>\n\n\n\n<p>Adicionalmente, a quienes cumplan con esta obligaci\u00f3n se les otorgar\u00e1 un boleto para participar en una rifa de art\u00edculos para el hogar, la cual se realizar\u00e1 una vez concluido el periodo de recaudaci\u00f3n.<\/p>\n","protected":false},"excerpt":{"rendered":"<p>Asunci\u00f3n Ixtaltepec; Oaxaca.- En el marco del ejercicio fiscal 2026, el Gobierno de Asunci\u00f3n Ixtaltepec activ\u00f3, por conducto de la Regidur\u00eda de Hacienda, el programa municipal \u201cLibre de Recargos\u201d, orientado a facilitar la regularizaci\u00f3n del impuesto predial al permitir la cobertura del ejercicio actual sin la aplicaci\u00f3n de recargos por adeudos previos. De acuerdo con [&hellip;]<\/p>\n","protected":false},"author":2,"featured_media":72529,"comment_status":"closed","ping_status":"open","sticky":false,"template":"","format":"standard","meta":{"footnotes":""},"categories":[2],"tags":[],"class_list":{"0":"post-72527","1":"post","2":"type-post","3":"status-publish","4":"format-standard","5":"has-post-thumbnail","7":"category-oaxaca"},"yoast_head":"<!-- This site is optimized with the Yoast SEO plugin v27.4 - https:\/\/yoast.com\/product\/yoast-seo-wordpress\/ -->\n<title>Activan en Ixtaltepec programa &quot;Libre de recargos&quot; para contribuyentes del predial - LA BRAVA RADIO<\/title>\n<meta name=\"robots\" content=\"index, follow, max-snippet:-1, max-image-preview:large, max-video-preview:-1\" \/>\n<link rel=\"canonical\" href=\"https:\/\/www.bbmnoticias.com\/activan-en-ixtaltepec-programa-libre-de-recargos-para-contribuyentes-del-predial\/\" \/>\n<meta property=\"og:locale\" content=\"es_MX\" \/>\n<meta property=\"og:type\" content=\"article\" \/>\n<meta property=\"og:title\" content=\"Activan en Ixtaltepec programa &quot;Libre de recargos&quot; para contribuyentes del predial - LA BRAVA RADIO\" \/>\n<meta property=\"og:description\" content=\"Asunci\u00f3n Ixtaltepec; Oaxaca.- En el marco del ejercicio fiscal 2026, el Gobierno de Asunci\u00f3n Ixtaltepec activ\u00f3, por conducto de la Regidur\u00eda de Hacienda, el programa municipal \u201cLibre de Recargos\u201d, orientado a facilitar la regularizaci\u00f3n del impuesto predial al permitir la cobertura del ejercicio actual sin la aplicaci\u00f3n de recargos por adeudos previos. De acuerdo con [&hellip;]\" \/>\n<meta property=\"og:url\" content=\"https:\/\/www.bbmnoticias.com\/activan-en-ixtaltepec-programa-libre-de-recargos-para-contribuyentes-del-predial\/\" \/>\n<meta property=\"og:site_name\" content=\"LA BRAVA RADIO\" \/>\n<meta property=\"article:published_time\" content=\"2026-01-12T20:55:00+00:00\" \/>\n<meta property=\"article:modified_time\" content=\"2026-01-12T20:55:29+00:00\" \/>\n<meta property=\"og:image\" content=\"https:\/\/www.bbmnoticias.com\/labravaradiofm\/wp-content\/uploads\/sites\/5\/2026\/01\/predial.jpg\" \/>\n\t<meta property=\"og:image:width\" content=\"800\" \/>\n\t<meta property=\"og:image:height\" content=\"598\" \/>\n\t<meta property=\"og:image:type\" content=\"image\/jpeg\" \/>\n<meta name=\"author\" content=\"Staff\" \/>\n<meta name=\"twitter:card\" content=\"summary_large_image\" \/>\n<meta name=\"twitter:label1\" content=\"Escrito por\" \/>\n\t<meta name=\"twitter:data1\" content=\"Staff\" \/>\n\t<meta name=\"twitter:label2\" content=\"Tiempo de lectura\" \/>\n\t<meta name=\"twitter:data2\" content=\"1 minuto\" \/>\n<script type=\"application\/ld+json\" class=\"yoast-schema-graph\">{\"@context\":\"https:\\\/\\\/schema.org\",\"@graph\":[{\"@type\":\"Article\",\"@id\":\"https:\\\/\\\/www.bbmnoticias.com\\\/activan-en-ixtaltepec-programa-libre-de-recargos-para-contribuyentes-del-predial\\\/#article\",\"isPartOf\":{\"@id\":\"https:\\\/\\\/www.bbmnoticias.com\\\/labravaradiofm\\\/2026\\\/01\\\/12\\\/activan-en-ixtaltepec-programa-libre-de-recargos-para-contribuyentes-del-predial\\\/\"},\"author\":{\"name\":\"Staff\",\"@id\":\"https:\\\/\\\/www.bbmnoticias.com\\\/labravaradiofm\\\/#\\\/schema\\\/person\\\/68a9e9036ef3c5b55aeb2b71dc8bab45\"},\"headline\":\"Activan en Ixtaltepec programa &#8220;Libre de recargos&#8221; para contribuyentes del predial\",\"datePublished\":\"2026-01-12T20:55:00+00:00\",\"dateModified\":\"2026-01-12T20:55:29+00:00\",\"mainEntityOfPage\":{\"@id\":\"https:\\\/\\\/www.bbmnoticias.com\\\/labravaradiofm\\\/2026\\\/01\\\/12\\\/activan-en-ixtaltepec-programa-libre-de-recargos-para-contribuyentes-del-predial\\\/\"},\"wordCount\":147,\"image\":{\"@id\":\"https:\\\/\\\/www.bbmnoticias.com\\\/activan-en-ixtaltepec-programa-libre-de-recargos-para-contribuyentes-del-predial\\\/#primaryimage\"},\"thumbnailUrl\":\"https:\\\/\\\/www.bbmnoticias.com\\\/labravaradiofm\\\/wp-content\\\/uploads\\\/sites\\\/5\\\/2026\\\/01\\\/predial.jpg\",\"articleSection\":[\"LOCAL\"],\"inLanguage\":\"es\"},{\"@type\":\"WebPage\",\"@id\":\"https:\\\/\\\/www.bbmnoticias.com\\\/labravaradiofm\\\/2026\\\/01\\\/12\\\/activan-en-ixtaltepec-programa-libre-de-recargos-para-contribuyentes-del-predial\\\/\",\"url\":\"https:\\\/\\\/www.bbmnoticias.com\\\/activan-en-ixtaltepec-programa-libre-de-recargos-para-contribuyentes-del-predial\\\/\",\"name\":\"Activan en Ixtaltepec programa \\\"Libre de recargos\\\" para contribuyentes del predial - LA BRAVA RADIO\",\"isPartOf\":{\"@id\":\"https:\\\/\\\/www.bbmnoticias.com\\\/labravaradiofm\\\/#website\"},\"primaryImageOfPage\":{\"@id\":\"https:\\\/\\\/www.bbmnoticias.com\\\/activan-en-ixtaltepec-programa-libre-de-recargos-para-contribuyentes-del-predial\\\/#primaryimage\"},\"image\":{\"@id\":\"https:\\\/\\\/www.bbmnoticias.com\\\/activan-en-ixtaltepec-programa-libre-de-recargos-para-contribuyentes-del-predial\\\/#primaryimage\"},\"thumbnailUrl\":\"https:\\\/\\\/www.bbmnoticias.com\\\/labravaradiofm\\\/wp-content\\\/uploads\\\/sites\\\/5\\\/2026\\\/01\\\/predial.jpg\",\"datePublished\":\"2026-01-12T20:55:00+00:00\",\"dateModified\":\"2026-01-12T20:55:29+00:00\",\"author\":{\"@id\":\"https:\\\/\\\/www.bbmnoticias.com\\\/labravaradiofm\\\/#\\\/schema\\\/person\\\/68a9e9036ef3c5b55aeb2b71dc8bab45\"},\"breadcrumb\":{\"@id\":\"https:\\\/\\\/www.bbmnoticias.com\\\/activan-en-ixtaltepec-programa-libre-de-recargos-para-contribuyentes-del-predial\\\/#breadcrumb\"},\"inLanguage\":\"es\",\"potentialAction\":[{\"@type\":\"ReadAction\",\"target\":[\"https:\\\/\\\/www.bbmnoticias.com\\\/activan-en-ixtaltepec-programa-libre-de-recargos-para-contribuyentes-del-predial\\\/\"]}]},{\"@type\":\"ImageObject\",\"inLanguage\":\"es\",\"@id\":\"https:\\\/\\\/www.bbmnoticias.com\\\/activan-en-ixtaltepec-programa-libre-de-recargos-para-contribuyentes-del-predial\\\/#primaryimage\",\"url\":\"https:\\\/\\\/www.bbmnoticias.com\\\/labravaradiofm\\\/wp-content\\\/uploads\\\/sites\\\/5\\\/2026\\\/01\\\/predial.jpg\",\"contentUrl\":\"https:\\\/\\\/www.bbmnoticias.com\\\/labravaradiofm\\\/wp-content\\\/uploads\\\/sites\\\/5\\\/2026\\\/01\\\/predial.jpg\",\"width\":800,\"height\":598},{\"@type\":\"BreadcrumbList\",\"@id\":\"https:\\\/\\\/www.bbmnoticias.com\\\/activan-en-ixtaltepec-programa-libre-de-recargos-para-contribuyentes-del-predial\\\/#breadcrumb\",\"itemListElement\":[{\"@type\":\"ListItem\",\"position\":1,\"name\":\"Inicio\",\"item\":\"https:\\\/\\\/www.bbmnoticias.com\\\/labravaradiofm\\\/\"},{\"@type\":\"ListItem\",\"position\":2,\"name\":\"Activan en Ixtaltepec programa &#8220;Libre de recargos&#8221; para contribuyentes del predial\"}]},{\"@type\":\"WebSite\",\"@id\":\"https:\\\/\\\/www.bbmnoticias.com\\\/labravaradiofm\\\/#website\",\"url\":\"https:\\\/\\\/www.bbmnoticias.com\\\/labravaradiofm\\\/\",\"name\":\"LA BRAVA RADIO\",\"description\":\"Empresa productora de medios, Radiodifusi\u00f3n, Noticias, tendencias y todo lo que necesitas saber de la pol\u00edtica mexicana e internacional; entretenimiento, espect\u00e1culos, salud y mucho m\u00e1s.\",\"potentialAction\":[{\"@type\":\"SearchAction\",\"target\":{\"@type\":\"EntryPoint\",\"urlTemplate\":\"https:\\\/\\\/www.bbmnoticias.com\\\/labravaradiofm\\\/?s={search_term_string}\"},\"query-input\":{\"@type\":\"PropertyValueSpecification\",\"valueRequired\":true,\"valueName\":\"search_term_string\"}}],\"inLanguage\":\"es\"},{\"@type\":\"Person\",\"@id\":\"https:\\\/\\\/www.bbmnoticias.com\\\/labravaradiofm\\\/#\\\/schema\\\/person\\\/68a9e9036ef3c5b55aeb2b71dc8bab45\",\"name\":\"Staff\",\"image\":{\"@type\":\"ImageObject\",\"inLanguage\":\"es\",\"@id\":\"https:\\\/\\\/secure.gravatar.com\\\/avatar\\\/fdd21ad66fd8b98c407f9dee5b5e588cfe7f0d8579ec20fa6527cd59bab7f0f0?s=96&d=mm&r=g\",\"url\":\"https:\\\/\\\/secure.gravatar.com\\\/avatar\\\/fdd21ad66fd8b98c407f9dee5b5e588cfe7f0d8579ec20fa6527cd59bab7f0f0?s=96&d=mm&r=g\",\"contentUrl\":\"https:\\\/\\\/secure.gravatar.com\\\/avatar\\\/fdd21ad66fd8b98c407f9dee5b5e588cfe7f0d8579ec20fa6527cd59bab7f0f0?s=96&d=mm&r=g\",\"caption\":\"Staff\"},\"url\":\"https:\\\/\\\/www.bbmnoticias.com\\\/labravaradiofm\\\/author\\\/redaccion\\\/\"}]}<\/script>\n<!-- \/ Yoast SEO plugin. -->","yoast_head_json":{"title":"Activan en Ixtaltepec programa \"Libre de recargos\" para contribuyentes del predial - LA BRAVA RADIO","robots":{"index":"index","follow":"follow","max-snippet":"max-snippet:-1","max-image-preview":"max-image-preview:large","max-video-preview":"max-video-preview:-1"},"canonical":"https:\/\/www.bbmnoticias.com\/activan-en-ixtaltepec-programa-libre-de-recargos-para-contribuyentes-del-predial\/","og_locale":"es_MX","og_type":"article","og_title":"Activan en Ixtaltepec programa \"Libre de recargos\" para contribuyentes del predial - LA BRAVA RADIO","og_description":"Asunci\u00f3n Ixtaltepec; Oaxaca.- En el marco del ejercicio fiscal 2026, el Gobierno de Asunci\u00f3n Ixtaltepec activ\u00f3, por conducto de la Regidur\u00eda de Hacienda, el programa municipal \u201cLibre de Recargos\u201d, orientado a facilitar la regularizaci\u00f3n del impuesto predial al permitir la cobertura del ejercicio actual sin la aplicaci\u00f3n de recargos por adeudos previos. De acuerdo con [&hellip;]","og_url":"https:\/\/www.bbmnoticias.com\/activan-en-ixtaltepec-programa-libre-de-recargos-para-contribuyentes-del-predial\/","og_site_name":"LA BRAVA RADIO","article_published_time":"2026-01-12T20:55:00+00:00","article_modified_time":"2026-01-12T20:55:29+00:00","og_image":[{"width":800,"height":598,"url":"https:\/\/www.bbmnoticias.com\/labravaradiofm\/wp-content\/uploads\/sites\/5\/2026\/01\/predial.jpg","type":"image\/jpeg"}],"author":"Staff","twitter_card":"summary_large_image","twitter_misc":{"Escrito por":"Staff","Tiempo de lectura":"1 minuto"},"schema":{"@context":"https:\/\/schema.org","@graph":[{"@type":"Article","@id":"https:\/\/www.bbmnoticias.com\/activan-en-ixtaltepec-programa-libre-de-recargos-para-contribuyentes-del-predial\/#article","isPartOf":{"@id":"https:\/\/www.bbmnoticias.com\/labravaradiofm\/2026\/01\/12\/activan-en-ixtaltepec-programa-libre-de-recargos-para-contribuyentes-del-predial\/"},"author":{"name":"Staff","@id":"https:\/\/www.bbmnoticias.com\/labravaradiofm\/#\/schema\/person\/68a9e9036ef3c5b55aeb2b71dc8bab45"},"headline":"Activan en Ixtaltepec programa &#8220;Libre de recargos&#8221; para contribuyentes del predial","datePublished":"2026-01-12T20:55:00+00:00","dateModified":"2026-01-12T20:55:29+00:00","mainEntityOfPage":{"@id":"https:\/\/www.bbmnoticias.com\/labravaradiofm\/2026\/01\/12\/activan-en-ixtaltepec-programa-libre-de-recargos-para-contribuyentes-del-predial\/"},"wordCount":147,"image":{"@id":"https:\/\/www.bbmnoticias.com\/activan-en-ixtaltepec-programa-libre-de-recargos-para-contribuyentes-del-predial\/#primaryimage"},"thumbnailUrl":"https:\/\/www.bbmnoticias.com\/labravaradiofm\/wp-content\/uploads\/sites\/5\/2026\/01\/predial.jpg","articleSection":["LOCAL"],"inLanguage":"es"},{"@type":"WebPage","@id":"https:\/\/www.bbmnoticias.com\/labravaradiofm\/2026\/01\/12\/activan-en-ixtaltepec-programa-libre-de-recargos-para-contribuyentes-del-predial\/","url":"https:\/\/www.bbmnoticias.com\/activan-en-ixtaltepec-programa-libre-de-recargos-para-contribuyentes-del-predial\/","name":"Activan en Ixtaltepec programa \"Libre de recargos\" para contribuyentes del predial - LA BRAVA RADIO","isPartOf":{"@id":"https:\/\/www.bbmnoticias.com\/labravaradiofm\/#website"},"primaryImageOfPage":{"@id":"https:\/\/www.bbmnoticias.com\/activan-en-ixtaltepec-programa-libre-de-recargos-para-contribuyentes-del-predial\/#primaryimage"},"image":{"@id":"https:\/\/www.bbmnoticias.com\/activan-en-ixtaltepec-programa-libre-de-recargos-para-contribuyentes-del-predial\/#primaryimage"},"thumbnailUrl":"https:\/\/www.bbmnoticias.com\/labravaradiofm\/wp-content\/uploads\/sites\/5\/2026\/01\/predial.jpg","datePublished":"2026-01-12T20:55:00+00:00","dateModified":"2026-01-12T20:55:29+00:00","author":{"@id":"https:\/\/www.bbmnoticias.com\/labravaradiofm\/#\/schema\/person\/68a9e9036ef3c5b55aeb2b71dc8bab45"},"breadcrumb":{"@id":"https:\/\/www.bbmnoticias.com\/activan-en-ixtaltepec-programa-libre-de-recargos-para-contribuyentes-del-predial\/#breadcrumb"},"inLanguage":"es","potentialAction":[{"@type":"ReadAction","target":["https:\/\/www.bbmnoticias.com\/activan-en-ixtaltepec-programa-libre-de-recargos-para-contribuyentes-del-predial\/"]}]},{"@type":"ImageObject","inLanguage":"es","@id":"https:\/\/www.bbmnoticias.com\/activan-en-ixtaltepec-programa-libre-de-recargos-para-contribuyentes-del-predial\/#primaryimage","url":"https:\/\/www.bbmnoticias.com\/labravaradiofm\/wp-content\/uploads\/sites\/5\/2026\/01\/predial.jpg","contentUrl":"https:\/\/www.bbmnoticias.com\/labravaradiofm\/wp-content\/uploads\/sites\/5\/2026\/01\/predial.jpg","width":800,"height":598},{"@type":"BreadcrumbList","@id":"https:\/\/www.bbmnoticias.com\/activan-en-ixtaltepec-programa-libre-de-recargos-para-contribuyentes-del-predial\/#breadcrumb","itemListElement":[{"@type":"ListItem","position":1,"name":"Inicio","item":"https:\/\/www.bbmnoticias.com\/labravaradiofm\/"},{"@type":"ListItem","position":2,"name":"Activan en Ixtaltepec programa &#8220;Libre de recargos&#8221; para contribuyentes del predial"}]},{"@type":"WebSite","@id":"https:\/\/www.bbmnoticias.com\/labravaradiofm\/#website","url":"https:\/\/www.bbmnoticias.com\/labravaradiofm\/","name":"LA BRAVA RADIO","description":"Empresa productora de medios, Radiodifusi\u00f3n, Noticias, tendencias y todo lo que necesitas saber de la pol\u00edtica mexicana e internacional; entretenimiento, espect\u00e1culos, salud y mucho m\u00e1s.","potentialAction":[{"@type":"SearchAction","target":{"@type":"EntryPoint","urlTemplate":"https:\/\/www.bbmnoticias.com\/labravaradiofm\/?s={search_term_string}"},"query-input":{"@type":"PropertyValueSpecification","valueRequired":true,"valueName":"search_term_string"}}],"inLanguage":"es"},{"@type":"Person","@id":"https:\/\/www.bbmnoticias.com\/labravaradiofm\/#\/schema\/person\/68a9e9036ef3c5b55aeb2b71dc8bab45","name":"Staff","image":{"@type":"ImageObject","inLanguage":"es","@id":"https:\/\/secure.gravatar.com\/avatar\/fdd21ad66fd8b98c407f9dee5b5e588cfe7f0d8579ec20fa6527cd59bab7f0f0?s=96&d=mm&r=g","url":"https:\/\/secure.gravatar.com\/avatar\/fdd21ad66fd8b98c407f9dee5b5e588cfe7f0d8579ec20fa6527cd59bab7f0f0?s=96&d=mm&r=g","contentUrl":"https:\/\/secure.gravatar.com\/avatar\/fdd21ad66fd8b98c407f9dee5b5e588cfe7f0d8579ec20fa6527cd59bab7f0f0?s=96&d=mm&r=g","caption":"Staff"},"url":"https:\/\/www.bbmnoticias.com\/labravaradiofm\/author\/redaccion\/"}]}},"_links":{"self":[{"href":"https:\/\/www.bbmnoticias.com\/labravaradiofm\/wp-json\/wp\/v2\/posts\/72527","targetHints":{"allow":["GET"]}}],"collection":[{"href":"https:\/\/www.bbmnoticias.com\/labravaradiofm\/wp-json\/wp\/v2\/posts"}],"about":[{"href":"https:\/\/www.bbmnoticias.com\/labravaradiofm\/wp-json\/wp\/v2\/types\/post"}],"author":[{"embeddable":true,"href":"https:\/\/www.bbmnoticias.com\/labravaradiofm\/wp-json\/wp\/v2\/users\/2"}],"replies":[{"embeddable":true,"href":"https:\/\/www.bbmnoticias.com\/labravaradiofm\/wp-json\/wp\/v2\/comments?post=72527"}],"version-history":[{"count":0,"href":"https:\/\/www.bbmnoticias.com\/labravaradiofm\/wp-json\/wp\/v2\/posts\/72527\/revisions"}],"wp:featuredmedia":[{"embeddable":true,"href":"https:\/\/www.bbmnoticias.com\/labravaradiofm\/wp-json\/wp\/v2\/media\/72529"}],"wp:attachment":[{"href":"https:\/\/www.bbmnoticias.com\/labravaradiofm\/wp-json\/wp\/v2\/media?parent=72527"}],"wp:term":[{"taxonomy":"category","embeddable":true,"href":"https:\/\/www.bbmnoticias.com\/labravaradiofm\/wp-json\/wp\/v2\/categories?post=72527"},{"taxonomy":"post_tag","embeddable":true,"href":"https:\/\/www.bbmnoticias.com\/labravaradiofm\/wp-json\/wp\/v2\/tags?post=72527"}],"curies":[{"name":"wp","href":"https:\/\/api.w.org\/{rel}","templated":true}]}}