{"id":72521,"date":"2026-01-12T14:02:15","date_gmt":"2026-01-12T20:02:15","guid":{"rendered":"https:\/\/www.bbmnoticias.com\/labravaradiofm\/2026\/01\/12\/por-evento-de-norte-cepcygr-exhorta-a-evitar-transitar-por-el-tramo-carretero-la-venta-la-ventosa\/"},"modified":"2026-01-12T14:02:20","modified_gmt":"2026-01-12T20:02:20","slug":"por-evento-de-norte-cepcygr-exhorta-a-evitar-transitar-por-el-tramo-carretero-la-venta-la-ventosa","status":"publish","type":"post","link":"https:\/\/www.bbmnoticias.com\/labravaradiofm\/2026\/01\/12\/por-evento-de-norte-cepcygr-exhorta-a-evitar-transitar-por-el-tramo-carretero-la-venta-la-ventosa\/","title":{"rendered":"Por evento de norte, CEPCyGR exhorta a evitar transitar por el tramo carretero La Venta-La Ventosa"},"content":{"rendered":"<div style=\"margin-top: 0px; margin-bottom: 0px;\" class=\"sharethis-inline-share-buttons\" ><\/div>\n<p><strong>Oaxaca de Ju\u00e1rez, Oax.- <\/strong>La Coordinaci\u00f3n Estatal de Protecci\u00f3n Civil y Gesti\u00f3n de Riesgos (CEPCyGR) exhorta a la poblaci\u00f3n evitar transitar por el tramo carretero La Venta-La Ventosa, donde se registran rachas de viento de hasta 100 kil\u00f3metros por hora, ocasionadas por el frente fr\u00edo n\u00famero 27.<\/p>\n\n\n\n<p>Al momento, dos tr\u00e1ileres han volcado sobre esta v\u00eda federal: uno este lunes en el kil\u00f3metro 5, en el punto conocido como La Ci\u00e9nega, el cual se trasladaba de la Heroica Ciudad de Juchit\u00e1n de Zaragoza a Chiapas. Y durante este fin de semana, una unidad proveniente del Estado de M\u00e9xico con destino a Chiapas que se encontraba estacionada en el caracol de la autopista. En ambos, no hubo personas lesionadas.<\/p>\n\n\n\n<p>Por otro lado, se report\u00f3 la ca\u00edda del domo de la Escuela Secundaria T\u00e9cnica n\u00famero 113, sin que se registraran personas lesionadas. Ante esta situaci\u00f3n, directivos del plantel, as\u00ed como madres y padres de familia, determinaron la suspensi\u00f3n de clases.<\/p>\n\n\n\n<p>La masa de aire fr\u00edo que impulsa a este fen\u00f3meno continuar\u00e1 generando vientos fuertes en la entidad, principalmente en la regi\u00f3n Istmo de Tehuantepec; as\u00ed como descenso de temperatura y oleaje elevado en aguas del Golfo de Tehuantepec.<\/p>\n\n\n\n<p>En este sentido, la dependencia recomienda asegurar l\u00e1minas, techumbres ligeras y objetos que puedan ser desprendidos por el viento.<\/p>\n\n\n\n<p>A la navegaci\u00f3n mar\u00edtima se le exhorta a suspender actividades en el litoral hasta que mejoren las condiciones meteorol\u00f3gicas, ya que se prev\u00e9n marejadas de 4 a 6 metros de altura.<\/p>\n\n\n\n<p>La CEPCyGR mantiene monitoreo permanente de este fen\u00f3meno y reitera el llamado a seguir las recomendaciones emitidas a trav\u00e9s de los canales oficiales.<\/p>\n","protected":false},"excerpt":{"rendered":"<p>Oaxaca de Ju\u00e1rez, Oax.- La Coordinaci\u00f3n Estatal de Protecci\u00f3n Civil y Gesti\u00f3n de Riesgos (CEPCyGR) exhorta a la poblaci\u00f3n evitar transitar por el tramo carretero La Venta-La Ventosa, donde se registran rachas de viento de hasta 100 kil\u00f3metros por hora, ocasionadas por el frente fr\u00edo n\u00famero 27. Al momento, dos tr\u00e1ileres han volcado sobre esta [&hellip;]<\/p>\n","protected":false},"author":2,"featured_media":72523,"comment_status":"closed","ping_status":"open","sticky":false,"template":"","format":"standard","meta":{"footnotes":""},"categories":[2],"tags":[],"class_list":{"0":"post-72521","1":"post","2":"type-post","3":"status-publish","4":"format-standard","5":"has-post-thumbnail","7":"category-oaxaca"},"yoast_head":"<!-- This site is optimized with the Yoast SEO plugin v27.4 - https:\/\/yoast.com\/product\/yoast-seo-wordpress\/ -->\n<title>Por evento de norte, CEPCyGR exhorta a evitar transitar por el tramo carretero La Venta-La Ventosa - LA BRAVA RADIO<\/title>\n<meta name=\"robots\" content=\"index, follow, max-snippet:-1, max-image-preview:large, max-video-preview:-1\" \/>\n<link rel=\"canonical\" href=\"https:\/\/www.bbmnoticias.com\/por-evento-de-norte-cepcygr-exhorta-a-evitar-transitar-por-el-tramo-carretero-la-venta-la-ventosa\/\" \/>\n<meta property=\"og:locale\" content=\"es_MX\" \/>\n<meta property=\"og:type\" content=\"article\" \/>\n<meta property=\"og:title\" content=\"Por evento de norte, CEPCyGR exhorta a evitar transitar por el tramo carretero La Venta-La Ventosa - LA BRAVA RADIO\" \/>\n<meta property=\"og:description\" content=\"Oaxaca de Ju\u00e1rez, Oax.- La Coordinaci\u00f3n Estatal de Protecci\u00f3n Civil y Gesti\u00f3n de Riesgos (CEPCyGR) exhorta a la poblaci\u00f3n evitar transitar por el tramo carretero La Venta-La Ventosa, donde se registran rachas de viento de hasta 100 kil\u00f3metros por hora, ocasionadas por el frente fr\u00edo n\u00famero 27. Al momento, dos tr\u00e1ileres han volcado sobre esta [&hellip;]\" \/>\n<meta property=\"og:url\" content=\"https:\/\/www.bbmnoticias.com\/por-evento-de-norte-cepcygr-exhorta-a-evitar-transitar-por-el-tramo-carretero-la-venta-la-ventosa\/\" \/>\n<meta property=\"og:site_name\" content=\"LA BRAVA RADIO\" \/>\n<meta property=\"article:published_time\" content=\"2026-01-12T20:02:15+00:00\" \/>\n<meta property=\"article:modified_time\" content=\"2026-01-12T20:02:20+00:00\" \/>\n<meta property=\"og:image\" content=\"https:\/\/www.bbmnoticias.com\/labravaradiofm\/wp-content\/uploads\/sites\/5\/2026\/01\/trailer_volcado.jpg\" \/>\n\t<meta property=\"og:image:width\" content=\"800\" \/>\n\t<meta property=\"og:image:height\" content=\"451\" \/>\n\t<meta property=\"og:image:type\" content=\"image\/jpeg\" \/>\n<meta name=\"author\" content=\"Staff\" \/>\n<meta name=\"twitter:card\" content=\"summary_large_image\" \/>\n<meta name=\"twitter:label1\" content=\"Escrito por\" \/>\n\t<meta name=\"twitter:data1\" content=\"Staff\" \/>\n\t<meta name=\"twitter:label2\" content=\"Tiempo de lectura\" \/>\n\t<meta name=\"twitter:data2\" content=\"1 minuto\" \/>\n<script type=\"application\/ld+json\" class=\"yoast-schema-graph\">{\"@context\":\"https:\\\/\\\/schema.org\",\"@graph\":[{\"@type\":\"Article\",\"@id\":\"https:\\\/\\\/www.bbmnoticias.com\\\/por-evento-de-norte-cepcygr-exhorta-a-evitar-transitar-por-el-tramo-carretero-la-venta-la-ventosa\\\/#article\",\"isPartOf\":{\"@id\":\"https:\\\/\\\/www.bbmnoticias.com\\\/labravaradiofm\\\/2026\\\/01\\\/12\\\/por-evento-de-norte-cepcygr-exhorta-a-evitar-transitar-por-el-tramo-carretero-la-venta-la-ventosa\\\/\"},\"author\":{\"name\":\"Staff\",\"@id\":\"https:\\\/\\\/www.bbmnoticias.com\\\/labravaradiofm\\\/#\\\/schema\\\/person\\\/68a9e9036ef3c5b55aeb2b71dc8bab45\"},\"headline\":\"Por evento de norte, CEPCyGR exhorta a evitar transitar por el tramo carretero La Venta-La Ventosa\",\"datePublished\":\"2026-01-12T20:02:15+00:00\",\"dateModified\":\"2026-01-12T20:02:20+00:00\",\"mainEntityOfPage\":{\"@id\":\"https:\\\/\\\/www.bbmnoticias.com\\\/labravaradiofm\\\/2026\\\/01\\\/12\\\/por-evento-de-norte-cepcygr-exhorta-a-evitar-transitar-por-el-tramo-carretero-la-venta-la-ventosa\\\/\"},\"wordCount\":309,\"image\":{\"@id\":\"https:\\\/\\\/www.bbmnoticias.com\\\/por-evento-de-norte-cepcygr-exhorta-a-evitar-transitar-por-el-tramo-carretero-la-venta-la-ventosa\\\/#primaryimage\"},\"thumbnailUrl\":\"https:\\\/\\\/www.bbmnoticias.com\\\/labravaradiofm\\\/wp-content\\\/uploads\\\/sites\\\/5\\\/2026\\\/01\\\/trailer_volcado.jpg\",\"articleSection\":[\"LOCAL\"],\"inLanguage\":\"es\"},{\"@type\":\"WebPage\",\"@id\":\"https:\\\/\\\/www.bbmnoticias.com\\\/labravaradiofm\\\/2026\\\/01\\\/12\\\/por-evento-de-norte-cepcygr-exhorta-a-evitar-transitar-por-el-tramo-carretero-la-venta-la-ventosa\\\/\",\"url\":\"https:\\\/\\\/www.bbmnoticias.com\\\/por-evento-de-norte-cepcygr-exhorta-a-evitar-transitar-por-el-tramo-carretero-la-venta-la-ventosa\\\/\",\"name\":\"Por evento de norte, CEPCyGR exhorta a evitar transitar por el tramo carretero La Venta-La Ventosa - LA BRAVA RADIO\",\"isPartOf\":{\"@id\":\"https:\\\/\\\/www.bbmnoticias.com\\\/labravaradiofm\\\/#website\"},\"primaryImageOfPage\":{\"@id\":\"https:\\\/\\\/www.bbmnoticias.com\\\/por-evento-de-norte-cepcygr-exhorta-a-evitar-transitar-por-el-tramo-carretero-la-venta-la-ventosa\\\/#primaryimage\"},\"image\":{\"@id\":\"https:\\\/\\\/www.bbmnoticias.com\\\/por-evento-de-norte-cepcygr-exhorta-a-evitar-transitar-por-el-tramo-carretero-la-venta-la-ventosa\\\/#primaryimage\"},\"thumbnailUrl\":\"https:\\\/\\\/www.bbmnoticias.com\\\/labravaradiofm\\\/wp-content\\\/uploads\\\/sites\\\/5\\\/2026\\\/01\\\/trailer_volcado.jpg\",\"datePublished\":\"2026-01-12T20:02:15+00:00\",\"dateModified\":\"2026-01-12T20:02:20+00:00\",\"author\":{\"@id\":\"https:\\\/\\\/www.bbmnoticias.com\\\/labravaradiofm\\\/#\\\/schema\\\/person\\\/68a9e9036ef3c5b55aeb2b71dc8bab45\"},\"breadcrumb\":{\"@id\":\"https:\\\/\\\/www.bbmnoticias.com\\\/por-evento-de-norte-cepcygr-exhorta-a-evitar-transitar-por-el-tramo-carretero-la-venta-la-ventosa\\\/#breadcrumb\"},\"inLanguage\":\"es\",\"potentialAction\":[{\"@type\":\"ReadAction\",\"target\":[\"https:\\\/\\\/www.bbmnoticias.com\\\/por-evento-de-norte-cepcygr-exhorta-a-evitar-transitar-por-el-tramo-carretero-la-venta-la-ventosa\\\/\"]}]},{\"@type\":\"ImageObject\",\"inLanguage\":\"es\",\"@id\":\"https:\\\/\\\/www.bbmnoticias.com\\\/por-evento-de-norte-cepcygr-exhorta-a-evitar-transitar-por-el-tramo-carretero-la-venta-la-ventosa\\\/#primaryimage\",\"url\":\"https:\\\/\\\/www.bbmnoticias.com\\\/labravaradiofm\\\/wp-content\\\/uploads\\\/sites\\\/5\\\/2026\\\/01\\\/trailer_volcado.jpg\",\"contentUrl\":\"https:\\\/\\\/www.bbmnoticias.com\\\/labravaradiofm\\\/wp-content\\\/uploads\\\/sites\\\/5\\\/2026\\\/01\\\/trailer_volcado.jpg\",\"width\":800,\"height\":451},{\"@type\":\"BreadcrumbList\",\"@id\":\"https:\\\/\\\/www.bbmnoticias.com\\\/por-evento-de-norte-cepcygr-exhorta-a-evitar-transitar-por-el-tramo-carretero-la-venta-la-ventosa\\\/#breadcrumb\",\"itemListElement\":[{\"@type\":\"ListItem\",\"position\":1,\"name\":\"Inicio\",\"item\":\"https:\\\/\\\/www.bbmnoticias.com\\\/labravaradiofm\\\/\"},{\"@type\":\"ListItem\",\"position\":2,\"name\":\"Por evento de norte, CEPCyGR exhorta a evitar transitar por el tramo carretero La Venta-La Ventosa\"}]},{\"@type\":\"WebSite\",\"@id\":\"https:\\\/\\\/www.bbmnoticias.com\\\/labravaradiofm\\\/#website\",\"url\":\"https:\\\/\\\/www.bbmnoticias.com\\\/labravaradiofm\\\/\",\"name\":\"LA BRAVA RADIO\",\"description\":\"Empresa productora de medios, Radiodifusi\u00f3n, Noticias, tendencias y todo lo que necesitas saber de la pol\u00edtica mexicana e internacional; entretenimiento, espect\u00e1culos, salud y mucho m\u00e1s.\",\"potentialAction\":[{\"@type\":\"SearchAction\",\"target\":{\"@type\":\"EntryPoint\",\"urlTemplate\":\"https:\\\/\\\/www.bbmnoticias.com\\\/labravaradiofm\\\/?s={search_term_string}\"},\"query-input\":{\"@type\":\"PropertyValueSpecification\",\"valueRequired\":true,\"valueName\":\"search_term_string\"}}],\"inLanguage\":\"es\"},{\"@type\":\"Person\",\"@id\":\"https:\\\/\\\/www.bbmnoticias.com\\\/labravaradiofm\\\/#\\\/schema\\\/person\\\/68a9e9036ef3c5b55aeb2b71dc8bab45\",\"name\":\"Staff\",\"image\":{\"@type\":\"ImageObject\",\"inLanguage\":\"es\",\"@id\":\"https:\\\/\\\/secure.gravatar.com\\\/avatar\\\/fdd21ad66fd8b98c407f9dee5b5e588cfe7f0d8579ec20fa6527cd59bab7f0f0?s=96&d=mm&r=g\",\"url\":\"https:\\\/\\\/secure.gravatar.com\\\/avatar\\\/fdd21ad66fd8b98c407f9dee5b5e588cfe7f0d8579ec20fa6527cd59bab7f0f0?s=96&d=mm&r=g\",\"contentUrl\":\"https:\\\/\\\/secure.gravatar.com\\\/avatar\\\/fdd21ad66fd8b98c407f9dee5b5e588cfe7f0d8579ec20fa6527cd59bab7f0f0?s=96&d=mm&r=g\",\"caption\":\"Staff\"},\"url\":\"https:\\\/\\\/www.bbmnoticias.com\\\/labravaradiofm\\\/author\\\/redaccion\\\/\"}]}<\/script>\n<!-- \/ Yoast SEO plugin. -->","yoast_head_json":{"title":"Por evento de norte, CEPCyGR exhorta a evitar transitar por el tramo carretero La Venta-La Ventosa - LA BRAVA RADIO","robots":{"index":"index","follow":"follow","max-snippet":"max-snippet:-1","max-image-preview":"max-image-preview:large","max-video-preview":"max-video-preview:-1"},"canonical":"https:\/\/www.bbmnoticias.com\/por-evento-de-norte-cepcygr-exhorta-a-evitar-transitar-por-el-tramo-carretero-la-venta-la-ventosa\/","og_locale":"es_MX","og_type":"article","og_title":"Por evento de norte, CEPCyGR exhorta a evitar transitar por el tramo carretero La Venta-La Ventosa - LA BRAVA RADIO","og_description":"Oaxaca de Ju\u00e1rez, Oax.- La Coordinaci\u00f3n Estatal de Protecci\u00f3n Civil y Gesti\u00f3n de Riesgos (CEPCyGR) exhorta a la poblaci\u00f3n evitar transitar por el tramo carretero La Venta-La Ventosa, donde se registran rachas de viento de hasta 100 kil\u00f3metros por hora, ocasionadas por el frente fr\u00edo n\u00famero 27. Al momento, dos tr\u00e1ileres han volcado sobre esta [&hellip;]","og_url":"https:\/\/www.bbmnoticias.com\/por-evento-de-norte-cepcygr-exhorta-a-evitar-transitar-por-el-tramo-carretero-la-venta-la-ventosa\/","og_site_name":"LA BRAVA RADIO","article_published_time":"2026-01-12T20:02:15+00:00","article_modified_time":"2026-01-12T20:02:20+00:00","og_image":[{"width":800,"height":451,"url":"https:\/\/www.bbmnoticias.com\/labravaradiofm\/wp-content\/uploads\/sites\/5\/2026\/01\/trailer_volcado.jpg","type":"image\/jpeg"}],"author":"Staff","twitter_card":"summary_large_image","twitter_misc":{"Escrito por":"Staff","Tiempo de lectura":"1 minuto"},"schema":{"@context":"https:\/\/schema.org","@graph":[{"@type":"Article","@id":"https:\/\/www.bbmnoticias.com\/por-evento-de-norte-cepcygr-exhorta-a-evitar-transitar-por-el-tramo-carretero-la-venta-la-ventosa\/#article","isPartOf":{"@id":"https:\/\/www.bbmnoticias.com\/labravaradiofm\/2026\/01\/12\/por-evento-de-norte-cepcygr-exhorta-a-evitar-transitar-por-el-tramo-carretero-la-venta-la-ventosa\/"},"author":{"name":"Staff","@id":"https:\/\/www.bbmnoticias.com\/labravaradiofm\/#\/schema\/person\/68a9e9036ef3c5b55aeb2b71dc8bab45"},"headline":"Por evento de norte, CEPCyGR exhorta a evitar transitar por el tramo carretero La Venta-La Ventosa","datePublished":"2026-01-12T20:02:15+00:00","dateModified":"2026-01-12T20:02:20+00:00","mainEntityOfPage":{"@id":"https:\/\/www.bbmnoticias.com\/labravaradiofm\/2026\/01\/12\/por-evento-de-norte-cepcygr-exhorta-a-evitar-transitar-por-el-tramo-carretero-la-venta-la-ventosa\/"},"wordCount":309,"image":{"@id":"https:\/\/www.bbmnoticias.com\/por-evento-de-norte-cepcygr-exhorta-a-evitar-transitar-por-el-tramo-carretero-la-venta-la-ventosa\/#primaryimage"},"thumbnailUrl":"https:\/\/www.bbmnoticias.com\/labravaradiofm\/wp-content\/uploads\/sites\/5\/2026\/01\/trailer_volcado.jpg","articleSection":["LOCAL"],"inLanguage":"es"},{"@type":"WebPage","@id":"https:\/\/www.bbmnoticias.com\/labravaradiofm\/2026\/01\/12\/por-evento-de-norte-cepcygr-exhorta-a-evitar-transitar-por-el-tramo-carretero-la-venta-la-ventosa\/","url":"https:\/\/www.bbmnoticias.com\/por-evento-de-norte-cepcygr-exhorta-a-evitar-transitar-por-el-tramo-carretero-la-venta-la-ventosa\/","name":"Por evento de norte, CEPCyGR exhorta a evitar transitar por el tramo carretero La Venta-La Ventosa - LA BRAVA RADIO","isPartOf":{"@id":"https:\/\/www.bbmnoticias.com\/labravaradiofm\/#website"},"primaryImageOfPage":{"@id":"https:\/\/www.bbmnoticias.com\/por-evento-de-norte-cepcygr-exhorta-a-evitar-transitar-por-el-tramo-carretero-la-venta-la-ventosa\/#primaryimage"},"image":{"@id":"https:\/\/www.bbmnoticias.com\/por-evento-de-norte-cepcygr-exhorta-a-evitar-transitar-por-el-tramo-carretero-la-venta-la-ventosa\/#primaryimage"},"thumbnailUrl":"https:\/\/www.bbmnoticias.com\/labravaradiofm\/wp-content\/uploads\/sites\/5\/2026\/01\/trailer_volcado.jpg","datePublished":"2026-01-12T20:02:15+00:00","dateModified":"2026-01-12T20:02:20+00:00","author":{"@id":"https:\/\/www.bbmnoticias.com\/labravaradiofm\/#\/schema\/person\/68a9e9036ef3c5b55aeb2b71dc8bab45"},"breadcrumb":{"@id":"https:\/\/www.bbmnoticias.com\/por-evento-de-norte-cepcygr-exhorta-a-evitar-transitar-por-el-tramo-carretero-la-venta-la-ventosa\/#breadcrumb"},"inLanguage":"es","potentialAction":[{"@type":"ReadAction","target":["https:\/\/www.bbmnoticias.com\/por-evento-de-norte-cepcygr-exhorta-a-evitar-transitar-por-el-tramo-carretero-la-venta-la-ventosa\/"]}]},{"@type":"ImageObject","inLanguage":"es","@id":"https:\/\/www.bbmnoticias.com\/por-evento-de-norte-cepcygr-exhorta-a-evitar-transitar-por-el-tramo-carretero-la-venta-la-ventosa\/#primaryimage","url":"https:\/\/www.bbmnoticias.com\/labravaradiofm\/wp-content\/uploads\/sites\/5\/2026\/01\/trailer_volcado.jpg","contentUrl":"https:\/\/www.bbmnoticias.com\/labravaradiofm\/wp-content\/uploads\/sites\/5\/2026\/01\/trailer_volcado.jpg","width":800,"height":451},{"@type":"BreadcrumbList","@id":"https:\/\/www.bbmnoticias.com\/por-evento-de-norte-cepcygr-exhorta-a-evitar-transitar-por-el-tramo-carretero-la-venta-la-ventosa\/#breadcrumb","itemListElement":[{"@type":"ListItem","position":1,"name":"Inicio","item":"https:\/\/www.bbmnoticias.com\/labravaradiofm\/"},{"@type":"ListItem","position":2,"name":"Por evento de norte, CEPCyGR exhorta a evitar transitar por el tramo carretero La Venta-La Ventosa"}]},{"@type":"WebSite","@id":"https:\/\/www.bbmnoticias.com\/labravaradiofm\/#website","url":"https:\/\/www.bbmnoticias.com\/labravaradiofm\/","name":"LA BRAVA RADIO","description":"Empresa productora de medios, Radiodifusi\u00f3n, Noticias, tendencias y todo lo que necesitas saber de la pol\u00edtica mexicana e internacional; entretenimiento, espect\u00e1culos, salud y mucho m\u00e1s.","potentialAction":[{"@type":"SearchAction","target":{"@type":"EntryPoint","urlTemplate":"https:\/\/www.bbmnoticias.com\/labravaradiofm\/?s={search_term_string}"},"query-input":{"@type":"PropertyValueSpecification","valueRequired":true,"valueName":"search_term_string"}}],"inLanguage":"es"},{"@type":"Person","@id":"https:\/\/www.bbmnoticias.com\/labravaradiofm\/#\/schema\/person\/68a9e9036ef3c5b55aeb2b71dc8bab45","name":"Staff","image":{"@type":"ImageObject","inLanguage":"es","@id":"https:\/\/secure.gravatar.com\/avatar\/fdd21ad66fd8b98c407f9dee5b5e588cfe7f0d8579ec20fa6527cd59bab7f0f0?s=96&d=mm&r=g","url":"https:\/\/secure.gravatar.com\/avatar\/fdd21ad66fd8b98c407f9dee5b5e588cfe7f0d8579ec20fa6527cd59bab7f0f0?s=96&d=mm&r=g","contentUrl":"https:\/\/secure.gravatar.com\/avatar\/fdd21ad66fd8b98c407f9dee5b5e588cfe7f0d8579ec20fa6527cd59bab7f0f0?s=96&d=mm&r=g","caption":"Staff"},"url":"https:\/\/www.bbmnoticias.com\/labravaradiofm\/author\/redaccion\/"}]}},"_links":{"self":[{"href":"https:\/\/www.bbmnoticias.com\/labravaradiofm\/wp-json\/wp\/v2\/posts\/72521","targetHints":{"allow":["GET"]}}],"collection":[{"href":"https:\/\/www.bbmnoticias.com\/labravaradiofm\/wp-json\/wp\/v2\/posts"}],"about":[{"href":"https:\/\/www.bbmnoticias.com\/labravaradiofm\/wp-json\/wp\/v2\/types\/post"}],"author":[{"embeddable":true,"href":"https:\/\/www.bbmnoticias.com\/labravaradiofm\/wp-json\/wp\/v2\/users\/2"}],"replies":[{"embeddable":true,"href":"https:\/\/www.bbmnoticias.com\/labravaradiofm\/wp-json\/wp\/v2\/comments?post=72521"}],"version-history":[{"count":0,"href":"https:\/\/www.bbmnoticias.com\/labravaradiofm\/wp-json\/wp\/v2\/posts\/72521\/revisions"}],"wp:featuredmedia":[{"embeddable":true,"href":"https:\/\/www.bbmnoticias.com\/labravaradiofm\/wp-json\/wp\/v2\/media\/72523"}],"wp:attachment":[{"href":"https:\/\/www.bbmnoticias.com\/labravaradiofm\/wp-json\/wp\/v2\/media?parent=72521"}],"wp:term":[{"taxonomy":"category","embeddable":true,"href":"https:\/\/www.bbmnoticias.com\/labravaradiofm\/wp-json\/wp\/v2\/categories?post=72521"},{"taxonomy":"post_tag","embeddable":true,"href":"https:\/\/www.bbmnoticias.com\/labravaradiofm\/wp-json\/wp\/v2\/tags?post=72521"}],"curies":[{"name":"wp","href":"https:\/\/api.w.org\/{rel}","templated":true}]}}