{"id":72515,"date":"2026-01-12T12:55:10","date_gmt":"2026-01-12T18:55:10","guid":{"rendered":"https:\/\/www.bbmnoticias.com\/labravaradiofm\/2026\/01\/12\/el-gobierno-de-mexico-niega-permisos-de-sobrevuelo-y-reafirma-relacion-bilateral-con-estados-unidos\/"},"modified":"2026-01-12T12:55:15","modified_gmt":"2026-01-12T18:55:15","slug":"el-gobierno-de-mexico-niega-permisos-de-sobrevuelo-y-reafirma-relacion-bilateral-con-estados-unidos","status":"publish","type":"post","link":"https:\/\/www.bbmnoticias.com\/labravaradiofm\/2026\/01\/12\/el-gobierno-de-mexico-niega-permisos-de-sobrevuelo-y-reafirma-relacion-bilateral-con-estados-unidos\/","title":{"rendered":"El Gobierno de M\u00e9xico niega permisos de sobrevuelo y reafirma relaci\u00f3n bilateral con Estados Unidos"},"content":{"rendered":"<div style=\"margin-top: 0px; margin-bottom: 0px;\" class=\"sharethis-inline-share-buttons\" ><\/div>\n<p>El gabinete de seguridad de la <strong>presidenta Claudia Sheinbaum <\/strong>asegur\u00f3 que la <strong>cooperaci\u00f3n<\/strong> con el<strong> gobierno de Estados Unidos <\/strong>se ha fortalecido, siempre <strong>respetando la soberan\u00eda de ambos pa\u00edses,<\/strong> y&nbsp; neg\u00f3 que haya habido <strong>sobrevuelos<\/strong> <strong>de aeronaves extranjeras<\/strong> en territorio nacional.&nbsp;<\/p>\n\n\n\n<h2 class=\"wp-block-heading\">Garc\u00eda Harfuch responde dichos sobre Donald Trump<\/h2>\n\n\n\n<p>El titular de La S<strong>ecretaria de Seguridad y Protecci\u00f3n Ciudadana, Omar Garc\u00eda Harfuch<\/strong> fue cuestionado sobre las medidas que toma el <strong>gobierno de M\u00e9xico<\/strong> en <strong>materia de seguridad,<\/strong>&nbsp; tras los pronunciamientos del<strong> presidente Donald Trump<\/strong> tras la posibilidad de una intervenci\u00f3n en M\u00e9xico.&nbsp;&nbsp;<\/p>\n\n\n\n<figure class=\"wp-block-image\"><img decoding=\"async\" src=\"https:\/\/heraldodemexico.com.mx\/u\/fotografias\/m\/2025\/1\/22\/f768x400-1075074_1118977_5050.png\" alt=\"\"\/><\/figure>\n\n\n\n<h2 class=\"wp-block-heading\">M\u00e9xico niega vuelos extranjeros&nbsp;<\/h2>\n\n\n\n<p>El funcionario mexicano respondi\u00f3 que la coordinaci\u00f3n con<strong> Estados Unidos<\/strong> es <strong>meramente el intercambio de informaci\u00f3n<\/strong> para el <strong>beneficio de ambas naciones<\/strong> y,&nbsp; junto con el secretario de la<strong> Defensa Nacional, Ricardo Trevilla Trejo <\/strong>afirm\u00f3 que no ha habido vuelos de aeronaves extranjeras y que, en los casos se\u00f1alados, se trat\u00f3 de <strong>unidades pertenecientes al gabinete de seguridad del gobierno de M\u00e9xico.&nbsp;<\/strong><\/p>\n","protected":false},"excerpt":{"rendered":"<p>El gabinete de seguridad de la presidenta Claudia Sheinbaum asegur\u00f3 que la cooperaci\u00f3n con el gobierno de Estados Unidos se ha fortalecido, siempre respetando la soberan\u00eda de ambos pa\u00edses, y&nbsp; neg\u00f3 que haya habido sobrevuelos de aeronaves extranjeras en territorio nacional.&nbsp; Garc\u00eda Harfuch responde dichos sobre Donald Trump El titular de La Secretaria de Seguridad [&hellip;]<\/p>\n","protected":false},"author":4,"featured_media":72517,"comment_status":"closed","ping_status":"open","sticky":false,"template":"","format":"standard","meta":{"footnotes":""},"categories":[2,19],"tags":[],"class_list":{"0":"post-72515","1":"post","2":"type-post","3":"status-publish","4":"format-standard","5":"has-post-thumbnail","7":"category-oaxaca","8":"category-nacional"},"yoast_head":"<!-- This site is optimized with the Yoast SEO plugin v27.4 - https:\/\/yoast.com\/product\/yoast-seo-wordpress\/ -->\n<title>El Gobierno de M\u00e9xico niega permisos de sobrevuelo y reafirma relaci\u00f3n bilateral con Estados Unidos - LA BRAVA RADIO<\/title>\n<meta name=\"robots\" content=\"index, follow, max-snippet:-1, max-image-preview:large, max-video-preview:-1\" \/>\n<link rel=\"canonical\" href=\"https:\/\/www.bbmnoticias.com\/el-gobierno-de-mexico-niega-permisos-de-sobrevuelo-y-reafirma-relacion-bilateral-con-estados-unidos\/\" \/>\n<meta property=\"og:locale\" content=\"es_MX\" \/>\n<meta property=\"og:type\" content=\"article\" \/>\n<meta property=\"og:title\" content=\"El Gobierno de M\u00e9xico niega permisos de sobrevuelo y reafirma relaci\u00f3n bilateral con Estados Unidos - LA BRAVA RADIO\" \/>\n<meta property=\"og:description\" content=\"El gabinete de seguridad de la presidenta Claudia Sheinbaum asegur\u00f3 que la cooperaci\u00f3n con el gobierno de Estados Unidos se ha fortalecido, siempre respetando la soberan\u00eda de ambos pa\u00edses, y&nbsp; neg\u00f3 que haya habido sobrevuelos de aeronaves extranjeras en territorio nacional.&nbsp; Garc\u00eda Harfuch responde dichos sobre Donald Trump El titular de La Secretaria de Seguridad [&hellip;]\" \/>\n<meta property=\"og:url\" content=\"https:\/\/www.bbmnoticias.com\/el-gobierno-de-mexico-niega-permisos-de-sobrevuelo-y-reafirma-relacion-bilateral-con-estados-unidos\/\" \/>\n<meta property=\"og:site_name\" content=\"LA BRAVA RADIO\" \/>\n<meta property=\"article:published_time\" content=\"2026-01-12T18:55:10+00:00\" \/>\n<meta property=\"article:modified_time\" content=\"2026-01-12T18:55:15+00:00\" \/>\n<meta property=\"og:image\" content=\"https:\/\/www.bbmnoticias.com\/labravaradiofm\/wp-content\/uploads\/sites\/5\/2026\/01\/omar_garcia.jpg\" \/>\n\t<meta property=\"og:image:width\" content=\"848\" \/>\n\t<meta property=\"og:image:height\" content=\"477\" \/>\n\t<meta property=\"og:image:type\" content=\"image\/jpeg\" \/>\n<meta name=\"author\" content=\"Agencias\" \/>\n<meta name=\"twitter:card\" content=\"summary_large_image\" \/>\n<meta name=\"twitter:label1\" content=\"Escrito por\" \/>\n\t<meta name=\"twitter:data1\" content=\"Agencias\" \/>\n\t<meta name=\"twitter:label2\" content=\"Tiempo de lectura\" \/>\n\t<meta name=\"twitter:data2\" content=\"1 minuto\" \/>\n<script type=\"application\/ld+json\" class=\"yoast-schema-graph\">{\"@context\":\"https:\\\/\\\/schema.org\",\"@graph\":[{\"@type\":\"Article\",\"@id\":\"https:\\\/\\\/www.bbmnoticias.com\\\/el-gobierno-de-mexico-niega-permisos-de-sobrevuelo-y-reafirma-relacion-bilateral-con-estados-unidos\\\/#article\",\"isPartOf\":{\"@id\":\"https:\\\/\\\/www.bbmnoticias.com\\\/labravaradiofm\\\/2026\\\/01\\\/12\\\/el-gobierno-de-mexico-niega-permisos-de-sobrevuelo-y-reafirma-relacion-bilateral-con-estados-unidos\\\/\"},\"author\":{\"name\":\"Agencias\",\"@id\":\"https:\\\/\\\/www.bbmnoticias.com\\\/labravaradiofm\\\/#\\\/schema\\\/person\\\/000bdaf0a8fb5bff0d537c4d0778e33f\"},\"headline\":\"El Gobierno de M\u00e9xico niega permisos de sobrevuelo y reafirma relaci\u00f3n bilateral con Estados Unidos\",\"datePublished\":\"2026-01-12T18:55:10+00:00\",\"dateModified\":\"2026-01-12T18:55:15+00:00\",\"mainEntityOfPage\":{\"@id\":\"https:\\\/\\\/www.bbmnoticias.com\\\/labravaradiofm\\\/2026\\\/01\\\/12\\\/el-gobierno-de-mexico-niega-permisos-de-sobrevuelo-y-reafirma-relacion-bilateral-con-estados-unidos\\\/\"},\"wordCount\":196,\"image\":{\"@id\":\"https:\\\/\\\/www.bbmnoticias.com\\\/el-gobierno-de-mexico-niega-permisos-de-sobrevuelo-y-reafirma-relacion-bilateral-con-estados-unidos\\\/#primaryimage\"},\"thumbnailUrl\":\"https:\\\/\\\/www.bbmnoticias.com\\\/labravaradiofm\\\/wp-content\\\/uploads\\\/sites\\\/5\\\/2026\\\/01\\\/omar_garcia.jpg\",\"articleSection\":[\"LOCAL\",\"NACIONAL\"],\"inLanguage\":\"es\"},{\"@type\":\"WebPage\",\"@id\":\"https:\\\/\\\/www.bbmnoticias.com\\\/labravaradiofm\\\/2026\\\/01\\\/12\\\/el-gobierno-de-mexico-niega-permisos-de-sobrevuelo-y-reafirma-relacion-bilateral-con-estados-unidos\\\/\",\"url\":\"https:\\\/\\\/www.bbmnoticias.com\\\/el-gobierno-de-mexico-niega-permisos-de-sobrevuelo-y-reafirma-relacion-bilateral-con-estados-unidos\\\/\",\"name\":\"El Gobierno de M\u00e9xico niega permisos de sobrevuelo y reafirma relaci\u00f3n bilateral con Estados Unidos - LA BRAVA RADIO\",\"isPartOf\":{\"@id\":\"https:\\\/\\\/www.bbmnoticias.com\\\/labravaradiofm\\\/#website\"},\"primaryImageOfPage\":{\"@id\":\"https:\\\/\\\/www.bbmnoticias.com\\\/el-gobierno-de-mexico-niega-permisos-de-sobrevuelo-y-reafirma-relacion-bilateral-con-estados-unidos\\\/#primaryimage\"},\"image\":{\"@id\":\"https:\\\/\\\/www.bbmnoticias.com\\\/el-gobierno-de-mexico-niega-permisos-de-sobrevuelo-y-reafirma-relacion-bilateral-con-estados-unidos\\\/#primaryimage\"},\"thumbnailUrl\":\"https:\\\/\\\/www.bbmnoticias.com\\\/labravaradiofm\\\/wp-content\\\/uploads\\\/sites\\\/5\\\/2026\\\/01\\\/omar_garcia.jpg\",\"datePublished\":\"2026-01-12T18:55:10+00:00\",\"dateModified\":\"2026-01-12T18:55:15+00:00\",\"author\":{\"@id\":\"https:\\\/\\\/www.bbmnoticias.com\\\/labravaradiofm\\\/#\\\/schema\\\/person\\\/000bdaf0a8fb5bff0d537c4d0778e33f\"},\"breadcrumb\":{\"@id\":\"https:\\\/\\\/www.bbmnoticias.com\\\/el-gobierno-de-mexico-niega-permisos-de-sobrevuelo-y-reafirma-relacion-bilateral-con-estados-unidos\\\/#breadcrumb\"},\"inLanguage\":\"es\",\"potentialAction\":[{\"@type\":\"ReadAction\",\"target\":[\"https:\\\/\\\/www.bbmnoticias.com\\\/el-gobierno-de-mexico-niega-permisos-de-sobrevuelo-y-reafirma-relacion-bilateral-con-estados-unidos\\\/\"]}]},{\"@type\":\"ImageObject\",\"inLanguage\":\"es\",\"@id\":\"https:\\\/\\\/www.bbmnoticias.com\\\/el-gobierno-de-mexico-niega-permisos-de-sobrevuelo-y-reafirma-relacion-bilateral-con-estados-unidos\\\/#primaryimage\",\"url\":\"https:\\\/\\\/www.bbmnoticias.com\\\/labravaradiofm\\\/wp-content\\\/uploads\\\/sites\\\/5\\\/2026\\\/01\\\/omar_garcia.jpg\",\"contentUrl\":\"https:\\\/\\\/www.bbmnoticias.com\\\/labravaradiofm\\\/wp-content\\\/uploads\\\/sites\\\/5\\\/2026\\\/01\\\/omar_garcia.jpg\",\"width\":848,\"height\":477},{\"@type\":\"BreadcrumbList\",\"@id\":\"https:\\\/\\\/www.bbmnoticias.com\\\/el-gobierno-de-mexico-niega-permisos-de-sobrevuelo-y-reafirma-relacion-bilateral-con-estados-unidos\\\/#breadcrumb\",\"itemListElement\":[{\"@type\":\"ListItem\",\"position\":1,\"name\":\"Inicio\",\"item\":\"https:\\\/\\\/www.bbmnoticias.com\\\/labravaradiofm\\\/\"},{\"@type\":\"ListItem\",\"position\":2,\"name\":\"El Gobierno de M\u00e9xico niega permisos de sobrevuelo y reafirma relaci\u00f3n bilateral con Estados Unidos\"}]},{\"@type\":\"WebSite\",\"@id\":\"https:\\\/\\\/www.bbmnoticias.com\\\/labravaradiofm\\\/#website\",\"url\":\"https:\\\/\\\/www.bbmnoticias.com\\\/labravaradiofm\\\/\",\"name\":\"LA BRAVA RADIO\",\"description\":\"Empresa productora de medios, Radiodifusi\u00f3n, Noticias, tendencias y todo lo que necesitas saber de la pol\u00edtica mexicana e internacional; entretenimiento, espect\u00e1culos, salud y mucho m\u00e1s.\",\"potentialAction\":[{\"@type\":\"SearchAction\",\"target\":{\"@type\":\"EntryPoint\",\"urlTemplate\":\"https:\\\/\\\/www.bbmnoticias.com\\\/labravaradiofm\\\/?s={search_term_string}\"},\"query-input\":{\"@type\":\"PropertyValueSpecification\",\"valueRequired\":true,\"valueName\":\"search_term_string\"}}],\"inLanguage\":\"es\"},{\"@type\":\"Person\",\"@id\":\"https:\\\/\\\/www.bbmnoticias.com\\\/labravaradiofm\\\/#\\\/schema\\\/person\\\/000bdaf0a8fb5bff0d537c4d0778e33f\",\"name\":\"Agencias\",\"image\":{\"@type\":\"ImageObject\",\"inLanguage\":\"es\",\"@id\":\"https:\\\/\\\/secure.gravatar.com\\\/avatar\\\/739e0b61adf9e398b425c36718c8752286da0e8cd90f20ce9a86678abc26aa0d?s=96&d=mm&r=g\",\"url\":\"https:\\\/\\\/secure.gravatar.com\\\/avatar\\\/739e0b61adf9e398b425c36718c8752286da0e8cd90f20ce9a86678abc26aa0d?s=96&d=mm&r=g\",\"contentUrl\":\"https:\\\/\\\/secure.gravatar.com\\\/avatar\\\/739e0b61adf9e398b425c36718c8752286da0e8cd90f20ce9a86678abc26aa0d?s=96&d=mm&r=g\",\"caption\":\"Agencias\"},\"url\":\"https:\\\/\\\/www.bbmnoticias.com\\\/labravaradiofm\\\/author\\\/agencias\\\/\"}]}<\/script>\n<!-- \/ Yoast SEO plugin. -->","yoast_head_json":{"title":"El Gobierno de M\u00e9xico niega permisos de sobrevuelo y reafirma relaci\u00f3n bilateral con Estados Unidos - LA BRAVA RADIO","robots":{"index":"index","follow":"follow","max-snippet":"max-snippet:-1","max-image-preview":"max-image-preview:large","max-video-preview":"max-video-preview:-1"},"canonical":"https:\/\/www.bbmnoticias.com\/el-gobierno-de-mexico-niega-permisos-de-sobrevuelo-y-reafirma-relacion-bilateral-con-estados-unidos\/","og_locale":"es_MX","og_type":"article","og_title":"El Gobierno de M\u00e9xico niega permisos de sobrevuelo y reafirma relaci\u00f3n bilateral con Estados Unidos - LA BRAVA RADIO","og_description":"El gabinete de seguridad de la presidenta Claudia Sheinbaum asegur\u00f3 que la cooperaci\u00f3n con el gobierno de Estados Unidos se ha fortalecido, siempre respetando la soberan\u00eda de ambos pa\u00edses, y&nbsp; neg\u00f3 que haya habido sobrevuelos de aeronaves extranjeras en territorio nacional.&nbsp; Garc\u00eda Harfuch responde dichos sobre Donald Trump El titular de La Secretaria de Seguridad [&hellip;]","og_url":"https:\/\/www.bbmnoticias.com\/el-gobierno-de-mexico-niega-permisos-de-sobrevuelo-y-reafirma-relacion-bilateral-con-estados-unidos\/","og_site_name":"LA BRAVA RADIO","article_published_time":"2026-01-12T18:55:10+00:00","article_modified_time":"2026-01-12T18:55:15+00:00","og_image":[{"width":848,"height":477,"url":"https:\/\/www.bbmnoticias.com\/labravaradiofm\/wp-content\/uploads\/sites\/5\/2026\/01\/omar_garcia.jpg","type":"image\/jpeg"}],"author":"Agencias","twitter_card":"summary_large_image","twitter_misc":{"Escrito por":"Agencias","Tiempo de lectura":"1 minuto"},"schema":{"@context":"https:\/\/schema.org","@graph":[{"@type":"Article","@id":"https:\/\/www.bbmnoticias.com\/el-gobierno-de-mexico-niega-permisos-de-sobrevuelo-y-reafirma-relacion-bilateral-con-estados-unidos\/#article","isPartOf":{"@id":"https:\/\/www.bbmnoticias.com\/labravaradiofm\/2026\/01\/12\/el-gobierno-de-mexico-niega-permisos-de-sobrevuelo-y-reafirma-relacion-bilateral-con-estados-unidos\/"},"author":{"name":"Agencias","@id":"https:\/\/www.bbmnoticias.com\/labravaradiofm\/#\/schema\/person\/000bdaf0a8fb5bff0d537c4d0778e33f"},"headline":"El Gobierno de M\u00e9xico niega permisos de sobrevuelo y reafirma relaci\u00f3n bilateral con Estados Unidos","datePublished":"2026-01-12T18:55:10+00:00","dateModified":"2026-01-12T18:55:15+00:00","mainEntityOfPage":{"@id":"https:\/\/www.bbmnoticias.com\/labravaradiofm\/2026\/01\/12\/el-gobierno-de-mexico-niega-permisos-de-sobrevuelo-y-reafirma-relacion-bilateral-con-estados-unidos\/"},"wordCount":196,"image":{"@id":"https:\/\/www.bbmnoticias.com\/el-gobierno-de-mexico-niega-permisos-de-sobrevuelo-y-reafirma-relacion-bilateral-con-estados-unidos\/#primaryimage"},"thumbnailUrl":"https:\/\/www.bbmnoticias.com\/labravaradiofm\/wp-content\/uploads\/sites\/5\/2026\/01\/omar_garcia.jpg","articleSection":["LOCAL","NACIONAL"],"inLanguage":"es"},{"@type":"WebPage","@id":"https:\/\/www.bbmnoticias.com\/labravaradiofm\/2026\/01\/12\/el-gobierno-de-mexico-niega-permisos-de-sobrevuelo-y-reafirma-relacion-bilateral-con-estados-unidos\/","url":"https:\/\/www.bbmnoticias.com\/el-gobierno-de-mexico-niega-permisos-de-sobrevuelo-y-reafirma-relacion-bilateral-con-estados-unidos\/","name":"El Gobierno de M\u00e9xico niega permisos de sobrevuelo y reafirma relaci\u00f3n bilateral con Estados Unidos - LA BRAVA RADIO","isPartOf":{"@id":"https:\/\/www.bbmnoticias.com\/labravaradiofm\/#website"},"primaryImageOfPage":{"@id":"https:\/\/www.bbmnoticias.com\/el-gobierno-de-mexico-niega-permisos-de-sobrevuelo-y-reafirma-relacion-bilateral-con-estados-unidos\/#primaryimage"},"image":{"@id":"https:\/\/www.bbmnoticias.com\/el-gobierno-de-mexico-niega-permisos-de-sobrevuelo-y-reafirma-relacion-bilateral-con-estados-unidos\/#primaryimage"},"thumbnailUrl":"https:\/\/www.bbmnoticias.com\/labravaradiofm\/wp-content\/uploads\/sites\/5\/2026\/01\/omar_garcia.jpg","datePublished":"2026-01-12T18:55:10+00:00","dateModified":"2026-01-12T18:55:15+00:00","author":{"@id":"https:\/\/www.bbmnoticias.com\/labravaradiofm\/#\/schema\/person\/000bdaf0a8fb5bff0d537c4d0778e33f"},"breadcrumb":{"@id":"https:\/\/www.bbmnoticias.com\/el-gobierno-de-mexico-niega-permisos-de-sobrevuelo-y-reafirma-relacion-bilateral-con-estados-unidos\/#breadcrumb"},"inLanguage":"es","potentialAction":[{"@type":"ReadAction","target":["https:\/\/www.bbmnoticias.com\/el-gobierno-de-mexico-niega-permisos-de-sobrevuelo-y-reafirma-relacion-bilateral-con-estados-unidos\/"]}]},{"@type":"ImageObject","inLanguage":"es","@id":"https:\/\/www.bbmnoticias.com\/el-gobierno-de-mexico-niega-permisos-de-sobrevuelo-y-reafirma-relacion-bilateral-con-estados-unidos\/#primaryimage","url":"https:\/\/www.bbmnoticias.com\/labravaradiofm\/wp-content\/uploads\/sites\/5\/2026\/01\/omar_garcia.jpg","contentUrl":"https:\/\/www.bbmnoticias.com\/labravaradiofm\/wp-content\/uploads\/sites\/5\/2026\/01\/omar_garcia.jpg","width":848,"height":477},{"@type":"BreadcrumbList","@id":"https:\/\/www.bbmnoticias.com\/el-gobierno-de-mexico-niega-permisos-de-sobrevuelo-y-reafirma-relacion-bilateral-con-estados-unidos\/#breadcrumb","itemListElement":[{"@type":"ListItem","position":1,"name":"Inicio","item":"https:\/\/www.bbmnoticias.com\/labravaradiofm\/"},{"@type":"ListItem","position":2,"name":"El Gobierno de M\u00e9xico niega permisos de sobrevuelo y reafirma relaci\u00f3n bilateral con Estados Unidos"}]},{"@type":"WebSite","@id":"https:\/\/www.bbmnoticias.com\/labravaradiofm\/#website","url":"https:\/\/www.bbmnoticias.com\/labravaradiofm\/","name":"LA BRAVA RADIO","description":"Empresa productora de medios, Radiodifusi\u00f3n, Noticias, tendencias y todo lo que necesitas saber de la pol\u00edtica mexicana e internacional; entretenimiento, espect\u00e1culos, salud y mucho m\u00e1s.","potentialAction":[{"@type":"SearchAction","target":{"@type":"EntryPoint","urlTemplate":"https:\/\/www.bbmnoticias.com\/labravaradiofm\/?s={search_term_string}"},"query-input":{"@type":"PropertyValueSpecification","valueRequired":true,"valueName":"search_term_string"}}],"inLanguage":"es"},{"@type":"Person","@id":"https:\/\/www.bbmnoticias.com\/labravaradiofm\/#\/schema\/person\/000bdaf0a8fb5bff0d537c4d0778e33f","name":"Agencias","image":{"@type":"ImageObject","inLanguage":"es","@id":"https:\/\/secure.gravatar.com\/avatar\/739e0b61adf9e398b425c36718c8752286da0e8cd90f20ce9a86678abc26aa0d?s=96&d=mm&r=g","url":"https:\/\/secure.gravatar.com\/avatar\/739e0b61adf9e398b425c36718c8752286da0e8cd90f20ce9a86678abc26aa0d?s=96&d=mm&r=g","contentUrl":"https:\/\/secure.gravatar.com\/avatar\/739e0b61adf9e398b425c36718c8752286da0e8cd90f20ce9a86678abc26aa0d?s=96&d=mm&r=g","caption":"Agencias"},"url":"https:\/\/www.bbmnoticias.com\/labravaradiofm\/author\/agencias\/"}]}},"_links":{"self":[{"href":"https:\/\/www.bbmnoticias.com\/labravaradiofm\/wp-json\/wp\/v2\/posts\/72515","targetHints":{"allow":["GET"]}}],"collection":[{"href":"https:\/\/www.bbmnoticias.com\/labravaradiofm\/wp-json\/wp\/v2\/posts"}],"about":[{"href":"https:\/\/www.bbmnoticias.com\/labravaradiofm\/wp-json\/wp\/v2\/types\/post"}],"author":[{"embeddable":true,"href":"https:\/\/www.bbmnoticias.com\/labravaradiofm\/wp-json\/wp\/v2\/users\/4"}],"replies":[{"embeddable":true,"href":"https:\/\/www.bbmnoticias.com\/labravaradiofm\/wp-json\/wp\/v2\/comments?post=72515"}],"version-history":[{"count":0,"href":"https:\/\/www.bbmnoticias.com\/labravaradiofm\/wp-json\/wp\/v2\/posts\/72515\/revisions"}],"wp:featuredmedia":[{"embeddable":true,"href":"https:\/\/www.bbmnoticias.com\/labravaradiofm\/wp-json\/wp\/v2\/media\/72517"}],"wp:attachment":[{"href":"https:\/\/www.bbmnoticias.com\/labravaradiofm\/wp-json\/wp\/v2\/media?parent=72515"}],"wp:term":[{"taxonomy":"category","embeddable":true,"href":"https:\/\/www.bbmnoticias.com\/labravaradiofm\/wp-json\/wp\/v2\/categories?post=72515"},{"taxonomy":"post_tag","embeddable":true,"href":"https:\/\/www.bbmnoticias.com\/labravaradiofm\/wp-json\/wp\/v2\/tags?post=72515"}],"curies":[{"name":"wp","href":"https:\/\/api.w.org\/{rel}","templated":true}]}}