{"id":72503,"date":"2026-01-12T10:25:09","date_gmt":"2026-01-12T16:25:09","guid":{"rendered":"https:\/\/www.bbmnoticias.com\/labravaradiofm\/2026\/01\/12\/fiscalia-de-oaxaca-ejecuta-orden-de-aprehension-y-detiene-a-ex-autoridad-municipal-por-abuso-de-autoridad-en-la-region-de-la-cuenca\/"},"modified":"2026-01-12T10:25:36","modified_gmt":"2026-01-12T16:25:36","slug":"fiscalia-de-oaxaca-ejecuta-orden-de-aprehension-y-detiene-a-ex-autoridad-municipal-por-abuso-de-autoridad-en-la-region-de-la-cuenca","status":"publish","type":"post","link":"https:\/\/www.bbmnoticias.com\/labravaradiofm\/2026\/01\/12\/fiscalia-de-oaxaca-ejecuta-orden-de-aprehension-y-detiene-a-ex-autoridad-municipal-por-abuso-de-autoridad-en-la-region-de-la-cuenca\/","title":{"rendered":"Fiscal\u00eda de Oaxaca ejecuta orden de aprehensi\u00f3n y detiene a ex autoridad municipal por Abuso de Autoridad en la regi\u00f3n de la Cuenca"},"content":{"rendered":"<div style=\"margin-top: 0px; margin-bottom: 0px;\" class=\"sharethis-inline-share-buttons\" ><\/div>\n<p><strong>Oaxaca de Ju\u00e1rez, Oax.-<\/strong> La Fiscal\u00eda General del Estado de Oaxaca (FGEO) dio cumplimiento a una orden de aprehensi\u00f3n en contra de un masculino identificado como F. M. G., por el delito de Abuso de Autoridad, cometido en agravio de una menor de edad, en la regi\u00f3n de la Cuenca.<\/p>\n\n\n\n<p>Conforme a lo asentado en el expediente penal del caso, los hechos ocurrieron en el a\u00f1o 2012, cuando el imputado se desempe\u00f1aba como agente de Polic\u00eda Municipal en San Juan Mazatl\u00e1n.<\/p>\n\n\n\n<p>La investigaci\u00f3n establece que el individuo aprovechando su cargo, incurri\u00f3 en conductas indebidas, motivo por el cual fue detenido inicialmente y llevado ante los tribunales.<\/p>\n\n\n\n<p>Aunque el se\u00f1alado obtuvo el beneficio de libertad bajo cauci\u00f3n para continuar su proceso, incurri\u00f3 en desacato judicial al incumplir con sus presentaciones mensuales ante la autoridad.<\/p>\n\n\n\n<p>Por tal motivo, el Juez de la causa, libr\u00f3 la orden de aprehensi\u00f3n correspondiente, la cual fue llevada a cabo por elementos de la Agencia Estatal de Investigaciones cuando circulaba sobre la calle principal de la comunidad de San Jos\u00e9 de las Flores municipio de San Juan Mazatl\u00e1n.<\/p>\n\n\n\n<p>Una vez detenido, F.M.G., fue puesto a disposici\u00f3n del Ministerio P\u00fablico para determinar su situaci\u00f3n jur\u00eddica.<\/p>\n","protected":false},"excerpt":{"rendered":"<p>Oaxaca de Ju\u00e1rez, Oax.- La Fiscal\u00eda General del Estado de Oaxaca (FGEO) dio cumplimiento a una orden de aprehensi\u00f3n en contra de un masculino identificado como F. M. G., por el delito de Abuso de Autoridad, cometido en agravio de una menor de edad, en la regi\u00f3n de la Cuenca. Conforme a lo asentado en [&hellip;]<\/p>\n","protected":false},"author":2,"featured_media":72505,"comment_status":"closed","ping_status":"open","sticky":false,"template":"","format":"standard","meta":{"footnotes":""},"categories":[2,20],"tags":[],"class_list":{"0":"post-72503","1":"post","2":"type-post","3":"status-publish","4":"format-standard","5":"has-post-thumbnail","7":"category-oaxaca","8":"category-policiaca"},"yoast_head":"<!-- This site is optimized with the Yoast SEO plugin v27.4 - https:\/\/yoast.com\/product\/yoast-seo-wordpress\/ -->\n<title>Fiscal\u00eda de Oaxaca ejecuta orden de aprehensi\u00f3n y detiene a ex autoridad municipal por Abuso de Autoridad en la regi\u00f3n de la Cuenca - LA BRAVA RADIO<\/title>\n<meta name=\"robots\" content=\"index, follow, max-snippet:-1, max-image-preview:large, max-video-preview:-1\" \/>\n<link rel=\"canonical\" href=\"https:\/\/www.bbmnoticias.com\/fiscalia-de-oaxaca-ejecuta-orden-de-aprehension-y-detiene-a-ex-autoridad-municipal-por-abuso-de-autoridad-en-la-region-de-la-cuenca\/\" \/>\n<meta property=\"og:locale\" content=\"es_MX\" \/>\n<meta property=\"og:type\" content=\"article\" \/>\n<meta property=\"og:title\" content=\"Fiscal\u00eda de Oaxaca ejecuta orden de aprehensi\u00f3n y detiene a ex autoridad municipal por Abuso de Autoridad en la regi\u00f3n de la Cuenca - LA BRAVA RADIO\" \/>\n<meta property=\"og:description\" content=\"Oaxaca de Ju\u00e1rez, Oax.- La Fiscal\u00eda General del Estado de Oaxaca (FGEO) dio cumplimiento a una orden de aprehensi\u00f3n en contra de un masculino identificado como F. M. G., por el delito de Abuso de Autoridad, cometido en agravio de una menor de edad, en la regi\u00f3n de la Cuenca. Conforme a lo asentado en [&hellip;]\" \/>\n<meta property=\"og:url\" content=\"https:\/\/www.bbmnoticias.com\/fiscalia-de-oaxaca-ejecuta-orden-de-aprehension-y-detiene-a-ex-autoridad-municipal-por-abuso-de-autoridad-en-la-region-de-la-cuenca\/\" \/>\n<meta property=\"og:site_name\" content=\"LA BRAVA RADIO\" \/>\n<meta property=\"article:published_time\" content=\"2026-01-12T16:25:09+00:00\" \/>\n<meta property=\"article:modified_time\" content=\"2026-01-12T16:25:36+00:00\" \/>\n<meta property=\"og:image\" content=\"https:\/\/www.bbmnoticias.com\/labravaradiofm\/wp-content\/uploads\/sites\/5\/2026\/01\/presunta_autoridad.jpg\" \/>\n\t<meta property=\"og:image:width\" content=\"800\" \/>\n\t<meta property=\"og:image:height\" content=\"498\" \/>\n\t<meta property=\"og:image:type\" content=\"image\/jpeg\" \/>\n<meta name=\"author\" content=\"Staff\" \/>\n<meta name=\"twitter:card\" content=\"summary_large_image\" \/>\n<meta name=\"twitter:label1\" content=\"Escrito por\" \/>\n\t<meta name=\"twitter:data1\" content=\"Staff\" \/>\n\t<meta name=\"twitter:label2\" content=\"Tiempo de lectura\" \/>\n\t<meta name=\"twitter:data2\" content=\"1 minuto\" \/>\n<script type=\"application\/ld+json\" class=\"yoast-schema-graph\">{\"@context\":\"https:\\\/\\\/schema.org\",\"@graph\":[{\"@type\":\"Article\",\"@id\":\"https:\\\/\\\/www.bbmnoticias.com\\\/fiscalia-de-oaxaca-ejecuta-orden-de-aprehension-y-detiene-a-ex-autoridad-municipal-por-abuso-de-autoridad-en-la-region-de-la-cuenca\\\/#article\",\"isPartOf\":{\"@id\":\"https:\\\/\\\/www.bbmnoticias.com\\\/labravaradiofm\\\/2026\\\/01\\\/12\\\/fiscalia-de-oaxaca-ejecuta-orden-de-aprehension-y-detiene-a-ex-autoridad-municipal-por-abuso-de-autoridad-en-la-region-de-la-cuenca\\\/\"},\"author\":{\"name\":\"Staff\",\"@id\":\"https:\\\/\\\/www.bbmnoticias.com\\\/labravaradiofm\\\/#\\\/schema\\\/person\\\/68a9e9036ef3c5b55aeb2b71dc8bab45\"},\"headline\":\"Fiscal\u00eda de Oaxaca ejecuta orden de aprehensi\u00f3n y detiene a ex autoridad municipal por Abuso de Autoridad en la regi\u00f3n de la Cuenca\",\"datePublished\":\"2026-01-12T16:25:09+00:00\",\"dateModified\":\"2026-01-12T16:25:36+00:00\",\"mainEntityOfPage\":{\"@id\":\"https:\\\/\\\/www.bbmnoticias.com\\\/labravaradiofm\\\/2026\\\/01\\\/12\\\/fiscalia-de-oaxaca-ejecuta-orden-de-aprehension-y-detiene-a-ex-autoridad-municipal-por-abuso-de-autoridad-en-la-region-de-la-cuenca\\\/\"},\"wordCount\":242,\"image\":{\"@id\":\"https:\\\/\\\/www.bbmnoticias.com\\\/fiscalia-de-oaxaca-ejecuta-orden-de-aprehension-y-detiene-a-ex-autoridad-municipal-por-abuso-de-autoridad-en-la-region-de-la-cuenca\\\/#primaryimage\"},\"thumbnailUrl\":\"https:\\\/\\\/www.bbmnoticias.com\\\/labravaradiofm\\\/wp-content\\\/uploads\\\/sites\\\/5\\\/2026\\\/01\\\/presunta_autoridad.jpg\",\"articleSection\":[\"LOCAL\",\"POLICIACA\"],\"inLanguage\":\"es\"},{\"@type\":\"WebPage\",\"@id\":\"https:\\\/\\\/www.bbmnoticias.com\\\/labravaradiofm\\\/2026\\\/01\\\/12\\\/fiscalia-de-oaxaca-ejecuta-orden-de-aprehension-y-detiene-a-ex-autoridad-municipal-por-abuso-de-autoridad-en-la-region-de-la-cuenca\\\/\",\"url\":\"https:\\\/\\\/www.bbmnoticias.com\\\/fiscalia-de-oaxaca-ejecuta-orden-de-aprehension-y-detiene-a-ex-autoridad-municipal-por-abuso-de-autoridad-en-la-region-de-la-cuenca\\\/\",\"name\":\"Fiscal\u00eda de Oaxaca ejecuta orden de aprehensi\u00f3n y detiene a ex autoridad municipal por Abuso de Autoridad en la regi\u00f3n de la Cuenca - LA BRAVA RADIO\",\"isPartOf\":{\"@id\":\"https:\\\/\\\/www.bbmnoticias.com\\\/labravaradiofm\\\/#website\"},\"primaryImageOfPage\":{\"@id\":\"https:\\\/\\\/www.bbmnoticias.com\\\/fiscalia-de-oaxaca-ejecuta-orden-de-aprehension-y-detiene-a-ex-autoridad-municipal-por-abuso-de-autoridad-en-la-region-de-la-cuenca\\\/#primaryimage\"},\"image\":{\"@id\":\"https:\\\/\\\/www.bbmnoticias.com\\\/fiscalia-de-oaxaca-ejecuta-orden-de-aprehension-y-detiene-a-ex-autoridad-municipal-por-abuso-de-autoridad-en-la-region-de-la-cuenca\\\/#primaryimage\"},\"thumbnailUrl\":\"https:\\\/\\\/www.bbmnoticias.com\\\/labravaradiofm\\\/wp-content\\\/uploads\\\/sites\\\/5\\\/2026\\\/01\\\/presunta_autoridad.jpg\",\"datePublished\":\"2026-01-12T16:25:09+00:00\",\"dateModified\":\"2026-01-12T16:25:36+00:00\",\"author\":{\"@id\":\"https:\\\/\\\/www.bbmnoticias.com\\\/labravaradiofm\\\/#\\\/schema\\\/person\\\/68a9e9036ef3c5b55aeb2b71dc8bab45\"},\"breadcrumb\":{\"@id\":\"https:\\\/\\\/www.bbmnoticias.com\\\/fiscalia-de-oaxaca-ejecuta-orden-de-aprehension-y-detiene-a-ex-autoridad-municipal-por-abuso-de-autoridad-en-la-region-de-la-cuenca\\\/#breadcrumb\"},\"inLanguage\":\"es\",\"potentialAction\":[{\"@type\":\"ReadAction\",\"target\":[\"https:\\\/\\\/www.bbmnoticias.com\\\/fiscalia-de-oaxaca-ejecuta-orden-de-aprehension-y-detiene-a-ex-autoridad-municipal-por-abuso-de-autoridad-en-la-region-de-la-cuenca\\\/\"]}]},{\"@type\":\"ImageObject\",\"inLanguage\":\"es\",\"@id\":\"https:\\\/\\\/www.bbmnoticias.com\\\/fiscalia-de-oaxaca-ejecuta-orden-de-aprehension-y-detiene-a-ex-autoridad-municipal-por-abuso-de-autoridad-en-la-region-de-la-cuenca\\\/#primaryimage\",\"url\":\"https:\\\/\\\/www.bbmnoticias.com\\\/labravaradiofm\\\/wp-content\\\/uploads\\\/sites\\\/5\\\/2026\\\/01\\\/presunta_autoridad.jpg\",\"contentUrl\":\"https:\\\/\\\/www.bbmnoticias.com\\\/labravaradiofm\\\/wp-content\\\/uploads\\\/sites\\\/5\\\/2026\\\/01\\\/presunta_autoridad.jpg\",\"width\":800,\"height\":498},{\"@type\":\"BreadcrumbList\",\"@id\":\"https:\\\/\\\/www.bbmnoticias.com\\\/fiscalia-de-oaxaca-ejecuta-orden-de-aprehension-y-detiene-a-ex-autoridad-municipal-por-abuso-de-autoridad-en-la-region-de-la-cuenca\\\/#breadcrumb\",\"itemListElement\":[{\"@type\":\"ListItem\",\"position\":1,\"name\":\"Inicio\",\"item\":\"https:\\\/\\\/www.bbmnoticias.com\\\/labravaradiofm\\\/\"},{\"@type\":\"ListItem\",\"position\":2,\"name\":\"Fiscal\u00eda de Oaxaca ejecuta orden de aprehensi\u00f3n y detiene a ex autoridad municipal por Abuso de Autoridad en la regi\u00f3n de la Cuenca\"}]},{\"@type\":\"WebSite\",\"@id\":\"https:\\\/\\\/www.bbmnoticias.com\\\/labravaradiofm\\\/#website\",\"url\":\"https:\\\/\\\/www.bbmnoticias.com\\\/labravaradiofm\\\/\",\"name\":\"LA BRAVA RADIO\",\"description\":\"Empresa productora de medios, Radiodifusi\u00f3n, Noticias, tendencias y todo lo que necesitas saber de la pol\u00edtica mexicana e internacional; entretenimiento, espect\u00e1culos, salud y mucho m\u00e1s.\",\"potentialAction\":[{\"@type\":\"SearchAction\",\"target\":{\"@type\":\"EntryPoint\",\"urlTemplate\":\"https:\\\/\\\/www.bbmnoticias.com\\\/labravaradiofm\\\/?s={search_term_string}\"},\"query-input\":{\"@type\":\"PropertyValueSpecification\",\"valueRequired\":true,\"valueName\":\"search_term_string\"}}],\"inLanguage\":\"es\"},{\"@type\":\"Person\",\"@id\":\"https:\\\/\\\/www.bbmnoticias.com\\\/labravaradiofm\\\/#\\\/schema\\\/person\\\/68a9e9036ef3c5b55aeb2b71dc8bab45\",\"name\":\"Staff\",\"image\":{\"@type\":\"ImageObject\",\"inLanguage\":\"es\",\"@id\":\"https:\\\/\\\/secure.gravatar.com\\\/avatar\\\/fdd21ad66fd8b98c407f9dee5b5e588cfe7f0d8579ec20fa6527cd59bab7f0f0?s=96&d=mm&r=g\",\"url\":\"https:\\\/\\\/secure.gravatar.com\\\/avatar\\\/fdd21ad66fd8b98c407f9dee5b5e588cfe7f0d8579ec20fa6527cd59bab7f0f0?s=96&d=mm&r=g\",\"contentUrl\":\"https:\\\/\\\/secure.gravatar.com\\\/avatar\\\/fdd21ad66fd8b98c407f9dee5b5e588cfe7f0d8579ec20fa6527cd59bab7f0f0?s=96&d=mm&r=g\",\"caption\":\"Staff\"},\"url\":\"https:\\\/\\\/www.bbmnoticias.com\\\/labravaradiofm\\\/author\\\/redaccion\\\/\"}]}<\/script>\n<!-- \/ Yoast SEO plugin. -->","yoast_head_json":{"title":"Fiscal\u00eda de Oaxaca ejecuta orden de aprehensi\u00f3n y detiene a ex autoridad municipal por Abuso de Autoridad en la regi\u00f3n de la Cuenca - LA BRAVA RADIO","robots":{"index":"index","follow":"follow","max-snippet":"max-snippet:-1","max-image-preview":"max-image-preview:large","max-video-preview":"max-video-preview:-1"},"canonical":"https:\/\/www.bbmnoticias.com\/fiscalia-de-oaxaca-ejecuta-orden-de-aprehension-y-detiene-a-ex-autoridad-municipal-por-abuso-de-autoridad-en-la-region-de-la-cuenca\/","og_locale":"es_MX","og_type":"article","og_title":"Fiscal\u00eda de Oaxaca ejecuta orden de aprehensi\u00f3n y detiene a ex autoridad municipal por Abuso de Autoridad en la regi\u00f3n de la Cuenca - LA BRAVA RADIO","og_description":"Oaxaca de Ju\u00e1rez, Oax.- La Fiscal\u00eda General del Estado de Oaxaca (FGEO) dio cumplimiento a una orden de aprehensi\u00f3n en contra de un masculino identificado como F. M. G., por el delito de Abuso de Autoridad, cometido en agravio de una menor de edad, en la regi\u00f3n de la Cuenca. Conforme a lo asentado en [&hellip;]","og_url":"https:\/\/www.bbmnoticias.com\/fiscalia-de-oaxaca-ejecuta-orden-de-aprehension-y-detiene-a-ex-autoridad-municipal-por-abuso-de-autoridad-en-la-region-de-la-cuenca\/","og_site_name":"LA BRAVA RADIO","article_published_time":"2026-01-12T16:25:09+00:00","article_modified_time":"2026-01-12T16:25:36+00:00","og_image":[{"width":800,"height":498,"url":"https:\/\/www.bbmnoticias.com\/labravaradiofm\/wp-content\/uploads\/sites\/5\/2026\/01\/presunta_autoridad.jpg","type":"image\/jpeg"}],"author":"Staff","twitter_card":"summary_large_image","twitter_misc":{"Escrito por":"Staff","Tiempo de lectura":"1 minuto"},"schema":{"@context":"https:\/\/schema.org","@graph":[{"@type":"Article","@id":"https:\/\/www.bbmnoticias.com\/fiscalia-de-oaxaca-ejecuta-orden-de-aprehension-y-detiene-a-ex-autoridad-municipal-por-abuso-de-autoridad-en-la-region-de-la-cuenca\/#article","isPartOf":{"@id":"https:\/\/www.bbmnoticias.com\/labravaradiofm\/2026\/01\/12\/fiscalia-de-oaxaca-ejecuta-orden-de-aprehension-y-detiene-a-ex-autoridad-municipal-por-abuso-de-autoridad-en-la-region-de-la-cuenca\/"},"author":{"name":"Staff","@id":"https:\/\/www.bbmnoticias.com\/labravaradiofm\/#\/schema\/person\/68a9e9036ef3c5b55aeb2b71dc8bab45"},"headline":"Fiscal\u00eda de Oaxaca ejecuta orden de aprehensi\u00f3n y detiene a ex autoridad municipal por Abuso de Autoridad en la regi\u00f3n de la Cuenca","datePublished":"2026-01-12T16:25:09+00:00","dateModified":"2026-01-12T16:25:36+00:00","mainEntityOfPage":{"@id":"https:\/\/www.bbmnoticias.com\/labravaradiofm\/2026\/01\/12\/fiscalia-de-oaxaca-ejecuta-orden-de-aprehension-y-detiene-a-ex-autoridad-municipal-por-abuso-de-autoridad-en-la-region-de-la-cuenca\/"},"wordCount":242,"image":{"@id":"https:\/\/www.bbmnoticias.com\/fiscalia-de-oaxaca-ejecuta-orden-de-aprehension-y-detiene-a-ex-autoridad-municipal-por-abuso-de-autoridad-en-la-region-de-la-cuenca\/#primaryimage"},"thumbnailUrl":"https:\/\/www.bbmnoticias.com\/labravaradiofm\/wp-content\/uploads\/sites\/5\/2026\/01\/presunta_autoridad.jpg","articleSection":["LOCAL","POLICIACA"],"inLanguage":"es"},{"@type":"WebPage","@id":"https:\/\/www.bbmnoticias.com\/labravaradiofm\/2026\/01\/12\/fiscalia-de-oaxaca-ejecuta-orden-de-aprehension-y-detiene-a-ex-autoridad-municipal-por-abuso-de-autoridad-en-la-region-de-la-cuenca\/","url":"https:\/\/www.bbmnoticias.com\/fiscalia-de-oaxaca-ejecuta-orden-de-aprehension-y-detiene-a-ex-autoridad-municipal-por-abuso-de-autoridad-en-la-region-de-la-cuenca\/","name":"Fiscal\u00eda de Oaxaca ejecuta orden de aprehensi\u00f3n y detiene a ex autoridad municipal por Abuso de Autoridad en la regi\u00f3n de la Cuenca - LA BRAVA RADIO","isPartOf":{"@id":"https:\/\/www.bbmnoticias.com\/labravaradiofm\/#website"},"primaryImageOfPage":{"@id":"https:\/\/www.bbmnoticias.com\/fiscalia-de-oaxaca-ejecuta-orden-de-aprehension-y-detiene-a-ex-autoridad-municipal-por-abuso-de-autoridad-en-la-region-de-la-cuenca\/#primaryimage"},"image":{"@id":"https:\/\/www.bbmnoticias.com\/fiscalia-de-oaxaca-ejecuta-orden-de-aprehension-y-detiene-a-ex-autoridad-municipal-por-abuso-de-autoridad-en-la-region-de-la-cuenca\/#primaryimage"},"thumbnailUrl":"https:\/\/www.bbmnoticias.com\/labravaradiofm\/wp-content\/uploads\/sites\/5\/2026\/01\/presunta_autoridad.jpg","datePublished":"2026-01-12T16:25:09+00:00","dateModified":"2026-01-12T16:25:36+00:00","author":{"@id":"https:\/\/www.bbmnoticias.com\/labravaradiofm\/#\/schema\/person\/68a9e9036ef3c5b55aeb2b71dc8bab45"},"breadcrumb":{"@id":"https:\/\/www.bbmnoticias.com\/fiscalia-de-oaxaca-ejecuta-orden-de-aprehension-y-detiene-a-ex-autoridad-municipal-por-abuso-de-autoridad-en-la-region-de-la-cuenca\/#breadcrumb"},"inLanguage":"es","potentialAction":[{"@type":"ReadAction","target":["https:\/\/www.bbmnoticias.com\/fiscalia-de-oaxaca-ejecuta-orden-de-aprehension-y-detiene-a-ex-autoridad-municipal-por-abuso-de-autoridad-en-la-region-de-la-cuenca\/"]}]},{"@type":"ImageObject","inLanguage":"es","@id":"https:\/\/www.bbmnoticias.com\/fiscalia-de-oaxaca-ejecuta-orden-de-aprehension-y-detiene-a-ex-autoridad-municipal-por-abuso-de-autoridad-en-la-region-de-la-cuenca\/#primaryimage","url":"https:\/\/www.bbmnoticias.com\/labravaradiofm\/wp-content\/uploads\/sites\/5\/2026\/01\/presunta_autoridad.jpg","contentUrl":"https:\/\/www.bbmnoticias.com\/labravaradiofm\/wp-content\/uploads\/sites\/5\/2026\/01\/presunta_autoridad.jpg","width":800,"height":498},{"@type":"BreadcrumbList","@id":"https:\/\/www.bbmnoticias.com\/fiscalia-de-oaxaca-ejecuta-orden-de-aprehension-y-detiene-a-ex-autoridad-municipal-por-abuso-de-autoridad-en-la-region-de-la-cuenca\/#breadcrumb","itemListElement":[{"@type":"ListItem","position":1,"name":"Inicio","item":"https:\/\/www.bbmnoticias.com\/labravaradiofm\/"},{"@type":"ListItem","position":2,"name":"Fiscal\u00eda de Oaxaca ejecuta orden de aprehensi\u00f3n y detiene a ex autoridad municipal por Abuso de Autoridad en la regi\u00f3n de la Cuenca"}]},{"@type":"WebSite","@id":"https:\/\/www.bbmnoticias.com\/labravaradiofm\/#website","url":"https:\/\/www.bbmnoticias.com\/labravaradiofm\/","name":"LA BRAVA RADIO","description":"Empresa productora de medios, Radiodifusi\u00f3n, Noticias, tendencias y todo lo que necesitas saber de la pol\u00edtica mexicana e internacional; entretenimiento, espect\u00e1culos, salud y mucho m\u00e1s.","potentialAction":[{"@type":"SearchAction","target":{"@type":"EntryPoint","urlTemplate":"https:\/\/www.bbmnoticias.com\/labravaradiofm\/?s={search_term_string}"},"query-input":{"@type":"PropertyValueSpecification","valueRequired":true,"valueName":"search_term_string"}}],"inLanguage":"es"},{"@type":"Person","@id":"https:\/\/www.bbmnoticias.com\/labravaradiofm\/#\/schema\/person\/68a9e9036ef3c5b55aeb2b71dc8bab45","name":"Staff","image":{"@type":"ImageObject","inLanguage":"es","@id":"https:\/\/secure.gravatar.com\/avatar\/fdd21ad66fd8b98c407f9dee5b5e588cfe7f0d8579ec20fa6527cd59bab7f0f0?s=96&d=mm&r=g","url":"https:\/\/secure.gravatar.com\/avatar\/fdd21ad66fd8b98c407f9dee5b5e588cfe7f0d8579ec20fa6527cd59bab7f0f0?s=96&d=mm&r=g","contentUrl":"https:\/\/secure.gravatar.com\/avatar\/fdd21ad66fd8b98c407f9dee5b5e588cfe7f0d8579ec20fa6527cd59bab7f0f0?s=96&d=mm&r=g","caption":"Staff"},"url":"https:\/\/www.bbmnoticias.com\/labravaradiofm\/author\/redaccion\/"}]}},"_links":{"self":[{"href":"https:\/\/www.bbmnoticias.com\/labravaradiofm\/wp-json\/wp\/v2\/posts\/72503","targetHints":{"allow":["GET"]}}],"collection":[{"href":"https:\/\/www.bbmnoticias.com\/labravaradiofm\/wp-json\/wp\/v2\/posts"}],"about":[{"href":"https:\/\/www.bbmnoticias.com\/labravaradiofm\/wp-json\/wp\/v2\/types\/post"}],"author":[{"embeddable":true,"href":"https:\/\/www.bbmnoticias.com\/labravaradiofm\/wp-json\/wp\/v2\/users\/2"}],"replies":[{"embeddable":true,"href":"https:\/\/www.bbmnoticias.com\/labravaradiofm\/wp-json\/wp\/v2\/comments?post=72503"}],"version-history":[{"count":0,"href":"https:\/\/www.bbmnoticias.com\/labravaradiofm\/wp-json\/wp\/v2\/posts\/72503\/revisions"}],"wp:featuredmedia":[{"embeddable":true,"href":"https:\/\/www.bbmnoticias.com\/labravaradiofm\/wp-json\/wp\/v2\/media\/72505"}],"wp:attachment":[{"href":"https:\/\/www.bbmnoticias.com\/labravaradiofm\/wp-json\/wp\/v2\/media?parent=72503"}],"wp:term":[{"taxonomy":"category","embeddable":true,"href":"https:\/\/www.bbmnoticias.com\/labravaradiofm\/wp-json\/wp\/v2\/categories?post=72503"},{"taxonomy":"post_tag","embeddable":true,"href":"https:\/\/www.bbmnoticias.com\/labravaradiofm\/wp-json\/wp\/v2\/tags?post=72503"}],"curies":[{"name":"wp","href":"https:\/\/api.w.org\/{rel}","templated":true}]}}