{"id":72438,"date":"2026-01-09T11:57:03","date_gmt":"2026-01-09T17:57:03","guid":{"rendered":"https:\/\/www.bbmnoticias.com\/labravaradiofm\/2026\/01\/09\/fiscalia-de-oaxaca-en-coordinacion-con-fgr-aprehenden-a-imputado-que-huyo-a-estados-unidos-tras-homicidio-cometido-en-sola-de-vega\/"},"modified":"2026-01-09T11:57:07","modified_gmt":"2026-01-09T17:57:07","slug":"fiscalia-de-oaxaca-en-coordinacion-con-fgr-aprehenden-a-imputado-que-huyo-a-estados-unidos-tras-homicidio-cometido-en-sola-de-vega","status":"publish","type":"post","link":"https:\/\/www.bbmnoticias.com\/labravaradiofm\/2026\/01\/09\/fiscalia-de-oaxaca-en-coordinacion-con-fgr-aprehenden-a-imputado-que-huyo-a-estados-unidos-tras-homicidio-cometido-en-sola-de-vega\/","title":{"rendered":"Fiscal\u00eda de Oaxaca en coordinaci\u00f3n con FGR aprehenden a imputado que huy\u00f3 a Estados Unidos tras homicidio cometido en Sola de Vega"},"content":{"rendered":"<div style=\"margin-top: 0px; margin-bottom: 0px;\" class=\"sharethis-inline-share-buttons\" ><\/div>\n<p><strong>Oaxaca de Ju\u00e1rez<\/strong>.- Como resultado del trabajo interinstitucional y de cooperaci\u00f3n internacional, la Fiscal\u00eda General del Estado de Oaxaca (FGEO) dio cumplimiento a una orden de aprehensi\u00f3n en contra de una persona del sexo masculino identificada como E.M.S., por el delito de Homicidio Calificado con Ventaja, cometido en la Sierra Sur<\/p>\n\n\n\n<p>De acuerdo con el expediente penal, los hechos ocurrieron el 16 de diciembre de 2016, en la poblaci\u00f3n de Santiago Minas, Sola de Vega, donde la v\u00edctima -una mujer, cuya identidad est\u00e1 reservada por ley- fue privada de la vida con disparos de arma de fuego.<\/p>\n\n\n\n<p>Una vez que la FGEO tom\u00f3 conocimiento del caso, inici\u00f3 las investigaciones a trav\u00e9s de la Vicefiscal\u00eda Regional de Valles Centrales, logrando obtener una orden de aprehensi\u00f3n en contra de E.M.S.<\/p>\n\n\n\n<p>Por lo que al realizar las labores de localizaci\u00f3n, se pudo establecer que E.M.S., se encontraba en los Estados Unidos de Norteam\u00e9rica, por lo que se solicit\u00f3 la colaboraci\u00f3n internacional para la ejecuci\u00f3n de la orden de aprehensi\u00f3n.<\/p>\n\n\n\n<p>La detenci\u00f3n de E. M.S. se llev\u00f3 a cabo luego que el imputado fuera deportado por autoridades de los Estados Unidos de Am\u00e9rica y entregado a autoridades mexicanas en las instalaciones de la Fiscal\u00eda General de la Rep\u00fablica (FGR) en Tijuana, Baja California, donde fue recibido mediante acta de entrega-recepci\u00f3n por agentes de la AEI&nbsp; de la Fiscal\u00eda de Oaxaca.<\/p>\n\n\n\n<p>Tras ser notificado del mandato judicial vigente en su contra, E. M.S. qued\u00f3 bajo custodia para su traslado a la ciudad de Oaxaca, donde ser\u00e1 puesto a disposici\u00f3n de la autoridad que lo requiri\u00f3 para determinar su situaci\u00f3n jur\u00eddica.<\/p>\n","protected":false},"excerpt":{"rendered":"<p>Oaxaca de Ju\u00e1rez.- Como resultado del trabajo interinstitucional y de cooperaci\u00f3n internacional, la Fiscal\u00eda General del Estado de Oaxaca (FGEO) dio cumplimiento a una orden de aprehensi\u00f3n en contra de una persona del sexo masculino identificada como E.M.S., por el delito de Homicidio Calificado con Ventaja, cometido en la Sierra Sur De acuerdo con el [&hellip;]<\/p>\n","protected":false},"author":2,"featured_media":72440,"comment_status":"closed","ping_status":"open","sticky":false,"template":"","format":"standard","meta":{"footnotes":""},"categories":[2,20],"tags":[],"class_list":{"0":"post-72438","1":"post","2":"type-post","3":"status-publish","4":"format-standard","5":"has-post-thumbnail","7":"category-oaxaca","8":"category-policiaca"},"yoast_head":"<!-- This site is optimized with the Yoast SEO plugin v27.4 - https:\/\/yoast.com\/product\/yoast-seo-wordpress\/ -->\n<title>Fiscal\u00eda de Oaxaca en coordinaci\u00f3n con FGR aprehenden a imputado que huy\u00f3 a Estados Unidos tras homicidio cometido en Sola de Vega - LA BRAVA RADIO<\/title>\n<meta name=\"robots\" content=\"index, follow, max-snippet:-1, max-image-preview:large, max-video-preview:-1\" \/>\n<link rel=\"canonical\" href=\"https:\/\/www.bbmnoticias.com\/fiscalia-de-oaxaca-en-coordinacion-con-fgr-aprehenden-a-imputado-que-huyo-a-estados-unidos-tras-homicidio-cometido-en-sola-de-vega\/\" \/>\n<meta property=\"og:locale\" content=\"es_MX\" \/>\n<meta property=\"og:type\" content=\"article\" \/>\n<meta property=\"og:title\" content=\"Fiscal\u00eda de Oaxaca en coordinaci\u00f3n con FGR aprehenden a imputado que huy\u00f3 a Estados Unidos tras homicidio cometido en Sola de Vega - LA BRAVA RADIO\" \/>\n<meta property=\"og:description\" content=\"Oaxaca de Ju\u00e1rez.- Como resultado del trabajo interinstitucional y de cooperaci\u00f3n internacional, la Fiscal\u00eda General del Estado de Oaxaca (FGEO) dio cumplimiento a una orden de aprehensi\u00f3n en contra de una persona del sexo masculino identificada como E.M.S., por el delito de Homicidio Calificado con Ventaja, cometido en la Sierra Sur De acuerdo con el [&hellip;]\" \/>\n<meta property=\"og:url\" content=\"https:\/\/www.bbmnoticias.com\/fiscalia-de-oaxaca-en-coordinacion-con-fgr-aprehenden-a-imputado-que-huyo-a-estados-unidos-tras-homicidio-cometido-en-sola-de-vega\/\" \/>\n<meta property=\"og:site_name\" content=\"LA BRAVA RADIO\" \/>\n<meta property=\"article:published_time\" content=\"2026-01-09T17:57:03+00:00\" \/>\n<meta property=\"article:modified_time\" content=\"2026-01-09T17:57:07+00:00\" \/>\n<meta property=\"og:image\" content=\"https:\/\/www.bbmnoticias.com\/labravaradiofm\/wp-content\/uploads\/sites\/5\/2026\/01\/detenido_usa.jpg\" \/>\n\t<meta property=\"og:image:width\" content=\"800\" \/>\n\t<meta property=\"og:image:height\" content=\"450\" \/>\n\t<meta property=\"og:image:type\" content=\"image\/jpeg\" \/>\n<meta name=\"author\" content=\"Staff\" \/>\n<meta name=\"twitter:card\" content=\"summary_large_image\" \/>\n<meta name=\"twitter:label1\" content=\"Escrito por\" \/>\n\t<meta name=\"twitter:data1\" content=\"Staff\" \/>\n\t<meta name=\"twitter:label2\" content=\"Tiempo de lectura\" \/>\n\t<meta name=\"twitter:data2\" content=\"1 minuto\" \/>\n<script type=\"application\/ld+json\" class=\"yoast-schema-graph\">{\"@context\":\"https:\\\/\\\/schema.org\",\"@graph\":[{\"@type\":\"Article\",\"@id\":\"https:\\\/\\\/www.bbmnoticias.com\\\/fiscalia-de-oaxaca-en-coordinacion-con-fgr-aprehenden-a-imputado-que-huyo-a-estados-unidos-tras-homicidio-cometido-en-sola-de-vega\\\/#article\",\"isPartOf\":{\"@id\":\"https:\\\/\\\/www.bbmnoticias.com\\\/labravaradiofm\\\/2026\\\/01\\\/09\\\/fiscalia-de-oaxaca-en-coordinacion-con-fgr-aprehenden-a-imputado-que-huyo-a-estados-unidos-tras-homicidio-cometido-en-sola-de-vega\\\/\"},\"author\":{\"name\":\"Staff\",\"@id\":\"https:\\\/\\\/www.bbmnoticias.com\\\/labravaradiofm\\\/#\\\/schema\\\/person\\\/68a9e9036ef3c5b55aeb2b71dc8bab45\"},\"headline\":\"Fiscal\u00eda de Oaxaca en coordinaci\u00f3n con FGR aprehenden a imputado que huy\u00f3 a Estados Unidos tras homicidio cometido en Sola de Vega\",\"datePublished\":\"2026-01-09T17:57:03+00:00\",\"dateModified\":\"2026-01-09T17:57:07+00:00\",\"mainEntityOfPage\":{\"@id\":\"https:\\\/\\\/www.bbmnoticias.com\\\/labravaradiofm\\\/2026\\\/01\\\/09\\\/fiscalia-de-oaxaca-en-coordinacion-con-fgr-aprehenden-a-imputado-que-huyo-a-estados-unidos-tras-homicidio-cometido-en-sola-de-vega\\\/\"},\"wordCount\":320,\"image\":{\"@id\":\"https:\\\/\\\/www.bbmnoticias.com\\\/fiscalia-de-oaxaca-en-coordinacion-con-fgr-aprehenden-a-imputado-que-huyo-a-estados-unidos-tras-homicidio-cometido-en-sola-de-vega\\\/#primaryimage\"},\"thumbnailUrl\":\"https:\\\/\\\/www.bbmnoticias.com\\\/labravaradiofm\\\/wp-content\\\/uploads\\\/sites\\\/5\\\/2026\\\/01\\\/detenido_usa.jpg\",\"articleSection\":[\"LOCAL\",\"POLICIACA\"],\"inLanguage\":\"es\"},{\"@type\":\"WebPage\",\"@id\":\"https:\\\/\\\/www.bbmnoticias.com\\\/labravaradiofm\\\/2026\\\/01\\\/09\\\/fiscalia-de-oaxaca-en-coordinacion-con-fgr-aprehenden-a-imputado-que-huyo-a-estados-unidos-tras-homicidio-cometido-en-sola-de-vega\\\/\",\"url\":\"https:\\\/\\\/www.bbmnoticias.com\\\/fiscalia-de-oaxaca-en-coordinacion-con-fgr-aprehenden-a-imputado-que-huyo-a-estados-unidos-tras-homicidio-cometido-en-sola-de-vega\\\/\",\"name\":\"Fiscal\u00eda de Oaxaca en coordinaci\u00f3n con FGR aprehenden a imputado que huy\u00f3 a Estados Unidos tras homicidio cometido en Sola de Vega - LA BRAVA RADIO\",\"isPartOf\":{\"@id\":\"https:\\\/\\\/www.bbmnoticias.com\\\/labravaradiofm\\\/#website\"},\"primaryImageOfPage\":{\"@id\":\"https:\\\/\\\/www.bbmnoticias.com\\\/fiscalia-de-oaxaca-en-coordinacion-con-fgr-aprehenden-a-imputado-que-huyo-a-estados-unidos-tras-homicidio-cometido-en-sola-de-vega\\\/#primaryimage\"},\"image\":{\"@id\":\"https:\\\/\\\/www.bbmnoticias.com\\\/fiscalia-de-oaxaca-en-coordinacion-con-fgr-aprehenden-a-imputado-que-huyo-a-estados-unidos-tras-homicidio-cometido-en-sola-de-vega\\\/#primaryimage\"},\"thumbnailUrl\":\"https:\\\/\\\/www.bbmnoticias.com\\\/labravaradiofm\\\/wp-content\\\/uploads\\\/sites\\\/5\\\/2026\\\/01\\\/detenido_usa.jpg\",\"datePublished\":\"2026-01-09T17:57:03+00:00\",\"dateModified\":\"2026-01-09T17:57:07+00:00\",\"author\":{\"@id\":\"https:\\\/\\\/www.bbmnoticias.com\\\/labravaradiofm\\\/#\\\/schema\\\/person\\\/68a9e9036ef3c5b55aeb2b71dc8bab45\"},\"breadcrumb\":{\"@id\":\"https:\\\/\\\/www.bbmnoticias.com\\\/fiscalia-de-oaxaca-en-coordinacion-con-fgr-aprehenden-a-imputado-que-huyo-a-estados-unidos-tras-homicidio-cometido-en-sola-de-vega\\\/#breadcrumb\"},\"inLanguage\":\"es\",\"potentialAction\":[{\"@type\":\"ReadAction\",\"target\":[\"https:\\\/\\\/www.bbmnoticias.com\\\/fiscalia-de-oaxaca-en-coordinacion-con-fgr-aprehenden-a-imputado-que-huyo-a-estados-unidos-tras-homicidio-cometido-en-sola-de-vega\\\/\"]}]},{\"@type\":\"ImageObject\",\"inLanguage\":\"es\",\"@id\":\"https:\\\/\\\/www.bbmnoticias.com\\\/fiscalia-de-oaxaca-en-coordinacion-con-fgr-aprehenden-a-imputado-que-huyo-a-estados-unidos-tras-homicidio-cometido-en-sola-de-vega\\\/#primaryimage\",\"url\":\"https:\\\/\\\/www.bbmnoticias.com\\\/labravaradiofm\\\/wp-content\\\/uploads\\\/sites\\\/5\\\/2026\\\/01\\\/detenido_usa.jpg\",\"contentUrl\":\"https:\\\/\\\/www.bbmnoticias.com\\\/labravaradiofm\\\/wp-content\\\/uploads\\\/sites\\\/5\\\/2026\\\/01\\\/detenido_usa.jpg\",\"width\":800,\"height\":450},{\"@type\":\"BreadcrumbList\",\"@id\":\"https:\\\/\\\/www.bbmnoticias.com\\\/fiscalia-de-oaxaca-en-coordinacion-con-fgr-aprehenden-a-imputado-que-huyo-a-estados-unidos-tras-homicidio-cometido-en-sola-de-vega\\\/#breadcrumb\",\"itemListElement\":[{\"@type\":\"ListItem\",\"position\":1,\"name\":\"Inicio\",\"item\":\"https:\\\/\\\/www.bbmnoticias.com\\\/labravaradiofm\\\/\"},{\"@type\":\"ListItem\",\"position\":2,\"name\":\"Fiscal\u00eda de Oaxaca en coordinaci\u00f3n con FGR aprehenden a imputado que huy\u00f3 a Estados Unidos tras homicidio cometido en Sola de Vega\"}]},{\"@type\":\"WebSite\",\"@id\":\"https:\\\/\\\/www.bbmnoticias.com\\\/labravaradiofm\\\/#website\",\"url\":\"https:\\\/\\\/www.bbmnoticias.com\\\/labravaradiofm\\\/\",\"name\":\"LA BRAVA RADIO\",\"description\":\"Empresa productora de medios, Radiodifusi\u00f3n, Noticias, tendencias y todo lo que necesitas saber de la pol\u00edtica mexicana e internacional; entretenimiento, espect\u00e1culos, salud y mucho m\u00e1s.\",\"potentialAction\":[{\"@type\":\"SearchAction\",\"target\":{\"@type\":\"EntryPoint\",\"urlTemplate\":\"https:\\\/\\\/www.bbmnoticias.com\\\/labravaradiofm\\\/?s={search_term_string}\"},\"query-input\":{\"@type\":\"PropertyValueSpecification\",\"valueRequired\":true,\"valueName\":\"search_term_string\"}}],\"inLanguage\":\"es\"},{\"@type\":\"Person\",\"@id\":\"https:\\\/\\\/www.bbmnoticias.com\\\/labravaradiofm\\\/#\\\/schema\\\/person\\\/68a9e9036ef3c5b55aeb2b71dc8bab45\",\"name\":\"Staff\",\"image\":{\"@type\":\"ImageObject\",\"inLanguage\":\"es\",\"@id\":\"https:\\\/\\\/secure.gravatar.com\\\/avatar\\\/fdd21ad66fd8b98c407f9dee5b5e588cfe7f0d8579ec20fa6527cd59bab7f0f0?s=96&d=mm&r=g\",\"url\":\"https:\\\/\\\/secure.gravatar.com\\\/avatar\\\/fdd21ad66fd8b98c407f9dee5b5e588cfe7f0d8579ec20fa6527cd59bab7f0f0?s=96&d=mm&r=g\",\"contentUrl\":\"https:\\\/\\\/secure.gravatar.com\\\/avatar\\\/fdd21ad66fd8b98c407f9dee5b5e588cfe7f0d8579ec20fa6527cd59bab7f0f0?s=96&d=mm&r=g\",\"caption\":\"Staff\"},\"url\":\"https:\\\/\\\/www.bbmnoticias.com\\\/labravaradiofm\\\/author\\\/redaccion\\\/\"}]}<\/script>\n<!-- \/ Yoast SEO plugin. -->","yoast_head_json":{"title":"Fiscal\u00eda de Oaxaca en coordinaci\u00f3n con FGR aprehenden a imputado que huy\u00f3 a Estados Unidos tras homicidio cometido en Sola de Vega - LA BRAVA RADIO","robots":{"index":"index","follow":"follow","max-snippet":"max-snippet:-1","max-image-preview":"max-image-preview:large","max-video-preview":"max-video-preview:-1"},"canonical":"https:\/\/www.bbmnoticias.com\/fiscalia-de-oaxaca-en-coordinacion-con-fgr-aprehenden-a-imputado-que-huyo-a-estados-unidos-tras-homicidio-cometido-en-sola-de-vega\/","og_locale":"es_MX","og_type":"article","og_title":"Fiscal\u00eda de Oaxaca en coordinaci\u00f3n con FGR aprehenden a imputado que huy\u00f3 a Estados Unidos tras homicidio cometido en Sola de Vega - LA BRAVA RADIO","og_description":"Oaxaca de Ju\u00e1rez.- Como resultado del trabajo interinstitucional y de cooperaci\u00f3n internacional, la Fiscal\u00eda General del Estado de Oaxaca (FGEO) dio cumplimiento a una orden de aprehensi\u00f3n en contra de una persona del sexo masculino identificada como E.M.S., por el delito de Homicidio Calificado con Ventaja, cometido en la Sierra Sur De acuerdo con el [&hellip;]","og_url":"https:\/\/www.bbmnoticias.com\/fiscalia-de-oaxaca-en-coordinacion-con-fgr-aprehenden-a-imputado-que-huyo-a-estados-unidos-tras-homicidio-cometido-en-sola-de-vega\/","og_site_name":"LA BRAVA RADIO","article_published_time":"2026-01-09T17:57:03+00:00","article_modified_time":"2026-01-09T17:57:07+00:00","og_image":[{"width":800,"height":450,"url":"https:\/\/www.bbmnoticias.com\/labravaradiofm\/wp-content\/uploads\/sites\/5\/2026\/01\/detenido_usa.jpg","type":"image\/jpeg"}],"author":"Staff","twitter_card":"summary_large_image","twitter_misc":{"Escrito por":"Staff","Tiempo de lectura":"1 minuto"},"schema":{"@context":"https:\/\/schema.org","@graph":[{"@type":"Article","@id":"https:\/\/www.bbmnoticias.com\/fiscalia-de-oaxaca-en-coordinacion-con-fgr-aprehenden-a-imputado-que-huyo-a-estados-unidos-tras-homicidio-cometido-en-sola-de-vega\/#article","isPartOf":{"@id":"https:\/\/www.bbmnoticias.com\/labravaradiofm\/2026\/01\/09\/fiscalia-de-oaxaca-en-coordinacion-con-fgr-aprehenden-a-imputado-que-huyo-a-estados-unidos-tras-homicidio-cometido-en-sola-de-vega\/"},"author":{"name":"Staff","@id":"https:\/\/www.bbmnoticias.com\/labravaradiofm\/#\/schema\/person\/68a9e9036ef3c5b55aeb2b71dc8bab45"},"headline":"Fiscal\u00eda de Oaxaca en coordinaci\u00f3n con FGR aprehenden a imputado que huy\u00f3 a Estados Unidos tras homicidio cometido en Sola de Vega","datePublished":"2026-01-09T17:57:03+00:00","dateModified":"2026-01-09T17:57:07+00:00","mainEntityOfPage":{"@id":"https:\/\/www.bbmnoticias.com\/labravaradiofm\/2026\/01\/09\/fiscalia-de-oaxaca-en-coordinacion-con-fgr-aprehenden-a-imputado-que-huyo-a-estados-unidos-tras-homicidio-cometido-en-sola-de-vega\/"},"wordCount":320,"image":{"@id":"https:\/\/www.bbmnoticias.com\/fiscalia-de-oaxaca-en-coordinacion-con-fgr-aprehenden-a-imputado-que-huyo-a-estados-unidos-tras-homicidio-cometido-en-sola-de-vega\/#primaryimage"},"thumbnailUrl":"https:\/\/www.bbmnoticias.com\/labravaradiofm\/wp-content\/uploads\/sites\/5\/2026\/01\/detenido_usa.jpg","articleSection":["LOCAL","POLICIACA"],"inLanguage":"es"},{"@type":"WebPage","@id":"https:\/\/www.bbmnoticias.com\/labravaradiofm\/2026\/01\/09\/fiscalia-de-oaxaca-en-coordinacion-con-fgr-aprehenden-a-imputado-que-huyo-a-estados-unidos-tras-homicidio-cometido-en-sola-de-vega\/","url":"https:\/\/www.bbmnoticias.com\/fiscalia-de-oaxaca-en-coordinacion-con-fgr-aprehenden-a-imputado-que-huyo-a-estados-unidos-tras-homicidio-cometido-en-sola-de-vega\/","name":"Fiscal\u00eda de Oaxaca en coordinaci\u00f3n con FGR aprehenden a imputado que huy\u00f3 a Estados Unidos tras homicidio cometido en Sola de Vega - LA BRAVA RADIO","isPartOf":{"@id":"https:\/\/www.bbmnoticias.com\/labravaradiofm\/#website"},"primaryImageOfPage":{"@id":"https:\/\/www.bbmnoticias.com\/fiscalia-de-oaxaca-en-coordinacion-con-fgr-aprehenden-a-imputado-que-huyo-a-estados-unidos-tras-homicidio-cometido-en-sola-de-vega\/#primaryimage"},"image":{"@id":"https:\/\/www.bbmnoticias.com\/fiscalia-de-oaxaca-en-coordinacion-con-fgr-aprehenden-a-imputado-que-huyo-a-estados-unidos-tras-homicidio-cometido-en-sola-de-vega\/#primaryimage"},"thumbnailUrl":"https:\/\/www.bbmnoticias.com\/labravaradiofm\/wp-content\/uploads\/sites\/5\/2026\/01\/detenido_usa.jpg","datePublished":"2026-01-09T17:57:03+00:00","dateModified":"2026-01-09T17:57:07+00:00","author":{"@id":"https:\/\/www.bbmnoticias.com\/labravaradiofm\/#\/schema\/person\/68a9e9036ef3c5b55aeb2b71dc8bab45"},"breadcrumb":{"@id":"https:\/\/www.bbmnoticias.com\/fiscalia-de-oaxaca-en-coordinacion-con-fgr-aprehenden-a-imputado-que-huyo-a-estados-unidos-tras-homicidio-cometido-en-sola-de-vega\/#breadcrumb"},"inLanguage":"es","potentialAction":[{"@type":"ReadAction","target":["https:\/\/www.bbmnoticias.com\/fiscalia-de-oaxaca-en-coordinacion-con-fgr-aprehenden-a-imputado-que-huyo-a-estados-unidos-tras-homicidio-cometido-en-sola-de-vega\/"]}]},{"@type":"ImageObject","inLanguage":"es","@id":"https:\/\/www.bbmnoticias.com\/fiscalia-de-oaxaca-en-coordinacion-con-fgr-aprehenden-a-imputado-que-huyo-a-estados-unidos-tras-homicidio-cometido-en-sola-de-vega\/#primaryimage","url":"https:\/\/www.bbmnoticias.com\/labravaradiofm\/wp-content\/uploads\/sites\/5\/2026\/01\/detenido_usa.jpg","contentUrl":"https:\/\/www.bbmnoticias.com\/labravaradiofm\/wp-content\/uploads\/sites\/5\/2026\/01\/detenido_usa.jpg","width":800,"height":450},{"@type":"BreadcrumbList","@id":"https:\/\/www.bbmnoticias.com\/fiscalia-de-oaxaca-en-coordinacion-con-fgr-aprehenden-a-imputado-que-huyo-a-estados-unidos-tras-homicidio-cometido-en-sola-de-vega\/#breadcrumb","itemListElement":[{"@type":"ListItem","position":1,"name":"Inicio","item":"https:\/\/www.bbmnoticias.com\/labravaradiofm\/"},{"@type":"ListItem","position":2,"name":"Fiscal\u00eda de Oaxaca en coordinaci\u00f3n con FGR aprehenden a imputado que huy\u00f3 a Estados Unidos tras homicidio cometido en Sola de Vega"}]},{"@type":"WebSite","@id":"https:\/\/www.bbmnoticias.com\/labravaradiofm\/#website","url":"https:\/\/www.bbmnoticias.com\/labravaradiofm\/","name":"LA BRAVA RADIO","description":"Empresa productora de medios, Radiodifusi\u00f3n, Noticias, tendencias y todo lo que necesitas saber de la pol\u00edtica mexicana e internacional; entretenimiento, espect\u00e1culos, salud y mucho m\u00e1s.","potentialAction":[{"@type":"SearchAction","target":{"@type":"EntryPoint","urlTemplate":"https:\/\/www.bbmnoticias.com\/labravaradiofm\/?s={search_term_string}"},"query-input":{"@type":"PropertyValueSpecification","valueRequired":true,"valueName":"search_term_string"}}],"inLanguage":"es"},{"@type":"Person","@id":"https:\/\/www.bbmnoticias.com\/labravaradiofm\/#\/schema\/person\/68a9e9036ef3c5b55aeb2b71dc8bab45","name":"Staff","image":{"@type":"ImageObject","inLanguage":"es","@id":"https:\/\/secure.gravatar.com\/avatar\/fdd21ad66fd8b98c407f9dee5b5e588cfe7f0d8579ec20fa6527cd59bab7f0f0?s=96&d=mm&r=g","url":"https:\/\/secure.gravatar.com\/avatar\/fdd21ad66fd8b98c407f9dee5b5e588cfe7f0d8579ec20fa6527cd59bab7f0f0?s=96&d=mm&r=g","contentUrl":"https:\/\/secure.gravatar.com\/avatar\/fdd21ad66fd8b98c407f9dee5b5e588cfe7f0d8579ec20fa6527cd59bab7f0f0?s=96&d=mm&r=g","caption":"Staff"},"url":"https:\/\/www.bbmnoticias.com\/labravaradiofm\/author\/redaccion\/"}]}},"_links":{"self":[{"href":"https:\/\/www.bbmnoticias.com\/labravaradiofm\/wp-json\/wp\/v2\/posts\/72438","targetHints":{"allow":["GET"]}}],"collection":[{"href":"https:\/\/www.bbmnoticias.com\/labravaradiofm\/wp-json\/wp\/v2\/posts"}],"about":[{"href":"https:\/\/www.bbmnoticias.com\/labravaradiofm\/wp-json\/wp\/v2\/types\/post"}],"author":[{"embeddable":true,"href":"https:\/\/www.bbmnoticias.com\/labravaradiofm\/wp-json\/wp\/v2\/users\/2"}],"replies":[{"embeddable":true,"href":"https:\/\/www.bbmnoticias.com\/labravaradiofm\/wp-json\/wp\/v2\/comments?post=72438"}],"version-history":[{"count":0,"href":"https:\/\/www.bbmnoticias.com\/labravaradiofm\/wp-json\/wp\/v2\/posts\/72438\/revisions"}],"wp:featuredmedia":[{"embeddable":true,"href":"https:\/\/www.bbmnoticias.com\/labravaradiofm\/wp-json\/wp\/v2\/media\/72440"}],"wp:attachment":[{"href":"https:\/\/www.bbmnoticias.com\/labravaradiofm\/wp-json\/wp\/v2\/media?parent=72438"}],"wp:term":[{"taxonomy":"category","embeddable":true,"href":"https:\/\/www.bbmnoticias.com\/labravaradiofm\/wp-json\/wp\/v2\/categories?post=72438"},{"taxonomy":"post_tag","embeddable":true,"href":"https:\/\/www.bbmnoticias.com\/labravaradiofm\/wp-json\/wp\/v2\/tags?post=72438"}],"curies":[{"name":"wp","href":"https:\/\/api.w.org\/{rel}","templated":true}]}}