{"id":72432,"date":"2026-01-09T11:15:13","date_gmt":"2026-01-09T17:15:13","guid":{"rendered":"https:\/\/www.bbmnoticias.com\/labravaradiofm\/2026\/01\/09\/latidos-vecinales-fortalece-la-convivencia-en-el-mercado-benito-juarez-maza\/"},"modified":"2026-01-09T11:17:02","modified_gmt":"2026-01-09T17:17:02","slug":"latidos-vecinales-fortalece-la-convivencia-en-el-mercado-benito-juarez-maza","status":"publish","type":"post","link":"https:\/\/www.bbmnoticias.com\/labravaradiofm\/2026\/01\/09\/latidos-vecinales-fortalece-la-convivencia-en-el-mercado-benito-juarez-maza\/","title":{"rendered":"Latidos Vecinales fortalece la convivencia en el Mercado Benito Ju\u00e1rez Maza"},"content":{"rendered":"<div style=\"margin-top: 0px; margin-bottom: 0px;\" class=\"sharethis-inline-share-buttons\" ><\/div>\n<p>Oaxaca de Ju\u00e1rez, Oax.- Con el objetivo de fortalecer la convivencia comunitaria y promover la participaci\u00f3n ciudadana, el Gobierno Municipal de Oaxaca de Ju\u00e1rez llev\u00f3 a cabo con gran \u00e9xito la jornada Latidos Vecinales en el Mercado Benito Ju\u00e1rez Maza.<\/p>\n\n\n\n<p>Durante esta actividad, vecinas y vecinos participaron activamente en talleres, juegos y din\u00e1micas dise\u00f1adas para fomentar el di\u00e1logo, la integraci\u00f3n y el trabajo colectivo, generando espacios de encuentro que fortalecen el tejido vecinal y refuerzan el sentido de comunidad.<\/p>\n\n\n\n<p>Latidos Vecinales es una estrategia que acerca al gobierno municipal al territorio, promoviendo acciones que ponen en el centro a las personas y reconocen la importancia de los espacios p\u00fablicos como puntos de convivencia, aprendizaje y colaboraci\u00f3n entre familias, comerciantes y visitantes.<\/p>\n\n\n\n<p>Asimismo, el Gobierno Municipal inform\u00f3 que en d\u00edas pr\u00f3ximos esta jornada comunitaria continuar\u00e1 realiz\u00e1ndose en distintas sedes de la ciudad, como el Mercado S\u00e1nchez Pascuas, donde las actividades se llevar\u00e1n a cabo de 12:00 a 14:00 horas; en la agencia de San Luis Beltr\u00e1n, de 9:00 a 11:00 horas; as\u00ed como en la Colonia Aurora, tambi\u00e9n en un horario de 9:00 a 11:00 horas.<\/p>\n\n\n\n<p>El Gobierno Municipal reiter\u00f3 su compromiso de seguir impulsando Latidos Vecinales en colonias, barrios, agencias y mercados, fortaleciendo la participaci\u00f3n ciudadana y consolidando una Oaxaca de Ju\u00e1rez m\u00e1s unida, cercana y solidaria.<\/p>\n","protected":false},"excerpt":{"rendered":"<p>Oaxaca de Ju\u00e1rez, Oax.- Con el objetivo de fortalecer la convivencia comunitaria y promover la participaci\u00f3n ciudadana, el Gobierno Municipal de Oaxaca de Ju\u00e1rez llev\u00f3 a cabo con gran \u00e9xito la jornada Latidos Vecinales en el Mercado Benito Ju\u00e1rez Maza. Durante esta actividad, vecinas y vecinos participaron activamente en talleres, juegos y din\u00e1micas dise\u00f1adas para [&hellip;]<\/p>\n","protected":false},"author":2,"featured_media":72434,"comment_status":"closed","ping_status":"open","sticky":false,"template":"","format":"standard","meta":{"footnotes":""},"categories":[2],"tags":[],"class_list":{"0":"post-72432","1":"post","2":"type-post","3":"status-publish","4":"format-standard","5":"has-post-thumbnail","7":"category-oaxaca"},"yoast_head":"<!-- This site is optimized with the Yoast SEO plugin v27.4 - https:\/\/yoast.com\/product\/yoast-seo-wordpress\/ -->\n<title>Latidos Vecinales fortalece la convivencia en el Mercado Benito Ju\u00e1rez Maza - LA BRAVA RADIO<\/title>\n<meta name=\"robots\" content=\"index, follow, max-snippet:-1, max-image-preview:large, max-video-preview:-1\" \/>\n<link rel=\"canonical\" href=\"https:\/\/www.bbmnoticias.com\/latidos-vecinales-fortalece-la-convivencia-en-el-mercado-benito-juarez-maza\/\" \/>\n<meta property=\"og:locale\" content=\"es_MX\" \/>\n<meta property=\"og:type\" content=\"article\" \/>\n<meta property=\"og:title\" content=\"Latidos Vecinales fortalece la convivencia en el Mercado Benito Ju\u00e1rez Maza - LA BRAVA RADIO\" \/>\n<meta property=\"og:description\" content=\"Oaxaca de Ju\u00e1rez, Oax.- Con el objetivo de fortalecer la convivencia comunitaria y promover la participaci\u00f3n ciudadana, el Gobierno Municipal de Oaxaca de Ju\u00e1rez llev\u00f3 a cabo con gran \u00e9xito la jornada Latidos Vecinales en el Mercado Benito Ju\u00e1rez Maza. Durante esta actividad, vecinas y vecinos participaron activamente en talleres, juegos y din\u00e1micas dise\u00f1adas para [&hellip;]\" \/>\n<meta property=\"og:url\" content=\"https:\/\/www.bbmnoticias.com\/latidos-vecinales-fortalece-la-convivencia-en-el-mercado-benito-juarez-maza\/\" \/>\n<meta property=\"og:site_name\" content=\"LA BRAVA RADIO\" \/>\n<meta property=\"article:published_time\" content=\"2026-01-09T17:15:13+00:00\" \/>\n<meta property=\"article:modified_time\" content=\"2026-01-09T17:17:02+00:00\" \/>\n<meta property=\"og:image\" content=\"https:\/\/www.bbmnoticias.com\/labravaradiofm\/wp-content\/uploads\/sites\/5\/2026\/01\/latidos_vecinales.jpg\" \/>\n\t<meta property=\"og:image:width\" content=\"800\" \/>\n\t<meta property=\"og:image:height\" content=\"533\" \/>\n\t<meta property=\"og:image:type\" content=\"image\/jpeg\" \/>\n<meta name=\"author\" content=\"Staff\" \/>\n<meta name=\"twitter:card\" content=\"summary_large_image\" \/>\n<meta name=\"twitter:label1\" content=\"Escrito por\" \/>\n\t<meta name=\"twitter:data1\" content=\"Staff\" \/>\n\t<meta name=\"twitter:label2\" content=\"Tiempo de lectura\" \/>\n\t<meta name=\"twitter:data2\" content=\"2 minutos\" \/>\n<script type=\"application\/ld+json\" class=\"yoast-schema-graph\">{\"@context\":\"https:\\\/\\\/schema.org\",\"@graph\":[{\"@type\":\"Article\",\"@id\":\"https:\\\/\\\/www.bbmnoticias.com\\\/latidos-vecinales-fortalece-la-convivencia-en-el-mercado-benito-juarez-maza\\\/#article\",\"isPartOf\":{\"@id\":\"https:\\\/\\\/www.bbmnoticias.com\\\/labravaradiofm\\\/2026\\\/01\\\/09\\\/latidos-vecinales-fortalece-la-convivencia-en-el-mercado-benito-juarez-maza\\\/\"},\"author\":{\"name\":\"Staff\",\"@id\":\"https:\\\/\\\/www.bbmnoticias.com\\\/labravaradiofm\\\/#\\\/schema\\\/person\\\/68a9e9036ef3c5b55aeb2b71dc8bab45\"},\"headline\":\"Latidos Vecinales fortalece la convivencia en el Mercado Benito Ju\u00e1rez Maza\",\"datePublished\":\"2026-01-09T17:15:13+00:00\",\"dateModified\":\"2026-01-09T17:17:02+00:00\",\"mainEntityOfPage\":{\"@id\":\"https:\\\/\\\/www.bbmnoticias.com\\\/labravaradiofm\\\/2026\\\/01\\\/09\\\/latidos-vecinales-fortalece-la-convivencia-en-el-mercado-benito-juarez-maza\\\/\"},\"wordCount\":244,\"image\":{\"@id\":\"https:\\\/\\\/www.bbmnoticias.com\\\/latidos-vecinales-fortalece-la-convivencia-en-el-mercado-benito-juarez-maza\\\/#primaryimage\"},\"thumbnailUrl\":\"https:\\\/\\\/www.bbmnoticias.com\\\/labravaradiofm\\\/wp-content\\\/uploads\\\/sites\\\/5\\\/2026\\\/01\\\/latidos_vecinales.jpg\",\"articleSection\":[\"LOCAL\"],\"inLanguage\":\"es\"},{\"@type\":\"WebPage\",\"@id\":\"https:\\\/\\\/www.bbmnoticias.com\\\/labravaradiofm\\\/2026\\\/01\\\/09\\\/latidos-vecinales-fortalece-la-convivencia-en-el-mercado-benito-juarez-maza\\\/\",\"url\":\"https:\\\/\\\/www.bbmnoticias.com\\\/latidos-vecinales-fortalece-la-convivencia-en-el-mercado-benito-juarez-maza\\\/\",\"name\":\"Latidos Vecinales fortalece la convivencia en el Mercado Benito Ju\u00e1rez Maza - LA BRAVA RADIO\",\"isPartOf\":{\"@id\":\"https:\\\/\\\/www.bbmnoticias.com\\\/labravaradiofm\\\/#website\"},\"primaryImageOfPage\":{\"@id\":\"https:\\\/\\\/www.bbmnoticias.com\\\/latidos-vecinales-fortalece-la-convivencia-en-el-mercado-benito-juarez-maza\\\/#primaryimage\"},\"image\":{\"@id\":\"https:\\\/\\\/www.bbmnoticias.com\\\/latidos-vecinales-fortalece-la-convivencia-en-el-mercado-benito-juarez-maza\\\/#primaryimage\"},\"thumbnailUrl\":\"https:\\\/\\\/www.bbmnoticias.com\\\/labravaradiofm\\\/wp-content\\\/uploads\\\/sites\\\/5\\\/2026\\\/01\\\/latidos_vecinales.jpg\",\"datePublished\":\"2026-01-09T17:15:13+00:00\",\"dateModified\":\"2026-01-09T17:17:02+00:00\",\"author\":{\"@id\":\"https:\\\/\\\/www.bbmnoticias.com\\\/labravaradiofm\\\/#\\\/schema\\\/person\\\/68a9e9036ef3c5b55aeb2b71dc8bab45\"},\"breadcrumb\":{\"@id\":\"https:\\\/\\\/www.bbmnoticias.com\\\/latidos-vecinales-fortalece-la-convivencia-en-el-mercado-benito-juarez-maza\\\/#breadcrumb\"},\"inLanguage\":\"es\",\"potentialAction\":[{\"@type\":\"ReadAction\",\"target\":[\"https:\\\/\\\/www.bbmnoticias.com\\\/latidos-vecinales-fortalece-la-convivencia-en-el-mercado-benito-juarez-maza\\\/\"]}]},{\"@type\":\"ImageObject\",\"inLanguage\":\"es\",\"@id\":\"https:\\\/\\\/www.bbmnoticias.com\\\/latidos-vecinales-fortalece-la-convivencia-en-el-mercado-benito-juarez-maza\\\/#primaryimage\",\"url\":\"https:\\\/\\\/www.bbmnoticias.com\\\/labravaradiofm\\\/wp-content\\\/uploads\\\/sites\\\/5\\\/2026\\\/01\\\/latidos_vecinales.jpg\",\"contentUrl\":\"https:\\\/\\\/www.bbmnoticias.com\\\/labravaradiofm\\\/wp-content\\\/uploads\\\/sites\\\/5\\\/2026\\\/01\\\/latidos_vecinales.jpg\",\"width\":800,\"height\":533},{\"@type\":\"BreadcrumbList\",\"@id\":\"https:\\\/\\\/www.bbmnoticias.com\\\/latidos-vecinales-fortalece-la-convivencia-en-el-mercado-benito-juarez-maza\\\/#breadcrumb\",\"itemListElement\":[{\"@type\":\"ListItem\",\"position\":1,\"name\":\"Inicio\",\"item\":\"https:\\\/\\\/www.bbmnoticias.com\\\/labravaradiofm\\\/\"},{\"@type\":\"ListItem\",\"position\":2,\"name\":\"Latidos Vecinales fortalece la convivencia en el Mercado Benito Ju\u00e1rez Maza\"}]},{\"@type\":\"WebSite\",\"@id\":\"https:\\\/\\\/www.bbmnoticias.com\\\/labravaradiofm\\\/#website\",\"url\":\"https:\\\/\\\/www.bbmnoticias.com\\\/labravaradiofm\\\/\",\"name\":\"LA BRAVA RADIO\",\"description\":\"Empresa productora de medios, Radiodifusi\u00f3n, Noticias, tendencias y todo lo que necesitas saber de la pol\u00edtica mexicana e internacional; entretenimiento, espect\u00e1culos, salud y mucho m\u00e1s.\",\"potentialAction\":[{\"@type\":\"SearchAction\",\"target\":{\"@type\":\"EntryPoint\",\"urlTemplate\":\"https:\\\/\\\/www.bbmnoticias.com\\\/labravaradiofm\\\/?s={search_term_string}\"},\"query-input\":{\"@type\":\"PropertyValueSpecification\",\"valueRequired\":true,\"valueName\":\"search_term_string\"}}],\"inLanguage\":\"es\"},{\"@type\":\"Person\",\"@id\":\"https:\\\/\\\/www.bbmnoticias.com\\\/labravaradiofm\\\/#\\\/schema\\\/person\\\/68a9e9036ef3c5b55aeb2b71dc8bab45\",\"name\":\"Staff\",\"image\":{\"@type\":\"ImageObject\",\"inLanguage\":\"es\",\"@id\":\"https:\\\/\\\/secure.gravatar.com\\\/avatar\\\/fdd21ad66fd8b98c407f9dee5b5e588cfe7f0d8579ec20fa6527cd59bab7f0f0?s=96&d=mm&r=g\",\"url\":\"https:\\\/\\\/secure.gravatar.com\\\/avatar\\\/fdd21ad66fd8b98c407f9dee5b5e588cfe7f0d8579ec20fa6527cd59bab7f0f0?s=96&d=mm&r=g\",\"contentUrl\":\"https:\\\/\\\/secure.gravatar.com\\\/avatar\\\/fdd21ad66fd8b98c407f9dee5b5e588cfe7f0d8579ec20fa6527cd59bab7f0f0?s=96&d=mm&r=g\",\"caption\":\"Staff\"},\"url\":\"https:\\\/\\\/www.bbmnoticias.com\\\/labravaradiofm\\\/author\\\/redaccion\\\/\"}]}<\/script>\n<!-- \/ Yoast SEO plugin. -->","yoast_head_json":{"title":"Latidos Vecinales fortalece la convivencia en el Mercado Benito Ju\u00e1rez Maza - LA BRAVA RADIO","robots":{"index":"index","follow":"follow","max-snippet":"max-snippet:-1","max-image-preview":"max-image-preview:large","max-video-preview":"max-video-preview:-1"},"canonical":"https:\/\/www.bbmnoticias.com\/latidos-vecinales-fortalece-la-convivencia-en-el-mercado-benito-juarez-maza\/","og_locale":"es_MX","og_type":"article","og_title":"Latidos Vecinales fortalece la convivencia en el Mercado Benito Ju\u00e1rez Maza - LA BRAVA RADIO","og_description":"Oaxaca de Ju\u00e1rez, Oax.- Con el objetivo de fortalecer la convivencia comunitaria y promover la participaci\u00f3n ciudadana, el Gobierno Municipal de Oaxaca de Ju\u00e1rez llev\u00f3 a cabo con gran \u00e9xito la jornada Latidos Vecinales en el Mercado Benito Ju\u00e1rez Maza. Durante esta actividad, vecinas y vecinos participaron activamente en talleres, juegos y din\u00e1micas dise\u00f1adas para [&hellip;]","og_url":"https:\/\/www.bbmnoticias.com\/latidos-vecinales-fortalece-la-convivencia-en-el-mercado-benito-juarez-maza\/","og_site_name":"LA BRAVA RADIO","article_published_time":"2026-01-09T17:15:13+00:00","article_modified_time":"2026-01-09T17:17:02+00:00","og_image":[{"width":800,"height":533,"url":"https:\/\/www.bbmnoticias.com\/labravaradiofm\/wp-content\/uploads\/sites\/5\/2026\/01\/latidos_vecinales.jpg","type":"image\/jpeg"}],"author":"Staff","twitter_card":"summary_large_image","twitter_misc":{"Escrito por":"Staff","Tiempo de lectura":"2 minutos"},"schema":{"@context":"https:\/\/schema.org","@graph":[{"@type":"Article","@id":"https:\/\/www.bbmnoticias.com\/latidos-vecinales-fortalece-la-convivencia-en-el-mercado-benito-juarez-maza\/#article","isPartOf":{"@id":"https:\/\/www.bbmnoticias.com\/labravaradiofm\/2026\/01\/09\/latidos-vecinales-fortalece-la-convivencia-en-el-mercado-benito-juarez-maza\/"},"author":{"name":"Staff","@id":"https:\/\/www.bbmnoticias.com\/labravaradiofm\/#\/schema\/person\/68a9e9036ef3c5b55aeb2b71dc8bab45"},"headline":"Latidos Vecinales fortalece la convivencia en el Mercado Benito Ju\u00e1rez Maza","datePublished":"2026-01-09T17:15:13+00:00","dateModified":"2026-01-09T17:17:02+00:00","mainEntityOfPage":{"@id":"https:\/\/www.bbmnoticias.com\/labravaradiofm\/2026\/01\/09\/latidos-vecinales-fortalece-la-convivencia-en-el-mercado-benito-juarez-maza\/"},"wordCount":244,"image":{"@id":"https:\/\/www.bbmnoticias.com\/latidos-vecinales-fortalece-la-convivencia-en-el-mercado-benito-juarez-maza\/#primaryimage"},"thumbnailUrl":"https:\/\/www.bbmnoticias.com\/labravaradiofm\/wp-content\/uploads\/sites\/5\/2026\/01\/latidos_vecinales.jpg","articleSection":["LOCAL"],"inLanguage":"es"},{"@type":"WebPage","@id":"https:\/\/www.bbmnoticias.com\/labravaradiofm\/2026\/01\/09\/latidos-vecinales-fortalece-la-convivencia-en-el-mercado-benito-juarez-maza\/","url":"https:\/\/www.bbmnoticias.com\/latidos-vecinales-fortalece-la-convivencia-en-el-mercado-benito-juarez-maza\/","name":"Latidos Vecinales fortalece la convivencia en el Mercado Benito Ju\u00e1rez Maza - LA BRAVA RADIO","isPartOf":{"@id":"https:\/\/www.bbmnoticias.com\/labravaradiofm\/#website"},"primaryImageOfPage":{"@id":"https:\/\/www.bbmnoticias.com\/latidos-vecinales-fortalece-la-convivencia-en-el-mercado-benito-juarez-maza\/#primaryimage"},"image":{"@id":"https:\/\/www.bbmnoticias.com\/latidos-vecinales-fortalece-la-convivencia-en-el-mercado-benito-juarez-maza\/#primaryimage"},"thumbnailUrl":"https:\/\/www.bbmnoticias.com\/labravaradiofm\/wp-content\/uploads\/sites\/5\/2026\/01\/latidos_vecinales.jpg","datePublished":"2026-01-09T17:15:13+00:00","dateModified":"2026-01-09T17:17:02+00:00","author":{"@id":"https:\/\/www.bbmnoticias.com\/labravaradiofm\/#\/schema\/person\/68a9e9036ef3c5b55aeb2b71dc8bab45"},"breadcrumb":{"@id":"https:\/\/www.bbmnoticias.com\/latidos-vecinales-fortalece-la-convivencia-en-el-mercado-benito-juarez-maza\/#breadcrumb"},"inLanguage":"es","potentialAction":[{"@type":"ReadAction","target":["https:\/\/www.bbmnoticias.com\/latidos-vecinales-fortalece-la-convivencia-en-el-mercado-benito-juarez-maza\/"]}]},{"@type":"ImageObject","inLanguage":"es","@id":"https:\/\/www.bbmnoticias.com\/latidos-vecinales-fortalece-la-convivencia-en-el-mercado-benito-juarez-maza\/#primaryimage","url":"https:\/\/www.bbmnoticias.com\/labravaradiofm\/wp-content\/uploads\/sites\/5\/2026\/01\/latidos_vecinales.jpg","contentUrl":"https:\/\/www.bbmnoticias.com\/labravaradiofm\/wp-content\/uploads\/sites\/5\/2026\/01\/latidos_vecinales.jpg","width":800,"height":533},{"@type":"BreadcrumbList","@id":"https:\/\/www.bbmnoticias.com\/latidos-vecinales-fortalece-la-convivencia-en-el-mercado-benito-juarez-maza\/#breadcrumb","itemListElement":[{"@type":"ListItem","position":1,"name":"Inicio","item":"https:\/\/www.bbmnoticias.com\/labravaradiofm\/"},{"@type":"ListItem","position":2,"name":"Latidos Vecinales fortalece la convivencia en el Mercado Benito Ju\u00e1rez Maza"}]},{"@type":"WebSite","@id":"https:\/\/www.bbmnoticias.com\/labravaradiofm\/#website","url":"https:\/\/www.bbmnoticias.com\/labravaradiofm\/","name":"LA BRAVA RADIO","description":"Empresa productora de medios, Radiodifusi\u00f3n, Noticias, tendencias y todo lo que necesitas saber de la pol\u00edtica mexicana e internacional; entretenimiento, espect\u00e1culos, salud y mucho m\u00e1s.","potentialAction":[{"@type":"SearchAction","target":{"@type":"EntryPoint","urlTemplate":"https:\/\/www.bbmnoticias.com\/labravaradiofm\/?s={search_term_string}"},"query-input":{"@type":"PropertyValueSpecification","valueRequired":true,"valueName":"search_term_string"}}],"inLanguage":"es"},{"@type":"Person","@id":"https:\/\/www.bbmnoticias.com\/labravaradiofm\/#\/schema\/person\/68a9e9036ef3c5b55aeb2b71dc8bab45","name":"Staff","image":{"@type":"ImageObject","inLanguage":"es","@id":"https:\/\/secure.gravatar.com\/avatar\/fdd21ad66fd8b98c407f9dee5b5e588cfe7f0d8579ec20fa6527cd59bab7f0f0?s=96&d=mm&r=g","url":"https:\/\/secure.gravatar.com\/avatar\/fdd21ad66fd8b98c407f9dee5b5e588cfe7f0d8579ec20fa6527cd59bab7f0f0?s=96&d=mm&r=g","contentUrl":"https:\/\/secure.gravatar.com\/avatar\/fdd21ad66fd8b98c407f9dee5b5e588cfe7f0d8579ec20fa6527cd59bab7f0f0?s=96&d=mm&r=g","caption":"Staff"},"url":"https:\/\/www.bbmnoticias.com\/labravaradiofm\/author\/redaccion\/"}]}},"_links":{"self":[{"href":"https:\/\/www.bbmnoticias.com\/labravaradiofm\/wp-json\/wp\/v2\/posts\/72432","targetHints":{"allow":["GET"]}}],"collection":[{"href":"https:\/\/www.bbmnoticias.com\/labravaradiofm\/wp-json\/wp\/v2\/posts"}],"about":[{"href":"https:\/\/www.bbmnoticias.com\/labravaradiofm\/wp-json\/wp\/v2\/types\/post"}],"author":[{"embeddable":true,"href":"https:\/\/www.bbmnoticias.com\/labravaradiofm\/wp-json\/wp\/v2\/users\/2"}],"replies":[{"embeddable":true,"href":"https:\/\/www.bbmnoticias.com\/labravaradiofm\/wp-json\/wp\/v2\/comments?post=72432"}],"version-history":[{"count":0,"href":"https:\/\/www.bbmnoticias.com\/labravaradiofm\/wp-json\/wp\/v2\/posts\/72432\/revisions"}],"wp:featuredmedia":[{"embeddable":true,"href":"https:\/\/www.bbmnoticias.com\/labravaradiofm\/wp-json\/wp\/v2\/media\/72434"}],"wp:attachment":[{"href":"https:\/\/www.bbmnoticias.com\/labravaradiofm\/wp-json\/wp\/v2\/media?parent=72432"}],"wp:term":[{"taxonomy":"category","embeddable":true,"href":"https:\/\/www.bbmnoticias.com\/labravaradiofm\/wp-json\/wp\/v2\/categories?post=72432"},{"taxonomy":"post_tag","embeddable":true,"href":"https:\/\/www.bbmnoticias.com\/labravaradiofm\/wp-json\/wp\/v2\/tags?post=72432"}],"curies":[{"name":"wp","href":"https:\/\/api.w.org\/{rel}","templated":true}]}}