{"id":72426,"date":"2026-01-09T08:59:19","date_gmt":"2026-01-09T14:59:19","guid":{"rendered":"https:\/\/www.bbmnoticias.com\/labravaradiofm\/2026\/01\/09\/actividad-industrial-crecio-0-6-en-noviembre-inegi\/"},"modified":"2026-01-09T08:59:26","modified_gmt":"2026-01-09T14:59:26","slug":"actividad-industrial-crecio-0-6-en-noviembre-inegi","status":"publish","type":"post","link":"https:\/\/www.bbmnoticias.com\/labravaradiofm\/2026\/01\/09\/actividad-industrial-crecio-0-6-en-noviembre-inegi\/","title":{"rendered":"Actividad industrial creci\u00f3 0.6% en noviembre: Inegi"},"content":{"rendered":"<div style=\"margin-top: 0px; margin-bottom: 0px;\" class=\"sharethis-inline-share-buttons\" ><\/div>\n<p>La producci\u00f3n industrial avanz\u00f3 0.6 por ciento en noviembre de 2025 respecto a octubre, con lo que sum\u00f3 dos periodos consecutivos de crecimiento, inform\u00f3 este viernes el Instituto Nacional de Estad\u00edstica y Geograf\u00eda (INEGI).<\/p>\n\n\n\n<p>Pese al mejor dinamismo del Indicador Mensual de la Actividad Industrial (IMAI), en su variaci\u00f3n anual se observ\u00f3 una ca\u00edda de 0.1 por ciento.<\/p>\n\n\n\n<p>El comportamiento positivo de la medici\u00f3n fue impulsado por dos de cuatro componentes: la construcci\u00f3n y las industrias manufactureras.<\/p>\n\n\n\n<p>La construcci\u00f3n, sector que impacta en 185 de 262 ramas econ\u00f3micas, creci\u00f3 1.6 por ciento en noviembre frente al d\u00e9cimo mes.<\/p>\n\n\n\n<p>Detr\u00e1s, las manufacturas avanzaron 0.5 por ciento en el pen\u00faltimo lapso de 2025.<\/p>\n\n\n\n<p>No obstante, la miner\u00eda y la generaci\u00f3n, transmisi\u00f3n, distribuci\u00f3n y comercializaci\u00f3n de energ\u00eda el\u00e9ctrica, suministro de agua y de gas natural por ductos al consumidor final se estancaron en su variaci\u00f3n mensual, cada una.<\/p>\n\n\n\n<p>Aunque en su medici\u00f3n anual la actividad industrial retrocedi\u00f3 0.1 por ciento, el sector de la construcci\u00f3n creci\u00f3 3.0 por ciento. Cabe destacar que esta rama de las actividades industriales mostr\u00f3 un repunte despu\u00e9s de un largo lapso de contracciones desde 2023, luego de ser un motor econ\u00f3mico en el sexenio pasado.<\/p>\n\n\n\n<p>La generaci\u00f3n, transmisi\u00f3n, distribuci\u00f3n y comercializaci\u00f3n de energ\u00eda el\u00e9ctrica, suministro de agua y de gas natural por ductos al consumidor final avanz\u00f3 1.1 por ciento.<\/p>\n\n\n\n<p>En contraste, la miner\u00eda cay\u00f3 1.0 por ciento frente a noviembre de 2024 y las industrias manufactureras disminuyeron 0.8 por ciento.<\/p>\n","protected":false},"excerpt":{"rendered":"<p>La producci\u00f3n industrial avanz\u00f3 0.6 por ciento en noviembre de 2025 respecto a octubre, con lo que sum\u00f3 dos periodos consecutivos de crecimiento, inform\u00f3 este viernes el Instituto Nacional de Estad\u00edstica y Geograf\u00eda (INEGI). Pese al mejor dinamismo del Indicador Mensual de la Actividad Industrial (IMAI), en su variaci\u00f3n anual se observ\u00f3 una ca\u00edda de [&hellip;]<\/p>\n","protected":false},"author":4,"featured_media":72428,"comment_status":"closed","ping_status":"","sticky":false,"template":"","format":"standard","meta":{"footnotes":""},"categories":[2,19],"tags":[],"class_list":{"0":"post-72426","1":"post","2":"type-post","3":"status-publish","4":"format-standard","5":"has-post-thumbnail","7":"category-oaxaca","8":"category-nacional"},"yoast_head":"<!-- This site is optimized with the Yoast SEO plugin v27.4 - https:\/\/yoast.com\/product\/yoast-seo-wordpress\/ -->\n<title>Actividad industrial creci\u00f3 0.6% en noviembre: Inegi - LA BRAVA RADIO<\/title>\n<meta name=\"robots\" content=\"index, follow, max-snippet:-1, max-image-preview:large, max-video-preview:-1\" \/>\n<link rel=\"canonical\" href=\"https:\/\/www.bbmnoticias.com\/actividad-industrial-crecio-0-6-en-noviembre-inegi\/\" \/>\n<meta property=\"og:locale\" content=\"es_MX\" \/>\n<meta property=\"og:type\" content=\"article\" \/>\n<meta property=\"og:title\" content=\"Actividad industrial creci\u00f3 0.6% en noviembre: Inegi - LA BRAVA RADIO\" \/>\n<meta property=\"og:description\" content=\"La producci\u00f3n industrial avanz\u00f3 0.6 por ciento en noviembre de 2025 respecto a octubre, con lo que sum\u00f3 dos periodos consecutivos de crecimiento, inform\u00f3 este viernes el Instituto Nacional de Estad\u00edstica y Geograf\u00eda (INEGI). Pese al mejor dinamismo del Indicador Mensual de la Actividad Industrial (IMAI), en su variaci\u00f3n anual se observ\u00f3 una ca\u00edda de [&hellip;]\" \/>\n<meta property=\"og:url\" content=\"https:\/\/www.bbmnoticias.com\/actividad-industrial-crecio-0-6-en-noviembre-inegi\/\" \/>\n<meta property=\"og:site_name\" content=\"LA BRAVA RADIO\" \/>\n<meta property=\"article:published_time\" content=\"2026-01-09T14:59:19+00:00\" \/>\n<meta property=\"article:modified_time\" content=\"2026-01-09T14:59:26+00:00\" \/>\n<meta property=\"og:image\" content=\"https:\/\/www.bbmnoticias.com\/labravaradiofm\/wp-content\/uploads\/sites\/5\/2026\/01\/actividad-industrial-crecio-06-en-noviembre-inegi.webp\" \/>\n\t<meta property=\"og:image:width\" content=\"1200\" \/>\n\t<meta property=\"og:image:height\" content=\"799\" \/>\n\t<meta property=\"og:image:type\" content=\"image\/webp\" \/>\n<meta name=\"author\" content=\"Agencias\" \/>\n<meta name=\"twitter:card\" content=\"summary_large_image\" \/>\n<meta name=\"twitter:label1\" content=\"Escrito por\" \/>\n\t<meta name=\"twitter:data1\" content=\"Agencias\" \/>\n\t<meta name=\"twitter:label2\" content=\"Tiempo de lectura\" \/>\n\t<meta name=\"twitter:data2\" content=\"1 minuto\" \/>\n<script type=\"application\/ld+json\" class=\"yoast-schema-graph\">{\"@context\":\"https:\\\/\\\/schema.org\",\"@graph\":[{\"@type\":\"Article\",\"@id\":\"https:\\\/\\\/www.bbmnoticias.com\\\/actividad-industrial-crecio-0-6-en-noviembre-inegi\\\/#article\",\"isPartOf\":{\"@id\":\"https:\\\/\\\/www.bbmnoticias.com\\\/labravaradiofm\\\/2026\\\/01\\\/09\\\/actividad-industrial-crecio-0-6-en-noviembre-inegi\\\/\"},\"author\":{\"name\":\"Agencias\",\"@id\":\"https:\\\/\\\/www.bbmnoticias.com\\\/labravaradiofm\\\/#\\\/schema\\\/person\\\/000bdaf0a8fb5bff0d537c4d0778e33f\"},\"headline\":\"Actividad industrial creci\u00f3 0.6% en noviembre: Inegi\",\"datePublished\":\"2026-01-09T14:59:19+00:00\",\"dateModified\":\"2026-01-09T14:59:26+00:00\",\"mainEntityOfPage\":{\"@id\":\"https:\\\/\\\/www.bbmnoticias.com\\\/labravaradiofm\\\/2026\\\/01\\\/09\\\/actividad-industrial-crecio-0-6-en-noviembre-inegi\\\/\"},\"wordCount\":265,\"image\":{\"@id\":\"https:\\\/\\\/www.bbmnoticias.com\\\/actividad-industrial-crecio-0-6-en-noviembre-inegi\\\/#primaryimage\"},\"thumbnailUrl\":\"https:\\\/\\\/www.bbmnoticias.com\\\/labravaradiofm\\\/wp-content\\\/uploads\\\/sites\\\/5\\\/2026\\\/01\\\/actividad-industrial-crecio-06-en-noviembre-inegi.webp\",\"articleSection\":[\"LOCAL\",\"NACIONAL\"],\"inLanguage\":\"es\"},{\"@type\":\"WebPage\",\"@id\":\"https:\\\/\\\/www.bbmnoticias.com\\\/labravaradiofm\\\/2026\\\/01\\\/09\\\/actividad-industrial-crecio-0-6-en-noviembre-inegi\\\/\",\"url\":\"https:\\\/\\\/www.bbmnoticias.com\\\/actividad-industrial-crecio-0-6-en-noviembre-inegi\\\/\",\"name\":\"Actividad industrial creci\u00f3 0.6% en noviembre: Inegi - LA BRAVA RADIO\",\"isPartOf\":{\"@id\":\"https:\\\/\\\/www.bbmnoticias.com\\\/labravaradiofm\\\/#website\"},\"primaryImageOfPage\":{\"@id\":\"https:\\\/\\\/www.bbmnoticias.com\\\/actividad-industrial-crecio-0-6-en-noviembre-inegi\\\/#primaryimage\"},\"image\":{\"@id\":\"https:\\\/\\\/www.bbmnoticias.com\\\/actividad-industrial-crecio-0-6-en-noviembre-inegi\\\/#primaryimage\"},\"thumbnailUrl\":\"https:\\\/\\\/www.bbmnoticias.com\\\/labravaradiofm\\\/wp-content\\\/uploads\\\/sites\\\/5\\\/2026\\\/01\\\/actividad-industrial-crecio-06-en-noviembre-inegi.webp\",\"datePublished\":\"2026-01-09T14:59:19+00:00\",\"dateModified\":\"2026-01-09T14:59:26+00:00\",\"author\":{\"@id\":\"https:\\\/\\\/www.bbmnoticias.com\\\/labravaradiofm\\\/#\\\/schema\\\/person\\\/000bdaf0a8fb5bff0d537c4d0778e33f\"},\"breadcrumb\":{\"@id\":\"https:\\\/\\\/www.bbmnoticias.com\\\/actividad-industrial-crecio-0-6-en-noviembre-inegi\\\/#breadcrumb\"},\"inLanguage\":\"es\",\"potentialAction\":[{\"@type\":\"ReadAction\",\"target\":[\"https:\\\/\\\/www.bbmnoticias.com\\\/actividad-industrial-crecio-0-6-en-noviembre-inegi\\\/\"]}]},{\"@type\":\"ImageObject\",\"inLanguage\":\"es\",\"@id\":\"https:\\\/\\\/www.bbmnoticias.com\\\/actividad-industrial-crecio-0-6-en-noviembre-inegi\\\/#primaryimage\",\"url\":\"https:\\\/\\\/www.bbmnoticias.com\\\/labravaradiofm\\\/wp-content\\\/uploads\\\/sites\\\/5\\\/2026\\\/01\\\/actividad-industrial-crecio-06-en-noviembre-inegi.webp\",\"contentUrl\":\"https:\\\/\\\/www.bbmnoticias.com\\\/labravaradiofm\\\/wp-content\\\/uploads\\\/sites\\\/5\\\/2026\\\/01\\\/actividad-industrial-crecio-06-en-noviembre-inegi.webp\",\"width\":1200,\"height\":799},{\"@type\":\"BreadcrumbList\",\"@id\":\"https:\\\/\\\/www.bbmnoticias.com\\\/actividad-industrial-crecio-0-6-en-noviembre-inegi\\\/#breadcrumb\",\"itemListElement\":[{\"@type\":\"ListItem\",\"position\":1,\"name\":\"Inicio\",\"item\":\"https:\\\/\\\/www.bbmnoticias.com\\\/labravaradiofm\\\/\"},{\"@type\":\"ListItem\",\"position\":2,\"name\":\"Actividad industrial creci\u00f3 0.6% en noviembre: Inegi\"}]},{\"@type\":\"WebSite\",\"@id\":\"https:\\\/\\\/www.bbmnoticias.com\\\/labravaradiofm\\\/#website\",\"url\":\"https:\\\/\\\/www.bbmnoticias.com\\\/labravaradiofm\\\/\",\"name\":\"LA BRAVA RADIO\",\"description\":\"Empresa productora de medios, Radiodifusi\u00f3n, Noticias, tendencias y todo lo que necesitas saber de la pol\u00edtica mexicana e internacional; entretenimiento, espect\u00e1culos, salud y mucho m\u00e1s.\",\"potentialAction\":[{\"@type\":\"SearchAction\",\"target\":{\"@type\":\"EntryPoint\",\"urlTemplate\":\"https:\\\/\\\/www.bbmnoticias.com\\\/labravaradiofm\\\/?s={search_term_string}\"},\"query-input\":{\"@type\":\"PropertyValueSpecification\",\"valueRequired\":true,\"valueName\":\"search_term_string\"}}],\"inLanguage\":\"es\"},{\"@type\":\"Person\",\"@id\":\"https:\\\/\\\/www.bbmnoticias.com\\\/labravaradiofm\\\/#\\\/schema\\\/person\\\/000bdaf0a8fb5bff0d537c4d0778e33f\",\"name\":\"Agencias\",\"image\":{\"@type\":\"ImageObject\",\"inLanguage\":\"es\",\"@id\":\"https:\\\/\\\/secure.gravatar.com\\\/avatar\\\/739e0b61adf9e398b425c36718c8752286da0e8cd90f20ce9a86678abc26aa0d?s=96&d=mm&r=g\",\"url\":\"https:\\\/\\\/secure.gravatar.com\\\/avatar\\\/739e0b61adf9e398b425c36718c8752286da0e8cd90f20ce9a86678abc26aa0d?s=96&d=mm&r=g\",\"contentUrl\":\"https:\\\/\\\/secure.gravatar.com\\\/avatar\\\/739e0b61adf9e398b425c36718c8752286da0e8cd90f20ce9a86678abc26aa0d?s=96&d=mm&r=g\",\"caption\":\"Agencias\"},\"url\":\"https:\\\/\\\/www.bbmnoticias.com\\\/labravaradiofm\\\/author\\\/agencias\\\/\"}]}<\/script>\n<!-- \/ Yoast SEO plugin. -->","yoast_head_json":{"title":"Actividad industrial creci\u00f3 0.6% en noviembre: Inegi - LA BRAVA RADIO","robots":{"index":"index","follow":"follow","max-snippet":"max-snippet:-1","max-image-preview":"max-image-preview:large","max-video-preview":"max-video-preview:-1"},"canonical":"https:\/\/www.bbmnoticias.com\/actividad-industrial-crecio-0-6-en-noviembre-inegi\/","og_locale":"es_MX","og_type":"article","og_title":"Actividad industrial creci\u00f3 0.6% en noviembre: Inegi - LA BRAVA RADIO","og_description":"La producci\u00f3n industrial avanz\u00f3 0.6 por ciento en noviembre de 2025 respecto a octubre, con lo que sum\u00f3 dos periodos consecutivos de crecimiento, inform\u00f3 este viernes el Instituto Nacional de Estad\u00edstica y Geograf\u00eda (INEGI). Pese al mejor dinamismo del Indicador Mensual de la Actividad Industrial (IMAI), en su variaci\u00f3n anual se observ\u00f3 una ca\u00edda de [&hellip;]","og_url":"https:\/\/www.bbmnoticias.com\/actividad-industrial-crecio-0-6-en-noviembre-inegi\/","og_site_name":"LA BRAVA RADIO","article_published_time":"2026-01-09T14:59:19+00:00","article_modified_time":"2026-01-09T14:59:26+00:00","og_image":[{"width":1200,"height":799,"url":"https:\/\/www.bbmnoticias.com\/labravaradiofm\/wp-content\/uploads\/sites\/5\/2026\/01\/actividad-industrial-crecio-06-en-noviembre-inegi.webp","type":"image\/webp"}],"author":"Agencias","twitter_card":"summary_large_image","twitter_misc":{"Escrito por":"Agencias","Tiempo de lectura":"1 minuto"},"schema":{"@context":"https:\/\/schema.org","@graph":[{"@type":"Article","@id":"https:\/\/www.bbmnoticias.com\/actividad-industrial-crecio-0-6-en-noviembre-inegi\/#article","isPartOf":{"@id":"https:\/\/www.bbmnoticias.com\/labravaradiofm\/2026\/01\/09\/actividad-industrial-crecio-0-6-en-noviembre-inegi\/"},"author":{"name":"Agencias","@id":"https:\/\/www.bbmnoticias.com\/labravaradiofm\/#\/schema\/person\/000bdaf0a8fb5bff0d537c4d0778e33f"},"headline":"Actividad industrial creci\u00f3 0.6% en noviembre: Inegi","datePublished":"2026-01-09T14:59:19+00:00","dateModified":"2026-01-09T14:59:26+00:00","mainEntityOfPage":{"@id":"https:\/\/www.bbmnoticias.com\/labravaradiofm\/2026\/01\/09\/actividad-industrial-crecio-0-6-en-noviembre-inegi\/"},"wordCount":265,"image":{"@id":"https:\/\/www.bbmnoticias.com\/actividad-industrial-crecio-0-6-en-noviembre-inegi\/#primaryimage"},"thumbnailUrl":"https:\/\/www.bbmnoticias.com\/labravaradiofm\/wp-content\/uploads\/sites\/5\/2026\/01\/actividad-industrial-crecio-06-en-noviembre-inegi.webp","articleSection":["LOCAL","NACIONAL"],"inLanguage":"es"},{"@type":"WebPage","@id":"https:\/\/www.bbmnoticias.com\/labravaradiofm\/2026\/01\/09\/actividad-industrial-crecio-0-6-en-noviembre-inegi\/","url":"https:\/\/www.bbmnoticias.com\/actividad-industrial-crecio-0-6-en-noviembre-inegi\/","name":"Actividad industrial creci\u00f3 0.6% en noviembre: Inegi - LA BRAVA RADIO","isPartOf":{"@id":"https:\/\/www.bbmnoticias.com\/labravaradiofm\/#website"},"primaryImageOfPage":{"@id":"https:\/\/www.bbmnoticias.com\/actividad-industrial-crecio-0-6-en-noviembre-inegi\/#primaryimage"},"image":{"@id":"https:\/\/www.bbmnoticias.com\/actividad-industrial-crecio-0-6-en-noviembre-inegi\/#primaryimage"},"thumbnailUrl":"https:\/\/www.bbmnoticias.com\/labravaradiofm\/wp-content\/uploads\/sites\/5\/2026\/01\/actividad-industrial-crecio-06-en-noviembre-inegi.webp","datePublished":"2026-01-09T14:59:19+00:00","dateModified":"2026-01-09T14:59:26+00:00","author":{"@id":"https:\/\/www.bbmnoticias.com\/labravaradiofm\/#\/schema\/person\/000bdaf0a8fb5bff0d537c4d0778e33f"},"breadcrumb":{"@id":"https:\/\/www.bbmnoticias.com\/actividad-industrial-crecio-0-6-en-noviembre-inegi\/#breadcrumb"},"inLanguage":"es","potentialAction":[{"@type":"ReadAction","target":["https:\/\/www.bbmnoticias.com\/actividad-industrial-crecio-0-6-en-noviembre-inegi\/"]}]},{"@type":"ImageObject","inLanguage":"es","@id":"https:\/\/www.bbmnoticias.com\/actividad-industrial-crecio-0-6-en-noviembre-inegi\/#primaryimage","url":"https:\/\/www.bbmnoticias.com\/labravaradiofm\/wp-content\/uploads\/sites\/5\/2026\/01\/actividad-industrial-crecio-06-en-noviembre-inegi.webp","contentUrl":"https:\/\/www.bbmnoticias.com\/labravaradiofm\/wp-content\/uploads\/sites\/5\/2026\/01\/actividad-industrial-crecio-06-en-noviembre-inegi.webp","width":1200,"height":799},{"@type":"BreadcrumbList","@id":"https:\/\/www.bbmnoticias.com\/actividad-industrial-crecio-0-6-en-noviembre-inegi\/#breadcrumb","itemListElement":[{"@type":"ListItem","position":1,"name":"Inicio","item":"https:\/\/www.bbmnoticias.com\/labravaradiofm\/"},{"@type":"ListItem","position":2,"name":"Actividad industrial creci\u00f3 0.6% en noviembre: Inegi"}]},{"@type":"WebSite","@id":"https:\/\/www.bbmnoticias.com\/labravaradiofm\/#website","url":"https:\/\/www.bbmnoticias.com\/labravaradiofm\/","name":"LA BRAVA RADIO","description":"Empresa productora de medios, Radiodifusi\u00f3n, Noticias, tendencias y todo lo que necesitas saber de la pol\u00edtica mexicana e internacional; entretenimiento, espect\u00e1culos, salud y mucho m\u00e1s.","potentialAction":[{"@type":"SearchAction","target":{"@type":"EntryPoint","urlTemplate":"https:\/\/www.bbmnoticias.com\/labravaradiofm\/?s={search_term_string}"},"query-input":{"@type":"PropertyValueSpecification","valueRequired":true,"valueName":"search_term_string"}}],"inLanguage":"es"},{"@type":"Person","@id":"https:\/\/www.bbmnoticias.com\/labravaradiofm\/#\/schema\/person\/000bdaf0a8fb5bff0d537c4d0778e33f","name":"Agencias","image":{"@type":"ImageObject","inLanguage":"es","@id":"https:\/\/secure.gravatar.com\/avatar\/739e0b61adf9e398b425c36718c8752286da0e8cd90f20ce9a86678abc26aa0d?s=96&d=mm&r=g","url":"https:\/\/secure.gravatar.com\/avatar\/739e0b61adf9e398b425c36718c8752286da0e8cd90f20ce9a86678abc26aa0d?s=96&d=mm&r=g","contentUrl":"https:\/\/secure.gravatar.com\/avatar\/739e0b61adf9e398b425c36718c8752286da0e8cd90f20ce9a86678abc26aa0d?s=96&d=mm&r=g","caption":"Agencias"},"url":"https:\/\/www.bbmnoticias.com\/labravaradiofm\/author\/agencias\/"}]}},"_links":{"self":[{"href":"https:\/\/www.bbmnoticias.com\/labravaradiofm\/wp-json\/wp\/v2\/posts\/72426","targetHints":{"allow":["GET"]}}],"collection":[{"href":"https:\/\/www.bbmnoticias.com\/labravaradiofm\/wp-json\/wp\/v2\/posts"}],"about":[{"href":"https:\/\/www.bbmnoticias.com\/labravaradiofm\/wp-json\/wp\/v2\/types\/post"}],"author":[{"embeddable":true,"href":"https:\/\/www.bbmnoticias.com\/labravaradiofm\/wp-json\/wp\/v2\/users\/4"}],"replies":[{"embeddable":true,"href":"https:\/\/www.bbmnoticias.com\/labravaradiofm\/wp-json\/wp\/v2\/comments?post=72426"}],"version-history":[{"count":0,"href":"https:\/\/www.bbmnoticias.com\/labravaradiofm\/wp-json\/wp\/v2\/posts\/72426\/revisions"}],"wp:featuredmedia":[{"embeddable":true,"href":"https:\/\/www.bbmnoticias.com\/labravaradiofm\/wp-json\/wp\/v2\/media\/72428"}],"wp:attachment":[{"href":"https:\/\/www.bbmnoticias.com\/labravaradiofm\/wp-json\/wp\/v2\/media?parent=72426"}],"wp:term":[{"taxonomy":"category","embeddable":true,"href":"https:\/\/www.bbmnoticias.com\/labravaradiofm\/wp-json\/wp\/v2\/categories?post=72426"},{"taxonomy":"post_tag","embeddable":true,"href":"https:\/\/www.bbmnoticias.com\/labravaradiofm\/wp-json\/wp\/v2\/tags?post=72426"}],"curies":[{"name":"wp","href":"https:\/\/api.w.org\/{rel}","templated":true}]}}